{"id":82475,"date":"2023-01-03T13:31:04","date_gmt":"2023-01-03T16:31:04","guid":{"rendered":"https:\/\/regiaonews.net.br\/2022\/?p=82475"},"modified":"2023-01-03T13:31:04","modified_gmt":"2023-01-03T16:31:04","slug":"vereador-ricardo-bodinho-presta-contas-de-acoes-realizadas-no-ultimo-semestre","status":"publish","type":"post","link":"https:\/\/regiaonews.net.br\/2022\/2023\/01\/03\/vereador-ricardo-bodinho-presta-contas-de-acoes-realizadas-no-ultimo-semestre\/","title":{"rendered":"Vereador Ricardo Bodinho presta contas de a\u00e7\u00f5es realizadas no \u00faltimo semestre."},"content":{"rendered":"<h3 style=\"text-align: center;\">Transpar\u00eancia \u00e9 princ\u00edpio e compromisso enquanto parlamentar.<\/h3>\n<p>O vereador Ricardo Rocha &#8220;Bodinho&#8221; (PP) empenha desde o primeiro dia de seu mandato na busca por transpar\u00eancia.<\/p>\n<p>A cada seis meses o vereador presta contas \u00e0 popula\u00e7\u00e3o barretense de suas a\u00e7\u00f5es no Legislativo, atrav\u00e9s de um informativo interativo. O jornalzinho esta na sua quarta edi\u00e7\u00e3o.<\/p>\n<p>At\u00e9 o momento, foram 53 indica\u00e7\u00f5es, 323 requerimentos, 02 propostas de Emenda \u00e0 Lei Org\u00e2nica, 23 Projetos de Lei, 06 Projetos de Lei Complementar, al\u00e9m de emendas parlamentares que resultaram para a compra de 3 ambul\u00e2ncias para o SAMU, 1 ambul\u00e2ncia para a Secretaria de Sa\u00fade, recapeamento asf\u00e1ltico no Bairro Santa Cec\u00edlia, abertura de via p\u00fablica no Bairro S\u00e3o Francisco, ajuda \u00e0s institui\u00e7\u00f5es Lar da Crian\u00e7a e Creche Nossa Casinha, constru\u00e7\u00e3o de biciclet\u00e1rios em Alberto Moreira, constru\u00e7\u00e3o de acervo esportivo no Distrito do Ibitu, entre outros.<\/p>\n<p>Para Bodinho, prestar contas do mandato \u00e9 uma forma de assumir um compromisso com os mun\u00edcipes.<\/p>\n<p>\u201cPrestar contas do meu trabalho \u00e0 popula\u00e7\u00e3o sempre foi um de meus princ\u00edpios como parlamentar. Isso mostra a transpar\u00eancia do meu mandato, que \u00e9 feito para o povo e ao lado do povo&#8221; disse.<\/p>\n<p>Vale ressaltar que Ricardo Bodinho tem um gabinete ativo pelo WhatsApp. Basta enviar mensagem para o n\u00famero (17) 98185-3746.<\/p>\n<p>&#8220;Nosso trabalho continua durante o recesso. Al\u00e9m das minhas redes sociais, tamb\u00e9m tenho um canal de comunica\u00e7\u00e3o direto com o mun\u00edcipe, assim ele se torna participativo atuando juntamente comigo, seja por alguma solicita\u00e7\u00e3o de demanda, melhoria para o seu bairro ou comunidade, e at\u00e9 den\u00fancias contra o Poder P\u00fablico&#8221;, ressaltou Bodinho.<\/p>\n","protected":false},"excerpt":{"rendered":"<p>Transpar\u00eancia \u00e9 princ\u00edpio e compromisso enquanto parlamentar. O vereador Ricardo<\/p>\n","protected":false},"author":2,"featured_media":82476,"comment_status":"open","ping_status":"open","sticky":false,"template":"","format":"standard","meta":{"footnotes":""},"categories":[14,3],"tags":[],"class_list":["post-82475","post","type-post","status-publish","format-standard","has-post-thumbnail","hentry","category-barretos","category-geral"],"yoast_head":"<!-- This site is optimized with the Yoast SEO plugin v27.5 - https:\/\/yoast.com\/product\/yoast-seo-wordpress\/ -->\n<title>Vereador Ricardo Bodinho presta contas de a\u00e7\u00f5es realizadas no \u00faltimo semestre. - Regi\u00e3o News<\/title>\n<meta name=\"robots\" content=\"index, follow, max-snippet:-1, max-image-preview:large, max-video-preview:-1\" \/>\n<link rel=\"canonical\" href=\"https:\/\/regiaonews.net.br\/2022\/2023\/01\/03\/vereador-ricardo-bodinho-presta-contas-de-acoes-realizadas-no-ultimo-semestre\/\" \/>\n<meta property=\"og:locale\" content=\"pt_BR\" \/>\n<meta property=\"og:type\" content=\"article\" \/>\n<meta property=\"og:title\" content=\"Vereador Ricardo Bodinho presta contas de a\u00e7\u00f5es realizadas no \u00faltimo semestre. - Regi\u00e3o News\" \/>\n<meta property=\"og:description\" content=\"Transpar\u00eancia \u00e9 princ\u00edpio e compromisso enquanto parlamentar. O vereador Ricardo\" \/>\n<meta property=\"og:url\" content=\"https:\/\/regiaonews.net.br\/2022\/2023\/01\/03\/vereador-ricardo-bodinho-presta-contas-de-acoes-realizadas-no-ultimo-semestre\/\" \/>\n<meta property=\"og:site_name\" content=\"Regi\u00e3o News\" \/>\n<meta property=\"article:published_time\" content=\"2023-01-03T16:31:04+00:00\" \/>\n<meta property=\"og:image\" content=\"https:\/\/regiaonews.net.br\/2022\/wp-content\/uploads\/2023\/01\/Bodinho-Foto.jpeg\" \/>\n\t<meta property=\"og:image:width\" content=\"549\" \/>\n\t<meta property=\"og:image:height\" content=\"450\" \/>\n\t<meta property=\"og:image:type\" content=\"image\/jpeg\" \/>\n<meta name=\"author\" content=\"Roberto\" \/>\n<meta name=\"twitter:card\" content=\"summary_large_image\" \/>\n<meta name=\"twitter:label1\" content=\"Escrito por\" \/>\n\t<meta name=\"twitter:data1\" content=\"Roberto\" \/>\n\t<meta name=\"twitter:label2\" content=\"Est. tempo de leitura\" \/>\n\t<meta name=\"twitter:data2\" content=\"2 minutos\" \/>\n<script type=\"application\/ld+json\" class=\"yoast-schema-graph\">{\"@context\":\"https:\\\/\\\/schema.org\",\"@graph\":[{\"@type\":\"Article\",\"@id\":\"https:\\\/\\\/regiaonews.net.br\\\/2022\\\/2023\\\/01\\\/03\\\/vereador-ricardo-bodinho-presta-contas-de-acoes-realizadas-no-ultimo-semestre\\\/#article\",\"isPartOf\":{\"@id\":\"https:\\\/\\\/regiaonews.net.br\\\/2022\\\/2023\\\/01\\\/03\\\/vereador-ricardo-bodinho-presta-contas-de-acoes-realizadas-no-ultimo-semestre\\\/\"},\"author\":{\"name\":\"Roberto\",\"@id\":\"https:\\\/\\\/regiaonews.net.br\\\/2022\\\/#\\\/schema\\\/person\\\/2d205a608a5aa97ac279d7a5e6d89ad8\"},\"headline\":\"Vereador Ricardo Bodinho presta contas de a\u00e7\u00f5es realizadas no \u00faltimo semestre.\",\"datePublished\":\"2023-01-03T16:31:04+00:00\",\"mainEntityOfPage\":{\"@id\":\"https:\\\/\\\/regiaonews.net.br\\\/2022\\\/2023\\\/01\\\/03\\\/vereador-ricardo-bodinho-presta-contas-de-acoes-realizadas-no-ultimo-semestre\\\/\"},\"wordCount\":291,\"commentCount\":0,\"publisher\":{\"@id\":\"https:\\\/\\\/regiaonews.net.br\\\/2022\\\/#organization\"},\"image\":{\"@id\":\"https:\\\/\\\/regiaonews.net.br\\\/2022\\\/2023\\\/01\\\/03\\\/vereador-ricardo-bodinho-presta-contas-de-acoes-realizadas-no-ultimo-semestre\\\/#primaryimage\"},\"thumbnailUrl\":\"https:\\\/\\\/regiaonews.net.br\\\/2022\\\/wp-content\\\/uploads\\\/2023\\\/01\\\/Bodinho-Foto.jpeg\",\"articleSection\":[\"Barretos\",\"Geral\"],\"inLanguage\":\"pt-BR\",\"potentialAction\":[{\"@type\":\"CommentAction\",\"name\":\"Comment\",\"target\":[\"https:\\\/\\\/regiaonews.net.br\\\/2022\\\/2023\\\/01\\\/03\\\/vereador-ricardo-bodinho-presta-contas-de-acoes-realizadas-no-ultimo-semestre\\\/#respond\"]}]},{\"@type\":\"WebPage\",\"@id\":\"https:\\\/\\\/regiaonews.net.br\\\/2022\\\/2023\\\/01\\\/03\\\/vereador-ricardo-bodinho-presta-contas-de-acoes-realizadas-no-ultimo-semestre\\\/\",\"url\":\"https:\\\/\\\/regiaonews.net.br\\\/2022\\\/2023\\\/01\\\/03\\\/vereador-ricardo-bodinho-presta-contas-de-acoes-realizadas-no-ultimo-semestre\\\/\",\"name\":\"Vereador Ricardo Bodinho presta contas de a\u00e7\u00f5es realizadas no \u00faltimo semestre. - Regi\u00e3o News\",\"isPartOf\":{\"@id\":\"https:\\\/\\\/regiaonews.net.br\\\/2022\\\/#website\"},\"primaryImageOfPage\":{\"@id\":\"https:\\\/\\\/regiaonews.net.br\\\/2022\\\/2023\\\/01\\\/03\\\/vereador-ricardo-bodinho-presta-contas-de-acoes-realizadas-no-ultimo-semestre\\\/#primaryimage\"},\"image\":{\"@id\":\"https:\\\/\\\/regiaonews.net.br\\\/2022\\\/2023\\\/01\\\/03\\\/vereador-ricardo-bodinho-presta-contas-de-acoes-realizadas-no-ultimo-semestre\\\/#primaryimage\"},\"thumbnailUrl\":\"https:\\\/\\\/regiaonews.net.br\\\/2022\\\/wp-content\\\/uploads\\\/2023\\\/01\\\/Bodinho-Foto.jpeg\",\"datePublished\":\"2023-01-03T16:31:04+00:00\",\"breadcrumb\":{\"@id\":\"https:\\\/\\\/regiaonews.net.br\\\/2022\\\/2023\\\/01\\\/03\\\/vereador-ricardo-bodinho-presta-contas-de-acoes-realizadas-no-ultimo-semestre\\\/#breadcrumb\"},\"inLanguage\":\"pt-BR\",\"potentialAction\":[{\"@type\":\"ReadAction\",\"target\":[\"https:\\\/\\\/regiaonews.net.br\\\/2022\\\/2023\\\/01\\\/03\\\/vereador-ricardo-bodinho-presta-contas-de-acoes-realizadas-no-ultimo-semestre\\\/\"]}]},{\"@type\":\"ImageObject\",\"inLanguage\":\"pt-BR\",\"@id\":\"https:\\\/\\\/regiaonews.net.br\\\/2022\\\/2023\\\/01\\\/03\\\/vereador-ricardo-bodinho-presta-contas-de-acoes-realizadas-no-ultimo-semestre\\\/#primaryimage\",\"url\":\"https:\\\/\\\/regiaonews.net.br\\\/2022\\\/wp-content\\\/uploads\\\/2023\\\/01\\\/Bodinho-Foto.jpeg\",\"contentUrl\":\"https:\\\/\\\/regiaonews.net.br\\\/2022\\\/wp-content\\\/uploads\\\/2023\\\/01\\\/Bodinho-Foto.jpeg\",\"width\":549,\"height\":450},{\"@type\":\"BreadcrumbList\",\"@id\":\"https:\\\/\\\/regiaonews.net.br\\\/2022\\\/2023\\\/01\\\/03\\\/vereador-ricardo-bodinho-presta-contas-de-acoes-realizadas-no-ultimo-semestre\\\/#breadcrumb\",\"itemListElement\":[{\"@type\":\"ListItem\",\"position\":1,\"name\":\"In\u00edcio\",\"item\":\"https:\\\/\\\/regiaonews.net.br\\\/2022\\\/\"},{\"@type\":\"ListItem\",\"position\":2,\"name\":\"Vereador Ricardo Bodinho presta contas de a\u00e7\u00f5es realizadas no \u00faltimo semestre.\"}]},{\"@type\":\"WebSite\",\"@id\":\"https:\\\/\\\/regiaonews.net.br\\\/2022\\\/#website\",\"url\":\"https:\\\/\\\/regiaonews.net.br\\\/2022\\\/\",\"name\":\"Regi\u00e3o News\",\"description\":\"Site de Not\u00edcias de Barretos e regi\u00e3o\",\"publisher\":{\"@id\":\"https:\\\/\\\/regiaonews.net.br\\\/2022\\\/#organization\"},\"potentialAction\":[{\"@type\":\"SearchAction\",\"target\":{\"@type\":\"EntryPoint\",\"urlTemplate\":\"https:\\\/\\\/regiaonews.net.br\\\/2022\\\/?s={search_term_string}\"},\"query-input\":{\"@type\":\"PropertyValueSpecification\",\"valueRequired\":true,\"valueName\":\"search_term_string\"}}],\"inLanguage\":\"pt-BR\"},{\"@type\":\"Organization\",\"@id\":\"https:\\\/\\\/regiaonews.net.br\\\/2022\\\/#organization\",\"name\":\"Regi\u00e3o News\",\"url\":\"https:\\\/\\\/regiaonews.net.br\\\/2022\\\/\",\"logo\":{\"@type\":\"ImageObject\",\"inLanguage\":\"pt-BR\",\"@id\":\"https:\\\/\\\/regiaonews.net.br\\\/2022\\\/#\\\/schema\\\/logo\\\/image\\\/\",\"url\":\"https:\\\/\\\/regiaonews.net.br\\\/2022\\\/wp-content\\\/uploads\\\/2026\\\/03\\\/regiao-13-anos-scaled.jpg\",\"contentUrl\":\"https:\\\/\\\/regiaonews.net.br\\\/2022\\\/wp-content\\\/uploads\\\/2026\\\/03\\\/regiao-13-anos-scaled.jpg\",\"width\":2560,\"height\":635,\"caption\":\"Regi\u00e3o News\"},\"image\":{\"@id\":\"https:\\\/\\\/regiaonews.net.br\\\/2022\\\/#\\\/schema\\\/logo\\\/image\\\/\"}},{\"@type\":\"Person\",\"@id\":\"https:\\\/\\\/regiaonews.net.br\\\/2022\\\/#\\\/schema\\\/person\\\/2d205a608a5aa97ac279d7a5e6d89ad8\",\"name\":\"Roberto\",\"image\":{\"@type\":\"ImageObject\",\"inLanguage\":\"pt-BR\",\"@id\":\"https:\\\/\\\/secure.gravatar.com\\\/avatar\\\/42749d8b712ff9d59ca93dc150494e5b55a44134482993f5baeb97e61b7ecc89?s=96&d=mm&r=g\",\"url\":\"https:\\\/\\\/secure.gravatar.com\\\/avatar\\\/42749d8b712ff9d59ca93dc150494e5b55a44134482993f5baeb97e61b7ecc89?s=96&d=mm&r=g\",\"contentUrl\":\"https:\\\/\\\/secure.gravatar.com\\\/avatar\\\/42749d8b712ff9d59ca93dc150494e5b55a44134482993f5baeb97e61b7ecc89?s=96&d=mm&r=g\",\"caption\":\"Roberto\"},\"url\":\"https:\\\/\\\/regiaonews.net.br\\\/2022\\\/author\\\/roberto\\\/\"}]}<\/script>\n<!-- \/ Yoast SEO plugin. -->","yoast_head_json":{"title":"Vereador Ricardo Bodinho presta contas de a\u00e7\u00f5es realizadas no \u00faltimo semestre. - Regi\u00e3o News","robots":{"index":"index","follow":"follow","max-snippet":"max-snippet:-1","max-image-preview":"max-image-preview:large","max-video-preview":"max-video-preview:-1"},"canonical":"https:\/\/regiaonews.net.br\/2022\/2023\/01\/03\/vereador-ricardo-bodinho-presta-contas-de-acoes-realizadas-no-ultimo-semestre\/","og_locale":"pt_BR","og_type":"article","og_title":"Vereador Ricardo Bodinho presta contas de a\u00e7\u00f5es realizadas no \u00faltimo semestre. - Regi\u00e3o News","og_description":"Transpar\u00eancia \u00e9 princ\u00edpio e compromisso enquanto parlamentar. O vereador Ricardo","og_url":"https:\/\/regiaonews.net.br\/2022\/2023\/01\/03\/vereador-ricardo-bodinho-presta-contas-de-acoes-realizadas-no-ultimo-semestre\/","og_site_name":"Regi\u00e3o News","article_published_time":"2023-01-03T16:31:04+00:00","og_image":[{"width":549,"height":450,"url":"https:\/\/regiaonews.net.br\/2022\/wp-content\/uploads\/2023\/01\/Bodinho-Foto.jpeg","type":"image\/jpeg"}],"author":"Roberto","twitter_card":"summary_large_image","twitter_misc":{"Escrito por":"Roberto","Est. tempo de leitura":"2 minutos"},"schema":{"@context":"https:\/\/schema.org","@graph":[{"@type":"Article","@id":"https:\/\/regiaonews.net.br\/2022\/2023\/01\/03\/vereador-ricardo-bodinho-presta-contas-de-acoes-realizadas-no-ultimo-semestre\/#article","isPartOf":{"@id":"https:\/\/regiaonews.net.br\/2022\/2023\/01\/03\/vereador-ricardo-bodinho-presta-contas-de-acoes-realizadas-no-ultimo-semestre\/"},"author":{"name":"Roberto","@id":"https:\/\/regiaonews.net.br\/2022\/#\/schema\/person\/2d205a608a5aa97ac279d7a5e6d89ad8"},"headline":"Vereador Ricardo Bodinho presta contas de a\u00e7\u00f5es realizadas no \u00faltimo semestre.","datePublished":"2023-01-03T16:31:04+00:00","mainEntityOfPage":{"@id":"https:\/\/regiaonews.net.br\/2022\/2023\/01\/03\/vereador-ricardo-bodinho-presta-contas-de-acoes-realizadas-no-ultimo-semestre\/"},"wordCount":291,"commentCount":0,"publisher":{"@id":"https:\/\/regiaonews.net.br\/2022\/#organization"},"image":{"@id":"https:\/\/regiaonews.net.br\/2022\/2023\/01\/03\/vereador-ricardo-bodinho-presta-contas-de-acoes-realizadas-no-ultimo-semestre\/#primaryimage"},"thumbnailUrl":"https:\/\/regiaonews.net.br\/2022\/wp-content\/uploads\/2023\/01\/Bodinho-Foto.jpeg","articleSection":["Barretos","Geral"],"inLanguage":"pt-BR","potentialAction":[{"@type":"CommentAction","name":"Comment","target":["https:\/\/regiaonews.net.br\/2022\/2023\/01\/03\/vereador-ricardo-bodinho-presta-contas-de-acoes-realizadas-no-ultimo-semestre\/#respond"]}]},{"@type":"WebPage","@id":"https:\/\/regiaonews.net.br\/2022\/2023\/01\/03\/vereador-ricardo-bodinho-presta-contas-de-acoes-realizadas-no-ultimo-semestre\/","url":"https:\/\/regiaonews.net.br\/2022\/2023\/01\/03\/vereador-ricardo-bodinho-presta-contas-de-acoes-realizadas-no-ultimo-semestre\/","name":"Vereador Ricardo Bodinho presta contas de a\u00e7\u00f5es realizadas no \u00faltimo semestre. - Regi\u00e3o News","isPartOf":{"@id":"https:\/\/regiaonews.net.br\/2022\/#website"},"primaryImageOfPage":{"@id":"https:\/\/regiaonews.net.br\/2022\/2023\/01\/03\/vereador-ricardo-bodinho-presta-contas-de-acoes-realizadas-no-ultimo-semestre\/#primaryimage"},"image":{"@id":"https:\/\/regiaonews.net.br\/2022\/2023\/01\/03\/vereador-ricardo-bodinho-presta-contas-de-acoes-realizadas-no-ultimo-semestre\/#primaryimage"},"thumbnailUrl":"https:\/\/regiaonews.net.br\/2022\/wp-content\/uploads\/2023\/01\/Bodinho-Foto.jpeg","datePublished":"2023-01-03T16:31:04+00:00","breadcrumb":{"@id":"https:\/\/regiaonews.net.br\/2022\/2023\/01\/03\/vereador-ricardo-bodinho-presta-contas-de-acoes-realizadas-no-ultimo-semestre\/#breadcrumb"},"inLanguage":"pt-BR","potentialAction":[{"@type":"ReadAction","target":["https:\/\/regiaonews.net.br\/2022\/2023\/01\/03\/vereador-ricardo-bodinho-presta-contas-de-acoes-realizadas-no-ultimo-semestre\/"]}]},{"@type":"ImageObject","inLanguage":"pt-BR","@id":"https:\/\/regiaonews.net.br\/2022\/2023\/01\/03\/vereador-ricardo-bodinho-presta-contas-de-acoes-realizadas-no-ultimo-semestre\/#primaryimage","url":"https:\/\/regiaonews.net.br\/2022\/wp-content\/uploads\/2023\/01\/Bodinho-Foto.jpeg","contentUrl":"https:\/\/regiaonews.net.br\/2022\/wp-content\/uploads\/2023\/01\/Bodinho-Foto.jpeg","width":549,"height":450},{"@type":"BreadcrumbList","@id":"https:\/\/regiaonews.net.br\/2022\/2023\/01\/03\/vereador-ricardo-bodinho-presta-contas-de-acoes-realizadas-no-ultimo-semestre\/#breadcrumb","itemListElement":[{"@type":"ListItem","position":1,"name":"In\u00edcio","item":"https:\/\/regiaonews.net.br\/2022\/"},{"@type":"ListItem","position":2,"name":"Vereador Ricardo Bodinho presta contas de a\u00e7\u00f5es realizadas no \u00faltimo semestre."}]},{"@type":"WebSite","@id":"https:\/\/regiaonews.net.br\/2022\/#website","url":"https:\/\/regiaonews.net.br\/2022\/","name":"Regi\u00e3o News","description":"Site de Not\u00edcias de Barretos e regi\u00e3o","publisher":{"@id":"https:\/\/regiaonews.net.br\/2022\/#organization"},"potentialAction":[{"@type":"SearchAction","target":{"@type":"EntryPoint","urlTemplate":"https:\/\/regiaonews.net.br\/2022\/?s={search_term_string}"},"query-input":{"@type":"PropertyValueSpecification","valueRequired":true,"valueName":"search_term_string"}}],"inLanguage":"pt-BR"},{"@type":"Organization","@id":"https:\/\/regiaonews.net.br\/2022\/#organization","name":"Regi\u00e3o News","url":"https:\/\/regiaonews.net.br\/2022\/","logo":{"@type":"ImageObject","inLanguage":"pt-BR","@id":"https:\/\/regiaonews.net.br\/2022\/#\/schema\/logo\/image\/","url":"https:\/\/regiaonews.net.br\/2022\/wp-content\/uploads\/2026\/03\/regiao-13-anos-scaled.jpg","contentUrl":"https:\/\/regiaonews.net.br\/2022\/wp-content\/uploads\/2026\/03\/regiao-13-anos-scaled.jpg","width":2560,"height":635,"caption":"Regi\u00e3o News"},"image":{"@id":"https:\/\/regiaonews.net.br\/2022\/#\/schema\/logo\/image\/"}},{"@type":"Person","@id":"https:\/\/regiaonews.net.br\/2022\/#\/schema\/person\/2d205a608a5aa97ac279d7a5e6d89ad8","name":"Roberto","image":{"@type":"ImageObject","inLanguage":"pt-BR","@id":"https:\/\/secure.gravatar.com\/avatar\/42749d8b712ff9d59ca93dc150494e5b55a44134482993f5baeb97e61b7ecc89?s=96&d=mm&r=g","url":"https:\/\/secure.gravatar.com\/avatar\/42749d8b712ff9d59ca93dc150494e5b55a44134482993f5baeb97e61b7ecc89?s=96&d=mm&r=g","contentUrl":"https:\/\/secure.gravatar.com\/avatar\/42749d8b712ff9d59ca93dc150494e5b55a44134482993f5baeb97e61b7ecc89?s=96&d=mm&r=g","caption":"Roberto"},"url":"https:\/\/regiaonews.net.br\/2022\/author\/roberto\/"}]}},"publishpress_future_action":{"enabled":false,"date":"2026-05-09 07:37:30","action":"change-status","newStatus":"draft","terms":[],"taxonomy":"category","extraData":[]},"publishpress_future_workflow_manual_trigger":{"enabledWorkflows":[]},"_links":{"self":[{"href":"https:\/\/regiaonews.net.br\/2022\/wp-json\/wp\/v2\/posts\/82475","targetHints":{"allow":["GET"]}}],"collection":[{"href":"https:\/\/regiaonews.net.br\/2022\/wp-json\/wp\/v2\/posts"}],"about":[{"href":"https:\/\/regiaonews.net.br\/2022\/wp-json\/wp\/v2\/types\/post"}],"author":[{"embeddable":true,"href":"https:\/\/regiaonews.net.br\/2022\/wp-json\/wp\/v2\/users\/2"}],"replies":[{"embeddable":true,"href":"https:\/\/regiaonews.net.br\/2022\/wp-json\/wp\/v2\/comments?post=82475"}],"version-history":[{"count":1,"href":"https:\/\/regiaonews.net.br\/2022\/wp-json\/wp\/v2\/posts\/82475\/revisions"}],"predecessor-version":[{"id":82477,"href":"https:\/\/regiaonews.net.br\/2022\/wp-json\/wp\/v2\/posts\/82475\/revisions\/82477"}],"wp:featuredmedia":[{"embeddable":true,"href":"https:\/\/regiaonews.net.br\/2022\/wp-json\/wp\/v2\/media\/82476"}],"wp:attachment":[{"href":"https:\/\/regiaonews.net.br\/2022\/wp-json\/wp\/v2\/media?parent=82475"}],"wp:term":[{"taxonomy":"category","embeddable":true,"href":"https:\/\/regiaonews.net.br\/2022\/wp-json\/wp\/v2\/categories?post=82475"},{"taxonomy":"post_tag","embeddable":true,"href":"https:\/\/regiaonews.net.br\/2022\/wp-json\/wp\/v2\/tags?post=82475"}],"curies":[{"name":"wp","href":"https:\/\/api.w.org\/{rel}","templated":true}]}}