{"id":82468,"date":"2023-01-03T11:20:56","date_gmt":"2023-01-03T14:20:56","guid":{"rendered":"https:\/\/regiaonews.net.br\/2022\/?p=82468"},"modified":"2023-01-03T11:20:56","modified_gmt":"2023-01-03T14:20:56","slug":"corrida-de-rua-que-acontece-no-feriado-do-aniversario-de-sao-paulo-dara-r-4-mil-ao-primeiro-colocado","status":"publish","type":"post","link":"https:\/\/regiaonews.net.br\/2022\/2023\/01\/03\/corrida-de-rua-que-acontece-no-feriado-do-aniversario-de-sao-paulo-dara-r-4-mil-ao-primeiro-colocado\/","title":{"rendered":"Corrida de rua que acontece no feriado do anivers\u00e1rio de S\u00e3o Paulo dar\u00e1 R$ 4 mil ao primeiro colocado"},"content":{"rendered":"<h3 style=\"text-align: center;\"><i>O XXV Trof\u00e9u Cidade de S\u00e3o Paulo Taunsa Group acontece \u00e0s 7h, pelos arredores do Parque do Ibirapuera, e abre as comemora\u00e7\u00f5es do anivers\u00e1rio de S\u00e3o Paulo.<\/i><\/h3>\n<p>Acontece em 25 de janeiro, quarta-feira, o XXV Trof\u00e9u Cidade de S\u00e3o Paulo. A tradicional corrida de rua que abre as festividades do anivers\u00e1rio da capital traz uma grande novidade para esta edi\u00e7\u00e3o: o pr\u00eamio de R$ 4 mil reais ao primeiro colocado da categoria 10km, tanto masculino quanto para o feminino.<\/p>\n<p>O evento, que percorre os arredores do Parque do Ibirapuera, come\u00e7a \u00e0s 7h e re\u00fane 10 mil pessoas, \u00e9 uma realiza\u00e7\u00e3o da JJS Eventos, do bicampe\u00e3o da S\u00e3o Silvestre, Jos\u00e9 Jo\u00e3o da Silva, e seu s\u00f3cio Renato Elias.<\/p>\n<p>As inscri\u00e7\u00f5es abertas para a Corrida 6,1km, Corrida 10km e Corrida Especial 10km t\u00eam o valor de R$ 120,00 e podem ser realizadas pelas plataformas e apps\u00a0<a href=\"https:\/\/www.ativo.com\/calendario\/eventos\/america-do-sul\/br\/sp\/sao-paulo\/corrida-de-rua\/38345\/xxv-trofeu-cidade-de-sao-paulo-10-km\/\" target=\"_blank\" rel=\"noopener\" data-saferedirecturl=\"https:\/\/www.google.com\/url?q=https:\/\/www.ativo.com\/calendario\/eventos\/america-do-sul\/br\/sp\/sao-paulo\/corrida-de-rua\/38345\/xxv-trofeu-cidade-de-sao-paulo-10-km\/&amp;source=gmail&amp;ust=1672842002120000&amp;usg=AOvVaw2xcGS6_odJ9cuFRdMQZB0a\">Ativo<\/a>,\u00a0<a href=\"https:\/\/minhasinscricoes.com.br\/Evento\/XXVTrofeudeSaoPaulo10km\" target=\"_blank\" rel=\"noopener\" data-saferedirecturl=\"https:\/\/www.google.com\/url?q=https:\/\/minhasinscricoes.com.br\/Evento\/XXVTrofeudeSaoPaulo10km&amp;source=gmail&amp;ust=1672842002120000&amp;usg=AOvVaw2JXYjVMSzKS2Sfgl0298rH\">Minhas Inscri\u00e7\u00f5es<\/a>\u00a0e\u00a0<a href=\"https:\/\/www.ticketsports.com.br\/e\/xxv-trofu-cidade-de-so-paulo-10-km-33617\" target=\"_blank\" rel=\"noopener\" data-saferedirecturl=\"https:\/\/www.google.com\/url?q=https:\/\/www.ticketsports.com.br\/e\/xxv-trofu-cidade-de-so-paulo-10-km-33617&amp;source=gmail&amp;ust=1672842002121000&amp;usg=AOvVaw1Hyr6ZlaaOnN_OIFHX6S2B\">Ticket Agora<\/a><\/p>\n<p>As premia\u00e7\u00f5es ser\u00e3o Corrida Especial 10 Km: Trof\u00e9u para o primeiro colocado masculino e feminino por modalidade Categoria Corrida Especial 10Km (Cadeirantes, Def. Visual, Membro Inferior e Superior, Auditivo e Intelectual); Corrida 6,1 Km: Trof\u00e9u para primeiro colocado masculino e feminino Corrida 6,1 Km e para a Corrida 10 Km: Trof\u00e9u para os cinco primeiros colocados masculinos e femininos Corrida Geral 10 Km e Premia\u00e7\u00e3o de:<\/p>\n<ul>\n<li>Corrida Especial 10 Km: Trof\u00e9u para o primeiro colocado masculino e feminino por modalidade Categoria Corrida Especial 10Km (Cadeirantes, Def. Visual, Membro Inferior e Superior, Auditivo e Intelectual);<\/li>\n<\/ul>\n<ul>\n<li>Corrida 10 Km: Trof\u00e9u para os cinco primeiros colocados masculinos e femininos Corrida Geral 10 Km e Premia\u00e7\u00e3o bruta, atrav\u00e9s de deposito em conta corrente at\u00e9 75 dias ap\u00f3s o Evento:<\/li>\n<\/ul>\n<p>R$ 4.000,00 (Quatro mil reais) &#8211; Primeiro Colocado Masculino e Feminino<\/p>\n<p>R$ 2.400,00 (Dois mil e quatrocentos reais) &#8211; Segundo Colocado Masculino e Feminino<\/p>\n<p>R$ 1.000,00 (mil reais) &#8211; Terceiro Colocado Masculino e Feminino<\/p>\n<p>R$ 500,00 (Quinhentos reais) &#8211; Quarto Colocado Masculino e Feminino<\/p>\n<p>R$ 400,00 (Quatrocentos reais) &#8211; Quinto Colocado Masculino e Feminino<\/p>\n<p>&nbsp;<\/p>\n<ul>\n<li>Corrida 6,1 Km: Trof\u00e9u para primeiro colocado masculino e feminino Corrida 6,1 Km<\/li>\n<\/ul>\n<p>O XXV Trof\u00e9u Cidade de S\u00e3o Paulo Taunsa Group \u00e9 uma realiza\u00e7\u00e3o da JJS Eventos e conta com o patroc\u00ednio master da Taunsa Group, patroc\u00ednio do Grupo P\u00e3o de A\u00e7\u00facar e Associa\u00e7\u00e3o Comercial de S\u00e3o Paulo, copatroc\u00ednio da Sabesp\/Governo do Estado de S\u00e3o Paulo, apoio da Marba, Montevergine e Paragua\u00e7u Participa\u00e7\u00f5es, apoio oficial da Prefeitura Municipal de S\u00e3o Paulo e da Federa\u00e7\u00e3o Paulista de Atletismo.<\/p>\n<p>Para mais informa\u00e7\u00f5es e regulamento, acesse\u00a0<a href=\"https:\/\/www.trofeucidadedesaopaulo.com.br\/\" target=\"_blank\" rel=\"noopener\" data-saferedirecturl=\"https:\/\/www.google.com\/url?q=https:\/\/www.trofeucidadedesaopaulo.com.br&amp;source=gmail&amp;ust=1672842002121000&amp;usg=AOvVaw0ufQbrBVNnJqLg9Q80sGBI\">https:\/\/www.<wbr \/>trofeucidadedesaopaulo.com.br<\/a><\/p>\n<p>&nbsp;<\/p>\n<p><strong>Programa\u00e7\u00e3o XXV Trof\u00e9u Cidade de S\u00e3o Paulo<\/strong><\/p>\n<p><strong>Dias 22 e 23\/01\/2023 &#8211; Entrega Kit Participa\u00e7\u00e3o (domingo e segunda-feira)<\/strong><\/p>\n<p><strong>HOR\u00c1RIO:\u00a0<\/strong>10h \u00e0s 18h<\/p>\n<p><strong>LOCAL:\u00a0<\/strong>Loja P\u00e3o de A\u00e7\u00facar A. Ricardo Jafet &#8211; Endere\u00e7o: Endere\u00e7o: Rua Prof. Serafim Orlandi, 299 &#8211; Vila Mariana &#8211; SP &#8211; CEP:04115-090<\/p>\n<p><strong>\u00a0<\/strong><\/p>\n<p><em>A entrega ser\u00e1 apenas nestes dias. N\u00e3o haver\u00e1 nos dias 24 (v\u00e9spera) e nem no pr\u00f3prio dia da prova.<\/em><\/p>\n<p>&nbsp;<\/p>\n<p><strong>Data do evento:25\/01\/2023 (Quarta-Feira-Feriado)<\/strong><\/p>\n<p>Hor\u00e1rio: 7h<\/p>\n<p>Local: Pq. Ibirapuera &#8211; Obelisco<\/p>\n<p>Limitada a 10.000 participantes<\/p>\n<p>Medalha alusiva ao Evento a todos que conclu\u00edrem a Prova<\/p>\n<p>Camiseta para todos os participantes na retirada do Kit Participa\u00e7\u00e3o<\/p>\n<p>Cronometragem por chip para a Corrida 10 Km, Especial 10Km e Corrida 6,1Km<\/p>\n<p>&nbsp;<\/p>\n<p>Valores das Inscri\u00e7\u00f5es:<\/p>\n<p>Valor Total da Inscri\u00e7\u00e3o= Valor da Inscri\u00e7\u00e3o (*) + Taxa online (**)<\/p>\n<p>(*) Valor da Inscri\u00e7\u00e3o:<\/p>\n<p>De 01\/01\/2023 at\u00e9 20\/01\/2023 &#8211; R$ 120,00 (Cento e vinte)<\/p>\n<p>A-P\u00fablico Geral: (*) Valor da Inscri\u00e7\u00e3o +\u00a0 taxa online(**)<\/p>\n<p>At\u00e9 30\/09\/2022- R$ 110,00 (Cento e dez reais) +\u00a0 taxa online(**)<\/p>\n<p>De 01\/10\/2022 at\u00e9 31\/12\/2022 &#8211; R$ 115,00 (Cento e quinze reais) +\u00a0 taxa online(**)<\/p>\n<p>De 01\/01\/2023 at\u00e9 20\/01\/2023 &#8211; R$ 120,00 (Cento e vinte reais) +\u00a0 taxa online(**)<\/p>\n<p>&nbsp;<\/p>\n<p>B- Participante com 60 ou mais anos (Data base 31\/12\/2023): Valor Total da Inscri\u00e7\u00e3o (a ser pago) = Valor da Inscri\u00e7\u00e3o(*) (50% de desconto) + Valor da taxa online(**)<\/p>\n<p>At\u00e9 31\/12\/2022 \u2013R$ 57,50 (Cinquenta e sete reais e cinquenta centavos) +\u00a0 taxa online(**)<\/p>\n<p>De 01\/01\/2023 at\u00e9 20\/01\/2023 &#8211; R$ 60,00 (Sessenta reais +\u00a0 taxa online(**)<\/p>\n<p>&nbsp;<\/p>\n<p>C- Participante da Corrida Especial 10 Km: Gratuita (Vagas Limitadas)<\/p>\n<p>D- Equipes, T\u00e9cnicos, Assessorias \u2013 Dever\u00e3o entrar em contato com a Organiza\u00e7\u00e3o pelo fone: 11-5531-0200 \/11-5041-4598.<\/p>\n<p>&nbsp;<\/p>\n<p>Inscri\u00e7\u00f5es para Grupo no m\u00ednimo de 10 participantes.<\/p>\n<p>Inscri\u00e7\u00f5es dever\u00e3o ser realizadas diretamente com a Organiza\u00e7\u00e3o. Valores inscri\u00e7\u00f5es:<\/p>\n<p>De 01\/01\/2023 at\u00e9 15\/01\/2023 &#8211; R$ 110,00 (Cento e dez reais)<\/p>\n<p>&nbsp;<\/p>\n<p>Ingressos \u00e0 venda:\u00a0<a href=\"https:\/\/www.ativo.com\/calendario\/eventos\/america-do-sul\/br\/sp\/sao-paulo\/corrida-de-rua\/38345\/xxv-trofeu-cidade-de-sao-paulo-10-km\/\" target=\"_blank\" rel=\"noopener\" data-saferedirecturl=\"https:\/\/www.google.com\/url?q=https:\/\/www.ativo.com\/calendario\/eventos\/america-do-sul\/br\/sp\/sao-paulo\/corrida-de-rua\/38345\/xxv-trofeu-cidade-de-sao-paulo-10-km\/&amp;source=gmail&amp;ust=1672842002121000&amp;usg=AOvVaw0N6TWadhplInWf55U0J3hU\">Ativo<\/a>,\u00a0<a href=\"https:\/\/minhasinscricoes.com.br\/Evento\/XXVTrofeudeSaoPaulo10km\" target=\"_blank\" rel=\"noopener\" data-saferedirecturl=\"https:\/\/www.google.com\/url?q=https:\/\/minhasinscricoes.com.br\/Evento\/XXVTrofeudeSaoPaulo10km&amp;source=gmail&amp;ust=1672842002121000&amp;usg=AOvVaw0pn0ESaYP_J-xSCdTaNSL7\">Minhas Inscri\u00e7\u00f5es<\/a>\u00a0e\u00a0<a href=\"https:\/\/www.ticketsports.com.br\/e\/xxv-trofu-cidade-de-so-paulo-10-km-33617\" target=\"_blank\" rel=\"noopener\" data-saferedirecturl=\"https:\/\/www.google.com\/url?q=https:\/\/www.ticketsports.com.br\/e\/xxv-trofu-cidade-de-so-paulo-10-km-33617&amp;source=gmail&amp;ust=1672842002121000&amp;usg=AOvVaw1Hyr6ZlaaOnN_OIFHX6S2B\">Ticket Agora<\/a><\/p>\n<div><\/div>\n","protected":false},"excerpt":{"rendered":"<p>O XXV Trof\u00e9u Cidade de S\u00e3o Paulo Taunsa Group acontece<\/p>\n","protected":false},"author":2,"featured_media":82469,"comment_status":"open","ping_status":"open","sticky":false,"template":"","format":"standard","meta":{"footnotes":""},"categories":[21,3],"tags":[],"class_list":["post-82468","post","type-post","status-publish","format-standard","has-post-thumbnail","hentry","category-esporte","category-geral"],"yoast_head":"<!-- This site is optimized with the Yoast SEO plugin v27.5 - https:\/\/yoast.com\/product\/yoast-seo-wordpress\/ -->\n<title>Corrida de rua que acontece no feriado do anivers\u00e1rio de S\u00e3o Paulo dar\u00e1 R$ 4 mil ao primeiro colocado - Regi\u00e3o News<\/title>\n<meta name=\"robots\" content=\"index, follow, max-snippet:-1, max-image-preview:large, max-video-preview:-1\" \/>\n<link rel=\"canonical\" href=\"https:\/\/regiaonews.net.br\/2022\/2023\/01\/03\/corrida-de-rua-que-acontece-no-feriado-do-aniversario-de-sao-paulo-dara-r-4-mil-ao-primeiro-colocado\/\" \/>\n<meta property=\"og:locale\" content=\"pt_BR\" \/>\n<meta property=\"og:type\" content=\"article\" \/>\n<meta property=\"og:title\" content=\"Corrida de rua que acontece no feriado do anivers\u00e1rio de S\u00e3o Paulo dar\u00e1 R$ 4 mil ao primeiro colocado - Regi\u00e3o News\" \/>\n<meta property=\"og:description\" content=\"O XXV Trof\u00e9u Cidade de S\u00e3o Paulo Taunsa Group acontece\" \/>\n<meta property=\"og:url\" content=\"https:\/\/regiaonews.net.br\/2022\/2023\/01\/03\/corrida-de-rua-que-acontece-no-feriado-do-aniversario-de-sao-paulo-dara-r-4-mil-ao-primeiro-colocado\/\" \/>\n<meta property=\"og:site_name\" content=\"Regi\u00e3o News\" \/>\n<meta property=\"article:published_time\" content=\"2023-01-03T14:20:56+00:00\" \/>\n<meta property=\"og:image\" content=\"https:\/\/regiaonews.net.br\/2022\/wp-content\/uploads\/2023\/01\/unnamed.jpg\" \/>\n\t<meta property=\"og:image:width\" content=\"300\" \/>\n\t<meta property=\"og:image:height\" content=\"357\" \/>\n\t<meta property=\"og:image:type\" content=\"image\/jpeg\" \/>\n<meta name=\"author\" content=\"Roberto\" \/>\n<meta name=\"twitter:card\" content=\"summary_large_image\" \/>\n<meta name=\"twitter:label1\" content=\"Escrito por\" \/>\n\t<meta name=\"twitter:data1\" content=\"Roberto\" \/>\n\t<meta name=\"twitter:label2\" content=\"Est. tempo de leitura\" \/>\n\t<meta name=\"twitter:data2\" content=\"4 minutos\" \/>\n<script type=\"application\/ld+json\" class=\"yoast-schema-graph\">{\"@context\":\"https:\\\/\\\/schema.org\",\"@graph\":[{\"@type\":\"Article\",\"@id\":\"https:\\\/\\\/regiaonews.net.br\\\/2022\\\/2023\\\/01\\\/03\\\/corrida-de-rua-que-acontece-no-feriado-do-aniversario-de-sao-paulo-dara-r-4-mil-ao-primeiro-colocado\\\/#article\",\"isPartOf\":{\"@id\":\"https:\\\/\\\/regiaonews.net.br\\\/2022\\\/2023\\\/01\\\/03\\\/corrida-de-rua-que-acontece-no-feriado-do-aniversario-de-sao-paulo-dara-r-4-mil-ao-primeiro-colocado\\\/\"},\"author\":{\"name\":\"Roberto\",\"@id\":\"https:\\\/\\\/regiaonews.net.br\\\/2022\\\/#\\\/schema\\\/person\\\/2d205a608a5aa97ac279d7a5e6d89ad8\"},\"headline\":\"Corrida de rua que acontece no feriado do anivers\u00e1rio de S\u00e3o Paulo dar\u00e1 R$ 4 mil ao primeiro colocado\",\"datePublished\":\"2023-01-03T14:20:56+00:00\",\"mainEntityOfPage\":{\"@id\":\"https:\\\/\\\/regiaonews.net.br\\\/2022\\\/2023\\\/01\\\/03\\\/corrida-de-rua-que-acontece-no-feriado-do-aniversario-de-sao-paulo-dara-r-4-mil-ao-primeiro-colocado\\\/\"},\"wordCount\":773,\"commentCount\":0,\"publisher\":{\"@id\":\"https:\\\/\\\/regiaonews.net.br\\\/2022\\\/#organization\"},\"image\":{\"@id\":\"https:\\\/\\\/regiaonews.net.br\\\/2022\\\/2023\\\/01\\\/03\\\/corrida-de-rua-que-acontece-no-feriado-do-aniversario-de-sao-paulo-dara-r-4-mil-ao-primeiro-colocado\\\/#primaryimage\"},\"thumbnailUrl\":\"https:\\\/\\\/regiaonews.net.br\\\/2022\\\/wp-content\\\/uploads\\\/2023\\\/01\\\/unnamed.jpg\",\"articleSection\":[\"Esporte\",\"Geral\"],\"inLanguage\":\"pt-BR\",\"potentialAction\":[{\"@type\":\"CommentAction\",\"name\":\"Comment\",\"target\":[\"https:\\\/\\\/regiaonews.net.br\\\/2022\\\/2023\\\/01\\\/03\\\/corrida-de-rua-que-acontece-no-feriado-do-aniversario-de-sao-paulo-dara-r-4-mil-ao-primeiro-colocado\\\/#respond\"]}]},{\"@type\":\"WebPage\",\"@id\":\"https:\\\/\\\/regiaonews.net.br\\\/2022\\\/2023\\\/01\\\/03\\\/corrida-de-rua-que-acontece-no-feriado-do-aniversario-de-sao-paulo-dara-r-4-mil-ao-primeiro-colocado\\\/\",\"url\":\"https:\\\/\\\/regiaonews.net.br\\\/2022\\\/2023\\\/01\\\/03\\\/corrida-de-rua-que-acontece-no-feriado-do-aniversario-de-sao-paulo-dara-r-4-mil-ao-primeiro-colocado\\\/\",\"name\":\"Corrida de rua que acontece no feriado do anivers\u00e1rio de S\u00e3o Paulo dar\u00e1 R$ 4 mil ao primeiro colocado - Regi\u00e3o News\",\"isPartOf\":{\"@id\":\"https:\\\/\\\/regiaonews.net.br\\\/2022\\\/#website\"},\"primaryImageOfPage\":{\"@id\":\"https:\\\/\\\/regiaonews.net.br\\\/2022\\\/2023\\\/01\\\/03\\\/corrida-de-rua-que-acontece-no-feriado-do-aniversario-de-sao-paulo-dara-r-4-mil-ao-primeiro-colocado\\\/#primaryimage\"},\"image\":{\"@id\":\"https:\\\/\\\/regiaonews.net.br\\\/2022\\\/2023\\\/01\\\/03\\\/corrida-de-rua-que-acontece-no-feriado-do-aniversario-de-sao-paulo-dara-r-4-mil-ao-primeiro-colocado\\\/#primaryimage\"},\"thumbnailUrl\":\"https:\\\/\\\/regiaonews.net.br\\\/2022\\\/wp-content\\\/uploads\\\/2023\\\/01\\\/unnamed.jpg\",\"datePublished\":\"2023-01-03T14:20:56+00:00\",\"breadcrumb\":{\"@id\":\"https:\\\/\\\/regiaonews.net.br\\\/2022\\\/2023\\\/01\\\/03\\\/corrida-de-rua-que-acontece-no-feriado-do-aniversario-de-sao-paulo-dara-r-4-mil-ao-primeiro-colocado\\\/#breadcrumb\"},\"inLanguage\":\"pt-BR\",\"potentialAction\":[{\"@type\":\"ReadAction\",\"target\":[\"https:\\\/\\\/regiaonews.net.br\\\/2022\\\/2023\\\/01\\\/03\\\/corrida-de-rua-que-acontece-no-feriado-do-aniversario-de-sao-paulo-dara-r-4-mil-ao-primeiro-colocado\\\/\"]}]},{\"@type\":\"ImageObject\",\"inLanguage\":\"pt-BR\",\"@id\":\"https:\\\/\\\/regiaonews.net.br\\\/2022\\\/2023\\\/01\\\/03\\\/corrida-de-rua-que-acontece-no-feriado-do-aniversario-de-sao-paulo-dara-r-4-mil-ao-primeiro-colocado\\\/#primaryimage\",\"url\":\"https:\\\/\\\/regiaonews.net.br\\\/2022\\\/wp-content\\\/uploads\\\/2023\\\/01\\\/unnamed.jpg\",\"contentUrl\":\"https:\\\/\\\/regiaonews.net.br\\\/2022\\\/wp-content\\\/uploads\\\/2023\\\/01\\\/unnamed.jpg\",\"width\":300,\"height\":357},{\"@type\":\"BreadcrumbList\",\"@id\":\"https:\\\/\\\/regiaonews.net.br\\\/2022\\\/2023\\\/01\\\/03\\\/corrida-de-rua-que-acontece-no-feriado-do-aniversario-de-sao-paulo-dara-r-4-mil-ao-primeiro-colocado\\\/#breadcrumb\",\"itemListElement\":[{\"@type\":\"ListItem\",\"position\":1,\"name\":\"In\u00edcio\",\"item\":\"https:\\\/\\\/regiaonews.net.br\\\/2022\\\/\"},{\"@type\":\"ListItem\",\"position\":2,\"name\":\"Corrida de rua que acontece no feriado do anivers\u00e1rio de S\u00e3o Paulo dar\u00e1 R$ 4 mil ao primeiro colocado\"}]},{\"@type\":\"WebSite\",\"@id\":\"https:\\\/\\\/regiaonews.net.br\\\/2022\\\/#website\",\"url\":\"https:\\\/\\\/regiaonews.net.br\\\/2022\\\/\",\"name\":\"Regi\u00e3o News\",\"description\":\"Site de Not\u00edcias de Barretos e regi\u00e3o\",\"publisher\":{\"@id\":\"https:\\\/\\\/regiaonews.net.br\\\/2022\\\/#organization\"},\"potentialAction\":[{\"@type\":\"SearchAction\",\"target\":{\"@type\":\"EntryPoint\",\"urlTemplate\":\"https:\\\/\\\/regiaonews.net.br\\\/2022\\\/?s={search_term_string}\"},\"query-input\":{\"@type\":\"PropertyValueSpecification\",\"valueRequired\":true,\"valueName\":\"search_term_string\"}}],\"inLanguage\":\"pt-BR\"},{\"@type\":\"Organization\",\"@id\":\"https:\\\/\\\/regiaonews.net.br\\\/2022\\\/#organization\",\"name\":\"Regi\u00e3o News\",\"url\":\"https:\\\/\\\/regiaonews.net.br\\\/2022\\\/\",\"logo\":{\"@type\":\"ImageObject\",\"inLanguage\":\"pt-BR\",\"@id\":\"https:\\\/\\\/regiaonews.net.br\\\/2022\\\/#\\\/schema\\\/logo\\\/image\\\/\",\"url\":\"https:\\\/\\\/regiaonews.net.br\\\/2022\\\/wp-content\\\/uploads\\\/2026\\\/03\\\/regiao-13-anos-scaled.jpg\",\"contentUrl\":\"https:\\\/\\\/regiaonews.net.br\\\/2022\\\/wp-content\\\/uploads\\\/2026\\\/03\\\/regiao-13-anos-scaled.jpg\",\"width\":2560,\"height\":635,\"caption\":\"Regi\u00e3o News\"},\"image\":{\"@id\":\"https:\\\/\\\/regiaonews.net.br\\\/2022\\\/#\\\/schema\\\/logo\\\/image\\\/\"}},{\"@type\":\"Person\",\"@id\":\"https:\\\/\\\/regiaonews.net.br\\\/2022\\\/#\\\/schema\\\/person\\\/2d205a608a5aa97ac279d7a5e6d89ad8\",\"name\":\"Roberto\",\"image\":{\"@type\":\"ImageObject\",\"inLanguage\":\"pt-BR\",\"@id\":\"https:\\\/\\\/secure.gravatar.com\\\/avatar\\\/42749d8b712ff9d59ca93dc150494e5b55a44134482993f5baeb97e61b7ecc89?s=96&d=mm&r=g\",\"url\":\"https:\\\/\\\/secure.gravatar.com\\\/avatar\\\/42749d8b712ff9d59ca93dc150494e5b55a44134482993f5baeb97e61b7ecc89?s=96&d=mm&r=g\",\"contentUrl\":\"https:\\\/\\\/secure.gravatar.com\\\/avatar\\\/42749d8b712ff9d59ca93dc150494e5b55a44134482993f5baeb97e61b7ecc89?s=96&d=mm&r=g\",\"caption\":\"Roberto\"},\"url\":\"https:\\\/\\\/regiaonews.net.br\\\/2022\\\/author\\\/roberto\\\/\"}]}<\/script>\n<!-- \/ Yoast SEO plugin. -->","yoast_head_json":{"title":"Corrida de rua que acontece no feriado do anivers\u00e1rio de S\u00e3o Paulo dar\u00e1 R$ 4 mil ao primeiro colocado - Regi\u00e3o News","robots":{"index":"index","follow":"follow","max-snippet":"max-snippet:-1","max-image-preview":"max-image-preview:large","max-video-preview":"max-video-preview:-1"},"canonical":"https:\/\/regiaonews.net.br\/2022\/2023\/01\/03\/corrida-de-rua-que-acontece-no-feriado-do-aniversario-de-sao-paulo-dara-r-4-mil-ao-primeiro-colocado\/","og_locale":"pt_BR","og_type":"article","og_title":"Corrida de rua que acontece no feriado do anivers\u00e1rio de S\u00e3o Paulo dar\u00e1 R$ 4 mil ao primeiro colocado - Regi\u00e3o News","og_description":"O XXV Trof\u00e9u Cidade de S\u00e3o Paulo Taunsa Group acontece","og_url":"https:\/\/regiaonews.net.br\/2022\/2023\/01\/03\/corrida-de-rua-que-acontece-no-feriado-do-aniversario-de-sao-paulo-dara-r-4-mil-ao-primeiro-colocado\/","og_site_name":"Regi\u00e3o News","article_published_time":"2023-01-03T14:20:56+00:00","og_image":[{"width":300,"height":357,"url":"https:\/\/regiaonews.net.br\/2022\/wp-content\/uploads\/2023\/01\/unnamed.jpg","type":"image\/jpeg"}],"author":"Roberto","twitter_card":"summary_large_image","twitter_misc":{"Escrito por":"Roberto","Est. tempo de leitura":"4 minutos"},"schema":{"@context":"https:\/\/schema.org","@graph":[{"@type":"Article","@id":"https:\/\/regiaonews.net.br\/2022\/2023\/01\/03\/corrida-de-rua-que-acontece-no-feriado-do-aniversario-de-sao-paulo-dara-r-4-mil-ao-primeiro-colocado\/#article","isPartOf":{"@id":"https:\/\/regiaonews.net.br\/2022\/2023\/01\/03\/corrida-de-rua-que-acontece-no-feriado-do-aniversario-de-sao-paulo-dara-r-4-mil-ao-primeiro-colocado\/"},"author":{"name":"Roberto","@id":"https:\/\/regiaonews.net.br\/2022\/#\/schema\/person\/2d205a608a5aa97ac279d7a5e6d89ad8"},"headline":"Corrida de rua que acontece no feriado do anivers\u00e1rio de S\u00e3o Paulo dar\u00e1 R$ 4 mil ao primeiro colocado","datePublished":"2023-01-03T14:20:56+00:00","mainEntityOfPage":{"@id":"https:\/\/regiaonews.net.br\/2022\/2023\/01\/03\/corrida-de-rua-que-acontece-no-feriado-do-aniversario-de-sao-paulo-dara-r-4-mil-ao-primeiro-colocado\/"},"wordCount":773,"commentCount":0,"publisher":{"@id":"https:\/\/regiaonews.net.br\/2022\/#organization"},"image":{"@id":"https:\/\/regiaonews.net.br\/2022\/2023\/01\/03\/corrida-de-rua-que-acontece-no-feriado-do-aniversario-de-sao-paulo-dara-r-4-mil-ao-primeiro-colocado\/#primaryimage"},"thumbnailUrl":"https:\/\/regiaonews.net.br\/2022\/wp-content\/uploads\/2023\/01\/unnamed.jpg","articleSection":["Esporte","Geral"],"inLanguage":"pt-BR","potentialAction":[{"@type":"CommentAction","name":"Comment","target":["https:\/\/regiaonews.net.br\/2022\/2023\/01\/03\/corrida-de-rua-que-acontece-no-feriado-do-aniversario-de-sao-paulo-dara-r-4-mil-ao-primeiro-colocado\/#respond"]}]},{"@type":"WebPage","@id":"https:\/\/regiaonews.net.br\/2022\/2023\/01\/03\/corrida-de-rua-que-acontece-no-feriado-do-aniversario-de-sao-paulo-dara-r-4-mil-ao-primeiro-colocado\/","url":"https:\/\/regiaonews.net.br\/2022\/2023\/01\/03\/corrida-de-rua-que-acontece-no-feriado-do-aniversario-de-sao-paulo-dara-r-4-mil-ao-primeiro-colocado\/","name":"Corrida de rua que acontece no feriado do anivers\u00e1rio de S\u00e3o Paulo dar\u00e1 R$ 4 mil ao primeiro colocado - Regi\u00e3o News","isPartOf":{"@id":"https:\/\/regiaonews.net.br\/2022\/#website"},"primaryImageOfPage":{"@id":"https:\/\/regiaonews.net.br\/2022\/2023\/01\/03\/corrida-de-rua-que-acontece-no-feriado-do-aniversario-de-sao-paulo-dara-r-4-mil-ao-primeiro-colocado\/#primaryimage"},"image":{"@id":"https:\/\/regiaonews.net.br\/2022\/2023\/01\/03\/corrida-de-rua-que-acontece-no-feriado-do-aniversario-de-sao-paulo-dara-r-4-mil-ao-primeiro-colocado\/#primaryimage"},"thumbnailUrl":"https:\/\/regiaonews.net.br\/2022\/wp-content\/uploads\/2023\/01\/unnamed.jpg","datePublished":"2023-01-03T14:20:56+00:00","breadcrumb":{"@id":"https:\/\/regiaonews.net.br\/2022\/2023\/01\/03\/corrida-de-rua-que-acontece-no-feriado-do-aniversario-de-sao-paulo-dara-r-4-mil-ao-primeiro-colocado\/#breadcrumb"},"inLanguage":"pt-BR","potentialAction":[{"@type":"ReadAction","target":["https:\/\/regiaonews.net.br\/2022\/2023\/01\/03\/corrida-de-rua-que-acontece-no-feriado-do-aniversario-de-sao-paulo-dara-r-4-mil-ao-primeiro-colocado\/"]}]},{"@type":"ImageObject","inLanguage":"pt-BR","@id":"https:\/\/regiaonews.net.br\/2022\/2023\/01\/03\/corrida-de-rua-que-acontece-no-feriado-do-aniversario-de-sao-paulo-dara-r-4-mil-ao-primeiro-colocado\/#primaryimage","url":"https:\/\/regiaonews.net.br\/2022\/wp-content\/uploads\/2023\/01\/unnamed.jpg","contentUrl":"https:\/\/regiaonews.net.br\/2022\/wp-content\/uploads\/2023\/01\/unnamed.jpg","width":300,"height":357},{"@type":"BreadcrumbList","@id":"https:\/\/regiaonews.net.br\/2022\/2023\/01\/03\/corrida-de-rua-que-acontece-no-feriado-do-aniversario-de-sao-paulo-dara-r-4-mil-ao-primeiro-colocado\/#breadcrumb","itemListElement":[{"@type":"ListItem","position":1,"name":"In\u00edcio","item":"https:\/\/regiaonews.net.br\/2022\/"},{"@type":"ListItem","position":2,"name":"Corrida de rua que acontece no feriado do anivers\u00e1rio de S\u00e3o Paulo dar\u00e1 R$ 4 mil ao primeiro colocado"}]},{"@type":"WebSite","@id":"https:\/\/regiaonews.net.br\/2022\/#website","url":"https:\/\/regiaonews.net.br\/2022\/","name":"Regi\u00e3o News","description":"Site de Not\u00edcias de Barretos e regi\u00e3o","publisher":{"@id":"https:\/\/regiaonews.net.br\/2022\/#organization"},"potentialAction":[{"@type":"SearchAction","target":{"@type":"EntryPoint","urlTemplate":"https:\/\/regiaonews.net.br\/2022\/?s={search_term_string}"},"query-input":{"@type":"PropertyValueSpecification","valueRequired":true,"valueName":"search_term_string"}}],"inLanguage":"pt-BR"},{"@type":"Organization","@id":"https:\/\/regiaonews.net.br\/2022\/#organization","name":"Regi\u00e3o News","url":"https:\/\/regiaonews.net.br\/2022\/","logo":{"@type":"ImageObject","inLanguage":"pt-BR","@id":"https:\/\/regiaonews.net.br\/2022\/#\/schema\/logo\/image\/","url":"https:\/\/regiaonews.net.br\/2022\/wp-content\/uploads\/2026\/03\/regiao-13-anos-scaled.jpg","contentUrl":"https:\/\/regiaonews.net.br\/2022\/wp-content\/uploads\/2026\/03\/regiao-13-anos-scaled.jpg","width":2560,"height":635,"caption":"Regi\u00e3o News"},"image":{"@id":"https:\/\/regiaonews.net.br\/2022\/#\/schema\/logo\/image\/"}},{"@type":"Person","@id":"https:\/\/regiaonews.net.br\/2022\/#\/schema\/person\/2d205a608a5aa97ac279d7a5e6d89ad8","name":"Roberto","image":{"@type":"ImageObject","inLanguage":"pt-BR","@id":"https:\/\/secure.gravatar.com\/avatar\/42749d8b712ff9d59ca93dc150494e5b55a44134482993f5baeb97e61b7ecc89?s=96&d=mm&r=g","url":"https:\/\/secure.gravatar.com\/avatar\/42749d8b712ff9d59ca93dc150494e5b55a44134482993f5baeb97e61b7ecc89?s=96&d=mm&r=g","contentUrl":"https:\/\/secure.gravatar.com\/avatar\/42749d8b712ff9d59ca93dc150494e5b55a44134482993f5baeb97e61b7ecc89?s=96&d=mm&r=g","caption":"Roberto"},"url":"https:\/\/regiaonews.net.br\/2022\/author\/roberto\/"}]}},"publishpress_future_action":{"enabled":false,"date":"2026-05-09 07:34:42","action":"change-status","newStatus":"draft","terms":[],"taxonomy":"category","extraData":[]},"publishpress_future_workflow_manual_trigger":{"enabledWorkflows":[]},"_links":{"self":[{"href":"https:\/\/regiaonews.net.br\/2022\/wp-json\/wp\/v2\/posts\/82468","targetHints":{"allow":["GET"]}}],"collection":[{"href":"https:\/\/regiaonews.net.br\/2022\/wp-json\/wp\/v2\/posts"}],"about":[{"href":"https:\/\/regiaonews.net.br\/2022\/wp-json\/wp\/v2\/types\/post"}],"author":[{"embeddable":true,"href":"https:\/\/regiaonews.net.br\/2022\/wp-json\/wp\/v2\/users\/2"}],"replies":[{"embeddable":true,"href":"https:\/\/regiaonews.net.br\/2022\/wp-json\/wp\/v2\/comments?post=82468"}],"version-history":[{"count":1,"href":"https:\/\/regiaonews.net.br\/2022\/wp-json\/wp\/v2\/posts\/82468\/revisions"}],"predecessor-version":[{"id":82470,"href":"https:\/\/regiaonews.net.br\/2022\/wp-json\/wp\/v2\/posts\/82468\/revisions\/82470"}],"wp:featuredmedia":[{"embeddable":true,"href":"https:\/\/regiaonews.net.br\/2022\/wp-json\/wp\/v2\/media\/82469"}],"wp:attachment":[{"href":"https:\/\/regiaonews.net.br\/2022\/wp-json\/wp\/v2\/media?parent=82468"}],"wp:term":[{"taxonomy":"category","embeddable":true,"href":"https:\/\/regiaonews.net.br\/2022\/wp-json\/wp\/v2\/categories?post=82468"},{"taxonomy":"post_tag","embeddable":true,"href":"https:\/\/regiaonews.net.br\/2022\/wp-json\/wp\/v2\/tags?post=82468"}],"curies":[{"name":"wp","href":"https:\/\/api.w.org\/{rel}","templated":true}]}}