{"id":82465,"date":"2023-01-03T11:19:32","date_gmt":"2023-01-03T14:19:32","guid":{"rendered":"https:\/\/regiaonews.net.br\/2022\/?p=82465"},"modified":"2023-01-03T11:19:32","modified_gmt":"2023-01-03T14:19:32","slug":"fas-resgatam-memorias-de-pele-em-ultima-homenagem-ao-rei-do-futebol","status":"publish","type":"post","link":"https:\/\/regiaonews.net.br\/2022\/2023\/01\/03\/fas-resgatam-memorias-de-pele-em-ultima-homenagem-ao-rei-do-futebol\/","title":{"rendered":"F\u00e3s resgatam mem\u00f3rias de Pel\u00e9 em \u00faltima homenagem ao Rei do Futebol"},"content":{"rendered":"<div class=\"row\">\n<h3 class=\"col-10 offset-1 animated fadeInDown dealy-900 display-8 display-md-8 alt-font font-italic my-1 text-center\" style=\"text-align: center;\">Vel\u00f3rio do Atleta do S\u00e9culo segue at\u00e9 10h desta ter\u00e7a, na Vila Belmiro.<\/h3>\n<p>Milhares de pessoas compareceram, nesta segunda-feira (2), ao vel\u00f3rio de Edson Arantes do Nascimento, o Pel\u00e9, que \u00e9 realizado no Est\u00e1dio Urbano Caldeira, a Vila Belmiro, em Santos (SP). Muitas delas aproveitaram a oportunidade de um \u00faltimo adeus ao \u00eddolo trazendo, nas m\u00e3os ou no pr\u00f3prio corpo, lembran\u00e7as do Rei do Futebol.<img decoding=\"async\" src=\"https:\/\/agenciabrasil.ebc.com.br\/ebc.png?id=1501457&amp;o=node\" \/><img decoding=\"async\" src=\"https:\/\/agenciabrasil.ebc.com.br\/ebc.gif?id=1501457&amp;o=node\" \/><\/p>\n<p>O aposentado C\u00e9lio Pegoraro morava em Cascavel (PR) quando o filho e a nora (que era conhecida de Edinho, filho de Pel\u00e9) conseguiram o aut\u00f3grafo do Atleta do S\u00e9culo em uma camisa. H\u00e1 quatro anos morando em Santos, C\u00e9lio foi com a rel\u00edquia ao funeral.<\/p>\n<p>\u201cGanhei a camisa de presente de anivers\u00e1rio, fiquei muito feliz. O Pel\u00e9 representa tudo para mim, em termos de futebol. Comecei a torcer pelo Santos nos anos 1960 gra\u00e7as ao Pel\u00e9. O pessoal da escola s\u00f3 falava em Pel\u00e9, Coutinho, Pepe, todo aquele esquadr\u00e3o. Essa camisa vou guardar at\u00e9 o resto dos meus dias. Usei muito pouco, mas n\u00e3o teria uma data melhor para usar do que hoje\u201d, disse o aposentado \u00e0\u00a0<strong>Ag\u00eancia Brasil<\/strong>.<\/p>\n<p>O professor de Educa\u00e7\u00e3o F\u00edsica F\u00e1bio Bianco trouxe consigo de S\u00e3o Paulo, onde mora, um exemplar do jornal Folha de S\u00e3o Paulo, de 20 de novembro de 1969, alusivo ao mil\u00e9simo gol de Pel\u00e9, anotado um dia antes, contra o Vasco, no Maracan\u00e3, no Rio de Janeiro. A publica\u00e7\u00e3o traz estat\u00edsticas e fotos do Rei do Futebol nos gramados e tamb\u00e9m com a fam\u00edlia.<\/p>\n<p>\u201cEu tinha um acervo sobre futebol e sempre ia ao centro de S\u00e3o Paulo fazer uma esp\u00e9cie de garimpagem. Achei essa raridade em 2001 ou 2002. N\u00e3o estava em um estado muito bom, porque n\u00e3o estava guardada com pl\u00e1stico, ent\u00e3o tem muita marca de tra\u00e7a, mas a mat\u00e9ria est\u00e1 completa. \u00c9 uma raridade de aproximadamente 53 anos, com oito a dez p\u00e1ginas. Ela n\u00e3o pertence s\u00f3 a mim, mas a todos n\u00f3s, pois, assim como o Pel\u00e9, \u00e9 um patrim\u00f4nio do povo brasileiro\u201d, destacou Bianco, que tamb\u00e9m \u00e9 guia de turismo.<\/p>\n<h2>O vel\u00f3rio<\/h2>\n<p>O corpo de Pel\u00e9 foi transportado do Hospital Israelita Albert Einstein, em S\u00e3o Paulo, \u00e0 Vila Belmiro durante a madrugada desta segunda. O caix\u00e3o est\u00e1 no centro do gramado do est\u00e1dio. O acesso do p\u00fablico ao vel\u00f3rio, que teve in\u00edcio \u00e0s 10h (hor\u00e1rio de Bras\u00edlia), acontece pelos port\u00f5es 2 e 3 (Rua Dom Pedro), enquanto o de autoridades se d\u00e1 pelos port\u00f5es 10 e 15 (Rua Princesa Isabel).<\/p>\n<p>Foram erguidas duas tendas no gramado. Uma delas, onde est\u00e1 o caix\u00e3o, \u00e9 destinada a familiares, \u00eddolos hist\u00f3ricos do Santos e convidados. A outra \u00e9 voltada a demais autoridades. O p\u00fablico caminha por um tablado, passando \u00e0 esquerda da primeira tenda, em fila indiana.<\/p>\n<p>Ap\u00f3s o vel\u00f3rio, que termina \u00e0s 10h de ter\u00e7a-feira (3), ser\u00e1 realizado um cortejo pelas ruas de Santos, que passar\u00e1 pela Avenida Coronel Joaquim Montenegro (Canal 6), onde vive a m\u00e3e de Pel\u00e9, Celeste Arantes. De l\u00e1, o corpo ser\u00e1 levado \u00e0 Memorial Necr\u00f3pole Ecum\u00eanica, para sepultamento \u00e0s 12h, em cerim\u00f4nia restrita a familiares.<\/p>\n<p>Fonte &#8211; Ag\u00eancia Brasil.<\/p>\n<\/div>\n","protected":false},"excerpt":{"rendered":"<p>Vel\u00f3rio do Atleta do S\u00e9culo segue at\u00e9 10h desta ter\u00e7a,<\/p>\n","protected":false},"author":2,"featured_media":82466,"comment_status":"open","ping_status":"open","sticky":false,"template":"","format":"standard","meta":{"footnotes":""},"categories":[21,3],"tags":[],"class_list":["post-82465","post","type-post","status-publish","format-standard","has-post-thumbnail","hentry","category-esporte","category-geral"],"yoast_head":"<!-- This site is optimized with the Yoast SEO plugin v27.5 - https:\/\/yoast.com\/product\/yoast-seo-wordpress\/ -->\n<title>F\u00e3s resgatam mem\u00f3rias de Pel\u00e9 em \u00faltima homenagem ao Rei do Futebol - Regi\u00e3o News<\/title>\n<meta name=\"robots\" content=\"index, follow, max-snippet:-1, max-image-preview:large, max-video-preview:-1\" \/>\n<link rel=\"canonical\" href=\"https:\/\/regiaonews.net.br\/2022\/2023\/01\/03\/fas-resgatam-memorias-de-pele-em-ultima-homenagem-ao-rei-do-futebol\/\" \/>\n<meta property=\"og:locale\" content=\"pt_BR\" \/>\n<meta property=\"og:type\" content=\"article\" \/>\n<meta property=\"og:title\" content=\"F\u00e3s resgatam mem\u00f3rias de Pel\u00e9 em \u00faltima homenagem ao Rei do Futebol - Regi\u00e3o News\" \/>\n<meta property=\"og:description\" content=\"Vel\u00f3rio do Atleta do S\u00e9culo segue at\u00e9 10h desta ter\u00e7a,\" \/>\n<meta property=\"og:url\" content=\"https:\/\/regiaonews.net.br\/2022\/2023\/01\/03\/fas-resgatam-memorias-de-pele-em-ultima-homenagem-ao-rei-do-futebol\/\" \/>\n<meta property=\"og:site_name\" content=\"Regi\u00e3o News\" \/>\n<meta property=\"article:published_time\" content=\"2023-01-03T14:19:32+00:00\" \/>\n<meta property=\"og:image\" content=\"https:\/\/regiaonews.net.br\/2022\/wp-content\/uploads\/2023\/01\/img_3057.jpg\" \/>\n\t<meta property=\"og:image:width\" content=\"1170\" \/>\n\t<meta property=\"og:image:height\" content=\"700\" \/>\n\t<meta property=\"og:image:type\" content=\"image\/jpeg\" \/>\n<meta name=\"author\" content=\"Roberto\" \/>\n<meta name=\"twitter:card\" content=\"summary_large_image\" \/>\n<meta name=\"twitter:label1\" content=\"Escrito por\" \/>\n\t<meta name=\"twitter:data1\" content=\"Roberto\" \/>\n\t<meta name=\"twitter:label2\" content=\"Est. tempo de leitura\" \/>\n\t<meta name=\"twitter:data2\" content=\"4 minutos\" \/>\n<script type=\"application\/ld+json\" class=\"yoast-schema-graph\">{\"@context\":\"https:\\\/\\\/schema.org\",\"@graph\":[{\"@type\":\"Article\",\"@id\":\"https:\\\/\\\/regiaonews.net.br\\\/2022\\\/2023\\\/01\\\/03\\\/fas-resgatam-memorias-de-pele-em-ultima-homenagem-ao-rei-do-futebol\\\/#article\",\"isPartOf\":{\"@id\":\"https:\\\/\\\/regiaonews.net.br\\\/2022\\\/2023\\\/01\\\/03\\\/fas-resgatam-memorias-de-pele-em-ultima-homenagem-ao-rei-do-futebol\\\/\"},\"author\":{\"name\":\"Roberto\",\"@id\":\"https:\\\/\\\/regiaonews.net.br\\\/2022\\\/#\\\/schema\\\/person\\\/2d205a608a5aa97ac279d7a5e6d89ad8\"},\"headline\":\"F\u00e3s resgatam mem\u00f3rias de Pel\u00e9 em \u00faltima homenagem ao Rei do Futebol\",\"datePublished\":\"2023-01-03T14:19:32+00:00\",\"mainEntityOfPage\":{\"@id\":\"https:\\\/\\\/regiaonews.net.br\\\/2022\\\/2023\\\/01\\\/03\\\/fas-resgatam-memorias-de-pele-em-ultima-homenagem-ao-rei-do-futebol\\\/\"},\"wordCount\":565,\"commentCount\":0,\"publisher\":{\"@id\":\"https:\\\/\\\/regiaonews.net.br\\\/2022\\\/#organization\"},\"image\":{\"@id\":\"https:\\\/\\\/regiaonews.net.br\\\/2022\\\/2023\\\/01\\\/03\\\/fas-resgatam-memorias-de-pele-em-ultima-homenagem-ao-rei-do-futebol\\\/#primaryimage\"},\"thumbnailUrl\":\"https:\\\/\\\/regiaonews.net.br\\\/2022\\\/wp-content\\\/uploads\\\/2023\\\/01\\\/img_3057.jpg\",\"articleSection\":[\"Esporte\",\"Geral\"],\"inLanguage\":\"pt-BR\",\"potentialAction\":[{\"@type\":\"CommentAction\",\"name\":\"Comment\",\"target\":[\"https:\\\/\\\/regiaonews.net.br\\\/2022\\\/2023\\\/01\\\/03\\\/fas-resgatam-memorias-de-pele-em-ultima-homenagem-ao-rei-do-futebol\\\/#respond\"]}]},{\"@type\":\"WebPage\",\"@id\":\"https:\\\/\\\/regiaonews.net.br\\\/2022\\\/2023\\\/01\\\/03\\\/fas-resgatam-memorias-de-pele-em-ultima-homenagem-ao-rei-do-futebol\\\/\",\"url\":\"https:\\\/\\\/regiaonews.net.br\\\/2022\\\/2023\\\/01\\\/03\\\/fas-resgatam-memorias-de-pele-em-ultima-homenagem-ao-rei-do-futebol\\\/\",\"name\":\"F\u00e3s resgatam mem\u00f3rias de Pel\u00e9 em \u00faltima homenagem ao Rei do Futebol - Regi\u00e3o News\",\"isPartOf\":{\"@id\":\"https:\\\/\\\/regiaonews.net.br\\\/2022\\\/#website\"},\"primaryImageOfPage\":{\"@id\":\"https:\\\/\\\/regiaonews.net.br\\\/2022\\\/2023\\\/01\\\/03\\\/fas-resgatam-memorias-de-pele-em-ultima-homenagem-ao-rei-do-futebol\\\/#primaryimage\"},\"image\":{\"@id\":\"https:\\\/\\\/regiaonews.net.br\\\/2022\\\/2023\\\/01\\\/03\\\/fas-resgatam-memorias-de-pele-em-ultima-homenagem-ao-rei-do-futebol\\\/#primaryimage\"},\"thumbnailUrl\":\"https:\\\/\\\/regiaonews.net.br\\\/2022\\\/wp-content\\\/uploads\\\/2023\\\/01\\\/img_3057.jpg\",\"datePublished\":\"2023-01-03T14:19:32+00:00\",\"breadcrumb\":{\"@id\":\"https:\\\/\\\/regiaonews.net.br\\\/2022\\\/2023\\\/01\\\/03\\\/fas-resgatam-memorias-de-pele-em-ultima-homenagem-ao-rei-do-futebol\\\/#breadcrumb\"},\"inLanguage\":\"pt-BR\",\"potentialAction\":[{\"@type\":\"ReadAction\",\"target\":[\"https:\\\/\\\/regiaonews.net.br\\\/2022\\\/2023\\\/01\\\/03\\\/fas-resgatam-memorias-de-pele-em-ultima-homenagem-ao-rei-do-futebol\\\/\"]}]},{\"@type\":\"ImageObject\",\"inLanguage\":\"pt-BR\",\"@id\":\"https:\\\/\\\/regiaonews.net.br\\\/2022\\\/2023\\\/01\\\/03\\\/fas-resgatam-memorias-de-pele-em-ultima-homenagem-ao-rei-do-futebol\\\/#primaryimage\",\"url\":\"https:\\\/\\\/regiaonews.net.br\\\/2022\\\/wp-content\\\/uploads\\\/2023\\\/01\\\/img_3057.jpg\",\"contentUrl\":\"https:\\\/\\\/regiaonews.net.br\\\/2022\\\/wp-content\\\/uploads\\\/2023\\\/01\\\/img_3057.jpg\",\"width\":1170,\"height\":700,\"caption\":\"Vel\u00f3rio do Pel\u00e9\"},{\"@type\":\"BreadcrumbList\",\"@id\":\"https:\\\/\\\/regiaonews.net.br\\\/2022\\\/2023\\\/01\\\/03\\\/fas-resgatam-memorias-de-pele-em-ultima-homenagem-ao-rei-do-futebol\\\/#breadcrumb\",\"itemListElement\":[{\"@type\":\"ListItem\",\"position\":1,\"name\":\"In\u00edcio\",\"item\":\"https:\\\/\\\/regiaonews.net.br\\\/2022\\\/\"},{\"@type\":\"ListItem\",\"position\":2,\"name\":\"F\u00e3s resgatam mem\u00f3rias de Pel\u00e9 em \u00faltima homenagem ao Rei do Futebol\"}]},{\"@type\":\"WebSite\",\"@id\":\"https:\\\/\\\/regiaonews.net.br\\\/2022\\\/#website\",\"url\":\"https:\\\/\\\/regiaonews.net.br\\\/2022\\\/\",\"name\":\"Regi\u00e3o News\",\"description\":\"Site de Not\u00edcias de Barretos e regi\u00e3o\",\"publisher\":{\"@id\":\"https:\\\/\\\/regiaonews.net.br\\\/2022\\\/#organization\"},\"potentialAction\":[{\"@type\":\"SearchAction\",\"target\":{\"@type\":\"EntryPoint\",\"urlTemplate\":\"https:\\\/\\\/regiaonews.net.br\\\/2022\\\/?s={search_term_string}\"},\"query-input\":{\"@type\":\"PropertyValueSpecification\",\"valueRequired\":true,\"valueName\":\"search_term_string\"}}],\"inLanguage\":\"pt-BR\"},{\"@type\":\"Organization\",\"@id\":\"https:\\\/\\\/regiaonews.net.br\\\/2022\\\/#organization\",\"name\":\"Regi\u00e3o News\",\"url\":\"https:\\\/\\\/regiaonews.net.br\\\/2022\\\/\",\"logo\":{\"@type\":\"ImageObject\",\"inLanguage\":\"pt-BR\",\"@id\":\"https:\\\/\\\/regiaonews.net.br\\\/2022\\\/#\\\/schema\\\/logo\\\/image\\\/\",\"url\":\"https:\\\/\\\/regiaonews.net.br\\\/2022\\\/wp-content\\\/uploads\\\/2026\\\/03\\\/regiao-13-anos-scaled.jpg\",\"contentUrl\":\"https:\\\/\\\/regiaonews.net.br\\\/2022\\\/wp-content\\\/uploads\\\/2026\\\/03\\\/regiao-13-anos-scaled.jpg\",\"width\":2560,\"height\":635,\"caption\":\"Regi\u00e3o News\"},\"image\":{\"@id\":\"https:\\\/\\\/regiaonews.net.br\\\/2022\\\/#\\\/schema\\\/logo\\\/image\\\/\"}},{\"@type\":\"Person\",\"@id\":\"https:\\\/\\\/regiaonews.net.br\\\/2022\\\/#\\\/schema\\\/person\\\/2d205a608a5aa97ac279d7a5e6d89ad8\",\"name\":\"Roberto\",\"image\":{\"@type\":\"ImageObject\",\"inLanguage\":\"pt-BR\",\"@id\":\"https:\\\/\\\/secure.gravatar.com\\\/avatar\\\/42749d8b712ff9d59ca93dc150494e5b55a44134482993f5baeb97e61b7ecc89?s=96&d=mm&r=g\",\"url\":\"https:\\\/\\\/secure.gravatar.com\\\/avatar\\\/42749d8b712ff9d59ca93dc150494e5b55a44134482993f5baeb97e61b7ecc89?s=96&d=mm&r=g\",\"contentUrl\":\"https:\\\/\\\/secure.gravatar.com\\\/avatar\\\/42749d8b712ff9d59ca93dc150494e5b55a44134482993f5baeb97e61b7ecc89?s=96&d=mm&r=g\",\"caption\":\"Roberto\"},\"url\":\"https:\\\/\\\/regiaonews.net.br\\\/2022\\\/author\\\/roberto\\\/\"}]}<\/script>\n<!-- \/ Yoast SEO plugin. -->","yoast_head_json":{"title":"F\u00e3s resgatam mem\u00f3rias de Pel\u00e9 em \u00faltima homenagem ao Rei do Futebol - Regi\u00e3o News","robots":{"index":"index","follow":"follow","max-snippet":"max-snippet:-1","max-image-preview":"max-image-preview:large","max-video-preview":"max-video-preview:-1"},"canonical":"https:\/\/regiaonews.net.br\/2022\/2023\/01\/03\/fas-resgatam-memorias-de-pele-em-ultima-homenagem-ao-rei-do-futebol\/","og_locale":"pt_BR","og_type":"article","og_title":"F\u00e3s resgatam mem\u00f3rias de Pel\u00e9 em \u00faltima homenagem ao Rei do Futebol - Regi\u00e3o News","og_description":"Vel\u00f3rio do Atleta do S\u00e9culo segue at\u00e9 10h desta ter\u00e7a,","og_url":"https:\/\/regiaonews.net.br\/2022\/2023\/01\/03\/fas-resgatam-memorias-de-pele-em-ultima-homenagem-ao-rei-do-futebol\/","og_site_name":"Regi\u00e3o News","article_published_time":"2023-01-03T14:19:32+00:00","og_image":[{"width":1170,"height":700,"url":"https:\/\/regiaonews.net.br\/2022\/wp-content\/uploads\/2023\/01\/img_3057.jpg","type":"image\/jpeg"}],"author":"Roberto","twitter_card":"summary_large_image","twitter_misc":{"Escrito por":"Roberto","Est. tempo de leitura":"4 minutos"},"schema":{"@context":"https:\/\/schema.org","@graph":[{"@type":"Article","@id":"https:\/\/regiaonews.net.br\/2022\/2023\/01\/03\/fas-resgatam-memorias-de-pele-em-ultima-homenagem-ao-rei-do-futebol\/#article","isPartOf":{"@id":"https:\/\/regiaonews.net.br\/2022\/2023\/01\/03\/fas-resgatam-memorias-de-pele-em-ultima-homenagem-ao-rei-do-futebol\/"},"author":{"name":"Roberto","@id":"https:\/\/regiaonews.net.br\/2022\/#\/schema\/person\/2d205a608a5aa97ac279d7a5e6d89ad8"},"headline":"F\u00e3s resgatam mem\u00f3rias de Pel\u00e9 em \u00faltima homenagem ao Rei do Futebol","datePublished":"2023-01-03T14:19:32+00:00","mainEntityOfPage":{"@id":"https:\/\/regiaonews.net.br\/2022\/2023\/01\/03\/fas-resgatam-memorias-de-pele-em-ultima-homenagem-ao-rei-do-futebol\/"},"wordCount":565,"commentCount":0,"publisher":{"@id":"https:\/\/regiaonews.net.br\/2022\/#organization"},"image":{"@id":"https:\/\/regiaonews.net.br\/2022\/2023\/01\/03\/fas-resgatam-memorias-de-pele-em-ultima-homenagem-ao-rei-do-futebol\/#primaryimage"},"thumbnailUrl":"https:\/\/regiaonews.net.br\/2022\/wp-content\/uploads\/2023\/01\/img_3057.jpg","articleSection":["Esporte","Geral"],"inLanguage":"pt-BR","potentialAction":[{"@type":"CommentAction","name":"Comment","target":["https:\/\/regiaonews.net.br\/2022\/2023\/01\/03\/fas-resgatam-memorias-de-pele-em-ultima-homenagem-ao-rei-do-futebol\/#respond"]}]},{"@type":"WebPage","@id":"https:\/\/regiaonews.net.br\/2022\/2023\/01\/03\/fas-resgatam-memorias-de-pele-em-ultima-homenagem-ao-rei-do-futebol\/","url":"https:\/\/regiaonews.net.br\/2022\/2023\/01\/03\/fas-resgatam-memorias-de-pele-em-ultima-homenagem-ao-rei-do-futebol\/","name":"F\u00e3s resgatam mem\u00f3rias de Pel\u00e9 em \u00faltima homenagem ao Rei do Futebol - Regi\u00e3o News","isPartOf":{"@id":"https:\/\/regiaonews.net.br\/2022\/#website"},"primaryImageOfPage":{"@id":"https:\/\/regiaonews.net.br\/2022\/2023\/01\/03\/fas-resgatam-memorias-de-pele-em-ultima-homenagem-ao-rei-do-futebol\/#primaryimage"},"image":{"@id":"https:\/\/regiaonews.net.br\/2022\/2023\/01\/03\/fas-resgatam-memorias-de-pele-em-ultima-homenagem-ao-rei-do-futebol\/#primaryimage"},"thumbnailUrl":"https:\/\/regiaonews.net.br\/2022\/wp-content\/uploads\/2023\/01\/img_3057.jpg","datePublished":"2023-01-03T14:19:32+00:00","breadcrumb":{"@id":"https:\/\/regiaonews.net.br\/2022\/2023\/01\/03\/fas-resgatam-memorias-de-pele-em-ultima-homenagem-ao-rei-do-futebol\/#breadcrumb"},"inLanguage":"pt-BR","potentialAction":[{"@type":"ReadAction","target":["https:\/\/regiaonews.net.br\/2022\/2023\/01\/03\/fas-resgatam-memorias-de-pele-em-ultima-homenagem-ao-rei-do-futebol\/"]}]},{"@type":"ImageObject","inLanguage":"pt-BR","@id":"https:\/\/regiaonews.net.br\/2022\/2023\/01\/03\/fas-resgatam-memorias-de-pele-em-ultima-homenagem-ao-rei-do-futebol\/#primaryimage","url":"https:\/\/regiaonews.net.br\/2022\/wp-content\/uploads\/2023\/01\/img_3057.jpg","contentUrl":"https:\/\/regiaonews.net.br\/2022\/wp-content\/uploads\/2023\/01\/img_3057.jpg","width":1170,"height":700,"caption":"Vel\u00f3rio do Pel\u00e9"},{"@type":"BreadcrumbList","@id":"https:\/\/regiaonews.net.br\/2022\/2023\/01\/03\/fas-resgatam-memorias-de-pele-em-ultima-homenagem-ao-rei-do-futebol\/#breadcrumb","itemListElement":[{"@type":"ListItem","position":1,"name":"In\u00edcio","item":"https:\/\/regiaonews.net.br\/2022\/"},{"@type":"ListItem","position":2,"name":"F\u00e3s resgatam mem\u00f3rias de Pel\u00e9 em \u00faltima homenagem ao Rei do Futebol"}]},{"@type":"WebSite","@id":"https:\/\/regiaonews.net.br\/2022\/#website","url":"https:\/\/regiaonews.net.br\/2022\/","name":"Regi\u00e3o News","description":"Site de Not\u00edcias de Barretos e regi\u00e3o","publisher":{"@id":"https:\/\/regiaonews.net.br\/2022\/#organization"},"potentialAction":[{"@type":"SearchAction","target":{"@type":"EntryPoint","urlTemplate":"https:\/\/regiaonews.net.br\/2022\/?s={search_term_string}"},"query-input":{"@type":"PropertyValueSpecification","valueRequired":true,"valueName":"search_term_string"}}],"inLanguage":"pt-BR"},{"@type":"Organization","@id":"https:\/\/regiaonews.net.br\/2022\/#organization","name":"Regi\u00e3o News","url":"https:\/\/regiaonews.net.br\/2022\/","logo":{"@type":"ImageObject","inLanguage":"pt-BR","@id":"https:\/\/regiaonews.net.br\/2022\/#\/schema\/logo\/image\/","url":"https:\/\/regiaonews.net.br\/2022\/wp-content\/uploads\/2026\/03\/regiao-13-anos-scaled.jpg","contentUrl":"https:\/\/regiaonews.net.br\/2022\/wp-content\/uploads\/2026\/03\/regiao-13-anos-scaled.jpg","width":2560,"height":635,"caption":"Regi\u00e3o News"},"image":{"@id":"https:\/\/regiaonews.net.br\/2022\/#\/schema\/logo\/image\/"}},{"@type":"Person","@id":"https:\/\/regiaonews.net.br\/2022\/#\/schema\/person\/2d205a608a5aa97ac279d7a5e6d89ad8","name":"Roberto","image":{"@type":"ImageObject","inLanguage":"pt-BR","@id":"https:\/\/secure.gravatar.com\/avatar\/42749d8b712ff9d59ca93dc150494e5b55a44134482993f5baeb97e61b7ecc89?s=96&d=mm&r=g","url":"https:\/\/secure.gravatar.com\/avatar\/42749d8b712ff9d59ca93dc150494e5b55a44134482993f5baeb97e61b7ecc89?s=96&d=mm&r=g","contentUrl":"https:\/\/secure.gravatar.com\/avatar\/42749d8b712ff9d59ca93dc150494e5b55a44134482993f5baeb97e61b7ecc89?s=96&d=mm&r=g","caption":"Roberto"},"url":"https:\/\/regiaonews.net.br\/2022\/author\/roberto\/"}]}},"publishpress_future_action":{"enabled":false,"date":"2026-05-09 07:32:08","action":"change-status","newStatus":"draft","terms":[],"taxonomy":"category","extraData":[]},"publishpress_future_workflow_manual_trigger":{"enabledWorkflows":[]},"_links":{"self":[{"href":"https:\/\/regiaonews.net.br\/2022\/wp-json\/wp\/v2\/posts\/82465","targetHints":{"allow":["GET"]}}],"collection":[{"href":"https:\/\/regiaonews.net.br\/2022\/wp-json\/wp\/v2\/posts"}],"about":[{"href":"https:\/\/regiaonews.net.br\/2022\/wp-json\/wp\/v2\/types\/post"}],"author":[{"embeddable":true,"href":"https:\/\/regiaonews.net.br\/2022\/wp-json\/wp\/v2\/users\/2"}],"replies":[{"embeddable":true,"href":"https:\/\/regiaonews.net.br\/2022\/wp-json\/wp\/v2\/comments?post=82465"}],"version-history":[{"count":1,"href":"https:\/\/regiaonews.net.br\/2022\/wp-json\/wp\/v2\/posts\/82465\/revisions"}],"predecessor-version":[{"id":82467,"href":"https:\/\/regiaonews.net.br\/2022\/wp-json\/wp\/v2\/posts\/82465\/revisions\/82467"}],"wp:featuredmedia":[{"embeddable":true,"href":"https:\/\/regiaonews.net.br\/2022\/wp-json\/wp\/v2\/media\/82466"}],"wp:attachment":[{"href":"https:\/\/regiaonews.net.br\/2022\/wp-json\/wp\/v2\/media?parent=82465"}],"wp:term":[{"taxonomy":"category","embeddable":true,"href":"https:\/\/regiaonews.net.br\/2022\/wp-json\/wp\/v2\/categories?post=82465"},{"taxonomy":"post_tag","embeddable":true,"href":"https:\/\/regiaonews.net.br\/2022\/wp-json\/wp\/v2\/tags?post=82465"}],"curies":[{"name":"wp","href":"https:\/\/api.w.org\/{rel}","templated":true}]}}