{"id":80522,"date":"2022-11-09T07:08:39","date_gmt":"2022-11-09T10:08:39","guid":{"rendered":"https:\/\/regiaonews.net.br\/2022\/?p=80522"},"modified":"2022-11-09T07:08:39","modified_gmt":"2022-11-09T10:08:39","slug":"dupla-e-presa-capturando-aves-nativas","status":"publish","type":"post","link":"https:\/\/regiaonews.net.br\/2022\/2022\/11\/09\/dupla-e-presa-capturando-aves-nativas\/","title":{"rendered":"Dupla \u00e9 presa capturando aves nativas"},"content":{"rendered":"<p>&nbsp;<\/p>\n<p>&nbsp;<\/p>\n<p>Durante patrulhamento rural, esta equipe deslocou e at\u00e9 a estrada de terra \u201cBebedouro 050\u201d entre os munic\u00edpios de Bebedouro e Pirangi\/SP para realizar a soltura de aves nativas que estavam em cativeiro conforme a ocorr\u00eancia 12208, no Km 1, os policiais se depararam com dois indiv\u00edduos ao lado de uma gaiola onde havia uma ave nativa e armadilhas do tipo al\u00e7ap\u00e3o e batedeira para apanhar outras aves.<br \/>\nAp\u00f3s identificarmos os indiv\u00edduos Sr. J. e G. , os questionamos sobre a manuten\u00e7\u00e3o da ave nativa na gaiola com as armadilhas, sendo informado pelos infratores, que vieram do munic\u00edpio de Sert\u00e3ozinho para capturar aves nativas neste local.<br \/>\nPr\u00f3ximo a J. e G. havia um ve\u00edculo, que pertencia a G. e durante a fiscaliza\u00e7\u00e3o no ve\u00edculo, foram encontradas\u00a0 mais duas gaiolas e tr\u00eas al\u00e7ap\u00f5es, que aprisionavam 03 aves da esp\u00e9cie Trinca-ferro \u201csaltator similis\u201d e 03 Papa-capim \u201csporophila caerulescens\u201d, al\u00e9m de uma rede que tamb\u00e9m pode ser utilizada como armadilha.<br \/>\nDepois de localizarmos todas as aves e armadilhas, foram constatados 4 trinca-ferro e 3 papa-capim, 03 gaiolas, 03 al\u00e7ap\u00f5es, 02 batedeiras e uma rede.<br \/>\nDiante do acima relatado, em desfavor de J. A. S. F. administrativamente elaboramos os AIA \u201cAutos de Infra\u00e7\u00f5es Ambientais\u201d com a penalidade de multa simples no valor de R$ 500,00 (quinhentos reais), por utilizar esp\u00e9cime da fauna silvestre como \u201cchama\u201d e AIA no valor de R$3.000,00 (seis mil reais), por apanhar seis aves, incorrendo no disposto do artigo 25\u00ba da Resolu\u00e7\u00e3o SIMA 05\/2021.<br \/>\nQuanto ao Sr. G. P. S., administrativamente elaboramos os AIA \u201cAutos de Infra\u00e7\u00f5es Ambientais\u201d com a penalidade de multa simples no valor de R$ 500,00 (quinhentos reais), por utilizar esp\u00e9cime da fauna silvestre como \u201cchama\u201d e AIA no valor de R$3.000,00 (seis mil reais), por apanhar seis aves, incorrendo no disposto do artigo 25\u00ba da Resolu\u00e7\u00e3o SIMA 05\/2021.<br \/>\nPenalmente, in tese, o autor tamb\u00e9m incorreu em crime capitulado no artigo 29\u00ba caput da lei federal 9.605\/98, sendo a autoridade de pol\u00edcia judici\u00e1ria ser notificada via of\u00edcio.<br \/>\nNos termos dos artigos 4\u00ba e 7\u00ba do Decreto Estadual n\u00ba 60342, de 04ABR14, foram intimados \u00e0 comparecer na sede do 2\u00b0 Pelot\u00e3o de Pol\u00edcia Militar Ambiental para realiza\u00e7\u00e3o do atendimento ambiental.<\/p>\n<p><a href=\"https:\/\/regiaonews.net.br\/2022\/wp-content\/uploads\/2022\/11\/IMG-20221109-WA0051.jpg\"><img loading=\"lazy\" decoding=\"async\" class=\"alignnone size-medium wp-image-80524\" src=\"https:\/\/regiaonews.net.br\/2022\/wp-content\/uploads\/2022\/11\/IMG-20221109-WA0051-300x135.jpg\" alt=\"\" width=\"300\" height=\"135\" srcset=\"https:\/\/regiaonews.net.br\/2022\/wp-content\/uploads\/2022\/11\/IMG-20221109-WA0051-300x135.jpg 300w, https:\/\/regiaonews.net.br\/2022\/wp-content\/uploads\/2022\/11\/IMG-20221109-WA0051-1024x460.jpg 1024w, https:\/\/regiaonews.net.br\/2022\/wp-content\/uploads\/2022\/11\/IMG-20221109-WA0051-768x345.jpg 768w, https:\/\/regiaonews.net.br\/2022\/wp-content\/uploads\/2022\/11\/IMG-20221109-WA0051-1536x690.jpg 1536w, https:\/\/regiaonews.net.br\/2022\/wp-content\/uploads\/2022\/11\/IMG-20221109-WA0051-250x112.jpg 250w, https:\/\/regiaonews.net.br\/2022\/wp-content\/uploads\/2022\/11\/IMG-20221109-WA0051.jpg 1600w\" sizes=\"auto, (max-width: 300px) 100vw, 300px\" \/><\/a><\/p>\n<p><a href=\"https:\/\/regiaonews.net.br\/2022\/wp-content\/uploads\/2022\/11\/IMG-20221109-WA0053.jpg\"><img loading=\"lazy\" decoding=\"async\" class=\"alignnone size-medium wp-image-80525\" src=\"https:\/\/regiaonews.net.br\/2022\/wp-content\/uploads\/2022\/11\/IMG-20221109-WA0053-135x300.jpg\" alt=\"\" width=\"135\" height=\"300\" srcset=\"https:\/\/regiaonews.net.br\/2022\/wp-content\/uploads\/2022\/11\/IMG-20221109-WA0053-135x300.jpg 135w, https:\/\/regiaonews.net.br\/2022\/wp-content\/uploads\/2022\/11\/IMG-20221109-WA0053-460x1024.jpg 460w, https:\/\/regiaonews.net.br\/2022\/wp-content\/uploads\/2022\/11\/IMG-20221109-WA0053-690x1536.jpg 690w, https:\/\/regiaonews.net.br\/2022\/wp-content\/uploads\/2022\/11\/IMG-20221109-WA0053-250x556.jpg 250w, https:\/\/regiaonews.net.br\/2022\/wp-content\/uploads\/2022\/11\/IMG-20221109-WA0053.jpg 719w\" sizes=\"auto, (max-width: 135px) 100vw, 135px\" \/><\/a><\/p>\n","protected":false},"excerpt":{"rendered":"<p>&nbsp; &nbsp; Durante patrulhamento rural, esta equipe deslocou e at\u00e9<\/p>\n","protected":false},"author":2,"featured_media":80523,"comment_status":"open","ping_status":"open","sticky":false,"template":"","format":"standard","meta":{"footnotes":""},"categories":[4,23],"tags":[],"class_list":["post-80522","post","type-post","status-publish","format-standard","has-post-thumbnail","hentry","category-bebedouro","category-policia"],"yoast_head":"<!-- This site is optimized with the Yoast SEO plugin v27.5 - https:\/\/yoast.com\/product\/yoast-seo-wordpress\/ -->\n<title>Dupla \u00e9 presa capturando aves nativas - Regi\u00e3o News<\/title>\n<meta name=\"robots\" content=\"index, follow, max-snippet:-1, max-image-preview:large, max-video-preview:-1\" \/>\n<link rel=\"canonical\" href=\"https:\/\/regiaonews.net.br\/2022\/2022\/11\/09\/dupla-e-presa-capturando-aves-nativas\/\" \/>\n<meta property=\"og:locale\" content=\"pt_BR\" \/>\n<meta property=\"og:type\" content=\"article\" \/>\n<meta property=\"og:title\" content=\"Dupla \u00e9 presa capturando aves nativas - Regi\u00e3o News\" \/>\n<meta property=\"og:description\" content=\"&nbsp; &nbsp; Durante patrulhamento rural, esta equipe deslocou e at\u00e9\" \/>\n<meta property=\"og:url\" content=\"https:\/\/regiaonews.net.br\/2022\/2022\/11\/09\/dupla-e-presa-capturando-aves-nativas\/\" \/>\n<meta property=\"og:site_name\" content=\"Regi\u00e3o News\" \/>\n<meta property=\"article:published_time\" content=\"2022-11-09T10:08:39+00:00\" \/>\n<meta property=\"og:image\" content=\"https:\/\/regiaonews.net.br\/2022\/wp-content\/uploads\/2022\/11\/IMG-20221109-WA0052.jpg\" \/>\n\t<meta property=\"og:image:width\" content=\"1280\" \/>\n\t<meta property=\"og:image:height\" content=\"720\" \/>\n\t<meta property=\"og:image:type\" content=\"image\/jpeg\" \/>\n<meta name=\"author\" content=\"Roberto\" \/>\n<meta name=\"twitter:card\" content=\"summary_large_image\" \/>\n<meta name=\"twitter:label1\" content=\"Escrito por\" \/>\n\t<meta name=\"twitter:data1\" content=\"Roberto\" \/>\n\t<meta name=\"twitter:label2\" content=\"Est. tempo de leitura\" \/>\n\t<meta name=\"twitter:data2\" content=\"3 minutos\" \/>\n<script type=\"application\/ld+json\" class=\"yoast-schema-graph\">{\"@context\":\"https:\\\/\\\/schema.org\",\"@graph\":[{\"@type\":\"Article\",\"@id\":\"https:\\\/\\\/regiaonews.net.br\\\/2022\\\/2022\\\/11\\\/09\\\/dupla-e-presa-capturando-aves-nativas\\\/#article\",\"isPartOf\":{\"@id\":\"https:\\\/\\\/regiaonews.net.br\\\/2022\\\/2022\\\/11\\\/09\\\/dupla-e-presa-capturando-aves-nativas\\\/\"},\"author\":{\"name\":\"Roberto\",\"@id\":\"https:\\\/\\\/regiaonews.net.br\\\/2022\\\/#\\\/schema\\\/person\\\/2d205a608a5aa97ac279d7a5e6d89ad8\"},\"headline\":\"Dupla \u00e9 presa capturando aves nativas\",\"datePublished\":\"2022-11-09T10:08:39+00:00\",\"mainEntityOfPage\":{\"@id\":\"https:\\\/\\\/regiaonews.net.br\\\/2022\\\/2022\\\/11\\\/09\\\/dupla-e-presa-capturando-aves-nativas\\\/\"},\"wordCount\":380,\"commentCount\":0,\"publisher\":{\"@id\":\"https:\\\/\\\/regiaonews.net.br\\\/2022\\\/#organization\"},\"image\":{\"@id\":\"https:\\\/\\\/regiaonews.net.br\\\/2022\\\/2022\\\/11\\\/09\\\/dupla-e-presa-capturando-aves-nativas\\\/#primaryimage\"},\"thumbnailUrl\":\"https:\\\/\\\/regiaonews.net.br\\\/2022\\\/wp-content\\\/uploads\\\/2022\\\/11\\\/IMG-20221109-WA0052.jpg\",\"articleSection\":[\"Bebedouro\",\"Policia\"],\"inLanguage\":\"pt-BR\",\"potentialAction\":[{\"@type\":\"CommentAction\",\"name\":\"Comment\",\"target\":[\"https:\\\/\\\/regiaonews.net.br\\\/2022\\\/2022\\\/11\\\/09\\\/dupla-e-presa-capturando-aves-nativas\\\/#respond\"]}]},{\"@type\":\"WebPage\",\"@id\":\"https:\\\/\\\/regiaonews.net.br\\\/2022\\\/2022\\\/11\\\/09\\\/dupla-e-presa-capturando-aves-nativas\\\/\",\"url\":\"https:\\\/\\\/regiaonews.net.br\\\/2022\\\/2022\\\/11\\\/09\\\/dupla-e-presa-capturando-aves-nativas\\\/\",\"name\":\"Dupla \u00e9 presa capturando aves nativas - Regi\u00e3o News\",\"isPartOf\":{\"@id\":\"https:\\\/\\\/regiaonews.net.br\\\/2022\\\/#website\"},\"primaryImageOfPage\":{\"@id\":\"https:\\\/\\\/regiaonews.net.br\\\/2022\\\/2022\\\/11\\\/09\\\/dupla-e-presa-capturando-aves-nativas\\\/#primaryimage\"},\"image\":{\"@id\":\"https:\\\/\\\/regiaonews.net.br\\\/2022\\\/2022\\\/11\\\/09\\\/dupla-e-presa-capturando-aves-nativas\\\/#primaryimage\"},\"thumbnailUrl\":\"https:\\\/\\\/regiaonews.net.br\\\/2022\\\/wp-content\\\/uploads\\\/2022\\\/11\\\/IMG-20221109-WA0052.jpg\",\"datePublished\":\"2022-11-09T10:08:39+00:00\",\"breadcrumb\":{\"@id\":\"https:\\\/\\\/regiaonews.net.br\\\/2022\\\/2022\\\/11\\\/09\\\/dupla-e-presa-capturando-aves-nativas\\\/#breadcrumb\"},\"inLanguage\":\"pt-BR\",\"potentialAction\":[{\"@type\":\"ReadAction\",\"target\":[\"https:\\\/\\\/regiaonews.net.br\\\/2022\\\/2022\\\/11\\\/09\\\/dupla-e-presa-capturando-aves-nativas\\\/\"]}]},{\"@type\":\"ImageObject\",\"inLanguage\":\"pt-BR\",\"@id\":\"https:\\\/\\\/regiaonews.net.br\\\/2022\\\/2022\\\/11\\\/09\\\/dupla-e-presa-capturando-aves-nativas\\\/#primaryimage\",\"url\":\"https:\\\/\\\/regiaonews.net.br\\\/2022\\\/wp-content\\\/uploads\\\/2022\\\/11\\\/IMG-20221109-WA0052.jpg\",\"contentUrl\":\"https:\\\/\\\/regiaonews.net.br\\\/2022\\\/wp-content\\\/uploads\\\/2022\\\/11\\\/IMG-20221109-WA0052.jpg\",\"width\":1280,\"height\":720},{\"@type\":\"BreadcrumbList\",\"@id\":\"https:\\\/\\\/regiaonews.net.br\\\/2022\\\/2022\\\/11\\\/09\\\/dupla-e-presa-capturando-aves-nativas\\\/#breadcrumb\",\"itemListElement\":[{\"@type\":\"ListItem\",\"position\":1,\"name\":\"In\u00edcio\",\"item\":\"https:\\\/\\\/regiaonews.net.br\\\/2022\\\/\"},{\"@type\":\"ListItem\",\"position\":2,\"name\":\"Dupla \u00e9 presa capturando aves nativas\"}]},{\"@type\":\"WebSite\",\"@id\":\"https:\\\/\\\/regiaonews.net.br\\\/2022\\\/#website\",\"url\":\"https:\\\/\\\/regiaonews.net.br\\\/2022\\\/\",\"name\":\"Regi\u00e3o News\",\"description\":\"Site de Not\u00edcias de Barretos e regi\u00e3o\",\"publisher\":{\"@id\":\"https:\\\/\\\/regiaonews.net.br\\\/2022\\\/#organization\"},\"potentialAction\":[{\"@type\":\"SearchAction\",\"target\":{\"@type\":\"EntryPoint\",\"urlTemplate\":\"https:\\\/\\\/regiaonews.net.br\\\/2022\\\/?s={search_term_string}\"},\"query-input\":{\"@type\":\"PropertyValueSpecification\",\"valueRequired\":true,\"valueName\":\"search_term_string\"}}],\"inLanguage\":\"pt-BR\"},{\"@type\":\"Organization\",\"@id\":\"https:\\\/\\\/regiaonews.net.br\\\/2022\\\/#organization\",\"name\":\"Regi\u00e3o News\",\"url\":\"https:\\\/\\\/regiaonews.net.br\\\/2022\\\/\",\"logo\":{\"@type\":\"ImageObject\",\"inLanguage\":\"pt-BR\",\"@id\":\"https:\\\/\\\/regiaonews.net.br\\\/2022\\\/#\\\/schema\\\/logo\\\/image\\\/\",\"url\":\"https:\\\/\\\/regiaonews.net.br\\\/2022\\\/wp-content\\\/uploads\\\/2026\\\/03\\\/regiao-13-anos-scaled.jpg\",\"contentUrl\":\"https:\\\/\\\/regiaonews.net.br\\\/2022\\\/wp-content\\\/uploads\\\/2026\\\/03\\\/regiao-13-anos-scaled.jpg\",\"width\":2560,\"height\":635,\"caption\":\"Regi\u00e3o News\"},\"image\":{\"@id\":\"https:\\\/\\\/regiaonews.net.br\\\/2022\\\/#\\\/schema\\\/logo\\\/image\\\/\"}},{\"@type\":\"Person\",\"@id\":\"https:\\\/\\\/regiaonews.net.br\\\/2022\\\/#\\\/schema\\\/person\\\/2d205a608a5aa97ac279d7a5e6d89ad8\",\"name\":\"Roberto\",\"image\":{\"@type\":\"ImageObject\",\"inLanguage\":\"pt-BR\",\"@id\":\"https:\\\/\\\/secure.gravatar.com\\\/avatar\\\/42749d8b712ff9d59ca93dc150494e5b55a44134482993f5baeb97e61b7ecc89?s=96&d=mm&r=g\",\"url\":\"https:\\\/\\\/secure.gravatar.com\\\/avatar\\\/42749d8b712ff9d59ca93dc150494e5b55a44134482993f5baeb97e61b7ecc89?s=96&d=mm&r=g\",\"contentUrl\":\"https:\\\/\\\/secure.gravatar.com\\\/avatar\\\/42749d8b712ff9d59ca93dc150494e5b55a44134482993f5baeb97e61b7ecc89?s=96&d=mm&r=g\",\"caption\":\"Roberto\"},\"url\":\"https:\\\/\\\/regiaonews.net.br\\\/2022\\\/author\\\/roberto\\\/\"}]}<\/script>\n<!-- \/ Yoast SEO plugin. -->","yoast_head_json":{"title":"Dupla \u00e9 presa capturando aves nativas - Regi\u00e3o News","robots":{"index":"index","follow":"follow","max-snippet":"max-snippet:-1","max-image-preview":"max-image-preview:large","max-video-preview":"max-video-preview:-1"},"canonical":"https:\/\/regiaonews.net.br\/2022\/2022\/11\/09\/dupla-e-presa-capturando-aves-nativas\/","og_locale":"pt_BR","og_type":"article","og_title":"Dupla \u00e9 presa capturando aves nativas - Regi\u00e3o News","og_description":"&nbsp; &nbsp; Durante patrulhamento rural, esta equipe deslocou e at\u00e9","og_url":"https:\/\/regiaonews.net.br\/2022\/2022\/11\/09\/dupla-e-presa-capturando-aves-nativas\/","og_site_name":"Regi\u00e3o News","article_published_time":"2022-11-09T10:08:39+00:00","og_image":[{"width":1280,"height":720,"url":"https:\/\/regiaonews.net.br\/2022\/wp-content\/uploads\/2022\/11\/IMG-20221109-WA0052.jpg","type":"image\/jpeg"}],"author":"Roberto","twitter_card":"summary_large_image","twitter_misc":{"Escrito por":"Roberto","Est. tempo de leitura":"3 minutos"},"schema":{"@context":"https:\/\/schema.org","@graph":[{"@type":"Article","@id":"https:\/\/regiaonews.net.br\/2022\/2022\/11\/09\/dupla-e-presa-capturando-aves-nativas\/#article","isPartOf":{"@id":"https:\/\/regiaonews.net.br\/2022\/2022\/11\/09\/dupla-e-presa-capturando-aves-nativas\/"},"author":{"name":"Roberto","@id":"https:\/\/regiaonews.net.br\/2022\/#\/schema\/person\/2d205a608a5aa97ac279d7a5e6d89ad8"},"headline":"Dupla \u00e9 presa capturando aves nativas","datePublished":"2022-11-09T10:08:39+00:00","mainEntityOfPage":{"@id":"https:\/\/regiaonews.net.br\/2022\/2022\/11\/09\/dupla-e-presa-capturando-aves-nativas\/"},"wordCount":380,"commentCount":0,"publisher":{"@id":"https:\/\/regiaonews.net.br\/2022\/#organization"},"image":{"@id":"https:\/\/regiaonews.net.br\/2022\/2022\/11\/09\/dupla-e-presa-capturando-aves-nativas\/#primaryimage"},"thumbnailUrl":"https:\/\/regiaonews.net.br\/2022\/wp-content\/uploads\/2022\/11\/IMG-20221109-WA0052.jpg","articleSection":["Bebedouro","Policia"],"inLanguage":"pt-BR","potentialAction":[{"@type":"CommentAction","name":"Comment","target":["https:\/\/regiaonews.net.br\/2022\/2022\/11\/09\/dupla-e-presa-capturando-aves-nativas\/#respond"]}]},{"@type":"WebPage","@id":"https:\/\/regiaonews.net.br\/2022\/2022\/11\/09\/dupla-e-presa-capturando-aves-nativas\/","url":"https:\/\/regiaonews.net.br\/2022\/2022\/11\/09\/dupla-e-presa-capturando-aves-nativas\/","name":"Dupla \u00e9 presa capturando aves nativas - Regi\u00e3o News","isPartOf":{"@id":"https:\/\/regiaonews.net.br\/2022\/#website"},"primaryImageOfPage":{"@id":"https:\/\/regiaonews.net.br\/2022\/2022\/11\/09\/dupla-e-presa-capturando-aves-nativas\/#primaryimage"},"image":{"@id":"https:\/\/regiaonews.net.br\/2022\/2022\/11\/09\/dupla-e-presa-capturando-aves-nativas\/#primaryimage"},"thumbnailUrl":"https:\/\/regiaonews.net.br\/2022\/wp-content\/uploads\/2022\/11\/IMG-20221109-WA0052.jpg","datePublished":"2022-11-09T10:08:39+00:00","breadcrumb":{"@id":"https:\/\/regiaonews.net.br\/2022\/2022\/11\/09\/dupla-e-presa-capturando-aves-nativas\/#breadcrumb"},"inLanguage":"pt-BR","potentialAction":[{"@type":"ReadAction","target":["https:\/\/regiaonews.net.br\/2022\/2022\/11\/09\/dupla-e-presa-capturando-aves-nativas\/"]}]},{"@type":"ImageObject","inLanguage":"pt-BR","@id":"https:\/\/regiaonews.net.br\/2022\/2022\/11\/09\/dupla-e-presa-capturando-aves-nativas\/#primaryimage","url":"https:\/\/regiaonews.net.br\/2022\/wp-content\/uploads\/2022\/11\/IMG-20221109-WA0052.jpg","contentUrl":"https:\/\/regiaonews.net.br\/2022\/wp-content\/uploads\/2022\/11\/IMG-20221109-WA0052.jpg","width":1280,"height":720},{"@type":"BreadcrumbList","@id":"https:\/\/regiaonews.net.br\/2022\/2022\/11\/09\/dupla-e-presa-capturando-aves-nativas\/#breadcrumb","itemListElement":[{"@type":"ListItem","position":1,"name":"In\u00edcio","item":"https:\/\/regiaonews.net.br\/2022\/"},{"@type":"ListItem","position":2,"name":"Dupla \u00e9 presa capturando aves nativas"}]},{"@type":"WebSite","@id":"https:\/\/regiaonews.net.br\/2022\/#website","url":"https:\/\/regiaonews.net.br\/2022\/","name":"Regi\u00e3o News","description":"Site de Not\u00edcias de Barretos e regi\u00e3o","publisher":{"@id":"https:\/\/regiaonews.net.br\/2022\/#organization"},"potentialAction":[{"@type":"SearchAction","target":{"@type":"EntryPoint","urlTemplate":"https:\/\/regiaonews.net.br\/2022\/?s={search_term_string}"},"query-input":{"@type":"PropertyValueSpecification","valueRequired":true,"valueName":"search_term_string"}}],"inLanguage":"pt-BR"},{"@type":"Organization","@id":"https:\/\/regiaonews.net.br\/2022\/#organization","name":"Regi\u00e3o News","url":"https:\/\/regiaonews.net.br\/2022\/","logo":{"@type":"ImageObject","inLanguage":"pt-BR","@id":"https:\/\/regiaonews.net.br\/2022\/#\/schema\/logo\/image\/","url":"https:\/\/regiaonews.net.br\/2022\/wp-content\/uploads\/2026\/03\/regiao-13-anos-scaled.jpg","contentUrl":"https:\/\/regiaonews.net.br\/2022\/wp-content\/uploads\/2026\/03\/regiao-13-anos-scaled.jpg","width":2560,"height":635,"caption":"Regi\u00e3o News"},"image":{"@id":"https:\/\/regiaonews.net.br\/2022\/#\/schema\/logo\/image\/"}},{"@type":"Person","@id":"https:\/\/regiaonews.net.br\/2022\/#\/schema\/person\/2d205a608a5aa97ac279d7a5e6d89ad8","name":"Roberto","image":{"@type":"ImageObject","inLanguage":"pt-BR","@id":"https:\/\/secure.gravatar.com\/avatar\/42749d8b712ff9d59ca93dc150494e5b55a44134482993f5baeb97e61b7ecc89?s=96&d=mm&r=g","url":"https:\/\/secure.gravatar.com\/avatar\/42749d8b712ff9d59ca93dc150494e5b55a44134482993f5baeb97e61b7ecc89?s=96&d=mm&r=g","contentUrl":"https:\/\/secure.gravatar.com\/avatar\/42749d8b712ff9d59ca93dc150494e5b55a44134482993f5baeb97e61b7ecc89?s=96&d=mm&r=g","caption":"Roberto"},"url":"https:\/\/regiaonews.net.br\/2022\/author\/roberto\/"}]}},"publishpress_future_action":{"enabled":false,"date":"2026-05-09 02:31:33","action":"change-status","newStatus":"draft","terms":[],"taxonomy":"category","extraData":[]},"publishpress_future_workflow_manual_trigger":{"enabledWorkflows":[]},"_links":{"self":[{"href":"https:\/\/regiaonews.net.br\/2022\/wp-json\/wp\/v2\/posts\/80522","targetHints":{"allow":["GET"]}}],"collection":[{"href":"https:\/\/regiaonews.net.br\/2022\/wp-json\/wp\/v2\/posts"}],"about":[{"href":"https:\/\/regiaonews.net.br\/2022\/wp-json\/wp\/v2\/types\/post"}],"author":[{"embeddable":true,"href":"https:\/\/regiaonews.net.br\/2022\/wp-json\/wp\/v2\/users\/2"}],"replies":[{"embeddable":true,"href":"https:\/\/regiaonews.net.br\/2022\/wp-json\/wp\/v2\/comments?post=80522"}],"version-history":[{"count":1,"href":"https:\/\/regiaonews.net.br\/2022\/wp-json\/wp\/v2\/posts\/80522\/revisions"}],"predecessor-version":[{"id":80526,"href":"https:\/\/regiaonews.net.br\/2022\/wp-json\/wp\/v2\/posts\/80522\/revisions\/80526"}],"wp:featuredmedia":[{"embeddable":true,"href":"https:\/\/regiaonews.net.br\/2022\/wp-json\/wp\/v2\/media\/80523"}],"wp:attachment":[{"href":"https:\/\/regiaonews.net.br\/2022\/wp-json\/wp\/v2\/media?parent=80522"}],"wp:term":[{"taxonomy":"category","embeddable":true,"href":"https:\/\/regiaonews.net.br\/2022\/wp-json\/wp\/v2\/categories?post=80522"},{"taxonomy":"post_tag","embeddable":true,"href":"https:\/\/regiaonews.net.br\/2022\/wp-json\/wp\/v2\/tags?post=80522"}],"curies":[{"name":"wp","href":"https:\/\/api.w.org\/{rel}","templated":true}]}}