{"id":79874,"date":"2022-10-24T11:50:07","date_gmt":"2022-10-24T14:50:07","guid":{"rendered":"https:\/\/regiaonews.net.br\/2022\/?p=79874"},"modified":"2022-10-24T11:50:07","modified_gmt":"2022-10-24T14:50:07","slug":"ex-deputado-roberto-jefferson-esta-preso-em-benfica","status":"publish","type":"post","link":"https:\/\/regiaonews.net.br\/2022\/2022\/10\/24\/ex-deputado-roberto-jefferson-esta-preso-em-benfica\/","title":{"rendered":"Ex-deputado Roberto Jefferson est\u00e1 preso em Benfica"},"content":{"rendered":"<div class=\"row\">\n<h3 class=\"col-10 offset-1 animated fadeInDown dealy-900 display-8 display-md-8 alt-font font-italic my-1 text-center\" style=\"text-align: center;\">Parlamentar deve participar, ainda hoje, de audi\u00eancia de cust\u00f3dia.<\/h3>\n<p>O ex-deputado federal Roberto Jefferson est\u00e1 preso no Pres\u00eddio Jos\u00e9 Frederico Marques, tamb\u00e9m conhecido como cadeia de Benfica, na zona norte do Rio<span id=\"OBJ_PREFIX_DWT152_com_zimbra_date\" role=\"link\">\u00a0de Janeiro<\/span>. O ex-parlamentar, que estava em pris\u00e3o domiciliar, teve que retornar ao sistema penitenci\u00e1rio por decis\u00e3o do Supremo Tribunal Federal (STF).<img decoding=\"async\" src=\"https:\/\/agenciabrasil.ebc.com.br\/ebc.png?id=1489757&amp;o=node\" \/><img decoding=\"async\" src=\"https:\/\/agenciabrasil.ebc.com.br\/ebc.gif?id=1489757&amp;o=node\" \/><\/p>\n<p>O ministro do STF Alexandre de Moraes decidiu que Jefferson deveria voltar \u00e0 pris\u00e3o preventiva pelo descumprimento de\u00a0medidas cautelares impostas, como n\u00e3o postar nas redes sociais. Na \u00faltima\u00a0<span id=\"OBJ_PREFIX_DWT153_com_zimbra_date\" role=\"link\">sexta<\/span>-feira (21), em v\u00eddeo publicado na internet, Jefferson atacou a ministra C\u00e1rmen L\u00facia, referindo-se a ela com palavras de baixo cal\u00e3o.<\/p>\n<p>Durante o cumprimento da decis\u00e3o do STF\u00a0<span id=\"OBJ_PREFIX_DWT154_com_zimbra_date\" role=\"link\">ontem<\/span>\u00a0(23), na casa de Jefferson, em Levy Gasparian, no interior do estado, o ex-parlamentar reagiu \u00e0 pris\u00e3o, lan\u00e7ando uma granada e atirando contra a equipe da Pol\u00edcia Federal (PF).<\/p>\n<p>Dois policiais\u00a0foram atingidos por\u00a0estilha\u00e7os da granada lan\u00e7ada por Jefferson e tiveram ferimentos leves.<\/p>\n<p>O mandado de pris\u00e3o s\u00f3 foi conclu\u00eddo \u00e0 noite, depois de uma intensa negocia\u00e7\u00e3o entre a PF e o ex-deputado. Al\u00e9m do cumprimento do mandado do STF, a PF\u00a0prendeu Roberto Jefferson em flagrante por tentativa de homic\u00eddio, segundo nota divulgada pela pol\u00edcia.<\/p>\n<p>Antes de ser encaminhado \u00e0 cadeia de Benfica, Jefferson foi levado inicialmente \u00e0 Superintend\u00eancia da PF no Rio<span id=\"OBJ_PREFIX_DWT155_com_zimbra_date\" role=\"link\">\u00a0de Janeiro<\/span>\u00a0para a lavratura do auto de pris\u00e3o em flagrante e outras formalidades referentes ao cumprimento do mandado de pris\u00e3o.<\/p>\n<p>\u201cA Pol\u00edcia Federal reafirma que agiu com toda a t\u00e9cnica e protocolos exigidos para a resolu\u00e7\u00e3o de crises, culminando com a rendi\u00e7\u00e3o do preso\u201d, informa nota da PF.<\/p>\n<p>Segundo a Secretaria Estadual de Administra\u00e7\u00e3o Penitenci\u00e1ria do Rio (Seap), Roberto Jefferson participar\u00e1, ainda\u00a0<span id=\"OBJ_PREFIX_DWT156_com_zimbra_date\" role=\"link\">hoje<\/span>, de uma audi\u00eancia de cust\u00f3dia.<\/p>\n<p>O ministro Alexandre de Moraes publicou, na noite de ontem, uma nota em seu perfil no Twitter em que se solidariza com os policiais feridos. \u201cParab\u00e9ns pelo competente e profissional trabalho da Pol\u00edcia Federal, orgulho de todos n\u00f3s brasileiros e brasileiras. Inadmiss\u00edvel qualquer agress\u00e3o contra os policiais. Me solidarizo com a agente Karina Oliveira e com o delegado Marcelo Vilella que foram, covardemente, feridos\u201d.<\/p>\n<p>O presidente da Rep\u00fablica, Jair Bolsonaro, inicialmente publicou um texto no Twitter repudiando a postura de Jefferson, em rela\u00e7\u00e3o a C\u00e1rmen L\u00facia e \u00e0 sua a\u00e7\u00e3o armada contra os policiais, mas tamb\u00e9m criticando a exist\u00eancia do que ele chamou de \u201cinqu\u00e9ritos sem nenhum respaldo na Constitui\u00e7\u00e3o e sem a atua\u00e7\u00e3o do MP&#8221;.<\/p>\n<p>Mais tarde, Bolsonaro publicou um v\u00eddeo em que chama o ex-deputado de bandido. \u201cComo determinei ao ministro da Justi\u00e7a, Anderson Torres, Roberto Jefferson acaba de ser preso. O tratamento dispensado a quem atira em policial \u00e9 o de bandido. Presto minha solidariedade aos policiais feridos no epis\u00f3dio\u201d.<\/p>\n<p>O ministro da Justi\u00e7a tamb\u00e9m publicou um v\u00eddeo nas redes sociais do minist\u00e9rio, em que classifica a rea\u00e7\u00e3o de Jefferson \u00e0 pris\u00e3o como \u201cum grave epis\u00f3dio\u201d. \u201cEsse epis\u00f3dio motivou nossa vinda at\u00e9 aqui, \u00e0 Delegacia de Juiz de Fora da Pol\u00edcia Federal para acompanhar os trabalhos e para ver o desdobramento desses fatos. Realmente fatos graves que nos chamam a aten\u00e7\u00e3o. Nesse momento, gostaria de me solidarizar com os policiais federais machucados nesse evento. Gra\u00e7as a Deus, todos est\u00e3o bem\u201d, disse.<\/p>\n<p>O ministro, que chama Jefferson de \u201cinfrator\u201d, tamb\u00e9m se solidarizou com a ministra C\u00e1rmen L\u00facia pelos ataques verbais que ela sofreu do ex-deputado.<\/p>\n<p>Tamb\u00e9m por meio das redes sociais, o candidato do PT \u00e0 Presid\u00eancia da Rep\u00fablica, Luiz In\u00e1cio Lula da Silva, disse que as ofensas contra C\u00e1rmen L\u00facia n\u00e3o podem ser aceitas por ningu\u00e9m que respeita a democracia. &#8220;Criaram na sociedade uma parcela violenta. Uma m\u00e1quina de destrui\u00e7\u00e3o de valores democr\u00e1ticos. Isso gera o comportamento como o que vimos hoje&#8221;.<\/p>\n<p>&#8220;Minha solidariedade ao delegado Marcelo Vilella e \u00e0\u00a0policial Karina Lino Miranda de Oliveira, feridos quando estavam apenas exercendo seu dever. Torcendo pela r\u00e1pida recupera\u00e7\u00e3o&#8221;, completou.<\/p>\n<\/div>\n","protected":false},"excerpt":{"rendered":"<p>Parlamentar deve participar, ainda hoje, de audi\u00eancia de cust\u00f3dia. O<\/p>\n","protected":false},"author":2,"featured_media":79875,"comment_status":"open","ping_status":"open","sticky":false,"template":"","format":"standard","meta":{"footnotes":""},"categories":[25,23],"tags":[],"class_list":["post-79874","post","type-post","status-publish","format-standard","has-post-thumbnail","hentry","category-cidades","category-policia"],"yoast_head":"<!-- This site is optimized with the Yoast SEO plugin v27.5 - https:\/\/yoast.com\/product\/yoast-seo-wordpress\/ -->\n<title>Ex-deputado Roberto Jefferson est\u00e1 preso em Benfica - Regi\u00e3o News<\/title>\n<meta name=\"robots\" content=\"index, follow, max-snippet:-1, max-image-preview:large, max-video-preview:-1\" \/>\n<link rel=\"canonical\" href=\"https:\/\/regiaonews.net.br\/2022\/2022\/10\/24\/ex-deputado-roberto-jefferson-esta-preso-em-benfica\/\" \/>\n<meta property=\"og:locale\" content=\"pt_BR\" \/>\n<meta property=\"og:type\" content=\"article\" \/>\n<meta property=\"og:title\" content=\"Ex-deputado Roberto Jefferson est\u00e1 preso em Benfica - Regi\u00e3o News\" \/>\n<meta property=\"og:description\" content=\"Parlamentar deve participar, ainda hoje, de audi\u00eancia de cust\u00f3dia. O\" \/>\n<meta property=\"og:url\" content=\"https:\/\/regiaonews.net.br\/2022\/2022\/10\/24\/ex-deputado-roberto-jefferson-esta-preso-em-benfica\/\" \/>\n<meta property=\"og:site_name\" content=\"Regi\u00e3o News\" \/>\n<meta property=\"article:published_time\" content=\"2022-10-24T14:50:07+00:00\" \/>\n<meta property=\"og:image\" content=\"https:\/\/regiaonews.net.br\/2022\/wp-content\/uploads\/2022\/10\/roberto_jefferson_1079858-vacampt_07062017_vac_3750.jpg\" \/>\n\t<meta property=\"og:image:width\" content=\"1170\" \/>\n\t<meta property=\"og:image:height\" content=\"700\" \/>\n\t<meta property=\"og:image:type\" content=\"image\/jpeg\" \/>\n<meta name=\"author\" content=\"Roberto\" \/>\n<meta name=\"twitter:card\" content=\"summary_large_image\" \/>\n<meta name=\"twitter:label1\" content=\"Escrito por\" \/>\n\t<meta name=\"twitter:data1\" content=\"Roberto\" \/>\n\t<meta name=\"twitter:label2\" content=\"Est. tempo de leitura\" \/>\n\t<meta name=\"twitter:data2\" content=\"4 minutos\" \/>\n<script type=\"application\/ld+json\" class=\"yoast-schema-graph\">{\"@context\":\"https:\\\/\\\/schema.org\",\"@graph\":[{\"@type\":\"Article\",\"@id\":\"https:\\\/\\\/regiaonews.net.br\\\/2022\\\/2022\\\/10\\\/24\\\/ex-deputado-roberto-jefferson-esta-preso-em-benfica\\\/#article\",\"isPartOf\":{\"@id\":\"https:\\\/\\\/regiaonews.net.br\\\/2022\\\/2022\\\/10\\\/24\\\/ex-deputado-roberto-jefferson-esta-preso-em-benfica\\\/\"},\"author\":{\"name\":\"Roberto\",\"@id\":\"https:\\\/\\\/regiaonews.net.br\\\/2022\\\/#\\\/schema\\\/person\\\/2d205a608a5aa97ac279d7a5e6d89ad8\"},\"headline\":\"Ex-deputado Roberto Jefferson est\u00e1 preso em Benfica\",\"datePublished\":\"2022-10-24T14:50:07+00:00\",\"mainEntityOfPage\":{\"@id\":\"https:\\\/\\\/regiaonews.net.br\\\/2022\\\/2022\\\/10\\\/24\\\/ex-deputado-roberto-jefferson-esta-preso-em-benfica\\\/\"},\"wordCount\":713,\"commentCount\":0,\"publisher\":{\"@id\":\"https:\\\/\\\/regiaonews.net.br\\\/2022\\\/#organization\"},\"image\":{\"@id\":\"https:\\\/\\\/regiaonews.net.br\\\/2022\\\/2022\\\/10\\\/24\\\/ex-deputado-roberto-jefferson-esta-preso-em-benfica\\\/#primaryimage\"},\"thumbnailUrl\":\"https:\\\/\\\/regiaonews.net.br\\\/2022\\\/wp-content\\\/uploads\\\/2022\\\/10\\\/roberto_jefferson_1079858-vacampt_07062017_vac_3750.jpg\",\"articleSection\":[\"Cidades\",\"Policia\"],\"inLanguage\":\"pt-BR\",\"potentialAction\":[{\"@type\":\"CommentAction\",\"name\":\"Comment\",\"target\":[\"https:\\\/\\\/regiaonews.net.br\\\/2022\\\/2022\\\/10\\\/24\\\/ex-deputado-roberto-jefferson-esta-preso-em-benfica\\\/#respond\"]}]},{\"@type\":\"WebPage\",\"@id\":\"https:\\\/\\\/regiaonews.net.br\\\/2022\\\/2022\\\/10\\\/24\\\/ex-deputado-roberto-jefferson-esta-preso-em-benfica\\\/\",\"url\":\"https:\\\/\\\/regiaonews.net.br\\\/2022\\\/2022\\\/10\\\/24\\\/ex-deputado-roberto-jefferson-esta-preso-em-benfica\\\/\",\"name\":\"Ex-deputado Roberto Jefferson est\u00e1 preso em Benfica - Regi\u00e3o News\",\"isPartOf\":{\"@id\":\"https:\\\/\\\/regiaonews.net.br\\\/2022\\\/#website\"},\"primaryImageOfPage\":{\"@id\":\"https:\\\/\\\/regiaonews.net.br\\\/2022\\\/2022\\\/10\\\/24\\\/ex-deputado-roberto-jefferson-esta-preso-em-benfica\\\/#primaryimage\"},\"image\":{\"@id\":\"https:\\\/\\\/regiaonews.net.br\\\/2022\\\/2022\\\/10\\\/24\\\/ex-deputado-roberto-jefferson-esta-preso-em-benfica\\\/#primaryimage\"},\"thumbnailUrl\":\"https:\\\/\\\/regiaonews.net.br\\\/2022\\\/wp-content\\\/uploads\\\/2022\\\/10\\\/roberto_jefferson_1079858-vacampt_07062017_vac_3750.jpg\",\"datePublished\":\"2022-10-24T14:50:07+00:00\",\"breadcrumb\":{\"@id\":\"https:\\\/\\\/regiaonews.net.br\\\/2022\\\/2022\\\/10\\\/24\\\/ex-deputado-roberto-jefferson-esta-preso-em-benfica\\\/#breadcrumb\"},\"inLanguage\":\"pt-BR\",\"potentialAction\":[{\"@type\":\"ReadAction\",\"target\":[\"https:\\\/\\\/regiaonews.net.br\\\/2022\\\/2022\\\/10\\\/24\\\/ex-deputado-roberto-jefferson-esta-preso-em-benfica\\\/\"]}]},{\"@type\":\"ImageObject\",\"inLanguage\":\"pt-BR\",\"@id\":\"https:\\\/\\\/regiaonews.net.br\\\/2022\\\/2022\\\/10\\\/24\\\/ex-deputado-roberto-jefferson-esta-preso-em-benfica\\\/#primaryimage\",\"url\":\"https:\\\/\\\/regiaonews.net.br\\\/2022\\\/wp-content\\\/uploads\\\/2022\\\/10\\\/roberto_jefferson_1079858-vacampt_07062017_vac_3750.jpg\",\"contentUrl\":\"https:\\\/\\\/regiaonews.net.br\\\/2022\\\/wp-content\\\/uploads\\\/2022\\\/10\\\/roberto_jefferson_1079858-vacampt_07062017_vac_3750.jpg\",\"width\":1170,\"height\":700,\"caption\":\"Bras\u00edlia - Presidente Nacional do Partido Trabalhista Brasileiro (PTB), Roberto Jefferson, fala \u00e0 imprensa ap\u00f3s reuni\u00e3o com o presidente Michel Temer, no Pal\u00e1cio do Planalto (Valter Campanato\\\/Ag\u00eancia Brasil)\"},{\"@type\":\"BreadcrumbList\",\"@id\":\"https:\\\/\\\/regiaonews.net.br\\\/2022\\\/2022\\\/10\\\/24\\\/ex-deputado-roberto-jefferson-esta-preso-em-benfica\\\/#breadcrumb\",\"itemListElement\":[{\"@type\":\"ListItem\",\"position\":1,\"name\":\"In\u00edcio\",\"item\":\"https:\\\/\\\/regiaonews.net.br\\\/2022\\\/\"},{\"@type\":\"ListItem\",\"position\":2,\"name\":\"Ex-deputado Roberto Jefferson est\u00e1 preso em Benfica\"}]},{\"@type\":\"WebSite\",\"@id\":\"https:\\\/\\\/regiaonews.net.br\\\/2022\\\/#website\",\"url\":\"https:\\\/\\\/regiaonews.net.br\\\/2022\\\/\",\"name\":\"Regi\u00e3o News\",\"description\":\"Site de Not\u00edcias de Barretos e regi\u00e3o\",\"publisher\":{\"@id\":\"https:\\\/\\\/regiaonews.net.br\\\/2022\\\/#organization\"},\"potentialAction\":[{\"@type\":\"SearchAction\",\"target\":{\"@type\":\"EntryPoint\",\"urlTemplate\":\"https:\\\/\\\/regiaonews.net.br\\\/2022\\\/?s={search_term_string}\"},\"query-input\":{\"@type\":\"PropertyValueSpecification\",\"valueRequired\":true,\"valueName\":\"search_term_string\"}}],\"inLanguage\":\"pt-BR\"},{\"@type\":\"Organization\",\"@id\":\"https:\\\/\\\/regiaonews.net.br\\\/2022\\\/#organization\",\"name\":\"Regi\u00e3o News\",\"url\":\"https:\\\/\\\/regiaonews.net.br\\\/2022\\\/\",\"logo\":{\"@type\":\"ImageObject\",\"inLanguage\":\"pt-BR\",\"@id\":\"https:\\\/\\\/regiaonews.net.br\\\/2022\\\/#\\\/schema\\\/logo\\\/image\\\/\",\"url\":\"https:\\\/\\\/regiaonews.net.br\\\/2022\\\/wp-content\\\/uploads\\\/2026\\\/03\\\/regiao-13-anos-scaled.jpg\",\"contentUrl\":\"https:\\\/\\\/regiaonews.net.br\\\/2022\\\/wp-content\\\/uploads\\\/2026\\\/03\\\/regiao-13-anos-scaled.jpg\",\"width\":2560,\"height\":635,\"caption\":\"Regi\u00e3o News\"},\"image\":{\"@id\":\"https:\\\/\\\/regiaonews.net.br\\\/2022\\\/#\\\/schema\\\/logo\\\/image\\\/\"}},{\"@type\":\"Person\",\"@id\":\"https:\\\/\\\/regiaonews.net.br\\\/2022\\\/#\\\/schema\\\/person\\\/2d205a608a5aa97ac279d7a5e6d89ad8\",\"name\":\"Roberto\",\"image\":{\"@type\":\"ImageObject\",\"inLanguage\":\"pt-BR\",\"@id\":\"https:\\\/\\\/secure.gravatar.com\\\/avatar\\\/42749d8b712ff9d59ca93dc150494e5b55a44134482993f5baeb97e61b7ecc89?s=96&d=mm&r=g\",\"url\":\"https:\\\/\\\/secure.gravatar.com\\\/avatar\\\/42749d8b712ff9d59ca93dc150494e5b55a44134482993f5baeb97e61b7ecc89?s=96&d=mm&r=g\",\"contentUrl\":\"https:\\\/\\\/secure.gravatar.com\\\/avatar\\\/42749d8b712ff9d59ca93dc150494e5b55a44134482993f5baeb97e61b7ecc89?s=96&d=mm&r=g\",\"caption\":\"Roberto\"},\"url\":\"https:\\\/\\\/regiaonews.net.br\\\/2022\\\/author\\\/roberto\\\/\"}]}<\/script>\n<!-- \/ Yoast SEO plugin. -->","yoast_head_json":{"title":"Ex-deputado Roberto Jefferson est\u00e1 preso em Benfica - Regi\u00e3o News","robots":{"index":"index","follow":"follow","max-snippet":"max-snippet:-1","max-image-preview":"max-image-preview:large","max-video-preview":"max-video-preview:-1"},"canonical":"https:\/\/regiaonews.net.br\/2022\/2022\/10\/24\/ex-deputado-roberto-jefferson-esta-preso-em-benfica\/","og_locale":"pt_BR","og_type":"article","og_title":"Ex-deputado Roberto Jefferson est\u00e1 preso em Benfica - Regi\u00e3o News","og_description":"Parlamentar deve participar, ainda hoje, de audi\u00eancia de cust\u00f3dia. O","og_url":"https:\/\/regiaonews.net.br\/2022\/2022\/10\/24\/ex-deputado-roberto-jefferson-esta-preso-em-benfica\/","og_site_name":"Regi\u00e3o News","article_published_time":"2022-10-24T14:50:07+00:00","og_image":[{"width":1170,"height":700,"url":"https:\/\/regiaonews.net.br\/2022\/wp-content\/uploads\/2022\/10\/roberto_jefferson_1079858-vacampt_07062017_vac_3750.jpg","type":"image\/jpeg"}],"author":"Roberto","twitter_card":"summary_large_image","twitter_misc":{"Escrito por":"Roberto","Est. tempo de leitura":"4 minutos"},"schema":{"@context":"https:\/\/schema.org","@graph":[{"@type":"Article","@id":"https:\/\/regiaonews.net.br\/2022\/2022\/10\/24\/ex-deputado-roberto-jefferson-esta-preso-em-benfica\/#article","isPartOf":{"@id":"https:\/\/regiaonews.net.br\/2022\/2022\/10\/24\/ex-deputado-roberto-jefferson-esta-preso-em-benfica\/"},"author":{"name":"Roberto","@id":"https:\/\/regiaonews.net.br\/2022\/#\/schema\/person\/2d205a608a5aa97ac279d7a5e6d89ad8"},"headline":"Ex-deputado Roberto Jefferson est\u00e1 preso em Benfica","datePublished":"2022-10-24T14:50:07+00:00","mainEntityOfPage":{"@id":"https:\/\/regiaonews.net.br\/2022\/2022\/10\/24\/ex-deputado-roberto-jefferson-esta-preso-em-benfica\/"},"wordCount":713,"commentCount":0,"publisher":{"@id":"https:\/\/regiaonews.net.br\/2022\/#organization"},"image":{"@id":"https:\/\/regiaonews.net.br\/2022\/2022\/10\/24\/ex-deputado-roberto-jefferson-esta-preso-em-benfica\/#primaryimage"},"thumbnailUrl":"https:\/\/regiaonews.net.br\/2022\/wp-content\/uploads\/2022\/10\/roberto_jefferson_1079858-vacampt_07062017_vac_3750.jpg","articleSection":["Cidades","Policia"],"inLanguage":"pt-BR","potentialAction":[{"@type":"CommentAction","name":"Comment","target":["https:\/\/regiaonews.net.br\/2022\/2022\/10\/24\/ex-deputado-roberto-jefferson-esta-preso-em-benfica\/#respond"]}]},{"@type":"WebPage","@id":"https:\/\/regiaonews.net.br\/2022\/2022\/10\/24\/ex-deputado-roberto-jefferson-esta-preso-em-benfica\/","url":"https:\/\/regiaonews.net.br\/2022\/2022\/10\/24\/ex-deputado-roberto-jefferson-esta-preso-em-benfica\/","name":"Ex-deputado Roberto Jefferson est\u00e1 preso em Benfica - Regi\u00e3o News","isPartOf":{"@id":"https:\/\/regiaonews.net.br\/2022\/#website"},"primaryImageOfPage":{"@id":"https:\/\/regiaonews.net.br\/2022\/2022\/10\/24\/ex-deputado-roberto-jefferson-esta-preso-em-benfica\/#primaryimage"},"image":{"@id":"https:\/\/regiaonews.net.br\/2022\/2022\/10\/24\/ex-deputado-roberto-jefferson-esta-preso-em-benfica\/#primaryimage"},"thumbnailUrl":"https:\/\/regiaonews.net.br\/2022\/wp-content\/uploads\/2022\/10\/roberto_jefferson_1079858-vacampt_07062017_vac_3750.jpg","datePublished":"2022-10-24T14:50:07+00:00","breadcrumb":{"@id":"https:\/\/regiaonews.net.br\/2022\/2022\/10\/24\/ex-deputado-roberto-jefferson-esta-preso-em-benfica\/#breadcrumb"},"inLanguage":"pt-BR","potentialAction":[{"@type":"ReadAction","target":["https:\/\/regiaonews.net.br\/2022\/2022\/10\/24\/ex-deputado-roberto-jefferson-esta-preso-em-benfica\/"]}]},{"@type":"ImageObject","inLanguage":"pt-BR","@id":"https:\/\/regiaonews.net.br\/2022\/2022\/10\/24\/ex-deputado-roberto-jefferson-esta-preso-em-benfica\/#primaryimage","url":"https:\/\/regiaonews.net.br\/2022\/wp-content\/uploads\/2022\/10\/roberto_jefferson_1079858-vacampt_07062017_vac_3750.jpg","contentUrl":"https:\/\/regiaonews.net.br\/2022\/wp-content\/uploads\/2022\/10\/roberto_jefferson_1079858-vacampt_07062017_vac_3750.jpg","width":1170,"height":700,"caption":"Bras\u00edlia - Presidente Nacional do Partido Trabalhista Brasileiro (PTB), Roberto Jefferson, fala \u00e0 imprensa ap\u00f3s reuni\u00e3o com o presidente Michel Temer, no Pal\u00e1cio do Planalto (Valter Campanato\/Ag\u00eancia Brasil)"},{"@type":"BreadcrumbList","@id":"https:\/\/regiaonews.net.br\/2022\/2022\/10\/24\/ex-deputado-roberto-jefferson-esta-preso-em-benfica\/#breadcrumb","itemListElement":[{"@type":"ListItem","position":1,"name":"In\u00edcio","item":"https:\/\/regiaonews.net.br\/2022\/"},{"@type":"ListItem","position":2,"name":"Ex-deputado Roberto Jefferson est\u00e1 preso em Benfica"}]},{"@type":"WebSite","@id":"https:\/\/regiaonews.net.br\/2022\/#website","url":"https:\/\/regiaonews.net.br\/2022\/","name":"Regi\u00e3o News","description":"Site de Not\u00edcias de Barretos e regi\u00e3o","publisher":{"@id":"https:\/\/regiaonews.net.br\/2022\/#organization"},"potentialAction":[{"@type":"SearchAction","target":{"@type":"EntryPoint","urlTemplate":"https:\/\/regiaonews.net.br\/2022\/?s={search_term_string}"},"query-input":{"@type":"PropertyValueSpecification","valueRequired":true,"valueName":"search_term_string"}}],"inLanguage":"pt-BR"},{"@type":"Organization","@id":"https:\/\/regiaonews.net.br\/2022\/#organization","name":"Regi\u00e3o News","url":"https:\/\/regiaonews.net.br\/2022\/","logo":{"@type":"ImageObject","inLanguage":"pt-BR","@id":"https:\/\/regiaonews.net.br\/2022\/#\/schema\/logo\/image\/","url":"https:\/\/regiaonews.net.br\/2022\/wp-content\/uploads\/2026\/03\/regiao-13-anos-scaled.jpg","contentUrl":"https:\/\/regiaonews.net.br\/2022\/wp-content\/uploads\/2026\/03\/regiao-13-anos-scaled.jpg","width":2560,"height":635,"caption":"Regi\u00e3o News"},"image":{"@id":"https:\/\/regiaonews.net.br\/2022\/#\/schema\/logo\/image\/"}},{"@type":"Person","@id":"https:\/\/regiaonews.net.br\/2022\/#\/schema\/person\/2d205a608a5aa97ac279d7a5e6d89ad8","name":"Roberto","image":{"@type":"ImageObject","inLanguage":"pt-BR","@id":"https:\/\/secure.gravatar.com\/avatar\/42749d8b712ff9d59ca93dc150494e5b55a44134482993f5baeb97e61b7ecc89?s=96&d=mm&r=g","url":"https:\/\/secure.gravatar.com\/avatar\/42749d8b712ff9d59ca93dc150494e5b55a44134482993f5baeb97e61b7ecc89?s=96&d=mm&r=g","contentUrl":"https:\/\/secure.gravatar.com\/avatar\/42749d8b712ff9d59ca93dc150494e5b55a44134482993f5baeb97e61b7ecc89?s=96&d=mm&r=g","caption":"Roberto"},"url":"https:\/\/regiaonews.net.br\/2022\/author\/roberto\/"}]}},"publishpress_future_action":{"enabled":false,"date":"2026-05-09 01:17:18","action":"change-status","newStatus":"draft","terms":[],"taxonomy":"category","extraData":[]},"publishpress_future_workflow_manual_trigger":{"enabledWorkflows":[]},"_links":{"self":[{"href":"https:\/\/regiaonews.net.br\/2022\/wp-json\/wp\/v2\/posts\/79874","targetHints":{"allow":["GET"]}}],"collection":[{"href":"https:\/\/regiaonews.net.br\/2022\/wp-json\/wp\/v2\/posts"}],"about":[{"href":"https:\/\/regiaonews.net.br\/2022\/wp-json\/wp\/v2\/types\/post"}],"author":[{"embeddable":true,"href":"https:\/\/regiaonews.net.br\/2022\/wp-json\/wp\/v2\/users\/2"}],"replies":[{"embeddable":true,"href":"https:\/\/regiaonews.net.br\/2022\/wp-json\/wp\/v2\/comments?post=79874"}],"version-history":[{"count":1,"href":"https:\/\/regiaonews.net.br\/2022\/wp-json\/wp\/v2\/posts\/79874\/revisions"}],"predecessor-version":[{"id":79876,"href":"https:\/\/regiaonews.net.br\/2022\/wp-json\/wp\/v2\/posts\/79874\/revisions\/79876"}],"wp:featuredmedia":[{"embeddable":true,"href":"https:\/\/regiaonews.net.br\/2022\/wp-json\/wp\/v2\/media\/79875"}],"wp:attachment":[{"href":"https:\/\/regiaonews.net.br\/2022\/wp-json\/wp\/v2\/media?parent=79874"}],"wp:term":[{"taxonomy":"category","embeddable":true,"href":"https:\/\/regiaonews.net.br\/2022\/wp-json\/wp\/v2\/categories?post=79874"},{"taxonomy":"post_tag","embeddable":true,"href":"https:\/\/regiaonews.net.br\/2022\/wp-json\/wp\/v2\/tags?post=79874"}],"curies":[{"name":"wp","href":"https:\/\/api.w.org\/{rel}","templated":true}]}}