{"id":79832,"date":"2022-10-23T17:31:57","date_gmt":"2022-10-23T20:31:57","guid":{"rendered":"https:\/\/regiaonews.net.br\/2022\/?p=79832"},"modified":"2022-10-23T21:46:14","modified_gmt":"2022-10-24T00:46:14","slug":"carro-com-pessoas-de-olimpia-capota-na-estrada-deixando-2-feridas-e-1-obito","status":"publish","type":"post","link":"https:\/\/regiaonews.net.br\/2022\/2022\/10\/23\/carro-com-pessoas-de-olimpia-capota-na-estrada-deixando-2-feridas-e-1-obito\/","title":{"rendered":"Carro com pessoas de Ol\u00edmpia capota e deixa feridos"},"content":{"rendered":"<p style=\"text-align: left;\">O acidente aconteceu por volta das 5h45 da manh\u00e3 desta domingo (23) pr\u00f3ximo a Mina Mercantil, logo na curva fechada \u00e0 esquerda para quem segue no sentido Ol\u00edmpia &#8211; Guaraci.<\/p>\n<p>Pelo que se sabe as v\u00edtimas do acidente, Lara Cleaver Afonso, condutora do carro, e a g\u00eamea Dara Cleaver Afonso, 26 anos,\u00a0 e a jovem Vitoria Molina Leite\u00a0da Silva, 25 anos, voltavam de um rancho no Riviera quando ocorreu o acidente.<\/p>\n<p>Consta que a Lara, em estado mais cr\u00edtico, foi transferida as pressas para o HB.<\/p>\n<p>O carro que uma delas dirigia trata-se de um Ford Eco Sport cor branca.<\/p>\n<p>&nbsp;<\/p>\n<p>O atendimento r\u00e1pido e preciso e que pode salvar vidas foi prestado pelos socorristas Lindomilton, Elaine e Juliana Ribeiro. Eles contaram com apoio de uma ambul\u00e2ncia branca da prefeitura municipal.<\/p>\n<p>&nbsp;<\/p>\n<p>FONTE\u00a0 :<em>Olimpia24horas<\/em><\/p>\n","protected":false},"excerpt":{"rendered":"<p>O acidente aconteceu por volta das 5h45 da manh\u00e3 desta<\/p>\n","protected":false},"author":2,"featured_media":5712,"comment_status":"open","ping_status":"open","sticky":false,"template":"","format":"standard","meta":{"footnotes":""},"categories":[178,23],"tags":[],"class_list":["post-79832","post","type-post","status-publish","format-standard","has-post-thumbnail","hentry","category-olimpia-2","category-policia"],"yoast_head":"<!-- This site is optimized with the Yoast SEO plugin v27.5 - https:\/\/yoast.com\/product\/yoast-seo-wordpress\/ -->\n<title>Carro com pessoas de Ol\u00edmpia capota e deixa feridos - Regi\u00e3o News<\/title>\n<meta name=\"robots\" content=\"index, follow, max-snippet:-1, max-image-preview:large, max-video-preview:-1\" \/>\n<link rel=\"canonical\" href=\"https:\/\/regiaonews.net.br\/2022\/2022\/10\/23\/carro-com-pessoas-de-olimpia-capota-na-estrada-deixando-2-feridas-e-1-obito\/\" \/>\n<meta property=\"og:locale\" content=\"pt_BR\" \/>\n<meta property=\"og:type\" content=\"article\" \/>\n<meta property=\"og:title\" content=\"Carro com pessoas de Ol\u00edmpia capota e deixa feridos - Regi\u00e3o News\" \/>\n<meta property=\"og:description\" content=\"O acidente aconteceu por volta das 5h45 da manh\u00e3 desta\" \/>\n<meta property=\"og:url\" content=\"https:\/\/regiaonews.net.br\/2022\/2022\/10\/23\/carro-com-pessoas-de-olimpia-capota-na-estrada-deixando-2-feridas-e-1-obito\/\" \/>\n<meta property=\"og:site_name\" content=\"Regi\u00e3o News\" \/>\n<meta property=\"article:published_time\" content=\"2022-10-23T20:31:57+00:00\" \/>\n<meta property=\"article:modified_time\" content=\"2022-10-24T00:46:14+00:00\" \/>\n<meta property=\"og:image\" content=\"https:\/\/regiaonews.net.br\/2022\/wp-content\/uploads\/2017\/06\/resgate-bombeiros-1.jpg\" \/>\n\t<meta property=\"og:image:width\" content=\"800\" \/>\n\t<meta property=\"og:image:height\" content=\"445\" \/>\n\t<meta property=\"og:image:type\" content=\"image\/jpeg\" \/>\n<meta name=\"author\" content=\"Roberto\" \/>\n<meta name=\"twitter:card\" content=\"summary_large_image\" \/>\n<meta name=\"twitter:label1\" content=\"Escrito por\" \/>\n\t<meta name=\"twitter:data1\" content=\"Roberto\" \/>\n\t<meta name=\"twitter:label2\" content=\"Est. tempo de leitura\" \/>\n\t<meta name=\"twitter:data2\" content=\"1 minuto\" \/>\n<script type=\"application\/ld+json\" class=\"yoast-schema-graph\">{\"@context\":\"https:\\\/\\\/schema.org\",\"@graph\":[{\"@type\":\"Article\",\"@id\":\"https:\\\/\\\/regiaonews.net.br\\\/2022\\\/2022\\\/10\\\/23\\\/carro-com-pessoas-de-olimpia-capota-na-estrada-deixando-2-feridas-e-1-obito\\\/#article\",\"isPartOf\":{\"@id\":\"https:\\\/\\\/regiaonews.net.br\\\/2022\\\/2022\\\/10\\\/23\\\/carro-com-pessoas-de-olimpia-capota-na-estrada-deixando-2-feridas-e-1-obito\\\/\"},\"author\":{\"name\":\"Roberto\",\"@id\":\"https:\\\/\\\/regiaonews.net.br\\\/2022\\\/#\\\/schema\\\/person\\\/2d205a608a5aa97ac279d7a5e6d89ad8\"},\"headline\":\"Carro com pessoas de Ol\u00edmpia capota e deixa feridos\",\"datePublished\":\"2022-10-23T20:31:57+00:00\",\"dateModified\":\"2022-10-24T00:46:14+00:00\",\"mainEntityOfPage\":{\"@id\":\"https:\\\/\\\/regiaonews.net.br\\\/2022\\\/2022\\\/10\\\/23\\\/carro-com-pessoas-de-olimpia-capota-na-estrada-deixando-2-feridas-e-1-obito\\\/\"},\"wordCount\":149,\"commentCount\":0,\"publisher\":{\"@id\":\"https:\\\/\\\/regiaonews.net.br\\\/2022\\\/#organization\"},\"image\":{\"@id\":\"https:\\\/\\\/regiaonews.net.br\\\/2022\\\/2022\\\/10\\\/23\\\/carro-com-pessoas-de-olimpia-capota-na-estrada-deixando-2-feridas-e-1-obito\\\/#primaryimage\"},\"thumbnailUrl\":\"https:\\\/\\\/regiaonews.net.br\\\/2022\\\/wp-content\\\/uploads\\\/2017\\\/06\\\/resgate-bombeiros-1.jpg\",\"articleSection\":[\"Ol\u00edmpia\",\"Policia\"],\"inLanguage\":\"pt-BR\",\"potentialAction\":[{\"@type\":\"CommentAction\",\"name\":\"Comment\",\"target\":[\"https:\\\/\\\/regiaonews.net.br\\\/2022\\\/2022\\\/10\\\/23\\\/carro-com-pessoas-de-olimpia-capota-na-estrada-deixando-2-feridas-e-1-obito\\\/#respond\"]}]},{\"@type\":\"WebPage\",\"@id\":\"https:\\\/\\\/regiaonews.net.br\\\/2022\\\/2022\\\/10\\\/23\\\/carro-com-pessoas-de-olimpia-capota-na-estrada-deixando-2-feridas-e-1-obito\\\/\",\"url\":\"https:\\\/\\\/regiaonews.net.br\\\/2022\\\/2022\\\/10\\\/23\\\/carro-com-pessoas-de-olimpia-capota-na-estrada-deixando-2-feridas-e-1-obito\\\/\",\"name\":\"Carro com pessoas de Ol\u00edmpia capota e deixa feridos - Regi\u00e3o News\",\"isPartOf\":{\"@id\":\"https:\\\/\\\/regiaonews.net.br\\\/2022\\\/#website\"},\"primaryImageOfPage\":{\"@id\":\"https:\\\/\\\/regiaonews.net.br\\\/2022\\\/2022\\\/10\\\/23\\\/carro-com-pessoas-de-olimpia-capota-na-estrada-deixando-2-feridas-e-1-obito\\\/#primaryimage\"},\"image\":{\"@id\":\"https:\\\/\\\/regiaonews.net.br\\\/2022\\\/2022\\\/10\\\/23\\\/carro-com-pessoas-de-olimpia-capota-na-estrada-deixando-2-feridas-e-1-obito\\\/#primaryimage\"},\"thumbnailUrl\":\"https:\\\/\\\/regiaonews.net.br\\\/2022\\\/wp-content\\\/uploads\\\/2017\\\/06\\\/resgate-bombeiros-1.jpg\",\"datePublished\":\"2022-10-23T20:31:57+00:00\",\"dateModified\":\"2022-10-24T00:46:14+00:00\",\"breadcrumb\":{\"@id\":\"https:\\\/\\\/regiaonews.net.br\\\/2022\\\/2022\\\/10\\\/23\\\/carro-com-pessoas-de-olimpia-capota-na-estrada-deixando-2-feridas-e-1-obito\\\/#breadcrumb\"},\"inLanguage\":\"pt-BR\",\"potentialAction\":[{\"@type\":\"ReadAction\",\"target\":[\"https:\\\/\\\/regiaonews.net.br\\\/2022\\\/2022\\\/10\\\/23\\\/carro-com-pessoas-de-olimpia-capota-na-estrada-deixando-2-feridas-e-1-obito\\\/\"]}]},{\"@type\":\"ImageObject\",\"inLanguage\":\"pt-BR\",\"@id\":\"https:\\\/\\\/regiaonews.net.br\\\/2022\\\/2022\\\/10\\\/23\\\/carro-com-pessoas-de-olimpia-capota-na-estrada-deixando-2-feridas-e-1-obito\\\/#primaryimage\",\"url\":\"https:\\\/\\\/regiaonews.net.br\\\/2022\\\/wp-content\\\/uploads\\\/2017\\\/06\\\/resgate-bombeiros-1.jpg\",\"contentUrl\":\"https:\\\/\\\/regiaonews.net.br\\\/2022\\\/wp-content\\\/uploads\\\/2017\\\/06\\\/resgate-bombeiros-1.jpg\",\"width\":800,\"height\":445,\"caption\":\"????????????????????????????????????\"},{\"@type\":\"BreadcrumbList\",\"@id\":\"https:\\\/\\\/regiaonews.net.br\\\/2022\\\/2022\\\/10\\\/23\\\/carro-com-pessoas-de-olimpia-capota-na-estrada-deixando-2-feridas-e-1-obito\\\/#breadcrumb\",\"itemListElement\":[{\"@type\":\"ListItem\",\"position\":1,\"name\":\"In\u00edcio\",\"item\":\"https:\\\/\\\/regiaonews.net.br\\\/2022\\\/\"},{\"@type\":\"ListItem\",\"position\":2,\"name\":\"Carro com pessoas de Ol\u00edmpia capota e deixa feridos\"}]},{\"@type\":\"WebSite\",\"@id\":\"https:\\\/\\\/regiaonews.net.br\\\/2022\\\/#website\",\"url\":\"https:\\\/\\\/regiaonews.net.br\\\/2022\\\/\",\"name\":\"Regi\u00e3o News\",\"description\":\"Site de Not\u00edcias de Barretos e regi\u00e3o\",\"publisher\":{\"@id\":\"https:\\\/\\\/regiaonews.net.br\\\/2022\\\/#organization\"},\"potentialAction\":[{\"@type\":\"SearchAction\",\"target\":{\"@type\":\"EntryPoint\",\"urlTemplate\":\"https:\\\/\\\/regiaonews.net.br\\\/2022\\\/?s={search_term_string}\"},\"query-input\":{\"@type\":\"PropertyValueSpecification\",\"valueRequired\":true,\"valueName\":\"search_term_string\"}}],\"inLanguage\":\"pt-BR\"},{\"@type\":\"Organization\",\"@id\":\"https:\\\/\\\/regiaonews.net.br\\\/2022\\\/#organization\",\"name\":\"Regi\u00e3o News\",\"url\":\"https:\\\/\\\/regiaonews.net.br\\\/2022\\\/\",\"logo\":{\"@type\":\"ImageObject\",\"inLanguage\":\"pt-BR\",\"@id\":\"https:\\\/\\\/regiaonews.net.br\\\/2022\\\/#\\\/schema\\\/logo\\\/image\\\/\",\"url\":\"https:\\\/\\\/regiaonews.net.br\\\/2022\\\/wp-content\\\/uploads\\\/2026\\\/03\\\/regiao-13-anos-scaled.jpg\",\"contentUrl\":\"https:\\\/\\\/regiaonews.net.br\\\/2022\\\/wp-content\\\/uploads\\\/2026\\\/03\\\/regiao-13-anos-scaled.jpg\",\"width\":2560,\"height\":635,\"caption\":\"Regi\u00e3o News\"},\"image\":{\"@id\":\"https:\\\/\\\/regiaonews.net.br\\\/2022\\\/#\\\/schema\\\/logo\\\/image\\\/\"}},{\"@type\":\"Person\",\"@id\":\"https:\\\/\\\/regiaonews.net.br\\\/2022\\\/#\\\/schema\\\/person\\\/2d205a608a5aa97ac279d7a5e6d89ad8\",\"name\":\"Roberto\",\"image\":{\"@type\":\"ImageObject\",\"inLanguage\":\"pt-BR\",\"@id\":\"https:\\\/\\\/secure.gravatar.com\\\/avatar\\\/42749d8b712ff9d59ca93dc150494e5b55a44134482993f5baeb97e61b7ecc89?s=96&d=mm&r=g\",\"url\":\"https:\\\/\\\/secure.gravatar.com\\\/avatar\\\/42749d8b712ff9d59ca93dc150494e5b55a44134482993f5baeb97e61b7ecc89?s=96&d=mm&r=g\",\"contentUrl\":\"https:\\\/\\\/secure.gravatar.com\\\/avatar\\\/42749d8b712ff9d59ca93dc150494e5b55a44134482993f5baeb97e61b7ecc89?s=96&d=mm&r=g\",\"caption\":\"Roberto\"},\"url\":\"https:\\\/\\\/regiaonews.net.br\\\/2022\\\/author\\\/roberto\\\/\"}]}<\/script>\n<!-- \/ Yoast SEO plugin. -->","yoast_head_json":{"title":"Carro com pessoas de Ol\u00edmpia capota e deixa feridos - Regi\u00e3o News","robots":{"index":"index","follow":"follow","max-snippet":"max-snippet:-1","max-image-preview":"max-image-preview:large","max-video-preview":"max-video-preview:-1"},"canonical":"https:\/\/regiaonews.net.br\/2022\/2022\/10\/23\/carro-com-pessoas-de-olimpia-capota-na-estrada-deixando-2-feridas-e-1-obito\/","og_locale":"pt_BR","og_type":"article","og_title":"Carro com pessoas de Ol\u00edmpia capota e deixa feridos - Regi\u00e3o News","og_description":"O acidente aconteceu por volta das 5h45 da manh\u00e3 desta","og_url":"https:\/\/regiaonews.net.br\/2022\/2022\/10\/23\/carro-com-pessoas-de-olimpia-capota-na-estrada-deixando-2-feridas-e-1-obito\/","og_site_name":"Regi\u00e3o News","article_published_time":"2022-10-23T20:31:57+00:00","article_modified_time":"2022-10-24T00:46:14+00:00","og_image":[{"width":800,"height":445,"url":"https:\/\/regiaonews.net.br\/2022\/wp-content\/uploads\/2017\/06\/resgate-bombeiros-1.jpg","type":"image\/jpeg"}],"author":"Roberto","twitter_card":"summary_large_image","twitter_misc":{"Escrito por":"Roberto","Est. tempo de leitura":"1 minuto"},"schema":{"@context":"https:\/\/schema.org","@graph":[{"@type":"Article","@id":"https:\/\/regiaonews.net.br\/2022\/2022\/10\/23\/carro-com-pessoas-de-olimpia-capota-na-estrada-deixando-2-feridas-e-1-obito\/#article","isPartOf":{"@id":"https:\/\/regiaonews.net.br\/2022\/2022\/10\/23\/carro-com-pessoas-de-olimpia-capota-na-estrada-deixando-2-feridas-e-1-obito\/"},"author":{"name":"Roberto","@id":"https:\/\/regiaonews.net.br\/2022\/#\/schema\/person\/2d205a608a5aa97ac279d7a5e6d89ad8"},"headline":"Carro com pessoas de Ol\u00edmpia capota e deixa feridos","datePublished":"2022-10-23T20:31:57+00:00","dateModified":"2022-10-24T00:46:14+00:00","mainEntityOfPage":{"@id":"https:\/\/regiaonews.net.br\/2022\/2022\/10\/23\/carro-com-pessoas-de-olimpia-capota-na-estrada-deixando-2-feridas-e-1-obito\/"},"wordCount":149,"commentCount":0,"publisher":{"@id":"https:\/\/regiaonews.net.br\/2022\/#organization"},"image":{"@id":"https:\/\/regiaonews.net.br\/2022\/2022\/10\/23\/carro-com-pessoas-de-olimpia-capota-na-estrada-deixando-2-feridas-e-1-obito\/#primaryimage"},"thumbnailUrl":"https:\/\/regiaonews.net.br\/2022\/wp-content\/uploads\/2017\/06\/resgate-bombeiros-1.jpg","articleSection":["Ol\u00edmpia","Policia"],"inLanguage":"pt-BR","potentialAction":[{"@type":"CommentAction","name":"Comment","target":["https:\/\/regiaonews.net.br\/2022\/2022\/10\/23\/carro-com-pessoas-de-olimpia-capota-na-estrada-deixando-2-feridas-e-1-obito\/#respond"]}]},{"@type":"WebPage","@id":"https:\/\/regiaonews.net.br\/2022\/2022\/10\/23\/carro-com-pessoas-de-olimpia-capota-na-estrada-deixando-2-feridas-e-1-obito\/","url":"https:\/\/regiaonews.net.br\/2022\/2022\/10\/23\/carro-com-pessoas-de-olimpia-capota-na-estrada-deixando-2-feridas-e-1-obito\/","name":"Carro com pessoas de Ol\u00edmpia capota e deixa feridos - Regi\u00e3o News","isPartOf":{"@id":"https:\/\/regiaonews.net.br\/2022\/#website"},"primaryImageOfPage":{"@id":"https:\/\/regiaonews.net.br\/2022\/2022\/10\/23\/carro-com-pessoas-de-olimpia-capota-na-estrada-deixando-2-feridas-e-1-obito\/#primaryimage"},"image":{"@id":"https:\/\/regiaonews.net.br\/2022\/2022\/10\/23\/carro-com-pessoas-de-olimpia-capota-na-estrada-deixando-2-feridas-e-1-obito\/#primaryimage"},"thumbnailUrl":"https:\/\/regiaonews.net.br\/2022\/wp-content\/uploads\/2017\/06\/resgate-bombeiros-1.jpg","datePublished":"2022-10-23T20:31:57+00:00","dateModified":"2022-10-24T00:46:14+00:00","breadcrumb":{"@id":"https:\/\/regiaonews.net.br\/2022\/2022\/10\/23\/carro-com-pessoas-de-olimpia-capota-na-estrada-deixando-2-feridas-e-1-obito\/#breadcrumb"},"inLanguage":"pt-BR","potentialAction":[{"@type":"ReadAction","target":["https:\/\/regiaonews.net.br\/2022\/2022\/10\/23\/carro-com-pessoas-de-olimpia-capota-na-estrada-deixando-2-feridas-e-1-obito\/"]}]},{"@type":"ImageObject","inLanguage":"pt-BR","@id":"https:\/\/regiaonews.net.br\/2022\/2022\/10\/23\/carro-com-pessoas-de-olimpia-capota-na-estrada-deixando-2-feridas-e-1-obito\/#primaryimage","url":"https:\/\/regiaonews.net.br\/2022\/wp-content\/uploads\/2017\/06\/resgate-bombeiros-1.jpg","contentUrl":"https:\/\/regiaonews.net.br\/2022\/wp-content\/uploads\/2017\/06\/resgate-bombeiros-1.jpg","width":800,"height":445,"caption":"????????????????????????????????????"},{"@type":"BreadcrumbList","@id":"https:\/\/regiaonews.net.br\/2022\/2022\/10\/23\/carro-com-pessoas-de-olimpia-capota-na-estrada-deixando-2-feridas-e-1-obito\/#breadcrumb","itemListElement":[{"@type":"ListItem","position":1,"name":"In\u00edcio","item":"https:\/\/regiaonews.net.br\/2022\/"},{"@type":"ListItem","position":2,"name":"Carro com pessoas de Ol\u00edmpia capota e deixa feridos"}]},{"@type":"WebSite","@id":"https:\/\/regiaonews.net.br\/2022\/#website","url":"https:\/\/regiaonews.net.br\/2022\/","name":"Regi\u00e3o News","description":"Site de Not\u00edcias de Barretos e regi\u00e3o","publisher":{"@id":"https:\/\/regiaonews.net.br\/2022\/#organization"},"potentialAction":[{"@type":"SearchAction","target":{"@type":"EntryPoint","urlTemplate":"https:\/\/regiaonews.net.br\/2022\/?s={search_term_string}"},"query-input":{"@type":"PropertyValueSpecification","valueRequired":true,"valueName":"search_term_string"}}],"inLanguage":"pt-BR"},{"@type":"Organization","@id":"https:\/\/regiaonews.net.br\/2022\/#organization","name":"Regi\u00e3o News","url":"https:\/\/regiaonews.net.br\/2022\/","logo":{"@type":"ImageObject","inLanguage":"pt-BR","@id":"https:\/\/regiaonews.net.br\/2022\/#\/schema\/logo\/image\/","url":"https:\/\/regiaonews.net.br\/2022\/wp-content\/uploads\/2026\/03\/regiao-13-anos-scaled.jpg","contentUrl":"https:\/\/regiaonews.net.br\/2022\/wp-content\/uploads\/2026\/03\/regiao-13-anos-scaled.jpg","width":2560,"height":635,"caption":"Regi\u00e3o News"},"image":{"@id":"https:\/\/regiaonews.net.br\/2022\/#\/schema\/logo\/image\/"}},{"@type":"Person","@id":"https:\/\/regiaonews.net.br\/2022\/#\/schema\/person\/2d205a608a5aa97ac279d7a5e6d89ad8","name":"Roberto","image":{"@type":"ImageObject","inLanguage":"pt-BR","@id":"https:\/\/secure.gravatar.com\/avatar\/42749d8b712ff9d59ca93dc150494e5b55a44134482993f5baeb97e61b7ecc89?s=96&d=mm&r=g","url":"https:\/\/secure.gravatar.com\/avatar\/42749d8b712ff9d59ca93dc150494e5b55a44134482993f5baeb97e61b7ecc89?s=96&d=mm&r=g","contentUrl":"https:\/\/secure.gravatar.com\/avatar\/42749d8b712ff9d59ca93dc150494e5b55a44134482993f5baeb97e61b7ecc89?s=96&d=mm&r=g","caption":"Roberto"},"url":"https:\/\/regiaonews.net.br\/2022\/author\/roberto\/"}]}},"publishpress_future_action":{"enabled":false,"date":"2026-05-09 01:14:37","action":"change-status","newStatus":"draft","terms":[],"taxonomy":"category","extraData":[]},"publishpress_future_workflow_manual_trigger":{"enabledWorkflows":[]},"_links":{"self":[{"href":"https:\/\/regiaonews.net.br\/2022\/wp-json\/wp\/v2\/posts\/79832","targetHints":{"allow":["GET"]}}],"collection":[{"href":"https:\/\/regiaonews.net.br\/2022\/wp-json\/wp\/v2\/posts"}],"about":[{"href":"https:\/\/regiaonews.net.br\/2022\/wp-json\/wp\/v2\/types\/post"}],"author":[{"embeddable":true,"href":"https:\/\/regiaonews.net.br\/2022\/wp-json\/wp\/v2\/users\/2"}],"replies":[{"embeddable":true,"href":"https:\/\/regiaonews.net.br\/2022\/wp-json\/wp\/v2\/comments?post=79832"}],"version-history":[{"count":4,"href":"https:\/\/regiaonews.net.br\/2022\/wp-json\/wp\/v2\/posts\/79832\/revisions"}],"predecessor-version":[{"id":79849,"href":"https:\/\/regiaonews.net.br\/2022\/wp-json\/wp\/v2\/posts\/79832\/revisions\/79849"}],"wp:featuredmedia":[{"embeddable":true,"href":"https:\/\/regiaonews.net.br\/2022\/wp-json\/wp\/v2\/media\/5712"}],"wp:attachment":[{"href":"https:\/\/regiaonews.net.br\/2022\/wp-json\/wp\/v2\/media?parent=79832"}],"wp:term":[{"taxonomy":"category","embeddable":true,"href":"https:\/\/regiaonews.net.br\/2022\/wp-json\/wp\/v2\/categories?post=79832"},{"taxonomy":"post_tag","embeddable":true,"href":"https:\/\/regiaonews.net.br\/2022\/wp-json\/wp\/v2\/tags?post=79832"}],"curies":[{"name":"wp","href":"https:\/\/api.w.org\/{rel}","templated":true}]}}