{"id":79093,"date":"2022-10-06T08:41:27","date_gmt":"2022-10-06T11:41:27","guid":{"rendered":"https:\/\/regiaonews.net.br\/2022\/?p=79093"},"modified":"2022-10-06T09:30:08","modified_gmt":"2022-10-06T12:30:08","slug":"policia-civil-de-barretos-prende-integrante-de-organizacao-criminosa-envolvidos-com-tribunal-do-crime","status":"publish","type":"post","link":"https:\/\/regiaonews.net.br\/2022\/2022\/10\/06\/policia-civil-de-barretos-prende-integrante-de-organizacao-criminosa-envolvidos-com-tribunal-do-crime\/","title":{"rendered":"Policia Civil de Barretos prende integrante de organiza\u00e7\u00e3o criminosa envolvidos com tribunal do crime"},"content":{"rendered":"<h3 style=\"text-align: center;\">Opera\u00e7\u00e3o \u201cDicasta\u201d saiu \u00e0 rua para cumprir 17 mandados de busca e 16 mandados de pris\u00e3o<\/h3>\n<p>A Pol\u00edcia Civil de Barretos, atrav\u00e9s de policiais civis da DIG (Delegacia de Investiga\u00e7\u00f5es Gerais) e da DISE (Delegacia de Investiga\u00e7\u00f5es sobre Entorpecentes), desencadeou, na manh\u00e3 desta quinta-feira (06), a Opera\u00e7\u00e3o \u201cDicasta\u201d, destinada a prender indiv\u00edduos integrantes de uma organiza\u00e7\u00e3o criminosa que age dentro e fora dos pres\u00eddios.<\/p>\n<p>A a\u00e7\u00e3o contou com o apoio de policiais civis do GOE (Grupo de Opera\u00e7\u00f5es Especiais) de Barretos e CPJ (Central de Pol\u00edcia Judici\u00e1ria de Barretos), Delegacia de Gua\u00edra, Delegacia de Cosmorama (DEINTER-5), 1\u00ba Distrito Policial de Bebedouro e SIG (Setor de Investiga\u00e7\u00f5es Gerais) de Mogi das Cruzes.<\/p>\n<p>As investiga\u00e7\u00f5es come\u00e7aram em 2018, quando um homem de 43 anos foi encontrado morto, amarrado, dentro do porta-malas de seu ve\u00edculo, o qual estava queimado. Na \u00e9poca, o exame necrosc\u00f3pico constatou que a v\u00edtima foi queimada ainda viva.<\/p>\n<p>Com o prosseguimento das investiga\u00e7\u00f5es, os agentes descobriram o envolvimento de tr\u00eas pessoas com o crime \u2013 uma mulher de 34 anos e dois homens, atualmente com 22 anos cada um deles.<\/p>\n<p>Apurou-se que essas pessoas integram uma organiza\u00e7\u00e3o criminosa e, na \u00e9poca, submeteram a v\u00edtima a um tribunal paralelo, conhecido como \u201ctribunal do crime\u201d, condenando-o \u00e0 morte.<\/p>\n<p>Paralelamente a isso, em 2020, ap\u00f3s a pris\u00e3o de um homem por uso de documento falso, os policiais civis descobriram que ele integrava a mesma organiza\u00e7\u00e3o criminosa. Na continua\u00e7\u00e3o dos trabalhos investigativos, os agentes conseguiram identificar outras 13 (treze) pessoas integrantes da referida organiza\u00e7\u00e3o.<\/p>\n<p>Diante disso, a Autoridade Policial que presidiu as investiga\u00e7\u00f5es solicitou ao Poder Judici\u00e1rio mandados de pris\u00e3o tempor\u00e1ria e de busca e apreens\u00e3o contra os investigados. Os mandados foram cumpridos na data de hoje nas cidades de Barretos, Bebedouro, Gua\u00edra, Cosmorama e Itaquaquecetuba.<\/p>\n<p>Dos investigados, 6 (seis) j\u00e1 se encontravam presos por outros, sendo os mandados cumpridos nas respectivas penitenci\u00e1rias, pela Pol\u00edcia Penal. Foram presos dois homens e uma mulher na cidade de Barretos, dois homens na cidade de Gua\u00edra e um casal na cidade de Cosmorama. Dois homens est\u00e3o foragidos. A mulher presa em Barretos tem contra si um mandado de pris\u00e3o por homic\u00eddio e outro por organiza\u00e7\u00e3o criminosa.<\/p>\n<p>Em Gua\u00edra, um dos homens foi preso em flagrante por tr\u00e1fico de drogas, com 54g (cinquenta e quatro gramas) de coca\u00edna.<\/p>\n<p>O nome \u201cDicasta\u201d, dado \u00e0 opera\u00e7\u00e3o, remete \u00e0 denomina\u00e7\u00e3o, na Gr\u00e9cia Antiga, que referia a pessoas que ao mesmo tempo exerciam o papel de juiz e jurado, em um tribunal.<\/p>\n<p>Este trabalho dos policiais civis da DIG e DISE Barretos refor\u00e7a o compromisso da Pol\u00edcia Civil no combate as organiza\u00e7\u00f5es criminosas. Nos anos de 2020 e 2021, durante as duas fases da opera\u00e7\u00e3o \u201c\u00c9fodo\u201d, as mesmas Delegacias prenderam 40 (quarenta) pessoas que integravam a referida organiza\u00e7\u00e3o criminosa, desarticulando-a na regi\u00e3o, tendo sido tais pessoas denunciadas por este crime.<\/p>\n<p>&nbsp;<\/p>\n<p>&nbsp;<\/p>\n<div style=\"width: 640px;\" class=\"wp-video\"><video class=\"wp-video-shortcode\" id=\"video-79093-1\" width=\"640\" height=\"352\" preload=\"metadata\" controls=\"controls\"><source type=\"video\/mp4\" src=\"https:\/\/regiaonews.net.br\/2022\/wp-content\/uploads\/2022\/10\/WhatsApp-Video-2022-10-06-at-08.32.30.mp4?_=1\" \/><a href=\"https:\/\/regiaonews.net.br\/2022\/wp-content\/uploads\/2022\/10\/WhatsApp-Video-2022-10-06-at-08.32.30.mp4\">https:\/\/regiaonews.net.br\/2022\/wp-content\/uploads\/2022\/10\/WhatsApp-Video-2022-10-06-at-08.32.30.mp4<\/a><\/video><\/div>\n","protected":false},"excerpt":{"rendered":"<p>Opera\u00e7\u00e3o \u201cDicasta\u201d saiu \u00e0 rua para cumprir 17 mandados de<\/p>\n","protected":false},"author":2,"featured_media":79094,"comment_status":"open","ping_status":"open","sticky":false,"template":"","format":"standard","meta":{"footnotes":""},"categories":[14,23],"tags":[],"class_list":["post-79093","post","type-post","status-publish","format-standard","has-post-thumbnail","hentry","category-barretos","category-policia"],"yoast_head":"<!-- This site is optimized with the Yoast SEO plugin v27.5 - https:\/\/yoast.com\/product\/yoast-seo-wordpress\/ -->\n<title>Policia Civil de Barretos prende integrante de organiza\u00e7\u00e3o criminosa envolvidos com tribunal do crime - Regi\u00e3o News<\/title>\n<meta name=\"robots\" content=\"index, follow, max-snippet:-1, max-image-preview:large, max-video-preview:-1\" \/>\n<link rel=\"canonical\" href=\"https:\/\/regiaonews.net.br\/2022\/2022\/10\/06\/policia-civil-de-barretos-prende-integrante-de-organizacao-criminosa-envolvidos-com-tribunal-do-crime\/\" \/>\n<meta property=\"og:locale\" content=\"pt_BR\" \/>\n<meta property=\"og:type\" content=\"article\" \/>\n<meta property=\"og:title\" content=\"Policia Civil de Barretos prende integrante de organiza\u00e7\u00e3o criminosa envolvidos com tribunal do crime - Regi\u00e3o News\" \/>\n<meta property=\"og:description\" content=\"Opera\u00e7\u00e3o \u201cDicasta\u201d saiu \u00e0 rua para cumprir 17 mandados de\" \/>\n<meta property=\"og:url\" content=\"https:\/\/regiaonews.net.br\/2022\/2022\/10\/06\/policia-civil-de-barretos-prende-integrante-de-organizacao-criminosa-envolvidos-com-tribunal-do-crime\/\" \/>\n<meta property=\"og:site_name\" content=\"Regi\u00e3o News\" \/>\n<meta property=\"article:published_time\" content=\"2022-10-06T11:41:27+00:00\" \/>\n<meta property=\"article:modified_time\" content=\"2022-10-06T12:30:08+00:00\" \/>\n<meta property=\"og:image\" content=\"https:\/\/regiaonews.net.br\/2022\/wp-content\/uploads\/2022\/10\/WhatsApp-Image-2022-10-06-at-08.32.32.jpeg\" \/>\n\t<meta property=\"og:image:width\" content=\"1600\" \/>\n\t<meta property=\"og:image:height\" content=\"1200\" \/>\n\t<meta property=\"og:image:type\" content=\"image\/jpeg\" \/>\n<meta name=\"author\" content=\"Roberto\" \/>\n<meta name=\"twitter:card\" content=\"summary_large_image\" \/>\n<meta name=\"twitter:label1\" content=\"Escrito por\" \/>\n\t<meta name=\"twitter:data1\" content=\"Roberto\" \/>\n\t<meta name=\"twitter:label2\" content=\"Est. tempo de leitura\" \/>\n\t<meta name=\"twitter:data2\" content=\"3 minutos\" \/>\n<script type=\"application\/ld+json\" class=\"yoast-schema-graph\">{\"@context\":\"https:\\\/\\\/schema.org\",\"@graph\":[{\"@type\":\"Article\",\"@id\":\"https:\\\/\\\/regiaonews.net.br\\\/2022\\\/2022\\\/10\\\/06\\\/policia-civil-de-barretos-prende-integrante-de-organizacao-criminosa-envolvidos-com-tribunal-do-crime\\\/#article\",\"isPartOf\":{\"@id\":\"https:\\\/\\\/regiaonews.net.br\\\/2022\\\/2022\\\/10\\\/06\\\/policia-civil-de-barretos-prende-integrante-de-organizacao-criminosa-envolvidos-com-tribunal-do-crime\\\/\"},\"author\":{\"name\":\"Roberto\",\"@id\":\"https:\\\/\\\/regiaonews.net.br\\\/2022\\\/#\\\/schema\\\/person\\\/2d205a608a5aa97ac279d7a5e6d89ad8\"},\"headline\":\"Policia Civil de Barretos prende integrante de organiza\u00e7\u00e3o criminosa envolvidos com tribunal do crime\",\"datePublished\":\"2022-10-06T11:41:27+00:00\",\"dateModified\":\"2022-10-06T12:30:08+00:00\",\"mainEntityOfPage\":{\"@id\":\"https:\\\/\\\/regiaonews.net.br\\\/2022\\\/2022\\\/10\\\/06\\\/policia-civil-de-barretos-prende-integrante-de-organizacao-criminosa-envolvidos-com-tribunal-do-crime\\\/\"},\"wordCount\":538,\"commentCount\":0,\"publisher\":{\"@id\":\"https:\\\/\\\/regiaonews.net.br\\\/2022\\\/#organization\"},\"image\":{\"@id\":\"https:\\\/\\\/regiaonews.net.br\\\/2022\\\/2022\\\/10\\\/06\\\/policia-civil-de-barretos-prende-integrante-de-organizacao-criminosa-envolvidos-com-tribunal-do-crime\\\/#primaryimage\"},\"thumbnailUrl\":\"https:\\\/\\\/regiaonews.net.br\\\/2022\\\/wp-content\\\/uploads\\\/2022\\\/10\\\/WhatsApp-Image-2022-10-06-at-08.32.32.jpeg\",\"articleSection\":[\"Barretos\",\"Policia\"],\"inLanguage\":\"pt-BR\",\"potentialAction\":[{\"@type\":\"CommentAction\",\"name\":\"Comment\",\"target\":[\"https:\\\/\\\/regiaonews.net.br\\\/2022\\\/2022\\\/10\\\/06\\\/policia-civil-de-barretos-prende-integrante-de-organizacao-criminosa-envolvidos-com-tribunal-do-crime\\\/#respond\"]}]},{\"@type\":\"WebPage\",\"@id\":\"https:\\\/\\\/regiaonews.net.br\\\/2022\\\/2022\\\/10\\\/06\\\/policia-civil-de-barretos-prende-integrante-de-organizacao-criminosa-envolvidos-com-tribunal-do-crime\\\/\",\"url\":\"https:\\\/\\\/regiaonews.net.br\\\/2022\\\/2022\\\/10\\\/06\\\/policia-civil-de-barretos-prende-integrante-de-organizacao-criminosa-envolvidos-com-tribunal-do-crime\\\/\",\"name\":\"Policia Civil de Barretos prende integrante de organiza\u00e7\u00e3o criminosa envolvidos com tribunal do crime - Regi\u00e3o News\",\"isPartOf\":{\"@id\":\"https:\\\/\\\/regiaonews.net.br\\\/2022\\\/#website\"},\"primaryImageOfPage\":{\"@id\":\"https:\\\/\\\/regiaonews.net.br\\\/2022\\\/2022\\\/10\\\/06\\\/policia-civil-de-barretos-prende-integrante-de-organizacao-criminosa-envolvidos-com-tribunal-do-crime\\\/#primaryimage\"},\"image\":{\"@id\":\"https:\\\/\\\/regiaonews.net.br\\\/2022\\\/2022\\\/10\\\/06\\\/policia-civil-de-barretos-prende-integrante-de-organizacao-criminosa-envolvidos-com-tribunal-do-crime\\\/#primaryimage\"},\"thumbnailUrl\":\"https:\\\/\\\/regiaonews.net.br\\\/2022\\\/wp-content\\\/uploads\\\/2022\\\/10\\\/WhatsApp-Image-2022-10-06-at-08.32.32.jpeg\",\"datePublished\":\"2022-10-06T11:41:27+00:00\",\"dateModified\":\"2022-10-06T12:30:08+00:00\",\"breadcrumb\":{\"@id\":\"https:\\\/\\\/regiaonews.net.br\\\/2022\\\/2022\\\/10\\\/06\\\/policia-civil-de-barretos-prende-integrante-de-organizacao-criminosa-envolvidos-com-tribunal-do-crime\\\/#breadcrumb\"},\"inLanguage\":\"pt-BR\",\"potentialAction\":[{\"@type\":\"ReadAction\",\"target\":[\"https:\\\/\\\/regiaonews.net.br\\\/2022\\\/2022\\\/10\\\/06\\\/policia-civil-de-barretos-prende-integrante-de-organizacao-criminosa-envolvidos-com-tribunal-do-crime\\\/\"]}]},{\"@type\":\"ImageObject\",\"inLanguage\":\"pt-BR\",\"@id\":\"https:\\\/\\\/regiaonews.net.br\\\/2022\\\/2022\\\/10\\\/06\\\/policia-civil-de-barretos-prende-integrante-de-organizacao-criminosa-envolvidos-com-tribunal-do-crime\\\/#primaryimage\",\"url\":\"https:\\\/\\\/regiaonews.net.br\\\/2022\\\/wp-content\\\/uploads\\\/2022\\\/10\\\/WhatsApp-Image-2022-10-06-at-08.32.32.jpeg\",\"contentUrl\":\"https:\\\/\\\/regiaonews.net.br\\\/2022\\\/wp-content\\\/uploads\\\/2022\\\/10\\\/WhatsApp-Image-2022-10-06-at-08.32.32.jpeg\",\"width\":1600,\"height\":1200},{\"@type\":\"BreadcrumbList\",\"@id\":\"https:\\\/\\\/regiaonews.net.br\\\/2022\\\/2022\\\/10\\\/06\\\/policia-civil-de-barretos-prende-integrante-de-organizacao-criminosa-envolvidos-com-tribunal-do-crime\\\/#breadcrumb\",\"itemListElement\":[{\"@type\":\"ListItem\",\"position\":1,\"name\":\"In\u00edcio\",\"item\":\"https:\\\/\\\/regiaonews.net.br\\\/2022\\\/\"},{\"@type\":\"ListItem\",\"position\":2,\"name\":\"Policia Civil de Barretos prende integrante de organiza\u00e7\u00e3o criminosa envolvidos com tribunal do crime\"}]},{\"@type\":\"WebSite\",\"@id\":\"https:\\\/\\\/regiaonews.net.br\\\/2022\\\/#website\",\"url\":\"https:\\\/\\\/regiaonews.net.br\\\/2022\\\/\",\"name\":\"Regi\u00e3o News\",\"description\":\"Site de Not\u00edcias de Barretos e regi\u00e3o\",\"publisher\":{\"@id\":\"https:\\\/\\\/regiaonews.net.br\\\/2022\\\/#organization\"},\"potentialAction\":[{\"@type\":\"SearchAction\",\"target\":{\"@type\":\"EntryPoint\",\"urlTemplate\":\"https:\\\/\\\/regiaonews.net.br\\\/2022\\\/?s={search_term_string}\"},\"query-input\":{\"@type\":\"PropertyValueSpecification\",\"valueRequired\":true,\"valueName\":\"search_term_string\"}}],\"inLanguage\":\"pt-BR\"},{\"@type\":\"Organization\",\"@id\":\"https:\\\/\\\/regiaonews.net.br\\\/2022\\\/#organization\",\"name\":\"Regi\u00e3o News\",\"url\":\"https:\\\/\\\/regiaonews.net.br\\\/2022\\\/\",\"logo\":{\"@type\":\"ImageObject\",\"inLanguage\":\"pt-BR\",\"@id\":\"https:\\\/\\\/regiaonews.net.br\\\/2022\\\/#\\\/schema\\\/logo\\\/image\\\/\",\"url\":\"https:\\\/\\\/regiaonews.net.br\\\/2022\\\/wp-content\\\/uploads\\\/2026\\\/03\\\/regiao-13-anos-scaled.jpg\",\"contentUrl\":\"https:\\\/\\\/regiaonews.net.br\\\/2022\\\/wp-content\\\/uploads\\\/2026\\\/03\\\/regiao-13-anos-scaled.jpg\",\"width\":2560,\"height\":635,\"caption\":\"Regi\u00e3o News\"},\"image\":{\"@id\":\"https:\\\/\\\/regiaonews.net.br\\\/2022\\\/#\\\/schema\\\/logo\\\/image\\\/\"}},{\"@type\":\"Person\",\"@id\":\"https:\\\/\\\/regiaonews.net.br\\\/2022\\\/#\\\/schema\\\/person\\\/2d205a608a5aa97ac279d7a5e6d89ad8\",\"name\":\"Roberto\",\"image\":{\"@type\":\"ImageObject\",\"inLanguage\":\"pt-BR\",\"@id\":\"https:\\\/\\\/secure.gravatar.com\\\/avatar\\\/42749d8b712ff9d59ca93dc150494e5b55a44134482993f5baeb97e61b7ecc89?s=96&d=mm&r=g\",\"url\":\"https:\\\/\\\/secure.gravatar.com\\\/avatar\\\/42749d8b712ff9d59ca93dc150494e5b55a44134482993f5baeb97e61b7ecc89?s=96&d=mm&r=g\",\"contentUrl\":\"https:\\\/\\\/secure.gravatar.com\\\/avatar\\\/42749d8b712ff9d59ca93dc150494e5b55a44134482993f5baeb97e61b7ecc89?s=96&d=mm&r=g\",\"caption\":\"Roberto\"},\"url\":\"https:\\\/\\\/regiaonews.net.br\\\/2022\\\/author\\\/roberto\\\/\"}]}<\/script>\n<!-- \/ Yoast SEO plugin. -->","yoast_head_json":{"title":"Policia Civil de Barretos prende integrante de organiza\u00e7\u00e3o criminosa envolvidos com tribunal do crime - Regi\u00e3o News","robots":{"index":"index","follow":"follow","max-snippet":"max-snippet:-1","max-image-preview":"max-image-preview:large","max-video-preview":"max-video-preview:-1"},"canonical":"https:\/\/regiaonews.net.br\/2022\/2022\/10\/06\/policia-civil-de-barretos-prende-integrante-de-organizacao-criminosa-envolvidos-com-tribunal-do-crime\/","og_locale":"pt_BR","og_type":"article","og_title":"Policia Civil de Barretos prende integrante de organiza\u00e7\u00e3o criminosa envolvidos com tribunal do crime - Regi\u00e3o News","og_description":"Opera\u00e7\u00e3o \u201cDicasta\u201d saiu \u00e0 rua para cumprir 17 mandados de","og_url":"https:\/\/regiaonews.net.br\/2022\/2022\/10\/06\/policia-civil-de-barretos-prende-integrante-de-organizacao-criminosa-envolvidos-com-tribunal-do-crime\/","og_site_name":"Regi\u00e3o News","article_published_time":"2022-10-06T11:41:27+00:00","article_modified_time":"2022-10-06T12:30:08+00:00","og_image":[{"width":1600,"height":1200,"url":"https:\/\/regiaonews.net.br\/2022\/wp-content\/uploads\/2022\/10\/WhatsApp-Image-2022-10-06-at-08.32.32.jpeg","type":"image\/jpeg"}],"author":"Roberto","twitter_card":"summary_large_image","twitter_misc":{"Escrito por":"Roberto","Est. tempo de leitura":"3 minutos"},"schema":{"@context":"https:\/\/schema.org","@graph":[{"@type":"Article","@id":"https:\/\/regiaonews.net.br\/2022\/2022\/10\/06\/policia-civil-de-barretos-prende-integrante-de-organizacao-criminosa-envolvidos-com-tribunal-do-crime\/#article","isPartOf":{"@id":"https:\/\/regiaonews.net.br\/2022\/2022\/10\/06\/policia-civil-de-barretos-prende-integrante-de-organizacao-criminosa-envolvidos-com-tribunal-do-crime\/"},"author":{"name":"Roberto","@id":"https:\/\/regiaonews.net.br\/2022\/#\/schema\/person\/2d205a608a5aa97ac279d7a5e6d89ad8"},"headline":"Policia Civil de Barretos prende integrante de organiza\u00e7\u00e3o criminosa envolvidos com tribunal do crime","datePublished":"2022-10-06T11:41:27+00:00","dateModified":"2022-10-06T12:30:08+00:00","mainEntityOfPage":{"@id":"https:\/\/regiaonews.net.br\/2022\/2022\/10\/06\/policia-civil-de-barretos-prende-integrante-de-organizacao-criminosa-envolvidos-com-tribunal-do-crime\/"},"wordCount":538,"commentCount":0,"publisher":{"@id":"https:\/\/regiaonews.net.br\/2022\/#organization"},"image":{"@id":"https:\/\/regiaonews.net.br\/2022\/2022\/10\/06\/policia-civil-de-barretos-prende-integrante-de-organizacao-criminosa-envolvidos-com-tribunal-do-crime\/#primaryimage"},"thumbnailUrl":"https:\/\/regiaonews.net.br\/2022\/wp-content\/uploads\/2022\/10\/WhatsApp-Image-2022-10-06-at-08.32.32.jpeg","articleSection":["Barretos","Policia"],"inLanguage":"pt-BR","potentialAction":[{"@type":"CommentAction","name":"Comment","target":["https:\/\/regiaonews.net.br\/2022\/2022\/10\/06\/policia-civil-de-barretos-prende-integrante-de-organizacao-criminosa-envolvidos-com-tribunal-do-crime\/#respond"]}]},{"@type":"WebPage","@id":"https:\/\/regiaonews.net.br\/2022\/2022\/10\/06\/policia-civil-de-barretos-prende-integrante-de-organizacao-criminosa-envolvidos-com-tribunal-do-crime\/","url":"https:\/\/regiaonews.net.br\/2022\/2022\/10\/06\/policia-civil-de-barretos-prende-integrante-de-organizacao-criminosa-envolvidos-com-tribunal-do-crime\/","name":"Policia Civil de Barretos prende integrante de organiza\u00e7\u00e3o criminosa envolvidos com tribunal do crime - Regi\u00e3o News","isPartOf":{"@id":"https:\/\/regiaonews.net.br\/2022\/#website"},"primaryImageOfPage":{"@id":"https:\/\/regiaonews.net.br\/2022\/2022\/10\/06\/policia-civil-de-barretos-prende-integrante-de-organizacao-criminosa-envolvidos-com-tribunal-do-crime\/#primaryimage"},"image":{"@id":"https:\/\/regiaonews.net.br\/2022\/2022\/10\/06\/policia-civil-de-barretos-prende-integrante-de-organizacao-criminosa-envolvidos-com-tribunal-do-crime\/#primaryimage"},"thumbnailUrl":"https:\/\/regiaonews.net.br\/2022\/wp-content\/uploads\/2022\/10\/WhatsApp-Image-2022-10-06-at-08.32.32.jpeg","datePublished":"2022-10-06T11:41:27+00:00","dateModified":"2022-10-06T12:30:08+00:00","breadcrumb":{"@id":"https:\/\/regiaonews.net.br\/2022\/2022\/10\/06\/policia-civil-de-barretos-prende-integrante-de-organizacao-criminosa-envolvidos-com-tribunal-do-crime\/#breadcrumb"},"inLanguage":"pt-BR","potentialAction":[{"@type":"ReadAction","target":["https:\/\/regiaonews.net.br\/2022\/2022\/10\/06\/policia-civil-de-barretos-prende-integrante-de-organizacao-criminosa-envolvidos-com-tribunal-do-crime\/"]}]},{"@type":"ImageObject","inLanguage":"pt-BR","@id":"https:\/\/regiaonews.net.br\/2022\/2022\/10\/06\/policia-civil-de-barretos-prende-integrante-de-organizacao-criminosa-envolvidos-com-tribunal-do-crime\/#primaryimage","url":"https:\/\/regiaonews.net.br\/2022\/wp-content\/uploads\/2022\/10\/WhatsApp-Image-2022-10-06-at-08.32.32.jpeg","contentUrl":"https:\/\/regiaonews.net.br\/2022\/wp-content\/uploads\/2022\/10\/WhatsApp-Image-2022-10-06-at-08.32.32.jpeg","width":1600,"height":1200},{"@type":"BreadcrumbList","@id":"https:\/\/regiaonews.net.br\/2022\/2022\/10\/06\/policia-civil-de-barretos-prende-integrante-de-organizacao-criminosa-envolvidos-com-tribunal-do-crime\/#breadcrumb","itemListElement":[{"@type":"ListItem","position":1,"name":"In\u00edcio","item":"https:\/\/regiaonews.net.br\/2022\/"},{"@type":"ListItem","position":2,"name":"Policia Civil de Barretos prende integrante de organiza\u00e7\u00e3o criminosa envolvidos com tribunal do crime"}]},{"@type":"WebSite","@id":"https:\/\/regiaonews.net.br\/2022\/#website","url":"https:\/\/regiaonews.net.br\/2022\/","name":"Regi\u00e3o News","description":"Site de Not\u00edcias de Barretos e regi\u00e3o","publisher":{"@id":"https:\/\/regiaonews.net.br\/2022\/#organization"},"potentialAction":[{"@type":"SearchAction","target":{"@type":"EntryPoint","urlTemplate":"https:\/\/regiaonews.net.br\/2022\/?s={search_term_string}"},"query-input":{"@type":"PropertyValueSpecification","valueRequired":true,"valueName":"search_term_string"}}],"inLanguage":"pt-BR"},{"@type":"Organization","@id":"https:\/\/regiaonews.net.br\/2022\/#organization","name":"Regi\u00e3o News","url":"https:\/\/regiaonews.net.br\/2022\/","logo":{"@type":"ImageObject","inLanguage":"pt-BR","@id":"https:\/\/regiaonews.net.br\/2022\/#\/schema\/logo\/image\/","url":"https:\/\/regiaonews.net.br\/2022\/wp-content\/uploads\/2026\/03\/regiao-13-anos-scaled.jpg","contentUrl":"https:\/\/regiaonews.net.br\/2022\/wp-content\/uploads\/2026\/03\/regiao-13-anos-scaled.jpg","width":2560,"height":635,"caption":"Regi\u00e3o News"},"image":{"@id":"https:\/\/regiaonews.net.br\/2022\/#\/schema\/logo\/image\/"}},{"@type":"Person","@id":"https:\/\/regiaonews.net.br\/2022\/#\/schema\/person\/2d205a608a5aa97ac279d7a5e6d89ad8","name":"Roberto","image":{"@type":"ImageObject","inLanguage":"pt-BR","@id":"https:\/\/secure.gravatar.com\/avatar\/42749d8b712ff9d59ca93dc150494e5b55a44134482993f5baeb97e61b7ecc89?s=96&d=mm&r=g","url":"https:\/\/secure.gravatar.com\/avatar\/42749d8b712ff9d59ca93dc150494e5b55a44134482993f5baeb97e61b7ecc89?s=96&d=mm&r=g","contentUrl":"https:\/\/secure.gravatar.com\/avatar\/42749d8b712ff9d59ca93dc150494e5b55a44134482993f5baeb97e61b7ecc89?s=96&d=mm&r=g","caption":"Roberto"},"url":"https:\/\/regiaonews.net.br\/2022\/author\/roberto\/"}]}},"publishpress_future_action":{"enabled":false,"date":"2026-05-08 23:46:52","action":"change-status","newStatus":"draft","terms":[],"taxonomy":"category","extraData":[]},"publishpress_future_workflow_manual_trigger":{"enabledWorkflows":[]},"_links":{"self":[{"href":"https:\/\/regiaonews.net.br\/2022\/wp-json\/wp\/v2\/posts\/79093","targetHints":{"allow":["GET"]}}],"collection":[{"href":"https:\/\/regiaonews.net.br\/2022\/wp-json\/wp\/v2\/posts"}],"about":[{"href":"https:\/\/regiaonews.net.br\/2022\/wp-json\/wp\/v2\/types\/post"}],"author":[{"embeddable":true,"href":"https:\/\/regiaonews.net.br\/2022\/wp-json\/wp\/v2\/users\/2"}],"replies":[{"embeddable":true,"href":"https:\/\/regiaonews.net.br\/2022\/wp-json\/wp\/v2\/comments?post=79093"}],"version-history":[{"count":2,"href":"https:\/\/regiaonews.net.br\/2022\/wp-json\/wp\/v2\/posts\/79093\/revisions"}],"predecessor-version":[{"id":79099,"href":"https:\/\/regiaonews.net.br\/2022\/wp-json\/wp\/v2\/posts\/79093\/revisions\/79099"}],"wp:featuredmedia":[{"embeddable":true,"href":"https:\/\/regiaonews.net.br\/2022\/wp-json\/wp\/v2\/media\/79094"}],"wp:attachment":[{"href":"https:\/\/regiaonews.net.br\/2022\/wp-json\/wp\/v2\/media?parent=79093"}],"wp:term":[{"taxonomy":"category","embeddable":true,"href":"https:\/\/regiaonews.net.br\/2022\/wp-json\/wp\/v2\/categories?post=79093"},{"taxonomy":"post_tag","embeddable":true,"href":"https:\/\/regiaonews.net.br\/2022\/wp-json\/wp\/v2\/tags?post=79093"}],"curies":[{"name":"wp","href":"https:\/\/api.w.org\/{rel}","templated":true}]}}