{"id":75104,"date":"2022-07-16T08:42:26","date_gmt":"2022-07-16T11:42:26","guid":{"rendered":"https:\/\/regiaonews.net.br\/2022\/?p=75104"},"modified":"2022-07-16T11:21:47","modified_gmt":"2022-07-16T14:21:47","slug":"autor-de-homicidio-e-preso-escondido-em-alberto-moreira","status":"publish","type":"post","link":"https:\/\/regiaonews.net.br\/2022\/2022\/07\/16\/autor-de-homicidio-e-preso-escondido-em-alberto-moreira\/","title":{"rendered":"Autor de homic\u00eddio \u00e9  preso escondido em Alberto Moreira"},"content":{"rendered":"<p>&nbsp;<\/p>\n<p>As equipes do policiamento da\u00a0 1\u00aa\u00a0 Companhia da Pol\u00edcia Militar\u00a0 foram informados de um homic\u00eddio ocorrido na noite desta sexta (15) na avenida\u00a0 Rio de Janeiro n\u00b0 160,\u00a0 no bairro Santa Helena, tendo como vitima Silvino Jo\u00e3o Greg\u00f3rio,\u00a0 47 anos.<\/p>\n<p>No local, os policiais coletaram informa\u00e7\u00f5es para deter o acusado Juraci, autor do homic\u00eddio.\u00a0 Em seguida, as equipes\u00a0 foram em 2 locais de parentes e Juraci n\u00e3o estava, ap\u00f3s suspeita de que Juraci estaria em \u00e1rea rural, foi descoberto que poderia estar no S\u00edtio S\u00e3o Francisco, distante 10 km do Distrito de Alberto Moreira. No\u00a0 S\u00edtio, Juraci foi encontrado debaixo da cama, e foi detido. No local, a namorada\u00a0 Jaqueline , e sua enteada tamb\u00e9m foram presas, por diverg\u00eancias no seu testemunho.<br \/>\nO autor e as duas mulheres\u00a0 permaneceram presos e a disposi\u00e7\u00e3o da Justi\u00e7a. A faca usada no crime foi apreendida.<\/p>\n<p>&nbsp;<\/p>\n","protected":false},"excerpt":{"rendered":"<p>&nbsp; As equipes do policiamento da\u00a0 1\u00aa\u00a0 Companhia da Pol\u00edcia<\/p>\n","protected":false},"author":2,"featured_media":75105,"comment_status":"open","ping_status":"open","sticky":false,"template":"","format":"standard","meta":{"footnotes":""},"categories":[14,23],"tags":[],"class_list":["post-75104","post","type-post","status-publish","format-standard","has-post-thumbnail","hentry","category-barretos","category-policia"],"yoast_head":"<!-- This site is optimized with the Yoast SEO plugin v27.5 - https:\/\/yoast.com\/product\/yoast-seo-wordpress\/ -->\n<title>Autor de homic\u00eddio \u00e9 preso escondido em Alberto Moreira - Regi\u00e3o News<\/title>\n<meta name=\"robots\" content=\"index, follow, max-snippet:-1, max-image-preview:large, max-video-preview:-1\" \/>\n<link rel=\"canonical\" href=\"https:\/\/regiaonews.net.br\/2022\/2022\/07\/16\/autor-de-homicidio-e-preso-escondido-em-alberto-moreira\/\" \/>\n<meta property=\"og:locale\" content=\"pt_BR\" \/>\n<meta property=\"og:type\" content=\"article\" \/>\n<meta property=\"og:title\" content=\"Autor de homic\u00eddio \u00e9 preso escondido em Alberto Moreira - Regi\u00e3o News\" \/>\n<meta property=\"og:description\" content=\"&nbsp; As equipes do policiamento da\u00a0 1\u00aa\u00a0 Companhia da Pol\u00edcia\" \/>\n<meta property=\"og:url\" content=\"https:\/\/regiaonews.net.br\/2022\/2022\/07\/16\/autor-de-homicidio-e-preso-escondido-em-alberto-moreira\/\" \/>\n<meta property=\"og:site_name\" content=\"Regi\u00e3o News\" \/>\n<meta property=\"article:published_time\" content=\"2022-07-16T11:42:26+00:00\" \/>\n<meta property=\"article:modified_time\" content=\"2022-07-16T14:21:47+00:00\" \/>\n<meta property=\"og:image\" content=\"https:\/\/regiaonews.net.br\/2022\/wp-content\/uploads\/2022\/07\/IMG-20220716-WA0077.jpg\" \/>\n\t<meta property=\"og:image:width\" content=\"1280\" \/>\n\t<meta property=\"og:image:height\" content=\"720\" \/>\n\t<meta property=\"og:image:type\" content=\"image\/jpeg\" \/>\n<meta name=\"author\" content=\"Roberto\" \/>\n<meta name=\"twitter:card\" content=\"summary_large_image\" \/>\n<meta name=\"twitter:label1\" content=\"Escrito por\" \/>\n\t<meta name=\"twitter:data1\" content=\"Roberto\" \/>\n\t<meta name=\"twitter:label2\" content=\"Est. tempo de leitura\" \/>\n\t<meta name=\"twitter:data2\" content=\"1 minuto\" \/>\n<script type=\"application\/ld+json\" class=\"yoast-schema-graph\">{\"@context\":\"https:\\\/\\\/schema.org\",\"@graph\":[{\"@type\":\"Article\",\"@id\":\"https:\\\/\\\/regiaonews.net.br\\\/2022\\\/2022\\\/07\\\/16\\\/autor-de-homicidio-e-preso-escondido-em-alberto-moreira\\\/#article\",\"isPartOf\":{\"@id\":\"https:\\\/\\\/regiaonews.net.br\\\/2022\\\/2022\\\/07\\\/16\\\/autor-de-homicidio-e-preso-escondido-em-alberto-moreira\\\/\"},\"author\":{\"name\":\"Roberto\",\"@id\":\"https:\\\/\\\/regiaonews.net.br\\\/2022\\\/#\\\/schema\\\/person\\\/2d205a608a5aa97ac279d7a5e6d89ad8\"},\"headline\":\"Autor de homic\u00eddio \u00e9 preso escondido em Alberto Moreira\",\"datePublished\":\"2022-07-16T11:42:26+00:00\",\"dateModified\":\"2022-07-16T14:21:47+00:00\",\"mainEntityOfPage\":{\"@id\":\"https:\\\/\\\/regiaonews.net.br\\\/2022\\\/2022\\\/07\\\/16\\\/autor-de-homicidio-e-preso-escondido-em-alberto-moreira\\\/\"},\"wordCount\":161,\"commentCount\":0,\"publisher\":{\"@id\":\"https:\\\/\\\/regiaonews.net.br\\\/2022\\\/#organization\"},\"image\":{\"@id\":\"https:\\\/\\\/regiaonews.net.br\\\/2022\\\/2022\\\/07\\\/16\\\/autor-de-homicidio-e-preso-escondido-em-alberto-moreira\\\/#primaryimage\"},\"thumbnailUrl\":\"https:\\\/\\\/regiaonews.net.br\\\/2022\\\/wp-content\\\/uploads\\\/2022\\\/07\\\/IMG-20220716-WA0077.jpg\",\"articleSection\":[\"Barretos\",\"Policia\"],\"inLanguage\":\"pt-BR\",\"potentialAction\":[{\"@type\":\"CommentAction\",\"name\":\"Comment\",\"target\":[\"https:\\\/\\\/regiaonews.net.br\\\/2022\\\/2022\\\/07\\\/16\\\/autor-de-homicidio-e-preso-escondido-em-alberto-moreira\\\/#respond\"]}]},{\"@type\":\"WebPage\",\"@id\":\"https:\\\/\\\/regiaonews.net.br\\\/2022\\\/2022\\\/07\\\/16\\\/autor-de-homicidio-e-preso-escondido-em-alberto-moreira\\\/\",\"url\":\"https:\\\/\\\/regiaonews.net.br\\\/2022\\\/2022\\\/07\\\/16\\\/autor-de-homicidio-e-preso-escondido-em-alberto-moreira\\\/\",\"name\":\"Autor de homic\u00eddio \u00e9 preso escondido em Alberto Moreira - Regi\u00e3o News\",\"isPartOf\":{\"@id\":\"https:\\\/\\\/regiaonews.net.br\\\/2022\\\/#website\"},\"primaryImageOfPage\":{\"@id\":\"https:\\\/\\\/regiaonews.net.br\\\/2022\\\/2022\\\/07\\\/16\\\/autor-de-homicidio-e-preso-escondido-em-alberto-moreira\\\/#primaryimage\"},\"image\":{\"@id\":\"https:\\\/\\\/regiaonews.net.br\\\/2022\\\/2022\\\/07\\\/16\\\/autor-de-homicidio-e-preso-escondido-em-alberto-moreira\\\/#primaryimage\"},\"thumbnailUrl\":\"https:\\\/\\\/regiaonews.net.br\\\/2022\\\/wp-content\\\/uploads\\\/2022\\\/07\\\/IMG-20220716-WA0077.jpg\",\"datePublished\":\"2022-07-16T11:42:26+00:00\",\"dateModified\":\"2022-07-16T14:21:47+00:00\",\"breadcrumb\":{\"@id\":\"https:\\\/\\\/regiaonews.net.br\\\/2022\\\/2022\\\/07\\\/16\\\/autor-de-homicidio-e-preso-escondido-em-alberto-moreira\\\/#breadcrumb\"},\"inLanguage\":\"pt-BR\",\"potentialAction\":[{\"@type\":\"ReadAction\",\"target\":[\"https:\\\/\\\/regiaonews.net.br\\\/2022\\\/2022\\\/07\\\/16\\\/autor-de-homicidio-e-preso-escondido-em-alberto-moreira\\\/\"]}]},{\"@type\":\"ImageObject\",\"inLanguage\":\"pt-BR\",\"@id\":\"https:\\\/\\\/regiaonews.net.br\\\/2022\\\/2022\\\/07\\\/16\\\/autor-de-homicidio-e-preso-escondido-em-alberto-moreira\\\/#primaryimage\",\"url\":\"https:\\\/\\\/regiaonews.net.br\\\/2022\\\/wp-content\\\/uploads\\\/2022\\\/07\\\/IMG-20220716-WA0077.jpg\",\"contentUrl\":\"https:\\\/\\\/regiaonews.net.br\\\/2022\\\/wp-content\\\/uploads\\\/2022\\\/07\\\/IMG-20220716-WA0077.jpg\",\"width\":1280,\"height\":720},{\"@type\":\"BreadcrumbList\",\"@id\":\"https:\\\/\\\/regiaonews.net.br\\\/2022\\\/2022\\\/07\\\/16\\\/autor-de-homicidio-e-preso-escondido-em-alberto-moreira\\\/#breadcrumb\",\"itemListElement\":[{\"@type\":\"ListItem\",\"position\":1,\"name\":\"In\u00edcio\",\"item\":\"https:\\\/\\\/regiaonews.net.br\\\/2022\\\/\"},{\"@type\":\"ListItem\",\"position\":2,\"name\":\"Autor de homic\u00eddio \u00e9 preso escondido em Alberto Moreira\"}]},{\"@type\":\"WebSite\",\"@id\":\"https:\\\/\\\/regiaonews.net.br\\\/2022\\\/#website\",\"url\":\"https:\\\/\\\/regiaonews.net.br\\\/2022\\\/\",\"name\":\"Regi\u00e3o News\",\"description\":\"Site de Not\u00edcias de Barretos e regi\u00e3o\",\"publisher\":{\"@id\":\"https:\\\/\\\/regiaonews.net.br\\\/2022\\\/#organization\"},\"potentialAction\":[{\"@type\":\"SearchAction\",\"target\":{\"@type\":\"EntryPoint\",\"urlTemplate\":\"https:\\\/\\\/regiaonews.net.br\\\/2022\\\/?s={search_term_string}\"},\"query-input\":{\"@type\":\"PropertyValueSpecification\",\"valueRequired\":true,\"valueName\":\"search_term_string\"}}],\"inLanguage\":\"pt-BR\"},{\"@type\":\"Organization\",\"@id\":\"https:\\\/\\\/regiaonews.net.br\\\/2022\\\/#organization\",\"name\":\"Regi\u00e3o News\",\"url\":\"https:\\\/\\\/regiaonews.net.br\\\/2022\\\/\",\"logo\":{\"@type\":\"ImageObject\",\"inLanguage\":\"pt-BR\",\"@id\":\"https:\\\/\\\/regiaonews.net.br\\\/2022\\\/#\\\/schema\\\/logo\\\/image\\\/\",\"url\":\"https:\\\/\\\/regiaonews.net.br\\\/2022\\\/wp-content\\\/uploads\\\/2026\\\/03\\\/regiao-13-anos-scaled.jpg\",\"contentUrl\":\"https:\\\/\\\/regiaonews.net.br\\\/2022\\\/wp-content\\\/uploads\\\/2026\\\/03\\\/regiao-13-anos-scaled.jpg\",\"width\":2560,\"height\":635,\"caption\":\"Regi\u00e3o News\"},\"image\":{\"@id\":\"https:\\\/\\\/regiaonews.net.br\\\/2022\\\/#\\\/schema\\\/logo\\\/image\\\/\"}},{\"@type\":\"Person\",\"@id\":\"https:\\\/\\\/regiaonews.net.br\\\/2022\\\/#\\\/schema\\\/person\\\/2d205a608a5aa97ac279d7a5e6d89ad8\",\"name\":\"Roberto\",\"image\":{\"@type\":\"ImageObject\",\"inLanguage\":\"pt-BR\",\"@id\":\"https:\\\/\\\/secure.gravatar.com\\\/avatar\\\/42749d8b712ff9d59ca93dc150494e5b55a44134482993f5baeb97e61b7ecc89?s=96&d=mm&r=g\",\"url\":\"https:\\\/\\\/secure.gravatar.com\\\/avatar\\\/42749d8b712ff9d59ca93dc150494e5b55a44134482993f5baeb97e61b7ecc89?s=96&d=mm&r=g\",\"contentUrl\":\"https:\\\/\\\/secure.gravatar.com\\\/avatar\\\/42749d8b712ff9d59ca93dc150494e5b55a44134482993f5baeb97e61b7ecc89?s=96&d=mm&r=g\",\"caption\":\"Roberto\"},\"url\":\"https:\\\/\\\/regiaonews.net.br\\\/2022\\\/author\\\/roberto\\\/\"}]}<\/script>\n<!-- \/ Yoast SEO plugin. -->","yoast_head_json":{"title":"Autor de homic\u00eddio \u00e9 preso escondido em Alberto Moreira - Regi\u00e3o News","robots":{"index":"index","follow":"follow","max-snippet":"max-snippet:-1","max-image-preview":"max-image-preview:large","max-video-preview":"max-video-preview:-1"},"canonical":"https:\/\/regiaonews.net.br\/2022\/2022\/07\/16\/autor-de-homicidio-e-preso-escondido-em-alberto-moreira\/","og_locale":"pt_BR","og_type":"article","og_title":"Autor de homic\u00eddio \u00e9 preso escondido em Alberto Moreira - Regi\u00e3o News","og_description":"&nbsp; As equipes do policiamento da\u00a0 1\u00aa\u00a0 Companhia da Pol\u00edcia","og_url":"https:\/\/regiaonews.net.br\/2022\/2022\/07\/16\/autor-de-homicidio-e-preso-escondido-em-alberto-moreira\/","og_site_name":"Regi\u00e3o News","article_published_time":"2022-07-16T11:42:26+00:00","article_modified_time":"2022-07-16T14:21:47+00:00","og_image":[{"width":1280,"height":720,"url":"https:\/\/regiaonews.net.br\/2022\/wp-content\/uploads\/2022\/07\/IMG-20220716-WA0077.jpg","type":"image\/jpeg"}],"author":"Roberto","twitter_card":"summary_large_image","twitter_misc":{"Escrito por":"Roberto","Est. tempo de leitura":"1 minuto"},"schema":{"@context":"https:\/\/schema.org","@graph":[{"@type":"Article","@id":"https:\/\/regiaonews.net.br\/2022\/2022\/07\/16\/autor-de-homicidio-e-preso-escondido-em-alberto-moreira\/#article","isPartOf":{"@id":"https:\/\/regiaonews.net.br\/2022\/2022\/07\/16\/autor-de-homicidio-e-preso-escondido-em-alberto-moreira\/"},"author":{"name":"Roberto","@id":"https:\/\/regiaonews.net.br\/2022\/#\/schema\/person\/2d205a608a5aa97ac279d7a5e6d89ad8"},"headline":"Autor de homic\u00eddio \u00e9 preso escondido em Alberto Moreira","datePublished":"2022-07-16T11:42:26+00:00","dateModified":"2022-07-16T14:21:47+00:00","mainEntityOfPage":{"@id":"https:\/\/regiaonews.net.br\/2022\/2022\/07\/16\/autor-de-homicidio-e-preso-escondido-em-alberto-moreira\/"},"wordCount":161,"commentCount":0,"publisher":{"@id":"https:\/\/regiaonews.net.br\/2022\/#organization"},"image":{"@id":"https:\/\/regiaonews.net.br\/2022\/2022\/07\/16\/autor-de-homicidio-e-preso-escondido-em-alberto-moreira\/#primaryimage"},"thumbnailUrl":"https:\/\/regiaonews.net.br\/2022\/wp-content\/uploads\/2022\/07\/IMG-20220716-WA0077.jpg","articleSection":["Barretos","Policia"],"inLanguage":"pt-BR","potentialAction":[{"@type":"CommentAction","name":"Comment","target":["https:\/\/regiaonews.net.br\/2022\/2022\/07\/16\/autor-de-homicidio-e-preso-escondido-em-alberto-moreira\/#respond"]}]},{"@type":"WebPage","@id":"https:\/\/regiaonews.net.br\/2022\/2022\/07\/16\/autor-de-homicidio-e-preso-escondido-em-alberto-moreira\/","url":"https:\/\/regiaonews.net.br\/2022\/2022\/07\/16\/autor-de-homicidio-e-preso-escondido-em-alberto-moreira\/","name":"Autor de homic\u00eddio \u00e9 preso escondido em Alberto Moreira - Regi\u00e3o News","isPartOf":{"@id":"https:\/\/regiaonews.net.br\/2022\/#website"},"primaryImageOfPage":{"@id":"https:\/\/regiaonews.net.br\/2022\/2022\/07\/16\/autor-de-homicidio-e-preso-escondido-em-alberto-moreira\/#primaryimage"},"image":{"@id":"https:\/\/regiaonews.net.br\/2022\/2022\/07\/16\/autor-de-homicidio-e-preso-escondido-em-alberto-moreira\/#primaryimage"},"thumbnailUrl":"https:\/\/regiaonews.net.br\/2022\/wp-content\/uploads\/2022\/07\/IMG-20220716-WA0077.jpg","datePublished":"2022-07-16T11:42:26+00:00","dateModified":"2022-07-16T14:21:47+00:00","breadcrumb":{"@id":"https:\/\/regiaonews.net.br\/2022\/2022\/07\/16\/autor-de-homicidio-e-preso-escondido-em-alberto-moreira\/#breadcrumb"},"inLanguage":"pt-BR","potentialAction":[{"@type":"ReadAction","target":["https:\/\/regiaonews.net.br\/2022\/2022\/07\/16\/autor-de-homicidio-e-preso-escondido-em-alberto-moreira\/"]}]},{"@type":"ImageObject","inLanguage":"pt-BR","@id":"https:\/\/regiaonews.net.br\/2022\/2022\/07\/16\/autor-de-homicidio-e-preso-escondido-em-alberto-moreira\/#primaryimage","url":"https:\/\/regiaonews.net.br\/2022\/wp-content\/uploads\/2022\/07\/IMG-20220716-WA0077.jpg","contentUrl":"https:\/\/regiaonews.net.br\/2022\/wp-content\/uploads\/2022\/07\/IMG-20220716-WA0077.jpg","width":1280,"height":720},{"@type":"BreadcrumbList","@id":"https:\/\/regiaonews.net.br\/2022\/2022\/07\/16\/autor-de-homicidio-e-preso-escondido-em-alberto-moreira\/#breadcrumb","itemListElement":[{"@type":"ListItem","position":1,"name":"In\u00edcio","item":"https:\/\/regiaonews.net.br\/2022\/"},{"@type":"ListItem","position":2,"name":"Autor de homic\u00eddio \u00e9 preso escondido em Alberto Moreira"}]},{"@type":"WebSite","@id":"https:\/\/regiaonews.net.br\/2022\/#website","url":"https:\/\/regiaonews.net.br\/2022\/","name":"Regi\u00e3o News","description":"Site de Not\u00edcias de Barretos e regi\u00e3o","publisher":{"@id":"https:\/\/regiaonews.net.br\/2022\/#organization"},"potentialAction":[{"@type":"SearchAction","target":{"@type":"EntryPoint","urlTemplate":"https:\/\/regiaonews.net.br\/2022\/?s={search_term_string}"},"query-input":{"@type":"PropertyValueSpecification","valueRequired":true,"valueName":"search_term_string"}}],"inLanguage":"pt-BR"},{"@type":"Organization","@id":"https:\/\/regiaonews.net.br\/2022\/#organization","name":"Regi\u00e3o News","url":"https:\/\/regiaonews.net.br\/2022\/","logo":{"@type":"ImageObject","inLanguage":"pt-BR","@id":"https:\/\/regiaonews.net.br\/2022\/#\/schema\/logo\/image\/","url":"https:\/\/regiaonews.net.br\/2022\/wp-content\/uploads\/2026\/03\/regiao-13-anos-scaled.jpg","contentUrl":"https:\/\/regiaonews.net.br\/2022\/wp-content\/uploads\/2026\/03\/regiao-13-anos-scaled.jpg","width":2560,"height":635,"caption":"Regi\u00e3o News"},"image":{"@id":"https:\/\/regiaonews.net.br\/2022\/#\/schema\/logo\/image\/"}},{"@type":"Person","@id":"https:\/\/regiaonews.net.br\/2022\/#\/schema\/person\/2d205a608a5aa97ac279d7a5e6d89ad8","name":"Roberto","image":{"@type":"ImageObject","inLanguage":"pt-BR","@id":"https:\/\/secure.gravatar.com\/avatar\/42749d8b712ff9d59ca93dc150494e5b55a44134482993f5baeb97e61b7ecc89?s=96&d=mm&r=g","url":"https:\/\/secure.gravatar.com\/avatar\/42749d8b712ff9d59ca93dc150494e5b55a44134482993f5baeb97e61b7ecc89?s=96&d=mm&r=g","contentUrl":"https:\/\/secure.gravatar.com\/avatar\/42749d8b712ff9d59ca93dc150494e5b55a44134482993f5baeb97e61b7ecc89?s=96&d=mm&r=g","caption":"Roberto"},"url":"https:\/\/regiaonews.net.br\/2022\/author\/roberto\/"}]}},"publishpress_future_action":{"enabled":false,"date":"2026-05-08 17:01:10","action":"change-status","newStatus":"draft","terms":[],"taxonomy":"category","extraData":[]},"publishpress_future_workflow_manual_trigger":{"enabledWorkflows":[]},"_links":{"self":[{"href":"https:\/\/regiaonews.net.br\/2022\/wp-json\/wp\/v2\/posts\/75104","targetHints":{"allow":["GET"]}}],"collection":[{"href":"https:\/\/regiaonews.net.br\/2022\/wp-json\/wp\/v2\/posts"}],"about":[{"href":"https:\/\/regiaonews.net.br\/2022\/wp-json\/wp\/v2\/types\/post"}],"author":[{"embeddable":true,"href":"https:\/\/regiaonews.net.br\/2022\/wp-json\/wp\/v2\/users\/2"}],"replies":[{"embeddable":true,"href":"https:\/\/regiaonews.net.br\/2022\/wp-json\/wp\/v2\/comments?post=75104"}],"version-history":[{"count":5,"href":"https:\/\/regiaonews.net.br\/2022\/wp-json\/wp\/v2\/posts\/75104\/revisions"}],"predecessor-version":[{"id":75122,"href":"https:\/\/regiaonews.net.br\/2022\/wp-json\/wp\/v2\/posts\/75104\/revisions\/75122"}],"wp:featuredmedia":[{"embeddable":true,"href":"https:\/\/regiaonews.net.br\/2022\/wp-json\/wp\/v2\/media\/75105"}],"wp:attachment":[{"href":"https:\/\/regiaonews.net.br\/2022\/wp-json\/wp\/v2\/media?parent=75104"}],"wp:term":[{"taxonomy":"category","embeddable":true,"href":"https:\/\/regiaonews.net.br\/2022\/wp-json\/wp\/v2\/categories?post=75104"},{"taxonomy":"post_tag","embeddable":true,"href":"https:\/\/regiaonews.net.br\/2022\/wp-json\/wp\/v2\/tags?post=75104"}],"curies":[{"name":"wp","href":"https:\/\/api.w.org\/{rel}","templated":true}]}}