{"id":74151,"date":"2022-06-28T16:35:08","date_gmt":"2022-06-28T19:35:08","guid":{"rendered":"https:\/\/regiaonews.net.br\/2022\/?p=74151"},"modified":"2022-06-28T16:35:08","modified_gmt":"2022-06-28T19:35:08","slug":"filipinho-e-tetra-e-estreante-samuel-pupo-vice-na-etapa-rio-pro-da-wsl","status":"publish","type":"post","link":"https:\/\/regiaonews.net.br\/2022\/2022\/06\/28\/filipinho-e-tetra-e-estreante-samuel-pupo-vice-na-etapa-rio-pro-da-wsl\/","title":{"rendered":"Filipinho \u00e9 tetra e estreante Samuel Pupo vice na etapa Rio Pro da WSL"},"content":{"rendered":"<div class=\"row\">\n<h3 class=\"col-10 offset-1 animated fadeInDown dealy-900 display-8 display-md-8 alt-font font-italic my-1 text-center\" style=\"text-align: center;\">Na disputa feminina, Tatiana Weston Webb ficou em terceiro lugar<\/h3>\n<p>O paulista de Ubatuba Filipe Toledo, l\u00edder do ranking, faturou o tetracampeonato do Rio Pro, etapa da Liga Mundial de Surfe (WSL, sigla em ingl\u00eas), disputada na Praia de Ita\u00fana, em Saquarema (RJ).\u00a0Filipinho levou nota 10 durante a bateria final, valendo o t\u00edtulo, contra o conterr\u00eao Samuel Pupo, as estreante na elite do surfe mundial, que chegou pela primeira vez \u00e0 uma final na temporada. Filipinho totalizou 18.67 contra 10.73, de Pupo, tamb\u00e9m do litoral paulista, da cidade de S\u00e3o Sebasti\u00e3o.<img decoding=\"async\" src=\"https:\/\/agenciabrasil.ebc.com.br\/ebc.png?id=1468113&amp;o=node\" \/><img decoding=\"async\" src=\"https:\/\/agenciabrasil.ebc.com.br\/ebc.gif?id=1468113&amp;o=node\" \/><\/p>\n<p>Com o triunfo em Saquarema, Filipinho chegou aos 50.040 pontos, e se distanciou ainda mais na lideran\u00e7a da classifica\u00e7\u00e3o geral. \u00a0Na \u00faltima etapa, em El Salvador, o paulista j\u00e1 havia assegurado presen\u00e7a no WSL Finals, em setembro, final do circuito mundial que re\u00fane os cinco surfistas com maior pontua\u00e7\u00e3o na temporada.<\/p>\n<p>Para chegar \u00e0 final contra Pupo, Filipinho venceu a semi contra o Yago Dora, com nota 17.36 a 15.34. Pela primeira na etapa brasileira as semifinais reuniram quatro brasileiros. A outra disputa foi entre Pupo e o campe\u00e3o ol\u00edmpico \u00cdtalo Ferreira. O surfista de S\u00e3o Sebasti\u00e3o (SP) \u00a0bateu o potiguar por 11.44 a 10.83.<\/p>\n<p>A brasileira Tatiana Weston-Webb encerrou sua participa\u00e7\u00e3o em terceiro lugar, ao perder a semifinal para a\u00a0havaiana Carissa Moore, por 14.60 a 11.77.\u00a0 Na sequ\u00eancia,\u00a0 Moore se sagrou campe\u00e3 em Saquarema ap\u00f3s superar na final a compatriota Gabriela Bryan, por 12.67 a 9.67.<\/p>\n<p><strong>Fonte &#8211; Ag\u00eancia Brasil<\/strong><\/p>\n<\/div>\n","protected":false},"excerpt":{"rendered":"<p>Na disputa feminina, Tatiana Weston Webb ficou em terceiro lugar<\/p>\n","protected":false},"author":2,"featured_media":74152,"comment_status":"open","ping_status":"open","sticky":false,"template":"","format":"standard","meta":{"footnotes":""},"categories":[3],"tags":[],"class_list":["post-74151","post","type-post","status-publish","format-standard","has-post-thumbnail","hentry","category-geral"],"yoast_head":"<!-- This site is optimized with the Yoast SEO plugin v27.4 - https:\/\/yoast.com\/product\/yoast-seo-wordpress\/ -->\n<title>Filipinho \u00e9 tetra e estreante Samuel Pupo vice na etapa Rio Pro da WSL - Regi\u00e3o News<\/title>\n<meta name=\"robots\" content=\"index, follow, max-snippet:-1, max-image-preview:large, max-video-preview:-1\" \/>\n<link rel=\"canonical\" href=\"https:\/\/regiaonews.net.br\/2022\/2022\/06\/28\/filipinho-e-tetra-e-estreante-samuel-pupo-vice-na-etapa-rio-pro-da-wsl\/\" \/>\n<meta property=\"og:locale\" content=\"pt_BR\" \/>\n<meta property=\"og:type\" content=\"article\" \/>\n<meta property=\"og:title\" content=\"Filipinho \u00e9 tetra e estreante Samuel Pupo vice na etapa Rio Pro da WSL - Regi\u00e3o News\" \/>\n<meta property=\"og:description\" content=\"Na disputa feminina, Tatiana Weston Webb ficou em terceiro lugar\" \/>\n<meta property=\"og:url\" content=\"https:\/\/regiaonews.net.br\/2022\/2022\/06\/28\/filipinho-e-tetra-e-estreante-samuel-pupo-vice-na-etapa-rio-pro-da-wsl\/\" \/>\n<meta property=\"og:site_name\" content=\"Regi\u00e3o News\" \/>\n<meta property=\"article:published_time\" content=\"2022-06-28T19:35:08+00:00\" \/>\n<meta property=\"og:image\" content=\"https:\/\/regiaonews.net.br\/2022\/wp-content\/uploads\/2022\/06\/1656433226060-01.jpeg\" \/>\n\t<meta property=\"og:image:width\" content=\"1170\" \/>\n\t<meta property=\"og:image:height\" content=\"700\" \/>\n\t<meta property=\"og:image:type\" content=\"image\/jpeg\" \/>\n<meta name=\"author\" content=\"Roberto\" \/>\n<meta name=\"twitter:card\" content=\"summary_large_image\" \/>\n<meta name=\"twitter:label1\" content=\"Escrito por\" \/>\n\t<meta name=\"twitter:data1\" content=\"Roberto\" \/>\n\t<meta name=\"twitter:label2\" content=\"Est. tempo de leitura\" \/>\n\t<meta name=\"twitter:data2\" content=\"2 minutos\" \/>\n<script type=\"application\/ld+json\" class=\"yoast-schema-graph\">{\"@context\":\"https:\\\/\\\/schema.org\",\"@graph\":[{\"@type\":\"Article\",\"@id\":\"https:\\\/\\\/regiaonews.net.br\\\/2022\\\/2022\\\/06\\\/28\\\/filipinho-e-tetra-e-estreante-samuel-pupo-vice-na-etapa-rio-pro-da-wsl\\\/#article\",\"isPartOf\":{\"@id\":\"https:\\\/\\\/regiaonews.net.br\\\/2022\\\/2022\\\/06\\\/28\\\/filipinho-e-tetra-e-estreante-samuel-pupo-vice-na-etapa-rio-pro-da-wsl\\\/\"},\"author\":{\"name\":\"Roberto\",\"@id\":\"https:\\\/\\\/regiaonews.net.br\\\/2022\\\/#\\\/schema\\\/person\\\/2d205a608a5aa97ac279d7a5e6d89ad8\"},\"headline\":\"Filipinho \u00e9 tetra e estreante Samuel Pupo vice na etapa Rio Pro da WSL\",\"datePublished\":\"2022-06-28T19:35:08+00:00\",\"mainEntityOfPage\":{\"@id\":\"https:\\\/\\\/regiaonews.net.br\\\/2022\\\/2022\\\/06\\\/28\\\/filipinho-e-tetra-e-estreante-samuel-pupo-vice-na-etapa-rio-pro-da-wsl\\\/\"},\"wordCount\":264,\"commentCount\":0,\"publisher\":{\"@id\":\"https:\\\/\\\/regiaonews.net.br\\\/2022\\\/#organization\"},\"image\":{\"@id\":\"https:\\\/\\\/regiaonews.net.br\\\/2022\\\/2022\\\/06\\\/28\\\/filipinho-e-tetra-e-estreante-samuel-pupo-vice-na-etapa-rio-pro-da-wsl\\\/#primaryimage\"},\"thumbnailUrl\":\"https:\\\/\\\/regiaonews.net.br\\\/2022\\\/wp-content\\\/uploads\\\/2022\\\/06\\\/1656433226060-01.jpeg\",\"articleSection\":[\"Geral\"],\"inLanguage\":\"pt-BR\",\"potentialAction\":[{\"@type\":\"CommentAction\",\"name\":\"Comment\",\"target\":[\"https:\\\/\\\/regiaonews.net.br\\\/2022\\\/2022\\\/06\\\/28\\\/filipinho-e-tetra-e-estreante-samuel-pupo-vice-na-etapa-rio-pro-da-wsl\\\/#respond\"]}]},{\"@type\":\"WebPage\",\"@id\":\"https:\\\/\\\/regiaonews.net.br\\\/2022\\\/2022\\\/06\\\/28\\\/filipinho-e-tetra-e-estreante-samuel-pupo-vice-na-etapa-rio-pro-da-wsl\\\/\",\"url\":\"https:\\\/\\\/regiaonews.net.br\\\/2022\\\/2022\\\/06\\\/28\\\/filipinho-e-tetra-e-estreante-samuel-pupo-vice-na-etapa-rio-pro-da-wsl\\\/\",\"name\":\"Filipinho \u00e9 tetra e estreante Samuel Pupo vice na etapa Rio Pro da WSL - Regi\u00e3o News\",\"isPartOf\":{\"@id\":\"https:\\\/\\\/regiaonews.net.br\\\/2022\\\/#website\"},\"primaryImageOfPage\":{\"@id\":\"https:\\\/\\\/regiaonews.net.br\\\/2022\\\/2022\\\/06\\\/28\\\/filipinho-e-tetra-e-estreante-samuel-pupo-vice-na-etapa-rio-pro-da-wsl\\\/#primaryimage\"},\"image\":{\"@id\":\"https:\\\/\\\/regiaonews.net.br\\\/2022\\\/2022\\\/06\\\/28\\\/filipinho-e-tetra-e-estreante-samuel-pupo-vice-na-etapa-rio-pro-da-wsl\\\/#primaryimage\"},\"thumbnailUrl\":\"https:\\\/\\\/regiaonews.net.br\\\/2022\\\/wp-content\\\/uploads\\\/2022\\\/06\\\/1656433226060-01.jpeg\",\"datePublished\":\"2022-06-28T19:35:08+00:00\",\"breadcrumb\":{\"@id\":\"https:\\\/\\\/regiaonews.net.br\\\/2022\\\/2022\\\/06\\\/28\\\/filipinho-e-tetra-e-estreante-samuel-pupo-vice-na-etapa-rio-pro-da-wsl\\\/#breadcrumb\"},\"inLanguage\":\"pt-BR\",\"potentialAction\":[{\"@type\":\"ReadAction\",\"target\":[\"https:\\\/\\\/regiaonews.net.br\\\/2022\\\/2022\\\/06\\\/28\\\/filipinho-e-tetra-e-estreante-samuel-pupo-vice-na-etapa-rio-pro-da-wsl\\\/\"]}]},{\"@type\":\"ImageObject\",\"inLanguage\":\"pt-BR\",\"@id\":\"https:\\\/\\\/regiaonews.net.br\\\/2022\\\/2022\\\/06\\\/28\\\/filipinho-e-tetra-e-estreante-samuel-pupo-vice-na-etapa-rio-pro-da-wsl\\\/#primaryimage\",\"url\":\"https:\\\/\\\/regiaonews.net.br\\\/2022\\\/wp-content\\\/uploads\\\/2022\\\/06\\\/1656433226060-01.jpeg\",\"contentUrl\":\"https:\\\/\\\/regiaonews.net.br\\\/2022\\\/wp-content\\\/uploads\\\/2022\\\/06\\\/1656433226060-01.jpeg\",\"width\":1170,\"height\":700},{\"@type\":\"BreadcrumbList\",\"@id\":\"https:\\\/\\\/regiaonews.net.br\\\/2022\\\/2022\\\/06\\\/28\\\/filipinho-e-tetra-e-estreante-samuel-pupo-vice-na-etapa-rio-pro-da-wsl\\\/#breadcrumb\",\"itemListElement\":[{\"@type\":\"ListItem\",\"position\":1,\"name\":\"In\u00edcio\",\"item\":\"https:\\\/\\\/regiaonews.net.br\\\/2022\\\/\"},{\"@type\":\"ListItem\",\"position\":2,\"name\":\"Filipinho \u00e9 tetra e estreante Samuel Pupo vice na etapa Rio Pro da WSL\"}]},{\"@type\":\"WebSite\",\"@id\":\"https:\\\/\\\/regiaonews.net.br\\\/2022\\\/#website\",\"url\":\"https:\\\/\\\/regiaonews.net.br\\\/2022\\\/\",\"name\":\"Regi\u00e3o News\",\"description\":\"Site de Not\u00edcias de Barretos e regi\u00e3o\",\"publisher\":{\"@id\":\"https:\\\/\\\/regiaonews.net.br\\\/2022\\\/#organization\"},\"potentialAction\":[{\"@type\":\"SearchAction\",\"target\":{\"@type\":\"EntryPoint\",\"urlTemplate\":\"https:\\\/\\\/regiaonews.net.br\\\/2022\\\/?s={search_term_string}\"},\"query-input\":{\"@type\":\"PropertyValueSpecification\",\"valueRequired\":true,\"valueName\":\"search_term_string\"}}],\"inLanguage\":\"pt-BR\"},{\"@type\":\"Organization\",\"@id\":\"https:\\\/\\\/regiaonews.net.br\\\/2022\\\/#organization\",\"name\":\"Regi\u00e3o News\",\"url\":\"https:\\\/\\\/regiaonews.net.br\\\/2022\\\/\",\"logo\":{\"@type\":\"ImageObject\",\"inLanguage\":\"pt-BR\",\"@id\":\"https:\\\/\\\/regiaonews.net.br\\\/2022\\\/#\\\/schema\\\/logo\\\/image\\\/\",\"url\":\"https:\\\/\\\/regiaonews.net.br\\\/2022\\\/wp-content\\\/uploads\\\/2026\\\/03\\\/regiao-13-anos-scaled.jpg\",\"contentUrl\":\"https:\\\/\\\/regiaonews.net.br\\\/2022\\\/wp-content\\\/uploads\\\/2026\\\/03\\\/regiao-13-anos-scaled.jpg\",\"width\":2560,\"height\":635,\"caption\":\"Regi\u00e3o News\"},\"image\":{\"@id\":\"https:\\\/\\\/regiaonews.net.br\\\/2022\\\/#\\\/schema\\\/logo\\\/image\\\/\"}},{\"@type\":\"Person\",\"@id\":\"https:\\\/\\\/regiaonews.net.br\\\/2022\\\/#\\\/schema\\\/person\\\/2d205a608a5aa97ac279d7a5e6d89ad8\",\"name\":\"Roberto\",\"image\":{\"@type\":\"ImageObject\",\"inLanguage\":\"pt-BR\",\"@id\":\"https:\\\/\\\/secure.gravatar.com\\\/avatar\\\/42749d8b712ff9d59ca93dc150494e5b55a44134482993f5baeb97e61b7ecc89?s=96&d=mm&r=g\",\"url\":\"https:\\\/\\\/secure.gravatar.com\\\/avatar\\\/42749d8b712ff9d59ca93dc150494e5b55a44134482993f5baeb97e61b7ecc89?s=96&d=mm&r=g\",\"contentUrl\":\"https:\\\/\\\/secure.gravatar.com\\\/avatar\\\/42749d8b712ff9d59ca93dc150494e5b55a44134482993f5baeb97e61b7ecc89?s=96&d=mm&r=g\",\"caption\":\"Roberto\"},\"url\":\"https:\\\/\\\/regiaonews.net.br\\\/2022\\\/author\\\/roberto\\\/\"}]}<\/script>\n<!-- \/ Yoast SEO plugin. -->","yoast_head_json":{"title":"Filipinho \u00e9 tetra e estreante Samuel Pupo vice na etapa Rio Pro da WSL - Regi\u00e3o News","robots":{"index":"index","follow":"follow","max-snippet":"max-snippet:-1","max-image-preview":"max-image-preview:large","max-video-preview":"max-video-preview:-1"},"canonical":"https:\/\/regiaonews.net.br\/2022\/2022\/06\/28\/filipinho-e-tetra-e-estreante-samuel-pupo-vice-na-etapa-rio-pro-da-wsl\/","og_locale":"pt_BR","og_type":"article","og_title":"Filipinho \u00e9 tetra e estreante Samuel Pupo vice na etapa Rio Pro da WSL - Regi\u00e3o News","og_description":"Na disputa feminina, Tatiana Weston Webb ficou em terceiro lugar","og_url":"https:\/\/regiaonews.net.br\/2022\/2022\/06\/28\/filipinho-e-tetra-e-estreante-samuel-pupo-vice-na-etapa-rio-pro-da-wsl\/","og_site_name":"Regi\u00e3o News","article_published_time":"2022-06-28T19:35:08+00:00","og_image":[{"width":1170,"height":700,"url":"https:\/\/regiaonews.net.br\/2022\/wp-content\/uploads\/2022\/06\/1656433226060-01.jpeg","type":"image\/jpeg"}],"author":"Roberto","twitter_card":"summary_large_image","twitter_misc":{"Escrito por":"Roberto","Est. tempo de leitura":"2 minutos"},"schema":{"@context":"https:\/\/schema.org","@graph":[{"@type":"Article","@id":"https:\/\/regiaonews.net.br\/2022\/2022\/06\/28\/filipinho-e-tetra-e-estreante-samuel-pupo-vice-na-etapa-rio-pro-da-wsl\/#article","isPartOf":{"@id":"https:\/\/regiaonews.net.br\/2022\/2022\/06\/28\/filipinho-e-tetra-e-estreante-samuel-pupo-vice-na-etapa-rio-pro-da-wsl\/"},"author":{"name":"Roberto","@id":"https:\/\/regiaonews.net.br\/2022\/#\/schema\/person\/2d205a608a5aa97ac279d7a5e6d89ad8"},"headline":"Filipinho \u00e9 tetra e estreante Samuel Pupo vice na etapa Rio Pro da WSL","datePublished":"2022-06-28T19:35:08+00:00","mainEntityOfPage":{"@id":"https:\/\/regiaonews.net.br\/2022\/2022\/06\/28\/filipinho-e-tetra-e-estreante-samuel-pupo-vice-na-etapa-rio-pro-da-wsl\/"},"wordCount":264,"commentCount":0,"publisher":{"@id":"https:\/\/regiaonews.net.br\/2022\/#organization"},"image":{"@id":"https:\/\/regiaonews.net.br\/2022\/2022\/06\/28\/filipinho-e-tetra-e-estreante-samuel-pupo-vice-na-etapa-rio-pro-da-wsl\/#primaryimage"},"thumbnailUrl":"https:\/\/regiaonews.net.br\/2022\/wp-content\/uploads\/2022\/06\/1656433226060-01.jpeg","articleSection":["Geral"],"inLanguage":"pt-BR","potentialAction":[{"@type":"CommentAction","name":"Comment","target":["https:\/\/regiaonews.net.br\/2022\/2022\/06\/28\/filipinho-e-tetra-e-estreante-samuel-pupo-vice-na-etapa-rio-pro-da-wsl\/#respond"]}]},{"@type":"WebPage","@id":"https:\/\/regiaonews.net.br\/2022\/2022\/06\/28\/filipinho-e-tetra-e-estreante-samuel-pupo-vice-na-etapa-rio-pro-da-wsl\/","url":"https:\/\/regiaonews.net.br\/2022\/2022\/06\/28\/filipinho-e-tetra-e-estreante-samuel-pupo-vice-na-etapa-rio-pro-da-wsl\/","name":"Filipinho \u00e9 tetra e estreante Samuel Pupo vice na etapa Rio Pro da WSL - Regi\u00e3o News","isPartOf":{"@id":"https:\/\/regiaonews.net.br\/2022\/#website"},"primaryImageOfPage":{"@id":"https:\/\/regiaonews.net.br\/2022\/2022\/06\/28\/filipinho-e-tetra-e-estreante-samuel-pupo-vice-na-etapa-rio-pro-da-wsl\/#primaryimage"},"image":{"@id":"https:\/\/regiaonews.net.br\/2022\/2022\/06\/28\/filipinho-e-tetra-e-estreante-samuel-pupo-vice-na-etapa-rio-pro-da-wsl\/#primaryimage"},"thumbnailUrl":"https:\/\/regiaonews.net.br\/2022\/wp-content\/uploads\/2022\/06\/1656433226060-01.jpeg","datePublished":"2022-06-28T19:35:08+00:00","breadcrumb":{"@id":"https:\/\/regiaonews.net.br\/2022\/2022\/06\/28\/filipinho-e-tetra-e-estreante-samuel-pupo-vice-na-etapa-rio-pro-da-wsl\/#breadcrumb"},"inLanguage":"pt-BR","potentialAction":[{"@type":"ReadAction","target":["https:\/\/regiaonews.net.br\/2022\/2022\/06\/28\/filipinho-e-tetra-e-estreante-samuel-pupo-vice-na-etapa-rio-pro-da-wsl\/"]}]},{"@type":"ImageObject","inLanguage":"pt-BR","@id":"https:\/\/regiaonews.net.br\/2022\/2022\/06\/28\/filipinho-e-tetra-e-estreante-samuel-pupo-vice-na-etapa-rio-pro-da-wsl\/#primaryimage","url":"https:\/\/regiaonews.net.br\/2022\/wp-content\/uploads\/2022\/06\/1656433226060-01.jpeg","contentUrl":"https:\/\/regiaonews.net.br\/2022\/wp-content\/uploads\/2022\/06\/1656433226060-01.jpeg","width":1170,"height":700},{"@type":"BreadcrumbList","@id":"https:\/\/regiaonews.net.br\/2022\/2022\/06\/28\/filipinho-e-tetra-e-estreante-samuel-pupo-vice-na-etapa-rio-pro-da-wsl\/#breadcrumb","itemListElement":[{"@type":"ListItem","position":1,"name":"In\u00edcio","item":"https:\/\/regiaonews.net.br\/2022\/"},{"@type":"ListItem","position":2,"name":"Filipinho \u00e9 tetra e estreante Samuel Pupo vice na etapa Rio Pro da WSL"}]},{"@type":"WebSite","@id":"https:\/\/regiaonews.net.br\/2022\/#website","url":"https:\/\/regiaonews.net.br\/2022\/","name":"Regi\u00e3o News","description":"Site de Not\u00edcias de Barretos e regi\u00e3o","publisher":{"@id":"https:\/\/regiaonews.net.br\/2022\/#organization"},"potentialAction":[{"@type":"SearchAction","target":{"@type":"EntryPoint","urlTemplate":"https:\/\/regiaonews.net.br\/2022\/?s={search_term_string}"},"query-input":{"@type":"PropertyValueSpecification","valueRequired":true,"valueName":"search_term_string"}}],"inLanguage":"pt-BR"},{"@type":"Organization","@id":"https:\/\/regiaonews.net.br\/2022\/#organization","name":"Regi\u00e3o News","url":"https:\/\/regiaonews.net.br\/2022\/","logo":{"@type":"ImageObject","inLanguage":"pt-BR","@id":"https:\/\/regiaonews.net.br\/2022\/#\/schema\/logo\/image\/","url":"https:\/\/regiaonews.net.br\/2022\/wp-content\/uploads\/2026\/03\/regiao-13-anos-scaled.jpg","contentUrl":"https:\/\/regiaonews.net.br\/2022\/wp-content\/uploads\/2026\/03\/regiao-13-anos-scaled.jpg","width":2560,"height":635,"caption":"Regi\u00e3o News"},"image":{"@id":"https:\/\/regiaonews.net.br\/2022\/#\/schema\/logo\/image\/"}},{"@type":"Person","@id":"https:\/\/regiaonews.net.br\/2022\/#\/schema\/person\/2d205a608a5aa97ac279d7a5e6d89ad8","name":"Roberto","image":{"@type":"ImageObject","inLanguage":"pt-BR","@id":"https:\/\/secure.gravatar.com\/avatar\/42749d8b712ff9d59ca93dc150494e5b55a44134482993f5baeb97e61b7ecc89?s=96&d=mm&r=g","url":"https:\/\/secure.gravatar.com\/avatar\/42749d8b712ff9d59ca93dc150494e5b55a44134482993f5baeb97e61b7ecc89?s=96&d=mm&r=g","contentUrl":"https:\/\/secure.gravatar.com\/avatar\/42749d8b712ff9d59ca93dc150494e5b55a44134482993f5baeb97e61b7ecc89?s=96&d=mm&r=g","caption":"Roberto"},"url":"https:\/\/regiaonews.net.br\/2022\/author\/roberto\/"}]}},"publishpress_future_action":{"enabled":false,"date":"2026-05-02 03:44:32","action":"change-status","newStatus":"draft","terms":[],"taxonomy":"category","extraData":[]},"publishpress_future_workflow_manual_trigger":{"enabledWorkflows":[]},"_links":{"self":[{"href":"https:\/\/regiaonews.net.br\/2022\/wp-json\/wp\/v2\/posts\/74151","targetHints":{"allow":["GET"]}}],"collection":[{"href":"https:\/\/regiaonews.net.br\/2022\/wp-json\/wp\/v2\/posts"}],"about":[{"href":"https:\/\/regiaonews.net.br\/2022\/wp-json\/wp\/v2\/types\/post"}],"author":[{"embeddable":true,"href":"https:\/\/regiaonews.net.br\/2022\/wp-json\/wp\/v2\/users\/2"}],"replies":[{"embeddable":true,"href":"https:\/\/regiaonews.net.br\/2022\/wp-json\/wp\/v2\/comments?post=74151"}],"version-history":[{"count":1,"href":"https:\/\/regiaonews.net.br\/2022\/wp-json\/wp\/v2\/posts\/74151\/revisions"}],"predecessor-version":[{"id":74153,"href":"https:\/\/regiaonews.net.br\/2022\/wp-json\/wp\/v2\/posts\/74151\/revisions\/74153"}],"wp:featuredmedia":[{"embeddable":true,"href":"https:\/\/regiaonews.net.br\/2022\/wp-json\/wp\/v2\/media\/74152"}],"wp:attachment":[{"href":"https:\/\/regiaonews.net.br\/2022\/wp-json\/wp\/v2\/media?parent=74151"}],"wp:term":[{"taxonomy":"category","embeddable":true,"href":"https:\/\/regiaonews.net.br\/2022\/wp-json\/wp\/v2\/categories?post=74151"},{"taxonomy":"post_tag","embeddable":true,"href":"https:\/\/regiaonews.net.br\/2022\/wp-json\/wp\/v2\/tags?post=74151"}],"curies":[{"name":"wp","href":"https:\/\/api.w.org\/{rel}","templated":true}]}}