{"id":73800,"date":"2022-06-22T15:17:59","date_gmt":"2022-06-22T18:17:59","guid":{"rendered":"https:\/\/regiaonews.net.br\/2022\/?p=73800"},"modified":"2022-06-22T15:20:39","modified_gmt":"2022-06-22T18:20:39","slug":"servidor-comemora-30-anos-de-atuacao-na-prefeitura-e-divulga-agradecimento","status":"publish","type":"post","link":"https:\/\/regiaonews.net.br\/2022\/2022\/06\/22\/servidor-comemora-30-anos-de-atuacao-na-prefeitura-e-divulga-agradecimento\/","title":{"rendered":"Servidor comemora 30 anos de atua\u00e7\u00e3o na Prefeitura e divulga agradecimento"},"content":{"rendered":"<p>Deus Pai Celestial<br \/>\nObrigado<br \/>\nHoje 22\/06\/2022 completo 30 anos como Servidor P\u00fablico Municipal, quanta Honra e Dedica\u00e7\u00e3o, em 1992 passei no concurso p\u00fablico da prefeitura e posteriormente em primeiro lugar para Oficial de fiscaliza\u00e7\u00e3o Sanit\u00e1ria, sempre cumpridor de meus deveres e dedica\u00e7\u00e3o no atendimento aos municipes. Nesse mesmo per\u00edodo cursei Engenharia, passando tambem na Faculdade de Direito de Rio Preto antiga FADIR, prestei concurso em Bras\u00edlia para For\u00e7a A\u00e9rea Brasileira AFA, conciliei v\u00e1rios cursos profissionalizantes, com o passar dos anos ouvindo os mais s\u00e1bios, aprendi muito, transpuz barreiras diante das situa\u00e7\u00f5es financeiras, formei fam\u00edlia, meus tr\u00eas filhos maravilhosos e atualmente um neto Joao Miguel e o enteado querido M\u00e1rio. N\u00e3o media esfor\u00e7o e at\u00e9 me abdiquei do tempo em fam\u00edlia por trabalhar demais.<br \/>\nConquistei in\u00fameros amigos e colegas verdadeiros durante esse per\u00edodo.<br \/>\nMe especializei em transporte, sendo chamado a bem do servi\u00e7o p\u00fablico para a coordena\u00e7\u00e3o do transporte das Ambul\u00e2ncias e posteriormente para o Transporte Escolar, onde fiquei 14 anos, conhecido por Flavinho do Transporte, em S\u00e3o Paulo e em Bras\u00edlia na Ceftru, fui homenageado e reconhecido pelo trabalho executado na elabora\u00e7\u00e3o das rotas atendendo o programa caminho as escolas, com todo material e presta\u00e7\u00e3o de contas, objetivando, a economia do tempo de percurso dos alunos e dos gastos p\u00fablicos. Passei por gest\u00e3o de v\u00e1rios Prefeitos, Fui reconhecido tr\u00eas vezes pela C\u00e2mara Municipal, recebento Congratula\u00e7\u00f5es por M\u00e9ritos e o aplausos do povo Barretense.<br \/>\nRecebi tamb\u00e9m nova Congratula\u00e7\u00f5es, nesse momento t\u00e3o dif\u00edcil para todos durante essa pandemia de covid 19 que ceifou in\u00fameras vidas e perdemos entes queridos, diante das a\u00e7\u00f5es, da compreens\u00e3o e de muito trabalho em equipe, na linha de frente.<br \/>\nDurante esse desafio na Coordena\u00e7\u00e3o da Vigil\u00e2ncia Sanit\u00e1ria, muito estou aprendendo ainda, pois trabalho com equipe t\u00e9cnica e dedicada.<br \/>\nNesses 30 anos, quero dedicar a quem me auxiliou durante toda jornada, meu pais Jucao e Ruth, meus irm\u00e3os e irm\u00e3s, meus filhos, Caio, Vinicius, Felipe e Mario, Tios eTias, sobrinhos e sobrinhas, cunhados e cunhadas, equipe Visa, principalmente meus coordenadores Marco Rocha, Sueli Vieira, Rubens Pimenta, Edson Branco, o Secret\u00e1rio de Sa\u00fade Kleber Rosa e a Prefeita Municipal Paula Lemos que me proporcionou esse novo desafio.<br \/>\nMuitos s\u00e3o e foram importantes durante esse 30 anos, fiz uma lista te. 116 nomes, se me perguntarem com certeza o seu nome estar\u00e1 l\u00e1, mas n\u00e3o poderei deixar de falar o t\u00e3o grande amor que sinto, o meu ponto de apoio, a voz que me acalma, a que sabe como estou por dentro, vc Lilian Cristina Gomes, nesses 6 anos de cumplicidade vc me conhece a mais de 30 anos&#8230;obrigado<\/p>\n<p>Obrigado Prefeitura do Munic\u00edpio da Est\u00e2ncia Tur\u00edstica de Barretos&#8230; Te Amo&#8230;por isso me dedico a voc\u00ea.<\/p>\n<p>Fl\u00e1vio J\u00falio do Nascimento<\/p>\n<p>Coordenador da Vigil\u00e2ncia Sanit\u00e1ria de Barretos<\/p>\n","protected":false},"excerpt":{"rendered":"<p>Deus Pai Celestial Obrigado Hoje 22\/06\/2022 completo 30 anos como<\/p>\n","protected":false},"author":2,"featured_media":73801,"comment_status":"open","ping_status":"open","sticky":false,"template":"","format":"standard","meta":{"footnotes":""},"categories":[14,25],"tags":[],"class_list":["post-73800","post","type-post","status-publish","format-standard","has-post-thumbnail","hentry","category-barretos","category-cidades"],"yoast_head":"<!-- This site is optimized with the Yoast SEO plugin v27.4 - https:\/\/yoast.com\/product\/yoast-seo-wordpress\/ -->\n<title>Servidor comemora 30 anos de atua\u00e7\u00e3o na Prefeitura e divulga agradecimento - Regi\u00e3o News<\/title>\n<meta name=\"robots\" content=\"index, follow, max-snippet:-1, max-image-preview:large, max-video-preview:-1\" \/>\n<link rel=\"canonical\" href=\"https:\/\/regiaonews.net.br\/2022\/2022\/06\/22\/servidor-comemora-30-anos-de-atuacao-na-prefeitura-e-divulga-agradecimento\/\" \/>\n<meta property=\"og:locale\" content=\"pt_BR\" \/>\n<meta property=\"og:type\" content=\"article\" \/>\n<meta property=\"og:title\" content=\"Servidor comemora 30 anos de atua\u00e7\u00e3o na Prefeitura e divulga agradecimento - Regi\u00e3o News\" \/>\n<meta property=\"og:description\" content=\"Deus Pai Celestial Obrigado Hoje 22\/06\/2022 completo 30 anos como\" \/>\n<meta property=\"og:url\" content=\"https:\/\/regiaonews.net.br\/2022\/2022\/06\/22\/servidor-comemora-30-anos-de-atuacao-na-prefeitura-e-divulga-agradecimento\/\" \/>\n<meta property=\"og:site_name\" content=\"Regi\u00e3o News\" \/>\n<meta property=\"article:published_time\" content=\"2022-06-22T18:17:59+00:00\" \/>\n<meta property=\"article:modified_time\" content=\"2022-06-22T18:20:39+00:00\" \/>\n<meta property=\"og:image\" content=\"https:\/\/regiaonews.net.br\/2022\/wp-content\/uploads\/2022\/06\/Flavio-Vigilancia.jpg\" \/>\n\t<meta property=\"og:image:width\" content=\"640\" \/>\n\t<meta property=\"og:image:height\" content=\"640\" \/>\n\t<meta property=\"og:image:type\" content=\"image\/jpeg\" \/>\n<meta name=\"author\" content=\"Roberto\" \/>\n<meta name=\"twitter:card\" content=\"summary_large_image\" \/>\n<meta name=\"twitter:label1\" content=\"Escrito por\" \/>\n\t<meta name=\"twitter:data1\" content=\"Roberto\" \/>\n\t<meta name=\"twitter:label2\" content=\"Est. tempo de leitura\" \/>\n\t<meta name=\"twitter:data2\" content=\"3 minutos\" \/>\n<script type=\"application\/ld+json\" class=\"yoast-schema-graph\">{\"@context\":\"https:\\\/\\\/schema.org\",\"@graph\":[{\"@type\":\"Article\",\"@id\":\"https:\\\/\\\/regiaonews.net.br\\\/2022\\\/2022\\\/06\\\/22\\\/servidor-comemora-30-anos-de-atuacao-na-prefeitura-e-divulga-agradecimento\\\/#article\",\"isPartOf\":{\"@id\":\"https:\\\/\\\/regiaonews.net.br\\\/2022\\\/2022\\\/06\\\/22\\\/servidor-comemora-30-anos-de-atuacao-na-prefeitura-e-divulga-agradecimento\\\/\"},\"author\":{\"name\":\"Roberto\",\"@id\":\"https:\\\/\\\/regiaonews.net.br\\\/2022\\\/#\\\/schema\\\/person\\\/2d205a608a5aa97ac279d7a5e6d89ad8\"},\"headline\":\"Servidor comemora 30 anos de atua\u00e7\u00e3o na Prefeitura e divulga agradecimento\",\"datePublished\":\"2022-06-22T18:17:59+00:00\",\"dateModified\":\"2022-06-22T18:20:39+00:00\",\"mainEntityOfPage\":{\"@id\":\"https:\\\/\\\/regiaonews.net.br\\\/2022\\\/2022\\\/06\\\/22\\\/servidor-comemora-30-anos-de-atuacao-na-prefeitura-e-divulga-agradecimento\\\/\"},\"wordCount\":519,\"commentCount\":0,\"publisher\":{\"@id\":\"https:\\\/\\\/regiaonews.net.br\\\/2022\\\/#organization\"},\"image\":{\"@id\":\"https:\\\/\\\/regiaonews.net.br\\\/2022\\\/2022\\\/06\\\/22\\\/servidor-comemora-30-anos-de-atuacao-na-prefeitura-e-divulga-agradecimento\\\/#primaryimage\"},\"thumbnailUrl\":\"https:\\\/\\\/regiaonews.net.br\\\/2022\\\/wp-content\\\/uploads\\\/2022\\\/06\\\/Flavio-Vigilancia.jpg\",\"articleSection\":[\"Barretos\",\"Cidades\"],\"inLanguage\":\"pt-BR\",\"potentialAction\":[{\"@type\":\"CommentAction\",\"name\":\"Comment\",\"target\":[\"https:\\\/\\\/regiaonews.net.br\\\/2022\\\/2022\\\/06\\\/22\\\/servidor-comemora-30-anos-de-atuacao-na-prefeitura-e-divulga-agradecimento\\\/#respond\"]}]},{\"@type\":\"WebPage\",\"@id\":\"https:\\\/\\\/regiaonews.net.br\\\/2022\\\/2022\\\/06\\\/22\\\/servidor-comemora-30-anos-de-atuacao-na-prefeitura-e-divulga-agradecimento\\\/\",\"url\":\"https:\\\/\\\/regiaonews.net.br\\\/2022\\\/2022\\\/06\\\/22\\\/servidor-comemora-30-anos-de-atuacao-na-prefeitura-e-divulga-agradecimento\\\/\",\"name\":\"Servidor comemora 30 anos de atua\u00e7\u00e3o na Prefeitura e divulga agradecimento - Regi\u00e3o News\",\"isPartOf\":{\"@id\":\"https:\\\/\\\/regiaonews.net.br\\\/2022\\\/#website\"},\"primaryImageOfPage\":{\"@id\":\"https:\\\/\\\/regiaonews.net.br\\\/2022\\\/2022\\\/06\\\/22\\\/servidor-comemora-30-anos-de-atuacao-na-prefeitura-e-divulga-agradecimento\\\/#primaryimage\"},\"image\":{\"@id\":\"https:\\\/\\\/regiaonews.net.br\\\/2022\\\/2022\\\/06\\\/22\\\/servidor-comemora-30-anos-de-atuacao-na-prefeitura-e-divulga-agradecimento\\\/#primaryimage\"},\"thumbnailUrl\":\"https:\\\/\\\/regiaonews.net.br\\\/2022\\\/wp-content\\\/uploads\\\/2022\\\/06\\\/Flavio-Vigilancia.jpg\",\"datePublished\":\"2022-06-22T18:17:59+00:00\",\"dateModified\":\"2022-06-22T18:20:39+00:00\",\"breadcrumb\":{\"@id\":\"https:\\\/\\\/regiaonews.net.br\\\/2022\\\/2022\\\/06\\\/22\\\/servidor-comemora-30-anos-de-atuacao-na-prefeitura-e-divulga-agradecimento\\\/#breadcrumb\"},\"inLanguage\":\"pt-BR\",\"potentialAction\":[{\"@type\":\"ReadAction\",\"target\":[\"https:\\\/\\\/regiaonews.net.br\\\/2022\\\/2022\\\/06\\\/22\\\/servidor-comemora-30-anos-de-atuacao-na-prefeitura-e-divulga-agradecimento\\\/\"]}]},{\"@type\":\"ImageObject\",\"inLanguage\":\"pt-BR\",\"@id\":\"https:\\\/\\\/regiaonews.net.br\\\/2022\\\/2022\\\/06\\\/22\\\/servidor-comemora-30-anos-de-atuacao-na-prefeitura-e-divulga-agradecimento\\\/#primaryimage\",\"url\":\"https:\\\/\\\/regiaonews.net.br\\\/2022\\\/wp-content\\\/uploads\\\/2022\\\/06\\\/Flavio-Vigilancia.jpg\",\"contentUrl\":\"https:\\\/\\\/regiaonews.net.br\\\/2022\\\/wp-content\\\/uploads\\\/2022\\\/06\\\/Flavio-Vigilancia.jpg\",\"width\":640,\"height\":640},{\"@type\":\"BreadcrumbList\",\"@id\":\"https:\\\/\\\/regiaonews.net.br\\\/2022\\\/2022\\\/06\\\/22\\\/servidor-comemora-30-anos-de-atuacao-na-prefeitura-e-divulga-agradecimento\\\/#breadcrumb\",\"itemListElement\":[{\"@type\":\"ListItem\",\"position\":1,\"name\":\"In\u00edcio\",\"item\":\"https:\\\/\\\/regiaonews.net.br\\\/2022\\\/\"},{\"@type\":\"ListItem\",\"position\":2,\"name\":\"Servidor comemora 30 anos de atua\u00e7\u00e3o na Prefeitura e divulga agradecimento\"}]},{\"@type\":\"WebSite\",\"@id\":\"https:\\\/\\\/regiaonews.net.br\\\/2022\\\/#website\",\"url\":\"https:\\\/\\\/regiaonews.net.br\\\/2022\\\/\",\"name\":\"Regi\u00e3o News\",\"description\":\"Site de Not\u00edcias de Barretos e regi\u00e3o\",\"publisher\":{\"@id\":\"https:\\\/\\\/regiaonews.net.br\\\/2022\\\/#organization\"},\"potentialAction\":[{\"@type\":\"SearchAction\",\"target\":{\"@type\":\"EntryPoint\",\"urlTemplate\":\"https:\\\/\\\/regiaonews.net.br\\\/2022\\\/?s={search_term_string}\"},\"query-input\":{\"@type\":\"PropertyValueSpecification\",\"valueRequired\":true,\"valueName\":\"search_term_string\"}}],\"inLanguage\":\"pt-BR\"},{\"@type\":\"Organization\",\"@id\":\"https:\\\/\\\/regiaonews.net.br\\\/2022\\\/#organization\",\"name\":\"Regi\u00e3o News\",\"url\":\"https:\\\/\\\/regiaonews.net.br\\\/2022\\\/\",\"logo\":{\"@type\":\"ImageObject\",\"inLanguage\":\"pt-BR\",\"@id\":\"https:\\\/\\\/regiaonews.net.br\\\/2022\\\/#\\\/schema\\\/logo\\\/image\\\/\",\"url\":\"https:\\\/\\\/regiaonews.net.br\\\/2022\\\/wp-content\\\/uploads\\\/2026\\\/03\\\/regiao-13-anos-scaled.jpg\",\"contentUrl\":\"https:\\\/\\\/regiaonews.net.br\\\/2022\\\/wp-content\\\/uploads\\\/2026\\\/03\\\/regiao-13-anos-scaled.jpg\",\"width\":2560,\"height\":635,\"caption\":\"Regi\u00e3o News\"},\"image\":{\"@id\":\"https:\\\/\\\/regiaonews.net.br\\\/2022\\\/#\\\/schema\\\/logo\\\/image\\\/\"}},{\"@type\":\"Person\",\"@id\":\"https:\\\/\\\/regiaonews.net.br\\\/2022\\\/#\\\/schema\\\/person\\\/2d205a608a5aa97ac279d7a5e6d89ad8\",\"name\":\"Roberto\",\"image\":{\"@type\":\"ImageObject\",\"inLanguage\":\"pt-BR\",\"@id\":\"https:\\\/\\\/secure.gravatar.com\\\/avatar\\\/42749d8b712ff9d59ca93dc150494e5b55a44134482993f5baeb97e61b7ecc89?s=96&d=mm&r=g\",\"url\":\"https:\\\/\\\/secure.gravatar.com\\\/avatar\\\/42749d8b712ff9d59ca93dc150494e5b55a44134482993f5baeb97e61b7ecc89?s=96&d=mm&r=g\",\"contentUrl\":\"https:\\\/\\\/secure.gravatar.com\\\/avatar\\\/42749d8b712ff9d59ca93dc150494e5b55a44134482993f5baeb97e61b7ecc89?s=96&d=mm&r=g\",\"caption\":\"Roberto\"},\"url\":\"https:\\\/\\\/regiaonews.net.br\\\/2022\\\/author\\\/roberto\\\/\"}]}<\/script>\n<!-- \/ Yoast SEO plugin. -->","yoast_head_json":{"title":"Servidor comemora 30 anos de atua\u00e7\u00e3o na Prefeitura e divulga agradecimento - Regi\u00e3o News","robots":{"index":"index","follow":"follow","max-snippet":"max-snippet:-1","max-image-preview":"max-image-preview:large","max-video-preview":"max-video-preview:-1"},"canonical":"https:\/\/regiaonews.net.br\/2022\/2022\/06\/22\/servidor-comemora-30-anos-de-atuacao-na-prefeitura-e-divulga-agradecimento\/","og_locale":"pt_BR","og_type":"article","og_title":"Servidor comemora 30 anos de atua\u00e7\u00e3o na Prefeitura e divulga agradecimento - Regi\u00e3o News","og_description":"Deus Pai Celestial Obrigado Hoje 22\/06\/2022 completo 30 anos como","og_url":"https:\/\/regiaonews.net.br\/2022\/2022\/06\/22\/servidor-comemora-30-anos-de-atuacao-na-prefeitura-e-divulga-agradecimento\/","og_site_name":"Regi\u00e3o News","article_published_time":"2022-06-22T18:17:59+00:00","article_modified_time":"2022-06-22T18:20:39+00:00","og_image":[{"width":640,"height":640,"url":"https:\/\/regiaonews.net.br\/2022\/wp-content\/uploads\/2022\/06\/Flavio-Vigilancia.jpg","type":"image\/jpeg"}],"author":"Roberto","twitter_card":"summary_large_image","twitter_misc":{"Escrito por":"Roberto","Est. tempo de leitura":"3 minutos"},"schema":{"@context":"https:\/\/schema.org","@graph":[{"@type":"Article","@id":"https:\/\/regiaonews.net.br\/2022\/2022\/06\/22\/servidor-comemora-30-anos-de-atuacao-na-prefeitura-e-divulga-agradecimento\/#article","isPartOf":{"@id":"https:\/\/regiaonews.net.br\/2022\/2022\/06\/22\/servidor-comemora-30-anos-de-atuacao-na-prefeitura-e-divulga-agradecimento\/"},"author":{"name":"Roberto","@id":"https:\/\/regiaonews.net.br\/2022\/#\/schema\/person\/2d205a608a5aa97ac279d7a5e6d89ad8"},"headline":"Servidor comemora 30 anos de atua\u00e7\u00e3o na Prefeitura e divulga agradecimento","datePublished":"2022-06-22T18:17:59+00:00","dateModified":"2022-06-22T18:20:39+00:00","mainEntityOfPage":{"@id":"https:\/\/regiaonews.net.br\/2022\/2022\/06\/22\/servidor-comemora-30-anos-de-atuacao-na-prefeitura-e-divulga-agradecimento\/"},"wordCount":519,"commentCount":0,"publisher":{"@id":"https:\/\/regiaonews.net.br\/2022\/#organization"},"image":{"@id":"https:\/\/regiaonews.net.br\/2022\/2022\/06\/22\/servidor-comemora-30-anos-de-atuacao-na-prefeitura-e-divulga-agradecimento\/#primaryimage"},"thumbnailUrl":"https:\/\/regiaonews.net.br\/2022\/wp-content\/uploads\/2022\/06\/Flavio-Vigilancia.jpg","articleSection":["Barretos","Cidades"],"inLanguage":"pt-BR","potentialAction":[{"@type":"CommentAction","name":"Comment","target":["https:\/\/regiaonews.net.br\/2022\/2022\/06\/22\/servidor-comemora-30-anos-de-atuacao-na-prefeitura-e-divulga-agradecimento\/#respond"]}]},{"@type":"WebPage","@id":"https:\/\/regiaonews.net.br\/2022\/2022\/06\/22\/servidor-comemora-30-anos-de-atuacao-na-prefeitura-e-divulga-agradecimento\/","url":"https:\/\/regiaonews.net.br\/2022\/2022\/06\/22\/servidor-comemora-30-anos-de-atuacao-na-prefeitura-e-divulga-agradecimento\/","name":"Servidor comemora 30 anos de atua\u00e7\u00e3o na Prefeitura e divulga agradecimento - Regi\u00e3o News","isPartOf":{"@id":"https:\/\/regiaonews.net.br\/2022\/#website"},"primaryImageOfPage":{"@id":"https:\/\/regiaonews.net.br\/2022\/2022\/06\/22\/servidor-comemora-30-anos-de-atuacao-na-prefeitura-e-divulga-agradecimento\/#primaryimage"},"image":{"@id":"https:\/\/regiaonews.net.br\/2022\/2022\/06\/22\/servidor-comemora-30-anos-de-atuacao-na-prefeitura-e-divulga-agradecimento\/#primaryimage"},"thumbnailUrl":"https:\/\/regiaonews.net.br\/2022\/wp-content\/uploads\/2022\/06\/Flavio-Vigilancia.jpg","datePublished":"2022-06-22T18:17:59+00:00","dateModified":"2022-06-22T18:20:39+00:00","breadcrumb":{"@id":"https:\/\/regiaonews.net.br\/2022\/2022\/06\/22\/servidor-comemora-30-anos-de-atuacao-na-prefeitura-e-divulga-agradecimento\/#breadcrumb"},"inLanguage":"pt-BR","potentialAction":[{"@type":"ReadAction","target":["https:\/\/regiaonews.net.br\/2022\/2022\/06\/22\/servidor-comemora-30-anos-de-atuacao-na-prefeitura-e-divulga-agradecimento\/"]}]},{"@type":"ImageObject","inLanguage":"pt-BR","@id":"https:\/\/regiaonews.net.br\/2022\/2022\/06\/22\/servidor-comemora-30-anos-de-atuacao-na-prefeitura-e-divulga-agradecimento\/#primaryimage","url":"https:\/\/regiaonews.net.br\/2022\/wp-content\/uploads\/2022\/06\/Flavio-Vigilancia.jpg","contentUrl":"https:\/\/regiaonews.net.br\/2022\/wp-content\/uploads\/2022\/06\/Flavio-Vigilancia.jpg","width":640,"height":640},{"@type":"BreadcrumbList","@id":"https:\/\/regiaonews.net.br\/2022\/2022\/06\/22\/servidor-comemora-30-anos-de-atuacao-na-prefeitura-e-divulga-agradecimento\/#breadcrumb","itemListElement":[{"@type":"ListItem","position":1,"name":"In\u00edcio","item":"https:\/\/regiaonews.net.br\/2022\/"},{"@type":"ListItem","position":2,"name":"Servidor comemora 30 anos de atua\u00e7\u00e3o na Prefeitura e divulga agradecimento"}]},{"@type":"WebSite","@id":"https:\/\/regiaonews.net.br\/2022\/#website","url":"https:\/\/regiaonews.net.br\/2022\/","name":"Regi\u00e3o News","description":"Site de Not\u00edcias de Barretos e regi\u00e3o","publisher":{"@id":"https:\/\/regiaonews.net.br\/2022\/#organization"},"potentialAction":[{"@type":"SearchAction","target":{"@type":"EntryPoint","urlTemplate":"https:\/\/regiaonews.net.br\/2022\/?s={search_term_string}"},"query-input":{"@type":"PropertyValueSpecification","valueRequired":true,"valueName":"search_term_string"}}],"inLanguage":"pt-BR"},{"@type":"Organization","@id":"https:\/\/regiaonews.net.br\/2022\/#organization","name":"Regi\u00e3o News","url":"https:\/\/regiaonews.net.br\/2022\/","logo":{"@type":"ImageObject","inLanguage":"pt-BR","@id":"https:\/\/regiaonews.net.br\/2022\/#\/schema\/logo\/image\/","url":"https:\/\/regiaonews.net.br\/2022\/wp-content\/uploads\/2026\/03\/regiao-13-anos-scaled.jpg","contentUrl":"https:\/\/regiaonews.net.br\/2022\/wp-content\/uploads\/2026\/03\/regiao-13-anos-scaled.jpg","width":2560,"height":635,"caption":"Regi\u00e3o News"},"image":{"@id":"https:\/\/regiaonews.net.br\/2022\/#\/schema\/logo\/image\/"}},{"@type":"Person","@id":"https:\/\/regiaonews.net.br\/2022\/#\/schema\/person\/2d205a608a5aa97ac279d7a5e6d89ad8","name":"Roberto","image":{"@type":"ImageObject","inLanguage":"pt-BR","@id":"https:\/\/secure.gravatar.com\/avatar\/42749d8b712ff9d59ca93dc150494e5b55a44134482993f5baeb97e61b7ecc89?s=96&d=mm&r=g","url":"https:\/\/secure.gravatar.com\/avatar\/42749d8b712ff9d59ca93dc150494e5b55a44134482993f5baeb97e61b7ecc89?s=96&d=mm&r=g","contentUrl":"https:\/\/secure.gravatar.com\/avatar\/42749d8b712ff9d59ca93dc150494e5b55a44134482993f5baeb97e61b7ecc89?s=96&d=mm&r=g","caption":"Roberto"},"url":"https:\/\/regiaonews.net.br\/2022\/author\/roberto\/"}]}},"publishpress_future_action":{"enabled":false,"date":"2026-05-02 04:05:24","action":"change-status","newStatus":"draft","terms":[],"taxonomy":"category","extraData":[]},"publishpress_future_workflow_manual_trigger":{"enabledWorkflows":[]},"_links":{"self":[{"href":"https:\/\/regiaonews.net.br\/2022\/wp-json\/wp\/v2\/posts\/73800","targetHints":{"allow":["GET"]}}],"collection":[{"href":"https:\/\/regiaonews.net.br\/2022\/wp-json\/wp\/v2\/posts"}],"about":[{"href":"https:\/\/regiaonews.net.br\/2022\/wp-json\/wp\/v2\/types\/post"}],"author":[{"embeddable":true,"href":"https:\/\/regiaonews.net.br\/2022\/wp-json\/wp\/v2\/users\/2"}],"replies":[{"embeddable":true,"href":"https:\/\/regiaonews.net.br\/2022\/wp-json\/wp\/v2\/comments?post=73800"}],"version-history":[{"count":1,"href":"https:\/\/regiaonews.net.br\/2022\/wp-json\/wp\/v2\/posts\/73800\/revisions"}],"predecessor-version":[{"id":73802,"href":"https:\/\/regiaonews.net.br\/2022\/wp-json\/wp\/v2\/posts\/73800\/revisions\/73802"}],"wp:featuredmedia":[{"embeddable":true,"href":"https:\/\/regiaonews.net.br\/2022\/wp-json\/wp\/v2\/media\/73801"}],"wp:attachment":[{"href":"https:\/\/regiaonews.net.br\/2022\/wp-json\/wp\/v2\/media?parent=73800"}],"wp:term":[{"taxonomy":"category","embeddable":true,"href":"https:\/\/regiaonews.net.br\/2022\/wp-json\/wp\/v2\/categories?post=73800"},{"taxonomy":"post_tag","embeddable":true,"href":"https:\/\/regiaonews.net.br\/2022\/wp-json\/wp\/v2\/tags?post=73800"}],"curies":[{"name":"wp","href":"https:\/\/api.w.org\/{rel}","templated":true}]}}