{"id":73408,"date":"2022-06-16T09:39:09","date_gmt":"2022-06-16T12:39:09","guid":{"rendered":"https:\/\/regiaonews.net.br\/2022\/?p=73408"},"modified":"2022-06-16T09:39:09","modified_gmt":"2022-06-16T12:39:09","slug":"escritor-leandro-augusto-lanca-livro-na-abc","status":"publish","type":"post","link":"https:\/\/regiaonews.net.br\/2022\/2022\/06\/16\/escritor-leandro-augusto-lanca-livro-na-abc\/","title":{"rendered":"Escritor Leandro Augusto lan\u00e7a livro na ABC"},"content":{"rendered":"<p>Em evento realizado na noite desta quarta (15), na sede da ABC &#8211; Academia\u00a0 Barretense de Cultura, aconteceu o lan\u00e7amento do livro do escritor barretense Leandro Augusto &#8220;Vivendo Entre Homens e Anjos&#8221;. A noite de aut\u00f3grafos foi prestigiada pelos acad\u00eamicos e convidados, entre eles, a presidente Rosa Carneiro e o ex-prefeito Mussa Calil Neto. &#8220;Foi uma noite muito agrad\u00e1vel e fui muito recebido por todos acad\u00eamicos e convidados. Tenho muita gratid\u00e3o por todo carinho recebido&#8221;, afirmou Leandro Augusto, que est\u00e1 em segundo livro.<\/p>\n<p>O lan\u00e7amento oficial ser\u00e1 realizado no dia 6 de julho, na 26\u00b0 Bienal do livro de S\u00e3o Paulo.<\/p>\n<p>Confira algumas fotos do lan\u00e7amento na ABC<\/p>\n<p>Foto &#8211; Eurico Orlando J\u00fanior<\/p>\n<p><a href=\"https:\/\/regiaonews.net.br\/2022\/wp-content\/uploads\/2022\/06\/IMG-20220616-WA0068.jpg\"><img loading=\"lazy\" decoding=\"async\" class=\"alignnone size-medium wp-image-73409\" src=\"https:\/\/regiaonews.net.br\/2022\/wp-content\/uploads\/2022\/06\/IMG-20220616-WA0068-300x142.jpg\" alt=\"\" width=\"300\" height=\"142\" srcset=\"https:\/\/regiaonews.net.br\/2022\/wp-content\/uploads\/2022\/06\/IMG-20220616-WA0068-300x142.jpg 300w, https:\/\/regiaonews.net.br\/2022\/wp-content\/uploads\/2022\/06\/IMG-20220616-WA0068-1024x485.jpg 1024w, https:\/\/regiaonews.net.br\/2022\/wp-content\/uploads\/2022\/06\/IMG-20220616-WA0068-768x364.jpg 768w, https:\/\/regiaonews.net.br\/2022\/wp-content\/uploads\/2022\/06\/IMG-20220616-WA0068-1536x728.jpg 1536w, https:\/\/regiaonews.net.br\/2022\/wp-content\/uploads\/2022\/06\/IMG-20220616-WA0068-250x118.jpg 250w, https:\/\/regiaonews.net.br\/2022\/wp-content\/uploads\/2022\/06\/IMG-20220616-WA0068.jpg 1600w\" sizes=\"auto, (max-width: 300px) 100vw, 300px\" \/><\/a> <a href=\"https:\/\/regiaonews.net.br\/2022\/wp-content\/uploads\/2022\/06\/IMG-20220615-WA0471.jpg\"><img loading=\"lazy\" decoding=\"async\" class=\"alignnone size-medium wp-image-73410\" src=\"https:\/\/regiaonews.net.br\/2022\/wp-content\/uploads\/2022\/06\/IMG-20220615-WA0471-300x169.jpg\" alt=\"\" width=\"300\" height=\"169\" srcset=\"https:\/\/regiaonews.net.br\/2022\/wp-content\/uploads\/2022\/06\/IMG-20220615-WA0471-300x169.jpg 300w, https:\/\/regiaonews.net.br\/2022\/wp-content\/uploads\/2022\/06\/IMG-20220615-WA0471-1024x576.jpg 1024w, https:\/\/regiaonews.net.br\/2022\/wp-content\/uploads\/2022\/06\/IMG-20220615-WA0471-768x432.jpg 768w, https:\/\/regiaonews.net.br\/2022\/wp-content\/uploads\/2022\/06\/IMG-20220615-WA0471-1536x864.jpg 1536w, https:\/\/regiaonews.net.br\/2022\/wp-content\/uploads\/2022\/06\/IMG-20220615-WA0471-250x141.jpg 250w, https:\/\/regiaonews.net.br\/2022\/wp-content\/uploads\/2022\/06\/IMG-20220615-WA0471.jpg 1599w\" sizes=\"auto, (max-width: 300px) 100vw, 300px\" \/><\/a> <a href=\"https:\/\/regiaonews.net.br\/2022\/wp-content\/uploads\/2022\/06\/IMG-20220615-WA0470.jpg\"><img loading=\"lazy\" decoding=\"async\" class=\"alignnone size-medium wp-image-73411\" src=\"https:\/\/regiaonews.net.br\/2022\/wp-content\/uploads\/2022\/06\/IMG-20220615-WA0470-300x169.jpg\" alt=\"\" width=\"300\" height=\"169\" srcset=\"https:\/\/regiaonews.net.br\/2022\/wp-content\/uploads\/2022\/06\/IMG-20220615-WA0470-300x169.jpg 300w, https:\/\/regiaonews.net.br\/2022\/wp-content\/uploads\/2022\/06\/IMG-20220615-WA0470-1024x576.jpg 1024w, https:\/\/regiaonews.net.br\/2022\/wp-content\/uploads\/2022\/06\/IMG-20220615-WA0470-768x432.jpg 768w, https:\/\/regiaonews.net.br\/2022\/wp-content\/uploads\/2022\/06\/IMG-20220615-WA0470-1536x864.jpg 1536w, https:\/\/regiaonews.net.br\/2022\/wp-content\/uploads\/2022\/06\/IMG-20220615-WA0470-250x141.jpg 250w, https:\/\/regiaonews.net.br\/2022\/wp-content\/uploads\/2022\/06\/IMG-20220615-WA0470.jpg 1599w\" sizes=\"auto, (max-width: 300px) 100vw, 300px\" \/><\/a> <a href=\"https:\/\/regiaonews.net.br\/2022\/wp-content\/uploads\/2022\/06\/IMG-20220615-WA0468.jpg\"><img loading=\"lazy\" decoding=\"async\" class=\"alignnone size-medium wp-image-73412\" src=\"https:\/\/regiaonews.net.br\/2022\/wp-content\/uploads\/2022\/06\/IMG-20220615-WA0468-300x169.jpg\" alt=\"\" width=\"300\" height=\"169\" srcset=\"https:\/\/regiaonews.net.br\/2022\/wp-content\/uploads\/2022\/06\/IMG-20220615-WA0468-300x169.jpg 300w, https:\/\/regiaonews.net.br\/2022\/wp-content\/uploads\/2022\/06\/IMG-20220615-WA0468-1024x576.jpg 1024w, https:\/\/regiaonews.net.br\/2022\/wp-content\/uploads\/2022\/06\/IMG-20220615-WA0468-768x432.jpg 768w, https:\/\/regiaonews.net.br\/2022\/wp-content\/uploads\/2022\/06\/IMG-20220615-WA0468-1536x864.jpg 1536w, https:\/\/regiaonews.net.br\/2022\/wp-content\/uploads\/2022\/06\/IMG-20220615-WA0468-250x141.jpg 250w, https:\/\/regiaonews.net.br\/2022\/wp-content\/uploads\/2022\/06\/IMG-20220615-WA0468.jpg 1599w\" sizes=\"auto, (max-width: 300px) 100vw, 300px\" \/><\/a> <a href=\"https:\/\/regiaonews.net.br\/2022\/wp-content\/uploads\/2022\/06\/IMG-20220615-WA0466.jpg\"><img loading=\"lazy\" decoding=\"async\" class=\"alignnone size-medium wp-image-73413\" src=\"https:\/\/regiaonews.net.br\/2022\/wp-content\/uploads\/2022\/06\/IMG-20220615-WA0466-300x142.jpg\" alt=\"\" width=\"300\" height=\"142\" srcset=\"https:\/\/regiaonews.net.br\/2022\/wp-content\/uploads\/2022\/06\/IMG-20220615-WA0466-300x142.jpg 300w, https:\/\/regiaonews.net.br\/2022\/wp-content\/uploads\/2022\/06\/IMG-20220615-WA0466-1024x485.jpg 1024w, https:\/\/regiaonews.net.br\/2022\/wp-content\/uploads\/2022\/06\/IMG-20220615-WA0466-768x364.jpg 768w, https:\/\/regiaonews.net.br\/2022\/wp-content\/uploads\/2022\/06\/IMG-20220615-WA0466-1536x728.jpg 1536w, https:\/\/regiaonews.net.br\/2022\/wp-content\/uploads\/2022\/06\/IMG-20220615-WA0466-250x118.jpg 250w, https:\/\/regiaonews.net.br\/2022\/wp-content\/uploads\/2022\/06\/IMG-20220615-WA0466.jpg 1600w\" sizes=\"auto, (max-width: 300px) 100vw, 300px\" \/><\/a> <a href=\"https:\/\/regiaonews.net.br\/2022\/wp-content\/uploads\/2022\/06\/IMG-20220616-WA0071.jpg\"><img loading=\"lazy\" decoding=\"async\" class=\"alignnone size-medium wp-image-73414\" src=\"https:\/\/regiaonews.net.br\/2022\/wp-content\/uploads\/2022\/06\/IMG-20220616-WA0071-300x142.jpg\" alt=\"\" width=\"300\" height=\"142\" srcset=\"https:\/\/regiaonews.net.br\/2022\/wp-content\/uploads\/2022\/06\/IMG-20220616-WA0071-300x142.jpg 300w, https:\/\/regiaonews.net.br\/2022\/wp-content\/uploads\/2022\/06\/IMG-20220616-WA0071-1024x485.jpg 1024w, https:\/\/regiaonews.net.br\/2022\/wp-content\/uploads\/2022\/06\/IMG-20220616-WA0071-768x364.jpg 768w, https:\/\/regiaonews.net.br\/2022\/wp-content\/uploads\/2022\/06\/IMG-20220616-WA0071-1536x728.jpg 1536w, https:\/\/regiaonews.net.br\/2022\/wp-content\/uploads\/2022\/06\/IMG-20220616-WA0071-250x118.jpg 250w, https:\/\/regiaonews.net.br\/2022\/wp-content\/uploads\/2022\/06\/IMG-20220616-WA0071.jpg 1600w\" sizes=\"auto, (max-width: 300px) 100vw, 300px\" \/><\/a> <a href=\"https:\/\/regiaonews.net.br\/2022\/wp-content\/uploads\/2022\/06\/IMG-20220616-WA0070.jpg\"><img loading=\"lazy\" decoding=\"async\" class=\"alignnone size-medium wp-image-73415\" src=\"https:\/\/regiaonews.net.br\/2022\/wp-content\/uploads\/2022\/06\/IMG-20220616-WA0070-300x142.jpg\" alt=\"\" width=\"300\" height=\"142\" srcset=\"https:\/\/regiaonews.net.br\/2022\/wp-content\/uploads\/2022\/06\/IMG-20220616-WA0070-300x142.jpg 300w, https:\/\/regiaonews.net.br\/2022\/wp-content\/uploads\/2022\/06\/IMG-20220616-WA0070-1024x485.jpg 1024w, https:\/\/regiaonews.net.br\/2022\/wp-content\/uploads\/2022\/06\/IMG-20220616-WA0070-768x364.jpg 768w, https:\/\/regiaonews.net.br\/2022\/wp-content\/uploads\/2022\/06\/IMG-20220616-WA0070-1536x728.jpg 1536w, https:\/\/regiaonews.net.br\/2022\/wp-content\/uploads\/2022\/06\/IMG-20220616-WA0070-250x118.jpg 250w, https:\/\/regiaonews.net.br\/2022\/wp-content\/uploads\/2022\/06\/IMG-20220616-WA0070.jpg 1600w\" sizes=\"auto, (max-width: 300px) 100vw, 300px\" \/><\/a><\/p>\n","protected":false},"excerpt":{"rendered":"<p>Em evento realizado na noite desta quarta (15), na sede<\/p>\n","protected":false},"author":2,"featured_media":73413,"comment_status":"open","ping_status":"open","sticky":false,"template":"","format":"standard","meta":{"footnotes":""},"categories":[14,3],"tags":[],"class_list":["post-73408","post","type-post","status-publish","format-standard","has-post-thumbnail","hentry","category-barretos","category-geral"],"yoast_head":"<!-- This site is optimized with the Yoast SEO plugin v27.4 - https:\/\/yoast.com\/product\/yoast-seo-wordpress\/ -->\n<title>Escritor Leandro Augusto lan\u00e7a livro na ABC - Regi\u00e3o News<\/title>\n<meta name=\"robots\" content=\"index, follow, max-snippet:-1, max-image-preview:large, max-video-preview:-1\" \/>\n<link rel=\"canonical\" href=\"https:\/\/regiaonews.net.br\/2022\/2022\/06\/16\/escritor-leandro-augusto-lanca-livro-na-abc\/\" \/>\n<meta property=\"og:locale\" content=\"pt_BR\" \/>\n<meta property=\"og:type\" content=\"article\" \/>\n<meta property=\"og:title\" content=\"Escritor Leandro Augusto lan\u00e7a livro na ABC - Regi\u00e3o News\" \/>\n<meta property=\"og:description\" content=\"Em evento realizado na noite desta quarta (15), na sede\" \/>\n<meta property=\"og:url\" content=\"https:\/\/regiaonews.net.br\/2022\/2022\/06\/16\/escritor-leandro-augusto-lanca-livro-na-abc\/\" \/>\n<meta property=\"og:site_name\" content=\"Regi\u00e3o News\" \/>\n<meta property=\"article:published_time\" content=\"2022-06-16T12:39:09+00:00\" \/>\n<meta property=\"og:image\" content=\"https:\/\/regiaonews.net.br\/2022\/wp-content\/uploads\/2022\/06\/IMG-20220615-WA0466.jpg\" \/>\n\t<meta property=\"og:image:width\" content=\"1600\" \/>\n\t<meta property=\"og:image:height\" content=\"758\" \/>\n\t<meta property=\"og:image:type\" content=\"image\/jpeg\" \/>\n<meta name=\"author\" content=\"Roberto\" \/>\n<meta name=\"twitter:card\" content=\"summary_large_image\" \/>\n<meta name=\"twitter:label1\" content=\"Escrito por\" \/>\n\t<meta name=\"twitter:data1\" content=\"Roberto\" \/>\n\t<meta name=\"twitter:label2\" content=\"Est. tempo de leitura\" \/>\n\t<meta name=\"twitter:data2\" content=\"3 minutos\" \/>\n<script type=\"application\/ld+json\" class=\"yoast-schema-graph\">{\"@context\":\"https:\\\/\\\/schema.org\",\"@graph\":[{\"@type\":\"Article\",\"@id\":\"https:\\\/\\\/regiaonews.net.br\\\/2022\\\/2022\\\/06\\\/16\\\/escritor-leandro-augusto-lanca-livro-na-abc\\\/#article\",\"isPartOf\":{\"@id\":\"https:\\\/\\\/regiaonews.net.br\\\/2022\\\/2022\\\/06\\\/16\\\/escritor-leandro-augusto-lanca-livro-na-abc\\\/\"},\"author\":{\"name\":\"Roberto\",\"@id\":\"https:\\\/\\\/regiaonews.net.br\\\/2022\\\/#\\\/schema\\\/person\\\/2d205a608a5aa97ac279d7a5e6d89ad8\"},\"headline\":\"Escritor Leandro Augusto lan\u00e7a livro na ABC\",\"datePublished\":\"2022-06-16T12:39:09+00:00\",\"mainEntityOfPage\":{\"@id\":\"https:\\\/\\\/regiaonews.net.br\\\/2022\\\/2022\\\/06\\\/16\\\/escritor-leandro-augusto-lanca-livro-na-abc\\\/\"},\"wordCount\":128,\"commentCount\":0,\"publisher\":{\"@id\":\"https:\\\/\\\/regiaonews.net.br\\\/2022\\\/#organization\"},\"image\":{\"@id\":\"https:\\\/\\\/regiaonews.net.br\\\/2022\\\/2022\\\/06\\\/16\\\/escritor-leandro-augusto-lanca-livro-na-abc\\\/#primaryimage\"},\"thumbnailUrl\":\"https:\\\/\\\/regiaonews.net.br\\\/2022\\\/wp-content\\\/uploads\\\/2022\\\/06\\\/IMG-20220615-WA0466.jpg\",\"articleSection\":[\"Barretos\",\"Geral\"],\"inLanguage\":\"pt-BR\",\"potentialAction\":[{\"@type\":\"CommentAction\",\"name\":\"Comment\",\"target\":[\"https:\\\/\\\/regiaonews.net.br\\\/2022\\\/2022\\\/06\\\/16\\\/escritor-leandro-augusto-lanca-livro-na-abc\\\/#respond\"]}]},{\"@type\":\"WebPage\",\"@id\":\"https:\\\/\\\/regiaonews.net.br\\\/2022\\\/2022\\\/06\\\/16\\\/escritor-leandro-augusto-lanca-livro-na-abc\\\/\",\"url\":\"https:\\\/\\\/regiaonews.net.br\\\/2022\\\/2022\\\/06\\\/16\\\/escritor-leandro-augusto-lanca-livro-na-abc\\\/\",\"name\":\"Escritor Leandro Augusto lan\u00e7a livro na ABC - Regi\u00e3o News\",\"isPartOf\":{\"@id\":\"https:\\\/\\\/regiaonews.net.br\\\/2022\\\/#website\"},\"primaryImageOfPage\":{\"@id\":\"https:\\\/\\\/regiaonews.net.br\\\/2022\\\/2022\\\/06\\\/16\\\/escritor-leandro-augusto-lanca-livro-na-abc\\\/#primaryimage\"},\"image\":{\"@id\":\"https:\\\/\\\/regiaonews.net.br\\\/2022\\\/2022\\\/06\\\/16\\\/escritor-leandro-augusto-lanca-livro-na-abc\\\/#primaryimage\"},\"thumbnailUrl\":\"https:\\\/\\\/regiaonews.net.br\\\/2022\\\/wp-content\\\/uploads\\\/2022\\\/06\\\/IMG-20220615-WA0466.jpg\",\"datePublished\":\"2022-06-16T12:39:09+00:00\",\"breadcrumb\":{\"@id\":\"https:\\\/\\\/regiaonews.net.br\\\/2022\\\/2022\\\/06\\\/16\\\/escritor-leandro-augusto-lanca-livro-na-abc\\\/#breadcrumb\"},\"inLanguage\":\"pt-BR\",\"potentialAction\":[{\"@type\":\"ReadAction\",\"target\":[\"https:\\\/\\\/regiaonews.net.br\\\/2022\\\/2022\\\/06\\\/16\\\/escritor-leandro-augusto-lanca-livro-na-abc\\\/\"]}]},{\"@type\":\"ImageObject\",\"inLanguage\":\"pt-BR\",\"@id\":\"https:\\\/\\\/regiaonews.net.br\\\/2022\\\/2022\\\/06\\\/16\\\/escritor-leandro-augusto-lanca-livro-na-abc\\\/#primaryimage\",\"url\":\"https:\\\/\\\/regiaonews.net.br\\\/2022\\\/wp-content\\\/uploads\\\/2022\\\/06\\\/IMG-20220615-WA0466.jpg\",\"contentUrl\":\"https:\\\/\\\/regiaonews.net.br\\\/2022\\\/wp-content\\\/uploads\\\/2022\\\/06\\\/IMG-20220615-WA0466.jpg\",\"width\":1600,\"height\":758},{\"@type\":\"BreadcrumbList\",\"@id\":\"https:\\\/\\\/regiaonews.net.br\\\/2022\\\/2022\\\/06\\\/16\\\/escritor-leandro-augusto-lanca-livro-na-abc\\\/#breadcrumb\",\"itemListElement\":[{\"@type\":\"ListItem\",\"position\":1,\"name\":\"In\u00edcio\",\"item\":\"https:\\\/\\\/regiaonews.net.br\\\/2022\\\/\"},{\"@type\":\"ListItem\",\"position\":2,\"name\":\"Escritor Leandro Augusto lan\u00e7a livro na ABC\"}]},{\"@type\":\"WebSite\",\"@id\":\"https:\\\/\\\/regiaonews.net.br\\\/2022\\\/#website\",\"url\":\"https:\\\/\\\/regiaonews.net.br\\\/2022\\\/\",\"name\":\"Regi\u00e3o News\",\"description\":\"Site de Not\u00edcias de Barretos e regi\u00e3o\",\"publisher\":{\"@id\":\"https:\\\/\\\/regiaonews.net.br\\\/2022\\\/#organization\"},\"potentialAction\":[{\"@type\":\"SearchAction\",\"target\":{\"@type\":\"EntryPoint\",\"urlTemplate\":\"https:\\\/\\\/regiaonews.net.br\\\/2022\\\/?s={search_term_string}\"},\"query-input\":{\"@type\":\"PropertyValueSpecification\",\"valueRequired\":true,\"valueName\":\"search_term_string\"}}],\"inLanguage\":\"pt-BR\"},{\"@type\":\"Organization\",\"@id\":\"https:\\\/\\\/regiaonews.net.br\\\/2022\\\/#organization\",\"name\":\"Regi\u00e3o News\",\"url\":\"https:\\\/\\\/regiaonews.net.br\\\/2022\\\/\",\"logo\":{\"@type\":\"ImageObject\",\"inLanguage\":\"pt-BR\",\"@id\":\"https:\\\/\\\/regiaonews.net.br\\\/2022\\\/#\\\/schema\\\/logo\\\/image\\\/\",\"url\":\"https:\\\/\\\/regiaonews.net.br\\\/2022\\\/wp-content\\\/uploads\\\/2026\\\/03\\\/regiao-13-anos-scaled.jpg\",\"contentUrl\":\"https:\\\/\\\/regiaonews.net.br\\\/2022\\\/wp-content\\\/uploads\\\/2026\\\/03\\\/regiao-13-anos-scaled.jpg\",\"width\":2560,\"height\":635,\"caption\":\"Regi\u00e3o News\"},\"image\":{\"@id\":\"https:\\\/\\\/regiaonews.net.br\\\/2022\\\/#\\\/schema\\\/logo\\\/image\\\/\"}},{\"@type\":\"Person\",\"@id\":\"https:\\\/\\\/regiaonews.net.br\\\/2022\\\/#\\\/schema\\\/person\\\/2d205a608a5aa97ac279d7a5e6d89ad8\",\"name\":\"Roberto\",\"image\":{\"@type\":\"ImageObject\",\"inLanguage\":\"pt-BR\",\"@id\":\"https:\\\/\\\/secure.gravatar.com\\\/avatar\\\/42749d8b712ff9d59ca93dc150494e5b55a44134482993f5baeb97e61b7ecc89?s=96&d=mm&r=g\",\"url\":\"https:\\\/\\\/secure.gravatar.com\\\/avatar\\\/42749d8b712ff9d59ca93dc150494e5b55a44134482993f5baeb97e61b7ecc89?s=96&d=mm&r=g\",\"contentUrl\":\"https:\\\/\\\/secure.gravatar.com\\\/avatar\\\/42749d8b712ff9d59ca93dc150494e5b55a44134482993f5baeb97e61b7ecc89?s=96&d=mm&r=g\",\"caption\":\"Roberto\"},\"url\":\"https:\\\/\\\/regiaonews.net.br\\\/2022\\\/author\\\/roberto\\\/\"}]}<\/script>\n<!-- \/ Yoast SEO plugin. -->","yoast_head_json":{"title":"Escritor Leandro Augusto lan\u00e7a livro na ABC - Regi\u00e3o News","robots":{"index":"index","follow":"follow","max-snippet":"max-snippet:-1","max-image-preview":"max-image-preview:large","max-video-preview":"max-video-preview:-1"},"canonical":"https:\/\/regiaonews.net.br\/2022\/2022\/06\/16\/escritor-leandro-augusto-lanca-livro-na-abc\/","og_locale":"pt_BR","og_type":"article","og_title":"Escritor Leandro Augusto lan\u00e7a livro na ABC - Regi\u00e3o News","og_description":"Em evento realizado na noite desta quarta (15), na sede","og_url":"https:\/\/regiaonews.net.br\/2022\/2022\/06\/16\/escritor-leandro-augusto-lanca-livro-na-abc\/","og_site_name":"Regi\u00e3o News","article_published_time":"2022-06-16T12:39:09+00:00","og_image":[{"width":1600,"height":758,"url":"https:\/\/regiaonews.net.br\/2022\/wp-content\/uploads\/2022\/06\/IMG-20220615-WA0466.jpg","type":"image\/jpeg"}],"author":"Roberto","twitter_card":"summary_large_image","twitter_misc":{"Escrito por":"Roberto","Est. tempo de leitura":"3 minutos"},"schema":{"@context":"https:\/\/schema.org","@graph":[{"@type":"Article","@id":"https:\/\/regiaonews.net.br\/2022\/2022\/06\/16\/escritor-leandro-augusto-lanca-livro-na-abc\/#article","isPartOf":{"@id":"https:\/\/regiaonews.net.br\/2022\/2022\/06\/16\/escritor-leandro-augusto-lanca-livro-na-abc\/"},"author":{"name":"Roberto","@id":"https:\/\/regiaonews.net.br\/2022\/#\/schema\/person\/2d205a608a5aa97ac279d7a5e6d89ad8"},"headline":"Escritor Leandro Augusto lan\u00e7a livro na ABC","datePublished":"2022-06-16T12:39:09+00:00","mainEntityOfPage":{"@id":"https:\/\/regiaonews.net.br\/2022\/2022\/06\/16\/escritor-leandro-augusto-lanca-livro-na-abc\/"},"wordCount":128,"commentCount":0,"publisher":{"@id":"https:\/\/regiaonews.net.br\/2022\/#organization"},"image":{"@id":"https:\/\/regiaonews.net.br\/2022\/2022\/06\/16\/escritor-leandro-augusto-lanca-livro-na-abc\/#primaryimage"},"thumbnailUrl":"https:\/\/regiaonews.net.br\/2022\/wp-content\/uploads\/2022\/06\/IMG-20220615-WA0466.jpg","articleSection":["Barretos","Geral"],"inLanguage":"pt-BR","potentialAction":[{"@type":"CommentAction","name":"Comment","target":["https:\/\/regiaonews.net.br\/2022\/2022\/06\/16\/escritor-leandro-augusto-lanca-livro-na-abc\/#respond"]}]},{"@type":"WebPage","@id":"https:\/\/regiaonews.net.br\/2022\/2022\/06\/16\/escritor-leandro-augusto-lanca-livro-na-abc\/","url":"https:\/\/regiaonews.net.br\/2022\/2022\/06\/16\/escritor-leandro-augusto-lanca-livro-na-abc\/","name":"Escritor Leandro Augusto lan\u00e7a livro na ABC - Regi\u00e3o News","isPartOf":{"@id":"https:\/\/regiaonews.net.br\/2022\/#website"},"primaryImageOfPage":{"@id":"https:\/\/regiaonews.net.br\/2022\/2022\/06\/16\/escritor-leandro-augusto-lanca-livro-na-abc\/#primaryimage"},"image":{"@id":"https:\/\/regiaonews.net.br\/2022\/2022\/06\/16\/escritor-leandro-augusto-lanca-livro-na-abc\/#primaryimage"},"thumbnailUrl":"https:\/\/regiaonews.net.br\/2022\/wp-content\/uploads\/2022\/06\/IMG-20220615-WA0466.jpg","datePublished":"2022-06-16T12:39:09+00:00","breadcrumb":{"@id":"https:\/\/regiaonews.net.br\/2022\/2022\/06\/16\/escritor-leandro-augusto-lanca-livro-na-abc\/#breadcrumb"},"inLanguage":"pt-BR","potentialAction":[{"@type":"ReadAction","target":["https:\/\/regiaonews.net.br\/2022\/2022\/06\/16\/escritor-leandro-augusto-lanca-livro-na-abc\/"]}]},{"@type":"ImageObject","inLanguage":"pt-BR","@id":"https:\/\/regiaonews.net.br\/2022\/2022\/06\/16\/escritor-leandro-augusto-lanca-livro-na-abc\/#primaryimage","url":"https:\/\/regiaonews.net.br\/2022\/wp-content\/uploads\/2022\/06\/IMG-20220615-WA0466.jpg","contentUrl":"https:\/\/regiaonews.net.br\/2022\/wp-content\/uploads\/2022\/06\/IMG-20220615-WA0466.jpg","width":1600,"height":758},{"@type":"BreadcrumbList","@id":"https:\/\/regiaonews.net.br\/2022\/2022\/06\/16\/escritor-leandro-augusto-lanca-livro-na-abc\/#breadcrumb","itemListElement":[{"@type":"ListItem","position":1,"name":"In\u00edcio","item":"https:\/\/regiaonews.net.br\/2022\/"},{"@type":"ListItem","position":2,"name":"Escritor Leandro Augusto lan\u00e7a livro na ABC"}]},{"@type":"WebSite","@id":"https:\/\/regiaonews.net.br\/2022\/#website","url":"https:\/\/regiaonews.net.br\/2022\/","name":"Regi\u00e3o News","description":"Site de Not\u00edcias de Barretos e regi\u00e3o","publisher":{"@id":"https:\/\/regiaonews.net.br\/2022\/#organization"},"potentialAction":[{"@type":"SearchAction","target":{"@type":"EntryPoint","urlTemplate":"https:\/\/regiaonews.net.br\/2022\/?s={search_term_string}"},"query-input":{"@type":"PropertyValueSpecification","valueRequired":true,"valueName":"search_term_string"}}],"inLanguage":"pt-BR"},{"@type":"Organization","@id":"https:\/\/regiaonews.net.br\/2022\/#organization","name":"Regi\u00e3o News","url":"https:\/\/regiaonews.net.br\/2022\/","logo":{"@type":"ImageObject","inLanguage":"pt-BR","@id":"https:\/\/regiaonews.net.br\/2022\/#\/schema\/logo\/image\/","url":"https:\/\/regiaonews.net.br\/2022\/wp-content\/uploads\/2026\/03\/regiao-13-anos-scaled.jpg","contentUrl":"https:\/\/regiaonews.net.br\/2022\/wp-content\/uploads\/2026\/03\/regiao-13-anos-scaled.jpg","width":2560,"height":635,"caption":"Regi\u00e3o News"},"image":{"@id":"https:\/\/regiaonews.net.br\/2022\/#\/schema\/logo\/image\/"}},{"@type":"Person","@id":"https:\/\/regiaonews.net.br\/2022\/#\/schema\/person\/2d205a608a5aa97ac279d7a5e6d89ad8","name":"Roberto","image":{"@type":"ImageObject","inLanguage":"pt-BR","@id":"https:\/\/secure.gravatar.com\/avatar\/42749d8b712ff9d59ca93dc150494e5b55a44134482993f5baeb97e61b7ecc89?s=96&d=mm&r=g","url":"https:\/\/secure.gravatar.com\/avatar\/42749d8b712ff9d59ca93dc150494e5b55a44134482993f5baeb97e61b7ecc89?s=96&d=mm&r=g","contentUrl":"https:\/\/secure.gravatar.com\/avatar\/42749d8b712ff9d59ca93dc150494e5b55a44134482993f5baeb97e61b7ecc89?s=96&d=mm&r=g","caption":"Roberto"},"url":"https:\/\/regiaonews.net.br\/2022\/author\/roberto\/"}]}},"publishpress_future_action":{"enabled":false,"date":"2026-05-02 02:22:38","action":"change-status","newStatus":"draft","terms":[],"taxonomy":"category","extraData":[]},"publishpress_future_workflow_manual_trigger":{"enabledWorkflows":[]},"_links":{"self":[{"href":"https:\/\/regiaonews.net.br\/2022\/wp-json\/wp\/v2\/posts\/73408","targetHints":{"allow":["GET"]}}],"collection":[{"href":"https:\/\/regiaonews.net.br\/2022\/wp-json\/wp\/v2\/posts"}],"about":[{"href":"https:\/\/regiaonews.net.br\/2022\/wp-json\/wp\/v2\/types\/post"}],"author":[{"embeddable":true,"href":"https:\/\/regiaonews.net.br\/2022\/wp-json\/wp\/v2\/users\/2"}],"replies":[{"embeddable":true,"href":"https:\/\/regiaonews.net.br\/2022\/wp-json\/wp\/v2\/comments?post=73408"}],"version-history":[{"count":2,"href":"https:\/\/regiaonews.net.br\/2022\/wp-json\/wp\/v2\/posts\/73408\/revisions"}],"predecessor-version":[{"id":73418,"href":"https:\/\/regiaonews.net.br\/2022\/wp-json\/wp\/v2\/posts\/73408\/revisions\/73418"}],"wp:featuredmedia":[{"embeddable":true,"href":"https:\/\/regiaonews.net.br\/2022\/wp-json\/wp\/v2\/media\/73413"}],"wp:attachment":[{"href":"https:\/\/regiaonews.net.br\/2022\/wp-json\/wp\/v2\/media?parent=73408"}],"wp:term":[{"taxonomy":"category","embeddable":true,"href":"https:\/\/regiaonews.net.br\/2022\/wp-json\/wp\/v2\/categories?post=73408"},{"taxonomy":"post_tag","embeddable":true,"href":"https:\/\/regiaonews.net.br\/2022\/wp-json\/wp\/v2\/tags?post=73408"}],"curies":[{"name":"wp","href":"https:\/\/api.w.org\/{rel}","templated":true}]}}