{"id":72173,"date":"2022-05-28T20:44:09","date_gmt":"2022-05-28T23:44:09","guid":{"rendered":"https:\/\/regiaonews.net.br\/2022\/?p=72173"},"modified":"2022-05-28T20:44:09","modified_gmt":"2022-05-28T23:44:09","slug":"real-madrid-e-campeao-europeu-com-gol-de-vinicius-junior","status":"publish","type":"post","link":"https:\/\/regiaonews.net.br\/2022\/2022\/05\/28\/real-madrid-e-campeao-europeu-com-gol-de-vinicius-junior\/","title":{"rendered":"Real Madrid \u00e9 campe\u00e3o europeu com gol de Vinicius J\u00fanior"},"content":{"rendered":"<div class=\"col-lg-12 mb-3\">\n<div class=\"row\">\n<h2 class=\"col-10 offset-1 animated fadeInDown dealy-750 display-6 display-md-4 display-lg-5 font-weight-bold alt-font text-center my-1\"><\/h2>\n<\/div>\n<\/div>\n<div class=\"col-xl-7 offset-xl-1 col-lg-8 offset-lg-0 col-md-10 offset-md-1 mb-3\">\n<div class=\"post-item alt-font\">\n<div class=\"post-item-wrap\">\n<p>O Real Madrid \u00e9 campe\u00e3o europeu pela 14\u00aa vez. Neste s\u00e1bado (28), a equipe espanhola derrotou o Liverpool (Inglaterra) por 1 a 0, no Stade de France, em Saint-Denis (Fran\u00e7a), na decis\u00e3o da Liga dos Campe\u00f5es. Os merengues possuem, agora, o dobro de conquistas do Milan (It\u00e1lia), segundo maior vencedor do principal torneio de clubes do planeta.<img decoding=\"async\" src=\"https:\/\/agenciabrasil.ebc.com.br\/ebc.png?id=1462377&amp;o=node\" \/><img decoding=\"async\" src=\"https:\/\/agenciabrasil.ebc.com.br\/ebc.gif?id=1462377&amp;o=node\" \/><\/p>\n<p>O time madridista conta com cinco jogadores brasileiros: o lateral Marcelo (que ficou no banco), o zagueiro \u00c9der Milit\u00e3o, o volante Casemiro e os atacantes Rodrygo (que entrou no fim do segundo tempo) e Vin\u00edcius J\u00fanior. Foi deste \u00faltimo o gol do t\u00edtulo, no come\u00e7o da etapa final. Do quinteto, Marcelo e Casemiro chegaram \u00e0 quinta conquista de Champions da carreira, enquanto os demais venceram a competi\u00e7\u00e3o pela primeira vez.<\/p>\n<p>O protagonista da decis\u00e3o na Fran\u00e7a foi Thibaut Courtois. O goleiro belga fez pelo menos cinco grandes defesas, duas no primeiro tempo e tr\u00eas no segundo, segurando a press\u00e3o do Liverpool. Os ingleses finalizaram 23 vezes, contra somente tr\u00eas dos espanh\u00f3is.<\/p>\n<p>A bola come\u00e7ou a rolar com atraso de quase 40 minutos. Segundo a Uni\u00e3o das Associa\u00e7\u00f5es Europeias de Futebol (Uefa, na sigla em ingl\u00eas), o in\u00edcio da partida foi adiado por &#8220;motivos de seguran\u00e7a&#8221;, sem mais detalhes. Do lado de fora do est\u00e1dio, torcedores do Liverpool, sem ingresso, tentaram invadir o est\u00e1dio e causaram tumulto. A explica\u00e7\u00e3o s\u00f3 foi dada j\u00e1 com o jogo em andamento, no tel\u00e3o do Stade de France.<\/p>\n<p>O show da cantora Camila Cabello, tamb\u00e9m iniciado com atraso, antecedeu uma primeira etapa dominada pelo Liverpool, que for\u00e7ou Courtois a duas grandes defesas em tentativas dos atacantes Mohammed Salah e Sadio Man\u00e9 (que ainda foi no travess\u00e3o). Pouco antes do intervalo, por\u00e9m, foram os espanh\u00f3is que quase sa\u00edram na frente. Em lance confuso na \u00e1rea, o atacante Karin Benzema balan\u00e7ou as redes, mas o gol foi anulado por impedimento.<\/p>\n<p>Na volta do intervalo, n\u00e3o teve &#8220;quase&#8221;. Apesar dos ingleses se manterem no campo de ataque, o Real Madrid abriu o placar. Aos 13 minutos, o meia Federico Valverde bateu cruzado e Vin\u00edcius J\u00fanior, \u00e0s costas do lateral Trent Alexander-Arnold, apareceu na esquerda e completou para as redes. Foi o 22\u00ba gol do brasileiro em 52 partidas na temporada.<\/p>\n<p>A press\u00e3o dos ingleses se intensificou, mas havia Courtois na meta merengue. O belga salvou os madridistas com tr\u00eas defesas impressionantes. Na principal delas, aos 36 minutos, o goleiro defendeu uma finaliza\u00e7\u00e3o cruzada de Salah, quase na pequena \u00e1rea, pela direita. De forma desordenada, o Liverpool insistiu atr\u00e1s do empate, sem sucesso, para explos\u00e3o da torcida espanhola em Saint-Denis.<\/p>\n<\/div>\n<p class=\"alt-font font-italic my-2 small text-info\">\n<\/div>\n<\/div>\n","protected":false},"excerpt":{"rendered":"<p>O Real Madrid \u00e9 campe\u00e3o europeu pela 14\u00aa vez. Neste<\/p>\n","protected":false},"author":2,"featured_media":72174,"comment_status":"open","ping_status":"open","sticky":false,"template":"","format":"standard","meta":{"footnotes":""},"categories":[21,31],"tags":[],"class_list":["post-72173","post","type-post","status-publish","format-standard","has-post-thumbnail","hentry","category-esporte","category-internacional"],"yoast_head":"<!-- This site is optimized with the Yoast SEO plugin v27.5 - https:\/\/yoast.com\/product\/yoast-seo-wordpress\/ -->\n<title>Real Madrid \u00e9 campe\u00e3o europeu com gol de Vinicius J\u00fanior - Regi\u00e3o News<\/title>\n<meta name=\"robots\" content=\"index, follow, max-snippet:-1, max-image-preview:large, max-video-preview:-1\" \/>\n<link rel=\"canonical\" href=\"https:\/\/regiaonews.net.br\/2022\/2022\/05\/28\/real-madrid-e-campeao-europeu-com-gol-de-vinicius-junior\/\" \/>\n<meta property=\"og:locale\" content=\"pt_BR\" \/>\n<meta property=\"og:type\" content=\"article\" \/>\n<meta property=\"og:title\" content=\"Real Madrid \u00e9 campe\u00e3o europeu com gol de Vinicius J\u00fanior - Regi\u00e3o News\" \/>\n<meta property=\"og:description\" content=\"O Real Madrid \u00e9 campe\u00e3o europeu pela 14\u00aa vez. Neste\" \/>\n<meta property=\"og:url\" content=\"https:\/\/regiaonews.net.br\/2022\/2022\/05\/28\/real-madrid-e-campeao-europeu-com-gol-de-vinicius-junior\/\" \/>\n<meta property=\"og:site_name\" content=\"Regi\u00e3o News\" \/>\n<meta property=\"article:published_time\" content=\"2022-05-28T23:44:09+00:00\" \/>\n<meta property=\"og:image\" content=\"https:\/\/regiaonews.net.br\/2022\/wp-content\/uploads\/2022\/05\/2022-05-28t213510z_468475430_up1ei5s1nykz7_rtrmadp_3_soccer-champions-liv-mad-report.jpg\" \/>\n\t<meta property=\"og:image:width\" content=\"390\" \/>\n\t<meta property=\"og:image:height\" content=\"240\" \/>\n\t<meta property=\"og:image:type\" content=\"image\/jpeg\" \/>\n<meta name=\"author\" content=\"Roberto\" \/>\n<meta name=\"twitter:card\" content=\"summary_large_image\" \/>\n<meta name=\"twitter:label1\" content=\"Escrito por\" \/>\n\t<meta name=\"twitter:data1\" content=\"Roberto\" \/>\n\t<meta name=\"twitter:label2\" content=\"Est. tempo de leitura\" \/>\n\t<meta name=\"twitter:data2\" content=\"3 minutos\" \/>\n<script type=\"application\/ld+json\" class=\"yoast-schema-graph\">{\"@context\":\"https:\\\/\\\/schema.org\",\"@graph\":[{\"@type\":\"Article\",\"@id\":\"https:\\\/\\\/regiaonews.net.br\\\/2022\\\/2022\\\/05\\\/28\\\/real-madrid-e-campeao-europeu-com-gol-de-vinicius-junior\\\/#article\",\"isPartOf\":{\"@id\":\"https:\\\/\\\/regiaonews.net.br\\\/2022\\\/2022\\\/05\\\/28\\\/real-madrid-e-campeao-europeu-com-gol-de-vinicius-junior\\\/\"},\"author\":{\"name\":\"Roberto\",\"@id\":\"https:\\\/\\\/regiaonews.net.br\\\/2022\\\/#\\\/schema\\\/person\\\/2d205a608a5aa97ac279d7a5e6d89ad8\"},\"headline\":\"Real Madrid \u00e9 campe\u00e3o europeu com gol de Vinicius J\u00fanior\",\"datePublished\":\"2022-05-28T23:44:09+00:00\",\"mainEntityOfPage\":{\"@id\":\"https:\\\/\\\/regiaonews.net.br\\\/2022\\\/2022\\\/05\\\/28\\\/real-madrid-e-campeao-europeu-com-gol-de-vinicius-junior\\\/\"},\"wordCount\":470,\"commentCount\":0,\"publisher\":{\"@id\":\"https:\\\/\\\/regiaonews.net.br\\\/2022\\\/#organization\"},\"image\":{\"@id\":\"https:\\\/\\\/regiaonews.net.br\\\/2022\\\/2022\\\/05\\\/28\\\/real-madrid-e-campeao-europeu-com-gol-de-vinicius-junior\\\/#primaryimage\"},\"thumbnailUrl\":\"https:\\\/\\\/regiaonews.net.br\\\/2022\\\/wp-content\\\/uploads\\\/2022\\\/05\\\/2022-05-28t213510z_468475430_up1ei5s1nykz7_rtrmadp_3_soccer-champions-liv-mad-report.jpg\",\"articleSection\":[\"Esporte\",\"Internacional\"],\"inLanguage\":\"pt-BR\",\"potentialAction\":[{\"@type\":\"CommentAction\",\"name\":\"Comment\",\"target\":[\"https:\\\/\\\/regiaonews.net.br\\\/2022\\\/2022\\\/05\\\/28\\\/real-madrid-e-campeao-europeu-com-gol-de-vinicius-junior\\\/#respond\"]}]},{\"@type\":\"WebPage\",\"@id\":\"https:\\\/\\\/regiaonews.net.br\\\/2022\\\/2022\\\/05\\\/28\\\/real-madrid-e-campeao-europeu-com-gol-de-vinicius-junior\\\/\",\"url\":\"https:\\\/\\\/regiaonews.net.br\\\/2022\\\/2022\\\/05\\\/28\\\/real-madrid-e-campeao-europeu-com-gol-de-vinicius-junior\\\/\",\"name\":\"Real Madrid \u00e9 campe\u00e3o europeu com gol de Vinicius J\u00fanior - Regi\u00e3o News\",\"isPartOf\":{\"@id\":\"https:\\\/\\\/regiaonews.net.br\\\/2022\\\/#website\"},\"primaryImageOfPage\":{\"@id\":\"https:\\\/\\\/regiaonews.net.br\\\/2022\\\/2022\\\/05\\\/28\\\/real-madrid-e-campeao-europeu-com-gol-de-vinicius-junior\\\/#primaryimage\"},\"image\":{\"@id\":\"https:\\\/\\\/regiaonews.net.br\\\/2022\\\/2022\\\/05\\\/28\\\/real-madrid-e-campeao-europeu-com-gol-de-vinicius-junior\\\/#primaryimage\"},\"thumbnailUrl\":\"https:\\\/\\\/regiaonews.net.br\\\/2022\\\/wp-content\\\/uploads\\\/2022\\\/05\\\/2022-05-28t213510z_468475430_up1ei5s1nykz7_rtrmadp_3_soccer-champions-liv-mad-report.jpg\",\"datePublished\":\"2022-05-28T23:44:09+00:00\",\"breadcrumb\":{\"@id\":\"https:\\\/\\\/regiaonews.net.br\\\/2022\\\/2022\\\/05\\\/28\\\/real-madrid-e-campeao-europeu-com-gol-de-vinicius-junior\\\/#breadcrumb\"},\"inLanguage\":\"pt-BR\",\"potentialAction\":[{\"@type\":\"ReadAction\",\"target\":[\"https:\\\/\\\/regiaonews.net.br\\\/2022\\\/2022\\\/05\\\/28\\\/real-madrid-e-campeao-europeu-com-gol-de-vinicius-junior\\\/\"]}]},{\"@type\":\"ImageObject\",\"inLanguage\":\"pt-BR\",\"@id\":\"https:\\\/\\\/regiaonews.net.br\\\/2022\\\/2022\\\/05\\\/28\\\/real-madrid-e-campeao-europeu-com-gol-de-vinicius-junior\\\/#primaryimage\",\"url\":\"https:\\\/\\\/regiaonews.net.br\\\/2022\\\/wp-content\\\/uploads\\\/2022\\\/05\\\/2022-05-28t213510z_468475430_up1ei5s1nykz7_rtrmadp_3_soccer-champions-liv-mad-report.jpg\",\"contentUrl\":\"https:\\\/\\\/regiaonews.net.br\\\/2022\\\/wp-content\\\/uploads\\\/2022\\\/05\\\/2022-05-28t213510z_468475430_up1ei5s1nykz7_rtrmadp_3_soccer-champions-liv-mad-report.jpg\",\"width\":390,\"height\":240},{\"@type\":\"BreadcrumbList\",\"@id\":\"https:\\\/\\\/regiaonews.net.br\\\/2022\\\/2022\\\/05\\\/28\\\/real-madrid-e-campeao-europeu-com-gol-de-vinicius-junior\\\/#breadcrumb\",\"itemListElement\":[{\"@type\":\"ListItem\",\"position\":1,\"name\":\"In\u00edcio\",\"item\":\"https:\\\/\\\/regiaonews.net.br\\\/2022\\\/\"},{\"@type\":\"ListItem\",\"position\":2,\"name\":\"Real Madrid \u00e9 campe\u00e3o europeu com gol de Vinicius J\u00fanior\"}]},{\"@type\":\"WebSite\",\"@id\":\"https:\\\/\\\/regiaonews.net.br\\\/2022\\\/#website\",\"url\":\"https:\\\/\\\/regiaonews.net.br\\\/2022\\\/\",\"name\":\"Regi\u00e3o News\",\"description\":\"Site de Not\u00edcias de Barretos e regi\u00e3o\",\"publisher\":{\"@id\":\"https:\\\/\\\/regiaonews.net.br\\\/2022\\\/#organization\"},\"potentialAction\":[{\"@type\":\"SearchAction\",\"target\":{\"@type\":\"EntryPoint\",\"urlTemplate\":\"https:\\\/\\\/regiaonews.net.br\\\/2022\\\/?s={search_term_string}\"},\"query-input\":{\"@type\":\"PropertyValueSpecification\",\"valueRequired\":true,\"valueName\":\"search_term_string\"}}],\"inLanguage\":\"pt-BR\"},{\"@type\":\"Organization\",\"@id\":\"https:\\\/\\\/regiaonews.net.br\\\/2022\\\/#organization\",\"name\":\"Regi\u00e3o News\",\"url\":\"https:\\\/\\\/regiaonews.net.br\\\/2022\\\/\",\"logo\":{\"@type\":\"ImageObject\",\"inLanguage\":\"pt-BR\",\"@id\":\"https:\\\/\\\/regiaonews.net.br\\\/2022\\\/#\\\/schema\\\/logo\\\/image\\\/\",\"url\":\"https:\\\/\\\/regiaonews.net.br\\\/2022\\\/wp-content\\\/uploads\\\/2026\\\/03\\\/regiao-13-anos-scaled.jpg\",\"contentUrl\":\"https:\\\/\\\/regiaonews.net.br\\\/2022\\\/wp-content\\\/uploads\\\/2026\\\/03\\\/regiao-13-anos-scaled.jpg\",\"width\":2560,\"height\":635,\"caption\":\"Regi\u00e3o News\"},\"image\":{\"@id\":\"https:\\\/\\\/regiaonews.net.br\\\/2022\\\/#\\\/schema\\\/logo\\\/image\\\/\"}},{\"@type\":\"Person\",\"@id\":\"https:\\\/\\\/regiaonews.net.br\\\/2022\\\/#\\\/schema\\\/person\\\/2d205a608a5aa97ac279d7a5e6d89ad8\",\"name\":\"Roberto\",\"image\":{\"@type\":\"ImageObject\",\"inLanguage\":\"pt-BR\",\"@id\":\"https:\\\/\\\/secure.gravatar.com\\\/avatar\\\/42749d8b712ff9d59ca93dc150494e5b55a44134482993f5baeb97e61b7ecc89?s=96&d=mm&r=g\",\"url\":\"https:\\\/\\\/secure.gravatar.com\\\/avatar\\\/42749d8b712ff9d59ca93dc150494e5b55a44134482993f5baeb97e61b7ecc89?s=96&d=mm&r=g\",\"contentUrl\":\"https:\\\/\\\/secure.gravatar.com\\\/avatar\\\/42749d8b712ff9d59ca93dc150494e5b55a44134482993f5baeb97e61b7ecc89?s=96&d=mm&r=g\",\"caption\":\"Roberto\"},\"url\":\"https:\\\/\\\/regiaonews.net.br\\\/2022\\\/author\\\/roberto\\\/\"}]}<\/script>\n<!-- \/ Yoast SEO plugin. -->","yoast_head_json":{"title":"Real Madrid \u00e9 campe\u00e3o europeu com gol de Vinicius J\u00fanior - Regi\u00e3o News","robots":{"index":"index","follow":"follow","max-snippet":"max-snippet:-1","max-image-preview":"max-image-preview:large","max-video-preview":"max-video-preview:-1"},"canonical":"https:\/\/regiaonews.net.br\/2022\/2022\/05\/28\/real-madrid-e-campeao-europeu-com-gol-de-vinicius-junior\/","og_locale":"pt_BR","og_type":"article","og_title":"Real Madrid \u00e9 campe\u00e3o europeu com gol de Vinicius J\u00fanior - Regi\u00e3o News","og_description":"O Real Madrid \u00e9 campe\u00e3o europeu pela 14\u00aa vez. Neste","og_url":"https:\/\/regiaonews.net.br\/2022\/2022\/05\/28\/real-madrid-e-campeao-europeu-com-gol-de-vinicius-junior\/","og_site_name":"Regi\u00e3o News","article_published_time":"2022-05-28T23:44:09+00:00","og_image":[{"width":390,"height":240,"url":"https:\/\/regiaonews.net.br\/2022\/wp-content\/uploads\/2022\/05\/2022-05-28t213510z_468475430_up1ei5s1nykz7_rtrmadp_3_soccer-champions-liv-mad-report.jpg","type":"image\/jpeg"}],"author":"Roberto","twitter_card":"summary_large_image","twitter_misc":{"Escrito por":"Roberto","Est. tempo de leitura":"3 minutos"},"schema":{"@context":"https:\/\/schema.org","@graph":[{"@type":"Article","@id":"https:\/\/regiaonews.net.br\/2022\/2022\/05\/28\/real-madrid-e-campeao-europeu-com-gol-de-vinicius-junior\/#article","isPartOf":{"@id":"https:\/\/regiaonews.net.br\/2022\/2022\/05\/28\/real-madrid-e-campeao-europeu-com-gol-de-vinicius-junior\/"},"author":{"name":"Roberto","@id":"https:\/\/regiaonews.net.br\/2022\/#\/schema\/person\/2d205a608a5aa97ac279d7a5e6d89ad8"},"headline":"Real Madrid \u00e9 campe\u00e3o europeu com gol de Vinicius J\u00fanior","datePublished":"2022-05-28T23:44:09+00:00","mainEntityOfPage":{"@id":"https:\/\/regiaonews.net.br\/2022\/2022\/05\/28\/real-madrid-e-campeao-europeu-com-gol-de-vinicius-junior\/"},"wordCount":470,"commentCount":0,"publisher":{"@id":"https:\/\/regiaonews.net.br\/2022\/#organization"},"image":{"@id":"https:\/\/regiaonews.net.br\/2022\/2022\/05\/28\/real-madrid-e-campeao-europeu-com-gol-de-vinicius-junior\/#primaryimage"},"thumbnailUrl":"https:\/\/regiaonews.net.br\/2022\/wp-content\/uploads\/2022\/05\/2022-05-28t213510z_468475430_up1ei5s1nykz7_rtrmadp_3_soccer-champions-liv-mad-report.jpg","articleSection":["Esporte","Internacional"],"inLanguage":"pt-BR","potentialAction":[{"@type":"CommentAction","name":"Comment","target":["https:\/\/regiaonews.net.br\/2022\/2022\/05\/28\/real-madrid-e-campeao-europeu-com-gol-de-vinicius-junior\/#respond"]}]},{"@type":"WebPage","@id":"https:\/\/regiaonews.net.br\/2022\/2022\/05\/28\/real-madrid-e-campeao-europeu-com-gol-de-vinicius-junior\/","url":"https:\/\/regiaonews.net.br\/2022\/2022\/05\/28\/real-madrid-e-campeao-europeu-com-gol-de-vinicius-junior\/","name":"Real Madrid \u00e9 campe\u00e3o europeu com gol de Vinicius J\u00fanior - Regi\u00e3o News","isPartOf":{"@id":"https:\/\/regiaonews.net.br\/2022\/#website"},"primaryImageOfPage":{"@id":"https:\/\/regiaonews.net.br\/2022\/2022\/05\/28\/real-madrid-e-campeao-europeu-com-gol-de-vinicius-junior\/#primaryimage"},"image":{"@id":"https:\/\/regiaonews.net.br\/2022\/2022\/05\/28\/real-madrid-e-campeao-europeu-com-gol-de-vinicius-junior\/#primaryimage"},"thumbnailUrl":"https:\/\/regiaonews.net.br\/2022\/wp-content\/uploads\/2022\/05\/2022-05-28t213510z_468475430_up1ei5s1nykz7_rtrmadp_3_soccer-champions-liv-mad-report.jpg","datePublished":"2022-05-28T23:44:09+00:00","breadcrumb":{"@id":"https:\/\/regiaonews.net.br\/2022\/2022\/05\/28\/real-madrid-e-campeao-europeu-com-gol-de-vinicius-junior\/#breadcrumb"},"inLanguage":"pt-BR","potentialAction":[{"@type":"ReadAction","target":["https:\/\/regiaonews.net.br\/2022\/2022\/05\/28\/real-madrid-e-campeao-europeu-com-gol-de-vinicius-junior\/"]}]},{"@type":"ImageObject","inLanguage":"pt-BR","@id":"https:\/\/regiaonews.net.br\/2022\/2022\/05\/28\/real-madrid-e-campeao-europeu-com-gol-de-vinicius-junior\/#primaryimage","url":"https:\/\/regiaonews.net.br\/2022\/wp-content\/uploads\/2022\/05\/2022-05-28t213510z_468475430_up1ei5s1nykz7_rtrmadp_3_soccer-champions-liv-mad-report.jpg","contentUrl":"https:\/\/regiaonews.net.br\/2022\/wp-content\/uploads\/2022\/05\/2022-05-28t213510z_468475430_up1ei5s1nykz7_rtrmadp_3_soccer-champions-liv-mad-report.jpg","width":390,"height":240},{"@type":"BreadcrumbList","@id":"https:\/\/regiaonews.net.br\/2022\/2022\/05\/28\/real-madrid-e-campeao-europeu-com-gol-de-vinicius-junior\/#breadcrumb","itemListElement":[{"@type":"ListItem","position":1,"name":"In\u00edcio","item":"https:\/\/regiaonews.net.br\/2022\/"},{"@type":"ListItem","position":2,"name":"Real Madrid \u00e9 campe\u00e3o europeu com gol de Vinicius J\u00fanior"}]},{"@type":"WebSite","@id":"https:\/\/regiaonews.net.br\/2022\/#website","url":"https:\/\/regiaonews.net.br\/2022\/","name":"Regi\u00e3o News","description":"Site de Not\u00edcias de Barretos e regi\u00e3o","publisher":{"@id":"https:\/\/regiaonews.net.br\/2022\/#organization"},"potentialAction":[{"@type":"SearchAction","target":{"@type":"EntryPoint","urlTemplate":"https:\/\/regiaonews.net.br\/2022\/?s={search_term_string}"},"query-input":{"@type":"PropertyValueSpecification","valueRequired":true,"valueName":"search_term_string"}}],"inLanguage":"pt-BR"},{"@type":"Organization","@id":"https:\/\/regiaonews.net.br\/2022\/#organization","name":"Regi\u00e3o News","url":"https:\/\/regiaonews.net.br\/2022\/","logo":{"@type":"ImageObject","inLanguage":"pt-BR","@id":"https:\/\/regiaonews.net.br\/2022\/#\/schema\/logo\/image\/","url":"https:\/\/regiaonews.net.br\/2022\/wp-content\/uploads\/2026\/03\/regiao-13-anos-scaled.jpg","contentUrl":"https:\/\/regiaonews.net.br\/2022\/wp-content\/uploads\/2026\/03\/regiao-13-anos-scaled.jpg","width":2560,"height":635,"caption":"Regi\u00e3o News"},"image":{"@id":"https:\/\/regiaonews.net.br\/2022\/#\/schema\/logo\/image\/"}},{"@type":"Person","@id":"https:\/\/regiaonews.net.br\/2022\/#\/schema\/person\/2d205a608a5aa97ac279d7a5e6d89ad8","name":"Roberto","image":{"@type":"ImageObject","inLanguage":"pt-BR","@id":"https:\/\/secure.gravatar.com\/avatar\/42749d8b712ff9d59ca93dc150494e5b55a44134482993f5baeb97e61b7ecc89?s=96&d=mm&r=g","url":"https:\/\/secure.gravatar.com\/avatar\/42749d8b712ff9d59ca93dc150494e5b55a44134482993f5baeb97e61b7ecc89?s=96&d=mm&r=g","contentUrl":"https:\/\/secure.gravatar.com\/avatar\/42749d8b712ff9d59ca93dc150494e5b55a44134482993f5baeb97e61b7ecc89?s=96&d=mm&r=g","caption":"Roberto"},"url":"https:\/\/regiaonews.net.br\/2022\/author\/roberto\/"}]}},"publishpress_future_action":{"enabled":false,"date":"2026-05-08 13:16:42","action":"change-status","newStatus":"draft","terms":[],"taxonomy":"category","extraData":[]},"publishpress_future_workflow_manual_trigger":{"enabledWorkflows":[]},"_links":{"self":[{"href":"https:\/\/regiaonews.net.br\/2022\/wp-json\/wp\/v2\/posts\/72173","targetHints":{"allow":["GET"]}}],"collection":[{"href":"https:\/\/regiaonews.net.br\/2022\/wp-json\/wp\/v2\/posts"}],"about":[{"href":"https:\/\/regiaonews.net.br\/2022\/wp-json\/wp\/v2\/types\/post"}],"author":[{"embeddable":true,"href":"https:\/\/regiaonews.net.br\/2022\/wp-json\/wp\/v2\/users\/2"}],"replies":[{"embeddable":true,"href":"https:\/\/regiaonews.net.br\/2022\/wp-json\/wp\/v2\/comments?post=72173"}],"version-history":[{"count":1,"href":"https:\/\/regiaonews.net.br\/2022\/wp-json\/wp\/v2\/posts\/72173\/revisions"}],"predecessor-version":[{"id":72175,"href":"https:\/\/regiaonews.net.br\/2022\/wp-json\/wp\/v2\/posts\/72173\/revisions\/72175"}],"wp:featuredmedia":[{"embeddable":true,"href":"https:\/\/regiaonews.net.br\/2022\/wp-json\/wp\/v2\/media\/72174"}],"wp:attachment":[{"href":"https:\/\/regiaonews.net.br\/2022\/wp-json\/wp\/v2\/media?parent=72173"}],"wp:term":[{"taxonomy":"category","embeddable":true,"href":"https:\/\/regiaonews.net.br\/2022\/wp-json\/wp\/v2\/categories?post=72173"},{"taxonomy":"post_tag","embeddable":true,"href":"https:\/\/regiaonews.net.br\/2022\/wp-json\/wp\/v2\/tags?post=72173"}],"curies":[{"name":"wp","href":"https:\/\/api.w.org\/{rel}","templated":true}]}}