{"id":72167,"date":"2022-05-28T17:01:38","date_gmt":"2022-05-28T20:01:38","guid":{"rendered":"https:\/\/regiaonews.net.br\/2022\/?p=72167"},"modified":"2022-05-28T17:02:09","modified_gmt":"2022-05-28T20:02:09","slug":"operacao-sufoco-prendeu-uma-pessoa-a-cada-12-minutos-no-estado","status":"publish","type":"post","link":"https:\/\/regiaonews.net.br\/2022\/2022\/05\/28\/operacao-sufoco-prendeu-uma-pessoa-a-cada-12-minutos-no-estado\/","title":{"rendered":"Opera\u00e7\u00e3o Sufoco prendeu uma pessoa a cada 12 minutos no estado"},"content":{"rendered":"<div>A cada 12 minutos, uma pessoa foi presa durante a Opera\u00e7\u00e3o Sufoco, anunciada pelo governador Rodrigo Garcia no \u00faltimo dia 4 de maio para combater a criminalidade no estado. Desde o in\u00edcio da opera\u00e7\u00e3o, cerca de 2,8 mil pessoas foram presas e 6,8 mil ve\u00edculos apreendidos, dos quais 418 haviam sido roubados ou furtados. At\u00e9 agora foram vistoriados 165,2 mil ve\u00edculos, sendo 59,4 mil motocicletas.<\/div>\n<div><\/div>\n<div>A opera\u00e7\u00e3o, que tamb\u00e9m foi motivada pela onda de crimes praticados por falsos entregadores de delivery, resultou na apreens\u00e3o de aproximadamente 13,4 toneladas de drogas e 157 armas de fogo. Tamb\u00e9m foram recolhidos simulacros de armas, cart\u00f5es banc\u00e1rios, m\u00e1quinas de cart\u00e3o, celulares e carca\u00e7as de celulares, ve\u00edculos de alto valor, itens de inform\u00e1tica, cerca de R$ 92 mil em esp\u00e9cie, dinheiro estrangeiro, entre outros objetos.<\/div>\n<div>\n<div><b>A\u00e7\u00e3o de destaque<\/b><\/div>\n<div><\/div>\n<div>Nesta quinta-feira (26), a opera\u00e7\u00e3o teve como destaque a pris\u00e3o de um assaltante e recupera\u00e7\u00e3o de uma motocicleta roubada, ap\u00f3s 20 minutos de acompanhamento terrestre e pelo ar da Pol\u00edcia Militar.<\/div>\n<div><\/div>\n<div>Equipes do 23\u00ba Batalh\u00e3o de Pol\u00edcia Militar Metropolitano (BPM\/M) estavam pela Avenida Francisco Morato quando avistaram uma moto CG, com queixa de roubo e envolvida em um roubo praticado na Avenida Faria Lima.<\/div>\n<div><\/div>\n<div>O ve\u00edculo era ocupado por dois criminosos, que n\u00e3o atenderam a ordem de parada dos policiais e empreenderam fuga.<\/div>\n<div><\/div>\n<div>Os suspeitos foram acompanhados pela equipe terrestre, que obteve ajuda de integrantes do \u00c1guia 16, do Comando de Avia\u00e7\u00e3o da PM (CavPM) para monitoramento pelo ar. Essa a\u00e7\u00e3o durou aproximadamente 20 minutos e permitiu deter um dos autores na rua Ana Aslan, no Cap\u00e3o Redondo. A motocicleta foi recuperada.<\/div>\n<\/div>\n","protected":false},"excerpt":{"rendered":"<p>A cada 12 minutos, uma pessoa foi presa durante a<\/p>\n","protected":false},"author":2,"featured_media":72168,"comment_status":"open","ping_status":"open","sticky":false,"template":"","format":"standard","meta":{"footnotes":""},"categories":[7,23],"tags":[],"class_list":["post-72167","post","type-post","status-publish","format-standard","has-post-thumbnail","hentry","category-estado-de-sao-paulo","category-policia"],"yoast_head":"<!-- This site is optimized with the Yoast SEO plugin v27.5 - https:\/\/yoast.com\/product\/yoast-seo-wordpress\/ -->\n<title>Opera\u00e7\u00e3o Sufoco prendeu uma pessoa a cada 12 minutos no estado - Regi\u00e3o News<\/title>\n<meta name=\"robots\" content=\"index, follow, max-snippet:-1, max-image-preview:large, max-video-preview:-1\" \/>\n<link rel=\"canonical\" href=\"https:\/\/regiaonews.net.br\/2022\/2022\/05\/28\/operacao-sufoco-prendeu-uma-pessoa-a-cada-12-minutos-no-estado\/\" \/>\n<meta property=\"og:locale\" content=\"pt_BR\" \/>\n<meta property=\"og:type\" content=\"article\" \/>\n<meta property=\"og:title\" content=\"Opera\u00e7\u00e3o Sufoco prendeu uma pessoa a cada 12 minutos no estado - Regi\u00e3o News\" \/>\n<meta property=\"og:description\" content=\"A cada 12 minutos, uma pessoa foi presa durante a\" \/>\n<meta property=\"og:url\" content=\"https:\/\/regiaonews.net.br\/2022\/2022\/05\/28\/operacao-sufoco-prendeu-uma-pessoa-a-cada-12-minutos-no-estado\/\" \/>\n<meta property=\"og:site_name\" content=\"Regi\u00e3o News\" \/>\n<meta property=\"article:published_time\" content=\"2022-05-28T20:01:38+00:00\" \/>\n<meta property=\"article:modified_time\" content=\"2022-05-28T20:02:09+00:00\" \/>\n<meta property=\"og:image\" content=\"https:\/\/regiaonews.net.br\/2022\/wp-content\/uploads\/2022\/05\/00048561-1.jpeg\" \/>\n\t<meta property=\"og:image:width\" content=\"1000\" \/>\n\t<meta property=\"og:image:height\" content=\"562\" \/>\n\t<meta property=\"og:image:type\" content=\"image\/jpeg\" \/>\n<meta name=\"author\" content=\"Roberto\" \/>\n<meta name=\"twitter:card\" content=\"summary_large_image\" \/>\n<meta name=\"twitter:label1\" content=\"Escrito por\" \/>\n\t<meta name=\"twitter:data1\" content=\"Roberto\" \/>\n\t<meta name=\"twitter:label2\" content=\"Est. tempo de leitura\" \/>\n\t<meta name=\"twitter:data2\" content=\"1 minuto\" \/>\n<script type=\"application\/ld+json\" class=\"yoast-schema-graph\">{\"@context\":\"https:\\\/\\\/schema.org\",\"@graph\":[{\"@type\":\"Article\",\"@id\":\"https:\\\/\\\/regiaonews.net.br\\\/2022\\\/2022\\\/05\\\/28\\\/operacao-sufoco-prendeu-uma-pessoa-a-cada-12-minutos-no-estado\\\/#article\",\"isPartOf\":{\"@id\":\"https:\\\/\\\/regiaonews.net.br\\\/2022\\\/2022\\\/05\\\/28\\\/operacao-sufoco-prendeu-uma-pessoa-a-cada-12-minutos-no-estado\\\/\"},\"author\":{\"name\":\"Roberto\",\"@id\":\"https:\\\/\\\/regiaonews.net.br\\\/2022\\\/#\\\/schema\\\/person\\\/2d205a608a5aa97ac279d7a5e6d89ad8\"},\"headline\":\"Opera\u00e7\u00e3o Sufoco prendeu uma pessoa a cada 12 minutos no estado\",\"datePublished\":\"2022-05-28T20:01:38+00:00\",\"dateModified\":\"2022-05-28T20:02:09+00:00\",\"mainEntityOfPage\":{\"@id\":\"https:\\\/\\\/regiaonews.net.br\\\/2022\\\/2022\\\/05\\\/28\\\/operacao-sufoco-prendeu-uma-pessoa-a-cada-12-minutos-no-estado\\\/\"},\"wordCount\":292,\"commentCount\":0,\"publisher\":{\"@id\":\"https:\\\/\\\/regiaonews.net.br\\\/2022\\\/#organization\"},\"image\":{\"@id\":\"https:\\\/\\\/regiaonews.net.br\\\/2022\\\/2022\\\/05\\\/28\\\/operacao-sufoco-prendeu-uma-pessoa-a-cada-12-minutos-no-estado\\\/#primaryimage\"},\"thumbnailUrl\":\"https:\\\/\\\/regiaonews.net.br\\\/2022\\\/wp-content\\\/uploads\\\/2022\\\/05\\\/00048561-1.jpeg\",\"articleSection\":[\"Estado de S\u00e3o Paulo\",\"Policia\"],\"inLanguage\":\"pt-BR\",\"potentialAction\":[{\"@type\":\"CommentAction\",\"name\":\"Comment\",\"target\":[\"https:\\\/\\\/regiaonews.net.br\\\/2022\\\/2022\\\/05\\\/28\\\/operacao-sufoco-prendeu-uma-pessoa-a-cada-12-minutos-no-estado\\\/#respond\"]}]},{\"@type\":\"WebPage\",\"@id\":\"https:\\\/\\\/regiaonews.net.br\\\/2022\\\/2022\\\/05\\\/28\\\/operacao-sufoco-prendeu-uma-pessoa-a-cada-12-minutos-no-estado\\\/\",\"url\":\"https:\\\/\\\/regiaonews.net.br\\\/2022\\\/2022\\\/05\\\/28\\\/operacao-sufoco-prendeu-uma-pessoa-a-cada-12-minutos-no-estado\\\/\",\"name\":\"Opera\u00e7\u00e3o Sufoco prendeu uma pessoa a cada 12 minutos no estado - Regi\u00e3o News\",\"isPartOf\":{\"@id\":\"https:\\\/\\\/regiaonews.net.br\\\/2022\\\/#website\"},\"primaryImageOfPage\":{\"@id\":\"https:\\\/\\\/regiaonews.net.br\\\/2022\\\/2022\\\/05\\\/28\\\/operacao-sufoco-prendeu-uma-pessoa-a-cada-12-minutos-no-estado\\\/#primaryimage\"},\"image\":{\"@id\":\"https:\\\/\\\/regiaonews.net.br\\\/2022\\\/2022\\\/05\\\/28\\\/operacao-sufoco-prendeu-uma-pessoa-a-cada-12-minutos-no-estado\\\/#primaryimage\"},\"thumbnailUrl\":\"https:\\\/\\\/regiaonews.net.br\\\/2022\\\/wp-content\\\/uploads\\\/2022\\\/05\\\/00048561-1.jpeg\",\"datePublished\":\"2022-05-28T20:01:38+00:00\",\"dateModified\":\"2022-05-28T20:02:09+00:00\",\"breadcrumb\":{\"@id\":\"https:\\\/\\\/regiaonews.net.br\\\/2022\\\/2022\\\/05\\\/28\\\/operacao-sufoco-prendeu-uma-pessoa-a-cada-12-minutos-no-estado\\\/#breadcrumb\"},\"inLanguage\":\"pt-BR\",\"potentialAction\":[{\"@type\":\"ReadAction\",\"target\":[\"https:\\\/\\\/regiaonews.net.br\\\/2022\\\/2022\\\/05\\\/28\\\/operacao-sufoco-prendeu-uma-pessoa-a-cada-12-minutos-no-estado\\\/\"]}]},{\"@type\":\"ImageObject\",\"inLanguage\":\"pt-BR\",\"@id\":\"https:\\\/\\\/regiaonews.net.br\\\/2022\\\/2022\\\/05\\\/28\\\/operacao-sufoco-prendeu-uma-pessoa-a-cada-12-minutos-no-estado\\\/#primaryimage\",\"url\":\"https:\\\/\\\/regiaonews.net.br\\\/2022\\\/wp-content\\\/uploads\\\/2022\\\/05\\\/00048561-1.jpeg\",\"contentUrl\":\"https:\\\/\\\/regiaonews.net.br\\\/2022\\\/wp-content\\\/uploads\\\/2022\\\/05\\\/00048561-1.jpeg\",\"width\":1000,\"height\":562},{\"@type\":\"BreadcrumbList\",\"@id\":\"https:\\\/\\\/regiaonews.net.br\\\/2022\\\/2022\\\/05\\\/28\\\/operacao-sufoco-prendeu-uma-pessoa-a-cada-12-minutos-no-estado\\\/#breadcrumb\",\"itemListElement\":[{\"@type\":\"ListItem\",\"position\":1,\"name\":\"In\u00edcio\",\"item\":\"https:\\\/\\\/regiaonews.net.br\\\/2022\\\/\"},{\"@type\":\"ListItem\",\"position\":2,\"name\":\"Opera\u00e7\u00e3o Sufoco prendeu uma pessoa a cada 12 minutos no estado\"}]},{\"@type\":\"WebSite\",\"@id\":\"https:\\\/\\\/regiaonews.net.br\\\/2022\\\/#website\",\"url\":\"https:\\\/\\\/regiaonews.net.br\\\/2022\\\/\",\"name\":\"Regi\u00e3o News\",\"description\":\"Site de Not\u00edcias de Barretos e regi\u00e3o\",\"publisher\":{\"@id\":\"https:\\\/\\\/regiaonews.net.br\\\/2022\\\/#organization\"},\"potentialAction\":[{\"@type\":\"SearchAction\",\"target\":{\"@type\":\"EntryPoint\",\"urlTemplate\":\"https:\\\/\\\/regiaonews.net.br\\\/2022\\\/?s={search_term_string}\"},\"query-input\":{\"@type\":\"PropertyValueSpecification\",\"valueRequired\":true,\"valueName\":\"search_term_string\"}}],\"inLanguage\":\"pt-BR\"},{\"@type\":\"Organization\",\"@id\":\"https:\\\/\\\/regiaonews.net.br\\\/2022\\\/#organization\",\"name\":\"Regi\u00e3o News\",\"url\":\"https:\\\/\\\/regiaonews.net.br\\\/2022\\\/\",\"logo\":{\"@type\":\"ImageObject\",\"inLanguage\":\"pt-BR\",\"@id\":\"https:\\\/\\\/regiaonews.net.br\\\/2022\\\/#\\\/schema\\\/logo\\\/image\\\/\",\"url\":\"https:\\\/\\\/regiaonews.net.br\\\/2022\\\/wp-content\\\/uploads\\\/2026\\\/03\\\/regiao-13-anos-scaled.jpg\",\"contentUrl\":\"https:\\\/\\\/regiaonews.net.br\\\/2022\\\/wp-content\\\/uploads\\\/2026\\\/03\\\/regiao-13-anos-scaled.jpg\",\"width\":2560,\"height\":635,\"caption\":\"Regi\u00e3o News\"},\"image\":{\"@id\":\"https:\\\/\\\/regiaonews.net.br\\\/2022\\\/#\\\/schema\\\/logo\\\/image\\\/\"}},{\"@type\":\"Person\",\"@id\":\"https:\\\/\\\/regiaonews.net.br\\\/2022\\\/#\\\/schema\\\/person\\\/2d205a608a5aa97ac279d7a5e6d89ad8\",\"name\":\"Roberto\",\"image\":{\"@type\":\"ImageObject\",\"inLanguage\":\"pt-BR\",\"@id\":\"https:\\\/\\\/secure.gravatar.com\\\/avatar\\\/42749d8b712ff9d59ca93dc150494e5b55a44134482993f5baeb97e61b7ecc89?s=96&d=mm&r=g\",\"url\":\"https:\\\/\\\/secure.gravatar.com\\\/avatar\\\/42749d8b712ff9d59ca93dc150494e5b55a44134482993f5baeb97e61b7ecc89?s=96&d=mm&r=g\",\"contentUrl\":\"https:\\\/\\\/secure.gravatar.com\\\/avatar\\\/42749d8b712ff9d59ca93dc150494e5b55a44134482993f5baeb97e61b7ecc89?s=96&d=mm&r=g\",\"caption\":\"Roberto\"},\"url\":\"https:\\\/\\\/regiaonews.net.br\\\/2022\\\/author\\\/roberto\\\/\"}]}<\/script>\n<!-- \/ Yoast SEO plugin. -->","yoast_head_json":{"title":"Opera\u00e7\u00e3o Sufoco prendeu uma pessoa a cada 12 minutos no estado - Regi\u00e3o News","robots":{"index":"index","follow":"follow","max-snippet":"max-snippet:-1","max-image-preview":"max-image-preview:large","max-video-preview":"max-video-preview:-1"},"canonical":"https:\/\/regiaonews.net.br\/2022\/2022\/05\/28\/operacao-sufoco-prendeu-uma-pessoa-a-cada-12-minutos-no-estado\/","og_locale":"pt_BR","og_type":"article","og_title":"Opera\u00e7\u00e3o Sufoco prendeu uma pessoa a cada 12 minutos no estado - Regi\u00e3o News","og_description":"A cada 12 minutos, uma pessoa foi presa durante a","og_url":"https:\/\/regiaonews.net.br\/2022\/2022\/05\/28\/operacao-sufoco-prendeu-uma-pessoa-a-cada-12-minutos-no-estado\/","og_site_name":"Regi\u00e3o News","article_published_time":"2022-05-28T20:01:38+00:00","article_modified_time":"2022-05-28T20:02:09+00:00","og_image":[{"width":1000,"height":562,"url":"https:\/\/regiaonews.net.br\/2022\/wp-content\/uploads\/2022\/05\/00048561-1.jpeg","type":"image\/jpeg"}],"author":"Roberto","twitter_card":"summary_large_image","twitter_misc":{"Escrito por":"Roberto","Est. tempo de leitura":"1 minuto"},"schema":{"@context":"https:\/\/schema.org","@graph":[{"@type":"Article","@id":"https:\/\/regiaonews.net.br\/2022\/2022\/05\/28\/operacao-sufoco-prendeu-uma-pessoa-a-cada-12-minutos-no-estado\/#article","isPartOf":{"@id":"https:\/\/regiaonews.net.br\/2022\/2022\/05\/28\/operacao-sufoco-prendeu-uma-pessoa-a-cada-12-minutos-no-estado\/"},"author":{"name":"Roberto","@id":"https:\/\/regiaonews.net.br\/2022\/#\/schema\/person\/2d205a608a5aa97ac279d7a5e6d89ad8"},"headline":"Opera\u00e7\u00e3o Sufoco prendeu uma pessoa a cada 12 minutos no estado","datePublished":"2022-05-28T20:01:38+00:00","dateModified":"2022-05-28T20:02:09+00:00","mainEntityOfPage":{"@id":"https:\/\/regiaonews.net.br\/2022\/2022\/05\/28\/operacao-sufoco-prendeu-uma-pessoa-a-cada-12-minutos-no-estado\/"},"wordCount":292,"commentCount":0,"publisher":{"@id":"https:\/\/regiaonews.net.br\/2022\/#organization"},"image":{"@id":"https:\/\/regiaonews.net.br\/2022\/2022\/05\/28\/operacao-sufoco-prendeu-uma-pessoa-a-cada-12-minutos-no-estado\/#primaryimage"},"thumbnailUrl":"https:\/\/regiaonews.net.br\/2022\/wp-content\/uploads\/2022\/05\/00048561-1.jpeg","articleSection":["Estado de S\u00e3o Paulo","Policia"],"inLanguage":"pt-BR","potentialAction":[{"@type":"CommentAction","name":"Comment","target":["https:\/\/regiaonews.net.br\/2022\/2022\/05\/28\/operacao-sufoco-prendeu-uma-pessoa-a-cada-12-minutos-no-estado\/#respond"]}]},{"@type":"WebPage","@id":"https:\/\/regiaonews.net.br\/2022\/2022\/05\/28\/operacao-sufoco-prendeu-uma-pessoa-a-cada-12-minutos-no-estado\/","url":"https:\/\/regiaonews.net.br\/2022\/2022\/05\/28\/operacao-sufoco-prendeu-uma-pessoa-a-cada-12-minutos-no-estado\/","name":"Opera\u00e7\u00e3o Sufoco prendeu uma pessoa a cada 12 minutos no estado - Regi\u00e3o News","isPartOf":{"@id":"https:\/\/regiaonews.net.br\/2022\/#website"},"primaryImageOfPage":{"@id":"https:\/\/regiaonews.net.br\/2022\/2022\/05\/28\/operacao-sufoco-prendeu-uma-pessoa-a-cada-12-minutos-no-estado\/#primaryimage"},"image":{"@id":"https:\/\/regiaonews.net.br\/2022\/2022\/05\/28\/operacao-sufoco-prendeu-uma-pessoa-a-cada-12-minutos-no-estado\/#primaryimage"},"thumbnailUrl":"https:\/\/regiaonews.net.br\/2022\/wp-content\/uploads\/2022\/05\/00048561-1.jpeg","datePublished":"2022-05-28T20:01:38+00:00","dateModified":"2022-05-28T20:02:09+00:00","breadcrumb":{"@id":"https:\/\/regiaonews.net.br\/2022\/2022\/05\/28\/operacao-sufoco-prendeu-uma-pessoa-a-cada-12-minutos-no-estado\/#breadcrumb"},"inLanguage":"pt-BR","potentialAction":[{"@type":"ReadAction","target":["https:\/\/regiaonews.net.br\/2022\/2022\/05\/28\/operacao-sufoco-prendeu-uma-pessoa-a-cada-12-minutos-no-estado\/"]}]},{"@type":"ImageObject","inLanguage":"pt-BR","@id":"https:\/\/regiaonews.net.br\/2022\/2022\/05\/28\/operacao-sufoco-prendeu-uma-pessoa-a-cada-12-minutos-no-estado\/#primaryimage","url":"https:\/\/regiaonews.net.br\/2022\/wp-content\/uploads\/2022\/05\/00048561-1.jpeg","contentUrl":"https:\/\/regiaonews.net.br\/2022\/wp-content\/uploads\/2022\/05\/00048561-1.jpeg","width":1000,"height":562},{"@type":"BreadcrumbList","@id":"https:\/\/regiaonews.net.br\/2022\/2022\/05\/28\/operacao-sufoco-prendeu-uma-pessoa-a-cada-12-minutos-no-estado\/#breadcrumb","itemListElement":[{"@type":"ListItem","position":1,"name":"In\u00edcio","item":"https:\/\/regiaonews.net.br\/2022\/"},{"@type":"ListItem","position":2,"name":"Opera\u00e7\u00e3o Sufoco prendeu uma pessoa a cada 12 minutos no estado"}]},{"@type":"WebSite","@id":"https:\/\/regiaonews.net.br\/2022\/#website","url":"https:\/\/regiaonews.net.br\/2022\/","name":"Regi\u00e3o News","description":"Site de Not\u00edcias de Barretos e regi\u00e3o","publisher":{"@id":"https:\/\/regiaonews.net.br\/2022\/#organization"},"potentialAction":[{"@type":"SearchAction","target":{"@type":"EntryPoint","urlTemplate":"https:\/\/regiaonews.net.br\/2022\/?s={search_term_string}"},"query-input":{"@type":"PropertyValueSpecification","valueRequired":true,"valueName":"search_term_string"}}],"inLanguage":"pt-BR"},{"@type":"Organization","@id":"https:\/\/regiaonews.net.br\/2022\/#organization","name":"Regi\u00e3o News","url":"https:\/\/regiaonews.net.br\/2022\/","logo":{"@type":"ImageObject","inLanguage":"pt-BR","@id":"https:\/\/regiaonews.net.br\/2022\/#\/schema\/logo\/image\/","url":"https:\/\/regiaonews.net.br\/2022\/wp-content\/uploads\/2026\/03\/regiao-13-anos-scaled.jpg","contentUrl":"https:\/\/regiaonews.net.br\/2022\/wp-content\/uploads\/2026\/03\/regiao-13-anos-scaled.jpg","width":2560,"height":635,"caption":"Regi\u00e3o News"},"image":{"@id":"https:\/\/regiaonews.net.br\/2022\/#\/schema\/logo\/image\/"}},{"@type":"Person","@id":"https:\/\/regiaonews.net.br\/2022\/#\/schema\/person\/2d205a608a5aa97ac279d7a5e6d89ad8","name":"Roberto","image":{"@type":"ImageObject","inLanguage":"pt-BR","@id":"https:\/\/secure.gravatar.com\/avatar\/42749d8b712ff9d59ca93dc150494e5b55a44134482993f5baeb97e61b7ecc89?s=96&d=mm&r=g","url":"https:\/\/secure.gravatar.com\/avatar\/42749d8b712ff9d59ca93dc150494e5b55a44134482993f5baeb97e61b7ecc89?s=96&d=mm&r=g","contentUrl":"https:\/\/secure.gravatar.com\/avatar\/42749d8b712ff9d59ca93dc150494e5b55a44134482993f5baeb97e61b7ecc89?s=96&d=mm&r=g","caption":"Roberto"},"url":"https:\/\/regiaonews.net.br\/2022\/author\/roberto\/"}]}},"publishpress_future_action":{"enabled":false,"date":"2026-05-08 10:45:17","action":"change-status","newStatus":"draft","terms":[],"taxonomy":"category","extraData":[]},"publishpress_future_workflow_manual_trigger":{"enabledWorkflows":[]},"_links":{"self":[{"href":"https:\/\/regiaonews.net.br\/2022\/wp-json\/wp\/v2\/posts\/72167","targetHints":{"allow":["GET"]}}],"collection":[{"href":"https:\/\/regiaonews.net.br\/2022\/wp-json\/wp\/v2\/posts"}],"about":[{"href":"https:\/\/regiaonews.net.br\/2022\/wp-json\/wp\/v2\/types\/post"}],"author":[{"embeddable":true,"href":"https:\/\/regiaonews.net.br\/2022\/wp-json\/wp\/v2\/users\/2"}],"replies":[{"embeddable":true,"href":"https:\/\/regiaonews.net.br\/2022\/wp-json\/wp\/v2\/comments?post=72167"}],"version-history":[{"count":2,"href":"https:\/\/regiaonews.net.br\/2022\/wp-json\/wp\/v2\/posts\/72167\/revisions"}],"predecessor-version":[{"id":72170,"href":"https:\/\/regiaonews.net.br\/2022\/wp-json\/wp\/v2\/posts\/72167\/revisions\/72170"}],"wp:featuredmedia":[{"embeddable":true,"href":"https:\/\/regiaonews.net.br\/2022\/wp-json\/wp\/v2\/media\/72168"}],"wp:attachment":[{"href":"https:\/\/regiaonews.net.br\/2022\/wp-json\/wp\/v2\/media?parent=72167"}],"wp:term":[{"taxonomy":"category","embeddable":true,"href":"https:\/\/regiaonews.net.br\/2022\/wp-json\/wp\/v2\/categories?post=72167"},{"taxonomy":"post_tag","embeddable":true,"href":"https:\/\/regiaonews.net.br\/2022\/wp-json\/wp\/v2\/tags?post=72167"}],"curies":[{"name":"wp","href":"https:\/\/api.w.org\/{rel}","templated":true}]}}