{"id":71838,"date":"2022-05-24T18:30:38","date_gmt":"2022-05-24T21:30:38","guid":{"rendered":"https:\/\/regiaonews.net.br\/2022\/?p=71838"},"modified":"2022-05-24T18:35:12","modified_gmt":"2022-05-24T21:35:12","slug":"acidente-tira-vida-de-mulher-de-47-anos-na-sp-425","status":"publish","type":"post","link":"https:\/\/regiaonews.net.br\/2022\/2022\/05\/24\/acidente-tira-vida-de-mulher-de-47-anos-na-sp-425\/","title":{"rendered":"Acidente tira vida de mulher de 47 anos na SP-425"},"content":{"rendered":"<p>&nbsp;<\/p>\n<p>Um mulher morreu v\u00edtima de acidente na rodovia Assis Chateaubriand, em Ol\u00edmpia. A v\u00edtima Sueli Aparecida Pereira Rocha, 47 anos, em virtude de acidente, ocorrido no km 137 mais 200 metros da rodovia. Segundo um motorista de 29 anos, ele trafegava com um ve\u00edculo Renault Clio, ano 2001, cor prata, no sentido Barretos\/Ol\u00edmpia, ocasi\u00e3o em que ao iniciar o trevo de Ol\u00edmpia, ele se assustou e perdeu o controle do carro, vindo a ocorrer o acidente.<br \/>\nDe acordo com o motorista, com a colis\u00e3o, a sua m\u00e3e Sueli Aparecida, foi lan\u00e7ada para fora do carro, indo a \u00f3bito no local. Al\u00e9m do motorista, no interior do carro tamb\u00e9m estava o garoto L.H.P.S.R., 10 anos, que \u00e9 enteado do motorista, o qual, assim como o motorista, sofreu ferimentos leves, sendo os dois socorridos pela equipe do Corpo de Bombeiros, at\u00e9 a UPA da cidade de Ol\u00edmpia.<\/p>\n","protected":false},"excerpt":{"rendered":"<p>&nbsp; Um mulher morreu v\u00edtima de acidente na rodovia Assis<\/p>\n","protected":false},"author":2,"featured_media":71841,"comment_status":"open","ping_status":"open","sticky":false,"template":"","format":"standard","meta":{"footnotes":""},"categories":[28,23],"tags":[],"class_list":["post-71838","post","type-post","status-publish","format-standard","has-post-thumbnail","hentry","category-olimpia-olimpia","category-policia"],"yoast_head":"<!-- This site is optimized with the Yoast SEO plugin v27.5 - https:\/\/yoast.com\/product\/yoast-seo-wordpress\/ -->\n<title>Acidente tira vida de mulher de 47 anos na SP-425 - Regi\u00e3o News<\/title>\n<meta name=\"robots\" content=\"index, follow, max-snippet:-1, max-image-preview:large, max-video-preview:-1\" \/>\n<link rel=\"canonical\" href=\"https:\/\/regiaonews.net.br\/2022\/2022\/05\/24\/acidente-tira-vida-de-mulher-de-47-anos-na-sp-425\/\" \/>\n<meta property=\"og:locale\" content=\"pt_BR\" \/>\n<meta property=\"og:type\" content=\"article\" \/>\n<meta property=\"og:title\" content=\"Acidente tira vida de mulher de 47 anos na SP-425 - Regi\u00e3o News\" \/>\n<meta property=\"og:description\" content=\"&nbsp; Um mulher morreu v\u00edtima de acidente na rodovia Assis\" \/>\n<meta property=\"og:url\" content=\"https:\/\/regiaonews.net.br\/2022\/2022\/05\/24\/acidente-tira-vida-de-mulher-de-47-anos-na-sp-425\/\" \/>\n<meta property=\"og:site_name\" content=\"Regi\u00e3o News\" \/>\n<meta property=\"article:published_time\" content=\"2022-05-24T21:30:38+00:00\" \/>\n<meta property=\"article:modified_time\" content=\"2022-05-24T21:35:12+00:00\" \/>\n<meta property=\"og:image\" content=\"https:\/\/regiaonews.net.br\/2022\/wp-content\/uploads\/2022\/05\/WhatsApp-Image-2022-05-24-at-14.22.15.jpeg\" \/>\n\t<meta property=\"og:image:width\" content=\"860\" \/>\n\t<meta property=\"og:image:height\" content=\"764\" \/>\n\t<meta property=\"og:image:type\" content=\"image\/jpeg\" \/>\n<meta name=\"author\" content=\"Roberto\" \/>\n<meta name=\"twitter:card\" content=\"summary_large_image\" \/>\n<meta name=\"twitter:label1\" content=\"Escrito por\" \/>\n\t<meta name=\"twitter:data1\" content=\"Roberto\" \/>\n\t<meta name=\"twitter:label2\" content=\"Est. tempo de leitura\" \/>\n\t<meta name=\"twitter:data2\" content=\"1 minuto\" \/>\n<script type=\"application\/ld+json\" class=\"yoast-schema-graph\">{\"@context\":\"https:\\\/\\\/schema.org\",\"@graph\":[{\"@type\":\"Article\",\"@id\":\"https:\\\/\\\/regiaonews.net.br\\\/2022\\\/2022\\\/05\\\/24\\\/acidente-tira-vida-de-mulher-de-47-anos-na-sp-425\\\/#article\",\"isPartOf\":{\"@id\":\"https:\\\/\\\/regiaonews.net.br\\\/2022\\\/2022\\\/05\\\/24\\\/acidente-tira-vida-de-mulher-de-47-anos-na-sp-425\\\/\"},\"author\":{\"name\":\"Roberto\",\"@id\":\"https:\\\/\\\/regiaonews.net.br\\\/2022\\\/#\\\/schema\\\/person\\\/2d205a608a5aa97ac279d7a5e6d89ad8\"},\"headline\":\"Acidente tira vida de mulher de 47 anos na SP-425\",\"datePublished\":\"2022-05-24T21:30:38+00:00\",\"dateModified\":\"2022-05-24T21:35:12+00:00\",\"mainEntityOfPage\":{\"@id\":\"https:\\\/\\\/regiaonews.net.br\\\/2022\\\/2022\\\/05\\\/24\\\/acidente-tira-vida-de-mulher-de-47-anos-na-sp-425\\\/\"},\"wordCount\":166,\"commentCount\":0,\"publisher\":{\"@id\":\"https:\\\/\\\/regiaonews.net.br\\\/2022\\\/#organization\"},\"image\":{\"@id\":\"https:\\\/\\\/regiaonews.net.br\\\/2022\\\/2022\\\/05\\\/24\\\/acidente-tira-vida-de-mulher-de-47-anos-na-sp-425\\\/#primaryimage\"},\"thumbnailUrl\":\"https:\\\/\\\/regiaonews.net.br\\\/2022\\\/wp-content\\\/uploads\\\/2022\\\/05\\\/WhatsApp-Image-2022-05-24-at-14.22.15.jpeg\",\"articleSection\":[\"Olimpia\",\"Policia\"],\"inLanguage\":\"pt-BR\",\"potentialAction\":[{\"@type\":\"CommentAction\",\"name\":\"Comment\",\"target\":[\"https:\\\/\\\/regiaonews.net.br\\\/2022\\\/2022\\\/05\\\/24\\\/acidente-tira-vida-de-mulher-de-47-anos-na-sp-425\\\/#respond\"]}]},{\"@type\":\"WebPage\",\"@id\":\"https:\\\/\\\/regiaonews.net.br\\\/2022\\\/2022\\\/05\\\/24\\\/acidente-tira-vida-de-mulher-de-47-anos-na-sp-425\\\/\",\"url\":\"https:\\\/\\\/regiaonews.net.br\\\/2022\\\/2022\\\/05\\\/24\\\/acidente-tira-vida-de-mulher-de-47-anos-na-sp-425\\\/\",\"name\":\"Acidente tira vida de mulher de 47 anos na SP-425 - Regi\u00e3o News\",\"isPartOf\":{\"@id\":\"https:\\\/\\\/regiaonews.net.br\\\/2022\\\/#website\"},\"primaryImageOfPage\":{\"@id\":\"https:\\\/\\\/regiaonews.net.br\\\/2022\\\/2022\\\/05\\\/24\\\/acidente-tira-vida-de-mulher-de-47-anos-na-sp-425\\\/#primaryimage\"},\"image\":{\"@id\":\"https:\\\/\\\/regiaonews.net.br\\\/2022\\\/2022\\\/05\\\/24\\\/acidente-tira-vida-de-mulher-de-47-anos-na-sp-425\\\/#primaryimage\"},\"thumbnailUrl\":\"https:\\\/\\\/regiaonews.net.br\\\/2022\\\/wp-content\\\/uploads\\\/2022\\\/05\\\/WhatsApp-Image-2022-05-24-at-14.22.15.jpeg\",\"datePublished\":\"2022-05-24T21:30:38+00:00\",\"dateModified\":\"2022-05-24T21:35:12+00:00\",\"breadcrumb\":{\"@id\":\"https:\\\/\\\/regiaonews.net.br\\\/2022\\\/2022\\\/05\\\/24\\\/acidente-tira-vida-de-mulher-de-47-anos-na-sp-425\\\/#breadcrumb\"},\"inLanguage\":\"pt-BR\",\"potentialAction\":[{\"@type\":\"ReadAction\",\"target\":[\"https:\\\/\\\/regiaonews.net.br\\\/2022\\\/2022\\\/05\\\/24\\\/acidente-tira-vida-de-mulher-de-47-anos-na-sp-425\\\/\"]}]},{\"@type\":\"ImageObject\",\"inLanguage\":\"pt-BR\",\"@id\":\"https:\\\/\\\/regiaonews.net.br\\\/2022\\\/2022\\\/05\\\/24\\\/acidente-tira-vida-de-mulher-de-47-anos-na-sp-425\\\/#primaryimage\",\"url\":\"https:\\\/\\\/regiaonews.net.br\\\/2022\\\/wp-content\\\/uploads\\\/2022\\\/05\\\/WhatsApp-Image-2022-05-24-at-14.22.15.jpeg\",\"contentUrl\":\"https:\\\/\\\/regiaonews.net.br\\\/2022\\\/wp-content\\\/uploads\\\/2022\\\/05\\\/WhatsApp-Image-2022-05-24-at-14.22.15.jpeg\",\"width\":860,\"height\":764},{\"@type\":\"BreadcrumbList\",\"@id\":\"https:\\\/\\\/regiaonews.net.br\\\/2022\\\/2022\\\/05\\\/24\\\/acidente-tira-vida-de-mulher-de-47-anos-na-sp-425\\\/#breadcrumb\",\"itemListElement\":[{\"@type\":\"ListItem\",\"position\":1,\"name\":\"In\u00edcio\",\"item\":\"https:\\\/\\\/regiaonews.net.br\\\/2022\\\/\"},{\"@type\":\"ListItem\",\"position\":2,\"name\":\"Acidente tira vida de mulher de 47 anos na SP-425\"}]},{\"@type\":\"WebSite\",\"@id\":\"https:\\\/\\\/regiaonews.net.br\\\/2022\\\/#website\",\"url\":\"https:\\\/\\\/regiaonews.net.br\\\/2022\\\/\",\"name\":\"Regi\u00e3o News\",\"description\":\"Site de Not\u00edcias de Barretos e regi\u00e3o\",\"publisher\":{\"@id\":\"https:\\\/\\\/regiaonews.net.br\\\/2022\\\/#organization\"},\"potentialAction\":[{\"@type\":\"SearchAction\",\"target\":{\"@type\":\"EntryPoint\",\"urlTemplate\":\"https:\\\/\\\/regiaonews.net.br\\\/2022\\\/?s={search_term_string}\"},\"query-input\":{\"@type\":\"PropertyValueSpecification\",\"valueRequired\":true,\"valueName\":\"search_term_string\"}}],\"inLanguage\":\"pt-BR\"},{\"@type\":\"Organization\",\"@id\":\"https:\\\/\\\/regiaonews.net.br\\\/2022\\\/#organization\",\"name\":\"Regi\u00e3o News\",\"url\":\"https:\\\/\\\/regiaonews.net.br\\\/2022\\\/\",\"logo\":{\"@type\":\"ImageObject\",\"inLanguage\":\"pt-BR\",\"@id\":\"https:\\\/\\\/regiaonews.net.br\\\/2022\\\/#\\\/schema\\\/logo\\\/image\\\/\",\"url\":\"https:\\\/\\\/regiaonews.net.br\\\/2022\\\/wp-content\\\/uploads\\\/2026\\\/03\\\/regiao-13-anos-scaled.jpg\",\"contentUrl\":\"https:\\\/\\\/regiaonews.net.br\\\/2022\\\/wp-content\\\/uploads\\\/2026\\\/03\\\/regiao-13-anos-scaled.jpg\",\"width\":2560,\"height\":635,\"caption\":\"Regi\u00e3o News\"},\"image\":{\"@id\":\"https:\\\/\\\/regiaonews.net.br\\\/2022\\\/#\\\/schema\\\/logo\\\/image\\\/\"}},{\"@type\":\"Person\",\"@id\":\"https:\\\/\\\/regiaonews.net.br\\\/2022\\\/#\\\/schema\\\/person\\\/2d205a608a5aa97ac279d7a5e6d89ad8\",\"name\":\"Roberto\",\"image\":{\"@type\":\"ImageObject\",\"inLanguage\":\"pt-BR\",\"@id\":\"https:\\\/\\\/secure.gravatar.com\\\/avatar\\\/42749d8b712ff9d59ca93dc150494e5b55a44134482993f5baeb97e61b7ecc89?s=96&d=mm&r=g\",\"url\":\"https:\\\/\\\/secure.gravatar.com\\\/avatar\\\/42749d8b712ff9d59ca93dc150494e5b55a44134482993f5baeb97e61b7ecc89?s=96&d=mm&r=g\",\"contentUrl\":\"https:\\\/\\\/secure.gravatar.com\\\/avatar\\\/42749d8b712ff9d59ca93dc150494e5b55a44134482993f5baeb97e61b7ecc89?s=96&d=mm&r=g\",\"caption\":\"Roberto\"},\"url\":\"https:\\\/\\\/regiaonews.net.br\\\/2022\\\/author\\\/roberto\\\/\"}]}<\/script>\n<!-- \/ Yoast SEO plugin. -->","yoast_head_json":{"title":"Acidente tira vida de mulher de 47 anos na SP-425 - Regi\u00e3o News","robots":{"index":"index","follow":"follow","max-snippet":"max-snippet:-1","max-image-preview":"max-image-preview:large","max-video-preview":"max-video-preview:-1"},"canonical":"https:\/\/regiaonews.net.br\/2022\/2022\/05\/24\/acidente-tira-vida-de-mulher-de-47-anos-na-sp-425\/","og_locale":"pt_BR","og_type":"article","og_title":"Acidente tira vida de mulher de 47 anos na SP-425 - Regi\u00e3o News","og_description":"&nbsp; Um mulher morreu v\u00edtima de acidente na rodovia Assis","og_url":"https:\/\/regiaonews.net.br\/2022\/2022\/05\/24\/acidente-tira-vida-de-mulher-de-47-anos-na-sp-425\/","og_site_name":"Regi\u00e3o News","article_published_time":"2022-05-24T21:30:38+00:00","article_modified_time":"2022-05-24T21:35:12+00:00","og_image":[{"width":860,"height":764,"url":"https:\/\/regiaonews.net.br\/2022\/wp-content\/uploads\/2022\/05\/WhatsApp-Image-2022-05-24-at-14.22.15.jpeg","type":"image\/jpeg"}],"author":"Roberto","twitter_card":"summary_large_image","twitter_misc":{"Escrito por":"Roberto","Est. tempo de leitura":"1 minuto"},"schema":{"@context":"https:\/\/schema.org","@graph":[{"@type":"Article","@id":"https:\/\/regiaonews.net.br\/2022\/2022\/05\/24\/acidente-tira-vida-de-mulher-de-47-anos-na-sp-425\/#article","isPartOf":{"@id":"https:\/\/regiaonews.net.br\/2022\/2022\/05\/24\/acidente-tira-vida-de-mulher-de-47-anos-na-sp-425\/"},"author":{"name":"Roberto","@id":"https:\/\/regiaonews.net.br\/2022\/#\/schema\/person\/2d205a608a5aa97ac279d7a5e6d89ad8"},"headline":"Acidente tira vida de mulher de 47 anos na SP-425","datePublished":"2022-05-24T21:30:38+00:00","dateModified":"2022-05-24T21:35:12+00:00","mainEntityOfPage":{"@id":"https:\/\/regiaonews.net.br\/2022\/2022\/05\/24\/acidente-tira-vida-de-mulher-de-47-anos-na-sp-425\/"},"wordCount":166,"commentCount":0,"publisher":{"@id":"https:\/\/regiaonews.net.br\/2022\/#organization"},"image":{"@id":"https:\/\/regiaonews.net.br\/2022\/2022\/05\/24\/acidente-tira-vida-de-mulher-de-47-anos-na-sp-425\/#primaryimage"},"thumbnailUrl":"https:\/\/regiaonews.net.br\/2022\/wp-content\/uploads\/2022\/05\/WhatsApp-Image-2022-05-24-at-14.22.15.jpeg","articleSection":["Olimpia","Policia"],"inLanguage":"pt-BR","potentialAction":[{"@type":"CommentAction","name":"Comment","target":["https:\/\/regiaonews.net.br\/2022\/2022\/05\/24\/acidente-tira-vida-de-mulher-de-47-anos-na-sp-425\/#respond"]}]},{"@type":"WebPage","@id":"https:\/\/regiaonews.net.br\/2022\/2022\/05\/24\/acidente-tira-vida-de-mulher-de-47-anos-na-sp-425\/","url":"https:\/\/regiaonews.net.br\/2022\/2022\/05\/24\/acidente-tira-vida-de-mulher-de-47-anos-na-sp-425\/","name":"Acidente tira vida de mulher de 47 anos na SP-425 - Regi\u00e3o News","isPartOf":{"@id":"https:\/\/regiaonews.net.br\/2022\/#website"},"primaryImageOfPage":{"@id":"https:\/\/regiaonews.net.br\/2022\/2022\/05\/24\/acidente-tira-vida-de-mulher-de-47-anos-na-sp-425\/#primaryimage"},"image":{"@id":"https:\/\/regiaonews.net.br\/2022\/2022\/05\/24\/acidente-tira-vida-de-mulher-de-47-anos-na-sp-425\/#primaryimage"},"thumbnailUrl":"https:\/\/regiaonews.net.br\/2022\/wp-content\/uploads\/2022\/05\/WhatsApp-Image-2022-05-24-at-14.22.15.jpeg","datePublished":"2022-05-24T21:30:38+00:00","dateModified":"2022-05-24T21:35:12+00:00","breadcrumb":{"@id":"https:\/\/regiaonews.net.br\/2022\/2022\/05\/24\/acidente-tira-vida-de-mulher-de-47-anos-na-sp-425\/#breadcrumb"},"inLanguage":"pt-BR","potentialAction":[{"@type":"ReadAction","target":["https:\/\/regiaonews.net.br\/2022\/2022\/05\/24\/acidente-tira-vida-de-mulher-de-47-anos-na-sp-425\/"]}]},{"@type":"ImageObject","inLanguage":"pt-BR","@id":"https:\/\/regiaonews.net.br\/2022\/2022\/05\/24\/acidente-tira-vida-de-mulher-de-47-anos-na-sp-425\/#primaryimage","url":"https:\/\/regiaonews.net.br\/2022\/wp-content\/uploads\/2022\/05\/WhatsApp-Image-2022-05-24-at-14.22.15.jpeg","contentUrl":"https:\/\/regiaonews.net.br\/2022\/wp-content\/uploads\/2022\/05\/WhatsApp-Image-2022-05-24-at-14.22.15.jpeg","width":860,"height":764},{"@type":"BreadcrumbList","@id":"https:\/\/regiaonews.net.br\/2022\/2022\/05\/24\/acidente-tira-vida-de-mulher-de-47-anos-na-sp-425\/#breadcrumb","itemListElement":[{"@type":"ListItem","position":1,"name":"In\u00edcio","item":"https:\/\/regiaonews.net.br\/2022\/"},{"@type":"ListItem","position":2,"name":"Acidente tira vida de mulher de 47 anos na SP-425"}]},{"@type":"WebSite","@id":"https:\/\/regiaonews.net.br\/2022\/#website","url":"https:\/\/regiaonews.net.br\/2022\/","name":"Regi\u00e3o News","description":"Site de Not\u00edcias de Barretos e regi\u00e3o","publisher":{"@id":"https:\/\/regiaonews.net.br\/2022\/#organization"},"potentialAction":[{"@type":"SearchAction","target":{"@type":"EntryPoint","urlTemplate":"https:\/\/regiaonews.net.br\/2022\/?s={search_term_string}"},"query-input":{"@type":"PropertyValueSpecification","valueRequired":true,"valueName":"search_term_string"}}],"inLanguage":"pt-BR"},{"@type":"Organization","@id":"https:\/\/regiaonews.net.br\/2022\/#organization","name":"Regi\u00e3o News","url":"https:\/\/regiaonews.net.br\/2022\/","logo":{"@type":"ImageObject","inLanguage":"pt-BR","@id":"https:\/\/regiaonews.net.br\/2022\/#\/schema\/logo\/image\/","url":"https:\/\/regiaonews.net.br\/2022\/wp-content\/uploads\/2026\/03\/regiao-13-anos-scaled.jpg","contentUrl":"https:\/\/regiaonews.net.br\/2022\/wp-content\/uploads\/2026\/03\/regiao-13-anos-scaled.jpg","width":2560,"height":635,"caption":"Regi\u00e3o News"},"image":{"@id":"https:\/\/regiaonews.net.br\/2022\/#\/schema\/logo\/image\/"}},{"@type":"Person","@id":"https:\/\/regiaonews.net.br\/2022\/#\/schema\/person\/2d205a608a5aa97ac279d7a5e6d89ad8","name":"Roberto","image":{"@type":"ImageObject","inLanguage":"pt-BR","@id":"https:\/\/secure.gravatar.com\/avatar\/42749d8b712ff9d59ca93dc150494e5b55a44134482993f5baeb97e61b7ecc89?s=96&d=mm&r=g","url":"https:\/\/secure.gravatar.com\/avatar\/42749d8b712ff9d59ca93dc150494e5b55a44134482993f5baeb97e61b7ecc89?s=96&d=mm&r=g","contentUrl":"https:\/\/secure.gravatar.com\/avatar\/42749d8b712ff9d59ca93dc150494e5b55a44134482993f5baeb97e61b7ecc89?s=96&d=mm&r=g","caption":"Roberto"},"url":"https:\/\/regiaonews.net.br\/2022\/author\/roberto\/"}]}},"publishpress_future_action":{"enabled":false,"date":"2026-05-08 10:51:54","action":"change-status","newStatus":"draft","terms":[],"taxonomy":"category","extraData":[]},"publishpress_future_workflow_manual_trigger":{"enabledWorkflows":[]},"_links":{"self":[{"href":"https:\/\/regiaonews.net.br\/2022\/wp-json\/wp\/v2\/posts\/71838","targetHints":{"allow":["GET"]}}],"collection":[{"href":"https:\/\/regiaonews.net.br\/2022\/wp-json\/wp\/v2\/posts"}],"about":[{"href":"https:\/\/regiaonews.net.br\/2022\/wp-json\/wp\/v2\/types\/post"}],"author":[{"embeddable":true,"href":"https:\/\/regiaonews.net.br\/2022\/wp-json\/wp\/v2\/users\/2"}],"replies":[{"embeddable":true,"href":"https:\/\/regiaonews.net.br\/2022\/wp-json\/wp\/v2\/comments?post=71838"}],"version-history":[{"count":1,"href":"https:\/\/regiaonews.net.br\/2022\/wp-json\/wp\/v2\/posts\/71838\/revisions"}],"predecessor-version":[{"id":71839,"href":"https:\/\/regiaonews.net.br\/2022\/wp-json\/wp\/v2\/posts\/71838\/revisions\/71839"}],"wp:featuredmedia":[{"embeddable":true,"href":"https:\/\/regiaonews.net.br\/2022\/wp-json\/wp\/v2\/media\/71841"}],"wp:attachment":[{"href":"https:\/\/regiaonews.net.br\/2022\/wp-json\/wp\/v2\/media?parent=71838"}],"wp:term":[{"taxonomy":"category","embeddable":true,"href":"https:\/\/regiaonews.net.br\/2022\/wp-json\/wp\/v2\/categories?post=71838"},{"taxonomy":"post_tag","embeddable":true,"href":"https:\/\/regiaonews.net.br\/2022\/wp-json\/wp\/v2\/tags?post=71838"}],"curies":[{"name":"wp","href":"https:\/\/api.w.org\/{rel}","templated":true}]}}