{"id":71833,"date":"2022-05-24T15:39:43","date_gmt":"2022-05-24T18:39:43","guid":{"rendered":"https:\/\/regiaonews.net.br\/2022\/?p=71833"},"modified":"2022-05-24T15:39:43","modified_gmt":"2022-05-24T18:39:43","slug":"operacao-sufoco-prende-14-integrantes-de-quadrilhas-em-um-dia","status":"publish","type":"post","link":"https:\/\/regiaonews.net.br\/2022\/2022\/05\/24\/operacao-sufoco-prende-14-integrantes-de-quadrilhas-em-um-dia\/","title":{"rendered":"Opera\u00e7\u00e3o Sufoco prende 14 integrantes de quadrilhas em um dia"},"content":{"rendered":"<div>\n<h3 class=\"titulopreto ng-binding\" style=\"text-align: center;\">Detidos nesta segunda operavam esquema de golpes banc\u00e1rios contra idosos e crimes como extors\u00e3o e lavagem de dinheiro<\/h3>\n<div>A Opera\u00e7\u00e3o Sufoco completou 20 dias nesta segunda-feira (23) e teve a data marcada por grandes perdas ao crime organizado. Em duas a\u00e7\u00f5es distintas, foram presos 14 integrantes de organiza\u00e7\u00f5es criminosas voltadas a delitos contra o com\u00e9rcio popular e idosos.<\/div>\n<div><\/div>\n<div>Integrantes da 1\u00aa Delegacia Seccional de Pol\u00edcia &#8211; Centro e do 12\u00ba Distrito Policial da Capital prenderam sete pessoas, cinco homens e duas mulheres, durante a\u00a0Opera\u00e7\u00e3o Hades, integrada \u00e0 Opera\u00e7\u00e3o Sufoco. Os trabalhos foram realizados para o cumprimento de ordens judiciais contra integrantes de um grupo que atua na regi\u00e3o do Br\u00e1s, no centro de S\u00e3o Paulo. Entre os crimes cometidos pelos suspeitos est\u00e3o a lavagem de dinheiro e a comercializa\u00e7\u00e3o de espa\u00e7os p\u00fablicos, extorquindo ambulantes e comerciantes por meio da intimida\u00e7\u00e3o e emprego de viol\u00eancia. Al\u00e9m das pris\u00f5es, foram apreendidos cinco carros de luxo, um rev\u00f3lver calibre 38, entre outros objetos.<\/div>\n<\/div>\n<div><\/div>\n<div>\n<div>A Opera\u00e7\u00e3o Sufoco completou 20 dias nesta segunda-feira (23) e teve a data marcada por grandes perdas ao crime organizado. Em duas a\u00e7\u00f5es distintas, foram presos 14 integrantes de organiza\u00e7\u00f5es criminosas voltadas a delitos contra o com\u00e9rcio popular e idosos.<\/div>\n<div><\/div>\n<div>Integrantes da 1\u00aa Delegacia Seccional de Pol\u00edcia &#8211; Centro e do 12\u00ba Distrito Policial da Capital prenderam sete pessoas, cinco homens e duas mulheres, durante a\u00a0Opera\u00e7\u00e3o Hades, integrada \u00e0 Opera\u00e7\u00e3o Sufoco. Os trabalhos foram realizados para o cumprimento de ordens judiciais contra integrantes de um grupo que atua na regi\u00e3o do Br\u00e1s, no centro de S\u00e3o Paulo. Entre os crimes cometidos pelos suspeitos est\u00e3o a lavagem de dinheiro e a comercializa\u00e7\u00e3o de espa\u00e7os p\u00fablicos, extorquindo ambulantes e comerciantes por meio da intimida\u00e7\u00e3o e emprego de viol\u00eancia. Al\u00e9m das pris\u00f5es, foram apreendidos cinco carros de luxo, um rev\u00f3lver calibre 38, entre outros objetos.<\/div>\n<\/div>\n<div><\/div>\n<div><strong>Fonte &#8211; Secretaria de Seguran\u00e7a P\u00fablica<\/strong><\/div>\n<div><center><\/p>\n<h2 class=\"titulopreto ng-binding\"><\/h2>\n<p><\/center><\/div>\n<div id=\"notCorpo\" class=\"ng-binding\"><\/div>\n","protected":false},"excerpt":{"rendered":"<p>Detidos nesta segunda operavam esquema de golpes banc\u00e1rios contra idosos<\/p>\n","protected":false},"author":2,"featured_media":71834,"comment_status":"open","ping_status":"open","sticky":false,"template":"","format":"standard","meta":{"footnotes":""},"categories":[25,23],"tags":[],"class_list":["post-71833","post","type-post","status-publish","format-standard","has-post-thumbnail","hentry","category-cidades","category-policia"],"yoast_head":"<!-- This site is optimized with the Yoast SEO plugin v27.5 - https:\/\/yoast.com\/product\/yoast-seo-wordpress\/ -->\n<title>Opera\u00e7\u00e3o Sufoco prende 14 integrantes de quadrilhas em um dia - Regi\u00e3o News<\/title>\n<meta name=\"robots\" content=\"index, follow, max-snippet:-1, max-image-preview:large, max-video-preview:-1\" \/>\n<link rel=\"canonical\" href=\"https:\/\/regiaonews.net.br\/2022\/2022\/05\/24\/operacao-sufoco-prende-14-integrantes-de-quadrilhas-em-um-dia\/\" \/>\n<meta property=\"og:locale\" content=\"pt_BR\" \/>\n<meta property=\"og:type\" content=\"article\" \/>\n<meta property=\"og:title\" content=\"Opera\u00e7\u00e3o Sufoco prende 14 integrantes de quadrilhas em um dia - Regi\u00e3o News\" \/>\n<meta property=\"og:description\" content=\"Detidos nesta segunda operavam esquema de golpes banc\u00e1rios contra idosos\" \/>\n<meta property=\"og:url\" content=\"https:\/\/regiaonews.net.br\/2022\/2022\/05\/24\/operacao-sufoco-prende-14-integrantes-de-quadrilhas-em-um-dia\/\" \/>\n<meta property=\"og:site_name\" content=\"Regi\u00e3o News\" \/>\n<meta property=\"article:published_time\" content=\"2022-05-24T18:39:43+00:00\" \/>\n<meta property=\"og:image\" content=\"https:\/\/regiaonews.net.br\/2022\/wp-content\/uploads\/2022\/05\/D00048527.jpeg\" \/>\n\t<meta property=\"og:image:width\" content=\"820\" \/>\n\t<meta property=\"og:image:height\" content=\"615\" \/>\n\t<meta property=\"og:image:type\" content=\"image\/jpeg\" \/>\n<meta name=\"author\" content=\"Roberto\" \/>\n<meta name=\"twitter:card\" content=\"summary_large_image\" \/>\n<meta name=\"twitter:label1\" content=\"Escrito por\" \/>\n\t<meta name=\"twitter:data1\" content=\"Roberto\" \/>\n\t<meta name=\"twitter:label2\" content=\"Est. tempo de leitura\" \/>\n\t<meta name=\"twitter:data2\" content=\"2 minutos\" \/>\n<script type=\"application\/ld+json\" class=\"yoast-schema-graph\">{\"@context\":\"https:\\\/\\\/schema.org\",\"@graph\":[{\"@type\":\"Article\",\"@id\":\"https:\\\/\\\/regiaonews.net.br\\\/2022\\\/2022\\\/05\\\/24\\\/operacao-sufoco-prende-14-integrantes-de-quadrilhas-em-um-dia\\\/#article\",\"isPartOf\":{\"@id\":\"https:\\\/\\\/regiaonews.net.br\\\/2022\\\/2022\\\/05\\\/24\\\/operacao-sufoco-prende-14-integrantes-de-quadrilhas-em-um-dia\\\/\"},\"author\":{\"name\":\"Roberto\",\"@id\":\"https:\\\/\\\/regiaonews.net.br\\\/2022\\\/#\\\/schema\\\/person\\\/2d205a608a5aa97ac279d7a5e6d89ad8\"},\"headline\":\"Opera\u00e7\u00e3o Sufoco prende 14 integrantes de quadrilhas em um dia\",\"datePublished\":\"2022-05-24T18:39:43+00:00\",\"mainEntityOfPage\":{\"@id\":\"https:\\\/\\\/regiaonews.net.br\\\/2022\\\/2022\\\/05\\\/24\\\/operacao-sufoco-prende-14-integrantes-de-quadrilhas-em-um-dia\\\/\"},\"wordCount\":348,\"commentCount\":0,\"publisher\":{\"@id\":\"https:\\\/\\\/regiaonews.net.br\\\/2022\\\/#organization\"},\"image\":{\"@id\":\"https:\\\/\\\/regiaonews.net.br\\\/2022\\\/2022\\\/05\\\/24\\\/operacao-sufoco-prende-14-integrantes-de-quadrilhas-em-um-dia\\\/#primaryimage\"},\"thumbnailUrl\":\"https:\\\/\\\/regiaonews.net.br\\\/2022\\\/wp-content\\\/uploads\\\/2022\\\/05\\\/D00048527.jpeg\",\"articleSection\":[\"Cidades\",\"Policia\"],\"inLanguage\":\"pt-BR\",\"potentialAction\":[{\"@type\":\"CommentAction\",\"name\":\"Comment\",\"target\":[\"https:\\\/\\\/regiaonews.net.br\\\/2022\\\/2022\\\/05\\\/24\\\/operacao-sufoco-prende-14-integrantes-de-quadrilhas-em-um-dia\\\/#respond\"]}]},{\"@type\":\"WebPage\",\"@id\":\"https:\\\/\\\/regiaonews.net.br\\\/2022\\\/2022\\\/05\\\/24\\\/operacao-sufoco-prende-14-integrantes-de-quadrilhas-em-um-dia\\\/\",\"url\":\"https:\\\/\\\/regiaonews.net.br\\\/2022\\\/2022\\\/05\\\/24\\\/operacao-sufoco-prende-14-integrantes-de-quadrilhas-em-um-dia\\\/\",\"name\":\"Opera\u00e7\u00e3o Sufoco prende 14 integrantes de quadrilhas em um dia - Regi\u00e3o News\",\"isPartOf\":{\"@id\":\"https:\\\/\\\/regiaonews.net.br\\\/2022\\\/#website\"},\"primaryImageOfPage\":{\"@id\":\"https:\\\/\\\/regiaonews.net.br\\\/2022\\\/2022\\\/05\\\/24\\\/operacao-sufoco-prende-14-integrantes-de-quadrilhas-em-um-dia\\\/#primaryimage\"},\"image\":{\"@id\":\"https:\\\/\\\/regiaonews.net.br\\\/2022\\\/2022\\\/05\\\/24\\\/operacao-sufoco-prende-14-integrantes-de-quadrilhas-em-um-dia\\\/#primaryimage\"},\"thumbnailUrl\":\"https:\\\/\\\/regiaonews.net.br\\\/2022\\\/wp-content\\\/uploads\\\/2022\\\/05\\\/D00048527.jpeg\",\"datePublished\":\"2022-05-24T18:39:43+00:00\",\"breadcrumb\":{\"@id\":\"https:\\\/\\\/regiaonews.net.br\\\/2022\\\/2022\\\/05\\\/24\\\/operacao-sufoco-prende-14-integrantes-de-quadrilhas-em-um-dia\\\/#breadcrumb\"},\"inLanguage\":\"pt-BR\",\"potentialAction\":[{\"@type\":\"ReadAction\",\"target\":[\"https:\\\/\\\/regiaonews.net.br\\\/2022\\\/2022\\\/05\\\/24\\\/operacao-sufoco-prende-14-integrantes-de-quadrilhas-em-um-dia\\\/\"]}]},{\"@type\":\"ImageObject\",\"inLanguage\":\"pt-BR\",\"@id\":\"https:\\\/\\\/regiaonews.net.br\\\/2022\\\/2022\\\/05\\\/24\\\/operacao-sufoco-prende-14-integrantes-de-quadrilhas-em-um-dia\\\/#primaryimage\",\"url\":\"https:\\\/\\\/regiaonews.net.br\\\/2022\\\/wp-content\\\/uploads\\\/2022\\\/05\\\/D00048527.jpeg\",\"contentUrl\":\"https:\\\/\\\/regiaonews.net.br\\\/2022\\\/wp-content\\\/uploads\\\/2022\\\/05\\\/D00048527.jpeg\",\"width\":820,\"height\":615},{\"@type\":\"BreadcrumbList\",\"@id\":\"https:\\\/\\\/regiaonews.net.br\\\/2022\\\/2022\\\/05\\\/24\\\/operacao-sufoco-prende-14-integrantes-de-quadrilhas-em-um-dia\\\/#breadcrumb\",\"itemListElement\":[{\"@type\":\"ListItem\",\"position\":1,\"name\":\"In\u00edcio\",\"item\":\"https:\\\/\\\/regiaonews.net.br\\\/2022\\\/\"},{\"@type\":\"ListItem\",\"position\":2,\"name\":\"Opera\u00e7\u00e3o Sufoco prende 14 integrantes de quadrilhas em um dia\"}]},{\"@type\":\"WebSite\",\"@id\":\"https:\\\/\\\/regiaonews.net.br\\\/2022\\\/#website\",\"url\":\"https:\\\/\\\/regiaonews.net.br\\\/2022\\\/\",\"name\":\"Regi\u00e3o News\",\"description\":\"Site de Not\u00edcias de Barretos e regi\u00e3o\",\"publisher\":{\"@id\":\"https:\\\/\\\/regiaonews.net.br\\\/2022\\\/#organization\"},\"potentialAction\":[{\"@type\":\"SearchAction\",\"target\":{\"@type\":\"EntryPoint\",\"urlTemplate\":\"https:\\\/\\\/regiaonews.net.br\\\/2022\\\/?s={search_term_string}\"},\"query-input\":{\"@type\":\"PropertyValueSpecification\",\"valueRequired\":true,\"valueName\":\"search_term_string\"}}],\"inLanguage\":\"pt-BR\"},{\"@type\":\"Organization\",\"@id\":\"https:\\\/\\\/regiaonews.net.br\\\/2022\\\/#organization\",\"name\":\"Regi\u00e3o News\",\"url\":\"https:\\\/\\\/regiaonews.net.br\\\/2022\\\/\",\"logo\":{\"@type\":\"ImageObject\",\"inLanguage\":\"pt-BR\",\"@id\":\"https:\\\/\\\/regiaonews.net.br\\\/2022\\\/#\\\/schema\\\/logo\\\/image\\\/\",\"url\":\"https:\\\/\\\/regiaonews.net.br\\\/2022\\\/wp-content\\\/uploads\\\/2026\\\/03\\\/regiao-13-anos-scaled.jpg\",\"contentUrl\":\"https:\\\/\\\/regiaonews.net.br\\\/2022\\\/wp-content\\\/uploads\\\/2026\\\/03\\\/regiao-13-anos-scaled.jpg\",\"width\":2560,\"height\":635,\"caption\":\"Regi\u00e3o News\"},\"image\":{\"@id\":\"https:\\\/\\\/regiaonews.net.br\\\/2022\\\/#\\\/schema\\\/logo\\\/image\\\/\"}},{\"@type\":\"Person\",\"@id\":\"https:\\\/\\\/regiaonews.net.br\\\/2022\\\/#\\\/schema\\\/person\\\/2d205a608a5aa97ac279d7a5e6d89ad8\",\"name\":\"Roberto\",\"image\":{\"@type\":\"ImageObject\",\"inLanguage\":\"pt-BR\",\"@id\":\"https:\\\/\\\/secure.gravatar.com\\\/avatar\\\/42749d8b712ff9d59ca93dc150494e5b55a44134482993f5baeb97e61b7ecc89?s=96&d=mm&r=g\",\"url\":\"https:\\\/\\\/secure.gravatar.com\\\/avatar\\\/42749d8b712ff9d59ca93dc150494e5b55a44134482993f5baeb97e61b7ecc89?s=96&d=mm&r=g\",\"contentUrl\":\"https:\\\/\\\/secure.gravatar.com\\\/avatar\\\/42749d8b712ff9d59ca93dc150494e5b55a44134482993f5baeb97e61b7ecc89?s=96&d=mm&r=g\",\"caption\":\"Roberto\"},\"url\":\"https:\\\/\\\/regiaonews.net.br\\\/2022\\\/author\\\/roberto\\\/\"}]}<\/script>\n<!-- \/ Yoast SEO plugin. -->","yoast_head_json":{"title":"Opera\u00e7\u00e3o Sufoco prende 14 integrantes de quadrilhas em um dia - Regi\u00e3o News","robots":{"index":"index","follow":"follow","max-snippet":"max-snippet:-1","max-image-preview":"max-image-preview:large","max-video-preview":"max-video-preview:-1"},"canonical":"https:\/\/regiaonews.net.br\/2022\/2022\/05\/24\/operacao-sufoco-prende-14-integrantes-de-quadrilhas-em-um-dia\/","og_locale":"pt_BR","og_type":"article","og_title":"Opera\u00e7\u00e3o Sufoco prende 14 integrantes de quadrilhas em um dia - Regi\u00e3o News","og_description":"Detidos nesta segunda operavam esquema de golpes banc\u00e1rios contra idosos","og_url":"https:\/\/regiaonews.net.br\/2022\/2022\/05\/24\/operacao-sufoco-prende-14-integrantes-de-quadrilhas-em-um-dia\/","og_site_name":"Regi\u00e3o News","article_published_time":"2022-05-24T18:39:43+00:00","og_image":[{"width":820,"height":615,"url":"https:\/\/regiaonews.net.br\/2022\/wp-content\/uploads\/2022\/05\/D00048527.jpeg","type":"image\/jpeg"}],"author":"Roberto","twitter_card":"summary_large_image","twitter_misc":{"Escrito por":"Roberto","Est. tempo de leitura":"2 minutos"},"schema":{"@context":"https:\/\/schema.org","@graph":[{"@type":"Article","@id":"https:\/\/regiaonews.net.br\/2022\/2022\/05\/24\/operacao-sufoco-prende-14-integrantes-de-quadrilhas-em-um-dia\/#article","isPartOf":{"@id":"https:\/\/regiaonews.net.br\/2022\/2022\/05\/24\/operacao-sufoco-prende-14-integrantes-de-quadrilhas-em-um-dia\/"},"author":{"name":"Roberto","@id":"https:\/\/regiaonews.net.br\/2022\/#\/schema\/person\/2d205a608a5aa97ac279d7a5e6d89ad8"},"headline":"Opera\u00e7\u00e3o Sufoco prende 14 integrantes de quadrilhas em um dia","datePublished":"2022-05-24T18:39:43+00:00","mainEntityOfPage":{"@id":"https:\/\/regiaonews.net.br\/2022\/2022\/05\/24\/operacao-sufoco-prende-14-integrantes-de-quadrilhas-em-um-dia\/"},"wordCount":348,"commentCount":0,"publisher":{"@id":"https:\/\/regiaonews.net.br\/2022\/#organization"},"image":{"@id":"https:\/\/regiaonews.net.br\/2022\/2022\/05\/24\/operacao-sufoco-prende-14-integrantes-de-quadrilhas-em-um-dia\/#primaryimage"},"thumbnailUrl":"https:\/\/regiaonews.net.br\/2022\/wp-content\/uploads\/2022\/05\/D00048527.jpeg","articleSection":["Cidades","Policia"],"inLanguage":"pt-BR","potentialAction":[{"@type":"CommentAction","name":"Comment","target":["https:\/\/regiaonews.net.br\/2022\/2022\/05\/24\/operacao-sufoco-prende-14-integrantes-de-quadrilhas-em-um-dia\/#respond"]}]},{"@type":"WebPage","@id":"https:\/\/regiaonews.net.br\/2022\/2022\/05\/24\/operacao-sufoco-prende-14-integrantes-de-quadrilhas-em-um-dia\/","url":"https:\/\/regiaonews.net.br\/2022\/2022\/05\/24\/operacao-sufoco-prende-14-integrantes-de-quadrilhas-em-um-dia\/","name":"Opera\u00e7\u00e3o Sufoco prende 14 integrantes de quadrilhas em um dia - Regi\u00e3o News","isPartOf":{"@id":"https:\/\/regiaonews.net.br\/2022\/#website"},"primaryImageOfPage":{"@id":"https:\/\/regiaonews.net.br\/2022\/2022\/05\/24\/operacao-sufoco-prende-14-integrantes-de-quadrilhas-em-um-dia\/#primaryimage"},"image":{"@id":"https:\/\/regiaonews.net.br\/2022\/2022\/05\/24\/operacao-sufoco-prende-14-integrantes-de-quadrilhas-em-um-dia\/#primaryimage"},"thumbnailUrl":"https:\/\/regiaonews.net.br\/2022\/wp-content\/uploads\/2022\/05\/D00048527.jpeg","datePublished":"2022-05-24T18:39:43+00:00","breadcrumb":{"@id":"https:\/\/regiaonews.net.br\/2022\/2022\/05\/24\/operacao-sufoco-prende-14-integrantes-de-quadrilhas-em-um-dia\/#breadcrumb"},"inLanguage":"pt-BR","potentialAction":[{"@type":"ReadAction","target":["https:\/\/regiaonews.net.br\/2022\/2022\/05\/24\/operacao-sufoco-prende-14-integrantes-de-quadrilhas-em-um-dia\/"]}]},{"@type":"ImageObject","inLanguage":"pt-BR","@id":"https:\/\/regiaonews.net.br\/2022\/2022\/05\/24\/operacao-sufoco-prende-14-integrantes-de-quadrilhas-em-um-dia\/#primaryimage","url":"https:\/\/regiaonews.net.br\/2022\/wp-content\/uploads\/2022\/05\/D00048527.jpeg","contentUrl":"https:\/\/regiaonews.net.br\/2022\/wp-content\/uploads\/2022\/05\/D00048527.jpeg","width":820,"height":615},{"@type":"BreadcrumbList","@id":"https:\/\/regiaonews.net.br\/2022\/2022\/05\/24\/operacao-sufoco-prende-14-integrantes-de-quadrilhas-em-um-dia\/#breadcrumb","itemListElement":[{"@type":"ListItem","position":1,"name":"In\u00edcio","item":"https:\/\/regiaonews.net.br\/2022\/"},{"@type":"ListItem","position":2,"name":"Opera\u00e7\u00e3o Sufoco prende 14 integrantes de quadrilhas em um dia"}]},{"@type":"WebSite","@id":"https:\/\/regiaonews.net.br\/2022\/#website","url":"https:\/\/regiaonews.net.br\/2022\/","name":"Regi\u00e3o News","description":"Site de Not\u00edcias de Barretos e regi\u00e3o","publisher":{"@id":"https:\/\/regiaonews.net.br\/2022\/#organization"},"potentialAction":[{"@type":"SearchAction","target":{"@type":"EntryPoint","urlTemplate":"https:\/\/regiaonews.net.br\/2022\/?s={search_term_string}"},"query-input":{"@type":"PropertyValueSpecification","valueRequired":true,"valueName":"search_term_string"}}],"inLanguage":"pt-BR"},{"@type":"Organization","@id":"https:\/\/regiaonews.net.br\/2022\/#organization","name":"Regi\u00e3o News","url":"https:\/\/regiaonews.net.br\/2022\/","logo":{"@type":"ImageObject","inLanguage":"pt-BR","@id":"https:\/\/regiaonews.net.br\/2022\/#\/schema\/logo\/image\/","url":"https:\/\/regiaonews.net.br\/2022\/wp-content\/uploads\/2026\/03\/regiao-13-anos-scaled.jpg","contentUrl":"https:\/\/regiaonews.net.br\/2022\/wp-content\/uploads\/2026\/03\/regiao-13-anos-scaled.jpg","width":2560,"height":635,"caption":"Regi\u00e3o News"},"image":{"@id":"https:\/\/regiaonews.net.br\/2022\/#\/schema\/logo\/image\/"}},{"@type":"Person","@id":"https:\/\/regiaonews.net.br\/2022\/#\/schema\/person\/2d205a608a5aa97ac279d7a5e6d89ad8","name":"Roberto","image":{"@type":"ImageObject","inLanguage":"pt-BR","@id":"https:\/\/secure.gravatar.com\/avatar\/42749d8b712ff9d59ca93dc150494e5b55a44134482993f5baeb97e61b7ecc89?s=96&d=mm&r=g","url":"https:\/\/secure.gravatar.com\/avatar\/42749d8b712ff9d59ca93dc150494e5b55a44134482993f5baeb97e61b7ecc89?s=96&d=mm&r=g","contentUrl":"https:\/\/secure.gravatar.com\/avatar\/42749d8b712ff9d59ca93dc150494e5b55a44134482993f5baeb97e61b7ecc89?s=96&d=mm&r=g","caption":"Roberto"},"url":"https:\/\/regiaonews.net.br\/2022\/author\/roberto\/"}]}},"publishpress_future_action":{"enabled":false,"date":"2026-05-08 10:50:23","action":"change-status","newStatus":"draft","terms":[],"taxonomy":"category","extraData":[]},"publishpress_future_workflow_manual_trigger":{"enabledWorkflows":[]},"_links":{"self":[{"href":"https:\/\/regiaonews.net.br\/2022\/wp-json\/wp\/v2\/posts\/71833","targetHints":{"allow":["GET"]}}],"collection":[{"href":"https:\/\/regiaonews.net.br\/2022\/wp-json\/wp\/v2\/posts"}],"about":[{"href":"https:\/\/regiaonews.net.br\/2022\/wp-json\/wp\/v2\/types\/post"}],"author":[{"embeddable":true,"href":"https:\/\/regiaonews.net.br\/2022\/wp-json\/wp\/v2\/users\/2"}],"replies":[{"embeddable":true,"href":"https:\/\/regiaonews.net.br\/2022\/wp-json\/wp\/v2\/comments?post=71833"}],"version-history":[{"count":1,"href":"https:\/\/regiaonews.net.br\/2022\/wp-json\/wp\/v2\/posts\/71833\/revisions"}],"predecessor-version":[{"id":71835,"href":"https:\/\/regiaonews.net.br\/2022\/wp-json\/wp\/v2\/posts\/71833\/revisions\/71835"}],"wp:featuredmedia":[{"embeddable":true,"href":"https:\/\/regiaonews.net.br\/2022\/wp-json\/wp\/v2\/media\/71834"}],"wp:attachment":[{"href":"https:\/\/regiaonews.net.br\/2022\/wp-json\/wp\/v2\/media?parent=71833"}],"wp:term":[{"taxonomy":"category","embeddable":true,"href":"https:\/\/regiaonews.net.br\/2022\/wp-json\/wp\/v2\/categories?post=71833"},{"taxonomy":"post_tag","embeddable":true,"href":"https:\/\/regiaonews.net.br\/2022\/wp-json\/wp\/v2\/tags?post=71833"}],"curies":[{"name":"wp","href":"https:\/\/api.w.org\/{rel}","templated":true}]}}