{"id":71779,"date":"2022-05-23T18:48:52","date_gmt":"2022-05-23T21:48:52","guid":{"rendered":"https:\/\/regiaonews.net.br\/2022\/?p=71779"},"modified":"2022-05-23T20:13:48","modified_gmt":"2022-05-23T23:13:48","slug":"traficante-e-preso-e-quase-250-porcoes-de-maconha-sao-apreendidas-em-ribeirao-preto","status":"publish","type":"post","link":"https:\/\/regiaonews.net.br\/2022\/2022\/05\/23\/traficante-e-preso-e-quase-250-porcoes-de-maconha-sao-apreendidas-em-ribeirao-preto\/","title":{"rendered":"Traficante \u00e9 preso e quase 250 por\u00e7\u00f5es de maconha s\u00e3o apreendidas em Ribeir\u00e3o Preto"},"content":{"rendered":"<div>\n<p class=\"titulopreto ng-binding\">Flagrante foi realizado por agentes da Deic regional<\/p>\n<\/div>\n<div id=\"notCorpo\" class=\"ng-binding\">\n<p>A Pol\u00edcia Civil prendeu um homem, de 29 anos, por tr\u00e1fico de drogas, na \u00faltima sexta-feira (20), em Ribeir\u00e3o Preto. Na casa do autor, quase 250 por\u00e7\u00f5es de maconha foram encontradas e apreendidas.<\/p>\n<p>Integrantes da 1\u00aa Delegacia de Investiga\u00e7\u00f5es Gerais (DIG), da Divis\u00e3o Especializada de Investiga\u00e7\u00f5es Criminais (Deic) do munic\u00edpio, realizavam apura\u00e7\u00e3o para combater o com\u00e9rcio de entorpecentes quando descobriram o envolvimento do autor com o delito.<\/p>\n<p>De posse de um mandado de busca e apreens\u00e3o, os policiais civis foram at\u00e9 a casa do investigado e encontraram 247 por\u00e7\u00f5es de maconha em um compartimento para guardar sapatos.<\/p>\n<p>As drogas foram apreendidas para per\u00edcia e o homem preso em flagrante. Sua esposa, que estava na resid\u00eancia no momento da a\u00e7\u00e3o policial, tamb\u00e9m foi conduzida \u00e0 unidade policial por haver um mandado de pris\u00e3o em aberto contra ela, para cumprimento em regime aberto.<\/p>\n<p>O homem permaneceu detido \u00e0 disposi\u00e7\u00e3o da Justi\u00e7a e a mulher foi liberada ap\u00f3s a oficializa\u00e7\u00e3o da sua captura.<\/p>\n<\/div>\n","protected":false},"excerpt":{"rendered":"<p>Flagrante foi realizado por agentes da Deic regional A Pol\u00edcia<\/p>\n","protected":false},"author":2,"featured_media":71795,"comment_status":"open","ping_status":"open","sticky":false,"template":"","format":"standard","meta":{"footnotes":""},"categories":[23,32],"tags":[],"class_list":["post-71779","post","type-post","status-publish","format-standard","has-post-thumbnail","hentry","category-policia","category-ribeirao-preto"],"yoast_head":"<!-- This site is optimized with the Yoast SEO plugin v27.5 - https:\/\/yoast.com\/product\/yoast-seo-wordpress\/ -->\n<title>Traficante \u00e9 preso e quase 250 por\u00e7\u00f5es de maconha s\u00e3o apreendidas em Ribeir\u00e3o Preto - Regi\u00e3o News<\/title>\n<meta name=\"robots\" content=\"index, follow, max-snippet:-1, max-image-preview:large, max-video-preview:-1\" \/>\n<link rel=\"canonical\" href=\"https:\/\/regiaonews.net.br\/2022\/2022\/05\/23\/traficante-e-preso-e-quase-250-porcoes-de-maconha-sao-apreendidas-em-ribeirao-preto\/\" \/>\n<meta property=\"og:locale\" content=\"pt_BR\" \/>\n<meta property=\"og:type\" content=\"article\" \/>\n<meta property=\"og:title\" content=\"Traficante \u00e9 preso e quase 250 por\u00e7\u00f5es de maconha s\u00e3o apreendidas em Ribeir\u00e3o Preto - Regi\u00e3o News\" \/>\n<meta property=\"og:description\" content=\"Flagrante foi realizado por agentes da Deic regional A Pol\u00edcia\" \/>\n<meta property=\"og:url\" content=\"https:\/\/regiaonews.net.br\/2022\/2022\/05\/23\/traficante-e-preso-e-quase-250-porcoes-de-maconha-sao-apreendidas-em-ribeirao-preto\/\" \/>\n<meta property=\"og:site_name\" content=\"Regi\u00e3o News\" \/>\n<meta property=\"article:published_time\" content=\"2022-05-23T21:48:52+00:00\" \/>\n<meta property=\"article:modified_time\" content=\"2022-05-23T23:13:48+00:00\" \/>\n<meta property=\"og:image\" content=\"https:\/\/regiaonews.net.br\/2022\/wp-content\/uploads\/2022\/05\/DIG-Ribeirao.jpg\" \/>\n\t<meta property=\"og:image:width\" content=\"700\" \/>\n\t<meta property=\"og:image:height\" content=\"450\" \/>\n\t<meta property=\"og:image:type\" content=\"image\/jpeg\" \/>\n<meta name=\"author\" content=\"Roberto\" \/>\n<meta name=\"twitter:card\" content=\"summary_large_image\" \/>\n<meta name=\"twitter:label1\" content=\"Escrito por\" \/>\n\t<meta name=\"twitter:data1\" content=\"Roberto\" \/>\n\t<meta name=\"twitter:label2\" content=\"Est. tempo de leitura\" \/>\n\t<meta name=\"twitter:data2\" content=\"1 minuto\" \/>\n<script type=\"application\/ld+json\" class=\"yoast-schema-graph\">{\"@context\":\"https:\\\/\\\/schema.org\",\"@graph\":[{\"@type\":\"Article\",\"@id\":\"https:\\\/\\\/regiaonews.net.br\\\/2022\\\/2022\\\/05\\\/23\\\/traficante-e-preso-e-quase-250-porcoes-de-maconha-sao-apreendidas-em-ribeirao-preto\\\/#article\",\"isPartOf\":{\"@id\":\"https:\\\/\\\/regiaonews.net.br\\\/2022\\\/2022\\\/05\\\/23\\\/traficante-e-preso-e-quase-250-porcoes-de-maconha-sao-apreendidas-em-ribeirao-preto\\\/\"},\"author\":{\"name\":\"Roberto\",\"@id\":\"https:\\\/\\\/regiaonews.net.br\\\/2022\\\/#\\\/schema\\\/person\\\/2d205a608a5aa97ac279d7a5e6d89ad8\"},\"headline\":\"Traficante \u00e9 preso e quase 250 por\u00e7\u00f5es de maconha s\u00e3o apreendidas em Ribeir\u00e3o Preto\",\"datePublished\":\"2022-05-23T21:48:52+00:00\",\"dateModified\":\"2022-05-23T23:13:48+00:00\",\"mainEntityOfPage\":{\"@id\":\"https:\\\/\\\/regiaonews.net.br\\\/2022\\\/2022\\\/05\\\/23\\\/traficante-e-preso-e-quase-250-porcoes-de-maconha-sao-apreendidas-em-ribeirao-preto\\\/\"},\"wordCount\":197,\"commentCount\":0,\"publisher\":{\"@id\":\"https:\\\/\\\/regiaonews.net.br\\\/2022\\\/#organization\"},\"image\":{\"@id\":\"https:\\\/\\\/regiaonews.net.br\\\/2022\\\/2022\\\/05\\\/23\\\/traficante-e-preso-e-quase-250-porcoes-de-maconha-sao-apreendidas-em-ribeirao-preto\\\/#primaryimage\"},\"thumbnailUrl\":\"https:\\\/\\\/regiaonews.net.br\\\/2022\\\/wp-content\\\/uploads\\\/2022\\\/05\\\/DIG-Ribeirao.jpg\",\"articleSection\":[\"Policia\",\"Ribeir\u00e3o Preto\"],\"inLanguage\":\"pt-BR\",\"potentialAction\":[{\"@type\":\"CommentAction\",\"name\":\"Comment\",\"target\":[\"https:\\\/\\\/regiaonews.net.br\\\/2022\\\/2022\\\/05\\\/23\\\/traficante-e-preso-e-quase-250-porcoes-de-maconha-sao-apreendidas-em-ribeirao-preto\\\/#respond\"]}]},{\"@type\":\"WebPage\",\"@id\":\"https:\\\/\\\/regiaonews.net.br\\\/2022\\\/2022\\\/05\\\/23\\\/traficante-e-preso-e-quase-250-porcoes-de-maconha-sao-apreendidas-em-ribeirao-preto\\\/\",\"url\":\"https:\\\/\\\/regiaonews.net.br\\\/2022\\\/2022\\\/05\\\/23\\\/traficante-e-preso-e-quase-250-porcoes-de-maconha-sao-apreendidas-em-ribeirao-preto\\\/\",\"name\":\"Traficante \u00e9 preso e quase 250 por\u00e7\u00f5es de maconha s\u00e3o apreendidas em Ribeir\u00e3o Preto - Regi\u00e3o News\",\"isPartOf\":{\"@id\":\"https:\\\/\\\/regiaonews.net.br\\\/2022\\\/#website\"},\"primaryImageOfPage\":{\"@id\":\"https:\\\/\\\/regiaonews.net.br\\\/2022\\\/2022\\\/05\\\/23\\\/traficante-e-preso-e-quase-250-porcoes-de-maconha-sao-apreendidas-em-ribeirao-preto\\\/#primaryimage\"},\"image\":{\"@id\":\"https:\\\/\\\/regiaonews.net.br\\\/2022\\\/2022\\\/05\\\/23\\\/traficante-e-preso-e-quase-250-porcoes-de-maconha-sao-apreendidas-em-ribeirao-preto\\\/#primaryimage\"},\"thumbnailUrl\":\"https:\\\/\\\/regiaonews.net.br\\\/2022\\\/wp-content\\\/uploads\\\/2022\\\/05\\\/DIG-Ribeirao.jpg\",\"datePublished\":\"2022-05-23T21:48:52+00:00\",\"dateModified\":\"2022-05-23T23:13:48+00:00\",\"breadcrumb\":{\"@id\":\"https:\\\/\\\/regiaonews.net.br\\\/2022\\\/2022\\\/05\\\/23\\\/traficante-e-preso-e-quase-250-porcoes-de-maconha-sao-apreendidas-em-ribeirao-preto\\\/#breadcrumb\"},\"inLanguage\":\"pt-BR\",\"potentialAction\":[{\"@type\":\"ReadAction\",\"target\":[\"https:\\\/\\\/regiaonews.net.br\\\/2022\\\/2022\\\/05\\\/23\\\/traficante-e-preso-e-quase-250-porcoes-de-maconha-sao-apreendidas-em-ribeirao-preto\\\/\"]}]},{\"@type\":\"ImageObject\",\"inLanguage\":\"pt-BR\",\"@id\":\"https:\\\/\\\/regiaonews.net.br\\\/2022\\\/2022\\\/05\\\/23\\\/traficante-e-preso-e-quase-250-porcoes-de-maconha-sao-apreendidas-em-ribeirao-preto\\\/#primaryimage\",\"url\":\"https:\\\/\\\/regiaonews.net.br\\\/2022\\\/wp-content\\\/uploads\\\/2022\\\/05\\\/DIG-Ribeirao.jpg\",\"contentUrl\":\"https:\\\/\\\/regiaonews.net.br\\\/2022\\\/wp-content\\\/uploads\\\/2022\\\/05\\\/DIG-Ribeirao.jpg\",\"width\":700,\"height\":450},{\"@type\":\"BreadcrumbList\",\"@id\":\"https:\\\/\\\/regiaonews.net.br\\\/2022\\\/2022\\\/05\\\/23\\\/traficante-e-preso-e-quase-250-porcoes-de-maconha-sao-apreendidas-em-ribeirao-preto\\\/#breadcrumb\",\"itemListElement\":[{\"@type\":\"ListItem\",\"position\":1,\"name\":\"In\u00edcio\",\"item\":\"https:\\\/\\\/regiaonews.net.br\\\/2022\\\/\"},{\"@type\":\"ListItem\",\"position\":2,\"name\":\"Traficante \u00e9 preso e quase 250 por\u00e7\u00f5es de maconha s\u00e3o apreendidas em Ribeir\u00e3o Preto\"}]},{\"@type\":\"WebSite\",\"@id\":\"https:\\\/\\\/regiaonews.net.br\\\/2022\\\/#website\",\"url\":\"https:\\\/\\\/regiaonews.net.br\\\/2022\\\/\",\"name\":\"Regi\u00e3o News\",\"description\":\"Site de Not\u00edcias de Barretos e regi\u00e3o\",\"publisher\":{\"@id\":\"https:\\\/\\\/regiaonews.net.br\\\/2022\\\/#organization\"},\"potentialAction\":[{\"@type\":\"SearchAction\",\"target\":{\"@type\":\"EntryPoint\",\"urlTemplate\":\"https:\\\/\\\/regiaonews.net.br\\\/2022\\\/?s={search_term_string}\"},\"query-input\":{\"@type\":\"PropertyValueSpecification\",\"valueRequired\":true,\"valueName\":\"search_term_string\"}}],\"inLanguage\":\"pt-BR\"},{\"@type\":\"Organization\",\"@id\":\"https:\\\/\\\/regiaonews.net.br\\\/2022\\\/#organization\",\"name\":\"Regi\u00e3o News\",\"url\":\"https:\\\/\\\/regiaonews.net.br\\\/2022\\\/\",\"logo\":{\"@type\":\"ImageObject\",\"inLanguage\":\"pt-BR\",\"@id\":\"https:\\\/\\\/regiaonews.net.br\\\/2022\\\/#\\\/schema\\\/logo\\\/image\\\/\",\"url\":\"https:\\\/\\\/regiaonews.net.br\\\/2022\\\/wp-content\\\/uploads\\\/2026\\\/03\\\/regiao-13-anos-scaled.jpg\",\"contentUrl\":\"https:\\\/\\\/regiaonews.net.br\\\/2022\\\/wp-content\\\/uploads\\\/2026\\\/03\\\/regiao-13-anos-scaled.jpg\",\"width\":2560,\"height\":635,\"caption\":\"Regi\u00e3o News\"},\"image\":{\"@id\":\"https:\\\/\\\/regiaonews.net.br\\\/2022\\\/#\\\/schema\\\/logo\\\/image\\\/\"}},{\"@type\":\"Person\",\"@id\":\"https:\\\/\\\/regiaonews.net.br\\\/2022\\\/#\\\/schema\\\/person\\\/2d205a608a5aa97ac279d7a5e6d89ad8\",\"name\":\"Roberto\",\"image\":{\"@type\":\"ImageObject\",\"inLanguage\":\"pt-BR\",\"@id\":\"https:\\\/\\\/secure.gravatar.com\\\/avatar\\\/42749d8b712ff9d59ca93dc150494e5b55a44134482993f5baeb97e61b7ecc89?s=96&d=mm&r=g\",\"url\":\"https:\\\/\\\/secure.gravatar.com\\\/avatar\\\/42749d8b712ff9d59ca93dc150494e5b55a44134482993f5baeb97e61b7ecc89?s=96&d=mm&r=g\",\"contentUrl\":\"https:\\\/\\\/secure.gravatar.com\\\/avatar\\\/42749d8b712ff9d59ca93dc150494e5b55a44134482993f5baeb97e61b7ecc89?s=96&d=mm&r=g\",\"caption\":\"Roberto\"},\"url\":\"https:\\\/\\\/regiaonews.net.br\\\/2022\\\/author\\\/roberto\\\/\"}]}<\/script>\n<!-- \/ Yoast SEO plugin. -->","yoast_head_json":{"title":"Traficante \u00e9 preso e quase 250 por\u00e7\u00f5es de maconha s\u00e3o apreendidas em Ribeir\u00e3o Preto - Regi\u00e3o News","robots":{"index":"index","follow":"follow","max-snippet":"max-snippet:-1","max-image-preview":"max-image-preview:large","max-video-preview":"max-video-preview:-1"},"canonical":"https:\/\/regiaonews.net.br\/2022\/2022\/05\/23\/traficante-e-preso-e-quase-250-porcoes-de-maconha-sao-apreendidas-em-ribeirao-preto\/","og_locale":"pt_BR","og_type":"article","og_title":"Traficante \u00e9 preso e quase 250 por\u00e7\u00f5es de maconha s\u00e3o apreendidas em Ribeir\u00e3o Preto - Regi\u00e3o News","og_description":"Flagrante foi realizado por agentes da Deic regional A Pol\u00edcia","og_url":"https:\/\/regiaonews.net.br\/2022\/2022\/05\/23\/traficante-e-preso-e-quase-250-porcoes-de-maconha-sao-apreendidas-em-ribeirao-preto\/","og_site_name":"Regi\u00e3o News","article_published_time":"2022-05-23T21:48:52+00:00","article_modified_time":"2022-05-23T23:13:48+00:00","og_image":[{"width":700,"height":450,"url":"https:\/\/regiaonews.net.br\/2022\/wp-content\/uploads\/2022\/05\/DIG-Ribeirao.jpg","type":"image\/jpeg"}],"author":"Roberto","twitter_card":"summary_large_image","twitter_misc":{"Escrito por":"Roberto","Est. tempo de leitura":"1 minuto"},"schema":{"@context":"https:\/\/schema.org","@graph":[{"@type":"Article","@id":"https:\/\/regiaonews.net.br\/2022\/2022\/05\/23\/traficante-e-preso-e-quase-250-porcoes-de-maconha-sao-apreendidas-em-ribeirao-preto\/#article","isPartOf":{"@id":"https:\/\/regiaonews.net.br\/2022\/2022\/05\/23\/traficante-e-preso-e-quase-250-porcoes-de-maconha-sao-apreendidas-em-ribeirao-preto\/"},"author":{"name":"Roberto","@id":"https:\/\/regiaonews.net.br\/2022\/#\/schema\/person\/2d205a608a5aa97ac279d7a5e6d89ad8"},"headline":"Traficante \u00e9 preso e quase 250 por\u00e7\u00f5es de maconha s\u00e3o apreendidas em Ribeir\u00e3o Preto","datePublished":"2022-05-23T21:48:52+00:00","dateModified":"2022-05-23T23:13:48+00:00","mainEntityOfPage":{"@id":"https:\/\/regiaonews.net.br\/2022\/2022\/05\/23\/traficante-e-preso-e-quase-250-porcoes-de-maconha-sao-apreendidas-em-ribeirao-preto\/"},"wordCount":197,"commentCount":0,"publisher":{"@id":"https:\/\/regiaonews.net.br\/2022\/#organization"},"image":{"@id":"https:\/\/regiaonews.net.br\/2022\/2022\/05\/23\/traficante-e-preso-e-quase-250-porcoes-de-maconha-sao-apreendidas-em-ribeirao-preto\/#primaryimage"},"thumbnailUrl":"https:\/\/regiaonews.net.br\/2022\/wp-content\/uploads\/2022\/05\/DIG-Ribeirao.jpg","articleSection":["Policia","Ribeir\u00e3o Preto"],"inLanguage":"pt-BR","potentialAction":[{"@type":"CommentAction","name":"Comment","target":["https:\/\/regiaonews.net.br\/2022\/2022\/05\/23\/traficante-e-preso-e-quase-250-porcoes-de-maconha-sao-apreendidas-em-ribeirao-preto\/#respond"]}]},{"@type":"WebPage","@id":"https:\/\/regiaonews.net.br\/2022\/2022\/05\/23\/traficante-e-preso-e-quase-250-porcoes-de-maconha-sao-apreendidas-em-ribeirao-preto\/","url":"https:\/\/regiaonews.net.br\/2022\/2022\/05\/23\/traficante-e-preso-e-quase-250-porcoes-de-maconha-sao-apreendidas-em-ribeirao-preto\/","name":"Traficante \u00e9 preso e quase 250 por\u00e7\u00f5es de maconha s\u00e3o apreendidas em Ribeir\u00e3o Preto - Regi\u00e3o News","isPartOf":{"@id":"https:\/\/regiaonews.net.br\/2022\/#website"},"primaryImageOfPage":{"@id":"https:\/\/regiaonews.net.br\/2022\/2022\/05\/23\/traficante-e-preso-e-quase-250-porcoes-de-maconha-sao-apreendidas-em-ribeirao-preto\/#primaryimage"},"image":{"@id":"https:\/\/regiaonews.net.br\/2022\/2022\/05\/23\/traficante-e-preso-e-quase-250-porcoes-de-maconha-sao-apreendidas-em-ribeirao-preto\/#primaryimage"},"thumbnailUrl":"https:\/\/regiaonews.net.br\/2022\/wp-content\/uploads\/2022\/05\/DIG-Ribeirao.jpg","datePublished":"2022-05-23T21:48:52+00:00","dateModified":"2022-05-23T23:13:48+00:00","breadcrumb":{"@id":"https:\/\/regiaonews.net.br\/2022\/2022\/05\/23\/traficante-e-preso-e-quase-250-porcoes-de-maconha-sao-apreendidas-em-ribeirao-preto\/#breadcrumb"},"inLanguage":"pt-BR","potentialAction":[{"@type":"ReadAction","target":["https:\/\/regiaonews.net.br\/2022\/2022\/05\/23\/traficante-e-preso-e-quase-250-porcoes-de-maconha-sao-apreendidas-em-ribeirao-preto\/"]}]},{"@type":"ImageObject","inLanguage":"pt-BR","@id":"https:\/\/regiaonews.net.br\/2022\/2022\/05\/23\/traficante-e-preso-e-quase-250-porcoes-de-maconha-sao-apreendidas-em-ribeirao-preto\/#primaryimage","url":"https:\/\/regiaonews.net.br\/2022\/wp-content\/uploads\/2022\/05\/DIG-Ribeirao.jpg","contentUrl":"https:\/\/regiaonews.net.br\/2022\/wp-content\/uploads\/2022\/05\/DIG-Ribeirao.jpg","width":700,"height":450},{"@type":"BreadcrumbList","@id":"https:\/\/regiaonews.net.br\/2022\/2022\/05\/23\/traficante-e-preso-e-quase-250-porcoes-de-maconha-sao-apreendidas-em-ribeirao-preto\/#breadcrumb","itemListElement":[{"@type":"ListItem","position":1,"name":"In\u00edcio","item":"https:\/\/regiaonews.net.br\/2022\/"},{"@type":"ListItem","position":2,"name":"Traficante \u00e9 preso e quase 250 por\u00e7\u00f5es de maconha s\u00e3o apreendidas em Ribeir\u00e3o Preto"}]},{"@type":"WebSite","@id":"https:\/\/regiaonews.net.br\/2022\/#website","url":"https:\/\/regiaonews.net.br\/2022\/","name":"Regi\u00e3o News","description":"Site de Not\u00edcias de Barretos e regi\u00e3o","publisher":{"@id":"https:\/\/regiaonews.net.br\/2022\/#organization"},"potentialAction":[{"@type":"SearchAction","target":{"@type":"EntryPoint","urlTemplate":"https:\/\/regiaonews.net.br\/2022\/?s={search_term_string}"},"query-input":{"@type":"PropertyValueSpecification","valueRequired":true,"valueName":"search_term_string"}}],"inLanguage":"pt-BR"},{"@type":"Organization","@id":"https:\/\/regiaonews.net.br\/2022\/#organization","name":"Regi\u00e3o News","url":"https:\/\/regiaonews.net.br\/2022\/","logo":{"@type":"ImageObject","inLanguage":"pt-BR","@id":"https:\/\/regiaonews.net.br\/2022\/#\/schema\/logo\/image\/","url":"https:\/\/regiaonews.net.br\/2022\/wp-content\/uploads\/2026\/03\/regiao-13-anos-scaled.jpg","contentUrl":"https:\/\/regiaonews.net.br\/2022\/wp-content\/uploads\/2026\/03\/regiao-13-anos-scaled.jpg","width":2560,"height":635,"caption":"Regi\u00e3o News"},"image":{"@id":"https:\/\/regiaonews.net.br\/2022\/#\/schema\/logo\/image\/"}},{"@type":"Person","@id":"https:\/\/regiaonews.net.br\/2022\/#\/schema\/person\/2d205a608a5aa97ac279d7a5e6d89ad8","name":"Roberto","image":{"@type":"ImageObject","inLanguage":"pt-BR","@id":"https:\/\/secure.gravatar.com\/avatar\/42749d8b712ff9d59ca93dc150494e5b55a44134482993f5baeb97e61b7ecc89?s=96&d=mm&r=g","url":"https:\/\/secure.gravatar.com\/avatar\/42749d8b712ff9d59ca93dc150494e5b55a44134482993f5baeb97e61b7ecc89?s=96&d=mm&r=g","contentUrl":"https:\/\/secure.gravatar.com\/avatar\/42749d8b712ff9d59ca93dc150494e5b55a44134482993f5baeb97e61b7ecc89?s=96&d=mm&r=g","caption":"Roberto"},"url":"https:\/\/regiaonews.net.br\/2022\/author\/roberto\/"}]}},"publishpress_future_action":{"enabled":false,"date":"2026-05-08 10:47:07","action":"change-status","newStatus":"draft","terms":[],"taxonomy":"category","extraData":[]},"publishpress_future_workflow_manual_trigger":{"enabledWorkflows":[]},"_links":{"self":[{"href":"https:\/\/regiaonews.net.br\/2022\/wp-json\/wp\/v2\/posts\/71779","targetHints":{"allow":["GET"]}}],"collection":[{"href":"https:\/\/regiaonews.net.br\/2022\/wp-json\/wp\/v2\/posts"}],"about":[{"href":"https:\/\/regiaonews.net.br\/2022\/wp-json\/wp\/v2\/types\/post"}],"author":[{"embeddable":true,"href":"https:\/\/regiaonews.net.br\/2022\/wp-json\/wp\/v2\/users\/2"}],"replies":[{"embeddable":true,"href":"https:\/\/regiaonews.net.br\/2022\/wp-json\/wp\/v2\/comments?post=71779"}],"version-history":[{"count":4,"href":"https:\/\/regiaonews.net.br\/2022\/wp-json\/wp\/v2\/posts\/71779\/revisions"}],"predecessor-version":[{"id":71796,"href":"https:\/\/regiaonews.net.br\/2022\/wp-json\/wp\/v2\/posts\/71779\/revisions\/71796"}],"wp:featuredmedia":[{"embeddable":true,"href":"https:\/\/regiaonews.net.br\/2022\/wp-json\/wp\/v2\/media\/71795"}],"wp:attachment":[{"href":"https:\/\/regiaonews.net.br\/2022\/wp-json\/wp\/v2\/media?parent=71779"}],"wp:term":[{"taxonomy":"category","embeddable":true,"href":"https:\/\/regiaonews.net.br\/2022\/wp-json\/wp\/v2\/categories?post=71779"},{"taxonomy":"post_tag","embeddable":true,"href":"https:\/\/regiaonews.net.br\/2022\/wp-json\/wp\/v2\/tags?post=71779"}],"curies":[{"name":"wp","href":"https:\/\/api.w.org\/{rel}","templated":true}]}}