{"id":71435,"date":"2022-05-17T23:59:06","date_gmt":"2022-05-18T02:59:06","guid":{"rendered":"https:\/\/regiaonews.net.br\/2022\/?p=71435"},"modified":"2022-05-17T23:59:39","modified_gmt":"2022-05-18T02:59:39","slug":"operacao-fiscaliza-aceiros-em-canaviais-nos-bairros-de-barretos","status":"publish","type":"post","link":"https:\/\/regiaonews.net.br\/2022\/2022\/05\/17\/operacao-fiscaliza-aceiros-em-canaviais-nos-bairros-de-barretos\/","title":{"rendered":"Opera\u00e7\u00e3o fiscaliza aceiros em canaviais nos bairros de Barretos"},"content":{"rendered":"<p>&nbsp;<\/p>\n<p>Foto \u2013 Policias Ambientais e bombeiros municipais durante opera\u00e7\u00e3o na \u00e1rea rural<\/p>\n<p>A Pol\u00edcia Militar Ambiental e o Minist\u00e9rio P\u00fablico de S\u00e3o Paulo, atrav\u00e9s do Grupo de Atua\u00e7\u00e3o Especializada em Meio Ambiente (Gaema), com a participa\u00e7\u00e3o da Defesa Civil de Barretos, atrav\u00e9s dos Bombeiros Municipais desenvolveram ontem (17), a opera\u00e7\u00e3o \u201cHurac\u00e1n\u201d para prevenir inc\u00eandio.<br \/>\nSegundo o Bombeiro Municipal, Ricardo Maia, as equipes participaram de vistorias juntamente com a Pol\u00edcia Ambiental na Zona Rural ao redor da cidade, nas regi\u00f5es dos bairros Mais Parque, Vida Nova e Aeroporto, para verificar a exist\u00eancia de aceiros. A opera\u00e7\u00e3o em Barretos, foi realizada pelo sargento La\u00e9rcio, cabo D`Angelo, juntamente com os bombeiros municipais Raul e Shiba, que percorreram 51 km na \u00e1rea em torno dos canaviais. A opera\u00e7\u00e3o prossegue hoje.<\/p>\n<p><a href=\"https:\/\/regiaonews.net.br\/2022\/wp-content\/uploads\/2022\/05\/IMG-20220517-WA0367.jpg\"><img loading=\"lazy\" decoding=\"async\" class=\"alignnone size-medium wp-image-71437\" src=\"https:\/\/regiaonews.net.br\/2022\/wp-content\/uploads\/2022\/05\/IMG-20220517-WA0367-300x169.jpg\" alt=\"\" width=\"300\" height=\"169\" srcset=\"https:\/\/regiaonews.net.br\/2022\/wp-content\/uploads\/2022\/05\/IMG-20220517-WA0367-300x169.jpg 300w, https:\/\/regiaonews.net.br\/2022\/wp-content\/uploads\/2022\/05\/IMG-20220517-WA0367-1024x577.jpg 1024w, https:\/\/regiaonews.net.br\/2022\/wp-content\/uploads\/2022\/05\/IMG-20220517-WA0367-768x432.jpg 768w, https:\/\/regiaonews.net.br\/2022\/wp-content\/uploads\/2022\/05\/IMG-20220517-WA0367-1536x865.jpg 1536w, https:\/\/regiaonews.net.br\/2022\/wp-content\/uploads\/2022\/05\/IMG-20220517-WA0367-250x141.jpg 250w, https:\/\/regiaonews.net.br\/2022\/wp-content\/uploads\/2022\/05\/IMG-20220517-WA0367.jpg 1600w\" sizes=\"auto, (max-width: 300px) 100vw, 300px\" \/><\/a><\/p>\n","protected":false},"excerpt":{"rendered":"<p>&nbsp; Foto \u2013 Policias Ambientais e bombeiros municipais durante opera\u00e7\u00e3o<\/p>\n","protected":false},"author":2,"featured_media":71436,"comment_status":"open","ping_status":"open","sticky":false,"template":"","format":"standard","meta":{"footnotes":""},"categories":[14,23],"tags":[],"class_list":["post-71435","post","type-post","status-publish","format-standard","has-post-thumbnail","hentry","category-barretos","category-policia"],"yoast_head":"<!-- This site is optimized with the Yoast SEO plugin v27.5 - https:\/\/yoast.com\/product\/yoast-seo-wordpress\/ -->\n<title>Opera\u00e7\u00e3o fiscaliza aceiros em canaviais nos bairros de Barretos - Regi\u00e3o News<\/title>\n<meta name=\"robots\" content=\"index, follow, max-snippet:-1, max-image-preview:large, max-video-preview:-1\" \/>\n<link rel=\"canonical\" href=\"https:\/\/regiaonews.net.br\/2022\/2022\/05\/17\/operacao-fiscaliza-aceiros-em-canaviais-nos-bairros-de-barretos\/\" \/>\n<meta property=\"og:locale\" content=\"pt_BR\" \/>\n<meta property=\"og:type\" content=\"article\" \/>\n<meta property=\"og:title\" content=\"Opera\u00e7\u00e3o fiscaliza aceiros em canaviais nos bairros de Barretos - Regi\u00e3o News\" \/>\n<meta property=\"og:description\" content=\"&nbsp; Foto \u2013 Policias Ambientais e bombeiros municipais durante opera\u00e7\u00e3o\" \/>\n<meta property=\"og:url\" content=\"https:\/\/regiaonews.net.br\/2022\/2022\/05\/17\/operacao-fiscaliza-aceiros-em-canaviais-nos-bairros-de-barretos\/\" \/>\n<meta property=\"og:site_name\" content=\"Regi\u00e3o News\" \/>\n<meta property=\"article:published_time\" content=\"2022-05-18T02:59:06+00:00\" \/>\n<meta property=\"article:modified_time\" content=\"2022-05-18T02:59:39+00:00\" \/>\n<meta property=\"og:image\" content=\"https:\/\/regiaonews.net.br\/2022\/wp-content\/uploads\/2022\/05\/IMG-20220517-WA0355.jpg\" \/>\n\t<meta property=\"og:image:width\" content=\"1600\" \/>\n\t<meta property=\"og:image:height\" content=\"1200\" \/>\n\t<meta property=\"og:image:type\" content=\"image\/jpeg\" \/>\n<meta name=\"author\" content=\"Roberto\" \/>\n<meta name=\"twitter:card\" content=\"summary_large_image\" \/>\n<meta name=\"twitter:label1\" content=\"Escrito por\" \/>\n\t<meta name=\"twitter:data1\" content=\"Roberto\" \/>\n\t<meta name=\"twitter:label2\" content=\"Est. tempo de leitura\" \/>\n\t<meta name=\"twitter:data2\" content=\"1 minuto\" \/>\n<script type=\"application\/ld+json\" class=\"yoast-schema-graph\">{\"@context\":\"https:\\\/\\\/schema.org\",\"@graph\":[{\"@type\":\"Article\",\"@id\":\"https:\\\/\\\/regiaonews.net.br\\\/2022\\\/2022\\\/05\\\/17\\\/operacao-fiscaliza-aceiros-em-canaviais-nos-bairros-de-barretos\\\/#article\",\"isPartOf\":{\"@id\":\"https:\\\/\\\/regiaonews.net.br\\\/2022\\\/2022\\\/05\\\/17\\\/operacao-fiscaliza-aceiros-em-canaviais-nos-bairros-de-barretos\\\/\"},\"author\":{\"name\":\"Roberto\",\"@id\":\"https:\\\/\\\/regiaonews.net.br\\\/2022\\\/#\\\/schema\\\/person\\\/2d205a608a5aa97ac279d7a5e6d89ad8\"},\"headline\":\"Opera\u00e7\u00e3o fiscaliza aceiros em canaviais nos bairros de Barretos\",\"datePublished\":\"2022-05-18T02:59:06+00:00\",\"dateModified\":\"2022-05-18T02:59:39+00:00\",\"mainEntityOfPage\":{\"@id\":\"https:\\\/\\\/regiaonews.net.br\\\/2022\\\/2022\\\/05\\\/17\\\/operacao-fiscaliza-aceiros-em-canaviais-nos-bairros-de-barretos\\\/\"},\"wordCount\":153,\"commentCount\":0,\"publisher\":{\"@id\":\"https:\\\/\\\/regiaonews.net.br\\\/2022\\\/#organization\"},\"image\":{\"@id\":\"https:\\\/\\\/regiaonews.net.br\\\/2022\\\/2022\\\/05\\\/17\\\/operacao-fiscaliza-aceiros-em-canaviais-nos-bairros-de-barretos\\\/#primaryimage\"},\"thumbnailUrl\":\"https:\\\/\\\/regiaonews.net.br\\\/2022\\\/wp-content\\\/uploads\\\/2022\\\/05\\\/IMG-20220517-WA0355.jpg\",\"articleSection\":[\"Barretos\",\"Policia\"],\"inLanguage\":\"pt-BR\",\"potentialAction\":[{\"@type\":\"CommentAction\",\"name\":\"Comment\",\"target\":[\"https:\\\/\\\/regiaonews.net.br\\\/2022\\\/2022\\\/05\\\/17\\\/operacao-fiscaliza-aceiros-em-canaviais-nos-bairros-de-barretos\\\/#respond\"]}]},{\"@type\":\"WebPage\",\"@id\":\"https:\\\/\\\/regiaonews.net.br\\\/2022\\\/2022\\\/05\\\/17\\\/operacao-fiscaliza-aceiros-em-canaviais-nos-bairros-de-barretos\\\/\",\"url\":\"https:\\\/\\\/regiaonews.net.br\\\/2022\\\/2022\\\/05\\\/17\\\/operacao-fiscaliza-aceiros-em-canaviais-nos-bairros-de-barretos\\\/\",\"name\":\"Opera\u00e7\u00e3o fiscaliza aceiros em canaviais nos bairros de Barretos - Regi\u00e3o News\",\"isPartOf\":{\"@id\":\"https:\\\/\\\/regiaonews.net.br\\\/2022\\\/#website\"},\"primaryImageOfPage\":{\"@id\":\"https:\\\/\\\/regiaonews.net.br\\\/2022\\\/2022\\\/05\\\/17\\\/operacao-fiscaliza-aceiros-em-canaviais-nos-bairros-de-barretos\\\/#primaryimage\"},\"image\":{\"@id\":\"https:\\\/\\\/regiaonews.net.br\\\/2022\\\/2022\\\/05\\\/17\\\/operacao-fiscaliza-aceiros-em-canaviais-nos-bairros-de-barretos\\\/#primaryimage\"},\"thumbnailUrl\":\"https:\\\/\\\/regiaonews.net.br\\\/2022\\\/wp-content\\\/uploads\\\/2022\\\/05\\\/IMG-20220517-WA0355.jpg\",\"datePublished\":\"2022-05-18T02:59:06+00:00\",\"dateModified\":\"2022-05-18T02:59:39+00:00\",\"breadcrumb\":{\"@id\":\"https:\\\/\\\/regiaonews.net.br\\\/2022\\\/2022\\\/05\\\/17\\\/operacao-fiscaliza-aceiros-em-canaviais-nos-bairros-de-barretos\\\/#breadcrumb\"},\"inLanguage\":\"pt-BR\",\"potentialAction\":[{\"@type\":\"ReadAction\",\"target\":[\"https:\\\/\\\/regiaonews.net.br\\\/2022\\\/2022\\\/05\\\/17\\\/operacao-fiscaliza-aceiros-em-canaviais-nos-bairros-de-barretos\\\/\"]}]},{\"@type\":\"ImageObject\",\"inLanguage\":\"pt-BR\",\"@id\":\"https:\\\/\\\/regiaonews.net.br\\\/2022\\\/2022\\\/05\\\/17\\\/operacao-fiscaliza-aceiros-em-canaviais-nos-bairros-de-barretos\\\/#primaryimage\",\"url\":\"https:\\\/\\\/regiaonews.net.br\\\/2022\\\/wp-content\\\/uploads\\\/2022\\\/05\\\/IMG-20220517-WA0355.jpg\",\"contentUrl\":\"https:\\\/\\\/regiaonews.net.br\\\/2022\\\/wp-content\\\/uploads\\\/2022\\\/05\\\/IMG-20220517-WA0355.jpg\",\"width\":1600,\"height\":1200},{\"@type\":\"BreadcrumbList\",\"@id\":\"https:\\\/\\\/regiaonews.net.br\\\/2022\\\/2022\\\/05\\\/17\\\/operacao-fiscaliza-aceiros-em-canaviais-nos-bairros-de-barretos\\\/#breadcrumb\",\"itemListElement\":[{\"@type\":\"ListItem\",\"position\":1,\"name\":\"In\u00edcio\",\"item\":\"https:\\\/\\\/regiaonews.net.br\\\/2022\\\/\"},{\"@type\":\"ListItem\",\"position\":2,\"name\":\"Opera\u00e7\u00e3o fiscaliza aceiros em canaviais nos bairros de Barretos\"}]},{\"@type\":\"WebSite\",\"@id\":\"https:\\\/\\\/regiaonews.net.br\\\/2022\\\/#website\",\"url\":\"https:\\\/\\\/regiaonews.net.br\\\/2022\\\/\",\"name\":\"Regi\u00e3o News\",\"description\":\"Site de Not\u00edcias de Barretos e regi\u00e3o\",\"publisher\":{\"@id\":\"https:\\\/\\\/regiaonews.net.br\\\/2022\\\/#organization\"},\"potentialAction\":[{\"@type\":\"SearchAction\",\"target\":{\"@type\":\"EntryPoint\",\"urlTemplate\":\"https:\\\/\\\/regiaonews.net.br\\\/2022\\\/?s={search_term_string}\"},\"query-input\":{\"@type\":\"PropertyValueSpecification\",\"valueRequired\":true,\"valueName\":\"search_term_string\"}}],\"inLanguage\":\"pt-BR\"},{\"@type\":\"Organization\",\"@id\":\"https:\\\/\\\/regiaonews.net.br\\\/2022\\\/#organization\",\"name\":\"Regi\u00e3o News\",\"url\":\"https:\\\/\\\/regiaonews.net.br\\\/2022\\\/\",\"logo\":{\"@type\":\"ImageObject\",\"inLanguage\":\"pt-BR\",\"@id\":\"https:\\\/\\\/regiaonews.net.br\\\/2022\\\/#\\\/schema\\\/logo\\\/image\\\/\",\"url\":\"https:\\\/\\\/regiaonews.net.br\\\/2022\\\/wp-content\\\/uploads\\\/2026\\\/03\\\/regiao-13-anos-scaled.jpg\",\"contentUrl\":\"https:\\\/\\\/regiaonews.net.br\\\/2022\\\/wp-content\\\/uploads\\\/2026\\\/03\\\/regiao-13-anos-scaled.jpg\",\"width\":2560,\"height\":635,\"caption\":\"Regi\u00e3o News\"},\"image\":{\"@id\":\"https:\\\/\\\/regiaonews.net.br\\\/2022\\\/#\\\/schema\\\/logo\\\/image\\\/\"}},{\"@type\":\"Person\",\"@id\":\"https:\\\/\\\/regiaonews.net.br\\\/2022\\\/#\\\/schema\\\/person\\\/2d205a608a5aa97ac279d7a5e6d89ad8\",\"name\":\"Roberto\",\"image\":{\"@type\":\"ImageObject\",\"inLanguage\":\"pt-BR\",\"@id\":\"https:\\\/\\\/secure.gravatar.com\\\/avatar\\\/42749d8b712ff9d59ca93dc150494e5b55a44134482993f5baeb97e61b7ecc89?s=96&d=mm&r=g\",\"url\":\"https:\\\/\\\/secure.gravatar.com\\\/avatar\\\/42749d8b712ff9d59ca93dc150494e5b55a44134482993f5baeb97e61b7ecc89?s=96&d=mm&r=g\",\"contentUrl\":\"https:\\\/\\\/secure.gravatar.com\\\/avatar\\\/42749d8b712ff9d59ca93dc150494e5b55a44134482993f5baeb97e61b7ecc89?s=96&d=mm&r=g\",\"caption\":\"Roberto\"},\"url\":\"https:\\\/\\\/regiaonews.net.br\\\/2022\\\/author\\\/roberto\\\/\"}]}<\/script>\n<!-- \/ Yoast SEO plugin. -->","yoast_head_json":{"title":"Opera\u00e7\u00e3o fiscaliza aceiros em canaviais nos bairros de Barretos - Regi\u00e3o News","robots":{"index":"index","follow":"follow","max-snippet":"max-snippet:-1","max-image-preview":"max-image-preview:large","max-video-preview":"max-video-preview:-1"},"canonical":"https:\/\/regiaonews.net.br\/2022\/2022\/05\/17\/operacao-fiscaliza-aceiros-em-canaviais-nos-bairros-de-barretos\/","og_locale":"pt_BR","og_type":"article","og_title":"Opera\u00e7\u00e3o fiscaliza aceiros em canaviais nos bairros de Barretos - Regi\u00e3o News","og_description":"&nbsp; Foto \u2013 Policias Ambientais e bombeiros municipais durante opera\u00e7\u00e3o","og_url":"https:\/\/regiaonews.net.br\/2022\/2022\/05\/17\/operacao-fiscaliza-aceiros-em-canaviais-nos-bairros-de-barretos\/","og_site_name":"Regi\u00e3o News","article_published_time":"2022-05-18T02:59:06+00:00","article_modified_time":"2022-05-18T02:59:39+00:00","og_image":[{"width":1600,"height":1200,"url":"https:\/\/regiaonews.net.br\/2022\/wp-content\/uploads\/2022\/05\/IMG-20220517-WA0355.jpg","type":"image\/jpeg"}],"author":"Roberto","twitter_card":"summary_large_image","twitter_misc":{"Escrito por":"Roberto","Est. tempo de leitura":"1 minuto"},"schema":{"@context":"https:\/\/schema.org","@graph":[{"@type":"Article","@id":"https:\/\/regiaonews.net.br\/2022\/2022\/05\/17\/operacao-fiscaliza-aceiros-em-canaviais-nos-bairros-de-barretos\/#article","isPartOf":{"@id":"https:\/\/regiaonews.net.br\/2022\/2022\/05\/17\/operacao-fiscaliza-aceiros-em-canaviais-nos-bairros-de-barretos\/"},"author":{"name":"Roberto","@id":"https:\/\/regiaonews.net.br\/2022\/#\/schema\/person\/2d205a608a5aa97ac279d7a5e6d89ad8"},"headline":"Opera\u00e7\u00e3o fiscaliza aceiros em canaviais nos bairros de Barretos","datePublished":"2022-05-18T02:59:06+00:00","dateModified":"2022-05-18T02:59:39+00:00","mainEntityOfPage":{"@id":"https:\/\/regiaonews.net.br\/2022\/2022\/05\/17\/operacao-fiscaliza-aceiros-em-canaviais-nos-bairros-de-barretos\/"},"wordCount":153,"commentCount":0,"publisher":{"@id":"https:\/\/regiaonews.net.br\/2022\/#organization"},"image":{"@id":"https:\/\/regiaonews.net.br\/2022\/2022\/05\/17\/operacao-fiscaliza-aceiros-em-canaviais-nos-bairros-de-barretos\/#primaryimage"},"thumbnailUrl":"https:\/\/regiaonews.net.br\/2022\/wp-content\/uploads\/2022\/05\/IMG-20220517-WA0355.jpg","articleSection":["Barretos","Policia"],"inLanguage":"pt-BR","potentialAction":[{"@type":"CommentAction","name":"Comment","target":["https:\/\/regiaonews.net.br\/2022\/2022\/05\/17\/operacao-fiscaliza-aceiros-em-canaviais-nos-bairros-de-barretos\/#respond"]}]},{"@type":"WebPage","@id":"https:\/\/regiaonews.net.br\/2022\/2022\/05\/17\/operacao-fiscaliza-aceiros-em-canaviais-nos-bairros-de-barretos\/","url":"https:\/\/regiaonews.net.br\/2022\/2022\/05\/17\/operacao-fiscaliza-aceiros-em-canaviais-nos-bairros-de-barretos\/","name":"Opera\u00e7\u00e3o fiscaliza aceiros em canaviais nos bairros de Barretos - Regi\u00e3o News","isPartOf":{"@id":"https:\/\/regiaonews.net.br\/2022\/#website"},"primaryImageOfPage":{"@id":"https:\/\/regiaonews.net.br\/2022\/2022\/05\/17\/operacao-fiscaliza-aceiros-em-canaviais-nos-bairros-de-barretos\/#primaryimage"},"image":{"@id":"https:\/\/regiaonews.net.br\/2022\/2022\/05\/17\/operacao-fiscaliza-aceiros-em-canaviais-nos-bairros-de-barretos\/#primaryimage"},"thumbnailUrl":"https:\/\/regiaonews.net.br\/2022\/wp-content\/uploads\/2022\/05\/IMG-20220517-WA0355.jpg","datePublished":"2022-05-18T02:59:06+00:00","dateModified":"2022-05-18T02:59:39+00:00","breadcrumb":{"@id":"https:\/\/regiaonews.net.br\/2022\/2022\/05\/17\/operacao-fiscaliza-aceiros-em-canaviais-nos-bairros-de-barretos\/#breadcrumb"},"inLanguage":"pt-BR","potentialAction":[{"@type":"ReadAction","target":["https:\/\/regiaonews.net.br\/2022\/2022\/05\/17\/operacao-fiscaliza-aceiros-em-canaviais-nos-bairros-de-barretos\/"]}]},{"@type":"ImageObject","inLanguage":"pt-BR","@id":"https:\/\/regiaonews.net.br\/2022\/2022\/05\/17\/operacao-fiscaliza-aceiros-em-canaviais-nos-bairros-de-barretos\/#primaryimage","url":"https:\/\/regiaonews.net.br\/2022\/wp-content\/uploads\/2022\/05\/IMG-20220517-WA0355.jpg","contentUrl":"https:\/\/regiaonews.net.br\/2022\/wp-content\/uploads\/2022\/05\/IMG-20220517-WA0355.jpg","width":1600,"height":1200},{"@type":"BreadcrumbList","@id":"https:\/\/regiaonews.net.br\/2022\/2022\/05\/17\/operacao-fiscaliza-aceiros-em-canaviais-nos-bairros-de-barretos\/#breadcrumb","itemListElement":[{"@type":"ListItem","position":1,"name":"In\u00edcio","item":"https:\/\/regiaonews.net.br\/2022\/"},{"@type":"ListItem","position":2,"name":"Opera\u00e7\u00e3o fiscaliza aceiros em canaviais nos bairros de Barretos"}]},{"@type":"WebSite","@id":"https:\/\/regiaonews.net.br\/2022\/#website","url":"https:\/\/regiaonews.net.br\/2022\/","name":"Regi\u00e3o News","description":"Site de Not\u00edcias de Barretos e regi\u00e3o","publisher":{"@id":"https:\/\/regiaonews.net.br\/2022\/#organization"},"potentialAction":[{"@type":"SearchAction","target":{"@type":"EntryPoint","urlTemplate":"https:\/\/regiaonews.net.br\/2022\/?s={search_term_string}"},"query-input":{"@type":"PropertyValueSpecification","valueRequired":true,"valueName":"search_term_string"}}],"inLanguage":"pt-BR"},{"@type":"Organization","@id":"https:\/\/regiaonews.net.br\/2022\/#organization","name":"Regi\u00e3o News","url":"https:\/\/regiaonews.net.br\/2022\/","logo":{"@type":"ImageObject","inLanguage":"pt-BR","@id":"https:\/\/regiaonews.net.br\/2022\/#\/schema\/logo\/image\/","url":"https:\/\/regiaonews.net.br\/2022\/wp-content\/uploads\/2026\/03\/regiao-13-anos-scaled.jpg","contentUrl":"https:\/\/regiaonews.net.br\/2022\/wp-content\/uploads\/2026\/03\/regiao-13-anos-scaled.jpg","width":2560,"height":635,"caption":"Regi\u00e3o News"},"image":{"@id":"https:\/\/regiaonews.net.br\/2022\/#\/schema\/logo\/image\/"}},{"@type":"Person","@id":"https:\/\/regiaonews.net.br\/2022\/#\/schema\/person\/2d205a608a5aa97ac279d7a5e6d89ad8","name":"Roberto","image":{"@type":"ImageObject","inLanguage":"pt-BR","@id":"https:\/\/secure.gravatar.com\/avatar\/42749d8b712ff9d59ca93dc150494e5b55a44134482993f5baeb97e61b7ecc89?s=96&d=mm&r=g","url":"https:\/\/secure.gravatar.com\/avatar\/42749d8b712ff9d59ca93dc150494e5b55a44134482993f5baeb97e61b7ecc89?s=96&d=mm&r=g","contentUrl":"https:\/\/secure.gravatar.com\/avatar\/42749d8b712ff9d59ca93dc150494e5b55a44134482993f5baeb97e61b7ecc89?s=96&d=mm&r=g","caption":"Roberto"},"url":"https:\/\/regiaonews.net.br\/2022\/author\/roberto\/"}]}},"publishpress_future_action":{"enabled":false,"date":"2026-05-08 09:19:53","action":"change-status","newStatus":"draft","terms":[],"taxonomy":"category","extraData":[]},"publishpress_future_workflow_manual_trigger":{"enabledWorkflows":[]},"_links":{"self":[{"href":"https:\/\/regiaonews.net.br\/2022\/wp-json\/wp\/v2\/posts\/71435","targetHints":{"allow":["GET"]}}],"collection":[{"href":"https:\/\/regiaonews.net.br\/2022\/wp-json\/wp\/v2\/posts"}],"about":[{"href":"https:\/\/regiaonews.net.br\/2022\/wp-json\/wp\/v2\/types\/post"}],"author":[{"embeddable":true,"href":"https:\/\/regiaonews.net.br\/2022\/wp-json\/wp\/v2\/users\/2"}],"replies":[{"embeddable":true,"href":"https:\/\/regiaonews.net.br\/2022\/wp-json\/wp\/v2\/comments?post=71435"}],"version-history":[{"count":2,"href":"https:\/\/regiaonews.net.br\/2022\/wp-json\/wp\/v2\/posts\/71435\/revisions"}],"predecessor-version":[{"id":71439,"href":"https:\/\/regiaonews.net.br\/2022\/wp-json\/wp\/v2\/posts\/71435\/revisions\/71439"}],"wp:featuredmedia":[{"embeddable":true,"href":"https:\/\/regiaonews.net.br\/2022\/wp-json\/wp\/v2\/media\/71436"}],"wp:attachment":[{"href":"https:\/\/regiaonews.net.br\/2022\/wp-json\/wp\/v2\/media?parent=71435"}],"wp:term":[{"taxonomy":"category","embeddable":true,"href":"https:\/\/regiaonews.net.br\/2022\/wp-json\/wp\/v2\/categories?post=71435"},{"taxonomy":"post_tag","embeddable":true,"href":"https:\/\/regiaonews.net.br\/2022\/wp-json\/wp\/v2\/tags?post=71435"}],"curies":[{"name":"wp","href":"https:\/\/api.w.org\/{rel}","templated":true}]}}