{"id":70488,"date":"2022-04-29T07:55:44","date_gmt":"2022-04-29T10:55:44","guid":{"rendered":"https:\/\/regiaonews.net.br\/2022\/?p=70488"},"modified":"2022-04-29T07:55:44","modified_gmt":"2022-04-29T10:55:44","slug":"policia-civil-e-policia-militar-desencadeiam-operacao-de-combate-a-roubos","status":"publish","type":"post","link":"https:\/\/regiaonews.net.br\/2022\/2022\/04\/29\/policia-civil-e-policia-militar-desencadeiam-operacao-de-combate-a-roubos\/","title":{"rendered":"Pol\u00edcia Civil e Pol\u00edcia Militar desencadeiam opera\u00e7\u00e3o de combate a roubos"},"content":{"rendered":"<p><a href=\"https:\/\/regiaonews.net.br\/2022\/wp-content\/uploads\/2022\/04\/IMG-20220429-WA0051.jpg\"><img loading=\"lazy\" decoding=\"async\" class=\"alignnone size-medium wp-image-70491\" src=\"https:\/\/regiaonews.net.br\/2022\/wp-content\/uploads\/2022\/04\/IMG-20220429-WA0051-225x300.jpg\" alt=\"\" width=\"225\" height=\"300\" srcset=\"https:\/\/regiaonews.net.br\/2022\/wp-content\/uploads\/2022\/04\/IMG-20220429-WA0051-225x300.jpg 225w, https:\/\/regiaonews.net.br\/2022\/wp-content\/uploads\/2022\/04\/IMG-20220429-WA0051-768x1024.jpg 768w, https:\/\/regiaonews.net.br\/2022\/wp-content\/uploads\/2022\/04\/IMG-20220429-WA0051-1152x1536.jpg 1152w, https:\/\/regiaonews.net.br\/2022\/wp-content\/uploads\/2022\/04\/IMG-20220429-WA0051-250x333.jpg 250w, https:\/\/regiaonews.net.br\/2022\/wp-content\/uploads\/2022\/04\/IMG-20220429-WA0051.jpg 1200w\" sizes=\"auto, (max-width: 225px) 100vw, 225px\" \/><\/a><br \/>\n2 homens foram presos e 1 adolescente apreendido na &#8220;Opera\u00e7\u00e3o Varredura&#8221;<\/p>\n<p>A Pol\u00edcia Civil de Barretos, atrav\u00e9s da Delegacia de Investiga\u00e7\u00f5es Gerais (DIG), Delegacia de Investiga\u00e7\u00f5es Gerais (DISE), GOE (Grupo de Opera\u00e7\u00f5es Especiais) e CPJ (Central de Pol\u00edcia Judici\u00e1ria), conjuntamente com a Pol\u00edcia Militar, atrav\u00e9s da For\u00e7a T\u00e1tica, desencadeou a opera\u00e7\u00e3o &#8220;Varredura&#8221;, prendendo 2 homens e 1 adolescente envolvidos em roubos \u00e0 m\u00e3o armada na cidade de Barretos.<\/p>\n<p>Inicialmente, os policiais, ap\u00f3s tomarem conhecimento de um roubo \u00e0 resid\u00eancia ocorrido no Bairro Dom Bosco, no dia 25 de fevereiro, identificaram dois homens, um de 27 e outro de 19 anos, que participaram do assalto. Diante das informa\u00e7\u00f5es trocadas entre os policiais civis e militares, foi solicitado ao Judici\u00e1rio mandados de pris\u00e3o contra os investigados, tendo sido um dos homens presos hoje. O outro encontra-se foragido. Tamb\u00e9m foram cumpridos mandados de busca contra eles.<\/p>\n<p>Os policiais, tamb\u00e9m em raz\u00e3o das trocas de informa\u00e7\u00f5es entre as duas institui\u00e7\u00f5es, identificaram outros 3 homens e 1 adolescente que participaram de um roubo \u00e0 uma distribuidora de bebidas no Bairro S\u00e3o Francisco, em 18 de mar\u00e7o, quando foram levados cerca de 40 mil reais. Um homem tamb\u00e9m foi preso hoje e o adolescente apreendido. Dois homens encontram-se foragidos.<\/p>\n<p>Nas dilig\u00eancias foi apreendido, ainda, um rev\u00f3lver calibre 32, utilizado nos roubos, tendo um homem sido preso em flagrante por posse ilegal de arma de fogo.<\/p>\n<p>No in\u00edcio da semana, a Pol\u00edcia Militar, ap\u00f3s receber informa\u00e7\u00f5es da Pol\u00edcia Civil, tamb\u00e9m deu cumprimento a um mandado de pris\u00e3o tempor\u00e1ria em desfavor de um homem investigado por praticar um roubo \u00e0 resid\u00eancia em agosto do ano passado. O comparsa dele, que j\u00e1 se encontra preso por outro crime, tamb\u00e9m teve mandado de pris\u00e3o expedido ap\u00f3s investiga\u00e7\u00e3o da DIG.<\/p>\n<p>Os homens presos hoje foram removidos \u00e0 Cadeia P\u00fablica de Colina e o adolescente \u00e0 Funda\u00e7\u00e3o Cada de Araraquara, onde permanecem recolhidos at\u00e9 o fim das investiga\u00e7\u00f5es.<\/p>\n","protected":false},"excerpt":{"rendered":"<p>2 homens foram presos e 1 adolescente apreendido na &#8220;Opera\u00e7\u00e3o<\/p>\n","protected":false},"author":2,"featured_media":70492,"comment_status":"open","ping_status":"open","sticky":false,"template":"","format":"standard","meta":{"footnotes":""},"categories":[14,23],"tags":[],"class_list":["post-70488","post","type-post","status-publish","format-standard","has-post-thumbnail","hentry","category-barretos","category-policia"],"yoast_head":"<!-- This site is optimized with the Yoast SEO plugin v27.5 - https:\/\/yoast.com\/product\/yoast-seo-wordpress\/ -->\n<title>Pol\u00edcia Civil e Pol\u00edcia Militar desencadeiam opera\u00e7\u00e3o de combate a roubos - Regi\u00e3o News<\/title>\n<meta name=\"robots\" content=\"index, follow, max-snippet:-1, max-image-preview:large, max-video-preview:-1\" \/>\n<link rel=\"canonical\" href=\"https:\/\/regiaonews.net.br\/2022\/2022\/04\/29\/policia-civil-e-policia-militar-desencadeiam-operacao-de-combate-a-roubos\/\" \/>\n<meta property=\"og:locale\" content=\"pt_BR\" \/>\n<meta property=\"og:type\" content=\"article\" \/>\n<meta property=\"og:title\" content=\"Pol\u00edcia Civil e Pol\u00edcia Militar desencadeiam opera\u00e7\u00e3o de combate a roubos - Regi\u00e3o News\" \/>\n<meta property=\"og:description\" content=\"2 homens foram presos e 1 adolescente apreendido na &#8220;Opera\u00e7\u00e3o\" \/>\n<meta property=\"og:url\" content=\"https:\/\/regiaonews.net.br\/2022\/2022\/04\/29\/policia-civil-e-policia-militar-desencadeiam-operacao-de-combate-a-roubos\/\" \/>\n<meta property=\"og:site_name\" content=\"Regi\u00e3o News\" \/>\n<meta property=\"article:published_time\" content=\"2022-04-29T10:55:44+00:00\" \/>\n<meta property=\"og:image\" content=\"https:\/\/regiaonews.net.br\/2022\/wp-content\/uploads\/2022\/04\/IMG-20220429-WA0050.jpg\" \/>\n\t<meta property=\"og:image:width\" content=\"1600\" \/>\n\t<meta property=\"og:image:height\" content=\"1200\" \/>\n\t<meta property=\"og:image:type\" content=\"image\/jpeg\" \/>\n<meta name=\"author\" content=\"Roberto\" \/>\n<meta name=\"twitter:card\" content=\"summary_large_image\" \/>\n<meta name=\"twitter:label1\" content=\"Escrito por\" \/>\n\t<meta name=\"twitter:data1\" content=\"Roberto\" \/>\n\t<meta name=\"twitter:label2\" content=\"Est. tempo de leitura\" \/>\n\t<meta name=\"twitter:data2\" content=\"2 minutos\" \/>\n<script type=\"application\/ld+json\" class=\"yoast-schema-graph\">{\"@context\":\"https:\\\/\\\/schema.org\",\"@graph\":[{\"@type\":\"Article\",\"@id\":\"https:\\\/\\\/regiaonews.net.br\\\/2022\\\/2022\\\/04\\\/29\\\/policia-civil-e-policia-militar-desencadeiam-operacao-de-combate-a-roubos\\\/#article\",\"isPartOf\":{\"@id\":\"https:\\\/\\\/regiaonews.net.br\\\/2022\\\/2022\\\/04\\\/29\\\/policia-civil-e-policia-militar-desencadeiam-operacao-de-combate-a-roubos\\\/\"},\"author\":{\"name\":\"Roberto\",\"@id\":\"https:\\\/\\\/regiaonews.net.br\\\/2022\\\/#\\\/schema\\\/person\\\/2d205a608a5aa97ac279d7a5e6d89ad8\"},\"headline\":\"Pol\u00edcia Civil e Pol\u00edcia Militar desencadeiam opera\u00e7\u00e3o de combate a roubos\",\"datePublished\":\"2022-04-29T10:55:44+00:00\",\"mainEntityOfPage\":{\"@id\":\"https:\\\/\\\/regiaonews.net.br\\\/2022\\\/2022\\\/04\\\/29\\\/policia-civil-e-policia-militar-desencadeiam-operacao-de-combate-a-roubos\\\/\"},\"wordCount\":357,\"commentCount\":0,\"publisher\":{\"@id\":\"https:\\\/\\\/regiaonews.net.br\\\/2022\\\/#organization\"},\"image\":{\"@id\":\"https:\\\/\\\/regiaonews.net.br\\\/2022\\\/2022\\\/04\\\/29\\\/policia-civil-e-policia-militar-desencadeiam-operacao-de-combate-a-roubos\\\/#primaryimage\"},\"thumbnailUrl\":\"https:\\\/\\\/regiaonews.net.br\\\/2022\\\/wp-content\\\/uploads\\\/2022\\\/04\\\/IMG-20220429-WA0050.jpg\",\"articleSection\":[\"Barretos\",\"Policia\"],\"inLanguage\":\"pt-BR\",\"potentialAction\":[{\"@type\":\"CommentAction\",\"name\":\"Comment\",\"target\":[\"https:\\\/\\\/regiaonews.net.br\\\/2022\\\/2022\\\/04\\\/29\\\/policia-civil-e-policia-militar-desencadeiam-operacao-de-combate-a-roubos\\\/#respond\"]}]},{\"@type\":\"WebPage\",\"@id\":\"https:\\\/\\\/regiaonews.net.br\\\/2022\\\/2022\\\/04\\\/29\\\/policia-civil-e-policia-militar-desencadeiam-operacao-de-combate-a-roubos\\\/\",\"url\":\"https:\\\/\\\/regiaonews.net.br\\\/2022\\\/2022\\\/04\\\/29\\\/policia-civil-e-policia-militar-desencadeiam-operacao-de-combate-a-roubos\\\/\",\"name\":\"Pol\u00edcia Civil e Pol\u00edcia Militar desencadeiam opera\u00e7\u00e3o de combate a roubos - Regi\u00e3o News\",\"isPartOf\":{\"@id\":\"https:\\\/\\\/regiaonews.net.br\\\/2022\\\/#website\"},\"primaryImageOfPage\":{\"@id\":\"https:\\\/\\\/regiaonews.net.br\\\/2022\\\/2022\\\/04\\\/29\\\/policia-civil-e-policia-militar-desencadeiam-operacao-de-combate-a-roubos\\\/#primaryimage\"},\"image\":{\"@id\":\"https:\\\/\\\/regiaonews.net.br\\\/2022\\\/2022\\\/04\\\/29\\\/policia-civil-e-policia-militar-desencadeiam-operacao-de-combate-a-roubos\\\/#primaryimage\"},\"thumbnailUrl\":\"https:\\\/\\\/regiaonews.net.br\\\/2022\\\/wp-content\\\/uploads\\\/2022\\\/04\\\/IMG-20220429-WA0050.jpg\",\"datePublished\":\"2022-04-29T10:55:44+00:00\",\"breadcrumb\":{\"@id\":\"https:\\\/\\\/regiaonews.net.br\\\/2022\\\/2022\\\/04\\\/29\\\/policia-civil-e-policia-militar-desencadeiam-operacao-de-combate-a-roubos\\\/#breadcrumb\"},\"inLanguage\":\"pt-BR\",\"potentialAction\":[{\"@type\":\"ReadAction\",\"target\":[\"https:\\\/\\\/regiaonews.net.br\\\/2022\\\/2022\\\/04\\\/29\\\/policia-civil-e-policia-militar-desencadeiam-operacao-de-combate-a-roubos\\\/\"]}]},{\"@type\":\"ImageObject\",\"inLanguage\":\"pt-BR\",\"@id\":\"https:\\\/\\\/regiaonews.net.br\\\/2022\\\/2022\\\/04\\\/29\\\/policia-civil-e-policia-militar-desencadeiam-operacao-de-combate-a-roubos\\\/#primaryimage\",\"url\":\"https:\\\/\\\/regiaonews.net.br\\\/2022\\\/wp-content\\\/uploads\\\/2022\\\/04\\\/IMG-20220429-WA0050.jpg\",\"contentUrl\":\"https:\\\/\\\/regiaonews.net.br\\\/2022\\\/wp-content\\\/uploads\\\/2022\\\/04\\\/IMG-20220429-WA0050.jpg\",\"width\":1600,\"height\":1200},{\"@type\":\"BreadcrumbList\",\"@id\":\"https:\\\/\\\/regiaonews.net.br\\\/2022\\\/2022\\\/04\\\/29\\\/policia-civil-e-policia-militar-desencadeiam-operacao-de-combate-a-roubos\\\/#breadcrumb\",\"itemListElement\":[{\"@type\":\"ListItem\",\"position\":1,\"name\":\"In\u00edcio\",\"item\":\"https:\\\/\\\/regiaonews.net.br\\\/2022\\\/\"},{\"@type\":\"ListItem\",\"position\":2,\"name\":\"Pol\u00edcia Civil e Pol\u00edcia Militar desencadeiam opera\u00e7\u00e3o de combate a roubos\"}]},{\"@type\":\"WebSite\",\"@id\":\"https:\\\/\\\/regiaonews.net.br\\\/2022\\\/#website\",\"url\":\"https:\\\/\\\/regiaonews.net.br\\\/2022\\\/\",\"name\":\"Regi\u00e3o News\",\"description\":\"Site de Not\u00edcias de Barretos e regi\u00e3o\",\"publisher\":{\"@id\":\"https:\\\/\\\/regiaonews.net.br\\\/2022\\\/#organization\"},\"potentialAction\":[{\"@type\":\"SearchAction\",\"target\":{\"@type\":\"EntryPoint\",\"urlTemplate\":\"https:\\\/\\\/regiaonews.net.br\\\/2022\\\/?s={search_term_string}\"},\"query-input\":{\"@type\":\"PropertyValueSpecification\",\"valueRequired\":true,\"valueName\":\"search_term_string\"}}],\"inLanguage\":\"pt-BR\"},{\"@type\":\"Organization\",\"@id\":\"https:\\\/\\\/regiaonews.net.br\\\/2022\\\/#organization\",\"name\":\"Regi\u00e3o News\",\"url\":\"https:\\\/\\\/regiaonews.net.br\\\/2022\\\/\",\"logo\":{\"@type\":\"ImageObject\",\"inLanguage\":\"pt-BR\",\"@id\":\"https:\\\/\\\/regiaonews.net.br\\\/2022\\\/#\\\/schema\\\/logo\\\/image\\\/\",\"url\":\"https:\\\/\\\/regiaonews.net.br\\\/2022\\\/wp-content\\\/uploads\\\/2026\\\/03\\\/regiao-13-anos-scaled.jpg\",\"contentUrl\":\"https:\\\/\\\/regiaonews.net.br\\\/2022\\\/wp-content\\\/uploads\\\/2026\\\/03\\\/regiao-13-anos-scaled.jpg\",\"width\":2560,\"height\":635,\"caption\":\"Regi\u00e3o News\"},\"image\":{\"@id\":\"https:\\\/\\\/regiaonews.net.br\\\/2022\\\/#\\\/schema\\\/logo\\\/image\\\/\"}},{\"@type\":\"Person\",\"@id\":\"https:\\\/\\\/regiaonews.net.br\\\/2022\\\/#\\\/schema\\\/person\\\/2d205a608a5aa97ac279d7a5e6d89ad8\",\"name\":\"Roberto\",\"image\":{\"@type\":\"ImageObject\",\"inLanguage\":\"pt-BR\",\"@id\":\"https:\\\/\\\/secure.gravatar.com\\\/avatar\\\/42749d8b712ff9d59ca93dc150494e5b55a44134482993f5baeb97e61b7ecc89?s=96&d=mm&r=g\",\"url\":\"https:\\\/\\\/secure.gravatar.com\\\/avatar\\\/42749d8b712ff9d59ca93dc150494e5b55a44134482993f5baeb97e61b7ecc89?s=96&d=mm&r=g\",\"contentUrl\":\"https:\\\/\\\/secure.gravatar.com\\\/avatar\\\/42749d8b712ff9d59ca93dc150494e5b55a44134482993f5baeb97e61b7ecc89?s=96&d=mm&r=g\",\"caption\":\"Roberto\"},\"url\":\"https:\\\/\\\/regiaonews.net.br\\\/2022\\\/author\\\/roberto\\\/\"}]}<\/script>\n<!-- \/ Yoast SEO plugin. -->","yoast_head_json":{"title":"Pol\u00edcia Civil e Pol\u00edcia Militar desencadeiam opera\u00e7\u00e3o de combate a roubos - Regi\u00e3o News","robots":{"index":"index","follow":"follow","max-snippet":"max-snippet:-1","max-image-preview":"max-image-preview:large","max-video-preview":"max-video-preview:-1"},"canonical":"https:\/\/regiaonews.net.br\/2022\/2022\/04\/29\/policia-civil-e-policia-militar-desencadeiam-operacao-de-combate-a-roubos\/","og_locale":"pt_BR","og_type":"article","og_title":"Pol\u00edcia Civil e Pol\u00edcia Militar desencadeiam opera\u00e7\u00e3o de combate a roubos - Regi\u00e3o News","og_description":"2 homens foram presos e 1 adolescente apreendido na &#8220;Opera\u00e7\u00e3o","og_url":"https:\/\/regiaonews.net.br\/2022\/2022\/04\/29\/policia-civil-e-policia-militar-desencadeiam-operacao-de-combate-a-roubos\/","og_site_name":"Regi\u00e3o News","article_published_time":"2022-04-29T10:55:44+00:00","og_image":[{"width":1600,"height":1200,"url":"https:\/\/regiaonews.net.br\/2022\/wp-content\/uploads\/2022\/04\/IMG-20220429-WA0050.jpg","type":"image\/jpeg"}],"author":"Roberto","twitter_card":"summary_large_image","twitter_misc":{"Escrito por":"Roberto","Est. tempo de leitura":"2 minutos"},"schema":{"@context":"https:\/\/schema.org","@graph":[{"@type":"Article","@id":"https:\/\/regiaonews.net.br\/2022\/2022\/04\/29\/policia-civil-e-policia-militar-desencadeiam-operacao-de-combate-a-roubos\/#article","isPartOf":{"@id":"https:\/\/regiaonews.net.br\/2022\/2022\/04\/29\/policia-civil-e-policia-militar-desencadeiam-operacao-de-combate-a-roubos\/"},"author":{"name":"Roberto","@id":"https:\/\/regiaonews.net.br\/2022\/#\/schema\/person\/2d205a608a5aa97ac279d7a5e6d89ad8"},"headline":"Pol\u00edcia Civil e Pol\u00edcia Militar desencadeiam opera\u00e7\u00e3o de combate a roubos","datePublished":"2022-04-29T10:55:44+00:00","mainEntityOfPage":{"@id":"https:\/\/regiaonews.net.br\/2022\/2022\/04\/29\/policia-civil-e-policia-militar-desencadeiam-operacao-de-combate-a-roubos\/"},"wordCount":357,"commentCount":0,"publisher":{"@id":"https:\/\/regiaonews.net.br\/2022\/#organization"},"image":{"@id":"https:\/\/regiaonews.net.br\/2022\/2022\/04\/29\/policia-civil-e-policia-militar-desencadeiam-operacao-de-combate-a-roubos\/#primaryimage"},"thumbnailUrl":"https:\/\/regiaonews.net.br\/2022\/wp-content\/uploads\/2022\/04\/IMG-20220429-WA0050.jpg","articleSection":["Barretos","Policia"],"inLanguage":"pt-BR","potentialAction":[{"@type":"CommentAction","name":"Comment","target":["https:\/\/regiaonews.net.br\/2022\/2022\/04\/29\/policia-civil-e-policia-militar-desencadeiam-operacao-de-combate-a-roubos\/#respond"]}]},{"@type":"WebPage","@id":"https:\/\/regiaonews.net.br\/2022\/2022\/04\/29\/policia-civil-e-policia-militar-desencadeiam-operacao-de-combate-a-roubos\/","url":"https:\/\/regiaonews.net.br\/2022\/2022\/04\/29\/policia-civil-e-policia-militar-desencadeiam-operacao-de-combate-a-roubos\/","name":"Pol\u00edcia Civil e Pol\u00edcia Militar desencadeiam opera\u00e7\u00e3o de combate a roubos - Regi\u00e3o News","isPartOf":{"@id":"https:\/\/regiaonews.net.br\/2022\/#website"},"primaryImageOfPage":{"@id":"https:\/\/regiaonews.net.br\/2022\/2022\/04\/29\/policia-civil-e-policia-militar-desencadeiam-operacao-de-combate-a-roubos\/#primaryimage"},"image":{"@id":"https:\/\/regiaonews.net.br\/2022\/2022\/04\/29\/policia-civil-e-policia-militar-desencadeiam-operacao-de-combate-a-roubos\/#primaryimage"},"thumbnailUrl":"https:\/\/regiaonews.net.br\/2022\/wp-content\/uploads\/2022\/04\/IMG-20220429-WA0050.jpg","datePublished":"2022-04-29T10:55:44+00:00","breadcrumb":{"@id":"https:\/\/regiaonews.net.br\/2022\/2022\/04\/29\/policia-civil-e-policia-militar-desencadeiam-operacao-de-combate-a-roubos\/#breadcrumb"},"inLanguage":"pt-BR","potentialAction":[{"@type":"ReadAction","target":["https:\/\/regiaonews.net.br\/2022\/2022\/04\/29\/policia-civil-e-policia-militar-desencadeiam-operacao-de-combate-a-roubos\/"]}]},{"@type":"ImageObject","inLanguage":"pt-BR","@id":"https:\/\/regiaonews.net.br\/2022\/2022\/04\/29\/policia-civil-e-policia-militar-desencadeiam-operacao-de-combate-a-roubos\/#primaryimage","url":"https:\/\/regiaonews.net.br\/2022\/wp-content\/uploads\/2022\/04\/IMG-20220429-WA0050.jpg","contentUrl":"https:\/\/regiaonews.net.br\/2022\/wp-content\/uploads\/2022\/04\/IMG-20220429-WA0050.jpg","width":1600,"height":1200},{"@type":"BreadcrumbList","@id":"https:\/\/regiaonews.net.br\/2022\/2022\/04\/29\/policia-civil-e-policia-militar-desencadeiam-operacao-de-combate-a-roubos\/#breadcrumb","itemListElement":[{"@type":"ListItem","position":1,"name":"In\u00edcio","item":"https:\/\/regiaonews.net.br\/2022\/"},{"@type":"ListItem","position":2,"name":"Pol\u00edcia Civil e Pol\u00edcia Militar desencadeiam opera\u00e7\u00e3o de combate a roubos"}]},{"@type":"WebSite","@id":"https:\/\/regiaonews.net.br\/2022\/#website","url":"https:\/\/regiaonews.net.br\/2022\/","name":"Regi\u00e3o News","description":"Site de Not\u00edcias de Barretos e regi\u00e3o","publisher":{"@id":"https:\/\/regiaonews.net.br\/2022\/#organization"},"potentialAction":[{"@type":"SearchAction","target":{"@type":"EntryPoint","urlTemplate":"https:\/\/regiaonews.net.br\/2022\/?s={search_term_string}"},"query-input":{"@type":"PropertyValueSpecification","valueRequired":true,"valueName":"search_term_string"}}],"inLanguage":"pt-BR"},{"@type":"Organization","@id":"https:\/\/regiaonews.net.br\/2022\/#organization","name":"Regi\u00e3o News","url":"https:\/\/regiaonews.net.br\/2022\/","logo":{"@type":"ImageObject","inLanguage":"pt-BR","@id":"https:\/\/regiaonews.net.br\/2022\/#\/schema\/logo\/image\/","url":"https:\/\/regiaonews.net.br\/2022\/wp-content\/uploads\/2026\/03\/regiao-13-anos-scaled.jpg","contentUrl":"https:\/\/regiaonews.net.br\/2022\/wp-content\/uploads\/2026\/03\/regiao-13-anos-scaled.jpg","width":2560,"height":635,"caption":"Regi\u00e3o News"},"image":{"@id":"https:\/\/regiaonews.net.br\/2022\/#\/schema\/logo\/image\/"}},{"@type":"Person","@id":"https:\/\/regiaonews.net.br\/2022\/#\/schema\/person\/2d205a608a5aa97ac279d7a5e6d89ad8","name":"Roberto","image":{"@type":"ImageObject","inLanguage":"pt-BR","@id":"https:\/\/secure.gravatar.com\/avatar\/42749d8b712ff9d59ca93dc150494e5b55a44134482993f5baeb97e61b7ecc89?s=96&d=mm&r=g","url":"https:\/\/secure.gravatar.com\/avatar\/42749d8b712ff9d59ca93dc150494e5b55a44134482993f5baeb97e61b7ecc89?s=96&d=mm&r=g","contentUrl":"https:\/\/secure.gravatar.com\/avatar\/42749d8b712ff9d59ca93dc150494e5b55a44134482993f5baeb97e61b7ecc89?s=96&d=mm&r=g","caption":"Roberto"},"url":"https:\/\/regiaonews.net.br\/2022\/author\/roberto\/"}]}},"publishpress_future_action":{"enabled":false,"date":"2026-05-10 05:27:29","action":"change-status","newStatus":"draft","terms":[],"taxonomy":"category","extraData":[]},"publishpress_future_workflow_manual_trigger":{"enabledWorkflows":[]},"_links":{"self":[{"href":"https:\/\/regiaonews.net.br\/2022\/wp-json\/wp\/v2\/posts\/70488","targetHints":{"allow":["GET"]}}],"collection":[{"href":"https:\/\/regiaonews.net.br\/2022\/wp-json\/wp\/v2\/posts"}],"about":[{"href":"https:\/\/regiaonews.net.br\/2022\/wp-json\/wp\/v2\/types\/post"}],"author":[{"embeddable":true,"href":"https:\/\/regiaonews.net.br\/2022\/wp-json\/wp\/v2\/users\/2"}],"replies":[{"embeddable":true,"href":"https:\/\/regiaonews.net.br\/2022\/wp-json\/wp\/v2\/comments?post=70488"}],"version-history":[{"count":2,"href":"https:\/\/regiaonews.net.br\/2022\/wp-json\/wp\/v2\/posts\/70488\/revisions"}],"predecessor-version":[{"id":70493,"href":"https:\/\/regiaonews.net.br\/2022\/wp-json\/wp\/v2\/posts\/70488\/revisions\/70493"}],"wp:featuredmedia":[{"embeddable":true,"href":"https:\/\/regiaonews.net.br\/2022\/wp-json\/wp\/v2\/media\/70492"}],"wp:attachment":[{"href":"https:\/\/regiaonews.net.br\/2022\/wp-json\/wp\/v2\/media?parent=70488"}],"wp:term":[{"taxonomy":"category","embeddable":true,"href":"https:\/\/regiaonews.net.br\/2022\/wp-json\/wp\/v2\/categories?post=70488"},{"taxonomy":"post_tag","embeddable":true,"href":"https:\/\/regiaonews.net.br\/2022\/wp-json\/wp\/v2\/tags?post=70488"}],"curies":[{"name":"wp","href":"https:\/\/api.w.org\/{rel}","templated":true}]}}