{"id":70010,"date":"2022-04-18T20:21:25","date_gmt":"2022-04-18T23:21:25","guid":{"rendered":"https:\/\/regiaonews.net.br\/2022\/?p=70010"},"modified":"2022-04-18T20:21:25","modified_gmt":"2022-04-18T23:21:25","slug":"prorrogadas-as-inscricoes-para-o-processo-seletivo-da-incubadora-de-empresas-de-franca","status":"publish","type":"post","link":"https:\/\/regiaonews.net.br\/2022\/2022\/04\/18\/prorrogadas-as-inscricoes-para-o-processo-seletivo-da-incubadora-de-empresas-de-franca\/","title":{"rendered":"Prorrogadas as inscri\u00e7\u00f5es para o processo seletivo da Incubadora de empresas de Franca"},"content":{"rendered":"<div><em>S\u00e3o 20 vagas, projetos precisam ter base tecnol\u00f3gica e os selecionados recebem todo o suporte da IMPERA para desenvolver seus neg\u00f3cios; inscri\u00e7\u00f5es seguem at\u00e9 domingo (24\/04)<\/em><\/div>\n<div>\nA IMPERA (Incubadora de Empresas de Base Tecnol\u00f3gica de Franca), que atua com o apoio da Prefeitura de Franca, junto ao Instituto Cidade do Cal\u00e7ado, prorrogou at\u00e9 domingo (24\/04) as inscri\u00e7\u00f5es para o processo seletivo do seu 6\u00ba Ciclo de Incuba\u00e7\u00e3o, que oferece 20 vagas para empreendedores. Podem se candidatar empresas de qualquer cidade &#8211; j\u00e1 constitu\u00eddas com CNPJ &#8211; ou projetos em fase de desenvolvimento que tenham base tecnol\u00f3gica. Os selecionados recebem todo o suporte presencial para desenvolver seus neg\u00f3cios. As inscri\u00e7\u00f5es s\u00e3o gratuitas e podem ser feitas pelo link:\u00a0<a href=\"https:\/\/linktr.ee\/impera.franca\">linktr.ee\/impera.franca<\/a>.<\/p>\n<p>\u201cEste novo ciclo de incuba\u00e7\u00e3o \u00e9 uma excelente oportunidade para empreendedores, de qualquer regi\u00e3o do pa\u00eds, que buscam apoio para desenvolver um neg\u00f3cio de base tecnol\u00f3gica e que tenha solu\u00e7\u00f5es inovadoras para os diversos segmentos como ind\u00fastria, com\u00e9rcio, educa\u00e7\u00e3o, agroneg\u00f3cio, sa\u00fade, alimenta\u00e7\u00e3o, entre outros. A IMPERA est\u00e1 de portas abertas e todo o atendimento \u00e9 presencial, na nossa sede em Franca\u201d, diz o gestor Jean Dunkl.<\/p>\n<p>O processo seletivo tem seis etapas e a convoca\u00e7\u00e3o dos projetos acontece em tr\u00eas modalidades: pr\u00e9-incuba\u00e7\u00e3o (ideia), incuba\u00e7\u00e3o e associa\u00e7\u00e3o. Este ciclo tem dura\u00e7\u00e3o de um ano, com possibilidade de renova\u00e7\u00e3o do contrato. \u00c9 importante que os projetos inscritos tenham um time multidisciplinar e que as habilidades dos integrantes sejam complementares, para que a incuba\u00e7\u00e3o seja viabilizada de forma org\u00e2nica e assertiva.<\/p>\n<p>De acordo com o edital (dispon\u00edvel no link:\u00a0<a href=\"https:\/\/linktr.ee\/impera.franca\">linktr.ee\/impera.franca<\/a>) as propostas ser\u00e3o julgadas por v\u00e1rios crit\u00e9rios como afinidade com o projeto, perfil empreendedor\/inovador dos s\u00f3cios, descri\u00e7\u00e3o clara e concisa do produto, defini\u00e7\u00e3o dos usos e aplica\u00e7\u00f5es, grau de inova\u00e7\u00e3o e\/ou ineditismo cient\u00edfico, potencial de demanda, entre outros.<\/p>\n<p>Pelo programa, a IMPERA disponibiliza espa\u00e7o f\u00edsico; orienta\u00e7\u00e3o na elabora\u00e7\u00e3o de planejamento estrat\u00e9gico e estrutura\u00e7\u00e3o do modelo de neg\u00f3cios; estrutura de suporte administrativo compartilhado; orienta\u00e7\u00e3o em gest\u00e3o empresarial: gest\u00e3o financeira e custos, marketing, planejamento, administra\u00e7\u00e3o geral, produ\u00e7\u00e3o, gest\u00e3o de tecnologia etc.; orienta\u00e7\u00e3o quanto ao registro de propriedade intelectual; suporte para a elabora\u00e7\u00e3o de projetos para capta\u00e7\u00e3o de recursos junto \u00e0s ag\u00eancias de fomento; consultoria e organiza\u00e7\u00e3o de a\u00e7\u00f5es para apresenta\u00e7\u00e3o do projeto a investidores em geral.<\/p>\n<p>Em contrapartida, os incubados t\u00eam algumas obriga\u00e7\u00f5es a cumprir, de acordo com a modalidade do programa, entre elas, estar presente no m\u00ednimo 10 horas semanais na IMPERA, participar de 80% dos eventos e oficinas de mentorias promovidas, al\u00e9m de divulgar e representar a Incubadora.<\/p>\n<p>As entrevistas com os candidatos acontecem nos dias 27 e 28 de abril. O Pitch DAY (apresenta\u00e7\u00e3o presencial dos projetos ao Conselho Consultivo da IMPERA, ao comit\u00ea t\u00e9cnico cient\u00edfico e aos membros da sociedade convidados) ser\u00e1 entre os dias 02 e 06 de maio. Ser\u00e3o selecionados 20 projetos e a lista\u00a0de\u00a0aprovados ser\u00e1 divulgada no dia 13 de maio. As atividades de integra\u00e7\u00e3o come\u00e7am no dia 16 de maio.\n<\/p><\/div>\n<div><strong>SERVI\u00c7O<\/strong><br \/>\n<strong>IMPERA (Incubadora de Empresas de Base Tecnol\u00f3gica de Franca)<\/strong><br \/>\n<strong>Processo seletivo:\u00a0<\/strong>inscri\u00e7\u00f5es at\u00e9 domingo (24\/04)<br \/>\n<strong>Inscri\u00e7\u00f5es\/Edital:<\/strong>\u00a0<a href=\"https:\/\/linktr.ee\/impera.franca\">linktr.ee\/impera.franca<\/a><br \/>\n<strong>Endere\u00e7o:<\/strong>\u00a0Rua Major Mendon\u00e7a, 1659 &#8211; Cidade Nova \u2013 Franca\/SP<br \/>\n<strong>Atendimento:<\/strong>\u00a0de segunda a sexta-feira, das 8h \u00e0s 18h<br \/>\n<strong>Informa\u00e7\u00f5es:<\/strong>\u00a0(16) 99974-5209 \/\u00a0<a href=\"mailto:impera.franca@gmail.com\">impera.franca@gmail.com<\/a>\u00a0\u00a0\/ Instagram: @impera.franca\n<\/div>\n<div><strong><em>A IMPERA<\/em><\/strong><br \/>\n<em>Inaugurada em novembro de 2018, com apoio da Prefeitura de Franca, junto ao Instituto Cidade do Cal\u00e7ado, a IMPERA (Incubadora de Empresas de Base Tecnol\u00f3gica de Franca) tem como objetivo fomentar o empreendedorismo, atrav\u00e9s do suporte a projetos e empresas com prop\u00f3sitos inovadores que est\u00e3o em fase inicial ou de desenvolvimento, e consolidar seus produtos e servi\u00e7os no mercado.<\/em><br \/>\n<em>Atualmente, a IMPERA atende 12 startups (ADSrock, Coffee Box, Go Cluster, Homea, Mercad\u00e3o do Fabricante, NFeAgro, OLO, Omink, Perfil Sertanejo, Personal Alternativo, Pluga Cuca e Profinanc) que apresentam como proposta a inova\u00e7\u00e3o, incremental ou disruptiva, e solu\u00e7\u00f5es tecnol\u00f3gicas para os diversos segmentos como ind\u00fastria, varejo, educa\u00e7\u00e3o, agroneg\u00f3cio, sa\u00fade, alimenta\u00e7\u00e3o, mercado automotivo, e-commerce, marketplace, entre outros.<\/em><br \/>\n<em>A IMPERA atua na integra\u00e7\u00e3o dos projetos incubados com o mercado, universidades e institui\u00e7\u00f5es, fornecendo estrutura f\u00edsica, capacita\u00e7\u00e3o e mentorias, propiciando um ambiente favor\u00e1vel para o desenvolvimento do ecossistema empreendedor.<\/em><\/div>\n","protected":false},"excerpt":{"rendered":"<p>S\u00e3o 20 vagas, projetos precisam ter base tecnol\u00f3gica e os<\/p>\n","protected":false},"author":2,"featured_media":70011,"comment_status":"open","ping_status":"open","sticky":false,"template":"","format":"standard","meta":{"footnotes":""},"categories":[25,72],"tags":[],"class_list":["post-70010","post","type-post","status-publish","format-standard","has-post-thumbnail","hentry","category-cidades","category-franca"],"yoast_head":"<!-- This site is optimized with the Yoast SEO plugin v27.5 - https:\/\/yoast.com\/product\/yoast-seo-wordpress\/ -->\n<title>Prorrogadas as inscri\u00e7\u00f5es para o processo seletivo da Incubadora de empresas de Franca - Regi\u00e3o News<\/title>\n<meta name=\"robots\" content=\"index, follow, max-snippet:-1, max-image-preview:large, max-video-preview:-1\" \/>\n<link rel=\"canonical\" href=\"https:\/\/regiaonews.net.br\/2022\/2022\/04\/18\/prorrogadas-as-inscricoes-para-o-processo-seletivo-da-incubadora-de-empresas-de-franca\/\" \/>\n<meta property=\"og:locale\" content=\"pt_BR\" \/>\n<meta property=\"og:type\" content=\"article\" \/>\n<meta property=\"og:title\" content=\"Prorrogadas as inscri\u00e7\u00f5es para o processo seletivo da Incubadora de empresas de Franca - Regi\u00e3o News\" \/>\n<meta property=\"og:description\" content=\"S\u00e3o 20 vagas, projetos precisam ter base tecnol\u00f3gica e os\" \/>\n<meta property=\"og:url\" content=\"https:\/\/regiaonews.net.br\/2022\/2022\/04\/18\/prorrogadas-as-inscricoes-para-o-processo-seletivo-da-incubadora-de-empresas-de-franca\/\" \/>\n<meta property=\"og:site_name\" content=\"Regi\u00e3o News\" \/>\n<meta property=\"article:published_time\" content=\"2022-04-18T23:21:25+00:00\" \/>\n<meta property=\"og:image\" content=\"https:\/\/regiaonews.net.br\/2022\/wp-content\/uploads\/2022\/04\/ff12170b-07f6-82f6-c9d7-64909edb425e.jpeg\" \/>\n\t<meta property=\"og:image:width\" content=\"800\" \/>\n\t<meta property=\"og:image:height\" content=\"533\" \/>\n\t<meta property=\"og:image:type\" content=\"image\/jpeg\" \/>\n<meta name=\"author\" content=\"Roberto\" \/>\n<meta name=\"twitter:card\" content=\"summary_large_image\" \/>\n<meta name=\"twitter:label1\" content=\"Escrito por\" \/>\n\t<meta name=\"twitter:data1\" content=\"Roberto\" \/>\n\t<meta name=\"twitter:label2\" content=\"Est. tempo de leitura\" \/>\n\t<meta name=\"twitter:data2\" content=\"4 minutos\" \/>\n<script type=\"application\/ld+json\" class=\"yoast-schema-graph\">{\"@context\":\"https:\\\/\\\/schema.org\",\"@graph\":[{\"@type\":\"Article\",\"@id\":\"https:\\\/\\\/regiaonews.net.br\\\/2022\\\/2022\\\/04\\\/18\\\/prorrogadas-as-inscricoes-para-o-processo-seletivo-da-incubadora-de-empresas-de-franca\\\/#article\",\"isPartOf\":{\"@id\":\"https:\\\/\\\/regiaonews.net.br\\\/2022\\\/2022\\\/04\\\/18\\\/prorrogadas-as-inscricoes-para-o-processo-seletivo-da-incubadora-de-empresas-de-franca\\\/\"},\"author\":{\"name\":\"Roberto\",\"@id\":\"https:\\\/\\\/regiaonews.net.br\\\/2022\\\/#\\\/schema\\\/person\\\/2d205a608a5aa97ac279d7a5e6d89ad8\"},\"headline\":\"Prorrogadas as inscri\u00e7\u00f5es para o processo seletivo da Incubadora de empresas de Franca\",\"datePublished\":\"2022-04-18T23:21:25+00:00\",\"mainEntityOfPage\":{\"@id\":\"https:\\\/\\\/regiaonews.net.br\\\/2022\\\/2022\\\/04\\\/18\\\/prorrogadas-as-inscricoes-para-o-processo-seletivo-da-incubadora-de-empresas-de-franca\\\/\"},\"wordCount\":782,\"commentCount\":0,\"publisher\":{\"@id\":\"https:\\\/\\\/regiaonews.net.br\\\/2022\\\/#organization\"},\"image\":{\"@id\":\"https:\\\/\\\/regiaonews.net.br\\\/2022\\\/2022\\\/04\\\/18\\\/prorrogadas-as-inscricoes-para-o-processo-seletivo-da-incubadora-de-empresas-de-franca\\\/#primaryimage\"},\"thumbnailUrl\":\"https:\\\/\\\/regiaonews.net.br\\\/2022\\\/wp-content\\\/uploads\\\/2022\\\/04\\\/ff12170b-07f6-82f6-c9d7-64909edb425e.jpeg\",\"articleSection\":[\"Cidades\",\"Franca\"],\"inLanguage\":\"pt-BR\",\"potentialAction\":[{\"@type\":\"CommentAction\",\"name\":\"Comment\",\"target\":[\"https:\\\/\\\/regiaonews.net.br\\\/2022\\\/2022\\\/04\\\/18\\\/prorrogadas-as-inscricoes-para-o-processo-seletivo-da-incubadora-de-empresas-de-franca\\\/#respond\"]}]},{\"@type\":\"WebPage\",\"@id\":\"https:\\\/\\\/regiaonews.net.br\\\/2022\\\/2022\\\/04\\\/18\\\/prorrogadas-as-inscricoes-para-o-processo-seletivo-da-incubadora-de-empresas-de-franca\\\/\",\"url\":\"https:\\\/\\\/regiaonews.net.br\\\/2022\\\/2022\\\/04\\\/18\\\/prorrogadas-as-inscricoes-para-o-processo-seletivo-da-incubadora-de-empresas-de-franca\\\/\",\"name\":\"Prorrogadas as inscri\u00e7\u00f5es para o processo seletivo da Incubadora de empresas de Franca - Regi\u00e3o News\",\"isPartOf\":{\"@id\":\"https:\\\/\\\/regiaonews.net.br\\\/2022\\\/#website\"},\"primaryImageOfPage\":{\"@id\":\"https:\\\/\\\/regiaonews.net.br\\\/2022\\\/2022\\\/04\\\/18\\\/prorrogadas-as-inscricoes-para-o-processo-seletivo-da-incubadora-de-empresas-de-franca\\\/#primaryimage\"},\"image\":{\"@id\":\"https:\\\/\\\/regiaonews.net.br\\\/2022\\\/2022\\\/04\\\/18\\\/prorrogadas-as-inscricoes-para-o-processo-seletivo-da-incubadora-de-empresas-de-franca\\\/#primaryimage\"},\"thumbnailUrl\":\"https:\\\/\\\/regiaonews.net.br\\\/2022\\\/wp-content\\\/uploads\\\/2022\\\/04\\\/ff12170b-07f6-82f6-c9d7-64909edb425e.jpeg\",\"datePublished\":\"2022-04-18T23:21:25+00:00\",\"breadcrumb\":{\"@id\":\"https:\\\/\\\/regiaonews.net.br\\\/2022\\\/2022\\\/04\\\/18\\\/prorrogadas-as-inscricoes-para-o-processo-seletivo-da-incubadora-de-empresas-de-franca\\\/#breadcrumb\"},\"inLanguage\":\"pt-BR\",\"potentialAction\":[{\"@type\":\"ReadAction\",\"target\":[\"https:\\\/\\\/regiaonews.net.br\\\/2022\\\/2022\\\/04\\\/18\\\/prorrogadas-as-inscricoes-para-o-processo-seletivo-da-incubadora-de-empresas-de-franca\\\/\"]}]},{\"@type\":\"ImageObject\",\"inLanguage\":\"pt-BR\",\"@id\":\"https:\\\/\\\/regiaonews.net.br\\\/2022\\\/2022\\\/04\\\/18\\\/prorrogadas-as-inscricoes-para-o-processo-seletivo-da-incubadora-de-empresas-de-franca\\\/#primaryimage\",\"url\":\"https:\\\/\\\/regiaonews.net.br\\\/2022\\\/wp-content\\\/uploads\\\/2022\\\/04\\\/ff12170b-07f6-82f6-c9d7-64909edb425e.jpeg\",\"contentUrl\":\"https:\\\/\\\/regiaonews.net.br\\\/2022\\\/wp-content\\\/uploads\\\/2022\\\/04\\\/ff12170b-07f6-82f6-c9d7-64909edb425e.jpeg\",\"width\":800,\"height\":533},{\"@type\":\"BreadcrumbList\",\"@id\":\"https:\\\/\\\/regiaonews.net.br\\\/2022\\\/2022\\\/04\\\/18\\\/prorrogadas-as-inscricoes-para-o-processo-seletivo-da-incubadora-de-empresas-de-franca\\\/#breadcrumb\",\"itemListElement\":[{\"@type\":\"ListItem\",\"position\":1,\"name\":\"In\u00edcio\",\"item\":\"https:\\\/\\\/regiaonews.net.br\\\/2022\\\/\"},{\"@type\":\"ListItem\",\"position\":2,\"name\":\"Prorrogadas as inscri\u00e7\u00f5es para o processo seletivo da Incubadora de empresas de Franca\"}]},{\"@type\":\"WebSite\",\"@id\":\"https:\\\/\\\/regiaonews.net.br\\\/2022\\\/#website\",\"url\":\"https:\\\/\\\/regiaonews.net.br\\\/2022\\\/\",\"name\":\"Regi\u00e3o News\",\"description\":\"Site de Not\u00edcias de Barretos e regi\u00e3o\",\"publisher\":{\"@id\":\"https:\\\/\\\/regiaonews.net.br\\\/2022\\\/#organization\"},\"potentialAction\":[{\"@type\":\"SearchAction\",\"target\":{\"@type\":\"EntryPoint\",\"urlTemplate\":\"https:\\\/\\\/regiaonews.net.br\\\/2022\\\/?s={search_term_string}\"},\"query-input\":{\"@type\":\"PropertyValueSpecification\",\"valueRequired\":true,\"valueName\":\"search_term_string\"}}],\"inLanguage\":\"pt-BR\"},{\"@type\":\"Organization\",\"@id\":\"https:\\\/\\\/regiaonews.net.br\\\/2022\\\/#organization\",\"name\":\"Regi\u00e3o News\",\"url\":\"https:\\\/\\\/regiaonews.net.br\\\/2022\\\/\",\"logo\":{\"@type\":\"ImageObject\",\"inLanguage\":\"pt-BR\",\"@id\":\"https:\\\/\\\/regiaonews.net.br\\\/2022\\\/#\\\/schema\\\/logo\\\/image\\\/\",\"url\":\"https:\\\/\\\/regiaonews.net.br\\\/2022\\\/wp-content\\\/uploads\\\/2026\\\/03\\\/regiao-13-anos-scaled.jpg\",\"contentUrl\":\"https:\\\/\\\/regiaonews.net.br\\\/2022\\\/wp-content\\\/uploads\\\/2026\\\/03\\\/regiao-13-anos-scaled.jpg\",\"width\":2560,\"height\":635,\"caption\":\"Regi\u00e3o News\"},\"image\":{\"@id\":\"https:\\\/\\\/regiaonews.net.br\\\/2022\\\/#\\\/schema\\\/logo\\\/image\\\/\"}},{\"@type\":\"Person\",\"@id\":\"https:\\\/\\\/regiaonews.net.br\\\/2022\\\/#\\\/schema\\\/person\\\/2d205a608a5aa97ac279d7a5e6d89ad8\",\"name\":\"Roberto\",\"image\":{\"@type\":\"ImageObject\",\"inLanguage\":\"pt-BR\",\"@id\":\"https:\\\/\\\/secure.gravatar.com\\\/avatar\\\/42749d8b712ff9d59ca93dc150494e5b55a44134482993f5baeb97e61b7ecc89?s=96&d=mm&r=g\",\"url\":\"https:\\\/\\\/secure.gravatar.com\\\/avatar\\\/42749d8b712ff9d59ca93dc150494e5b55a44134482993f5baeb97e61b7ecc89?s=96&d=mm&r=g\",\"contentUrl\":\"https:\\\/\\\/secure.gravatar.com\\\/avatar\\\/42749d8b712ff9d59ca93dc150494e5b55a44134482993f5baeb97e61b7ecc89?s=96&d=mm&r=g\",\"caption\":\"Roberto\"},\"url\":\"https:\\\/\\\/regiaonews.net.br\\\/2022\\\/author\\\/roberto\\\/\"}]}<\/script>\n<!-- \/ Yoast SEO plugin. -->","yoast_head_json":{"title":"Prorrogadas as inscri\u00e7\u00f5es para o processo seletivo da Incubadora de empresas de Franca - Regi\u00e3o News","robots":{"index":"index","follow":"follow","max-snippet":"max-snippet:-1","max-image-preview":"max-image-preview:large","max-video-preview":"max-video-preview:-1"},"canonical":"https:\/\/regiaonews.net.br\/2022\/2022\/04\/18\/prorrogadas-as-inscricoes-para-o-processo-seletivo-da-incubadora-de-empresas-de-franca\/","og_locale":"pt_BR","og_type":"article","og_title":"Prorrogadas as inscri\u00e7\u00f5es para o processo seletivo da Incubadora de empresas de Franca - Regi\u00e3o News","og_description":"S\u00e3o 20 vagas, projetos precisam ter base tecnol\u00f3gica e os","og_url":"https:\/\/regiaonews.net.br\/2022\/2022\/04\/18\/prorrogadas-as-inscricoes-para-o-processo-seletivo-da-incubadora-de-empresas-de-franca\/","og_site_name":"Regi\u00e3o News","article_published_time":"2022-04-18T23:21:25+00:00","og_image":[{"width":800,"height":533,"url":"https:\/\/regiaonews.net.br\/2022\/wp-content\/uploads\/2022\/04\/ff12170b-07f6-82f6-c9d7-64909edb425e.jpeg","type":"image\/jpeg"}],"author":"Roberto","twitter_card":"summary_large_image","twitter_misc":{"Escrito por":"Roberto","Est. tempo de leitura":"4 minutos"},"schema":{"@context":"https:\/\/schema.org","@graph":[{"@type":"Article","@id":"https:\/\/regiaonews.net.br\/2022\/2022\/04\/18\/prorrogadas-as-inscricoes-para-o-processo-seletivo-da-incubadora-de-empresas-de-franca\/#article","isPartOf":{"@id":"https:\/\/regiaonews.net.br\/2022\/2022\/04\/18\/prorrogadas-as-inscricoes-para-o-processo-seletivo-da-incubadora-de-empresas-de-franca\/"},"author":{"name":"Roberto","@id":"https:\/\/regiaonews.net.br\/2022\/#\/schema\/person\/2d205a608a5aa97ac279d7a5e6d89ad8"},"headline":"Prorrogadas as inscri\u00e7\u00f5es para o processo seletivo da Incubadora de empresas de Franca","datePublished":"2022-04-18T23:21:25+00:00","mainEntityOfPage":{"@id":"https:\/\/regiaonews.net.br\/2022\/2022\/04\/18\/prorrogadas-as-inscricoes-para-o-processo-seletivo-da-incubadora-de-empresas-de-franca\/"},"wordCount":782,"commentCount":0,"publisher":{"@id":"https:\/\/regiaonews.net.br\/2022\/#organization"},"image":{"@id":"https:\/\/regiaonews.net.br\/2022\/2022\/04\/18\/prorrogadas-as-inscricoes-para-o-processo-seletivo-da-incubadora-de-empresas-de-franca\/#primaryimage"},"thumbnailUrl":"https:\/\/regiaonews.net.br\/2022\/wp-content\/uploads\/2022\/04\/ff12170b-07f6-82f6-c9d7-64909edb425e.jpeg","articleSection":["Cidades","Franca"],"inLanguage":"pt-BR","potentialAction":[{"@type":"CommentAction","name":"Comment","target":["https:\/\/regiaonews.net.br\/2022\/2022\/04\/18\/prorrogadas-as-inscricoes-para-o-processo-seletivo-da-incubadora-de-empresas-de-franca\/#respond"]}]},{"@type":"WebPage","@id":"https:\/\/regiaonews.net.br\/2022\/2022\/04\/18\/prorrogadas-as-inscricoes-para-o-processo-seletivo-da-incubadora-de-empresas-de-franca\/","url":"https:\/\/regiaonews.net.br\/2022\/2022\/04\/18\/prorrogadas-as-inscricoes-para-o-processo-seletivo-da-incubadora-de-empresas-de-franca\/","name":"Prorrogadas as inscri\u00e7\u00f5es para o processo seletivo da Incubadora de empresas de Franca - Regi\u00e3o News","isPartOf":{"@id":"https:\/\/regiaonews.net.br\/2022\/#website"},"primaryImageOfPage":{"@id":"https:\/\/regiaonews.net.br\/2022\/2022\/04\/18\/prorrogadas-as-inscricoes-para-o-processo-seletivo-da-incubadora-de-empresas-de-franca\/#primaryimage"},"image":{"@id":"https:\/\/regiaonews.net.br\/2022\/2022\/04\/18\/prorrogadas-as-inscricoes-para-o-processo-seletivo-da-incubadora-de-empresas-de-franca\/#primaryimage"},"thumbnailUrl":"https:\/\/regiaonews.net.br\/2022\/wp-content\/uploads\/2022\/04\/ff12170b-07f6-82f6-c9d7-64909edb425e.jpeg","datePublished":"2022-04-18T23:21:25+00:00","breadcrumb":{"@id":"https:\/\/regiaonews.net.br\/2022\/2022\/04\/18\/prorrogadas-as-inscricoes-para-o-processo-seletivo-da-incubadora-de-empresas-de-franca\/#breadcrumb"},"inLanguage":"pt-BR","potentialAction":[{"@type":"ReadAction","target":["https:\/\/regiaonews.net.br\/2022\/2022\/04\/18\/prorrogadas-as-inscricoes-para-o-processo-seletivo-da-incubadora-de-empresas-de-franca\/"]}]},{"@type":"ImageObject","inLanguage":"pt-BR","@id":"https:\/\/regiaonews.net.br\/2022\/2022\/04\/18\/prorrogadas-as-inscricoes-para-o-processo-seletivo-da-incubadora-de-empresas-de-franca\/#primaryimage","url":"https:\/\/regiaonews.net.br\/2022\/wp-content\/uploads\/2022\/04\/ff12170b-07f6-82f6-c9d7-64909edb425e.jpeg","contentUrl":"https:\/\/regiaonews.net.br\/2022\/wp-content\/uploads\/2022\/04\/ff12170b-07f6-82f6-c9d7-64909edb425e.jpeg","width":800,"height":533},{"@type":"BreadcrumbList","@id":"https:\/\/regiaonews.net.br\/2022\/2022\/04\/18\/prorrogadas-as-inscricoes-para-o-processo-seletivo-da-incubadora-de-empresas-de-franca\/#breadcrumb","itemListElement":[{"@type":"ListItem","position":1,"name":"In\u00edcio","item":"https:\/\/regiaonews.net.br\/2022\/"},{"@type":"ListItem","position":2,"name":"Prorrogadas as inscri\u00e7\u00f5es para o processo seletivo da Incubadora de empresas de Franca"}]},{"@type":"WebSite","@id":"https:\/\/regiaonews.net.br\/2022\/#website","url":"https:\/\/regiaonews.net.br\/2022\/","name":"Regi\u00e3o News","description":"Site de Not\u00edcias de Barretos e regi\u00e3o","publisher":{"@id":"https:\/\/regiaonews.net.br\/2022\/#organization"},"potentialAction":[{"@type":"SearchAction","target":{"@type":"EntryPoint","urlTemplate":"https:\/\/regiaonews.net.br\/2022\/?s={search_term_string}"},"query-input":{"@type":"PropertyValueSpecification","valueRequired":true,"valueName":"search_term_string"}}],"inLanguage":"pt-BR"},{"@type":"Organization","@id":"https:\/\/regiaonews.net.br\/2022\/#organization","name":"Regi\u00e3o News","url":"https:\/\/regiaonews.net.br\/2022\/","logo":{"@type":"ImageObject","inLanguage":"pt-BR","@id":"https:\/\/regiaonews.net.br\/2022\/#\/schema\/logo\/image\/","url":"https:\/\/regiaonews.net.br\/2022\/wp-content\/uploads\/2026\/03\/regiao-13-anos-scaled.jpg","contentUrl":"https:\/\/regiaonews.net.br\/2022\/wp-content\/uploads\/2026\/03\/regiao-13-anos-scaled.jpg","width":2560,"height":635,"caption":"Regi\u00e3o News"},"image":{"@id":"https:\/\/regiaonews.net.br\/2022\/#\/schema\/logo\/image\/"}},{"@type":"Person","@id":"https:\/\/regiaonews.net.br\/2022\/#\/schema\/person\/2d205a608a5aa97ac279d7a5e6d89ad8","name":"Roberto","image":{"@type":"ImageObject","inLanguage":"pt-BR","@id":"https:\/\/secure.gravatar.com\/avatar\/42749d8b712ff9d59ca93dc150494e5b55a44134482993f5baeb97e61b7ecc89?s=96&d=mm&r=g","url":"https:\/\/secure.gravatar.com\/avatar\/42749d8b712ff9d59ca93dc150494e5b55a44134482993f5baeb97e61b7ecc89?s=96&d=mm&r=g","contentUrl":"https:\/\/secure.gravatar.com\/avatar\/42749d8b712ff9d59ca93dc150494e5b55a44134482993f5baeb97e61b7ecc89?s=96&d=mm&r=g","caption":"Roberto"},"url":"https:\/\/regiaonews.net.br\/2022\/author\/roberto\/"}]}},"publishpress_future_action":{"enabled":false,"date":"2026-05-08 09:14:41","action":"change-status","newStatus":"draft","terms":[],"taxonomy":"category","extraData":[]},"publishpress_future_workflow_manual_trigger":{"enabledWorkflows":[]},"_links":{"self":[{"href":"https:\/\/regiaonews.net.br\/2022\/wp-json\/wp\/v2\/posts\/70010","targetHints":{"allow":["GET"]}}],"collection":[{"href":"https:\/\/regiaonews.net.br\/2022\/wp-json\/wp\/v2\/posts"}],"about":[{"href":"https:\/\/regiaonews.net.br\/2022\/wp-json\/wp\/v2\/types\/post"}],"author":[{"embeddable":true,"href":"https:\/\/regiaonews.net.br\/2022\/wp-json\/wp\/v2\/users\/2"}],"replies":[{"embeddable":true,"href":"https:\/\/regiaonews.net.br\/2022\/wp-json\/wp\/v2\/comments?post=70010"}],"version-history":[{"count":1,"href":"https:\/\/regiaonews.net.br\/2022\/wp-json\/wp\/v2\/posts\/70010\/revisions"}],"predecessor-version":[{"id":70012,"href":"https:\/\/regiaonews.net.br\/2022\/wp-json\/wp\/v2\/posts\/70010\/revisions\/70012"}],"wp:featuredmedia":[{"embeddable":true,"href":"https:\/\/regiaonews.net.br\/2022\/wp-json\/wp\/v2\/media\/70011"}],"wp:attachment":[{"href":"https:\/\/regiaonews.net.br\/2022\/wp-json\/wp\/v2\/media?parent=70010"}],"wp:term":[{"taxonomy":"category","embeddable":true,"href":"https:\/\/regiaonews.net.br\/2022\/wp-json\/wp\/v2\/categories?post=70010"},{"taxonomy":"post_tag","embeddable":true,"href":"https:\/\/regiaonews.net.br\/2022\/wp-json\/wp\/v2\/tags?post=70010"}],"curies":[{"name":"wp","href":"https:\/\/api.w.org\/{rel}","templated":true}]}}