{"id":70007,"date":"2022-04-18T20:19:25","date_gmt":"2022-04-18T23:19:25","guid":{"rendered":"https:\/\/regiaonews.net.br\/2022\/?p=70007"},"modified":"2022-04-18T20:19:25","modified_gmt":"2022-04-18T23:19:25","slug":"cerca-de-49-mil-infracoes-de-transito-sao-registradas-pela-pm-rodoviaria-durante-o-feriado","status":"publish","type":"post","link":"https:\/\/regiaonews.net.br\/2022\/2022\/04\/18\/cerca-de-49-mil-infracoes-de-transito-sao-registradas-pela-pm-rodoviaria-durante-o-feriado\/","title":{"rendered":"Cerca de 49 mil infra\u00e7\u00f5es de tr\u00e2nsito s\u00e3o registradas pela PM Rodovi\u00e1ria durante o feriado"},"content":{"rendered":"<div>\n<h2 class=\"titulopreto ng-binding\">Ao longo dos quatro dias, equipes tamb\u00e9m realizaram mais de 30 pris\u00f5es e apreenderam quase 197 quilos de drogas<\/h2>\n<p><center><\/p>\n<h2 class=\"titulopreto ng-binding\"><\/h2>\n<p><\/center><\/div>\n<div id=\"notCorpo\" class=\"ng-binding\">\n<div>A Pol\u00edcia Militar Rodovi\u00e1ria aplicou aproximadamente 49 mil autua\u00e7\u00f5es por infra\u00e7\u00f5es de tr\u00e2nsito, realizou mais de 30 pris\u00f5es e recolheu cerca de 197 quilos de drogas, ao longo do feriado prolongado, durante a opera\u00e7\u00e3o \u201cPaix\u00e3o de Cristo \u2013 P\u00e1scoa 2022\u201d. A a\u00e7\u00e3o teve in\u00edcio na madrugada da \u00faltima quinta-feira (14) e terminou na noite de ontem (17).<\/div>\n<div><\/div>\n<div>Durante a opera\u00e7\u00e3o, o policiamento rodovi\u00e1rio foi intensificado nos mais de 22 mil quil\u00f4metros de malha rodovi\u00e1ria do Estado, mobilizando todo o efetivo operacional em locais estrat\u00e9gicos, indicados pelo Setor de Intelig\u00eancia da Institui\u00e7\u00e3o. Ao todo, foram empenhados 3,4 mil homens e mulheres, com apoio de mais de 800 viaturas e Bases Operacionais (BOp).<\/div>\n<div><\/div>\n<div>Como resultado, foram elaboradas 48.954 autua\u00e7\u00f5es por in\u00fameras infra\u00e7\u00f5es de tr\u00e2nsito, sendo 24.160 por excesso de velocidade, 5.161 por n\u00e3o uso do cinto de seguran\u00e7a e outros dispositivos de reten\u00e7\u00e3o, 1.316 por dirigir sob a influ\u00eancia de \u00e1lcool ou recusa ao teste do etil\u00f4metro, 1.259 por ultrapassagens em locais proibidos e 880 por uso de celular durante a condu\u00e7\u00e3o do ve\u00edculo.<\/div>\n<div><\/div>\n<div>Durante as atividades, 27.689 motoristas por submetidos aos testes de alcoolemia e 16 conduzidos \u00e0 pol\u00edcia judici\u00e1ria pelo crime de embriaguez ao volante.<\/div>\n<div><\/div>\n<div>Somado a isso, 21 pessoas foram presas em flagrante por diversos delitos, 12 procurados pela Justi\u00e7a capturados, tr\u00eas armas de fogo ilegais retiradas de circula\u00e7\u00e3o e 196,9 quilos de drogas apreendidas.<\/div>\n<\/div>\n","protected":false},"excerpt":{"rendered":"<p>Ao longo dos quatro dias, equipes tamb\u00e9m realizaram mais de<\/p>\n","protected":false},"author":2,"featured_media":70008,"comment_status":"open","ping_status":"open","sticky":false,"template":"","format":"standard","meta":{"footnotes":""},"categories":[7,23],"tags":[],"class_list":["post-70007","post","type-post","status-publish","format-standard","has-post-thumbnail","hentry","category-estado-de-sao-paulo","category-policia"],"yoast_head":"<!-- This site is optimized with the Yoast SEO plugin v27.5 - https:\/\/yoast.com\/product\/yoast-seo-wordpress\/ -->\n<title>Cerca de 49 mil infra\u00e7\u00f5es de tr\u00e2nsito s\u00e3o registradas pela PM Rodovi\u00e1ria durante o feriado - Regi\u00e3o News<\/title>\n<meta name=\"robots\" content=\"index, follow, max-snippet:-1, max-image-preview:large, max-video-preview:-1\" \/>\n<link rel=\"canonical\" href=\"https:\/\/regiaonews.net.br\/2022\/2022\/04\/18\/cerca-de-49-mil-infracoes-de-transito-sao-registradas-pela-pm-rodoviaria-durante-o-feriado\/\" \/>\n<meta property=\"og:locale\" content=\"pt_BR\" \/>\n<meta property=\"og:type\" content=\"article\" \/>\n<meta property=\"og:title\" content=\"Cerca de 49 mil infra\u00e7\u00f5es de tr\u00e2nsito s\u00e3o registradas pela PM Rodovi\u00e1ria durante o feriado - Regi\u00e3o News\" \/>\n<meta property=\"og:description\" content=\"Ao longo dos quatro dias, equipes tamb\u00e9m realizaram mais de\" \/>\n<meta property=\"og:url\" content=\"https:\/\/regiaonews.net.br\/2022\/2022\/04\/18\/cerca-de-49-mil-infracoes-de-transito-sao-registradas-pela-pm-rodoviaria-durante-o-feriado\/\" \/>\n<meta property=\"og:site_name\" content=\"Regi\u00e3o News\" \/>\n<meta property=\"article:published_time\" content=\"2022-04-18T23:19:25+00:00\" \/>\n<meta property=\"og:image\" content=\"https:\/\/regiaonews.net.br\/2022\/wp-content\/uploads\/2022\/04\/00046840.jpeg\" \/>\n\t<meta property=\"og:image:width\" content=\"1032\" \/>\n\t<meta property=\"og:image:height\" content=\"774\" \/>\n\t<meta property=\"og:image:type\" content=\"image\/jpeg\" \/>\n<meta name=\"author\" content=\"Roberto\" \/>\n<meta name=\"twitter:card\" content=\"summary_large_image\" \/>\n<meta name=\"twitter:label1\" content=\"Escrito por\" \/>\n\t<meta name=\"twitter:data1\" content=\"Roberto\" \/>\n\t<meta name=\"twitter:label2\" content=\"Est. tempo de leitura\" \/>\n\t<meta name=\"twitter:data2\" content=\"2 minutos\" \/>\n<script type=\"application\/ld+json\" class=\"yoast-schema-graph\">{\"@context\":\"https:\\\/\\\/schema.org\",\"@graph\":[{\"@type\":\"Article\",\"@id\":\"https:\\\/\\\/regiaonews.net.br\\\/2022\\\/2022\\\/04\\\/18\\\/cerca-de-49-mil-infracoes-de-transito-sao-registradas-pela-pm-rodoviaria-durante-o-feriado\\\/#article\",\"isPartOf\":{\"@id\":\"https:\\\/\\\/regiaonews.net.br\\\/2022\\\/2022\\\/04\\\/18\\\/cerca-de-49-mil-infracoes-de-transito-sao-registradas-pela-pm-rodoviaria-durante-o-feriado\\\/\"},\"author\":{\"name\":\"Roberto\",\"@id\":\"https:\\\/\\\/regiaonews.net.br\\\/2022\\\/#\\\/schema\\\/person\\\/2d205a608a5aa97ac279d7a5e6d89ad8\"},\"headline\":\"Cerca de 49 mil infra\u00e7\u00f5es de tr\u00e2nsito s\u00e3o registradas pela PM Rodovi\u00e1ria durante o feriado\",\"datePublished\":\"2022-04-18T23:19:25+00:00\",\"mainEntityOfPage\":{\"@id\":\"https:\\\/\\\/regiaonews.net.br\\\/2022\\\/2022\\\/04\\\/18\\\/cerca-de-49-mil-infracoes-de-transito-sao-registradas-pela-pm-rodoviaria-durante-o-feriado\\\/\"},\"wordCount\":275,\"commentCount\":0,\"publisher\":{\"@id\":\"https:\\\/\\\/regiaonews.net.br\\\/2022\\\/#organization\"},\"image\":{\"@id\":\"https:\\\/\\\/regiaonews.net.br\\\/2022\\\/2022\\\/04\\\/18\\\/cerca-de-49-mil-infracoes-de-transito-sao-registradas-pela-pm-rodoviaria-durante-o-feriado\\\/#primaryimage\"},\"thumbnailUrl\":\"https:\\\/\\\/regiaonews.net.br\\\/2022\\\/wp-content\\\/uploads\\\/2022\\\/04\\\/00046840.jpeg\",\"articleSection\":[\"Estado de S\u00e3o Paulo\",\"Policia\"],\"inLanguage\":\"pt-BR\",\"potentialAction\":[{\"@type\":\"CommentAction\",\"name\":\"Comment\",\"target\":[\"https:\\\/\\\/regiaonews.net.br\\\/2022\\\/2022\\\/04\\\/18\\\/cerca-de-49-mil-infracoes-de-transito-sao-registradas-pela-pm-rodoviaria-durante-o-feriado\\\/#respond\"]}]},{\"@type\":\"WebPage\",\"@id\":\"https:\\\/\\\/regiaonews.net.br\\\/2022\\\/2022\\\/04\\\/18\\\/cerca-de-49-mil-infracoes-de-transito-sao-registradas-pela-pm-rodoviaria-durante-o-feriado\\\/\",\"url\":\"https:\\\/\\\/regiaonews.net.br\\\/2022\\\/2022\\\/04\\\/18\\\/cerca-de-49-mil-infracoes-de-transito-sao-registradas-pela-pm-rodoviaria-durante-o-feriado\\\/\",\"name\":\"Cerca de 49 mil infra\u00e7\u00f5es de tr\u00e2nsito s\u00e3o registradas pela PM Rodovi\u00e1ria durante o feriado - Regi\u00e3o News\",\"isPartOf\":{\"@id\":\"https:\\\/\\\/regiaonews.net.br\\\/2022\\\/#website\"},\"primaryImageOfPage\":{\"@id\":\"https:\\\/\\\/regiaonews.net.br\\\/2022\\\/2022\\\/04\\\/18\\\/cerca-de-49-mil-infracoes-de-transito-sao-registradas-pela-pm-rodoviaria-durante-o-feriado\\\/#primaryimage\"},\"image\":{\"@id\":\"https:\\\/\\\/regiaonews.net.br\\\/2022\\\/2022\\\/04\\\/18\\\/cerca-de-49-mil-infracoes-de-transito-sao-registradas-pela-pm-rodoviaria-durante-o-feriado\\\/#primaryimage\"},\"thumbnailUrl\":\"https:\\\/\\\/regiaonews.net.br\\\/2022\\\/wp-content\\\/uploads\\\/2022\\\/04\\\/00046840.jpeg\",\"datePublished\":\"2022-04-18T23:19:25+00:00\",\"breadcrumb\":{\"@id\":\"https:\\\/\\\/regiaonews.net.br\\\/2022\\\/2022\\\/04\\\/18\\\/cerca-de-49-mil-infracoes-de-transito-sao-registradas-pela-pm-rodoviaria-durante-o-feriado\\\/#breadcrumb\"},\"inLanguage\":\"pt-BR\",\"potentialAction\":[{\"@type\":\"ReadAction\",\"target\":[\"https:\\\/\\\/regiaonews.net.br\\\/2022\\\/2022\\\/04\\\/18\\\/cerca-de-49-mil-infracoes-de-transito-sao-registradas-pela-pm-rodoviaria-durante-o-feriado\\\/\"]}]},{\"@type\":\"ImageObject\",\"inLanguage\":\"pt-BR\",\"@id\":\"https:\\\/\\\/regiaonews.net.br\\\/2022\\\/2022\\\/04\\\/18\\\/cerca-de-49-mil-infracoes-de-transito-sao-registradas-pela-pm-rodoviaria-durante-o-feriado\\\/#primaryimage\",\"url\":\"https:\\\/\\\/regiaonews.net.br\\\/2022\\\/wp-content\\\/uploads\\\/2022\\\/04\\\/00046840.jpeg\",\"contentUrl\":\"https:\\\/\\\/regiaonews.net.br\\\/2022\\\/wp-content\\\/uploads\\\/2022\\\/04\\\/00046840.jpeg\",\"width\":1032,\"height\":774},{\"@type\":\"BreadcrumbList\",\"@id\":\"https:\\\/\\\/regiaonews.net.br\\\/2022\\\/2022\\\/04\\\/18\\\/cerca-de-49-mil-infracoes-de-transito-sao-registradas-pela-pm-rodoviaria-durante-o-feriado\\\/#breadcrumb\",\"itemListElement\":[{\"@type\":\"ListItem\",\"position\":1,\"name\":\"In\u00edcio\",\"item\":\"https:\\\/\\\/regiaonews.net.br\\\/2022\\\/\"},{\"@type\":\"ListItem\",\"position\":2,\"name\":\"Cerca de 49 mil infra\u00e7\u00f5es de tr\u00e2nsito s\u00e3o registradas pela PM Rodovi\u00e1ria durante o feriado\"}]},{\"@type\":\"WebSite\",\"@id\":\"https:\\\/\\\/regiaonews.net.br\\\/2022\\\/#website\",\"url\":\"https:\\\/\\\/regiaonews.net.br\\\/2022\\\/\",\"name\":\"Regi\u00e3o News\",\"description\":\"Site de Not\u00edcias de Barretos e regi\u00e3o\",\"publisher\":{\"@id\":\"https:\\\/\\\/regiaonews.net.br\\\/2022\\\/#organization\"},\"potentialAction\":[{\"@type\":\"SearchAction\",\"target\":{\"@type\":\"EntryPoint\",\"urlTemplate\":\"https:\\\/\\\/regiaonews.net.br\\\/2022\\\/?s={search_term_string}\"},\"query-input\":{\"@type\":\"PropertyValueSpecification\",\"valueRequired\":true,\"valueName\":\"search_term_string\"}}],\"inLanguage\":\"pt-BR\"},{\"@type\":\"Organization\",\"@id\":\"https:\\\/\\\/regiaonews.net.br\\\/2022\\\/#organization\",\"name\":\"Regi\u00e3o News\",\"url\":\"https:\\\/\\\/regiaonews.net.br\\\/2022\\\/\",\"logo\":{\"@type\":\"ImageObject\",\"inLanguage\":\"pt-BR\",\"@id\":\"https:\\\/\\\/regiaonews.net.br\\\/2022\\\/#\\\/schema\\\/logo\\\/image\\\/\",\"url\":\"https:\\\/\\\/regiaonews.net.br\\\/2022\\\/wp-content\\\/uploads\\\/2026\\\/03\\\/regiao-13-anos-scaled.jpg\",\"contentUrl\":\"https:\\\/\\\/regiaonews.net.br\\\/2022\\\/wp-content\\\/uploads\\\/2026\\\/03\\\/regiao-13-anos-scaled.jpg\",\"width\":2560,\"height\":635,\"caption\":\"Regi\u00e3o News\"},\"image\":{\"@id\":\"https:\\\/\\\/regiaonews.net.br\\\/2022\\\/#\\\/schema\\\/logo\\\/image\\\/\"}},{\"@type\":\"Person\",\"@id\":\"https:\\\/\\\/regiaonews.net.br\\\/2022\\\/#\\\/schema\\\/person\\\/2d205a608a5aa97ac279d7a5e6d89ad8\",\"name\":\"Roberto\",\"image\":{\"@type\":\"ImageObject\",\"inLanguage\":\"pt-BR\",\"@id\":\"https:\\\/\\\/secure.gravatar.com\\\/avatar\\\/42749d8b712ff9d59ca93dc150494e5b55a44134482993f5baeb97e61b7ecc89?s=96&d=mm&r=g\",\"url\":\"https:\\\/\\\/secure.gravatar.com\\\/avatar\\\/42749d8b712ff9d59ca93dc150494e5b55a44134482993f5baeb97e61b7ecc89?s=96&d=mm&r=g\",\"contentUrl\":\"https:\\\/\\\/secure.gravatar.com\\\/avatar\\\/42749d8b712ff9d59ca93dc150494e5b55a44134482993f5baeb97e61b7ecc89?s=96&d=mm&r=g\",\"caption\":\"Roberto\"},\"url\":\"https:\\\/\\\/regiaonews.net.br\\\/2022\\\/author\\\/roberto\\\/\"}]}<\/script>\n<!-- \/ Yoast SEO plugin. -->","yoast_head_json":{"title":"Cerca de 49 mil infra\u00e7\u00f5es de tr\u00e2nsito s\u00e3o registradas pela PM Rodovi\u00e1ria durante o feriado - Regi\u00e3o News","robots":{"index":"index","follow":"follow","max-snippet":"max-snippet:-1","max-image-preview":"max-image-preview:large","max-video-preview":"max-video-preview:-1"},"canonical":"https:\/\/regiaonews.net.br\/2022\/2022\/04\/18\/cerca-de-49-mil-infracoes-de-transito-sao-registradas-pela-pm-rodoviaria-durante-o-feriado\/","og_locale":"pt_BR","og_type":"article","og_title":"Cerca de 49 mil infra\u00e7\u00f5es de tr\u00e2nsito s\u00e3o registradas pela PM Rodovi\u00e1ria durante o feriado - Regi\u00e3o News","og_description":"Ao longo dos quatro dias, equipes tamb\u00e9m realizaram mais de","og_url":"https:\/\/regiaonews.net.br\/2022\/2022\/04\/18\/cerca-de-49-mil-infracoes-de-transito-sao-registradas-pela-pm-rodoviaria-durante-o-feriado\/","og_site_name":"Regi\u00e3o News","article_published_time":"2022-04-18T23:19:25+00:00","og_image":[{"width":1032,"height":774,"url":"https:\/\/regiaonews.net.br\/2022\/wp-content\/uploads\/2022\/04\/00046840.jpeg","type":"image\/jpeg"}],"author":"Roberto","twitter_card":"summary_large_image","twitter_misc":{"Escrito por":"Roberto","Est. tempo de leitura":"2 minutos"},"schema":{"@context":"https:\/\/schema.org","@graph":[{"@type":"Article","@id":"https:\/\/regiaonews.net.br\/2022\/2022\/04\/18\/cerca-de-49-mil-infracoes-de-transito-sao-registradas-pela-pm-rodoviaria-durante-o-feriado\/#article","isPartOf":{"@id":"https:\/\/regiaonews.net.br\/2022\/2022\/04\/18\/cerca-de-49-mil-infracoes-de-transito-sao-registradas-pela-pm-rodoviaria-durante-o-feriado\/"},"author":{"name":"Roberto","@id":"https:\/\/regiaonews.net.br\/2022\/#\/schema\/person\/2d205a608a5aa97ac279d7a5e6d89ad8"},"headline":"Cerca de 49 mil infra\u00e7\u00f5es de tr\u00e2nsito s\u00e3o registradas pela PM Rodovi\u00e1ria durante o feriado","datePublished":"2022-04-18T23:19:25+00:00","mainEntityOfPage":{"@id":"https:\/\/regiaonews.net.br\/2022\/2022\/04\/18\/cerca-de-49-mil-infracoes-de-transito-sao-registradas-pela-pm-rodoviaria-durante-o-feriado\/"},"wordCount":275,"commentCount":0,"publisher":{"@id":"https:\/\/regiaonews.net.br\/2022\/#organization"},"image":{"@id":"https:\/\/regiaonews.net.br\/2022\/2022\/04\/18\/cerca-de-49-mil-infracoes-de-transito-sao-registradas-pela-pm-rodoviaria-durante-o-feriado\/#primaryimage"},"thumbnailUrl":"https:\/\/regiaonews.net.br\/2022\/wp-content\/uploads\/2022\/04\/00046840.jpeg","articleSection":["Estado de S\u00e3o Paulo","Policia"],"inLanguage":"pt-BR","potentialAction":[{"@type":"CommentAction","name":"Comment","target":["https:\/\/regiaonews.net.br\/2022\/2022\/04\/18\/cerca-de-49-mil-infracoes-de-transito-sao-registradas-pela-pm-rodoviaria-durante-o-feriado\/#respond"]}]},{"@type":"WebPage","@id":"https:\/\/regiaonews.net.br\/2022\/2022\/04\/18\/cerca-de-49-mil-infracoes-de-transito-sao-registradas-pela-pm-rodoviaria-durante-o-feriado\/","url":"https:\/\/regiaonews.net.br\/2022\/2022\/04\/18\/cerca-de-49-mil-infracoes-de-transito-sao-registradas-pela-pm-rodoviaria-durante-o-feriado\/","name":"Cerca de 49 mil infra\u00e7\u00f5es de tr\u00e2nsito s\u00e3o registradas pela PM Rodovi\u00e1ria durante o feriado - Regi\u00e3o News","isPartOf":{"@id":"https:\/\/regiaonews.net.br\/2022\/#website"},"primaryImageOfPage":{"@id":"https:\/\/regiaonews.net.br\/2022\/2022\/04\/18\/cerca-de-49-mil-infracoes-de-transito-sao-registradas-pela-pm-rodoviaria-durante-o-feriado\/#primaryimage"},"image":{"@id":"https:\/\/regiaonews.net.br\/2022\/2022\/04\/18\/cerca-de-49-mil-infracoes-de-transito-sao-registradas-pela-pm-rodoviaria-durante-o-feriado\/#primaryimage"},"thumbnailUrl":"https:\/\/regiaonews.net.br\/2022\/wp-content\/uploads\/2022\/04\/00046840.jpeg","datePublished":"2022-04-18T23:19:25+00:00","breadcrumb":{"@id":"https:\/\/regiaonews.net.br\/2022\/2022\/04\/18\/cerca-de-49-mil-infracoes-de-transito-sao-registradas-pela-pm-rodoviaria-durante-o-feriado\/#breadcrumb"},"inLanguage":"pt-BR","potentialAction":[{"@type":"ReadAction","target":["https:\/\/regiaonews.net.br\/2022\/2022\/04\/18\/cerca-de-49-mil-infracoes-de-transito-sao-registradas-pela-pm-rodoviaria-durante-o-feriado\/"]}]},{"@type":"ImageObject","inLanguage":"pt-BR","@id":"https:\/\/regiaonews.net.br\/2022\/2022\/04\/18\/cerca-de-49-mil-infracoes-de-transito-sao-registradas-pela-pm-rodoviaria-durante-o-feriado\/#primaryimage","url":"https:\/\/regiaonews.net.br\/2022\/wp-content\/uploads\/2022\/04\/00046840.jpeg","contentUrl":"https:\/\/regiaonews.net.br\/2022\/wp-content\/uploads\/2022\/04\/00046840.jpeg","width":1032,"height":774},{"@type":"BreadcrumbList","@id":"https:\/\/regiaonews.net.br\/2022\/2022\/04\/18\/cerca-de-49-mil-infracoes-de-transito-sao-registradas-pela-pm-rodoviaria-durante-o-feriado\/#breadcrumb","itemListElement":[{"@type":"ListItem","position":1,"name":"In\u00edcio","item":"https:\/\/regiaonews.net.br\/2022\/"},{"@type":"ListItem","position":2,"name":"Cerca de 49 mil infra\u00e7\u00f5es de tr\u00e2nsito s\u00e3o registradas pela PM Rodovi\u00e1ria durante o feriado"}]},{"@type":"WebSite","@id":"https:\/\/regiaonews.net.br\/2022\/#website","url":"https:\/\/regiaonews.net.br\/2022\/","name":"Regi\u00e3o News","description":"Site de Not\u00edcias de Barretos e regi\u00e3o","publisher":{"@id":"https:\/\/regiaonews.net.br\/2022\/#organization"},"potentialAction":[{"@type":"SearchAction","target":{"@type":"EntryPoint","urlTemplate":"https:\/\/regiaonews.net.br\/2022\/?s={search_term_string}"},"query-input":{"@type":"PropertyValueSpecification","valueRequired":true,"valueName":"search_term_string"}}],"inLanguage":"pt-BR"},{"@type":"Organization","@id":"https:\/\/regiaonews.net.br\/2022\/#organization","name":"Regi\u00e3o News","url":"https:\/\/regiaonews.net.br\/2022\/","logo":{"@type":"ImageObject","inLanguage":"pt-BR","@id":"https:\/\/regiaonews.net.br\/2022\/#\/schema\/logo\/image\/","url":"https:\/\/regiaonews.net.br\/2022\/wp-content\/uploads\/2026\/03\/regiao-13-anos-scaled.jpg","contentUrl":"https:\/\/regiaonews.net.br\/2022\/wp-content\/uploads\/2026\/03\/regiao-13-anos-scaled.jpg","width":2560,"height":635,"caption":"Regi\u00e3o News"},"image":{"@id":"https:\/\/regiaonews.net.br\/2022\/#\/schema\/logo\/image\/"}},{"@type":"Person","@id":"https:\/\/regiaonews.net.br\/2022\/#\/schema\/person\/2d205a608a5aa97ac279d7a5e6d89ad8","name":"Roberto","image":{"@type":"ImageObject","inLanguage":"pt-BR","@id":"https:\/\/secure.gravatar.com\/avatar\/42749d8b712ff9d59ca93dc150494e5b55a44134482993f5baeb97e61b7ecc89?s=96&d=mm&r=g","url":"https:\/\/secure.gravatar.com\/avatar\/42749d8b712ff9d59ca93dc150494e5b55a44134482993f5baeb97e61b7ecc89?s=96&d=mm&r=g","contentUrl":"https:\/\/secure.gravatar.com\/avatar\/42749d8b712ff9d59ca93dc150494e5b55a44134482993f5baeb97e61b7ecc89?s=96&d=mm&r=g","caption":"Roberto"},"url":"https:\/\/regiaonews.net.br\/2022\/author\/roberto\/"}]}},"publishpress_future_action":{"enabled":false,"date":"2026-05-08 05:38:58","action":"change-status","newStatus":"draft","terms":[],"taxonomy":"category","extraData":[]},"publishpress_future_workflow_manual_trigger":{"enabledWorkflows":[]},"_links":{"self":[{"href":"https:\/\/regiaonews.net.br\/2022\/wp-json\/wp\/v2\/posts\/70007","targetHints":{"allow":["GET"]}}],"collection":[{"href":"https:\/\/regiaonews.net.br\/2022\/wp-json\/wp\/v2\/posts"}],"about":[{"href":"https:\/\/regiaonews.net.br\/2022\/wp-json\/wp\/v2\/types\/post"}],"author":[{"embeddable":true,"href":"https:\/\/regiaonews.net.br\/2022\/wp-json\/wp\/v2\/users\/2"}],"replies":[{"embeddable":true,"href":"https:\/\/regiaonews.net.br\/2022\/wp-json\/wp\/v2\/comments?post=70007"}],"version-history":[{"count":1,"href":"https:\/\/regiaonews.net.br\/2022\/wp-json\/wp\/v2\/posts\/70007\/revisions"}],"predecessor-version":[{"id":70009,"href":"https:\/\/regiaonews.net.br\/2022\/wp-json\/wp\/v2\/posts\/70007\/revisions\/70009"}],"wp:featuredmedia":[{"embeddable":true,"href":"https:\/\/regiaonews.net.br\/2022\/wp-json\/wp\/v2\/media\/70008"}],"wp:attachment":[{"href":"https:\/\/regiaonews.net.br\/2022\/wp-json\/wp\/v2\/media?parent=70007"}],"wp:term":[{"taxonomy":"category","embeddable":true,"href":"https:\/\/regiaonews.net.br\/2022\/wp-json\/wp\/v2\/categories?post=70007"},{"taxonomy":"post_tag","embeddable":true,"href":"https:\/\/regiaonews.net.br\/2022\/wp-json\/wp\/v2\/tags?post=70007"}],"curies":[{"name":"wp","href":"https:\/\/api.w.org\/{rel}","templated":true}]}}