{"id":68491,"date":"2022-03-19T10:16:06","date_gmt":"2022-03-19T13:16:06","guid":{"rendered":"https:\/\/regiaonews.net.br\/2022\/?p=68491"},"modified":"2022-03-19T10:16:06","modified_gmt":"2022-03-19T13:16:06","slug":"comunidade-registra-furto-do-sino-da-capela-da-cachoeirinha","status":"publish","type":"post","link":"https:\/\/regiaonews.net.br\/2022\/2022\/03\/19\/comunidade-registra-furto-do-sino-da-capela-da-cachoeirinha\/","title":{"rendered":"Comunidade registra furto do sino da capela da Cachoeirinha"},"content":{"rendered":"<p>Foto \u2013 Vista da Capela de S\u00e3o Sebasti\u00e3o \u2013 Foto \u2013 Aquino Jos\u00e9<\/p>\n<p>&nbsp;<\/p>\n<p>Os integrantes da Comiss\u00e3o da Capela de S\u00e3o Sebasti\u00e3o da Cachoeirinha, que pertence a Par\u00f3quia S\u00e3o Luiz, constataram na quinta (17), que foi furtado o sino de bronze que h\u00e1 mais de 60 anos, estava instalado ao lado da Igreja. Segundo Wilson Roberto Canevarolo, secret\u00e1rio da comiss\u00e3o, o sino furtado \u00e9 de tamanho m\u00e9dio e n\u00e3o \u00e9 algo muito valioso, mas para a comunidade tem um valor sentimental muito grande. \u201cEle era usado nas missas que acontecem duas vezes por m\u00eas na capela e nas quermesses\u201d, afirmou. Os integrantes registraram boletim de ocorr\u00eancia na Pol\u00edcia Militar. A comunidade est\u00e1 oferecendo recompensa pela localiza\u00e7\u00e3o do sino.<\/p>\n<p>&nbsp;<\/p>\n","protected":false},"excerpt":{"rendered":"<p>Foto \u2013 Vista da Capela de S\u00e3o Sebasti\u00e3o \u2013 Foto<\/p>\n","protected":false},"author":2,"featured_media":68492,"comment_status":"open","ping_status":"open","sticky":false,"template":"","format":"standard","meta":{"footnotes":""},"categories":[14,23],"tags":[],"class_list":["post-68491","post","type-post","status-publish","format-standard","has-post-thumbnail","hentry","category-barretos","category-policia"],"yoast_head":"<!-- This site is optimized with the Yoast SEO plugin v27.5 - https:\/\/yoast.com\/product\/yoast-seo-wordpress\/ -->\n<title>Comunidade registra furto do sino da capela da Cachoeirinha - Regi\u00e3o News<\/title>\n<meta name=\"robots\" content=\"index, follow, max-snippet:-1, max-image-preview:large, max-video-preview:-1\" \/>\n<link rel=\"canonical\" href=\"https:\/\/regiaonews.net.br\/2022\/2022\/03\/19\/comunidade-registra-furto-do-sino-da-capela-da-cachoeirinha\/\" \/>\n<meta property=\"og:locale\" content=\"pt_BR\" \/>\n<meta property=\"og:type\" content=\"article\" \/>\n<meta property=\"og:title\" content=\"Comunidade registra furto do sino da capela da Cachoeirinha - Regi\u00e3o News\" \/>\n<meta property=\"og:description\" content=\"Foto \u2013 Vista da Capela de S\u00e3o Sebasti\u00e3o \u2013 Foto\" \/>\n<meta property=\"og:url\" content=\"https:\/\/regiaonews.net.br\/2022\/2022\/03\/19\/comunidade-registra-furto-do-sino-da-capela-da-cachoeirinha\/\" \/>\n<meta property=\"og:site_name\" content=\"Regi\u00e3o News\" \/>\n<meta property=\"article:published_time\" content=\"2022-03-19T13:16:06+00:00\" \/>\n<meta property=\"og:image\" content=\"https:\/\/regiaonews.net.br\/2022\/wp-content\/uploads\/2022\/03\/Capela-Sao-Sebastiao-1.jpg\" \/>\n\t<meta property=\"og:image:width\" content=\"1280\" \/>\n\t<meta property=\"og:image:height\" content=\"853\" \/>\n\t<meta property=\"og:image:type\" content=\"image\/jpeg\" \/>\n<meta name=\"author\" content=\"Roberto\" \/>\n<meta name=\"twitter:card\" content=\"summary_large_image\" \/>\n<meta name=\"twitter:label1\" content=\"Escrito por\" \/>\n\t<meta name=\"twitter:data1\" content=\"Roberto\" \/>\n\t<meta name=\"twitter:label2\" content=\"Est. tempo de leitura\" \/>\n\t<meta name=\"twitter:data2\" content=\"1 minuto\" \/>\n<script type=\"application\/ld+json\" class=\"yoast-schema-graph\">{\"@context\":\"https:\\\/\\\/schema.org\",\"@graph\":[{\"@type\":\"Article\",\"@id\":\"https:\\\/\\\/regiaonews.net.br\\\/2022\\\/2022\\\/03\\\/19\\\/comunidade-registra-furto-do-sino-da-capela-da-cachoeirinha\\\/#article\",\"isPartOf\":{\"@id\":\"https:\\\/\\\/regiaonews.net.br\\\/2022\\\/2022\\\/03\\\/19\\\/comunidade-registra-furto-do-sino-da-capela-da-cachoeirinha\\\/\"},\"author\":{\"name\":\"Roberto\",\"@id\":\"https:\\\/\\\/regiaonews.net.br\\\/2022\\\/#\\\/schema\\\/person\\\/2d205a608a5aa97ac279d7a5e6d89ad8\"},\"headline\":\"Comunidade registra furto do sino da capela da Cachoeirinha\",\"datePublished\":\"2022-03-19T13:16:06+00:00\",\"mainEntityOfPage\":{\"@id\":\"https:\\\/\\\/regiaonews.net.br\\\/2022\\\/2022\\\/03\\\/19\\\/comunidade-registra-furto-do-sino-da-capela-da-cachoeirinha\\\/\"},\"wordCount\":137,\"commentCount\":0,\"publisher\":{\"@id\":\"https:\\\/\\\/regiaonews.net.br\\\/2022\\\/#organization\"},\"image\":{\"@id\":\"https:\\\/\\\/regiaonews.net.br\\\/2022\\\/2022\\\/03\\\/19\\\/comunidade-registra-furto-do-sino-da-capela-da-cachoeirinha\\\/#primaryimage\"},\"thumbnailUrl\":\"https:\\\/\\\/regiaonews.net.br\\\/2022\\\/wp-content\\\/uploads\\\/2022\\\/03\\\/Capela-Sao-Sebastiao-1.jpg\",\"articleSection\":[\"Barretos\",\"Policia\"],\"inLanguage\":\"pt-BR\",\"potentialAction\":[{\"@type\":\"CommentAction\",\"name\":\"Comment\",\"target\":[\"https:\\\/\\\/regiaonews.net.br\\\/2022\\\/2022\\\/03\\\/19\\\/comunidade-registra-furto-do-sino-da-capela-da-cachoeirinha\\\/#respond\"]}]},{\"@type\":\"WebPage\",\"@id\":\"https:\\\/\\\/regiaonews.net.br\\\/2022\\\/2022\\\/03\\\/19\\\/comunidade-registra-furto-do-sino-da-capela-da-cachoeirinha\\\/\",\"url\":\"https:\\\/\\\/regiaonews.net.br\\\/2022\\\/2022\\\/03\\\/19\\\/comunidade-registra-furto-do-sino-da-capela-da-cachoeirinha\\\/\",\"name\":\"Comunidade registra furto do sino da capela da Cachoeirinha - Regi\u00e3o News\",\"isPartOf\":{\"@id\":\"https:\\\/\\\/regiaonews.net.br\\\/2022\\\/#website\"},\"primaryImageOfPage\":{\"@id\":\"https:\\\/\\\/regiaonews.net.br\\\/2022\\\/2022\\\/03\\\/19\\\/comunidade-registra-furto-do-sino-da-capela-da-cachoeirinha\\\/#primaryimage\"},\"image\":{\"@id\":\"https:\\\/\\\/regiaonews.net.br\\\/2022\\\/2022\\\/03\\\/19\\\/comunidade-registra-furto-do-sino-da-capela-da-cachoeirinha\\\/#primaryimage\"},\"thumbnailUrl\":\"https:\\\/\\\/regiaonews.net.br\\\/2022\\\/wp-content\\\/uploads\\\/2022\\\/03\\\/Capela-Sao-Sebastiao-1.jpg\",\"datePublished\":\"2022-03-19T13:16:06+00:00\",\"breadcrumb\":{\"@id\":\"https:\\\/\\\/regiaonews.net.br\\\/2022\\\/2022\\\/03\\\/19\\\/comunidade-registra-furto-do-sino-da-capela-da-cachoeirinha\\\/#breadcrumb\"},\"inLanguage\":\"pt-BR\",\"potentialAction\":[{\"@type\":\"ReadAction\",\"target\":[\"https:\\\/\\\/regiaonews.net.br\\\/2022\\\/2022\\\/03\\\/19\\\/comunidade-registra-furto-do-sino-da-capela-da-cachoeirinha\\\/\"]}]},{\"@type\":\"ImageObject\",\"inLanguage\":\"pt-BR\",\"@id\":\"https:\\\/\\\/regiaonews.net.br\\\/2022\\\/2022\\\/03\\\/19\\\/comunidade-registra-furto-do-sino-da-capela-da-cachoeirinha\\\/#primaryimage\",\"url\":\"https:\\\/\\\/regiaonews.net.br\\\/2022\\\/wp-content\\\/uploads\\\/2022\\\/03\\\/Capela-Sao-Sebastiao-1.jpg\",\"contentUrl\":\"https:\\\/\\\/regiaonews.net.br\\\/2022\\\/wp-content\\\/uploads\\\/2022\\\/03\\\/Capela-Sao-Sebastiao-1.jpg\",\"width\":1280,\"height\":853},{\"@type\":\"BreadcrumbList\",\"@id\":\"https:\\\/\\\/regiaonews.net.br\\\/2022\\\/2022\\\/03\\\/19\\\/comunidade-registra-furto-do-sino-da-capela-da-cachoeirinha\\\/#breadcrumb\",\"itemListElement\":[{\"@type\":\"ListItem\",\"position\":1,\"name\":\"In\u00edcio\",\"item\":\"https:\\\/\\\/regiaonews.net.br\\\/2022\\\/\"},{\"@type\":\"ListItem\",\"position\":2,\"name\":\"Comunidade registra furto do sino da capela da Cachoeirinha\"}]},{\"@type\":\"WebSite\",\"@id\":\"https:\\\/\\\/regiaonews.net.br\\\/2022\\\/#website\",\"url\":\"https:\\\/\\\/regiaonews.net.br\\\/2022\\\/\",\"name\":\"Regi\u00e3o News\",\"description\":\"Site de Not\u00edcias de Barretos e regi\u00e3o\",\"publisher\":{\"@id\":\"https:\\\/\\\/regiaonews.net.br\\\/2022\\\/#organization\"},\"potentialAction\":[{\"@type\":\"SearchAction\",\"target\":{\"@type\":\"EntryPoint\",\"urlTemplate\":\"https:\\\/\\\/regiaonews.net.br\\\/2022\\\/?s={search_term_string}\"},\"query-input\":{\"@type\":\"PropertyValueSpecification\",\"valueRequired\":true,\"valueName\":\"search_term_string\"}}],\"inLanguage\":\"pt-BR\"},{\"@type\":\"Organization\",\"@id\":\"https:\\\/\\\/regiaonews.net.br\\\/2022\\\/#organization\",\"name\":\"Regi\u00e3o News\",\"url\":\"https:\\\/\\\/regiaonews.net.br\\\/2022\\\/\",\"logo\":{\"@type\":\"ImageObject\",\"inLanguage\":\"pt-BR\",\"@id\":\"https:\\\/\\\/regiaonews.net.br\\\/2022\\\/#\\\/schema\\\/logo\\\/image\\\/\",\"url\":\"https:\\\/\\\/regiaonews.net.br\\\/2022\\\/wp-content\\\/uploads\\\/2026\\\/03\\\/regiao-13-anos-scaled.jpg\",\"contentUrl\":\"https:\\\/\\\/regiaonews.net.br\\\/2022\\\/wp-content\\\/uploads\\\/2026\\\/03\\\/regiao-13-anos-scaled.jpg\",\"width\":2560,\"height\":635,\"caption\":\"Regi\u00e3o News\"},\"image\":{\"@id\":\"https:\\\/\\\/regiaonews.net.br\\\/2022\\\/#\\\/schema\\\/logo\\\/image\\\/\"}},{\"@type\":\"Person\",\"@id\":\"https:\\\/\\\/regiaonews.net.br\\\/2022\\\/#\\\/schema\\\/person\\\/2d205a608a5aa97ac279d7a5e6d89ad8\",\"name\":\"Roberto\",\"image\":{\"@type\":\"ImageObject\",\"inLanguage\":\"pt-BR\",\"@id\":\"https:\\\/\\\/secure.gravatar.com\\\/avatar\\\/42749d8b712ff9d59ca93dc150494e5b55a44134482993f5baeb97e61b7ecc89?s=96&d=mm&r=g\",\"url\":\"https:\\\/\\\/secure.gravatar.com\\\/avatar\\\/42749d8b712ff9d59ca93dc150494e5b55a44134482993f5baeb97e61b7ecc89?s=96&d=mm&r=g\",\"contentUrl\":\"https:\\\/\\\/secure.gravatar.com\\\/avatar\\\/42749d8b712ff9d59ca93dc150494e5b55a44134482993f5baeb97e61b7ecc89?s=96&d=mm&r=g\",\"caption\":\"Roberto\"},\"url\":\"https:\\\/\\\/regiaonews.net.br\\\/2022\\\/author\\\/roberto\\\/\"}]}<\/script>\n<!-- \/ Yoast SEO plugin. -->","yoast_head_json":{"title":"Comunidade registra furto do sino da capela da Cachoeirinha - Regi\u00e3o News","robots":{"index":"index","follow":"follow","max-snippet":"max-snippet:-1","max-image-preview":"max-image-preview:large","max-video-preview":"max-video-preview:-1"},"canonical":"https:\/\/regiaonews.net.br\/2022\/2022\/03\/19\/comunidade-registra-furto-do-sino-da-capela-da-cachoeirinha\/","og_locale":"pt_BR","og_type":"article","og_title":"Comunidade registra furto do sino da capela da Cachoeirinha - Regi\u00e3o News","og_description":"Foto \u2013 Vista da Capela de S\u00e3o Sebasti\u00e3o \u2013 Foto","og_url":"https:\/\/regiaonews.net.br\/2022\/2022\/03\/19\/comunidade-registra-furto-do-sino-da-capela-da-cachoeirinha\/","og_site_name":"Regi\u00e3o News","article_published_time":"2022-03-19T13:16:06+00:00","og_image":[{"width":1280,"height":853,"url":"https:\/\/regiaonews.net.br\/2022\/wp-content\/uploads\/2022\/03\/Capela-Sao-Sebastiao-1.jpg","type":"image\/jpeg"}],"author":"Roberto","twitter_card":"summary_large_image","twitter_misc":{"Escrito por":"Roberto","Est. tempo de leitura":"1 minuto"},"schema":{"@context":"https:\/\/schema.org","@graph":[{"@type":"Article","@id":"https:\/\/regiaonews.net.br\/2022\/2022\/03\/19\/comunidade-registra-furto-do-sino-da-capela-da-cachoeirinha\/#article","isPartOf":{"@id":"https:\/\/regiaonews.net.br\/2022\/2022\/03\/19\/comunidade-registra-furto-do-sino-da-capela-da-cachoeirinha\/"},"author":{"name":"Roberto","@id":"https:\/\/regiaonews.net.br\/2022\/#\/schema\/person\/2d205a608a5aa97ac279d7a5e6d89ad8"},"headline":"Comunidade registra furto do sino da capela da Cachoeirinha","datePublished":"2022-03-19T13:16:06+00:00","mainEntityOfPage":{"@id":"https:\/\/regiaonews.net.br\/2022\/2022\/03\/19\/comunidade-registra-furto-do-sino-da-capela-da-cachoeirinha\/"},"wordCount":137,"commentCount":0,"publisher":{"@id":"https:\/\/regiaonews.net.br\/2022\/#organization"},"image":{"@id":"https:\/\/regiaonews.net.br\/2022\/2022\/03\/19\/comunidade-registra-furto-do-sino-da-capela-da-cachoeirinha\/#primaryimage"},"thumbnailUrl":"https:\/\/regiaonews.net.br\/2022\/wp-content\/uploads\/2022\/03\/Capela-Sao-Sebastiao-1.jpg","articleSection":["Barretos","Policia"],"inLanguage":"pt-BR","potentialAction":[{"@type":"CommentAction","name":"Comment","target":["https:\/\/regiaonews.net.br\/2022\/2022\/03\/19\/comunidade-registra-furto-do-sino-da-capela-da-cachoeirinha\/#respond"]}]},{"@type":"WebPage","@id":"https:\/\/regiaonews.net.br\/2022\/2022\/03\/19\/comunidade-registra-furto-do-sino-da-capela-da-cachoeirinha\/","url":"https:\/\/regiaonews.net.br\/2022\/2022\/03\/19\/comunidade-registra-furto-do-sino-da-capela-da-cachoeirinha\/","name":"Comunidade registra furto do sino da capela da Cachoeirinha - Regi\u00e3o News","isPartOf":{"@id":"https:\/\/regiaonews.net.br\/2022\/#website"},"primaryImageOfPage":{"@id":"https:\/\/regiaonews.net.br\/2022\/2022\/03\/19\/comunidade-registra-furto-do-sino-da-capela-da-cachoeirinha\/#primaryimage"},"image":{"@id":"https:\/\/regiaonews.net.br\/2022\/2022\/03\/19\/comunidade-registra-furto-do-sino-da-capela-da-cachoeirinha\/#primaryimage"},"thumbnailUrl":"https:\/\/regiaonews.net.br\/2022\/wp-content\/uploads\/2022\/03\/Capela-Sao-Sebastiao-1.jpg","datePublished":"2022-03-19T13:16:06+00:00","breadcrumb":{"@id":"https:\/\/regiaonews.net.br\/2022\/2022\/03\/19\/comunidade-registra-furto-do-sino-da-capela-da-cachoeirinha\/#breadcrumb"},"inLanguage":"pt-BR","potentialAction":[{"@type":"ReadAction","target":["https:\/\/regiaonews.net.br\/2022\/2022\/03\/19\/comunidade-registra-furto-do-sino-da-capela-da-cachoeirinha\/"]}]},{"@type":"ImageObject","inLanguage":"pt-BR","@id":"https:\/\/regiaonews.net.br\/2022\/2022\/03\/19\/comunidade-registra-furto-do-sino-da-capela-da-cachoeirinha\/#primaryimage","url":"https:\/\/regiaonews.net.br\/2022\/wp-content\/uploads\/2022\/03\/Capela-Sao-Sebastiao-1.jpg","contentUrl":"https:\/\/regiaonews.net.br\/2022\/wp-content\/uploads\/2022\/03\/Capela-Sao-Sebastiao-1.jpg","width":1280,"height":853},{"@type":"BreadcrumbList","@id":"https:\/\/regiaonews.net.br\/2022\/2022\/03\/19\/comunidade-registra-furto-do-sino-da-capela-da-cachoeirinha\/#breadcrumb","itemListElement":[{"@type":"ListItem","position":1,"name":"In\u00edcio","item":"https:\/\/regiaonews.net.br\/2022\/"},{"@type":"ListItem","position":2,"name":"Comunidade registra furto do sino da capela da Cachoeirinha"}]},{"@type":"WebSite","@id":"https:\/\/regiaonews.net.br\/2022\/#website","url":"https:\/\/regiaonews.net.br\/2022\/","name":"Regi\u00e3o News","description":"Site de Not\u00edcias de Barretos e regi\u00e3o","publisher":{"@id":"https:\/\/regiaonews.net.br\/2022\/#organization"},"potentialAction":[{"@type":"SearchAction","target":{"@type":"EntryPoint","urlTemplate":"https:\/\/regiaonews.net.br\/2022\/?s={search_term_string}"},"query-input":{"@type":"PropertyValueSpecification","valueRequired":true,"valueName":"search_term_string"}}],"inLanguage":"pt-BR"},{"@type":"Organization","@id":"https:\/\/regiaonews.net.br\/2022\/#organization","name":"Regi\u00e3o News","url":"https:\/\/regiaonews.net.br\/2022\/","logo":{"@type":"ImageObject","inLanguage":"pt-BR","@id":"https:\/\/regiaonews.net.br\/2022\/#\/schema\/logo\/image\/","url":"https:\/\/regiaonews.net.br\/2022\/wp-content\/uploads\/2026\/03\/regiao-13-anos-scaled.jpg","contentUrl":"https:\/\/regiaonews.net.br\/2022\/wp-content\/uploads\/2026\/03\/regiao-13-anos-scaled.jpg","width":2560,"height":635,"caption":"Regi\u00e3o News"},"image":{"@id":"https:\/\/regiaonews.net.br\/2022\/#\/schema\/logo\/image\/"}},{"@type":"Person","@id":"https:\/\/regiaonews.net.br\/2022\/#\/schema\/person\/2d205a608a5aa97ac279d7a5e6d89ad8","name":"Roberto","image":{"@type":"ImageObject","inLanguage":"pt-BR","@id":"https:\/\/secure.gravatar.com\/avatar\/42749d8b712ff9d59ca93dc150494e5b55a44134482993f5baeb97e61b7ecc89?s=96&d=mm&r=g","url":"https:\/\/secure.gravatar.com\/avatar\/42749d8b712ff9d59ca93dc150494e5b55a44134482993f5baeb97e61b7ecc89?s=96&d=mm&r=g","contentUrl":"https:\/\/secure.gravatar.com\/avatar\/42749d8b712ff9d59ca93dc150494e5b55a44134482993f5baeb97e61b7ecc89?s=96&d=mm&r=g","caption":"Roberto"},"url":"https:\/\/regiaonews.net.br\/2022\/author\/roberto\/"}]}},"publishpress_future_action":{"enabled":false,"date":"2026-05-06 01:37:30","action":"change-status","newStatus":"draft","terms":[],"taxonomy":"category","extraData":[]},"publishpress_future_workflow_manual_trigger":{"enabledWorkflows":[]},"_links":{"self":[{"href":"https:\/\/regiaonews.net.br\/2022\/wp-json\/wp\/v2\/posts\/68491","targetHints":{"allow":["GET"]}}],"collection":[{"href":"https:\/\/regiaonews.net.br\/2022\/wp-json\/wp\/v2\/posts"}],"about":[{"href":"https:\/\/regiaonews.net.br\/2022\/wp-json\/wp\/v2\/types\/post"}],"author":[{"embeddable":true,"href":"https:\/\/regiaonews.net.br\/2022\/wp-json\/wp\/v2\/users\/2"}],"replies":[{"embeddable":true,"href":"https:\/\/regiaonews.net.br\/2022\/wp-json\/wp\/v2\/comments?post=68491"}],"version-history":[{"count":1,"href":"https:\/\/regiaonews.net.br\/2022\/wp-json\/wp\/v2\/posts\/68491\/revisions"}],"predecessor-version":[{"id":68493,"href":"https:\/\/regiaonews.net.br\/2022\/wp-json\/wp\/v2\/posts\/68491\/revisions\/68493"}],"wp:featuredmedia":[{"embeddable":true,"href":"https:\/\/regiaonews.net.br\/2022\/wp-json\/wp\/v2\/media\/68492"}],"wp:attachment":[{"href":"https:\/\/regiaonews.net.br\/2022\/wp-json\/wp\/v2\/media?parent=68491"}],"wp:term":[{"taxonomy":"category","embeddable":true,"href":"https:\/\/regiaonews.net.br\/2022\/wp-json\/wp\/v2\/categories?post=68491"},{"taxonomy":"post_tag","embeddable":true,"href":"https:\/\/regiaonews.net.br\/2022\/wp-json\/wp\/v2\/tags?post=68491"}],"curies":[{"name":"wp","href":"https:\/\/api.w.org\/{rel}","templated":true}]}}