{"id":66984,"date":"2022-02-17T18:23:52","date_gmt":"2022-02-17T21:23:52","guid":{"rendered":"https:\/\/regiaonews.net.br\/2022\/?p=66984"},"modified":"2022-02-17T18:33:54","modified_gmt":"2022-02-17T21:33:54","slug":"chuva-em-petropolis-ja-deixou-mais-de-100-mortos","status":"publish","type":"post","link":"https:\/\/regiaonews.net.br\/2022\/2022\/02\/17\/chuva-em-petropolis-ja-deixou-mais-de-100-mortos\/","title":{"rendered":"Chuva em Petr\u00f3polis j\u00e1 deixou mais de 100 mortos"},"content":{"rendered":"<p>O temporal que caiu em Petr\u00f3polis, na regi\u00e3o serrana fluminense, na \u00faltima ter\u00e7a-feira (15), deixou pelo menos 105\u00a0mortos, segundo informa\u00e7\u00f5es divulgadas hoje\u00a0(17) pela Defesa Civil estadual. A Pol\u00edcia Civil est\u00e1 trabalhando para agilizar o reconhecimento e a libera\u00e7\u00e3o de corpos.<img decoding=\"async\" src=\"https:\/\/agenciabrasil.ebc.com.br\/ebc.png?id=1442821&amp;o=node\" \/><img decoding=\"async\" src=\"https:\/\/agenciabrasil.ebc.com.br\/ebc.gif?id=1442821&amp;o=node\" \/><\/p>\n<p>Os bombeiros entraram no terceiro dia de buscas, j\u00e1 que ainda h\u00e1 desaparecidos. Os trabalhos de resgate resultaram no salvamento de 24 pessoas at\u00e9 a noite de\u00a0ontem. O Minist\u00e9rio P\u00fablico do Rio\u00a0de Janeiro\u00a0(MPRJ) preparou uma lista com os nomes de mais de 30 desaparecidos.<\/p>\n<p>Mais de 20 pontos de deslizamento foram registrados em toda a cidade. Apenas no morro da Oficina, no Alto da Serra, um dos locais mais atingidos, dezenas de casas foram soterradas. H\u00e1 ainda casos de pessoas que foram levadas pelas cheias nas ruas.<\/p>\n<p>Segundo as \u00faltimas informa\u00e7\u00f5es, 372 pessoas tiveram que deixar suas casas e est\u00e3o acolhidas em abrigos ou casas de parentes e amigos.<\/p>\n<p>O governador do Rio\u00a0de Janeiro, Cl\u00e1udio Castro, afirmou que essa foi a pior chuva da regi\u00e3o desde 1932. Outros desastres j\u00e1 ocorreram na serra fluminense. Em 1988, foram 134 mortos em Petr\u00f3polis. Em 2011, 918 pessoas morreram e outras dezenas desapareceram na regi\u00e3o serrana, principalmente em Nova Friburgo e Teres\u00f3polis.<\/p>\n<p>Ag\u00eanciaBrasil<\/p>\n","protected":false},"excerpt":{"rendered":"<p>O temporal que caiu em Petr\u00f3polis, na regi\u00e3o serrana fluminense,<\/p>\n","protected":false},"author":2,"featured_media":66985,"comment_status":"open","ping_status":"open","sticky":false,"template":"","format":"standard","meta":{"footnotes":""},"categories":[24],"tags":[],"class_list":["post-66984","post","type-post","status-publish","format-standard","has-post-thumbnail","hentry","category-brasil"],"yoast_head":"<!-- This site is optimized with the Yoast SEO plugin v27.5 - https:\/\/yoast.com\/product\/yoast-seo-wordpress\/ -->\n<title>Chuva em Petr\u00f3polis j\u00e1 deixou mais de 100 mortos - Regi\u00e3o News<\/title>\n<meta name=\"robots\" content=\"index, follow, max-snippet:-1, max-image-preview:large, max-video-preview:-1\" \/>\n<link rel=\"canonical\" href=\"https:\/\/regiaonews.net.br\/2022\/2022\/02\/17\/chuva-em-petropolis-ja-deixou-mais-de-100-mortos\/\" \/>\n<meta property=\"og:locale\" content=\"pt_BR\" \/>\n<meta property=\"og:type\" content=\"article\" \/>\n<meta property=\"og:title\" content=\"Chuva em Petr\u00f3polis j\u00e1 deixou mais de 100 mortos - Regi\u00e3o News\" \/>\n<meta property=\"og:description\" content=\"O temporal que caiu em Petr\u00f3polis, na regi\u00e3o serrana fluminense,\" \/>\n<meta property=\"og:url\" content=\"https:\/\/regiaonews.net.br\/2022\/2022\/02\/17\/chuva-em-petropolis-ja-deixou-mais-de-100-mortos\/\" \/>\n<meta property=\"og:site_name\" content=\"Regi\u00e3o News\" \/>\n<meta property=\"article:published_time\" content=\"2022-02-17T21:23:52+00:00\" \/>\n<meta property=\"article:modified_time\" content=\"2022-02-17T21:33:54+00:00\" \/>\n<meta property=\"og:image\" content=\"https:\/\/regiaonews.net.br\/2022\/wp-content\/uploads\/2022\/02\/petropolis_chuvas_tnrgo_abr_1602220709.jpg\" \/>\n\t<meta property=\"og:image:width\" content=\"1170\" \/>\n\t<meta property=\"og:image:height\" content=\"700\" \/>\n\t<meta property=\"og:image:type\" content=\"image\/jpeg\" \/>\n<meta name=\"author\" content=\"Roberto\" \/>\n<meta name=\"twitter:card\" content=\"summary_large_image\" \/>\n<meta name=\"twitter:label1\" content=\"Escrito por\" \/>\n\t<meta name=\"twitter:data1\" content=\"Roberto\" \/>\n\t<meta name=\"twitter:label2\" content=\"Est. tempo de leitura\" \/>\n\t<meta name=\"twitter:data2\" content=\"2 minutos\" \/>\n<script type=\"application\/ld+json\" class=\"yoast-schema-graph\">{\"@context\":\"https:\\\/\\\/schema.org\",\"@graph\":[{\"@type\":\"Article\",\"@id\":\"https:\\\/\\\/regiaonews.net.br\\\/2022\\\/2022\\\/02\\\/17\\\/chuva-em-petropolis-ja-deixou-mais-de-100-mortos\\\/#article\",\"isPartOf\":{\"@id\":\"https:\\\/\\\/regiaonews.net.br\\\/2022\\\/2022\\\/02\\\/17\\\/chuva-em-petropolis-ja-deixou-mais-de-100-mortos\\\/\"},\"author\":{\"name\":\"Roberto\",\"@id\":\"https:\\\/\\\/regiaonews.net.br\\\/2022\\\/#\\\/schema\\\/person\\\/2d205a608a5aa97ac279d7a5e6d89ad8\"},\"headline\":\"Chuva em Petr\u00f3polis j\u00e1 deixou mais de 100 mortos\",\"datePublished\":\"2022-02-17T21:23:52+00:00\",\"dateModified\":\"2022-02-17T21:33:54+00:00\",\"mainEntityOfPage\":{\"@id\":\"https:\\\/\\\/regiaonews.net.br\\\/2022\\\/2022\\\/02\\\/17\\\/chuva-em-petropolis-ja-deixou-mais-de-100-mortos\\\/\"},\"wordCount\":219,\"commentCount\":0,\"publisher\":{\"@id\":\"https:\\\/\\\/regiaonews.net.br\\\/2022\\\/#organization\"},\"image\":{\"@id\":\"https:\\\/\\\/regiaonews.net.br\\\/2022\\\/2022\\\/02\\\/17\\\/chuva-em-petropolis-ja-deixou-mais-de-100-mortos\\\/#primaryimage\"},\"thumbnailUrl\":\"https:\\\/\\\/regiaonews.net.br\\\/2022\\\/wp-content\\\/uploads\\\/2022\\\/02\\\/petropolis_chuvas_tnrgo_abr_1602220709.jpg\",\"articleSection\":[\"Brasil\"],\"inLanguage\":\"pt-BR\",\"potentialAction\":[{\"@type\":\"CommentAction\",\"name\":\"Comment\",\"target\":[\"https:\\\/\\\/regiaonews.net.br\\\/2022\\\/2022\\\/02\\\/17\\\/chuva-em-petropolis-ja-deixou-mais-de-100-mortos\\\/#respond\"]}]},{\"@type\":\"WebPage\",\"@id\":\"https:\\\/\\\/regiaonews.net.br\\\/2022\\\/2022\\\/02\\\/17\\\/chuva-em-petropolis-ja-deixou-mais-de-100-mortos\\\/\",\"url\":\"https:\\\/\\\/regiaonews.net.br\\\/2022\\\/2022\\\/02\\\/17\\\/chuva-em-petropolis-ja-deixou-mais-de-100-mortos\\\/\",\"name\":\"Chuva em Petr\u00f3polis j\u00e1 deixou mais de 100 mortos - Regi\u00e3o News\",\"isPartOf\":{\"@id\":\"https:\\\/\\\/regiaonews.net.br\\\/2022\\\/#website\"},\"primaryImageOfPage\":{\"@id\":\"https:\\\/\\\/regiaonews.net.br\\\/2022\\\/2022\\\/02\\\/17\\\/chuva-em-petropolis-ja-deixou-mais-de-100-mortos\\\/#primaryimage\"},\"image\":{\"@id\":\"https:\\\/\\\/regiaonews.net.br\\\/2022\\\/2022\\\/02\\\/17\\\/chuva-em-petropolis-ja-deixou-mais-de-100-mortos\\\/#primaryimage\"},\"thumbnailUrl\":\"https:\\\/\\\/regiaonews.net.br\\\/2022\\\/wp-content\\\/uploads\\\/2022\\\/02\\\/petropolis_chuvas_tnrgo_abr_1602220709.jpg\",\"datePublished\":\"2022-02-17T21:23:52+00:00\",\"dateModified\":\"2022-02-17T21:33:54+00:00\",\"breadcrumb\":{\"@id\":\"https:\\\/\\\/regiaonews.net.br\\\/2022\\\/2022\\\/02\\\/17\\\/chuva-em-petropolis-ja-deixou-mais-de-100-mortos\\\/#breadcrumb\"},\"inLanguage\":\"pt-BR\",\"potentialAction\":[{\"@type\":\"ReadAction\",\"target\":[\"https:\\\/\\\/regiaonews.net.br\\\/2022\\\/2022\\\/02\\\/17\\\/chuva-em-petropolis-ja-deixou-mais-de-100-mortos\\\/\"]}]},{\"@type\":\"ImageObject\",\"inLanguage\":\"pt-BR\",\"@id\":\"https:\\\/\\\/regiaonews.net.br\\\/2022\\\/2022\\\/02\\\/17\\\/chuva-em-petropolis-ja-deixou-mais-de-100-mortos\\\/#primaryimage\",\"url\":\"https:\\\/\\\/regiaonews.net.br\\\/2022\\\/wp-content\\\/uploads\\\/2022\\\/02\\\/petropolis_chuvas_tnrgo_abr_1602220709.jpg\",\"contentUrl\":\"https:\\\/\\\/regiaonews.net.br\\\/2022\\\/wp-content\\\/uploads\\\/2022\\\/02\\\/petropolis_chuvas_tnrgo_abr_1602220709.jpg\",\"width\":1170,\"height\":700,\"caption\":\"Bombeiros, moradores e volunt\u00e1rios trabalham no local do deslizamento no Morro da Oficina, ap\u00f3s a chuva que castigou Petr\u00f3polis, na regi\u00e3o serrana fluminense\"},{\"@type\":\"BreadcrumbList\",\"@id\":\"https:\\\/\\\/regiaonews.net.br\\\/2022\\\/2022\\\/02\\\/17\\\/chuva-em-petropolis-ja-deixou-mais-de-100-mortos\\\/#breadcrumb\",\"itemListElement\":[{\"@type\":\"ListItem\",\"position\":1,\"name\":\"In\u00edcio\",\"item\":\"https:\\\/\\\/regiaonews.net.br\\\/2022\\\/\"},{\"@type\":\"ListItem\",\"position\":2,\"name\":\"Chuva em Petr\u00f3polis j\u00e1 deixou mais de 100 mortos\"}]},{\"@type\":\"WebSite\",\"@id\":\"https:\\\/\\\/regiaonews.net.br\\\/2022\\\/#website\",\"url\":\"https:\\\/\\\/regiaonews.net.br\\\/2022\\\/\",\"name\":\"Regi\u00e3o News\",\"description\":\"Site de Not\u00edcias de Barretos e regi\u00e3o\",\"publisher\":{\"@id\":\"https:\\\/\\\/regiaonews.net.br\\\/2022\\\/#organization\"},\"potentialAction\":[{\"@type\":\"SearchAction\",\"target\":{\"@type\":\"EntryPoint\",\"urlTemplate\":\"https:\\\/\\\/regiaonews.net.br\\\/2022\\\/?s={search_term_string}\"},\"query-input\":{\"@type\":\"PropertyValueSpecification\",\"valueRequired\":true,\"valueName\":\"search_term_string\"}}],\"inLanguage\":\"pt-BR\"},{\"@type\":\"Organization\",\"@id\":\"https:\\\/\\\/regiaonews.net.br\\\/2022\\\/#organization\",\"name\":\"Regi\u00e3o News\",\"url\":\"https:\\\/\\\/regiaonews.net.br\\\/2022\\\/\",\"logo\":{\"@type\":\"ImageObject\",\"inLanguage\":\"pt-BR\",\"@id\":\"https:\\\/\\\/regiaonews.net.br\\\/2022\\\/#\\\/schema\\\/logo\\\/image\\\/\",\"url\":\"https:\\\/\\\/regiaonews.net.br\\\/2022\\\/wp-content\\\/uploads\\\/2026\\\/03\\\/regiao-13-anos-scaled.jpg\",\"contentUrl\":\"https:\\\/\\\/regiaonews.net.br\\\/2022\\\/wp-content\\\/uploads\\\/2026\\\/03\\\/regiao-13-anos-scaled.jpg\",\"width\":2560,\"height\":635,\"caption\":\"Regi\u00e3o News\"},\"image\":{\"@id\":\"https:\\\/\\\/regiaonews.net.br\\\/2022\\\/#\\\/schema\\\/logo\\\/image\\\/\"}},{\"@type\":\"Person\",\"@id\":\"https:\\\/\\\/regiaonews.net.br\\\/2022\\\/#\\\/schema\\\/person\\\/2d205a608a5aa97ac279d7a5e6d89ad8\",\"name\":\"Roberto\",\"image\":{\"@type\":\"ImageObject\",\"inLanguage\":\"pt-BR\",\"@id\":\"https:\\\/\\\/secure.gravatar.com\\\/avatar\\\/42749d8b712ff9d59ca93dc150494e5b55a44134482993f5baeb97e61b7ecc89?s=96&d=mm&r=g\",\"url\":\"https:\\\/\\\/secure.gravatar.com\\\/avatar\\\/42749d8b712ff9d59ca93dc150494e5b55a44134482993f5baeb97e61b7ecc89?s=96&d=mm&r=g\",\"contentUrl\":\"https:\\\/\\\/secure.gravatar.com\\\/avatar\\\/42749d8b712ff9d59ca93dc150494e5b55a44134482993f5baeb97e61b7ecc89?s=96&d=mm&r=g\",\"caption\":\"Roberto\"},\"url\":\"https:\\\/\\\/regiaonews.net.br\\\/2022\\\/author\\\/roberto\\\/\"}]}<\/script>\n<!-- \/ Yoast SEO plugin. -->","yoast_head_json":{"title":"Chuva em Petr\u00f3polis j\u00e1 deixou mais de 100 mortos - Regi\u00e3o News","robots":{"index":"index","follow":"follow","max-snippet":"max-snippet:-1","max-image-preview":"max-image-preview:large","max-video-preview":"max-video-preview:-1"},"canonical":"https:\/\/regiaonews.net.br\/2022\/2022\/02\/17\/chuva-em-petropolis-ja-deixou-mais-de-100-mortos\/","og_locale":"pt_BR","og_type":"article","og_title":"Chuva em Petr\u00f3polis j\u00e1 deixou mais de 100 mortos - Regi\u00e3o News","og_description":"O temporal que caiu em Petr\u00f3polis, na regi\u00e3o serrana fluminense,","og_url":"https:\/\/regiaonews.net.br\/2022\/2022\/02\/17\/chuva-em-petropolis-ja-deixou-mais-de-100-mortos\/","og_site_name":"Regi\u00e3o News","article_published_time":"2022-02-17T21:23:52+00:00","article_modified_time":"2022-02-17T21:33:54+00:00","og_image":[{"width":1170,"height":700,"url":"https:\/\/regiaonews.net.br\/2022\/wp-content\/uploads\/2022\/02\/petropolis_chuvas_tnrgo_abr_1602220709.jpg","type":"image\/jpeg"}],"author":"Roberto","twitter_card":"summary_large_image","twitter_misc":{"Escrito por":"Roberto","Est. tempo de leitura":"2 minutos"},"schema":{"@context":"https:\/\/schema.org","@graph":[{"@type":"Article","@id":"https:\/\/regiaonews.net.br\/2022\/2022\/02\/17\/chuva-em-petropolis-ja-deixou-mais-de-100-mortos\/#article","isPartOf":{"@id":"https:\/\/regiaonews.net.br\/2022\/2022\/02\/17\/chuva-em-petropolis-ja-deixou-mais-de-100-mortos\/"},"author":{"name":"Roberto","@id":"https:\/\/regiaonews.net.br\/2022\/#\/schema\/person\/2d205a608a5aa97ac279d7a5e6d89ad8"},"headline":"Chuva em Petr\u00f3polis j\u00e1 deixou mais de 100 mortos","datePublished":"2022-02-17T21:23:52+00:00","dateModified":"2022-02-17T21:33:54+00:00","mainEntityOfPage":{"@id":"https:\/\/regiaonews.net.br\/2022\/2022\/02\/17\/chuva-em-petropolis-ja-deixou-mais-de-100-mortos\/"},"wordCount":219,"commentCount":0,"publisher":{"@id":"https:\/\/regiaonews.net.br\/2022\/#organization"},"image":{"@id":"https:\/\/regiaonews.net.br\/2022\/2022\/02\/17\/chuva-em-petropolis-ja-deixou-mais-de-100-mortos\/#primaryimage"},"thumbnailUrl":"https:\/\/regiaonews.net.br\/2022\/wp-content\/uploads\/2022\/02\/petropolis_chuvas_tnrgo_abr_1602220709.jpg","articleSection":["Brasil"],"inLanguage":"pt-BR","potentialAction":[{"@type":"CommentAction","name":"Comment","target":["https:\/\/regiaonews.net.br\/2022\/2022\/02\/17\/chuva-em-petropolis-ja-deixou-mais-de-100-mortos\/#respond"]}]},{"@type":"WebPage","@id":"https:\/\/regiaonews.net.br\/2022\/2022\/02\/17\/chuva-em-petropolis-ja-deixou-mais-de-100-mortos\/","url":"https:\/\/regiaonews.net.br\/2022\/2022\/02\/17\/chuva-em-petropolis-ja-deixou-mais-de-100-mortos\/","name":"Chuva em Petr\u00f3polis j\u00e1 deixou mais de 100 mortos - Regi\u00e3o News","isPartOf":{"@id":"https:\/\/regiaonews.net.br\/2022\/#website"},"primaryImageOfPage":{"@id":"https:\/\/regiaonews.net.br\/2022\/2022\/02\/17\/chuva-em-petropolis-ja-deixou-mais-de-100-mortos\/#primaryimage"},"image":{"@id":"https:\/\/regiaonews.net.br\/2022\/2022\/02\/17\/chuva-em-petropolis-ja-deixou-mais-de-100-mortos\/#primaryimage"},"thumbnailUrl":"https:\/\/regiaonews.net.br\/2022\/wp-content\/uploads\/2022\/02\/petropolis_chuvas_tnrgo_abr_1602220709.jpg","datePublished":"2022-02-17T21:23:52+00:00","dateModified":"2022-02-17T21:33:54+00:00","breadcrumb":{"@id":"https:\/\/regiaonews.net.br\/2022\/2022\/02\/17\/chuva-em-petropolis-ja-deixou-mais-de-100-mortos\/#breadcrumb"},"inLanguage":"pt-BR","potentialAction":[{"@type":"ReadAction","target":["https:\/\/regiaonews.net.br\/2022\/2022\/02\/17\/chuva-em-petropolis-ja-deixou-mais-de-100-mortos\/"]}]},{"@type":"ImageObject","inLanguage":"pt-BR","@id":"https:\/\/regiaonews.net.br\/2022\/2022\/02\/17\/chuva-em-petropolis-ja-deixou-mais-de-100-mortos\/#primaryimage","url":"https:\/\/regiaonews.net.br\/2022\/wp-content\/uploads\/2022\/02\/petropolis_chuvas_tnrgo_abr_1602220709.jpg","contentUrl":"https:\/\/regiaonews.net.br\/2022\/wp-content\/uploads\/2022\/02\/petropolis_chuvas_tnrgo_abr_1602220709.jpg","width":1170,"height":700,"caption":"Bombeiros, moradores e volunt\u00e1rios trabalham no local do deslizamento no Morro da Oficina, ap\u00f3s a chuva que castigou Petr\u00f3polis, na regi\u00e3o serrana fluminense"},{"@type":"BreadcrumbList","@id":"https:\/\/regiaonews.net.br\/2022\/2022\/02\/17\/chuva-em-petropolis-ja-deixou-mais-de-100-mortos\/#breadcrumb","itemListElement":[{"@type":"ListItem","position":1,"name":"In\u00edcio","item":"https:\/\/regiaonews.net.br\/2022\/"},{"@type":"ListItem","position":2,"name":"Chuva em Petr\u00f3polis j\u00e1 deixou mais de 100 mortos"}]},{"@type":"WebSite","@id":"https:\/\/regiaonews.net.br\/2022\/#website","url":"https:\/\/regiaonews.net.br\/2022\/","name":"Regi\u00e3o News","description":"Site de Not\u00edcias de Barretos e regi\u00e3o","publisher":{"@id":"https:\/\/regiaonews.net.br\/2022\/#organization"},"potentialAction":[{"@type":"SearchAction","target":{"@type":"EntryPoint","urlTemplate":"https:\/\/regiaonews.net.br\/2022\/?s={search_term_string}"},"query-input":{"@type":"PropertyValueSpecification","valueRequired":true,"valueName":"search_term_string"}}],"inLanguage":"pt-BR"},{"@type":"Organization","@id":"https:\/\/regiaonews.net.br\/2022\/#organization","name":"Regi\u00e3o News","url":"https:\/\/regiaonews.net.br\/2022\/","logo":{"@type":"ImageObject","inLanguage":"pt-BR","@id":"https:\/\/regiaonews.net.br\/2022\/#\/schema\/logo\/image\/","url":"https:\/\/regiaonews.net.br\/2022\/wp-content\/uploads\/2026\/03\/regiao-13-anos-scaled.jpg","contentUrl":"https:\/\/regiaonews.net.br\/2022\/wp-content\/uploads\/2026\/03\/regiao-13-anos-scaled.jpg","width":2560,"height":635,"caption":"Regi\u00e3o News"},"image":{"@id":"https:\/\/regiaonews.net.br\/2022\/#\/schema\/logo\/image\/"}},{"@type":"Person","@id":"https:\/\/regiaonews.net.br\/2022\/#\/schema\/person\/2d205a608a5aa97ac279d7a5e6d89ad8","name":"Roberto","image":{"@type":"ImageObject","inLanguage":"pt-BR","@id":"https:\/\/secure.gravatar.com\/avatar\/42749d8b712ff9d59ca93dc150494e5b55a44134482993f5baeb97e61b7ecc89?s=96&d=mm&r=g","url":"https:\/\/secure.gravatar.com\/avatar\/42749d8b712ff9d59ca93dc150494e5b55a44134482993f5baeb97e61b7ecc89?s=96&d=mm&r=g","contentUrl":"https:\/\/secure.gravatar.com\/avatar\/42749d8b712ff9d59ca93dc150494e5b55a44134482993f5baeb97e61b7ecc89?s=96&d=mm&r=g","caption":"Roberto"},"url":"https:\/\/regiaonews.net.br\/2022\/author\/roberto\/"}]}},"publishpress_future_action":{"enabled":false,"date":"2026-05-06 11:38:16","action":"change-status","newStatus":"draft","terms":[],"taxonomy":"category","extraData":[]},"publishpress_future_workflow_manual_trigger":{"enabledWorkflows":[]},"_links":{"self":[{"href":"https:\/\/regiaonews.net.br\/2022\/wp-json\/wp\/v2\/posts\/66984","targetHints":{"allow":["GET"]}}],"collection":[{"href":"https:\/\/regiaonews.net.br\/2022\/wp-json\/wp\/v2\/posts"}],"about":[{"href":"https:\/\/regiaonews.net.br\/2022\/wp-json\/wp\/v2\/types\/post"}],"author":[{"embeddable":true,"href":"https:\/\/regiaonews.net.br\/2022\/wp-json\/wp\/v2\/users\/2"}],"replies":[{"embeddable":true,"href":"https:\/\/regiaonews.net.br\/2022\/wp-json\/wp\/v2\/comments?post=66984"}],"version-history":[{"count":2,"href":"https:\/\/regiaonews.net.br\/2022\/wp-json\/wp\/v2\/posts\/66984\/revisions"}],"predecessor-version":[{"id":66987,"href":"https:\/\/regiaonews.net.br\/2022\/wp-json\/wp\/v2\/posts\/66984\/revisions\/66987"}],"wp:featuredmedia":[{"embeddable":true,"href":"https:\/\/regiaonews.net.br\/2022\/wp-json\/wp\/v2\/media\/66985"}],"wp:attachment":[{"href":"https:\/\/regiaonews.net.br\/2022\/wp-json\/wp\/v2\/media?parent=66984"}],"wp:term":[{"taxonomy":"category","embeddable":true,"href":"https:\/\/regiaonews.net.br\/2022\/wp-json\/wp\/v2\/categories?post=66984"},{"taxonomy":"post_tag","embeddable":true,"href":"https:\/\/regiaonews.net.br\/2022\/wp-json\/wp\/v2\/tags?post=66984"}],"curies":[{"name":"wp","href":"https:\/\/api.w.org\/{rel}","templated":true}]}}