{"id":66624,"date":"2022-02-11T11:52:54","date_gmt":"2022-02-11T14:52:54","guid":{"rendered":"https:\/\/regiaonews.net.br\/2022\/?p=66624"},"modified":"2022-02-11T11:53:26","modified_gmt":"2022-02-11T14:53:26","slug":"lide-ribeirao-preto-promove-encontro-com-secretario-de-saude-jean-gorinchteyn","status":"publish","type":"post","link":"https:\/\/regiaonews.net.br\/2022\/2022\/02\/11\/lide-ribeirao-preto-promove-encontro-com-secretario-de-saude-jean-gorinchteyn\/","title":{"rendered":"LIDE Ribeir\u00e3o Preto promove encontro com secret\u00e1rio de Sa\u00fade, Jean Gorinchteyn"},"content":{"rendered":"<p>Na pr\u00f3xima ter\u00e7a-feira, dia 15 de fevereiro, das 12h30 \u00e0s 14h30, o LIDE Ribeir\u00e3o Preto promove seu primeiro encontro do ano, que contar\u00e1 com a presen\u00e7a do Secret\u00e1rio de Sa\u00fade do Estado de S\u00e3o Paulo, Jean Carlo Gorinchteyn. O evento, promovido exclusivamente para filiados da organiza\u00e7\u00e3o, ter\u00e1 transmiss\u00e3o on-line para imprensa.<\/p>\n<p>Na ocasi\u00e3o, o Secret\u00e1rio de Sa\u00fade, no cargo desde julho de 2020, ir\u00e1 abordar os panorama e perspectivas para a sa\u00fade no Estado de S\u00e3o Paulo e estar\u00e1 \u00e0 disposi\u00e7\u00e3o para perguntas e questionamentos sobre o tema.<\/p>\n<p>Jean Carlo Gorinchteyn \u00e9 tamb\u00e9m mestre em doen\u00e7as infecciosas pela Coordena\u00e7\u00e3o dos Institutos de Pesquisa da Secretaria de Estado da Sa\u00fade de S\u00e3o Paulo e doutorando em neurologia experimental pela Unifesp (Universidade Federal de S\u00e3o Paulo). Atualmente exerce a fun\u00e7\u00e3o de m\u00e9dico infectologista no Instituto Emilio Ribas e do Hospital Israelita Albert Einstein.<\/p>\n","protected":false},"excerpt":{"rendered":"<p>Na pr\u00f3xima ter\u00e7a-feira, dia 15 de fevereiro, das 12h30 \u00e0s<\/p>\n","protected":false},"author":2,"featured_media":66625,"comment_status":"open","ping_status":"open","sticky":false,"template":"","format":"standard","meta":{"footnotes":""},"categories":[25,32],"tags":[],"class_list":["post-66624","post","type-post","status-publish","format-standard","has-post-thumbnail","hentry","category-cidades","category-ribeirao-preto"],"yoast_head":"<!-- This site is optimized with the Yoast SEO plugin v27.5 - https:\/\/yoast.com\/product\/yoast-seo-wordpress\/ -->\n<title>LIDE Ribeir\u00e3o Preto promove encontro com secret\u00e1rio de Sa\u00fade, Jean Gorinchteyn - Regi\u00e3o News<\/title>\n<meta name=\"robots\" content=\"index, follow, max-snippet:-1, max-image-preview:large, max-video-preview:-1\" \/>\n<link rel=\"canonical\" href=\"https:\/\/regiaonews.net.br\/2022\/2022\/02\/11\/lide-ribeirao-preto-promove-encontro-com-secretario-de-saude-jean-gorinchteyn\/\" \/>\n<meta property=\"og:locale\" content=\"pt_BR\" \/>\n<meta property=\"og:type\" content=\"article\" \/>\n<meta property=\"og:title\" content=\"LIDE Ribeir\u00e3o Preto promove encontro com secret\u00e1rio de Sa\u00fade, Jean Gorinchteyn - Regi\u00e3o News\" \/>\n<meta property=\"og:description\" content=\"Na pr\u00f3xima ter\u00e7a-feira, dia 15 de fevereiro, das 12h30 \u00e0s\" \/>\n<meta property=\"og:url\" content=\"https:\/\/regiaonews.net.br\/2022\/2022\/02\/11\/lide-ribeirao-preto-promove-encontro-com-secretario-de-saude-jean-gorinchteyn\/\" \/>\n<meta property=\"og:site_name\" content=\"Regi\u00e3o News\" \/>\n<meta property=\"article:published_time\" content=\"2022-02-11T14:52:54+00:00\" \/>\n<meta property=\"article:modified_time\" content=\"2022-02-11T14:53:26+00:00\" \/>\n<meta property=\"og:image\" content=\"https:\/\/regiaonews.net.br\/2022\/wp-content\/uploads\/2022\/02\/jean-gorinchteyn-1024x683-1.jpg\" \/>\n\t<meta property=\"og:image:width\" content=\"1024\" \/>\n\t<meta property=\"og:image:height\" content=\"683\" \/>\n\t<meta property=\"og:image:type\" content=\"image\/jpeg\" \/>\n<meta name=\"author\" content=\"Roberto\" \/>\n<meta name=\"twitter:card\" content=\"summary_large_image\" \/>\n<meta name=\"twitter:label1\" content=\"Escrito por\" \/>\n\t<meta name=\"twitter:data1\" content=\"Roberto\" \/>\n\t<meta name=\"twitter:label2\" content=\"Est. tempo de leitura\" \/>\n\t<meta name=\"twitter:data2\" content=\"1 minuto\" \/>\n<script type=\"application\/ld+json\" class=\"yoast-schema-graph\">{\"@context\":\"https:\\\/\\\/schema.org\",\"@graph\":[{\"@type\":\"Article\",\"@id\":\"https:\\\/\\\/regiaonews.net.br\\\/2022\\\/2022\\\/02\\\/11\\\/lide-ribeirao-preto-promove-encontro-com-secretario-de-saude-jean-gorinchteyn\\\/#article\",\"isPartOf\":{\"@id\":\"https:\\\/\\\/regiaonews.net.br\\\/2022\\\/2022\\\/02\\\/11\\\/lide-ribeirao-preto-promove-encontro-com-secretario-de-saude-jean-gorinchteyn\\\/\"},\"author\":{\"name\":\"Roberto\",\"@id\":\"https:\\\/\\\/regiaonews.net.br\\\/2022\\\/#\\\/schema\\\/person\\\/2d205a608a5aa97ac279d7a5e6d89ad8\"},\"headline\":\"LIDE Ribeir\u00e3o Preto promove encontro com secret\u00e1rio de Sa\u00fade, Jean Gorinchteyn\",\"datePublished\":\"2022-02-11T14:52:54+00:00\",\"dateModified\":\"2022-02-11T14:53:26+00:00\",\"mainEntityOfPage\":{\"@id\":\"https:\\\/\\\/regiaonews.net.br\\\/2022\\\/2022\\\/02\\\/11\\\/lide-ribeirao-preto-promove-encontro-com-secretario-de-saude-jean-gorinchteyn\\\/\"},\"wordCount\":174,\"commentCount\":0,\"publisher\":{\"@id\":\"https:\\\/\\\/regiaonews.net.br\\\/2022\\\/#organization\"},\"image\":{\"@id\":\"https:\\\/\\\/regiaonews.net.br\\\/2022\\\/2022\\\/02\\\/11\\\/lide-ribeirao-preto-promove-encontro-com-secretario-de-saude-jean-gorinchteyn\\\/#primaryimage\"},\"thumbnailUrl\":\"https:\\\/\\\/regiaonews.net.br\\\/2022\\\/wp-content\\\/uploads\\\/2022\\\/02\\\/jean-gorinchteyn-1024x683-1.jpg\",\"articleSection\":[\"Cidades\",\"Ribeir\u00e3o Preto\"],\"inLanguage\":\"pt-BR\",\"potentialAction\":[{\"@type\":\"CommentAction\",\"name\":\"Comment\",\"target\":[\"https:\\\/\\\/regiaonews.net.br\\\/2022\\\/2022\\\/02\\\/11\\\/lide-ribeirao-preto-promove-encontro-com-secretario-de-saude-jean-gorinchteyn\\\/#respond\"]}]},{\"@type\":\"WebPage\",\"@id\":\"https:\\\/\\\/regiaonews.net.br\\\/2022\\\/2022\\\/02\\\/11\\\/lide-ribeirao-preto-promove-encontro-com-secretario-de-saude-jean-gorinchteyn\\\/\",\"url\":\"https:\\\/\\\/regiaonews.net.br\\\/2022\\\/2022\\\/02\\\/11\\\/lide-ribeirao-preto-promove-encontro-com-secretario-de-saude-jean-gorinchteyn\\\/\",\"name\":\"LIDE Ribeir\u00e3o Preto promove encontro com secret\u00e1rio de Sa\u00fade, Jean Gorinchteyn - Regi\u00e3o News\",\"isPartOf\":{\"@id\":\"https:\\\/\\\/regiaonews.net.br\\\/2022\\\/#website\"},\"primaryImageOfPage\":{\"@id\":\"https:\\\/\\\/regiaonews.net.br\\\/2022\\\/2022\\\/02\\\/11\\\/lide-ribeirao-preto-promove-encontro-com-secretario-de-saude-jean-gorinchteyn\\\/#primaryimage\"},\"image\":{\"@id\":\"https:\\\/\\\/regiaonews.net.br\\\/2022\\\/2022\\\/02\\\/11\\\/lide-ribeirao-preto-promove-encontro-com-secretario-de-saude-jean-gorinchteyn\\\/#primaryimage\"},\"thumbnailUrl\":\"https:\\\/\\\/regiaonews.net.br\\\/2022\\\/wp-content\\\/uploads\\\/2022\\\/02\\\/jean-gorinchteyn-1024x683-1.jpg\",\"datePublished\":\"2022-02-11T14:52:54+00:00\",\"dateModified\":\"2022-02-11T14:53:26+00:00\",\"breadcrumb\":{\"@id\":\"https:\\\/\\\/regiaonews.net.br\\\/2022\\\/2022\\\/02\\\/11\\\/lide-ribeirao-preto-promove-encontro-com-secretario-de-saude-jean-gorinchteyn\\\/#breadcrumb\"},\"inLanguage\":\"pt-BR\",\"potentialAction\":[{\"@type\":\"ReadAction\",\"target\":[\"https:\\\/\\\/regiaonews.net.br\\\/2022\\\/2022\\\/02\\\/11\\\/lide-ribeirao-preto-promove-encontro-com-secretario-de-saude-jean-gorinchteyn\\\/\"]}]},{\"@type\":\"ImageObject\",\"inLanguage\":\"pt-BR\",\"@id\":\"https:\\\/\\\/regiaonews.net.br\\\/2022\\\/2022\\\/02\\\/11\\\/lide-ribeirao-preto-promove-encontro-com-secretario-de-saude-jean-gorinchteyn\\\/#primaryimage\",\"url\":\"https:\\\/\\\/regiaonews.net.br\\\/2022\\\/wp-content\\\/uploads\\\/2022\\\/02\\\/jean-gorinchteyn-1024x683-1.jpg\",\"contentUrl\":\"https:\\\/\\\/regiaonews.net.br\\\/2022\\\/wp-content\\\/uploads\\\/2022\\\/02\\\/jean-gorinchteyn-1024x683-1.jpg\",\"width\":1024,\"height\":683},{\"@type\":\"BreadcrumbList\",\"@id\":\"https:\\\/\\\/regiaonews.net.br\\\/2022\\\/2022\\\/02\\\/11\\\/lide-ribeirao-preto-promove-encontro-com-secretario-de-saude-jean-gorinchteyn\\\/#breadcrumb\",\"itemListElement\":[{\"@type\":\"ListItem\",\"position\":1,\"name\":\"In\u00edcio\",\"item\":\"https:\\\/\\\/regiaonews.net.br\\\/2022\\\/\"},{\"@type\":\"ListItem\",\"position\":2,\"name\":\"LIDE Ribeir\u00e3o Preto promove encontro com secret\u00e1rio de Sa\u00fade, Jean Gorinchteyn\"}]},{\"@type\":\"WebSite\",\"@id\":\"https:\\\/\\\/regiaonews.net.br\\\/2022\\\/#website\",\"url\":\"https:\\\/\\\/regiaonews.net.br\\\/2022\\\/\",\"name\":\"Regi\u00e3o News\",\"description\":\"Site de Not\u00edcias de Barretos e regi\u00e3o\",\"publisher\":{\"@id\":\"https:\\\/\\\/regiaonews.net.br\\\/2022\\\/#organization\"},\"potentialAction\":[{\"@type\":\"SearchAction\",\"target\":{\"@type\":\"EntryPoint\",\"urlTemplate\":\"https:\\\/\\\/regiaonews.net.br\\\/2022\\\/?s={search_term_string}\"},\"query-input\":{\"@type\":\"PropertyValueSpecification\",\"valueRequired\":true,\"valueName\":\"search_term_string\"}}],\"inLanguage\":\"pt-BR\"},{\"@type\":\"Organization\",\"@id\":\"https:\\\/\\\/regiaonews.net.br\\\/2022\\\/#organization\",\"name\":\"Regi\u00e3o News\",\"url\":\"https:\\\/\\\/regiaonews.net.br\\\/2022\\\/\",\"logo\":{\"@type\":\"ImageObject\",\"inLanguage\":\"pt-BR\",\"@id\":\"https:\\\/\\\/regiaonews.net.br\\\/2022\\\/#\\\/schema\\\/logo\\\/image\\\/\",\"url\":\"https:\\\/\\\/regiaonews.net.br\\\/2022\\\/wp-content\\\/uploads\\\/2026\\\/03\\\/regiao-13-anos-scaled.jpg\",\"contentUrl\":\"https:\\\/\\\/regiaonews.net.br\\\/2022\\\/wp-content\\\/uploads\\\/2026\\\/03\\\/regiao-13-anos-scaled.jpg\",\"width\":2560,\"height\":635,\"caption\":\"Regi\u00e3o News\"},\"image\":{\"@id\":\"https:\\\/\\\/regiaonews.net.br\\\/2022\\\/#\\\/schema\\\/logo\\\/image\\\/\"}},{\"@type\":\"Person\",\"@id\":\"https:\\\/\\\/regiaonews.net.br\\\/2022\\\/#\\\/schema\\\/person\\\/2d205a608a5aa97ac279d7a5e6d89ad8\",\"name\":\"Roberto\",\"image\":{\"@type\":\"ImageObject\",\"inLanguage\":\"pt-BR\",\"@id\":\"https:\\\/\\\/secure.gravatar.com\\\/avatar\\\/42749d8b712ff9d59ca93dc150494e5b55a44134482993f5baeb97e61b7ecc89?s=96&d=mm&r=g\",\"url\":\"https:\\\/\\\/secure.gravatar.com\\\/avatar\\\/42749d8b712ff9d59ca93dc150494e5b55a44134482993f5baeb97e61b7ecc89?s=96&d=mm&r=g\",\"contentUrl\":\"https:\\\/\\\/secure.gravatar.com\\\/avatar\\\/42749d8b712ff9d59ca93dc150494e5b55a44134482993f5baeb97e61b7ecc89?s=96&d=mm&r=g\",\"caption\":\"Roberto\"},\"url\":\"https:\\\/\\\/regiaonews.net.br\\\/2022\\\/author\\\/roberto\\\/\"}]}<\/script>\n<!-- \/ Yoast SEO plugin. -->","yoast_head_json":{"title":"LIDE Ribeir\u00e3o Preto promove encontro com secret\u00e1rio de Sa\u00fade, Jean Gorinchteyn - Regi\u00e3o News","robots":{"index":"index","follow":"follow","max-snippet":"max-snippet:-1","max-image-preview":"max-image-preview:large","max-video-preview":"max-video-preview:-1"},"canonical":"https:\/\/regiaonews.net.br\/2022\/2022\/02\/11\/lide-ribeirao-preto-promove-encontro-com-secretario-de-saude-jean-gorinchteyn\/","og_locale":"pt_BR","og_type":"article","og_title":"LIDE Ribeir\u00e3o Preto promove encontro com secret\u00e1rio de Sa\u00fade, Jean Gorinchteyn - Regi\u00e3o News","og_description":"Na pr\u00f3xima ter\u00e7a-feira, dia 15 de fevereiro, das 12h30 \u00e0s","og_url":"https:\/\/regiaonews.net.br\/2022\/2022\/02\/11\/lide-ribeirao-preto-promove-encontro-com-secretario-de-saude-jean-gorinchteyn\/","og_site_name":"Regi\u00e3o News","article_published_time":"2022-02-11T14:52:54+00:00","article_modified_time":"2022-02-11T14:53:26+00:00","og_image":[{"width":1024,"height":683,"url":"https:\/\/regiaonews.net.br\/2022\/wp-content\/uploads\/2022\/02\/jean-gorinchteyn-1024x683-1.jpg","type":"image\/jpeg"}],"author":"Roberto","twitter_card":"summary_large_image","twitter_misc":{"Escrito por":"Roberto","Est. tempo de leitura":"1 minuto"},"schema":{"@context":"https:\/\/schema.org","@graph":[{"@type":"Article","@id":"https:\/\/regiaonews.net.br\/2022\/2022\/02\/11\/lide-ribeirao-preto-promove-encontro-com-secretario-de-saude-jean-gorinchteyn\/#article","isPartOf":{"@id":"https:\/\/regiaonews.net.br\/2022\/2022\/02\/11\/lide-ribeirao-preto-promove-encontro-com-secretario-de-saude-jean-gorinchteyn\/"},"author":{"name":"Roberto","@id":"https:\/\/regiaonews.net.br\/2022\/#\/schema\/person\/2d205a608a5aa97ac279d7a5e6d89ad8"},"headline":"LIDE Ribeir\u00e3o Preto promove encontro com secret\u00e1rio de Sa\u00fade, Jean Gorinchteyn","datePublished":"2022-02-11T14:52:54+00:00","dateModified":"2022-02-11T14:53:26+00:00","mainEntityOfPage":{"@id":"https:\/\/regiaonews.net.br\/2022\/2022\/02\/11\/lide-ribeirao-preto-promove-encontro-com-secretario-de-saude-jean-gorinchteyn\/"},"wordCount":174,"commentCount":0,"publisher":{"@id":"https:\/\/regiaonews.net.br\/2022\/#organization"},"image":{"@id":"https:\/\/regiaonews.net.br\/2022\/2022\/02\/11\/lide-ribeirao-preto-promove-encontro-com-secretario-de-saude-jean-gorinchteyn\/#primaryimage"},"thumbnailUrl":"https:\/\/regiaonews.net.br\/2022\/wp-content\/uploads\/2022\/02\/jean-gorinchteyn-1024x683-1.jpg","articleSection":["Cidades","Ribeir\u00e3o Preto"],"inLanguage":"pt-BR","potentialAction":[{"@type":"CommentAction","name":"Comment","target":["https:\/\/regiaonews.net.br\/2022\/2022\/02\/11\/lide-ribeirao-preto-promove-encontro-com-secretario-de-saude-jean-gorinchteyn\/#respond"]}]},{"@type":"WebPage","@id":"https:\/\/regiaonews.net.br\/2022\/2022\/02\/11\/lide-ribeirao-preto-promove-encontro-com-secretario-de-saude-jean-gorinchteyn\/","url":"https:\/\/regiaonews.net.br\/2022\/2022\/02\/11\/lide-ribeirao-preto-promove-encontro-com-secretario-de-saude-jean-gorinchteyn\/","name":"LIDE Ribeir\u00e3o Preto promove encontro com secret\u00e1rio de Sa\u00fade, Jean Gorinchteyn - Regi\u00e3o News","isPartOf":{"@id":"https:\/\/regiaonews.net.br\/2022\/#website"},"primaryImageOfPage":{"@id":"https:\/\/regiaonews.net.br\/2022\/2022\/02\/11\/lide-ribeirao-preto-promove-encontro-com-secretario-de-saude-jean-gorinchteyn\/#primaryimage"},"image":{"@id":"https:\/\/regiaonews.net.br\/2022\/2022\/02\/11\/lide-ribeirao-preto-promove-encontro-com-secretario-de-saude-jean-gorinchteyn\/#primaryimage"},"thumbnailUrl":"https:\/\/regiaonews.net.br\/2022\/wp-content\/uploads\/2022\/02\/jean-gorinchteyn-1024x683-1.jpg","datePublished":"2022-02-11T14:52:54+00:00","dateModified":"2022-02-11T14:53:26+00:00","breadcrumb":{"@id":"https:\/\/regiaonews.net.br\/2022\/2022\/02\/11\/lide-ribeirao-preto-promove-encontro-com-secretario-de-saude-jean-gorinchteyn\/#breadcrumb"},"inLanguage":"pt-BR","potentialAction":[{"@type":"ReadAction","target":["https:\/\/regiaonews.net.br\/2022\/2022\/02\/11\/lide-ribeirao-preto-promove-encontro-com-secretario-de-saude-jean-gorinchteyn\/"]}]},{"@type":"ImageObject","inLanguage":"pt-BR","@id":"https:\/\/regiaonews.net.br\/2022\/2022\/02\/11\/lide-ribeirao-preto-promove-encontro-com-secretario-de-saude-jean-gorinchteyn\/#primaryimage","url":"https:\/\/regiaonews.net.br\/2022\/wp-content\/uploads\/2022\/02\/jean-gorinchteyn-1024x683-1.jpg","contentUrl":"https:\/\/regiaonews.net.br\/2022\/wp-content\/uploads\/2022\/02\/jean-gorinchteyn-1024x683-1.jpg","width":1024,"height":683},{"@type":"BreadcrumbList","@id":"https:\/\/regiaonews.net.br\/2022\/2022\/02\/11\/lide-ribeirao-preto-promove-encontro-com-secretario-de-saude-jean-gorinchteyn\/#breadcrumb","itemListElement":[{"@type":"ListItem","position":1,"name":"In\u00edcio","item":"https:\/\/regiaonews.net.br\/2022\/"},{"@type":"ListItem","position":2,"name":"LIDE Ribeir\u00e3o Preto promove encontro com secret\u00e1rio de Sa\u00fade, Jean Gorinchteyn"}]},{"@type":"WebSite","@id":"https:\/\/regiaonews.net.br\/2022\/#website","url":"https:\/\/regiaonews.net.br\/2022\/","name":"Regi\u00e3o News","description":"Site de Not\u00edcias de Barretos e regi\u00e3o","publisher":{"@id":"https:\/\/regiaonews.net.br\/2022\/#organization"},"potentialAction":[{"@type":"SearchAction","target":{"@type":"EntryPoint","urlTemplate":"https:\/\/regiaonews.net.br\/2022\/?s={search_term_string}"},"query-input":{"@type":"PropertyValueSpecification","valueRequired":true,"valueName":"search_term_string"}}],"inLanguage":"pt-BR"},{"@type":"Organization","@id":"https:\/\/regiaonews.net.br\/2022\/#organization","name":"Regi\u00e3o News","url":"https:\/\/regiaonews.net.br\/2022\/","logo":{"@type":"ImageObject","inLanguage":"pt-BR","@id":"https:\/\/regiaonews.net.br\/2022\/#\/schema\/logo\/image\/","url":"https:\/\/regiaonews.net.br\/2022\/wp-content\/uploads\/2026\/03\/regiao-13-anos-scaled.jpg","contentUrl":"https:\/\/regiaonews.net.br\/2022\/wp-content\/uploads\/2026\/03\/regiao-13-anos-scaled.jpg","width":2560,"height":635,"caption":"Regi\u00e3o News"},"image":{"@id":"https:\/\/regiaonews.net.br\/2022\/#\/schema\/logo\/image\/"}},{"@type":"Person","@id":"https:\/\/regiaonews.net.br\/2022\/#\/schema\/person\/2d205a608a5aa97ac279d7a5e6d89ad8","name":"Roberto","image":{"@type":"ImageObject","inLanguage":"pt-BR","@id":"https:\/\/secure.gravatar.com\/avatar\/42749d8b712ff9d59ca93dc150494e5b55a44134482993f5baeb97e61b7ecc89?s=96&d=mm&r=g","url":"https:\/\/secure.gravatar.com\/avatar\/42749d8b712ff9d59ca93dc150494e5b55a44134482993f5baeb97e61b7ecc89?s=96&d=mm&r=g","contentUrl":"https:\/\/secure.gravatar.com\/avatar\/42749d8b712ff9d59ca93dc150494e5b55a44134482993f5baeb97e61b7ecc89?s=96&d=mm&r=g","caption":"Roberto"},"url":"https:\/\/regiaonews.net.br\/2022\/author\/roberto\/"}]}},"publishpress_future_action":{"enabled":false,"date":"2026-05-05 23:19:58","action":"change-status","newStatus":"draft","terms":[],"taxonomy":"category","extraData":[]},"publishpress_future_workflow_manual_trigger":{"enabledWorkflows":[]},"_links":{"self":[{"href":"https:\/\/regiaonews.net.br\/2022\/wp-json\/wp\/v2\/posts\/66624","targetHints":{"allow":["GET"]}}],"collection":[{"href":"https:\/\/regiaonews.net.br\/2022\/wp-json\/wp\/v2\/posts"}],"about":[{"href":"https:\/\/regiaonews.net.br\/2022\/wp-json\/wp\/v2\/types\/post"}],"author":[{"embeddable":true,"href":"https:\/\/regiaonews.net.br\/2022\/wp-json\/wp\/v2\/users\/2"}],"replies":[{"embeddable":true,"href":"https:\/\/regiaonews.net.br\/2022\/wp-json\/wp\/v2\/comments?post=66624"}],"version-history":[{"count":1,"href":"https:\/\/regiaonews.net.br\/2022\/wp-json\/wp\/v2\/posts\/66624\/revisions"}],"predecessor-version":[{"id":66626,"href":"https:\/\/regiaonews.net.br\/2022\/wp-json\/wp\/v2\/posts\/66624\/revisions\/66626"}],"wp:featuredmedia":[{"embeddable":true,"href":"https:\/\/regiaonews.net.br\/2022\/wp-json\/wp\/v2\/media\/66625"}],"wp:attachment":[{"href":"https:\/\/regiaonews.net.br\/2022\/wp-json\/wp\/v2\/media?parent=66624"}],"wp:term":[{"taxonomy":"category","embeddable":true,"href":"https:\/\/regiaonews.net.br\/2022\/wp-json\/wp\/v2\/categories?post=66624"},{"taxonomy":"post_tag","embeddable":true,"href":"https:\/\/regiaonews.net.br\/2022\/wp-json\/wp\/v2\/tags?post=66624"}],"curies":[{"name":"wp","href":"https:\/\/api.w.org\/{rel}","templated":true}]}}