{"id":64537,"date":"2021-12-28T16:28:19","date_gmt":"2021-12-28T19:28:19","guid":{"rendered":"https:\/\/regiaonews.net.br\/2022\/?p=64537"},"modified":"2021-12-28T16:28:19","modified_gmt":"2021-12-28T19:28:19","slug":"6a-parque-night-run-esta-confirmada-para-12-de-marco-no-parque-do-peao","status":"publish","type":"post","link":"https:\/\/regiaonews.net.br\/2022\/2021\/12\/28\/6a-parque-night-run-esta-confirmada-para-12-de-marco-no-parque-do-peao\/","title":{"rendered":"6\u00aa Parque Night Run est\u00e1 confirmada para 12 de mar\u00e7o no Parque do Pe\u00e3o"},"content":{"rendered":"<p>&nbsp;<\/p>\n<p>A Parque Night Run inovou a disputa de corrida de rua em Barretos, sendo a \u00fanica realizada no per\u00edodo noturno desde 2016. A prova n\u00e3o foi realizada em 2021 devidos aos impedimentos da pandemia da Covid-19 e para 2022 a organiza\u00e7\u00e3o prepara uma edi\u00e7\u00e3o hist\u00f3rica. A data j\u00e1 est\u00e1 confirmada para 12 de mar\u00e7o, \u00e0s 19h.<br \/>\n\u201cEstamos preparando diferentes ativa\u00e7\u00f5es de parceiros com os atletas e uma premia\u00e7\u00e3o especial para celebrarmos essa retomada dos eventos que promovem a qualidade de vida e a sa\u00fade. Ser\u00e1 uma edi\u00e7\u00e3o hist\u00f3rica, pois marca o retorno das corridas em nossa regi\u00e3o\u201d, afirmou Caio Ramiro, organizador do evento.<br \/>\nDemocr\u00e1tica, a Parque Night Run re\u00fane atletas profissionais e aqueles que t\u00eam na corrida um hobby, um desafio pessoal, e j\u00e1 faz parte do calend\u00e1rio das principais competi\u00e7\u00f5es do estado de S\u00e3o Paulo.<br \/>\n\u201cPor ser noturna a prova exige menos resist\u00eancia principalmente daqueles que encontram na corrida um momento de lazer, isso a torna ainda mais acess\u00edvel promovendo um grande encontro entre os apaixonados por correr\u201d, disse Taffarel que tamb\u00e9m \u00e9 organizador.<br \/>\nLocal da prova<br \/>\nO Parque do Pe\u00e3o, localizado em Barretos\/SP, \u00e9 um complexo com 2 milh\u00f5es de metros quadrados que oferece infraestrutura e seguran\u00e7a para os mais variados tipos de eventos como a famosa Festa do Pe\u00e3o. A 6\u00aa edi\u00e7\u00e3o do Parque Night Run oferece aos competidores um espa\u00e7o aberto com seguran\u00e7a, pista 100% asfaltada, controle absoluto de isolamento para uso exclusivo do evento e uma estrutura difereciada.<br \/>\nCorrer por uma vida melhor<br \/>\nDurante a pandemia a pr\u00e1tica esportiva ganhou ainda mais adeptos em especial a corrida de rua por ser praticada ao ar livre. \u00c9 grande o n\u00famero de pessoas que encontraram neste esporte uma forma de buscar mais sa\u00fade e qualidade de vida, por ser uma atividade democr\u00e1tica e acess\u00edvel.<br \/>\nO circuito montado para a Parque Night Run \u00e9 especial, pois explora a beleza natural do local, tem trechos de mata nativa conservados em plena \u00e1rea urbanizada, al\u00e9m de estimular a melhor performance dos corredores por oferecer uma pista uniforme.<\/p>\n","protected":false},"excerpt":{"rendered":"<p>&nbsp; A Parque Night Run inovou a disputa de corrida<\/p>\n","protected":false},"author":2,"featured_media":64538,"comment_status":"open","ping_status":"open","sticky":false,"template":"","format":"standard","meta":{"footnotes":""},"categories":[14,25,21],"tags":[],"class_list":["post-64537","post","type-post","status-publish","format-standard","has-post-thumbnail","hentry","category-barretos","category-cidades","category-esporte"],"yoast_head":"<!-- This site is optimized with the Yoast SEO plugin v27.4 - https:\/\/yoast.com\/product\/yoast-seo-wordpress\/ -->\n<title>6\u00aa Parque Night Run est\u00e1 confirmada para 12 de mar\u00e7o no Parque do Pe\u00e3o - Regi\u00e3o News<\/title>\n<meta name=\"robots\" content=\"index, follow, max-snippet:-1, max-image-preview:large, max-video-preview:-1\" \/>\n<link rel=\"canonical\" href=\"https:\/\/regiaonews.net.br\/2022\/2021\/12\/28\/6a-parque-night-run-esta-confirmada-para-12-de-marco-no-parque-do-peao\/\" \/>\n<meta property=\"og:locale\" content=\"pt_BR\" \/>\n<meta property=\"og:type\" content=\"article\" \/>\n<meta property=\"og:title\" content=\"6\u00aa Parque Night Run est\u00e1 confirmada para 12 de mar\u00e7o no Parque do Pe\u00e3o - Regi\u00e3o News\" \/>\n<meta property=\"og:description\" content=\"&nbsp; A Parque Night Run inovou a disputa de corrida\" \/>\n<meta property=\"og:url\" content=\"https:\/\/regiaonews.net.br\/2022\/2021\/12\/28\/6a-parque-night-run-esta-confirmada-para-12-de-marco-no-parque-do-peao\/\" \/>\n<meta property=\"og:site_name\" content=\"Regi\u00e3o News\" \/>\n<meta property=\"article:published_time\" content=\"2021-12-28T19:28:19+00:00\" \/>\n<meta property=\"og:image\" content=\"https:\/\/regiaonews.net.br\/2022\/wp-content\/uploads\/2021\/12\/WhatsApp-Image-2021-12-28-at-16.21.13.jpeg\" \/>\n\t<meta property=\"og:image:width\" content=\"1280\" \/>\n\t<meta property=\"og:image:height\" content=\"825\" \/>\n\t<meta property=\"og:image:type\" content=\"image\/jpeg\" \/>\n<meta name=\"author\" content=\"Roberto\" \/>\n<meta name=\"twitter:card\" content=\"summary_large_image\" \/>\n<meta name=\"twitter:label1\" content=\"Escrito por\" \/>\n\t<meta name=\"twitter:data1\" content=\"Roberto\" \/>\n\t<meta name=\"twitter:label2\" content=\"Est. tempo de leitura\" \/>\n\t<meta name=\"twitter:data2\" content=\"2 minutos\" \/>\n<script type=\"application\/ld+json\" class=\"yoast-schema-graph\">{\"@context\":\"https:\\\/\\\/schema.org\",\"@graph\":[{\"@type\":\"Article\",\"@id\":\"https:\\\/\\\/regiaonews.net.br\\\/2022\\\/2021\\\/12\\\/28\\\/6a-parque-night-run-esta-confirmada-para-12-de-marco-no-parque-do-peao\\\/#article\",\"isPartOf\":{\"@id\":\"https:\\\/\\\/regiaonews.net.br\\\/2022\\\/2021\\\/12\\\/28\\\/6a-parque-night-run-esta-confirmada-para-12-de-marco-no-parque-do-peao\\\/\"},\"author\":{\"name\":\"Roberto\",\"@id\":\"https:\\\/\\\/regiaonews.net.br\\\/2022\\\/#\\\/schema\\\/person\\\/2d205a608a5aa97ac279d7a5e6d89ad8\"},\"headline\":\"6\u00aa Parque Night Run est\u00e1 confirmada para 12 de mar\u00e7o no Parque do Pe\u00e3o\",\"datePublished\":\"2021-12-28T19:28:19+00:00\",\"mainEntityOfPage\":{\"@id\":\"https:\\\/\\\/regiaonews.net.br\\\/2022\\\/2021\\\/12\\\/28\\\/6a-parque-night-run-esta-confirmada-para-12-de-marco-no-parque-do-peao\\\/\"},\"wordCount\":376,\"commentCount\":0,\"publisher\":{\"@id\":\"https:\\\/\\\/regiaonews.net.br\\\/2022\\\/#organization\"},\"image\":{\"@id\":\"https:\\\/\\\/regiaonews.net.br\\\/2022\\\/2021\\\/12\\\/28\\\/6a-parque-night-run-esta-confirmada-para-12-de-marco-no-parque-do-peao\\\/#primaryimage\"},\"thumbnailUrl\":\"https:\\\/\\\/regiaonews.net.br\\\/2022\\\/wp-content\\\/uploads\\\/2021\\\/12\\\/WhatsApp-Image-2021-12-28-at-16.21.13.jpeg\",\"articleSection\":[\"Barretos\",\"Cidades\",\"Esporte\"],\"inLanguage\":\"pt-BR\",\"potentialAction\":[{\"@type\":\"CommentAction\",\"name\":\"Comment\",\"target\":[\"https:\\\/\\\/regiaonews.net.br\\\/2022\\\/2021\\\/12\\\/28\\\/6a-parque-night-run-esta-confirmada-para-12-de-marco-no-parque-do-peao\\\/#respond\"]}]},{\"@type\":\"WebPage\",\"@id\":\"https:\\\/\\\/regiaonews.net.br\\\/2022\\\/2021\\\/12\\\/28\\\/6a-parque-night-run-esta-confirmada-para-12-de-marco-no-parque-do-peao\\\/\",\"url\":\"https:\\\/\\\/regiaonews.net.br\\\/2022\\\/2021\\\/12\\\/28\\\/6a-parque-night-run-esta-confirmada-para-12-de-marco-no-parque-do-peao\\\/\",\"name\":\"6\u00aa Parque Night Run est\u00e1 confirmada para 12 de mar\u00e7o no Parque do Pe\u00e3o - Regi\u00e3o News\",\"isPartOf\":{\"@id\":\"https:\\\/\\\/regiaonews.net.br\\\/2022\\\/#website\"},\"primaryImageOfPage\":{\"@id\":\"https:\\\/\\\/regiaonews.net.br\\\/2022\\\/2021\\\/12\\\/28\\\/6a-parque-night-run-esta-confirmada-para-12-de-marco-no-parque-do-peao\\\/#primaryimage\"},\"image\":{\"@id\":\"https:\\\/\\\/regiaonews.net.br\\\/2022\\\/2021\\\/12\\\/28\\\/6a-parque-night-run-esta-confirmada-para-12-de-marco-no-parque-do-peao\\\/#primaryimage\"},\"thumbnailUrl\":\"https:\\\/\\\/regiaonews.net.br\\\/2022\\\/wp-content\\\/uploads\\\/2021\\\/12\\\/WhatsApp-Image-2021-12-28-at-16.21.13.jpeg\",\"datePublished\":\"2021-12-28T19:28:19+00:00\",\"breadcrumb\":{\"@id\":\"https:\\\/\\\/regiaonews.net.br\\\/2022\\\/2021\\\/12\\\/28\\\/6a-parque-night-run-esta-confirmada-para-12-de-marco-no-parque-do-peao\\\/#breadcrumb\"},\"inLanguage\":\"pt-BR\",\"potentialAction\":[{\"@type\":\"ReadAction\",\"target\":[\"https:\\\/\\\/regiaonews.net.br\\\/2022\\\/2021\\\/12\\\/28\\\/6a-parque-night-run-esta-confirmada-para-12-de-marco-no-parque-do-peao\\\/\"]}]},{\"@type\":\"ImageObject\",\"inLanguage\":\"pt-BR\",\"@id\":\"https:\\\/\\\/regiaonews.net.br\\\/2022\\\/2021\\\/12\\\/28\\\/6a-parque-night-run-esta-confirmada-para-12-de-marco-no-parque-do-peao\\\/#primaryimage\",\"url\":\"https:\\\/\\\/regiaonews.net.br\\\/2022\\\/wp-content\\\/uploads\\\/2021\\\/12\\\/WhatsApp-Image-2021-12-28-at-16.21.13.jpeg\",\"contentUrl\":\"https:\\\/\\\/regiaonews.net.br\\\/2022\\\/wp-content\\\/uploads\\\/2021\\\/12\\\/WhatsApp-Image-2021-12-28-at-16.21.13.jpeg\",\"width\":1280,\"height\":825},{\"@type\":\"BreadcrumbList\",\"@id\":\"https:\\\/\\\/regiaonews.net.br\\\/2022\\\/2021\\\/12\\\/28\\\/6a-parque-night-run-esta-confirmada-para-12-de-marco-no-parque-do-peao\\\/#breadcrumb\",\"itemListElement\":[{\"@type\":\"ListItem\",\"position\":1,\"name\":\"In\u00edcio\",\"item\":\"https:\\\/\\\/regiaonews.net.br\\\/2022\\\/\"},{\"@type\":\"ListItem\",\"position\":2,\"name\":\"6\u00aa Parque Night Run est\u00e1 confirmada para 12 de mar\u00e7o no Parque do Pe\u00e3o\"}]},{\"@type\":\"WebSite\",\"@id\":\"https:\\\/\\\/regiaonews.net.br\\\/2022\\\/#website\",\"url\":\"https:\\\/\\\/regiaonews.net.br\\\/2022\\\/\",\"name\":\"Regi\u00e3o News\",\"description\":\"Site de Not\u00edcias de Barretos e regi\u00e3o\",\"publisher\":{\"@id\":\"https:\\\/\\\/regiaonews.net.br\\\/2022\\\/#organization\"},\"potentialAction\":[{\"@type\":\"SearchAction\",\"target\":{\"@type\":\"EntryPoint\",\"urlTemplate\":\"https:\\\/\\\/regiaonews.net.br\\\/2022\\\/?s={search_term_string}\"},\"query-input\":{\"@type\":\"PropertyValueSpecification\",\"valueRequired\":true,\"valueName\":\"search_term_string\"}}],\"inLanguage\":\"pt-BR\"},{\"@type\":\"Organization\",\"@id\":\"https:\\\/\\\/regiaonews.net.br\\\/2022\\\/#organization\",\"name\":\"Regi\u00e3o News\",\"url\":\"https:\\\/\\\/regiaonews.net.br\\\/2022\\\/\",\"logo\":{\"@type\":\"ImageObject\",\"inLanguage\":\"pt-BR\",\"@id\":\"https:\\\/\\\/regiaonews.net.br\\\/2022\\\/#\\\/schema\\\/logo\\\/image\\\/\",\"url\":\"https:\\\/\\\/regiaonews.net.br\\\/2022\\\/wp-content\\\/uploads\\\/2026\\\/03\\\/regiao-13-anos-scaled.jpg\",\"contentUrl\":\"https:\\\/\\\/regiaonews.net.br\\\/2022\\\/wp-content\\\/uploads\\\/2026\\\/03\\\/regiao-13-anos-scaled.jpg\",\"width\":2560,\"height\":635,\"caption\":\"Regi\u00e3o News\"},\"image\":{\"@id\":\"https:\\\/\\\/regiaonews.net.br\\\/2022\\\/#\\\/schema\\\/logo\\\/image\\\/\"}},{\"@type\":\"Person\",\"@id\":\"https:\\\/\\\/regiaonews.net.br\\\/2022\\\/#\\\/schema\\\/person\\\/2d205a608a5aa97ac279d7a5e6d89ad8\",\"name\":\"Roberto\",\"image\":{\"@type\":\"ImageObject\",\"inLanguage\":\"pt-BR\",\"@id\":\"https:\\\/\\\/secure.gravatar.com\\\/avatar\\\/42749d8b712ff9d59ca93dc150494e5b55a44134482993f5baeb97e61b7ecc89?s=96&d=mm&r=g\",\"url\":\"https:\\\/\\\/secure.gravatar.com\\\/avatar\\\/42749d8b712ff9d59ca93dc150494e5b55a44134482993f5baeb97e61b7ecc89?s=96&d=mm&r=g\",\"contentUrl\":\"https:\\\/\\\/secure.gravatar.com\\\/avatar\\\/42749d8b712ff9d59ca93dc150494e5b55a44134482993f5baeb97e61b7ecc89?s=96&d=mm&r=g\",\"caption\":\"Roberto\"},\"url\":\"https:\\\/\\\/regiaonews.net.br\\\/2022\\\/author\\\/roberto\\\/\"}]}<\/script>\n<!-- \/ Yoast SEO plugin. -->","yoast_head_json":{"title":"6\u00aa Parque Night Run est\u00e1 confirmada para 12 de mar\u00e7o no Parque do Pe\u00e3o - Regi\u00e3o News","robots":{"index":"index","follow":"follow","max-snippet":"max-snippet:-1","max-image-preview":"max-image-preview:large","max-video-preview":"max-video-preview:-1"},"canonical":"https:\/\/regiaonews.net.br\/2022\/2021\/12\/28\/6a-parque-night-run-esta-confirmada-para-12-de-marco-no-parque-do-peao\/","og_locale":"pt_BR","og_type":"article","og_title":"6\u00aa Parque Night Run est\u00e1 confirmada para 12 de mar\u00e7o no Parque do Pe\u00e3o - Regi\u00e3o News","og_description":"&nbsp; A Parque Night Run inovou a disputa de corrida","og_url":"https:\/\/regiaonews.net.br\/2022\/2021\/12\/28\/6a-parque-night-run-esta-confirmada-para-12-de-marco-no-parque-do-peao\/","og_site_name":"Regi\u00e3o News","article_published_time":"2021-12-28T19:28:19+00:00","og_image":[{"width":1280,"height":825,"url":"https:\/\/regiaonews.net.br\/2022\/wp-content\/uploads\/2021\/12\/WhatsApp-Image-2021-12-28-at-16.21.13.jpeg","type":"image\/jpeg"}],"author":"Roberto","twitter_card":"summary_large_image","twitter_misc":{"Escrito por":"Roberto","Est. tempo de leitura":"2 minutos"},"schema":{"@context":"https:\/\/schema.org","@graph":[{"@type":"Article","@id":"https:\/\/regiaonews.net.br\/2022\/2021\/12\/28\/6a-parque-night-run-esta-confirmada-para-12-de-marco-no-parque-do-peao\/#article","isPartOf":{"@id":"https:\/\/regiaonews.net.br\/2022\/2021\/12\/28\/6a-parque-night-run-esta-confirmada-para-12-de-marco-no-parque-do-peao\/"},"author":{"name":"Roberto","@id":"https:\/\/regiaonews.net.br\/2022\/#\/schema\/person\/2d205a608a5aa97ac279d7a5e6d89ad8"},"headline":"6\u00aa Parque Night Run est\u00e1 confirmada para 12 de mar\u00e7o no Parque do Pe\u00e3o","datePublished":"2021-12-28T19:28:19+00:00","mainEntityOfPage":{"@id":"https:\/\/regiaonews.net.br\/2022\/2021\/12\/28\/6a-parque-night-run-esta-confirmada-para-12-de-marco-no-parque-do-peao\/"},"wordCount":376,"commentCount":0,"publisher":{"@id":"https:\/\/regiaonews.net.br\/2022\/#organization"},"image":{"@id":"https:\/\/regiaonews.net.br\/2022\/2021\/12\/28\/6a-parque-night-run-esta-confirmada-para-12-de-marco-no-parque-do-peao\/#primaryimage"},"thumbnailUrl":"https:\/\/regiaonews.net.br\/2022\/wp-content\/uploads\/2021\/12\/WhatsApp-Image-2021-12-28-at-16.21.13.jpeg","articleSection":["Barretos","Cidades","Esporte"],"inLanguage":"pt-BR","potentialAction":[{"@type":"CommentAction","name":"Comment","target":["https:\/\/regiaonews.net.br\/2022\/2021\/12\/28\/6a-parque-night-run-esta-confirmada-para-12-de-marco-no-parque-do-peao\/#respond"]}]},{"@type":"WebPage","@id":"https:\/\/regiaonews.net.br\/2022\/2021\/12\/28\/6a-parque-night-run-esta-confirmada-para-12-de-marco-no-parque-do-peao\/","url":"https:\/\/regiaonews.net.br\/2022\/2021\/12\/28\/6a-parque-night-run-esta-confirmada-para-12-de-marco-no-parque-do-peao\/","name":"6\u00aa Parque Night Run est\u00e1 confirmada para 12 de mar\u00e7o no Parque do Pe\u00e3o - Regi\u00e3o News","isPartOf":{"@id":"https:\/\/regiaonews.net.br\/2022\/#website"},"primaryImageOfPage":{"@id":"https:\/\/regiaonews.net.br\/2022\/2021\/12\/28\/6a-parque-night-run-esta-confirmada-para-12-de-marco-no-parque-do-peao\/#primaryimage"},"image":{"@id":"https:\/\/regiaonews.net.br\/2022\/2021\/12\/28\/6a-parque-night-run-esta-confirmada-para-12-de-marco-no-parque-do-peao\/#primaryimage"},"thumbnailUrl":"https:\/\/regiaonews.net.br\/2022\/wp-content\/uploads\/2021\/12\/WhatsApp-Image-2021-12-28-at-16.21.13.jpeg","datePublished":"2021-12-28T19:28:19+00:00","breadcrumb":{"@id":"https:\/\/regiaonews.net.br\/2022\/2021\/12\/28\/6a-parque-night-run-esta-confirmada-para-12-de-marco-no-parque-do-peao\/#breadcrumb"},"inLanguage":"pt-BR","potentialAction":[{"@type":"ReadAction","target":["https:\/\/regiaonews.net.br\/2022\/2021\/12\/28\/6a-parque-night-run-esta-confirmada-para-12-de-marco-no-parque-do-peao\/"]}]},{"@type":"ImageObject","inLanguage":"pt-BR","@id":"https:\/\/regiaonews.net.br\/2022\/2021\/12\/28\/6a-parque-night-run-esta-confirmada-para-12-de-marco-no-parque-do-peao\/#primaryimage","url":"https:\/\/regiaonews.net.br\/2022\/wp-content\/uploads\/2021\/12\/WhatsApp-Image-2021-12-28-at-16.21.13.jpeg","contentUrl":"https:\/\/regiaonews.net.br\/2022\/wp-content\/uploads\/2021\/12\/WhatsApp-Image-2021-12-28-at-16.21.13.jpeg","width":1280,"height":825},{"@type":"BreadcrumbList","@id":"https:\/\/regiaonews.net.br\/2022\/2021\/12\/28\/6a-parque-night-run-esta-confirmada-para-12-de-marco-no-parque-do-peao\/#breadcrumb","itemListElement":[{"@type":"ListItem","position":1,"name":"In\u00edcio","item":"https:\/\/regiaonews.net.br\/2022\/"},{"@type":"ListItem","position":2,"name":"6\u00aa Parque Night Run est\u00e1 confirmada para 12 de mar\u00e7o no Parque do Pe\u00e3o"}]},{"@type":"WebSite","@id":"https:\/\/regiaonews.net.br\/2022\/#website","url":"https:\/\/regiaonews.net.br\/2022\/","name":"Regi\u00e3o News","description":"Site de Not\u00edcias de Barretos e regi\u00e3o","publisher":{"@id":"https:\/\/regiaonews.net.br\/2022\/#organization"},"potentialAction":[{"@type":"SearchAction","target":{"@type":"EntryPoint","urlTemplate":"https:\/\/regiaonews.net.br\/2022\/?s={search_term_string}"},"query-input":{"@type":"PropertyValueSpecification","valueRequired":true,"valueName":"search_term_string"}}],"inLanguage":"pt-BR"},{"@type":"Organization","@id":"https:\/\/regiaonews.net.br\/2022\/#organization","name":"Regi\u00e3o News","url":"https:\/\/regiaonews.net.br\/2022\/","logo":{"@type":"ImageObject","inLanguage":"pt-BR","@id":"https:\/\/regiaonews.net.br\/2022\/#\/schema\/logo\/image\/","url":"https:\/\/regiaonews.net.br\/2022\/wp-content\/uploads\/2026\/03\/regiao-13-anos-scaled.jpg","contentUrl":"https:\/\/regiaonews.net.br\/2022\/wp-content\/uploads\/2026\/03\/regiao-13-anos-scaled.jpg","width":2560,"height":635,"caption":"Regi\u00e3o News"},"image":{"@id":"https:\/\/regiaonews.net.br\/2022\/#\/schema\/logo\/image\/"}},{"@type":"Person","@id":"https:\/\/regiaonews.net.br\/2022\/#\/schema\/person\/2d205a608a5aa97ac279d7a5e6d89ad8","name":"Roberto","image":{"@type":"ImageObject","inLanguage":"pt-BR","@id":"https:\/\/secure.gravatar.com\/avatar\/42749d8b712ff9d59ca93dc150494e5b55a44134482993f5baeb97e61b7ecc89?s=96&d=mm&r=g","url":"https:\/\/secure.gravatar.com\/avatar\/42749d8b712ff9d59ca93dc150494e5b55a44134482993f5baeb97e61b7ecc89?s=96&d=mm&r=g","contentUrl":"https:\/\/secure.gravatar.com\/avatar\/42749d8b712ff9d59ca93dc150494e5b55a44134482993f5baeb97e61b7ecc89?s=96&d=mm&r=g","caption":"Roberto"},"url":"https:\/\/regiaonews.net.br\/2022\/author\/roberto\/"}]}},"publishpress_future_action":{"enabled":false,"date":"2026-05-02 01:19:04","action":"change-status","newStatus":"draft","terms":[],"taxonomy":"category","extraData":[]},"publishpress_future_workflow_manual_trigger":{"enabledWorkflows":[]},"_links":{"self":[{"href":"https:\/\/regiaonews.net.br\/2022\/wp-json\/wp\/v2\/posts\/64537","targetHints":{"allow":["GET"]}}],"collection":[{"href":"https:\/\/regiaonews.net.br\/2022\/wp-json\/wp\/v2\/posts"}],"about":[{"href":"https:\/\/regiaonews.net.br\/2022\/wp-json\/wp\/v2\/types\/post"}],"author":[{"embeddable":true,"href":"https:\/\/regiaonews.net.br\/2022\/wp-json\/wp\/v2\/users\/2"}],"replies":[{"embeddable":true,"href":"https:\/\/regiaonews.net.br\/2022\/wp-json\/wp\/v2\/comments?post=64537"}],"version-history":[{"count":1,"href":"https:\/\/regiaonews.net.br\/2022\/wp-json\/wp\/v2\/posts\/64537\/revisions"}],"predecessor-version":[{"id":64539,"href":"https:\/\/regiaonews.net.br\/2022\/wp-json\/wp\/v2\/posts\/64537\/revisions\/64539"}],"wp:featuredmedia":[{"embeddable":true,"href":"https:\/\/regiaonews.net.br\/2022\/wp-json\/wp\/v2\/media\/64538"}],"wp:attachment":[{"href":"https:\/\/regiaonews.net.br\/2022\/wp-json\/wp\/v2\/media?parent=64537"}],"wp:term":[{"taxonomy":"category","embeddable":true,"href":"https:\/\/regiaonews.net.br\/2022\/wp-json\/wp\/v2\/categories?post=64537"},{"taxonomy":"post_tag","embeddable":true,"href":"https:\/\/regiaonews.net.br\/2022\/wp-json\/wp\/v2\/tags?post=64537"}],"curies":[{"name":"wp","href":"https:\/\/api.w.org\/{rel}","templated":true}]}}