{"id":64146,"date":"2021-12-19T21:30:07","date_gmt":"2021-12-20T00:30:07","guid":{"rendered":"https:\/\/regiaonews.net.br\/2022\/?p=64146"},"modified":"2021-12-19T21:31:00","modified_gmt":"2021-12-20T00:31:00","slug":"eleicoes-do-sindicato-dos-servidores-sera-definida-em-janeiro","status":"publish","type":"post","link":"https:\/\/regiaonews.net.br\/2022\/2021\/12\/19\/eleicoes-do-sindicato-dos-servidores-sera-definida-em-janeiro\/","title":{"rendered":"Elei\u00e7\u00f5es do Sindicato dos Servidores ser\u00e1 definida em janeiro"},"content":{"rendered":"<p>A defini\u00e7\u00e3o sobre as elei\u00e7\u00f5es para presidente do Sindicato dos Servidores P\u00fablicos Municipais ficou para o m\u00eas de janeiro. A informa\u00e7\u00e3o foi passada na tarde de ontem, pelo presidente da Comiss\u00e3o Eleitoral, o funcion\u00e1rio p\u00fablico Luiz Carlos Diniz Buch. Segundo ele, a Justi\u00e7a ainda mant\u00e9m suspenso o pleito eleitoral e s\u00f3 dever\u00e1 ter uma parecer ap\u00f3s a volta do recesso do judici\u00e1rio a partir do dia 7 de janeiro. \u201cEstamos aguardando uma nova manifesta\u00e7\u00e3o no processo, para que a data da elei\u00e7\u00e3o seja definida\u201d, explicou Buch.<\/p>\n<p>O mandato do presidente, Jo\u00e3o Roberto dos Santos, termina no dia 31 de dezembro, e de acordo com as informa\u00e7\u00f5es do Departamento Jur\u00eddico\u00a0 do Sindicato, j\u00e1 est\u00e1 analisada a quest\u00e3o, para definir\u00a0 procedimento a ser adotado.<\/p>\n","protected":false},"excerpt":{"rendered":"<p>A defini\u00e7\u00e3o sobre as elei\u00e7\u00f5es para presidente do Sindicato dos<\/p>\n","protected":false},"author":2,"featured_media":56787,"comment_status":"open","ping_status":"open","sticky":false,"template":"","format":"standard","meta":{"footnotes":""},"categories":[14,25],"tags":[],"class_list":["post-64146","post","type-post","status-publish","format-standard","has-post-thumbnail","hentry","category-barretos","category-cidades"],"yoast_head":"<!-- This site is optimized with the Yoast SEO plugin v27.5 - https:\/\/yoast.com\/product\/yoast-seo-wordpress\/ -->\n<title>Elei\u00e7\u00f5es do Sindicato dos Servidores ser\u00e1 definida em janeiro - Regi\u00e3o News<\/title>\n<meta name=\"robots\" content=\"index, follow, max-snippet:-1, max-image-preview:large, max-video-preview:-1\" \/>\n<link rel=\"canonical\" href=\"https:\/\/regiaonews.net.br\/2022\/2021\/12\/19\/eleicoes-do-sindicato-dos-servidores-sera-definida-em-janeiro\/\" \/>\n<meta property=\"og:locale\" content=\"pt_BR\" \/>\n<meta property=\"og:type\" content=\"article\" \/>\n<meta property=\"og:title\" content=\"Elei\u00e7\u00f5es do Sindicato dos Servidores ser\u00e1 definida em janeiro - Regi\u00e3o News\" \/>\n<meta property=\"og:description\" content=\"A defini\u00e7\u00e3o sobre as elei\u00e7\u00f5es para presidente do Sindicato dos\" \/>\n<meta property=\"og:url\" content=\"https:\/\/regiaonews.net.br\/2022\/2021\/12\/19\/eleicoes-do-sindicato-dos-servidores-sera-definida-em-janeiro\/\" \/>\n<meta property=\"og:site_name\" content=\"Regi\u00e3o News\" \/>\n<meta property=\"article:published_time\" content=\"2021-12-20T00:30:07+00:00\" \/>\n<meta property=\"article:modified_time\" content=\"2021-12-20T00:31:00+00:00\" \/>\n<meta property=\"og:image\" content=\"https:\/\/regiaonews.net.br\/2022\/wp-content\/uploads\/2021\/11\/buch.jpg\" \/>\n\t<meta property=\"og:image:width\" content=\"1600\" \/>\n\t<meta property=\"og:image:height\" content=\"1200\" \/>\n\t<meta property=\"og:image:type\" content=\"image\/jpeg\" \/>\n<meta name=\"author\" content=\"Roberto\" \/>\n<meta name=\"twitter:card\" content=\"summary_large_image\" \/>\n<meta name=\"twitter:label1\" content=\"Escrito por\" \/>\n\t<meta name=\"twitter:data1\" content=\"Roberto\" \/>\n\t<meta name=\"twitter:label2\" content=\"Est. tempo de leitura\" \/>\n\t<meta name=\"twitter:data2\" content=\"1 minuto\" \/>\n<script type=\"application\/ld+json\" class=\"yoast-schema-graph\">{\"@context\":\"https:\\\/\\\/schema.org\",\"@graph\":[{\"@type\":\"Article\",\"@id\":\"https:\\\/\\\/regiaonews.net.br\\\/2022\\\/2021\\\/12\\\/19\\\/eleicoes-do-sindicato-dos-servidores-sera-definida-em-janeiro\\\/#article\",\"isPartOf\":{\"@id\":\"https:\\\/\\\/regiaonews.net.br\\\/2022\\\/2021\\\/12\\\/19\\\/eleicoes-do-sindicato-dos-servidores-sera-definida-em-janeiro\\\/\"},\"author\":{\"name\":\"Roberto\",\"@id\":\"https:\\\/\\\/regiaonews.net.br\\\/2022\\\/#\\\/schema\\\/person\\\/2d205a608a5aa97ac279d7a5e6d89ad8\"},\"headline\":\"Elei\u00e7\u00f5es do Sindicato dos Servidores ser\u00e1 definida em janeiro\",\"datePublished\":\"2021-12-20T00:30:07+00:00\",\"dateModified\":\"2021-12-20T00:31:00+00:00\",\"mainEntityOfPage\":{\"@id\":\"https:\\\/\\\/regiaonews.net.br\\\/2022\\\/2021\\\/12\\\/19\\\/eleicoes-do-sindicato-dos-servidores-sera-definida-em-janeiro\\\/\"},\"wordCount\":148,\"commentCount\":0,\"publisher\":{\"@id\":\"https:\\\/\\\/regiaonews.net.br\\\/2022\\\/#organization\"},\"image\":{\"@id\":\"https:\\\/\\\/regiaonews.net.br\\\/2022\\\/2021\\\/12\\\/19\\\/eleicoes-do-sindicato-dos-servidores-sera-definida-em-janeiro\\\/#primaryimage\"},\"thumbnailUrl\":\"https:\\\/\\\/regiaonews.net.br\\\/2022\\\/wp-content\\\/uploads\\\/2021\\\/11\\\/buch.jpg\",\"articleSection\":[\"Barretos\",\"Cidades\"],\"inLanguage\":\"pt-BR\",\"potentialAction\":[{\"@type\":\"CommentAction\",\"name\":\"Comment\",\"target\":[\"https:\\\/\\\/regiaonews.net.br\\\/2022\\\/2021\\\/12\\\/19\\\/eleicoes-do-sindicato-dos-servidores-sera-definida-em-janeiro\\\/#respond\"]}]},{\"@type\":\"WebPage\",\"@id\":\"https:\\\/\\\/regiaonews.net.br\\\/2022\\\/2021\\\/12\\\/19\\\/eleicoes-do-sindicato-dos-servidores-sera-definida-em-janeiro\\\/\",\"url\":\"https:\\\/\\\/regiaonews.net.br\\\/2022\\\/2021\\\/12\\\/19\\\/eleicoes-do-sindicato-dos-servidores-sera-definida-em-janeiro\\\/\",\"name\":\"Elei\u00e7\u00f5es do Sindicato dos Servidores ser\u00e1 definida em janeiro - Regi\u00e3o News\",\"isPartOf\":{\"@id\":\"https:\\\/\\\/regiaonews.net.br\\\/2022\\\/#website\"},\"primaryImageOfPage\":{\"@id\":\"https:\\\/\\\/regiaonews.net.br\\\/2022\\\/2021\\\/12\\\/19\\\/eleicoes-do-sindicato-dos-servidores-sera-definida-em-janeiro\\\/#primaryimage\"},\"image\":{\"@id\":\"https:\\\/\\\/regiaonews.net.br\\\/2022\\\/2021\\\/12\\\/19\\\/eleicoes-do-sindicato-dos-servidores-sera-definida-em-janeiro\\\/#primaryimage\"},\"thumbnailUrl\":\"https:\\\/\\\/regiaonews.net.br\\\/2022\\\/wp-content\\\/uploads\\\/2021\\\/11\\\/buch.jpg\",\"datePublished\":\"2021-12-20T00:30:07+00:00\",\"dateModified\":\"2021-12-20T00:31:00+00:00\",\"breadcrumb\":{\"@id\":\"https:\\\/\\\/regiaonews.net.br\\\/2022\\\/2021\\\/12\\\/19\\\/eleicoes-do-sindicato-dos-servidores-sera-definida-em-janeiro\\\/#breadcrumb\"},\"inLanguage\":\"pt-BR\",\"potentialAction\":[{\"@type\":\"ReadAction\",\"target\":[\"https:\\\/\\\/regiaonews.net.br\\\/2022\\\/2021\\\/12\\\/19\\\/eleicoes-do-sindicato-dos-servidores-sera-definida-em-janeiro\\\/\"]}]},{\"@type\":\"ImageObject\",\"inLanguage\":\"pt-BR\",\"@id\":\"https:\\\/\\\/regiaonews.net.br\\\/2022\\\/2021\\\/12\\\/19\\\/eleicoes-do-sindicato-dos-servidores-sera-definida-em-janeiro\\\/#primaryimage\",\"url\":\"https:\\\/\\\/regiaonews.net.br\\\/2022\\\/wp-content\\\/uploads\\\/2021\\\/11\\\/buch.jpg\",\"contentUrl\":\"https:\\\/\\\/regiaonews.net.br\\\/2022\\\/wp-content\\\/uploads\\\/2021\\\/11\\\/buch.jpg\",\"width\":1600,\"height\":1200},{\"@type\":\"BreadcrumbList\",\"@id\":\"https:\\\/\\\/regiaonews.net.br\\\/2022\\\/2021\\\/12\\\/19\\\/eleicoes-do-sindicato-dos-servidores-sera-definida-em-janeiro\\\/#breadcrumb\",\"itemListElement\":[{\"@type\":\"ListItem\",\"position\":1,\"name\":\"In\u00edcio\",\"item\":\"https:\\\/\\\/regiaonews.net.br\\\/2022\\\/\"},{\"@type\":\"ListItem\",\"position\":2,\"name\":\"Elei\u00e7\u00f5es do Sindicato dos Servidores ser\u00e1 definida em janeiro\"}]},{\"@type\":\"WebSite\",\"@id\":\"https:\\\/\\\/regiaonews.net.br\\\/2022\\\/#website\",\"url\":\"https:\\\/\\\/regiaonews.net.br\\\/2022\\\/\",\"name\":\"Regi\u00e3o News\",\"description\":\"Site de Not\u00edcias de Barretos e regi\u00e3o\",\"publisher\":{\"@id\":\"https:\\\/\\\/regiaonews.net.br\\\/2022\\\/#organization\"},\"potentialAction\":[{\"@type\":\"SearchAction\",\"target\":{\"@type\":\"EntryPoint\",\"urlTemplate\":\"https:\\\/\\\/regiaonews.net.br\\\/2022\\\/?s={search_term_string}\"},\"query-input\":{\"@type\":\"PropertyValueSpecification\",\"valueRequired\":true,\"valueName\":\"search_term_string\"}}],\"inLanguage\":\"pt-BR\"},{\"@type\":\"Organization\",\"@id\":\"https:\\\/\\\/regiaonews.net.br\\\/2022\\\/#organization\",\"name\":\"Regi\u00e3o News\",\"url\":\"https:\\\/\\\/regiaonews.net.br\\\/2022\\\/\",\"logo\":{\"@type\":\"ImageObject\",\"inLanguage\":\"pt-BR\",\"@id\":\"https:\\\/\\\/regiaonews.net.br\\\/2022\\\/#\\\/schema\\\/logo\\\/image\\\/\",\"url\":\"https:\\\/\\\/regiaonews.net.br\\\/2022\\\/wp-content\\\/uploads\\\/2026\\\/03\\\/regiao-13-anos-scaled.jpg\",\"contentUrl\":\"https:\\\/\\\/regiaonews.net.br\\\/2022\\\/wp-content\\\/uploads\\\/2026\\\/03\\\/regiao-13-anos-scaled.jpg\",\"width\":2560,\"height\":635,\"caption\":\"Regi\u00e3o News\"},\"image\":{\"@id\":\"https:\\\/\\\/regiaonews.net.br\\\/2022\\\/#\\\/schema\\\/logo\\\/image\\\/\"}},{\"@type\":\"Person\",\"@id\":\"https:\\\/\\\/regiaonews.net.br\\\/2022\\\/#\\\/schema\\\/person\\\/2d205a608a5aa97ac279d7a5e6d89ad8\",\"name\":\"Roberto\",\"image\":{\"@type\":\"ImageObject\",\"inLanguage\":\"pt-BR\",\"@id\":\"https:\\\/\\\/secure.gravatar.com\\\/avatar\\\/42749d8b712ff9d59ca93dc150494e5b55a44134482993f5baeb97e61b7ecc89?s=96&d=mm&r=g\",\"url\":\"https:\\\/\\\/secure.gravatar.com\\\/avatar\\\/42749d8b712ff9d59ca93dc150494e5b55a44134482993f5baeb97e61b7ecc89?s=96&d=mm&r=g\",\"contentUrl\":\"https:\\\/\\\/secure.gravatar.com\\\/avatar\\\/42749d8b712ff9d59ca93dc150494e5b55a44134482993f5baeb97e61b7ecc89?s=96&d=mm&r=g\",\"caption\":\"Roberto\"},\"url\":\"https:\\\/\\\/regiaonews.net.br\\\/2022\\\/author\\\/roberto\\\/\"}]}<\/script>\n<!-- \/ Yoast SEO plugin. -->","yoast_head_json":{"title":"Elei\u00e7\u00f5es do Sindicato dos Servidores ser\u00e1 definida em janeiro - Regi\u00e3o News","robots":{"index":"index","follow":"follow","max-snippet":"max-snippet:-1","max-image-preview":"max-image-preview:large","max-video-preview":"max-video-preview:-1"},"canonical":"https:\/\/regiaonews.net.br\/2022\/2021\/12\/19\/eleicoes-do-sindicato-dos-servidores-sera-definida-em-janeiro\/","og_locale":"pt_BR","og_type":"article","og_title":"Elei\u00e7\u00f5es do Sindicato dos Servidores ser\u00e1 definida em janeiro - Regi\u00e3o News","og_description":"A defini\u00e7\u00e3o sobre as elei\u00e7\u00f5es para presidente do Sindicato dos","og_url":"https:\/\/regiaonews.net.br\/2022\/2021\/12\/19\/eleicoes-do-sindicato-dos-servidores-sera-definida-em-janeiro\/","og_site_name":"Regi\u00e3o News","article_published_time":"2021-12-20T00:30:07+00:00","article_modified_time":"2021-12-20T00:31:00+00:00","og_image":[{"width":1600,"height":1200,"url":"https:\/\/regiaonews.net.br\/2022\/wp-content\/uploads\/2021\/11\/buch.jpg","type":"image\/jpeg"}],"author":"Roberto","twitter_card":"summary_large_image","twitter_misc":{"Escrito por":"Roberto","Est. tempo de leitura":"1 minuto"},"schema":{"@context":"https:\/\/schema.org","@graph":[{"@type":"Article","@id":"https:\/\/regiaonews.net.br\/2022\/2021\/12\/19\/eleicoes-do-sindicato-dos-servidores-sera-definida-em-janeiro\/#article","isPartOf":{"@id":"https:\/\/regiaonews.net.br\/2022\/2021\/12\/19\/eleicoes-do-sindicato-dos-servidores-sera-definida-em-janeiro\/"},"author":{"name":"Roberto","@id":"https:\/\/regiaonews.net.br\/2022\/#\/schema\/person\/2d205a608a5aa97ac279d7a5e6d89ad8"},"headline":"Elei\u00e7\u00f5es do Sindicato dos Servidores ser\u00e1 definida em janeiro","datePublished":"2021-12-20T00:30:07+00:00","dateModified":"2021-12-20T00:31:00+00:00","mainEntityOfPage":{"@id":"https:\/\/regiaonews.net.br\/2022\/2021\/12\/19\/eleicoes-do-sindicato-dos-servidores-sera-definida-em-janeiro\/"},"wordCount":148,"commentCount":0,"publisher":{"@id":"https:\/\/regiaonews.net.br\/2022\/#organization"},"image":{"@id":"https:\/\/regiaonews.net.br\/2022\/2021\/12\/19\/eleicoes-do-sindicato-dos-servidores-sera-definida-em-janeiro\/#primaryimage"},"thumbnailUrl":"https:\/\/regiaonews.net.br\/2022\/wp-content\/uploads\/2021\/11\/buch.jpg","articleSection":["Barretos","Cidades"],"inLanguage":"pt-BR","potentialAction":[{"@type":"CommentAction","name":"Comment","target":["https:\/\/regiaonews.net.br\/2022\/2021\/12\/19\/eleicoes-do-sindicato-dos-servidores-sera-definida-em-janeiro\/#respond"]}]},{"@type":"WebPage","@id":"https:\/\/regiaonews.net.br\/2022\/2021\/12\/19\/eleicoes-do-sindicato-dos-servidores-sera-definida-em-janeiro\/","url":"https:\/\/regiaonews.net.br\/2022\/2021\/12\/19\/eleicoes-do-sindicato-dos-servidores-sera-definida-em-janeiro\/","name":"Elei\u00e7\u00f5es do Sindicato dos Servidores ser\u00e1 definida em janeiro - Regi\u00e3o News","isPartOf":{"@id":"https:\/\/regiaonews.net.br\/2022\/#website"},"primaryImageOfPage":{"@id":"https:\/\/regiaonews.net.br\/2022\/2021\/12\/19\/eleicoes-do-sindicato-dos-servidores-sera-definida-em-janeiro\/#primaryimage"},"image":{"@id":"https:\/\/regiaonews.net.br\/2022\/2021\/12\/19\/eleicoes-do-sindicato-dos-servidores-sera-definida-em-janeiro\/#primaryimage"},"thumbnailUrl":"https:\/\/regiaonews.net.br\/2022\/wp-content\/uploads\/2021\/11\/buch.jpg","datePublished":"2021-12-20T00:30:07+00:00","dateModified":"2021-12-20T00:31:00+00:00","breadcrumb":{"@id":"https:\/\/regiaonews.net.br\/2022\/2021\/12\/19\/eleicoes-do-sindicato-dos-servidores-sera-definida-em-janeiro\/#breadcrumb"},"inLanguage":"pt-BR","potentialAction":[{"@type":"ReadAction","target":["https:\/\/regiaonews.net.br\/2022\/2021\/12\/19\/eleicoes-do-sindicato-dos-servidores-sera-definida-em-janeiro\/"]}]},{"@type":"ImageObject","inLanguage":"pt-BR","@id":"https:\/\/regiaonews.net.br\/2022\/2021\/12\/19\/eleicoes-do-sindicato-dos-servidores-sera-definida-em-janeiro\/#primaryimage","url":"https:\/\/regiaonews.net.br\/2022\/wp-content\/uploads\/2021\/11\/buch.jpg","contentUrl":"https:\/\/regiaonews.net.br\/2022\/wp-content\/uploads\/2021\/11\/buch.jpg","width":1600,"height":1200},{"@type":"BreadcrumbList","@id":"https:\/\/regiaonews.net.br\/2022\/2021\/12\/19\/eleicoes-do-sindicato-dos-servidores-sera-definida-em-janeiro\/#breadcrumb","itemListElement":[{"@type":"ListItem","position":1,"name":"In\u00edcio","item":"https:\/\/regiaonews.net.br\/2022\/"},{"@type":"ListItem","position":2,"name":"Elei\u00e7\u00f5es do Sindicato dos Servidores ser\u00e1 definida em janeiro"}]},{"@type":"WebSite","@id":"https:\/\/regiaonews.net.br\/2022\/#website","url":"https:\/\/regiaonews.net.br\/2022\/","name":"Regi\u00e3o News","description":"Site de Not\u00edcias de Barretos e regi\u00e3o","publisher":{"@id":"https:\/\/regiaonews.net.br\/2022\/#organization"},"potentialAction":[{"@type":"SearchAction","target":{"@type":"EntryPoint","urlTemplate":"https:\/\/regiaonews.net.br\/2022\/?s={search_term_string}"},"query-input":{"@type":"PropertyValueSpecification","valueRequired":true,"valueName":"search_term_string"}}],"inLanguage":"pt-BR"},{"@type":"Organization","@id":"https:\/\/regiaonews.net.br\/2022\/#organization","name":"Regi\u00e3o News","url":"https:\/\/regiaonews.net.br\/2022\/","logo":{"@type":"ImageObject","inLanguage":"pt-BR","@id":"https:\/\/regiaonews.net.br\/2022\/#\/schema\/logo\/image\/","url":"https:\/\/regiaonews.net.br\/2022\/wp-content\/uploads\/2026\/03\/regiao-13-anos-scaled.jpg","contentUrl":"https:\/\/regiaonews.net.br\/2022\/wp-content\/uploads\/2026\/03\/regiao-13-anos-scaled.jpg","width":2560,"height":635,"caption":"Regi\u00e3o News"},"image":{"@id":"https:\/\/regiaonews.net.br\/2022\/#\/schema\/logo\/image\/"}},{"@type":"Person","@id":"https:\/\/regiaonews.net.br\/2022\/#\/schema\/person\/2d205a608a5aa97ac279d7a5e6d89ad8","name":"Roberto","image":{"@type":"ImageObject","inLanguage":"pt-BR","@id":"https:\/\/secure.gravatar.com\/avatar\/42749d8b712ff9d59ca93dc150494e5b55a44134482993f5baeb97e61b7ecc89?s=96&d=mm&r=g","url":"https:\/\/secure.gravatar.com\/avatar\/42749d8b712ff9d59ca93dc150494e5b55a44134482993f5baeb97e61b7ecc89?s=96&d=mm&r=g","contentUrl":"https:\/\/secure.gravatar.com\/avatar\/42749d8b712ff9d59ca93dc150494e5b55a44134482993f5baeb97e61b7ecc89?s=96&d=mm&r=g","caption":"Roberto"},"url":"https:\/\/regiaonews.net.br\/2022\/author\/roberto\/"}]}},"publishpress_future_action":{"enabled":false,"date":"2026-05-05 17:25:08","action":"change-status","newStatus":"draft","terms":[],"taxonomy":"category","extraData":[]},"publishpress_future_workflow_manual_trigger":{"enabledWorkflows":[]},"_links":{"self":[{"href":"https:\/\/regiaonews.net.br\/2022\/wp-json\/wp\/v2\/posts\/64146","targetHints":{"allow":["GET"]}}],"collection":[{"href":"https:\/\/regiaonews.net.br\/2022\/wp-json\/wp\/v2\/posts"}],"about":[{"href":"https:\/\/regiaonews.net.br\/2022\/wp-json\/wp\/v2\/types\/post"}],"author":[{"embeddable":true,"href":"https:\/\/regiaonews.net.br\/2022\/wp-json\/wp\/v2\/users\/2"}],"replies":[{"embeddable":true,"href":"https:\/\/regiaonews.net.br\/2022\/wp-json\/wp\/v2\/comments?post=64146"}],"version-history":[{"count":1,"href":"https:\/\/regiaonews.net.br\/2022\/wp-json\/wp\/v2\/posts\/64146\/revisions"}],"predecessor-version":[{"id":64147,"href":"https:\/\/regiaonews.net.br\/2022\/wp-json\/wp\/v2\/posts\/64146\/revisions\/64147"}],"wp:featuredmedia":[{"embeddable":true,"href":"https:\/\/regiaonews.net.br\/2022\/wp-json\/wp\/v2\/media\/56787"}],"wp:attachment":[{"href":"https:\/\/regiaonews.net.br\/2022\/wp-json\/wp\/v2\/media?parent=64146"}],"wp:term":[{"taxonomy":"category","embeddable":true,"href":"https:\/\/regiaonews.net.br\/2022\/wp-json\/wp\/v2\/categories?post=64146"},{"taxonomy":"post_tag","embeddable":true,"href":"https:\/\/regiaonews.net.br\/2022\/wp-json\/wp\/v2\/tags?post=64146"}],"curies":[{"name":"wp","href":"https:\/\/api.w.org\/{rel}","templated":true}]}}