{"id":64119,"date":"2021-12-18T17:52:42","date_gmt":"2021-12-18T20:52:42","guid":{"rendered":"https:\/\/regiaonews.net.br\/2022\/?p=64119"},"modified":"2021-12-18T17:52:42","modified_gmt":"2021-12-18T20:52:42","slug":"acidentes-envolveram-caminhoes-e-veiculos-tiveram-saldo-de-oito-vitimas-na-rodovia","status":"publish","type":"post","link":"https:\/\/regiaonews.net.br\/2022\/2021\/12\/18\/acidentes-envolveram-caminhoes-e-veiculos-tiveram-saldo-de-oito-vitimas-na-rodovia\/","title":{"rendered":"Acidentes envolveram caminh\u00f5es e ve\u00edculos, tiveram saldo de oito v\u00edtimas na rodovia"},"content":{"rendered":"<p>A Pol\u00edcia Rodovi\u00e1ria, atrav\u00e9s dos cabos Marcelo e Leandro, registraram na noite de sexta (17), dois acidentes na rodovia Faria Lima, no km 382, em Bebedouro. Segundo os policiais, o primeiro acidente, foi um tombamento seguido de choque, envolveu uma\u00a0 Scania e um\u00a0 Volkswagem, sem registro de v\u00edtimas. Em virtude deste sinistro,\u00a0 caiu sobre a pista de rolamento, a\u00a0 carga de polpa de laranja transportada por um dos caminh\u00f5es, interditando totalmente as duas faixas. Como tr\u00e2nsito ficou lento, foi registrado um segundo acidente, envolvendo um ve\u00edculo Corsa e Fiat Siena, resultando em\u00a0 oito v\u00edtimas leves, que foram socorridas pelo Corpo de Bombeiros e concession\u00e1ria Tebe. O acidente gerou um congestionamento de cerca de 2km.<\/p>\n","protected":false},"excerpt":{"rendered":"<p>A Pol\u00edcia Rodovi\u00e1ria, atrav\u00e9s dos cabos Marcelo e Leandro, registraram<\/p>\n","protected":false},"author":2,"featured_media":64120,"comment_status":"open","ping_status":"open","sticky":false,"template":"","format":"standard","meta":{"footnotes":""},"categories":[4,25,23],"tags":[],"class_list":["post-64119","post","type-post","status-publish","format-standard","has-post-thumbnail","hentry","category-bebedouro","category-cidades","category-policia"],"yoast_head":"<!-- This site is optimized with the Yoast SEO plugin v27.4 - https:\/\/yoast.com\/product\/yoast-seo-wordpress\/ -->\n<title>Acidentes envolveram caminh\u00f5es e ve\u00edculos, tiveram saldo de oito v\u00edtimas na rodovia - Regi\u00e3o News<\/title>\n<meta name=\"robots\" content=\"index, follow, max-snippet:-1, max-image-preview:large, max-video-preview:-1\" \/>\n<link rel=\"canonical\" href=\"https:\/\/regiaonews.net.br\/2022\/2021\/12\/18\/acidentes-envolveram-caminhoes-e-veiculos-tiveram-saldo-de-oito-vitimas-na-rodovia\/\" \/>\n<meta property=\"og:locale\" content=\"pt_BR\" \/>\n<meta property=\"og:type\" content=\"article\" \/>\n<meta property=\"og:title\" content=\"Acidentes envolveram caminh\u00f5es e ve\u00edculos, tiveram saldo de oito v\u00edtimas na rodovia - Regi\u00e3o News\" \/>\n<meta property=\"og:description\" content=\"A Pol\u00edcia Rodovi\u00e1ria, atrav\u00e9s dos cabos Marcelo e Leandro, registraram\" \/>\n<meta property=\"og:url\" content=\"https:\/\/regiaonews.net.br\/2022\/2021\/12\/18\/acidentes-envolveram-caminhoes-e-veiculos-tiveram-saldo-de-oito-vitimas-na-rodovia\/\" \/>\n<meta property=\"og:site_name\" content=\"Regi\u00e3o News\" \/>\n<meta property=\"article:published_time\" content=\"2021-12-18T20:52:42+00:00\" \/>\n<meta property=\"og:image\" content=\"https:\/\/regiaonews.net.br\/2022\/wp-content\/uploads\/2021\/12\/BOMBEIROS-DIVULGACAO-1-scaled-1.jpg\" \/>\n\t<meta property=\"og:image:width\" content=\"700\" \/>\n\t<meta property=\"og:image:height\" content=\"438\" \/>\n\t<meta property=\"og:image:type\" content=\"image\/jpeg\" \/>\n<meta name=\"author\" content=\"Roberto\" \/>\n<meta name=\"twitter:card\" content=\"summary_large_image\" \/>\n<meta name=\"twitter:label1\" content=\"Escrito por\" \/>\n\t<meta name=\"twitter:data1\" content=\"Roberto\" \/>\n\t<meta name=\"twitter:label2\" content=\"Est. tempo de leitura\" \/>\n\t<meta name=\"twitter:data2\" content=\"1 minuto\" \/>\n<script type=\"application\/ld+json\" class=\"yoast-schema-graph\">{\"@context\":\"https:\\\/\\\/schema.org\",\"@graph\":[{\"@type\":\"Article\",\"@id\":\"https:\\\/\\\/regiaonews.net.br\\\/2022\\\/2021\\\/12\\\/18\\\/acidentes-envolveram-caminhoes-e-veiculos-tiveram-saldo-de-oito-vitimas-na-rodovia\\\/#article\",\"isPartOf\":{\"@id\":\"https:\\\/\\\/regiaonews.net.br\\\/2022\\\/2021\\\/12\\\/18\\\/acidentes-envolveram-caminhoes-e-veiculos-tiveram-saldo-de-oito-vitimas-na-rodovia\\\/\"},\"author\":{\"name\":\"Roberto\",\"@id\":\"https:\\\/\\\/regiaonews.net.br\\\/2022\\\/#\\\/schema\\\/person\\\/2d205a608a5aa97ac279d7a5e6d89ad8\"},\"headline\":\"Acidentes envolveram caminh\u00f5es e ve\u00edculos, tiveram saldo de oito v\u00edtimas na rodovia\",\"datePublished\":\"2021-12-18T20:52:42+00:00\",\"mainEntityOfPage\":{\"@id\":\"https:\\\/\\\/regiaonews.net.br\\\/2022\\\/2021\\\/12\\\/18\\\/acidentes-envolveram-caminhoes-e-veiculos-tiveram-saldo-de-oito-vitimas-na-rodovia\\\/\"},\"wordCount\":136,\"commentCount\":0,\"publisher\":{\"@id\":\"https:\\\/\\\/regiaonews.net.br\\\/2022\\\/#organization\"},\"image\":{\"@id\":\"https:\\\/\\\/regiaonews.net.br\\\/2022\\\/2021\\\/12\\\/18\\\/acidentes-envolveram-caminhoes-e-veiculos-tiveram-saldo-de-oito-vitimas-na-rodovia\\\/#primaryimage\"},\"thumbnailUrl\":\"https:\\\/\\\/regiaonews.net.br\\\/2022\\\/wp-content\\\/uploads\\\/2021\\\/12\\\/BOMBEIROS-DIVULGACAO-1-scaled-1.jpg\",\"articleSection\":[\"Bebedouro\",\"Cidades\",\"Policia\"],\"inLanguage\":\"pt-BR\",\"potentialAction\":[{\"@type\":\"CommentAction\",\"name\":\"Comment\",\"target\":[\"https:\\\/\\\/regiaonews.net.br\\\/2022\\\/2021\\\/12\\\/18\\\/acidentes-envolveram-caminhoes-e-veiculos-tiveram-saldo-de-oito-vitimas-na-rodovia\\\/#respond\"]}]},{\"@type\":\"WebPage\",\"@id\":\"https:\\\/\\\/regiaonews.net.br\\\/2022\\\/2021\\\/12\\\/18\\\/acidentes-envolveram-caminhoes-e-veiculos-tiveram-saldo-de-oito-vitimas-na-rodovia\\\/\",\"url\":\"https:\\\/\\\/regiaonews.net.br\\\/2022\\\/2021\\\/12\\\/18\\\/acidentes-envolveram-caminhoes-e-veiculos-tiveram-saldo-de-oito-vitimas-na-rodovia\\\/\",\"name\":\"Acidentes envolveram caminh\u00f5es e ve\u00edculos, tiveram saldo de oito v\u00edtimas na rodovia - Regi\u00e3o News\",\"isPartOf\":{\"@id\":\"https:\\\/\\\/regiaonews.net.br\\\/2022\\\/#website\"},\"primaryImageOfPage\":{\"@id\":\"https:\\\/\\\/regiaonews.net.br\\\/2022\\\/2021\\\/12\\\/18\\\/acidentes-envolveram-caminhoes-e-veiculos-tiveram-saldo-de-oito-vitimas-na-rodovia\\\/#primaryimage\"},\"image\":{\"@id\":\"https:\\\/\\\/regiaonews.net.br\\\/2022\\\/2021\\\/12\\\/18\\\/acidentes-envolveram-caminhoes-e-veiculos-tiveram-saldo-de-oito-vitimas-na-rodovia\\\/#primaryimage\"},\"thumbnailUrl\":\"https:\\\/\\\/regiaonews.net.br\\\/2022\\\/wp-content\\\/uploads\\\/2021\\\/12\\\/BOMBEIROS-DIVULGACAO-1-scaled-1.jpg\",\"datePublished\":\"2021-12-18T20:52:42+00:00\",\"breadcrumb\":{\"@id\":\"https:\\\/\\\/regiaonews.net.br\\\/2022\\\/2021\\\/12\\\/18\\\/acidentes-envolveram-caminhoes-e-veiculos-tiveram-saldo-de-oito-vitimas-na-rodovia\\\/#breadcrumb\"},\"inLanguage\":\"pt-BR\",\"potentialAction\":[{\"@type\":\"ReadAction\",\"target\":[\"https:\\\/\\\/regiaonews.net.br\\\/2022\\\/2021\\\/12\\\/18\\\/acidentes-envolveram-caminhoes-e-veiculos-tiveram-saldo-de-oito-vitimas-na-rodovia\\\/\"]}]},{\"@type\":\"ImageObject\",\"inLanguage\":\"pt-BR\",\"@id\":\"https:\\\/\\\/regiaonews.net.br\\\/2022\\\/2021\\\/12\\\/18\\\/acidentes-envolveram-caminhoes-e-veiculos-tiveram-saldo-de-oito-vitimas-na-rodovia\\\/#primaryimage\",\"url\":\"https:\\\/\\\/regiaonews.net.br\\\/2022\\\/wp-content\\\/uploads\\\/2021\\\/12\\\/BOMBEIROS-DIVULGACAO-1-scaled-1.jpg\",\"contentUrl\":\"https:\\\/\\\/regiaonews.net.br\\\/2022\\\/wp-content\\\/uploads\\\/2021\\\/12\\\/BOMBEIROS-DIVULGACAO-1-scaled-1.jpg\",\"width\":700,\"height\":438},{\"@type\":\"BreadcrumbList\",\"@id\":\"https:\\\/\\\/regiaonews.net.br\\\/2022\\\/2021\\\/12\\\/18\\\/acidentes-envolveram-caminhoes-e-veiculos-tiveram-saldo-de-oito-vitimas-na-rodovia\\\/#breadcrumb\",\"itemListElement\":[{\"@type\":\"ListItem\",\"position\":1,\"name\":\"In\u00edcio\",\"item\":\"https:\\\/\\\/regiaonews.net.br\\\/2022\\\/\"},{\"@type\":\"ListItem\",\"position\":2,\"name\":\"Acidentes envolveram caminh\u00f5es e ve\u00edculos, tiveram saldo de oito v\u00edtimas na rodovia\"}]},{\"@type\":\"WebSite\",\"@id\":\"https:\\\/\\\/regiaonews.net.br\\\/2022\\\/#website\",\"url\":\"https:\\\/\\\/regiaonews.net.br\\\/2022\\\/\",\"name\":\"Regi\u00e3o News\",\"description\":\"Site de Not\u00edcias de Barretos e regi\u00e3o\",\"publisher\":{\"@id\":\"https:\\\/\\\/regiaonews.net.br\\\/2022\\\/#organization\"},\"potentialAction\":[{\"@type\":\"SearchAction\",\"target\":{\"@type\":\"EntryPoint\",\"urlTemplate\":\"https:\\\/\\\/regiaonews.net.br\\\/2022\\\/?s={search_term_string}\"},\"query-input\":{\"@type\":\"PropertyValueSpecification\",\"valueRequired\":true,\"valueName\":\"search_term_string\"}}],\"inLanguage\":\"pt-BR\"},{\"@type\":\"Organization\",\"@id\":\"https:\\\/\\\/regiaonews.net.br\\\/2022\\\/#organization\",\"name\":\"Regi\u00e3o News\",\"url\":\"https:\\\/\\\/regiaonews.net.br\\\/2022\\\/\",\"logo\":{\"@type\":\"ImageObject\",\"inLanguage\":\"pt-BR\",\"@id\":\"https:\\\/\\\/regiaonews.net.br\\\/2022\\\/#\\\/schema\\\/logo\\\/image\\\/\",\"url\":\"https:\\\/\\\/regiaonews.net.br\\\/2022\\\/wp-content\\\/uploads\\\/2026\\\/03\\\/regiao-13-anos-scaled.jpg\",\"contentUrl\":\"https:\\\/\\\/regiaonews.net.br\\\/2022\\\/wp-content\\\/uploads\\\/2026\\\/03\\\/regiao-13-anos-scaled.jpg\",\"width\":2560,\"height\":635,\"caption\":\"Regi\u00e3o News\"},\"image\":{\"@id\":\"https:\\\/\\\/regiaonews.net.br\\\/2022\\\/#\\\/schema\\\/logo\\\/image\\\/\"}},{\"@type\":\"Person\",\"@id\":\"https:\\\/\\\/regiaonews.net.br\\\/2022\\\/#\\\/schema\\\/person\\\/2d205a608a5aa97ac279d7a5e6d89ad8\",\"name\":\"Roberto\",\"image\":{\"@type\":\"ImageObject\",\"inLanguage\":\"pt-BR\",\"@id\":\"https:\\\/\\\/secure.gravatar.com\\\/avatar\\\/42749d8b712ff9d59ca93dc150494e5b55a44134482993f5baeb97e61b7ecc89?s=96&d=mm&r=g\",\"url\":\"https:\\\/\\\/secure.gravatar.com\\\/avatar\\\/42749d8b712ff9d59ca93dc150494e5b55a44134482993f5baeb97e61b7ecc89?s=96&d=mm&r=g\",\"contentUrl\":\"https:\\\/\\\/secure.gravatar.com\\\/avatar\\\/42749d8b712ff9d59ca93dc150494e5b55a44134482993f5baeb97e61b7ecc89?s=96&d=mm&r=g\",\"caption\":\"Roberto\"},\"url\":\"https:\\\/\\\/regiaonews.net.br\\\/2022\\\/author\\\/roberto\\\/\"}]}<\/script>\n<!-- \/ Yoast SEO plugin. -->","yoast_head_json":{"title":"Acidentes envolveram caminh\u00f5es e ve\u00edculos, tiveram saldo de oito v\u00edtimas na rodovia - Regi\u00e3o News","robots":{"index":"index","follow":"follow","max-snippet":"max-snippet:-1","max-image-preview":"max-image-preview:large","max-video-preview":"max-video-preview:-1"},"canonical":"https:\/\/regiaonews.net.br\/2022\/2021\/12\/18\/acidentes-envolveram-caminhoes-e-veiculos-tiveram-saldo-de-oito-vitimas-na-rodovia\/","og_locale":"pt_BR","og_type":"article","og_title":"Acidentes envolveram caminh\u00f5es e ve\u00edculos, tiveram saldo de oito v\u00edtimas na rodovia - Regi\u00e3o News","og_description":"A Pol\u00edcia Rodovi\u00e1ria, atrav\u00e9s dos cabos Marcelo e Leandro, registraram","og_url":"https:\/\/regiaonews.net.br\/2022\/2021\/12\/18\/acidentes-envolveram-caminhoes-e-veiculos-tiveram-saldo-de-oito-vitimas-na-rodovia\/","og_site_name":"Regi\u00e3o News","article_published_time":"2021-12-18T20:52:42+00:00","og_image":[{"width":700,"height":438,"url":"https:\/\/regiaonews.net.br\/2022\/wp-content\/uploads\/2021\/12\/BOMBEIROS-DIVULGACAO-1-scaled-1.jpg","type":"image\/jpeg"}],"author":"Roberto","twitter_card":"summary_large_image","twitter_misc":{"Escrito por":"Roberto","Est. tempo de leitura":"1 minuto"},"schema":{"@context":"https:\/\/schema.org","@graph":[{"@type":"Article","@id":"https:\/\/regiaonews.net.br\/2022\/2021\/12\/18\/acidentes-envolveram-caminhoes-e-veiculos-tiveram-saldo-de-oito-vitimas-na-rodovia\/#article","isPartOf":{"@id":"https:\/\/regiaonews.net.br\/2022\/2021\/12\/18\/acidentes-envolveram-caminhoes-e-veiculos-tiveram-saldo-de-oito-vitimas-na-rodovia\/"},"author":{"name":"Roberto","@id":"https:\/\/regiaonews.net.br\/2022\/#\/schema\/person\/2d205a608a5aa97ac279d7a5e6d89ad8"},"headline":"Acidentes envolveram caminh\u00f5es e ve\u00edculos, tiveram saldo de oito v\u00edtimas na rodovia","datePublished":"2021-12-18T20:52:42+00:00","mainEntityOfPage":{"@id":"https:\/\/regiaonews.net.br\/2022\/2021\/12\/18\/acidentes-envolveram-caminhoes-e-veiculos-tiveram-saldo-de-oito-vitimas-na-rodovia\/"},"wordCount":136,"commentCount":0,"publisher":{"@id":"https:\/\/regiaonews.net.br\/2022\/#organization"},"image":{"@id":"https:\/\/regiaonews.net.br\/2022\/2021\/12\/18\/acidentes-envolveram-caminhoes-e-veiculos-tiveram-saldo-de-oito-vitimas-na-rodovia\/#primaryimage"},"thumbnailUrl":"https:\/\/regiaonews.net.br\/2022\/wp-content\/uploads\/2021\/12\/BOMBEIROS-DIVULGACAO-1-scaled-1.jpg","articleSection":["Bebedouro","Cidades","Policia"],"inLanguage":"pt-BR","potentialAction":[{"@type":"CommentAction","name":"Comment","target":["https:\/\/regiaonews.net.br\/2022\/2021\/12\/18\/acidentes-envolveram-caminhoes-e-veiculos-tiveram-saldo-de-oito-vitimas-na-rodovia\/#respond"]}]},{"@type":"WebPage","@id":"https:\/\/regiaonews.net.br\/2022\/2021\/12\/18\/acidentes-envolveram-caminhoes-e-veiculos-tiveram-saldo-de-oito-vitimas-na-rodovia\/","url":"https:\/\/regiaonews.net.br\/2022\/2021\/12\/18\/acidentes-envolveram-caminhoes-e-veiculos-tiveram-saldo-de-oito-vitimas-na-rodovia\/","name":"Acidentes envolveram caminh\u00f5es e ve\u00edculos, tiveram saldo de oito v\u00edtimas na rodovia - Regi\u00e3o News","isPartOf":{"@id":"https:\/\/regiaonews.net.br\/2022\/#website"},"primaryImageOfPage":{"@id":"https:\/\/regiaonews.net.br\/2022\/2021\/12\/18\/acidentes-envolveram-caminhoes-e-veiculos-tiveram-saldo-de-oito-vitimas-na-rodovia\/#primaryimage"},"image":{"@id":"https:\/\/regiaonews.net.br\/2022\/2021\/12\/18\/acidentes-envolveram-caminhoes-e-veiculos-tiveram-saldo-de-oito-vitimas-na-rodovia\/#primaryimage"},"thumbnailUrl":"https:\/\/regiaonews.net.br\/2022\/wp-content\/uploads\/2021\/12\/BOMBEIROS-DIVULGACAO-1-scaled-1.jpg","datePublished":"2021-12-18T20:52:42+00:00","breadcrumb":{"@id":"https:\/\/regiaonews.net.br\/2022\/2021\/12\/18\/acidentes-envolveram-caminhoes-e-veiculos-tiveram-saldo-de-oito-vitimas-na-rodovia\/#breadcrumb"},"inLanguage":"pt-BR","potentialAction":[{"@type":"ReadAction","target":["https:\/\/regiaonews.net.br\/2022\/2021\/12\/18\/acidentes-envolveram-caminhoes-e-veiculos-tiveram-saldo-de-oito-vitimas-na-rodovia\/"]}]},{"@type":"ImageObject","inLanguage":"pt-BR","@id":"https:\/\/regiaonews.net.br\/2022\/2021\/12\/18\/acidentes-envolveram-caminhoes-e-veiculos-tiveram-saldo-de-oito-vitimas-na-rodovia\/#primaryimage","url":"https:\/\/regiaonews.net.br\/2022\/wp-content\/uploads\/2021\/12\/BOMBEIROS-DIVULGACAO-1-scaled-1.jpg","contentUrl":"https:\/\/regiaonews.net.br\/2022\/wp-content\/uploads\/2021\/12\/BOMBEIROS-DIVULGACAO-1-scaled-1.jpg","width":700,"height":438},{"@type":"BreadcrumbList","@id":"https:\/\/regiaonews.net.br\/2022\/2021\/12\/18\/acidentes-envolveram-caminhoes-e-veiculos-tiveram-saldo-de-oito-vitimas-na-rodovia\/#breadcrumb","itemListElement":[{"@type":"ListItem","position":1,"name":"In\u00edcio","item":"https:\/\/regiaonews.net.br\/2022\/"},{"@type":"ListItem","position":2,"name":"Acidentes envolveram caminh\u00f5es e ve\u00edculos, tiveram saldo de oito v\u00edtimas na rodovia"}]},{"@type":"WebSite","@id":"https:\/\/regiaonews.net.br\/2022\/#website","url":"https:\/\/regiaonews.net.br\/2022\/","name":"Regi\u00e3o News","description":"Site de Not\u00edcias de Barretos e regi\u00e3o","publisher":{"@id":"https:\/\/regiaonews.net.br\/2022\/#organization"},"potentialAction":[{"@type":"SearchAction","target":{"@type":"EntryPoint","urlTemplate":"https:\/\/regiaonews.net.br\/2022\/?s={search_term_string}"},"query-input":{"@type":"PropertyValueSpecification","valueRequired":true,"valueName":"search_term_string"}}],"inLanguage":"pt-BR"},{"@type":"Organization","@id":"https:\/\/regiaonews.net.br\/2022\/#organization","name":"Regi\u00e3o News","url":"https:\/\/regiaonews.net.br\/2022\/","logo":{"@type":"ImageObject","inLanguage":"pt-BR","@id":"https:\/\/regiaonews.net.br\/2022\/#\/schema\/logo\/image\/","url":"https:\/\/regiaonews.net.br\/2022\/wp-content\/uploads\/2026\/03\/regiao-13-anos-scaled.jpg","contentUrl":"https:\/\/regiaonews.net.br\/2022\/wp-content\/uploads\/2026\/03\/regiao-13-anos-scaled.jpg","width":2560,"height":635,"caption":"Regi\u00e3o News"},"image":{"@id":"https:\/\/regiaonews.net.br\/2022\/#\/schema\/logo\/image\/"}},{"@type":"Person","@id":"https:\/\/regiaonews.net.br\/2022\/#\/schema\/person\/2d205a608a5aa97ac279d7a5e6d89ad8","name":"Roberto","image":{"@type":"ImageObject","inLanguage":"pt-BR","@id":"https:\/\/secure.gravatar.com\/avatar\/42749d8b712ff9d59ca93dc150494e5b55a44134482993f5baeb97e61b7ecc89?s=96&d=mm&r=g","url":"https:\/\/secure.gravatar.com\/avatar\/42749d8b712ff9d59ca93dc150494e5b55a44134482993f5baeb97e61b7ecc89?s=96&d=mm&r=g","contentUrl":"https:\/\/secure.gravatar.com\/avatar\/42749d8b712ff9d59ca93dc150494e5b55a44134482993f5baeb97e61b7ecc89?s=96&d=mm&r=g","caption":"Roberto"},"url":"https:\/\/regiaonews.net.br\/2022\/author\/roberto\/"}]}},"publishpress_future_action":{"enabled":false,"date":"2026-05-05 14:09:00","action":"change-status","newStatus":"draft","terms":[],"taxonomy":"category","extraData":[]},"publishpress_future_workflow_manual_trigger":{"enabledWorkflows":[]},"_links":{"self":[{"href":"https:\/\/regiaonews.net.br\/2022\/wp-json\/wp\/v2\/posts\/64119","targetHints":{"allow":["GET"]}}],"collection":[{"href":"https:\/\/regiaonews.net.br\/2022\/wp-json\/wp\/v2\/posts"}],"about":[{"href":"https:\/\/regiaonews.net.br\/2022\/wp-json\/wp\/v2\/types\/post"}],"author":[{"embeddable":true,"href":"https:\/\/regiaonews.net.br\/2022\/wp-json\/wp\/v2\/users\/2"}],"replies":[{"embeddable":true,"href":"https:\/\/regiaonews.net.br\/2022\/wp-json\/wp\/v2\/comments?post=64119"}],"version-history":[{"count":1,"href":"https:\/\/regiaonews.net.br\/2022\/wp-json\/wp\/v2\/posts\/64119\/revisions"}],"predecessor-version":[{"id":64121,"href":"https:\/\/regiaonews.net.br\/2022\/wp-json\/wp\/v2\/posts\/64119\/revisions\/64121"}],"wp:featuredmedia":[{"embeddable":true,"href":"https:\/\/regiaonews.net.br\/2022\/wp-json\/wp\/v2\/media\/64120"}],"wp:attachment":[{"href":"https:\/\/regiaonews.net.br\/2022\/wp-json\/wp\/v2\/media?parent=64119"}],"wp:term":[{"taxonomy":"category","embeddable":true,"href":"https:\/\/regiaonews.net.br\/2022\/wp-json\/wp\/v2\/categories?post=64119"},{"taxonomy":"post_tag","embeddable":true,"href":"https:\/\/regiaonews.net.br\/2022\/wp-json\/wp\/v2\/tags?post=64119"}],"curies":[{"name":"wp","href":"https:\/\/api.w.org\/{rel}","templated":true}]}}