{"id":63496,"date":"2021-12-08T15:03:00","date_gmt":"2021-12-08T18:03:00","guid":{"rendered":"https:\/\/regiaonews.net.br\/2022\/?p=63496"},"modified":"2021-12-08T15:37:46","modified_gmt":"2021-12-08T18:37:46","slug":"estacao-cultural-de-olimpia-e-inaugurada-em-predio-r-antiga-estacao-ferroviaria","status":"publish","type":"post","link":"https:\/\/regiaonews.net.br\/2022\/2021\/12\/08\/estacao-cultural-de-olimpia-e-inaugurada-em-predio-r-antiga-estacao-ferroviaria\/","title":{"rendered":"Esta\u00e7\u00e3o Cultural de Ol\u00edmpia \u00e9 inaugurada em pr\u00e9dio da antiga Esta\u00e7\u00e3o Ferrovi\u00e1ria"},"content":{"rendered":"<p>O novo espa\u00e7o amplia a pujante voca\u00e7\u00e3o da cidade para o turismo e fortalece a cultura<\/p>\n<p>&nbsp;<\/p>\n<p>&nbsp;<\/p>\n<p>Um dos principais projetos de restauro e resgate da hist\u00f3ria da Est\u00e2ncia Tur\u00edstica de Ol\u00edmpia ser\u00e1 entregue para a popula\u00e7\u00e3o e visitantes. O pr\u00e9dio da antiga Esta\u00e7\u00e3o Ferrovi\u00e1ria agora \u00e9 a sede da ECO \u2013 Esta\u00e7\u00e3o Cultural de Ol\u00edmpia. O novo atrativo chega para somar ao quadro de a\u00e7\u00f5es institucionais na \u00e1rea cultural da Prefeitura.<\/p>\n<p>A Esta\u00e7\u00e3o Ferrovi\u00e1ria de Ol\u00edmpia, que era pertencente \u00e0 antiga FEPASA, funcionou at\u00e9 o ano de 1968, com trens e vag\u00f5es em opera\u00e7\u00e3o, e foi desativada com o surgimento das rodovias. Dos anos de 1920 at\u00e9 final da d\u00e9cada de 1960, a Locomotiva transportou em grande parte o caf\u00e9, que ajudou Ol\u00edmpia a se desenvolver. O local ficou cerca de 15 anos sem uso e, em 2019, come\u00e7ou a passar por obras para a reativa\u00e7\u00e3o como um centro cultural.<\/p>\n<p>A requalifica\u00e7\u00e3o do complexo arquitet\u00f4nico da antiga Esta\u00e7\u00e3o, com a preserva\u00e7\u00e3o e o restauro de caracter\u00edsticas originais do pr\u00e9dio, abrigar\u00e1 exposi\u00e7\u00f5es tempor\u00e1rias, al\u00e9m de simp\u00f3sios, resid\u00eancias, aulas e mesas redondas que abordem quest\u00f5es relevantes da arte moderna e contempor\u00e2nea. \u201cA tradi\u00e7\u00e3o agr\u00edcola e o impacto das transforma\u00e7\u00f5es sociais e econ\u00f4micas provocadas pelo desenvolvimento tur\u00edstico s\u00e3o os dois fatores que determinam a estrat\u00e9gia de uma a\u00e7\u00e3o cultural intensa e permanente que contam a hist\u00f3ria de Ol\u00edmpia. Por isso, estamos fazendo este resgate da \u00e1rea mais antiga do munic\u00edpio, da \u00e9poca de sua funda\u00e7\u00e3o, preservando os marcos arquitet\u00f4nicos e fortalecendo a cultura e o turismo\u201d, afirma o Prefeito Fernando Cunha.<\/p>\n<p>Com mais de 6 mil m\u00b2 de \u00e1rea total e mil m\u00b2 de \u00e1rea constru\u00edda, a ECO conta salas administrativas, sala receptiva, uma pinacoteca, pra\u00e7a de alimenta\u00e7\u00e3o, espa\u00e7o para<\/p>\n<p>apresenta\u00e7\u00f5es culturais, sala para exposi\u00e7\u00f5es, entre outros. Al\u00e9m disso, a locomotiva que ficava no antigo Museu de Hist\u00f3ria e Folclore foi restaurada e transportada para a esta\u00e7\u00e3o, e ainda est\u00e3o sendo instalados dois vag\u00f5es antigos, nos quais em um haver\u00e1 uma cafeteria e no outro, um espa\u00e7o para exposi\u00e7\u00e3o de fotografias e exibi\u00e7\u00e3o de filmes hist\u00f3ricos e antigos de quando a esta\u00e7\u00e3o funcionava.<\/p>\n<p>&nbsp;<\/p>\n<p>No \u00e2mbito cultural, o novo espa\u00e7o visa estabelecer parcerias com institui\u00e7\u00f5es cong\u00eaneres por todo o territ\u00f3rio nacional e enfatizar as rela\u00e7\u00f5es e di\u00e1logos da arte moderna e contempor\u00e2nea com a arte popular e todas as manifesta\u00e7\u00f5es que encontram abrigo na tradi\u00e7\u00e3o folcl\u00f3rica. \u201cEsse conceito art\u00edstico que dialoga com a cultura, artesanato e o folclore, permite a\u00e7\u00f5es e reflex\u00f5es acad\u00eamicas, em especial com a antropologia, a filosofia, al\u00e9m de incentivar o turismo e demais componentes da chamada economia criativa\u201d, destaca Cunha.<\/p>\n","protected":false},"excerpt":{"rendered":"<p>O novo espa\u00e7o amplia a pujante voca\u00e7\u00e3o da cidade para<\/p>\n","protected":false},"author":2,"featured_media":63499,"comment_status":"open","ping_status":"open","sticky":false,"template":"","format":"standard","meta":{"footnotes":""},"categories":[25,28],"tags":[],"class_list":["post-63496","post","type-post","status-publish","format-standard","has-post-thumbnail","hentry","category-cidades","category-olimpia-olimpia"],"yoast_head":"<!-- This site is optimized with the Yoast SEO plugin v27.5 - https:\/\/yoast.com\/product\/yoast-seo-wordpress\/ -->\n<title>Esta\u00e7\u00e3o Cultural de Ol\u00edmpia \u00e9 inaugurada em pr\u00e9dio da antiga Esta\u00e7\u00e3o Ferrovi\u00e1ria - Regi\u00e3o News<\/title>\n<meta name=\"robots\" content=\"index, follow, max-snippet:-1, max-image-preview:large, max-video-preview:-1\" \/>\n<link rel=\"canonical\" href=\"https:\/\/regiaonews.net.br\/2022\/2021\/12\/08\/estacao-cultural-de-olimpia-e-inaugurada-em-predio-r-antiga-estacao-ferroviaria\/\" \/>\n<meta property=\"og:locale\" content=\"pt_BR\" \/>\n<meta property=\"og:type\" content=\"article\" \/>\n<meta property=\"og:title\" content=\"Esta\u00e7\u00e3o Cultural de Ol\u00edmpia \u00e9 inaugurada em pr\u00e9dio da antiga Esta\u00e7\u00e3o Ferrovi\u00e1ria - Regi\u00e3o News\" \/>\n<meta property=\"og:description\" content=\"O novo espa\u00e7o amplia a pujante voca\u00e7\u00e3o da cidade para\" \/>\n<meta property=\"og:url\" content=\"https:\/\/regiaonews.net.br\/2022\/2021\/12\/08\/estacao-cultural-de-olimpia-e-inaugurada-em-predio-r-antiga-estacao-ferroviaria\/\" \/>\n<meta property=\"og:site_name\" content=\"Regi\u00e3o News\" \/>\n<meta property=\"article:published_time\" content=\"2021-12-08T18:03:00+00:00\" \/>\n<meta property=\"article:modified_time\" content=\"2021-12-08T18:37:46+00:00\" \/>\n<meta property=\"og:image\" content=\"https:\/\/regiaonews.net.br\/2022\/wp-content\/uploads\/2021\/12\/ECO-Estacao-Cultural-de-Olimpia_fachada-1.jpg\" \/>\n\t<meta property=\"og:image:width\" content=\"578\" \/>\n\t<meta property=\"og:image:height\" content=\"434\" \/>\n\t<meta property=\"og:image:type\" content=\"image\/jpeg\" \/>\n<meta name=\"author\" content=\"Roberto\" \/>\n<meta name=\"twitter:card\" content=\"summary_large_image\" \/>\n<meta name=\"twitter:label1\" content=\"Escrito por\" \/>\n\t<meta name=\"twitter:data1\" content=\"Roberto\" \/>\n\t<meta name=\"twitter:label2\" content=\"Est. tempo de leitura\" \/>\n\t<meta name=\"twitter:data2\" content=\"3 minutos\" \/>\n<script type=\"application\/ld+json\" class=\"yoast-schema-graph\">{\"@context\":\"https:\\\/\\\/schema.org\",\"@graph\":[{\"@type\":\"Article\",\"@id\":\"https:\\\/\\\/regiaonews.net.br\\\/2022\\\/2021\\\/12\\\/08\\\/estacao-cultural-de-olimpia-e-inaugurada-em-predio-r-antiga-estacao-ferroviaria\\\/#article\",\"isPartOf\":{\"@id\":\"https:\\\/\\\/regiaonews.net.br\\\/2022\\\/2021\\\/12\\\/08\\\/estacao-cultural-de-olimpia-e-inaugurada-em-predio-r-antiga-estacao-ferroviaria\\\/\"},\"author\":{\"name\":\"Roberto\",\"@id\":\"https:\\\/\\\/regiaonews.net.br\\\/2022\\\/#\\\/schema\\\/person\\\/2d205a608a5aa97ac279d7a5e6d89ad8\"},\"headline\":\"Esta\u00e7\u00e3o Cultural de Ol\u00edmpia \u00e9 inaugurada em pr\u00e9dio da antiga Esta\u00e7\u00e3o Ferrovi\u00e1ria\",\"datePublished\":\"2021-12-08T18:03:00+00:00\",\"dateModified\":\"2021-12-08T18:37:46+00:00\",\"mainEntityOfPage\":{\"@id\":\"https:\\\/\\\/regiaonews.net.br\\\/2022\\\/2021\\\/12\\\/08\\\/estacao-cultural-de-olimpia-e-inaugurada-em-predio-r-antiga-estacao-ferroviaria\\\/\"},\"wordCount\":519,\"commentCount\":0,\"publisher\":{\"@id\":\"https:\\\/\\\/regiaonews.net.br\\\/2022\\\/#organization\"},\"image\":{\"@id\":\"https:\\\/\\\/regiaonews.net.br\\\/2022\\\/2021\\\/12\\\/08\\\/estacao-cultural-de-olimpia-e-inaugurada-em-predio-r-antiga-estacao-ferroviaria\\\/#primaryimage\"},\"thumbnailUrl\":\"https:\\\/\\\/regiaonews.net.br\\\/2022\\\/wp-content\\\/uploads\\\/2021\\\/12\\\/ECO-Estacao-Cultural-de-Olimpia_fachada-1.jpg\",\"articleSection\":[\"Cidades\",\"Olimpia\"],\"inLanguage\":\"pt-BR\",\"potentialAction\":[{\"@type\":\"CommentAction\",\"name\":\"Comment\",\"target\":[\"https:\\\/\\\/regiaonews.net.br\\\/2022\\\/2021\\\/12\\\/08\\\/estacao-cultural-de-olimpia-e-inaugurada-em-predio-r-antiga-estacao-ferroviaria\\\/#respond\"]}]},{\"@type\":\"WebPage\",\"@id\":\"https:\\\/\\\/regiaonews.net.br\\\/2022\\\/2021\\\/12\\\/08\\\/estacao-cultural-de-olimpia-e-inaugurada-em-predio-r-antiga-estacao-ferroviaria\\\/\",\"url\":\"https:\\\/\\\/regiaonews.net.br\\\/2022\\\/2021\\\/12\\\/08\\\/estacao-cultural-de-olimpia-e-inaugurada-em-predio-r-antiga-estacao-ferroviaria\\\/\",\"name\":\"Esta\u00e7\u00e3o Cultural de Ol\u00edmpia \u00e9 inaugurada em pr\u00e9dio da antiga Esta\u00e7\u00e3o Ferrovi\u00e1ria - Regi\u00e3o News\",\"isPartOf\":{\"@id\":\"https:\\\/\\\/regiaonews.net.br\\\/2022\\\/#website\"},\"primaryImageOfPage\":{\"@id\":\"https:\\\/\\\/regiaonews.net.br\\\/2022\\\/2021\\\/12\\\/08\\\/estacao-cultural-de-olimpia-e-inaugurada-em-predio-r-antiga-estacao-ferroviaria\\\/#primaryimage\"},\"image\":{\"@id\":\"https:\\\/\\\/regiaonews.net.br\\\/2022\\\/2021\\\/12\\\/08\\\/estacao-cultural-de-olimpia-e-inaugurada-em-predio-r-antiga-estacao-ferroviaria\\\/#primaryimage\"},\"thumbnailUrl\":\"https:\\\/\\\/regiaonews.net.br\\\/2022\\\/wp-content\\\/uploads\\\/2021\\\/12\\\/ECO-Estacao-Cultural-de-Olimpia_fachada-1.jpg\",\"datePublished\":\"2021-12-08T18:03:00+00:00\",\"dateModified\":\"2021-12-08T18:37:46+00:00\",\"breadcrumb\":{\"@id\":\"https:\\\/\\\/regiaonews.net.br\\\/2022\\\/2021\\\/12\\\/08\\\/estacao-cultural-de-olimpia-e-inaugurada-em-predio-r-antiga-estacao-ferroviaria\\\/#breadcrumb\"},\"inLanguage\":\"pt-BR\",\"potentialAction\":[{\"@type\":\"ReadAction\",\"target\":[\"https:\\\/\\\/regiaonews.net.br\\\/2022\\\/2021\\\/12\\\/08\\\/estacao-cultural-de-olimpia-e-inaugurada-em-predio-r-antiga-estacao-ferroviaria\\\/\"]}]},{\"@type\":\"ImageObject\",\"inLanguage\":\"pt-BR\",\"@id\":\"https:\\\/\\\/regiaonews.net.br\\\/2022\\\/2021\\\/12\\\/08\\\/estacao-cultural-de-olimpia-e-inaugurada-em-predio-r-antiga-estacao-ferroviaria\\\/#primaryimage\",\"url\":\"https:\\\/\\\/regiaonews.net.br\\\/2022\\\/wp-content\\\/uploads\\\/2021\\\/12\\\/ECO-Estacao-Cultural-de-Olimpia_fachada-1.jpg\",\"contentUrl\":\"https:\\\/\\\/regiaonews.net.br\\\/2022\\\/wp-content\\\/uploads\\\/2021\\\/12\\\/ECO-Estacao-Cultural-de-Olimpia_fachada-1.jpg\",\"width\":578,\"height\":434},{\"@type\":\"BreadcrumbList\",\"@id\":\"https:\\\/\\\/regiaonews.net.br\\\/2022\\\/2021\\\/12\\\/08\\\/estacao-cultural-de-olimpia-e-inaugurada-em-predio-r-antiga-estacao-ferroviaria\\\/#breadcrumb\",\"itemListElement\":[{\"@type\":\"ListItem\",\"position\":1,\"name\":\"In\u00edcio\",\"item\":\"https:\\\/\\\/regiaonews.net.br\\\/2022\\\/\"},{\"@type\":\"ListItem\",\"position\":2,\"name\":\"Esta\u00e7\u00e3o Cultural de Ol\u00edmpia \u00e9 inaugurada em pr\u00e9dio da antiga Esta\u00e7\u00e3o Ferrovi\u00e1ria\"}]},{\"@type\":\"WebSite\",\"@id\":\"https:\\\/\\\/regiaonews.net.br\\\/2022\\\/#website\",\"url\":\"https:\\\/\\\/regiaonews.net.br\\\/2022\\\/\",\"name\":\"Regi\u00e3o News\",\"description\":\"Site de Not\u00edcias de Barretos e regi\u00e3o\",\"publisher\":{\"@id\":\"https:\\\/\\\/regiaonews.net.br\\\/2022\\\/#organization\"},\"potentialAction\":[{\"@type\":\"SearchAction\",\"target\":{\"@type\":\"EntryPoint\",\"urlTemplate\":\"https:\\\/\\\/regiaonews.net.br\\\/2022\\\/?s={search_term_string}\"},\"query-input\":{\"@type\":\"PropertyValueSpecification\",\"valueRequired\":true,\"valueName\":\"search_term_string\"}}],\"inLanguage\":\"pt-BR\"},{\"@type\":\"Organization\",\"@id\":\"https:\\\/\\\/regiaonews.net.br\\\/2022\\\/#organization\",\"name\":\"Regi\u00e3o News\",\"url\":\"https:\\\/\\\/regiaonews.net.br\\\/2022\\\/\",\"logo\":{\"@type\":\"ImageObject\",\"inLanguage\":\"pt-BR\",\"@id\":\"https:\\\/\\\/regiaonews.net.br\\\/2022\\\/#\\\/schema\\\/logo\\\/image\\\/\",\"url\":\"https:\\\/\\\/regiaonews.net.br\\\/2022\\\/wp-content\\\/uploads\\\/2026\\\/03\\\/regiao-13-anos-scaled.jpg\",\"contentUrl\":\"https:\\\/\\\/regiaonews.net.br\\\/2022\\\/wp-content\\\/uploads\\\/2026\\\/03\\\/regiao-13-anos-scaled.jpg\",\"width\":2560,\"height\":635,\"caption\":\"Regi\u00e3o News\"},\"image\":{\"@id\":\"https:\\\/\\\/regiaonews.net.br\\\/2022\\\/#\\\/schema\\\/logo\\\/image\\\/\"}},{\"@type\":\"Person\",\"@id\":\"https:\\\/\\\/regiaonews.net.br\\\/2022\\\/#\\\/schema\\\/person\\\/2d205a608a5aa97ac279d7a5e6d89ad8\",\"name\":\"Roberto\",\"image\":{\"@type\":\"ImageObject\",\"inLanguage\":\"pt-BR\",\"@id\":\"https:\\\/\\\/secure.gravatar.com\\\/avatar\\\/42749d8b712ff9d59ca93dc150494e5b55a44134482993f5baeb97e61b7ecc89?s=96&d=mm&r=g\",\"url\":\"https:\\\/\\\/secure.gravatar.com\\\/avatar\\\/42749d8b712ff9d59ca93dc150494e5b55a44134482993f5baeb97e61b7ecc89?s=96&d=mm&r=g\",\"contentUrl\":\"https:\\\/\\\/secure.gravatar.com\\\/avatar\\\/42749d8b712ff9d59ca93dc150494e5b55a44134482993f5baeb97e61b7ecc89?s=96&d=mm&r=g\",\"caption\":\"Roberto\"},\"url\":\"https:\\\/\\\/regiaonews.net.br\\\/2022\\\/author\\\/roberto\\\/\"}]}<\/script>\n<!-- \/ Yoast SEO plugin. -->","yoast_head_json":{"title":"Esta\u00e7\u00e3o Cultural de Ol\u00edmpia \u00e9 inaugurada em pr\u00e9dio da antiga Esta\u00e7\u00e3o Ferrovi\u00e1ria - Regi\u00e3o News","robots":{"index":"index","follow":"follow","max-snippet":"max-snippet:-1","max-image-preview":"max-image-preview:large","max-video-preview":"max-video-preview:-1"},"canonical":"https:\/\/regiaonews.net.br\/2022\/2021\/12\/08\/estacao-cultural-de-olimpia-e-inaugurada-em-predio-r-antiga-estacao-ferroviaria\/","og_locale":"pt_BR","og_type":"article","og_title":"Esta\u00e7\u00e3o Cultural de Ol\u00edmpia \u00e9 inaugurada em pr\u00e9dio da antiga Esta\u00e7\u00e3o Ferrovi\u00e1ria - Regi\u00e3o News","og_description":"O novo espa\u00e7o amplia a pujante voca\u00e7\u00e3o da cidade para","og_url":"https:\/\/regiaonews.net.br\/2022\/2021\/12\/08\/estacao-cultural-de-olimpia-e-inaugurada-em-predio-r-antiga-estacao-ferroviaria\/","og_site_name":"Regi\u00e3o News","article_published_time":"2021-12-08T18:03:00+00:00","article_modified_time":"2021-12-08T18:37:46+00:00","og_image":[{"width":578,"height":434,"url":"https:\/\/regiaonews.net.br\/2022\/wp-content\/uploads\/2021\/12\/ECO-Estacao-Cultural-de-Olimpia_fachada-1.jpg","type":"image\/jpeg"}],"author":"Roberto","twitter_card":"summary_large_image","twitter_misc":{"Escrito por":"Roberto","Est. tempo de leitura":"3 minutos"},"schema":{"@context":"https:\/\/schema.org","@graph":[{"@type":"Article","@id":"https:\/\/regiaonews.net.br\/2022\/2021\/12\/08\/estacao-cultural-de-olimpia-e-inaugurada-em-predio-r-antiga-estacao-ferroviaria\/#article","isPartOf":{"@id":"https:\/\/regiaonews.net.br\/2022\/2021\/12\/08\/estacao-cultural-de-olimpia-e-inaugurada-em-predio-r-antiga-estacao-ferroviaria\/"},"author":{"name":"Roberto","@id":"https:\/\/regiaonews.net.br\/2022\/#\/schema\/person\/2d205a608a5aa97ac279d7a5e6d89ad8"},"headline":"Esta\u00e7\u00e3o Cultural de Ol\u00edmpia \u00e9 inaugurada em pr\u00e9dio da antiga Esta\u00e7\u00e3o Ferrovi\u00e1ria","datePublished":"2021-12-08T18:03:00+00:00","dateModified":"2021-12-08T18:37:46+00:00","mainEntityOfPage":{"@id":"https:\/\/regiaonews.net.br\/2022\/2021\/12\/08\/estacao-cultural-de-olimpia-e-inaugurada-em-predio-r-antiga-estacao-ferroviaria\/"},"wordCount":519,"commentCount":0,"publisher":{"@id":"https:\/\/regiaonews.net.br\/2022\/#organization"},"image":{"@id":"https:\/\/regiaonews.net.br\/2022\/2021\/12\/08\/estacao-cultural-de-olimpia-e-inaugurada-em-predio-r-antiga-estacao-ferroviaria\/#primaryimage"},"thumbnailUrl":"https:\/\/regiaonews.net.br\/2022\/wp-content\/uploads\/2021\/12\/ECO-Estacao-Cultural-de-Olimpia_fachada-1.jpg","articleSection":["Cidades","Olimpia"],"inLanguage":"pt-BR","potentialAction":[{"@type":"CommentAction","name":"Comment","target":["https:\/\/regiaonews.net.br\/2022\/2021\/12\/08\/estacao-cultural-de-olimpia-e-inaugurada-em-predio-r-antiga-estacao-ferroviaria\/#respond"]}]},{"@type":"WebPage","@id":"https:\/\/regiaonews.net.br\/2022\/2021\/12\/08\/estacao-cultural-de-olimpia-e-inaugurada-em-predio-r-antiga-estacao-ferroviaria\/","url":"https:\/\/regiaonews.net.br\/2022\/2021\/12\/08\/estacao-cultural-de-olimpia-e-inaugurada-em-predio-r-antiga-estacao-ferroviaria\/","name":"Esta\u00e7\u00e3o Cultural de Ol\u00edmpia \u00e9 inaugurada em pr\u00e9dio da antiga Esta\u00e7\u00e3o Ferrovi\u00e1ria - Regi\u00e3o News","isPartOf":{"@id":"https:\/\/regiaonews.net.br\/2022\/#website"},"primaryImageOfPage":{"@id":"https:\/\/regiaonews.net.br\/2022\/2021\/12\/08\/estacao-cultural-de-olimpia-e-inaugurada-em-predio-r-antiga-estacao-ferroviaria\/#primaryimage"},"image":{"@id":"https:\/\/regiaonews.net.br\/2022\/2021\/12\/08\/estacao-cultural-de-olimpia-e-inaugurada-em-predio-r-antiga-estacao-ferroviaria\/#primaryimage"},"thumbnailUrl":"https:\/\/regiaonews.net.br\/2022\/wp-content\/uploads\/2021\/12\/ECO-Estacao-Cultural-de-Olimpia_fachada-1.jpg","datePublished":"2021-12-08T18:03:00+00:00","dateModified":"2021-12-08T18:37:46+00:00","breadcrumb":{"@id":"https:\/\/regiaonews.net.br\/2022\/2021\/12\/08\/estacao-cultural-de-olimpia-e-inaugurada-em-predio-r-antiga-estacao-ferroviaria\/#breadcrumb"},"inLanguage":"pt-BR","potentialAction":[{"@type":"ReadAction","target":["https:\/\/regiaonews.net.br\/2022\/2021\/12\/08\/estacao-cultural-de-olimpia-e-inaugurada-em-predio-r-antiga-estacao-ferroviaria\/"]}]},{"@type":"ImageObject","inLanguage":"pt-BR","@id":"https:\/\/regiaonews.net.br\/2022\/2021\/12\/08\/estacao-cultural-de-olimpia-e-inaugurada-em-predio-r-antiga-estacao-ferroviaria\/#primaryimage","url":"https:\/\/regiaonews.net.br\/2022\/wp-content\/uploads\/2021\/12\/ECO-Estacao-Cultural-de-Olimpia_fachada-1.jpg","contentUrl":"https:\/\/regiaonews.net.br\/2022\/wp-content\/uploads\/2021\/12\/ECO-Estacao-Cultural-de-Olimpia_fachada-1.jpg","width":578,"height":434},{"@type":"BreadcrumbList","@id":"https:\/\/regiaonews.net.br\/2022\/2021\/12\/08\/estacao-cultural-de-olimpia-e-inaugurada-em-predio-r-antiga-estacao-ferroviaria\/#breadcrumb","itemListElement":[{"@type":"ListItem","position":1,"name":"In\u00edcio","item":"https:\/\/regiaonews.net.br\/2022\/"},{"@type":"ListItem","position":2,"name":"Esta\u00e7\u00e3o Cultural de Ol\u00edmpia \u00e9 inaugurada em pr\u00e9dio da antiga Esta\u00e7\u00e3o Ferrovi\u00e1ria"}]},{"@type":"WebSite","@id":"https:\/\/regiaonews.net.br\/2022\/#website","url":"https:\/\/regiaonews.net.br\/2022\/","name":"Regi\u00e3o News","description":"Site de Not\u00edcias de Barretos e regi\u00e3o","publisher":{"@id":"https:\/\/regiaonews.net.br\/2022\/#organization"},"potentialAction":[{"@type":"SearchAction","target":{"@type":"EntryPoint","urlTemplate":"https:\/\/regiaonews.net.br\/2022\/?s={search_term_string}"},"query-input":{"@type":"PropertyValueSpecification","valueRequired":true,"valueName":"search_term_string"}}],"inLanguage":"pt-BR"},{"@type":"Organization","@id":"https:\/\/regiaonews.net.br\/2022\/#organization","name":"Regi\u00e3o News","url":"https:\/\/regiaonews.net.br\/2022\/","logo":{"@type":"ImageObject","inLanguage":"pt-BR","@id":"https:\/\/regiaonews.net.br\/2022\/#\/schema\/logo\/image\/","url":"https:\/\/regiaonews.net.br\/2022\/wp-content\/uploads\/2026\/03\/regiao-13-anos-scaled.jpg","contentUrl":"https:\/\/regiaonews.net.br\/2022\/wp-content\/uploads\/2026\/03\/regiao-13-anos-scaled.jpg","width":2560,"height":635,"caption":"Regi\u00e3o News"},"image":{"@id":"https:\/\/regiaonews.net.br\/2022\/#\/schema\/logo\/image\/"}},{"@type":"Person","@id":"https:\/\/regiaonews.net.br\/2022\/#\/schema\/person\/2d205a608a5aa97ac279d7a5e6d89ad8","name":"Roberto","image":{"@type":"ImageObject","inLanguage":"pt-BR","@id":"https:\/\/secure.gravatar.com\/avatar\/42749d8b712ff9d59ca93dc150494e5b55a44134482993f5baeb97e61b7ecc89?s=96&d=mm&r=g","url":"https:\/\/secure.gravatar.com\/avatar\/42749d8b712ff9d59ca93dc150494e5b55a44134482993f5baeb97e61b7ecc89?s=96&d=mm&r=g","contentUrl":"https:\/\/secure.gravatar.com\/avatar\/42749d8b712ff9d59ca93dc150494e5b55a44134482993f5baeb97e61b7ecc89?s=96&d=mm&r=g","caption":"Roberto"},"url":"https:\/\/regiaonews.net.br\/2022\/author\/roberto\/"}]}},"publishpress_future_action":{"enabled":false,"date":"2026-05-05 17:32:31","action":"change-status","newStatus":"draft","terms":[],"taxonomy":"category","extraData":[]},"publishpress_future_workflow_manual_trigger":{"enabledWorkflows":[]},"_links":{"self":[{"href":"https:\/\/regiaonews.net.br\/2022\/wp-json\/wp\/v2\/posts\/63496","targetHints":{"allow":["GET"]}}],"collection":[{"href":"https:\/\/regiaonews.net.br\/2022\/wp-json\/wp\/v2\/posts"}],"about":[{"href":"https:\/\/regiaonews.net.br\/2022\/wp-json\/wp\/v2\/types\/post"}],"author":[{"embeddable":true,"href":"https:\/\/regiaonews.net.br\/2022\/wp-json\/wp\/v2\/users\/2"}],"replies":[{"embeddable":true,"href":"https:\/\/regiaonews.net.br\/2022\/wp-json\/wp\/v2\/comments?post=63496"}],"version-history":[{"count":4,"href":"https:\/\/regiaonews.net.br\/2022\/wp-json\/wp\/v2\/posts\/63496\/revisions"}],"predecessor-version":[{"id":63502,"href":"https:\/\/regiaonews.net.br\/2022\/wp-json\/wp\/v2\/posts\/63496\/revisions\/63502"}],"wp:featuredmedia":[{"embeddable":true,"href":"https:\/\/regiaonews.net.br\/2022\/wp-json\/wp\/v2\/media\/63499"}],"wp:attachment":[{"href":"https:\/\/regiaonews.net.br\/2022\/wp-json\/wp\/v2\/media?parent=63496"}],"wp:term":[{"taxonomy":"category","embeddable":true,"href":"https:\/\/regiaonews.net.br\/2022\/wp-json\/wp\/v2\/categories?post=63496"},{"taxonomy":"post_tag","embeddable":true,"href":"https:\/\/regiaonews.net.br\/2022\/wp-json\/wp\/v2\/tags?post=63496"}],"curies":[{"name":"wp","href":"https:\/\/api.w.org\/{rel}","templated":true}]}}