{"id":63492,"date":"2021-12-08T14:41:07","date_gmt":"2021-12-08T17:41:07","guid":{"rendered":"https:\/\/regiaonews.net.br\/2022\/?p=63492"},"modified":"2021-12-08T14:45:58","modified_gmt":"2021-12-08T17:45:58","slug":"hospital-sao-francisco-abre-processo-seletivo-para-residencia-medica-em-ribeirao-preto","status":"publish","type":"post","link":"https:\/\/regiaonews.net.br\/2022\/2021\/12\/08\/hospital-sao-francisco-abre-processo-seletivo-para-residencia-medica-em-ribeirao-preto\/","title":{"rendered":"Hospital S\u00e3o Francisco abre processo seletivo para resid\u00eancia m\u00e9dica em Ribeir\u00e3o Preto"},"content":{"rendered":"<p>&nbsp;<\/p>\n<p class=\"x_MsoNormal\" align=\"center\"><i>Per\u00edodo de inscri\u00e7\u00e3o para especializa\u00e7\u00e3o m\u00e9dica no Hospital do Sistema Hapvida vai do dia 13 at\u00e9 o dia 21 de dezembro, pela internet<\/i><\/p>\n<p class=\"x_MsoNormal\">O Hospital S\u00e3o Francisco de Ribeir\u00e3o Preto (HSF\/RP), do Sistema Hapvida, abrir\u00e1 processo seletivo para resid\u00eancia m\u00e9dica. As inscri\u00e7\u00f5es poder\u00e3o ser feitas pela internet, no per\u00edodo de 13 a 21 de dezembro.<\/p>\n<p class=\"x_MsoNormal\">O programa \u00e9 destinado a candidatos que j\u00e1 s\u00e3o formados em medicina ou que estar\u00e3o cursando, no ato da inscri\u00e7\u00e3o, o \u00faltimo per\u00edodo letivo de sua institui\u00e7\u00e3o, com CRM ativo na \u00e9poca de in\u00edcio da especializa\u00e7\u00e3o, previsto entre fevereiro e mar\u00e7o de 2022, dependendo da \u00e1rea de inscri\u00e7\u00e3o.<\/p>\n<p class=\"x_MsoNormal\">Ao todo ser\u00e3o 34 vagas para o programa de treinamento de profissionais nas \u00e1reas de Anestesiologia (8 vagas), Cardiologia (5), Cirurgia Card\u00edaca (1), Cirurgia Geral (8), Medicina Intensiva (3), Ortopedia, Traumatologia (3), Coloproctologia (2), Urologia (3), e Hemodin\u00e2mica (1).<\/p>\n<p class=\"x_MsoNormal\"><b>Inscri\u00e7\u00f5es<\/b><\/p>\n<p class=\"x_MsoNormal\">A inscri\u00e7\u00e3o dever\u00e1 ser efetuada entre 13 e 21 de dezembro de 2021, exclusivamente pela internet no email:\u00a0<a href=\"mailto:cam@saofrancisco.com.br\" target=\"_blank\" rel=\"noopener noreferrer\" data-auth=\"NotApplicable\" data-linkindex=\"0\">cam@saofrancisco.com.br<\/a>. N\u00e3o h\u00e1 outro canal para inscri\u00e7\u00e3o.<\/p>\n<p class=\"x_MsoNormal\">O candidato precisar\u00e1 enviar uma foto de seu CRM ou uma declara\u00e7\u00e3o da Universidade\/Faculdade de que ir\u00e1 concluir o curso de medicina at\u00e9 a data anterior ao in\u00edcio da especializa\u00e7\u00e3o. Tamb\u00e9m ser\u00e1 preciso enviar um curr\u00edculo atualizado com seus dados. A falta do envio do CRM ou declara\u00e7\u00e3o e\/ou curr\u00edculo, implica na n\u00e3o efetiva\u00e7\u00e3o da inscri\u00e7\u00e3o.<\/p>\n<p class=\"x_MsoNormal\"><b>Prova e entrevista<\/b><\/p>\n<p class=\"x_MsoNormal\">A prova tamb\u00e9m ser\u00e1 realizada de maneira on-line, no dia 6 de janeiro. Primeiro, o candidato receber\u00e1 um e-mail de verifica\u00e7\u00e3o. Em seguida, receber\u00e1 as quest\u00f5es da prova pelo e-mail de cadastro. Por fim, o candidato enviar\u00e1 uma foto digitalizada em JPG com as respostas das quest\u00f5es no mesmo e-mail onde recebeu a prova.<\/p>\n<p class=\"x_MsoNormal\">Depois dessa primeira etapa, a entrevista ser\u00e1 realizada presencialmente, nos dias 12 e 13 de janeiro, no Hospital S\u00e3o Francisco de Ribeir\u00e3o Preto pelos seus respectivos coordenadores da \u00e1rea de atua\u00e7\u00e3o a que se prop\u00f5e. Assim, a entrevista ter\u00e1 car\u00e1ter eliminat\u00f3rio e classificat\u00f3rio. Para participar da entrevista, o candidato precisar\u00e1 obter uma nota maior do que 50% na prova escrita.<\/p>\n<p class=\"x_MsoNormal\">A sele\u00e7\u00e3o final para aprova\u00e7\u00e3o dos candidatos ser\u00e1 o resultado destas duas avalia\u00e7\u00f5es. A rela\u00e7\u00e3o dos aprovados em cada \u00e1rea ser\u00e1 divulgada no dia 17 de janeiro de 2022. Pelo site e\/ou no email de cadastro.<\/p>\n","protected":false},"excerpt":{"rendered":"<p>&nbsp; Per\u00edodo de inscri\u00e7\u00e3o para especializa\u00e7\u00e3o m\u00e9dica no Hospital do<\/p>\n","protected":false},"author":2,"featured_media":63495,"comment_status":"open","ping_status":"open","sticky":false,"template":"","format":"standard","meta":{"footnotes":""},"categories":[25,32],"tags":[],"class_list":["post-63492","post","type-post","status-publish","format-standard","has-post-thumbnail","hentry","category-cidades","category-ribeirao-preto"],"yoast_head":"<!-- This site is optimized with the Yoast SEO plugin v27.5 - https:\/\/yoast.com\/product\/yoast-seo-wordpress\/ -->\n<title>Hospital S\u00e3o Francisco abre processo seletivo para resid\u00eancia m\u00e9dica em Ribeir\u00e3o Preto - Regi\u00e3o News<\/title>\n<meta name=\"robots\" content=\"index, follow, max-snippet:-1, max-image-preview:large, max-video-preview:-1\" \/>\n<link rel=\"canonical\" href=\"https:\/\/regiaonews.net.br\/2022\/2021\/12\/08\/hospital-sao-francisco-abre-processo-seletivo-para-residencia-medica-em-ribeirao-preto\/\" \/>\n<meta property=\"og:locale\" content=\"pt_BR\" \/>\n<meta property=\"og:type\" content=\"article\" \/>\n<meta property=\"og:title\" content=\"Hospital S\u00e3o Francisco abre processo seletivo para resid\u00eancia m\u00e9dica em Ribeir\u00e3o Preto - Regi\u00e3o News\" \/>\n<meta property=\"og:description\" content=\"&nbsp; Per\u00edodo de inscri\u00e7\u00e3o para especializa\u00e7\u00e3o m\u00e9dica no Hospital do\" \/>\n<meta property=\"og:url\" content=\"https:\/\/regiaonews.net.br\/2022\/2021\/12\/08\/hospital-sao-francisco-abre-processo-seletivo-para-residencia-medica-em-ribeirao-preto\/\" \/>\n<meta property=\"og:site_name\" content=\"Regi\u00e3o News\" \/>\n<meta property=\"article:published_time\" content=\"2021-12-08T17:41:07+00:00\" \/>\n<meta property=\"article:modified_time\" content=\"2021-12-08T17:45:58+00:00\" \/>\n<meta property=\"og:image\" content=\"https:\/\/regiaonews.net.br\/2022\/wp-content\/uploads\/2021\/12\/Hospital.jpeg\" \/>\n\t<meta property=\"og:image:width\" content=\"540\" \/>\n\t<meta property=\"og:image:height\" content=\"540\" \/>\n\t<meta property=\"og:image:type\" content=\"image\/jpeg\" \/>\n<meta name=\"author\" content=\"Roberto\" \/>\n<meta name=\"twitter:card\" content=\"summary_large_image\" \/>\n<meta name=\"twitter:label1\" content=\"Escrito por\" \/>\n\t<meta name=\"twitter:data1\" content=\"Roberto\" \/>\n\t<meta name=\"twitter:label2\" content=\"Est. tempo de leitura\" \/>\n\t<meta name=\"twitter:data2\" content=\"2 minutos\" \/>\n<script type=\"application\/ld+json\" class=\"yoast-schema-graph\">{\"@context\":\"https:\\\/\\\/schema.org\",\"@graph\":[{\"@type\":\"Article\",\"@id\":\"https:\\\/\\\/regiaonews.net.br\\\/2022\\\/2021\\\/12\\\/08\\\/hospital-sao-francisco-abre-processo-seletivo-para-residencia-medica-em-ribeirao-preto\\\/#article\",\"isPartOf\":{\"@id\":\"https:\\\/\\\/regiaonews.net.br\\\/2022\\\/2021\\\/12\\\/08\\\/hospital-sao-francisco-abre-processo-seletivo-para-residencia-medica-em-ribeirao-preto\\\/\"},\"author\":{\"name\":\"Roberto\",\"@id\":\"https:\\\/\\\/regiaonews.net.br\\\/2022\\\/#\\\/schema\\\/person\\\/2d205a608a5aa97ac279d7a5e6d89ad8\"},\"headline\":\"Hospital S\u00e3o Francisco abre processo seletivo para resid\u00eancia m\u00e9dica em Ribeir\u00e3o Preto\",\"datePublished\":\"2021-12-08T17:41:07+00:00\",\"dateModified\":\"2021-12-08T17:45:58+00:00\",\"mainEntityOfPage\":{\"@id\":\"https:\\\/\\\/regiaonews.net.br\\\/2022\\\/2021\\\/12\\\/08\\\/hospital-sao-francisco-abre-processo-seletivo-para-residencia-medica-em-ribeirao-preto\\\/\"},\"wordCount\":428,\"commentCount\":0,\"publisher\":{\"@id\":\"https:\\\/\\\/regiaonews.net.br\\\/2022\\\/#organization\"},\"image\":{\"@id\":\"https:\\\/\\\/regiaonews.net.br\\\/2022\\\/2021\\\/12\\\/08\\\/hospital-sao-francisco-abre-processo-seletivo-para-residencia-medica-em-ribeirao-preto\\\/#primaryimage\"},\"thumbnailUrl\":\"https:\\\/\\\/regiaonews.net.br\\\/2022\\\/wp-content\\\/uploads\\\/2021\\\/12\\\/Residencia.jpg\",\"articleSection\":[\"Cidades\",\"Ribeir\u00e3o Preto\"],\"inLanguage\":\"pt-BR\",\"potentialAction\":[{\"@type\":\"CommentAction\",\"name\":\"Comment\",\"target\":[\"https:\\\/\\\/regiaonews.net.br\\\/2022\\\/2021\\\/12\\\/08\\\/hospital-sao-francisco-abre-processo-seletivo-para-residencia-medica-em-ribeirao-preto\\\/#respond\"]}]},{\"@type\":\"WebPage\",\"@id\":\"https:\\\/\\\/regiaonews.net.br\\\/2022\\\/2021\\\/12\\\/08\\\/hospital-sao-francisco-abre-processo-seletivo-para-residencia-medica-em-ribeirao-preto\\\/\",\"url\":\"https:\\\/\\\/regiaonews.net.br\\\/2022\\\/2021\\\/12\\\/08\\\/hospital-sao-francisco-abre-processo-seletivo-para-residencia-medica-em-ribeirao-preto\\\/\",\"name\":\"Hospital S\u00e3o Francisco abre processo seletivo para resid\u00eancia m\u00e9dica em Ribeir\u00e3o Preto - Regi\u00e3o News\",\"isPartOf\":{\"@id\":\"https:\\\/\\\/regiaonews.net.br\\\/2022\\\/#website\"},\"primaryImageOfPage\":{\"@id\":\"https:\\\/\\\/regiaonews.net.br\\\/2022\\\/2021\\\/12\\\/08\\\/hospital-sao-francisco-abre-processo-seletivo-para-residencia-medica-em-ribeirao-preto\\\/#primaryimage\"},\"image\":{\"@id\":\"https:\\\/\\\/regiaonews.net.br\\\/2022\\\/2021\\\/12\\\/08\\\/hospital-sao-francisco-abre-processo-seletivo-para-residencia-medica-em-ribeirao-preto\\\/#primaryimage\"},\"thumbnailUrl\":\"https:\\\/\\\/regiaonews.net.br\\\/2022\\\/wp-content\\\/uploads\\\/2021\\\/12\\\/Residencia.jpg\",\"datePublished\":\"2021-12-08T17:41:07+00:00\",\"dateModified\":\"2021-12-08T17:45:58+00:00\",\"breadcrumb\":{\"@id\":\"https:\\\/\\\/regiaonews.net.br\\\/2022\\\/2021\\\/12\\\/08\\\/hospital-sao-francisco-abre-processo-seletivo-para-residencia-medica-em-ribeirao-preto\\\/#breadcrumb\"},\"inLanguage\":\"pt-BR\",\"potentialAction\":[{\"@type\":\"ReadAction\",\"target\":[\"https:\\\/\\\/regiaonews.net.br\\\/2022\\\/2021\\\/12\\\/08\\\/hospital-sao-francisco-abre-processo-seletivo-para-residencia-medica-em-ribeirao-preto\\\/\"]}]},{\"@type\":\"ImageObject\",\"inLanguage\":\"pt-BR\",\"@id\":\"https:\\\/\\\/regiaonews.net.br\\\/2022\\\/2021\\\/12\\\/08\\\/hospital-sao-francisco-abre-processo-seletivo-para-residencia-medica-em-ribeirao-preto\\\/#primaryimage\",\"url\":\"https:\\\/\\\/regiaonews.net.br\\\/2022\\\/wp-content\\\/uploads\\\/2021\\\/12\\\/Residencia.jpg\",\"contentUrl\":\"https:\\\/\\\/regiaonews.net.br\\\/2022\\\/wp-content\\\/uploads\\\/2021\\\/12\\\/Residencia.jpg\",\"width\":535,\"height\":376},{\"@type\":\"BreadcrumbList\",\"@id\":\"https:\\\/\\\/regiaonews.net.br\\\/2022\\\/2021\\\/12\\\/08\\\/hospital-sao-francisco-abre-processo-seletivo-para-residencia-medica-em-ribeirao-preto\\\/#breadcrumb\",\"itemListElement\":[{\"@type\":\"ListItem\",\"position\":1,\"name\":\"In\u00edcio\",\"item\":\"https:\\\/\\\/regiaonews.net.br\\\/2022\\\/\"},{\"@type\":\"ListItem\",\"position\":2,\"name\":\"Hospital S\u00e3o Francisco abre processo seletivo para resid\u00eancia m\u00e9dica em Ribeir\u00e3o Preto\"}]},{\"@type\":\"WebSite\",\"@id\":\"https:\\\/\\\/regiaonews.net.br\\\/2022\\\/#website\",\"url\":\"https:\\\/\\\/regiaonews.net.br\\\/2022\\\/\",\"name\":\"Regi\u00e3o News\",\"description\":\"Site de Not\u00edcias de Barretos e regi\u00e3o\",\"publisher\":{\"@id\":\"https:\\\/\\\/regiaonews.net.br\\\/2022\\\/#organization\"},\"potentialAction\":[{\"@type\":\"SearchAction\",\"target\":{\"@type\":\"EntryPoint\",\"urlTemplate\":\"https:\\\/\\\/regiaonews.net.br\\\/2022\\\/?s={search_term_string}\"},\"query-input\":{\"@type\":\"PropertyValueSpecification\",\"valueRequired\":true,\"valueName\":\"search_term_string\"}}],\"inLanguage\":\"pt-BR\"},{\"@type\":\"Organization\",\"@id\":\"https:\\\/\\\/regiaonews.net.br\\\/2022\\\/#organization\",\"name\":\"Regi\u00e3o News\",\"url\":\"https:\\\/\\\/regiaonews.net.br\\\/2022\\\/\",\"logo\":{\"@type\":\"ImageObject\",\"inLanguage\":\"pt-BR\",\"@id\":\"https:\\\/\\\/regiaonews.net.br\\\/2022\\\/#\\\/schema\\\/logo\\\/image\\\/\",\"url\":\"https:\\\/\\\/regiaonews.net.br\\\/2022\\\/wp-content\\\/uploads\\\/2026\\\/03\\\/regiao-13-anos-scaled.jpg\",\"contentUrl\":\"https:\\\/\\\/regiaonews.net.br\\\/2022\\\/wp-content\\\/uploads\\\/2026\\\/03\\\/regiao-13-anos-scaled.jpg\",\"width\":2560,\"height\":635,\"caption\":\"Regi\u00e3o News\"},\"image\":{\"@id\":\"https:\\\/\\\/regiaonews.net.br\\\/2022\\\/#\\\/schema\\\/logo\\\/image\\\/\"}},{\"@type\":\"Person\",\"@id\":\"https:\\\/\\\/regiaonews.net.br\\\/2022\\\/#\\\/schema\\\/person\\\/2d205a608a5aa97ac279d7a5e6d89ad8\",\"name\":\"Roberto\",\"image\":{\"@type\":\"ImageObject\",\"inLanguage\":\"pt-BR\",\"@id\":\"https:\\\/\\\/secure.gravatar.com\\\/avatar\\\/42749d8b712ff9d59ca93dc150494e5b55a44134482993f5baeb97e61b7ecc89?s=96&d=mm&r=g\",\"url\":\"https:\\\/\\\/secure.gravatar.com\\\/avatar\\\/42749d8b712ff9d59ca93dc150494e5b55a44134482993f5baeb97e61b7ecc89?s=96&d=mm&r=g\",\"contentUrl\":\"https:\\\/\\\/secure.gravatar.com\\\/avatar\\\/42749d8b712ff9d59ca93dc150494e5b55a44134482993f5baeb97e61b7ecc89?s=96&d=mm&r=g\",\"caption\":\"Roberto\"},\"url\":\"https:\\\/\\\/regiaonews.net.br\\\/2022\\\/author\\\/roberto\\\/\"}]}<\/script>\n<!-- \/ Yoast SEO plugin. -->","yoast_head_json":{"title":"Hospital S\u00e3o Francisco abre processo seletivo para resid\u00eancia m\u00e9dica em Ribeir\u00e3o Preto - Regi\u00e3o News","robots":{"index":"index","follow":"follow","max-snippet":"max-snippet:-1","max-image-preview":"max-image-preview:large","max-video-preview":"max-video-preview:-1"},"canonical":"https:\/\/regiaonews.net.br\/2022\/2021\/12\/08\/hospital-sao-francisco-abre-processo-seletivo-para-residencia-medica-em-ribeirao-preto\/","og_locale":"pt_BR","og_type":"article","og_title":"Hospital S\u00e3o Francisco abre processo seletivo para resid\u00eancia m\u00e9dica em Ribeir\u00e3o Preto - Regi\u00e3o News","og_description":"&nbsp; Per\u00edodo de inscri\u00e7\u00e3o para especializa\u00e7\u00e3o m\u00e9dica no Hospital do","og_url":"https:\/\/regiaonews.net.br\/2022\/2021\/12\/08\/hospital-sao-francisco-abre-processo-seletivo-para-residencia-medica-em-ribeirao-preto\/","og_site_name":"Regi\u00e3o News","article_published_time":"2021-12-08T17:41:07+00:00","article_modified_time":"2021-12-08T17:45:58+00:00","og_image":[{"width":540,"height":540,"url":"https:\/\/regiaonews.net.br\/2022\/wp-content\/uploads\/2021\/12\/Hospital.jpeg","type":"image\/jpeg"}],"author":"Roberto","twitter_card":"summary_large_image","twitter_misc":{"Escrito por":"Roberto","Est. tempo de leitura":"2 minutos"},"schema":{"@context":"https:\/\/schema.org","@graph":[{"@type":"Article","@id":"https:\/\/regiaonews.net.br\/2022\/2021\/12\/08\/hospital-sao-francisco-abre-processo-seletivo-para-residencia-medica-em-ribeirao-preto\/#article","isPartOf":{"@id":"https:\/\/regiaonews.net.br\/2022\/2021\/12\/08\/hospital-sao-francisco-abre-processo-seletivo-para-residencia-medica-em-ribeirao-preto\/"},"author":{"name":"Roberto","@id":"https:\/\/regiaonews.net.br\/2022\/#\/schema\/person\/2d205a608a5aa97ac279d7a5e6d89ad8"},"headline":"Hospital S\u00e3o Francisco abre processo seletivo para resid\u00eancia m\u00e9dica em Ribeir\u00e3o Preto","datePublished":"2021-12-08T17:41:07+00:00","dateModified":"2021-12-08T17:45:58+00:00","mainEntityOfPage":{"@id":"https:\/\/regiaonews.net.br\/2022\/2021\/12\/08\/hospital-sao-francisco-abre-processo-seletivo-para-residencia-medica-em-ribeirao-preto\/"},"wordCount":428,"commentCount":0,"publisher":{"@id":"https:\/\/regiaonews.net.br\/2022\/#organization"},"image":{"@id":"https:\/\/regiaonews.net.br\/2022\/2021\/12\/08\/hospital-sao-francisco-abre-processo-seletivo-para-residencia-medica-em-ribeirao-preto\/#primaryimage"},"thumbnailUrl":"https:\/\/regiaonews.net.br\/2022\/wp-content\/uploads\/2021\/12\/Residencia.jpg","articleSection":["Cidades","Ribeir\u00e3o Preto"],"inLanguage":"pt-BR","potentialAction":[{"@type":"CommentAction","name":"Comment","target":["https:\/\/regiaonews.net.br\/2022\/2021\/12\/08\/hospital-sao-francisco-abre-processo-seletivo-para-residencia-medica-em-ribeirao-preto\/#respond"]}]},{"@type":"WebPage","@id":"https:\/\/regiaonews.net.br\/2022\/2021\/12\/08\/hospital-sao-francisco-abre-processo-seletivo-para-residencia-medica-em-ribeirao-preto\/","url":"https:\/\/regiaonews.net.br\/2022\/2021\/12\/08\/hospital-sao-francisco-abre-processo-seletivo-para-residencia-medica-em-ribeirao-preto\/","name":"Hospital S\u00e3o Francisco abre processo seletivo para resid\u00eancia m\u00e9dica em Ribeir\u00e3o Preto - Regi\u00e3o News","isPartOf":{"@id":"https:\/\/regiaonews.net.br\/2022\/#website"},"primaryImageOfPage":{"@id":"https:\/\/regiaonews.net.br\/2022\/2021\/12\/08\/hospital-sao-francisco-abre-processo-seletivo-para-residencia-medica-em-ribeirao-preto\/#primaryimage"},"image":{"@id":"https:\/\/regiaonews.net.br\/2022\/2021\/12\/08\/hospital-sao-francisco-abre-processo-seletivo-para-residencia-medica-em-ribeirao-preto\/#primaryimage"},"thumbnailUrl":"https:\/\/regiaonews.net.br\/2022\/wp-content\/uploads\/2021\/12\/Residencia.jpg","datePublished":"2021-12-08T17:41:07+00:00","dateModified":"2021-12-08T17:45:58+00:00","breadcrumb":{"@id":"https:\/\/regiaonews.net.br\/2022\/2021\/12\/08\/hospital-sao-francisco-abre-processo-seletivo-para-residencia-medica-em-ribeirao-preto\/#breadcrumb"},"inLanguage":"pt-BR","potentialAction":[{"@type":"ReadAction","target":["https:\/\/regiaonews.net.br\/2022\/2021\/12\/08\/hospital-sao-francisco-abre-processo-seletivo-para-residencia-medica-em-ribeirao-preto\/"]}]},{"@type":"ImageObject","inLanguage":"pt-BR","@id":"https:\/\/regiaonews.net.br\/2022\/2021\/12\/08\/hospital-sao-francisco-abre-processo-seletivo-para-residencia-medica-em-ribeirao-preto\/#primaryimage","url":"https:\/\/regiaonews.net.br\/2022\/wp-content\/uploads\/2021\/12\/Residencia.jpg","contentUrl":"https:\/\/regiaonews.net.br\/2022\/wp-content\/uploads\/2021\/12\/Residencia.jpg","width":535,"height":376},{"@type":"BreadcrumbList","@id":"https:\/\/regiaonews.net.br\/2022\/2021\/12\/08\/hospital-sao-francisco-abre-processo-seletivo-para-residencia-medica-em-ribeirao-preto\/#breadcrumb","itemListElement":[{"@type":"ListItem","position":1,"name":"In\u00edcio","item":"https:\/\/regiaonews.net.br\/2022\/"},{"@type":"ListItem","position":2,"name":"Hospital S\u00e3o Francisco abre processo seletivo para resid\u00eancia m\u00e9dica em Ribeir\u00e3o Preto"}]},{"@type":"WebSite","@id":"https:\/\/regiaonews.net.br\/2022\/#website","url":"https:\/\/regiaonews.net.br\/2022\/","name":"Regi\u00e3o News","description":"Site de Not\u00edcias de Barretos e regi\u00e3o","publisher":{"@id":"https:\/\/regiaonews.net.br\/2022\/#organization"},"potentialAction":[{"@type":"SearchAction","target":{"@type":"EntryPoint","urlTemplate":"https:\/\/regiaonews.net.br\/2022\/?s={search_term_string}"},"query-input":{"@type":"PropertyValueSpecification","valueRequired":true,"valueName":"search_term_string"}}],"inLanguage":"pt-BR"},{"@type":"Organization","@id":"https:\/\/regiaonews.net.br\/2022\/#organization","name":"Regi\u00e3o News","url":"https:\/\/regiaonews.net.br\/2022\/","logo":{"@type":"ImageObject","inLanguage":"pt-BR","@id":"https:\/\/regiaonews.net.br\/2022\/#\/schema\/logo\/image\/","url":"https:\/\/regiaonews.net.br\/2022\/wp-content\/uploads\/2026\/03\/regiao-13-anos-scaled.jpg","contentUrl":"https:\/\/regiaonews.net.br\/2022\/wp-content\/uploads\/2026\/03\/regiao-13-anos-scaled.jpg","width":2560,"height":635,"caption":"Regi\u00e3o News"},"image":{"@id":"https:\/\/regiaonews.net.br\/2022\/#\/schema\/logo\/image\/"}},{"@type":"Person","@id":"https:\/\/regiaonews.net.br\/2022\/#\/schema\/person\/2d205a608a5aa97ac279d7a5e6d89ad8","name":"Roberto","image":{"@type":"ImageObject","inLanguage":"pt-BR","@id":"https:\/\/secure.gravatar.com\/avatar\/42749d8b712ff9d59ca93dc150494e5b55a44134482993f5baeb97e61b7ecc89?s=96&d=mm&r=g","url":"https:\/\/secure.gravatar.com\/avatar\/42749d8b712ff9d59ca93dc150494e5b55a44134482993f5baeb97e61b7ecc89?s=96&d=mm&r=g","contentUrl":"https:\/\/secure.gravatar.com\/avatar\/42749d8b712ff9d59ca93dc150494e5b55a44134482993f5baeb97e61b7ecc89?s=96&d=mm&r=g","caption":"Roberto"},"url":"https:\/\/regiaonews.net.br\/2022\/author\/roberto\/"}]}},"publishpress_future_action":{"enabled":false,"date":"2026-05-05 19:10:00","action":"change-status","newStatus":"draft","terms":[],"taxonomy":"category","extraData":[]},"publishpress_future_workflow_manual_trigger":{"enabledWorkflows":[]},"_links":{"self":[{"href":"https:\/\/regiaonews.net.br\/2022\/wp-json\/wp\/v2\/posts\/63492","targetHints":{"allow":["GET"]}}],"collection":[{"href":"https:\/\/regiaonews.net.br\/2022\/wp-json\/wp\/v2\/posts"}],"about":[{"href":"https:\/\/regiaonews.net.br\/2022\/wp-json\/wp\/v2\/types\/post"}],"author":[{"embeddable":true,"href":"https:\/\/regiaonews.net.br\/2022\/wp-json\/wp\/v2\/users\/2"}],"replies":[{"embeddable":true,"href":"https:\/\/regiaonews.net.br\/2022\/wp-json\/wp\/v2\/comments?post=63492"}],"version-history":[{"count":1,"href":"https:\/\/regiaonews.net.br\/2022\/wp-json\/wp\/v2\/posts\/63492\/revisions"}],"predecessor-version":[{"id":63494,"href":"https:\/\/regiaonews.net.br\/2022\/wp-json\/wp\/v2\/posts\/63492\/revisions\/63494"}],"wp:featuredmedia":[{"embeddable":true,"href":"https:\/\/regiaonews.net.br\/2022\/wp-json\/wp\/v2\/media\/63495"}],"wp:attachment":[{"href":"https:\/\/regiaonews.net.br\/2022\/wp-json\/wp\/v2\/media?parent=63492"}],"wp:term":[{"taxonomy":"category","embeddable":true,"href":"https:\/\/regiaonews.net.br\/2022\/wp-json\/wp\/v2\/categories?post=63492"},{"taxonomy":"post_tag","embeddable":true,"href":"https:\/\/regiaonews.net.br\/2022\/wp-json\/wp\/v2\/tags?post=63492"}],"curies":[{"name":"wp","href":"https:\/\/api.w.org\/{rel}","templated":true}]}}