{"id":593,"date":"2021-04-03T22:15:56","date_gmt":"2021-04-04T01:15:56","guid":{"rendered":"https:\/\/regiaonews.net.br\/2022\/?p=593"},"modified":"2021-04-16T16:15:47","modified_gmt":"2021-04-16T19:15:47","slug":"agnaldo-timoteo-morre-aos-84-anos-por-covid","status":"publish","type":"post","link":"https:\/\/regiaonews.net.br\/2022\/2021\/04\/03\/agnaldo-timoteo-morre-aos-84-anos-por-covid\/","title":{"rendered":"Agnaldo Tim\u00f3teo morre aos 84 anos por Covid"},"content":{"rendered":"<p><a href=\"https:\/\/regiaonews.net.br\/2022\/wp-content\/uploads\/2021\/04\/20210403_213751.jpg\"><img loading=\"lazy\" decoding=\"async\" class=\"alignnone size-medium wp-image-44697\" src=\"https:\/\/regiaonews.net.br\/2022\/wp-content\/uploads\/2021\/04\/20210403_213751-245x300.jpg\" alt=\"\" width=\"245\" height=\"300\" \/><\/a><\/p>\n<div class=\"mc-column content-text active-extra-styles \" data-block-type=\"unstyled\" data-block-weight=\"30\" data-block-id=\"2\">\n<p class=\"content-text__container \" data-track-category=\"Link no Texto\" data-track-links=\"\">O cantor\u00a0<a href=\"https:\/\/g1.globo.com\/tudo-sobre\/agnaldo-timoteo\/\">Agnaldo Tim\u00f3teo<\/a>, uma das vozes mais conhecidas da m\u00fasica rom\u00e2ntica brasileira, morreu de Covid, ap\u00f3s 18 dias de interna\u00e7\u00e3o, neste s\u00e1bado (3) no Rio. Ele tinha 84 anos.<\/p>\n<\/div>\n<div class=\"wall protected-content\">\n<div class=\"mc-column content-text active-extra-styles\" data-block-type=\"raw\" data-block-weight=\"31\" data-block-id=\"3\">\n<p>O cantor iniciou a carreira na d\u00e9cada de 1960 e se consolidou com can\u00e7\u00f5es rom\u00e2nticas. Na pol\u00edtica, teve mandatos como deputado federal e vereador em S\u00e3o Paulo e no Rio de Janeiro.<\/p>\n<\/div>\n<div class=\"row medium-uncollapsed content-media content-photo\" data-block-type=\"backstage-photo\" data-block-id=\"5\">\n<div class=\"mc-column content-media__container\">\n<div class=\"content-media-container glb-skeleton-box\">\n<figure class=\"content-media-figure\"><img decoding=\"async\" class=\"i-amphtml-fill-content i-amphtml-replaced-content\" src=\"https:\/\/s2.glbimg.com\/-xgFbPaD504-RCGqaPHPjvz_YaQ=\/0x0:2953x1969\/984x0\/smart\/filters:strip_icc()\/i.s3.glbimg.com\/v1\/AUTH_59edd422c0c84a879bd37670ae4f538a\/internal_photos\/bs\/2017\/q\/S\/i4IcBlR2yG7NzEhZlztg\/10.2017-musica-agnaldo-timoteo-canta-obrigado-cauby.jpg\" sizes=\"(max-width: 360px) 312px, 100vw\" srcset=\"https:\/\/s2.glbimg.com\/RePEIB-cYdz2r_O5VOXFEHfRoKs=\/0x0:2953x1969\/1000x0\/smart\/filters:strip_icc()\/i.s3.glbimg.com\/v1\/AUTH_59edd422c0c84a879bd37670ae4f538a\/internal_photos\/bs\/2017\/q\/S\/i4IcBlR2yG7NzEhZlztg\/10.2017-musica-agnaldo-timoteo-canta-obrigado-cauby.jpg 1000w, https:\/\/s2.glbimg.com\/-xgFbPaD504-RCGqaPHPjvz_YaQ=\/0x0:2953x1969\/984x0\/smart\/filters:strip_icc()\/i.s3.glbimg.com\/v1\/AUTH_59edd422c0c84a879bd37670ae4f538a\/internal_photos\/bs\/2017\/q\/S\/i4IcBlR2yG7NzEhZlztg\/10.2017-musica-agnaldo-timoteo-canta-obrigado-cauby.jpg 984w, https:\/\/s2.glbimg.com\/avcI7XaDRZMMoIysGnbtqVvE_Wg=\/0x0:2953x1969\/640x0\/smart\/filters:strip_icc()\/i.s3.glbimg.com\/v1\/AUTH_59edd422c0c84a879bd37670ae4f538a\/internal_photos\/bs\/2017\/q\/S\/i4IcBlR2yG7NzEhZlztg\/10.2017-musica-agnaldo-timoteo-canta-obrigado-cauby.jpg 640w, https:\/\/s2.glbimg.com\/BrqFwK0W0r8qRsLIB4yOiHFtq3M=\/0x0:2953x1969\/600x0\/smart\/filters:strip_icc()\/i.s3.glbimg.com\/v1\/AUTH_59edd422c0c84a879bd37670ae4f538a\/internal_photos\/bs\/2017\/q\/S\/i4IcBlR2yG7NzEhZlztg\/10.2017-musica-agnaldo-timoteo-canta-obrigado-cauby.jpg 600w\" alt=\"Agnaldo Tim\u00f3teo \u2014 Foto: Sesc Piracicaba\/Divulga\u00e7\u00e3o\" \/><\/figure>\n<\/div>\n<p class=\"content-media__description \">\u00a0Foto: Sesc Piracicaba\/Divulga\u00e7\u00e3o<\/p>\n<\/div>\n<\/div>\n<div class=\"mc-column content-text active-extra-styles \" data-block-type=\"unstyled\" data-block-weight=\"59\" data-block-id=\"6\">\n<p class=\"content-text__container \" data-track-category=\"Link no Texto\" data-track-links=\"\">Agnaldo estava\u00a0<a href=\"https:\/\/g1.globo.com\/rj\/rio-de-janeiro\/noticia\/2021\/03\/17\/cantor-agnaldo-timoteo-e-internado-em-uti-com-covid-19-no-rio.ghtml\">internado desde o dia 17 de mar\u00e7o<\/a>\u00a0na UTI do Hospital Casa S\u00e3o Bernardo, na Zona Oeste do Rio. M\u00e9dicos acreditam que o artista de 84 anos contraiu o coronav\u00edrus no intervalo entre a primeira e a segunda dose da vacina. Ele chegou a tomar a segunda dose, no dia 15, dois dias antes da interna\u00e7\u00e3o.<\/p>\n<\/div>\n<\/div>\n","protected":false},"excerpt":{"rendered":"<p>O cantor\u00a0Agnaldo Tim\u00f3teo, uma das vozes mais conhecidas da m\u00fasica<\/p>\n","protected":false},"author":2,"featured_media":44697,"comment_status":"open","ping_status":"open","sticky":false,"template":"","format":"standard","meta":{"footnotes":""},"categories":[24,25],"tags":[],"class_list":["post-593","post","type-post","status-publish","format-standard","has-post-thumbnail","hentry","category-brasil","category-cidades"],"yoast_head":"<!-- This site is optimized with the Yoast SEO plugin v27.4 - https:\/\/yoast.com\/product\/yoast-seo-wordpress\/ -->\n<title>Agnaldo Tim\u00f3teo morre aos 84 anos por Covid - Regi\u00e3o News<\/title>\n<meta name=\"robots\" content=\"index, follow, max-snippet:-1, max-image-preview:large, max-video-preview:-1\" \/>\n<link rel=\"canonical\" href=\"https:\/\/regiaonews.net.br\/2022\/2021\/04\/03\/agnaldo-timoteo-morre-aos-84-anos-por-covid\/\" \/>\n<meta property=\"og:locale\" content=\"pt_BR\" \/>\n<meta property=\"og:type\" content=\"article\" \/>\n<meta property=\"og:title\" content=\"Agnaldo Tim\u00f3teo morre aos 84 anos por Covid - Regi\u00e3o News\" \/>\n<meta property=\"og:description\" content=\"O cantor\u00a0Agnaldo Tim\u00f3teo, uma das vozes mais conhecidas da m\u00fasica\" \/>\n<meta property=\"og:url\" content=\"https:\/\/regiaonews.net.br\/2022\/2021\/04\/03\/agnaldo-timoteo-morre-aos-84-anos-por-covid\/\" \/>\n<meta property=\"og:site_name\" content=\"Regi\u00e3o News\" \/>\n<meta property=\"article:published_time\" content=\"2021-04-04T01:15:56+00:00\" \/>\n<meta property=\"article:modified_time\" content=\"2021-04-16T19:15:47+00:00\" \/>\n<meta property=\"og:image\" content=\"https:\/\/regiaonews.net.br\/2022\/wp-content\/uploads\/2021\/04\/20210403_213751.jpg\" \/>\n\t<meta property=\"og:image:width\" content=\"1056\" \/>\n\t<meta property=\"og:image:height\" content=\"1292\" \/>\n\t<meta property=\"og:image:type\" content=\"image\/jpeg\" \/>\n<meta name=\"author\" content=\"Roberto\" \/>\n<meta name=\"twitter:card\" content=\"summary_large_image\" \/>\n<meta name=\"twitter:label1\" content=\"Escrito por\" \/>\n\t<meta name=\"twitter:data1\" content=\"Roberto\" \/>\n\t<meta name=\"twitter:label2\" content=\"Est. tempo de leitura\" \/>\n\t<meta name=\"twitter:data2\" content=\"1 minuto\" \/>\n<script type=\"application\/ld+json\" class=\"yoast-schema-graph\">{\"@context\":\"https:\\\/\\\/schema.org\",\"@graph\":[{\"@type\":\"Article\",\"@id\":\"https:\\\/\\\/regiaonews.net.br\\\/2022\\\/2021\\\/04\\\/03\\\/agnaldo-timoteo-morre-aos-84-anos-por-covid\\\/#article\",\"isPartOf\":{\"@id\":\"https:\\\/\\\/regiaonews.net.br\\\/2022\\\/2021\\\/04\\\/03\\\/agnaldo-timoteo-morre-aos-84-anos-por-covid\\\/\"},\"author\":{\"name\":\"Roberto\",\"@id\":\"https:\\\/\\\/regiaonews.net.br\\\/2022\\\/#\\\/schema\\\/person\\\/2d205a608a5aa97ac279d7a5e6d89ad8\"},\"headline\":\"Agnaldo Tim\u00f3teo morre aos 84 anos por Covid\",\"datePublished\":\"2021-04-04T01:15:56+00:00\",\"dateModified\":\"2021-04-16T19:15:47+00:00\",\"mainEntityOfPage\":{\"@id\":\"https:\\\/\\\/regiaonews.net.br\\\/2022\\\/2021\\\/04\\\/03\\\/agnaldo-timoteo-morre-aos-84-anos-por-covid\\\/\"},\"wordCount\":142,\"commentCount\":0,\"publisher\":{\"@id\":\"https:\\\/\\\/regiaonews.net.br\\\/2022\\\/#organization\"},\"image\":{\"@id\":\"https:\\\/\\\/regiaonews.net.br\\\/2022\\\/2021\\\/04\\\/03\\\/agnaldo-timoteo-morre-aos-84-anos-por-covid\\\/#primaryimage\"},\"thumbnailUrl\":\"https:\\\/\\\/regiaonews.net.br\\\/2022\\\/wp-content\\\/uploads\\\/2021\\\/04\\\/20210403_213751.jpg\",\"articleSection\":[\"Brasil\",\"Cidades\"],\"inLanguage\":\"pt-BR\",\"potentialAction\":[{\"@type\":\"CommentAction\",\"name\":\"Comment\",\"target\":[\"https:\\\/\\\/regiaonews.net.br\\\/2022\\\/2021\\\/04\\\/03\\\/agnaldo-timoteo-morre-aos-84-anos-por-covid\\\/#respond\"]}]},{\"@type\":\"WebPage\",\"@id\":\"https:\\\/\\\/regiaonews.net.br\\\/2022\\\/2021\\\/04\\\/03\\\/agnaldo-timoteo-morre-aos-84-anos-por-covid\\\/\",\"url\":\"https:\\\/\\\/regiaonews.net.br\\\/2022\\\/2021\\\/04\\\/03\\\/agnaldo-timoteo-morre-aos-84-anos-por-covid\\\/\",\"name\":\"Agnaldo Tim\u00f3teo morre aos 84 anos por Covid - Regi\u00e3o News\",\"isPartOf\":{\"@id\":\"https:\\\/\\\/regiaonews.net.br\\\/2022\\\/#website\"},\"primaryImageOfPage\":{\"@id\":\"https:\\\/\\\/regiaonews.net.br\\\/2022\\\/2021\\\/04\\\/03\\\/agnaldo-timoteo-morre-aos-84-anos-por-covid\\\/#primaryimage\"},\"image\":{\"@id\":\"https:\\\/\\\/regiaonews.net.br\\\/2022\\\/2021\\\/04\\\/03\\\/agnaldo-timoteo-morre-aos-84-anos-por-covid\\\/#primaryimage\"},\"thumbnailUrl\":\"https:\\\/\\\/regiaonews.net.br\\\/2022\\\/wp-content\\\/uploads\\\/2021\\\/04\\\/20210403_213751.jpg\",\"datePublished\":\"2021-04-04T01:15:56+00:00\",\"dateModified\":\"2021-04-16T19:15:47+00:00\",\"breadcrumb\":{\"@id\":\"https:\\\/\\\/regiaonews.net.br\\\/2022\\\/2021\\\/04\\\/03\\\/agnaldo-timoteo-morre-aos-84-anos-por-covid\\\/#breadcrumb\"},\"inLanguage\":\"pt-BR\",\"potentialAction\":[{\"@type\":\"ReadAction\",\"target\":[\"https:\\\/\\\/regiaonews.net.br\\\/2022\\\/2021\\\/04\\\/03\\\/agnaldo-timoteo-morre-aos-84-anos-por-covid\\\/\"]}]},{\"@type\":\"ImageObject\",\"inLanguage\":\"pt-BR\",\"@id\":\"https:\\\/\\\/regiaonews.net.br\\\/2022\\\/2021\\\/04\\\/03\\\/agnaldo-timoteo-morre-aos-84-anos-por-covid\\\/#primaryimage\",\"url\":\"https:\\\/\\\/regiaonews.net.br\\\/2022\\\/wp-content\\\/uploads\\\/2021\\\/04\\\/20210403_213751.jpg\",\"contentUrl\":\"https:\\\/\\\/regiaonews.net.br\\\/2022\\\/wp-content\\\/uploads\\\/2021\\\/04\\\/20210403_213751.jpg\",\"width\":1056,\"height\":1292},{\"@type\":\"BreadcrumbList\",\"@id\":\"https:\\\/\\\/regiaonews.net.br\\\/2022\\\/2021\\\/04\\\/03\\\/agnaldo-timoteo-morre-aos-84-anos-por-covid\\\/#breadcrumb\",\"itemListElement\":[{\"@type\":\"ListItem\",\"position\":1,\"name\":\"In\u00edcio\",\"item\":\"https:\\\/\\\/regiaonews.net.br\\\/2022\\\/\"},{\"@type\":\"ListItem\",\"position\":2,\"name\":\"Agnaldo Tim\u00f3teo morre aos 84 anos por Covid\"}]},{\"@type\":\"WebSite\",\"@id\":\"https:\\\/\\\/regiaonews.net.br\\\/2022\\\/#website\",\"url\":\"https:\\\/\\\/regiaonews.net.br\\\/2022\\\/\",\"name\":\"Regi\u00e3o News\",\"description\":\"Site de Not\u00edcias de Barretos e regi\u00e3o\",\"publisher\":{\"@id\":\"https:\\\/\\\/regiaonews.net.br\\\/2022\\\/#organization\"},\"potentialAction\":[{\"@type\":\"SearchAction\",\"target\":{\"@type\":\"EntryPoint\",\"urlTemplate\":\"https:\\\/\\\/regiaonews.net.br\\\/2022\\\/?s={search_term_string}\"},\"query-input\":{\"@type\":\"PropertyValueSpecification\",\"valueRequired\":true,\"valueName\":\"search_term_string\"}}],\"inLanguage\":\"pt-BR\"},{\"@type\":\"Organization\",\"@id\":\"https:\\\/\\\/regiaonews.net.br\\\/2022\\\/#organization\",\"name\":\"Regi\u00e3o News\",\"url\":\"https:\\\/\\\/regiaonews.net.br\\\/2022\\\/\",\"logo\":{\"@type\":\"ImageObject\",\"inLanguage\":\"pt-BR\",\"@id\":\"https:\\\/\\\/regiaonews.net.br\\\/2022\\\/#\\\/schema\\\/logo\\\/image\\\/\",\"url\":\"https:\\\/\\\/regiaonews.net.br\\\/2022\\\/wp-content\\\/uploads\\\/2026\\\/03\\\/regiao-13-anos-scaled.jpg\",\"contentUrl\":\"https:\\\/\\\/regiaonews.net.br\\\/2022\\\/wp-content\\\/uploads\\\/2026\\\/03\\\/regiao-13-anos-scaled.jpg\",\"width\":2560,\"height\":635,\"caption\":\"Regi\u00e3o News\"},\"image\":{\"@id\":\"https:\\\/\\\/regiaonews.net.br\\\/2022\\\/#\\\/schema\\\/logo\\\/image\\\/\"}},{\"@type\":\"Person\",\"@id\":\"https:\\\/\\\/regiaonews.net.br\\\/2022\\\/#\\\/schema\\\/person\\\/2d205a608a5aa97ac279d7a5e6d89ad8\",\"name\":\"Roberto\",\"image\":{\"@type\":\"ImageObject\",\"inLanguage\":\"pt-BR\",\"@id\":\"https:\\\/\\\/secure.gravatar.com\\\/avatar\\\/42749d8b712ff9d59ca93dc150494e5b55a44134482993f5baeb97e61b7ecc89?s=96&d=mm&r=g\",\"url\":\"https:\\\/\\\/secure.gravatar.com\\\/avatar\\\/42749d8b712ff9d59ca93dc150494e5b55a44134482993f5baeb97e61b7ecc89?s=96&d=mm&r=g\",\"contentUrl\":\"https:\\\/\\\/secure.gravatar.com\\\/avatar\\\/42749d8b712ff9d59ca93dc150494e5b55a44134482993f5baeb97e61b7ecc89?s=96&d=mm&r=g\",\"caption\":\"Roberto\"},\"url\":\"https:\\\/\\\/regiaonews.net.br\\\/2022\\\/author\\\/roberto\\\/\"}]}<\/script>\n<!-- \/ Yoast SEO plugin. -->","yoast_head_json":{"title":"Agnaldo Tim\u00f3teo morre aos 84 anos por Covid - Regi\u00e3o News","robots":{"index":"index","follow":"follow","max-snippet":"max-snippet:-1","max-image-preview":"max-image-preview:large","max-video-preview":"max-video-preview:-1"},"canonical":"https:\/\/regiaonews.net.br\/2022\/2021\/04\/03\/agnaldo-timoteo-morre-aos-84-anos-por-covid\/","og_locale":"pt_BR","og_type":"article","og_title":"Agnaldo Tim\u00f3teo morre aos 84 anos por Covid - Regi\u00e3o News","og_description":"O cantor\u00a0Agnaldo Tim\u00f3teo, uma das vozes mais conhecidas da m\u00fasica","og_url":"https:\/\/regiaonews.net.br\/2022\/2021\/04\/03\/agnaldo-timoteo-morre-aos-84-anos-por-covid\/","og_site_name":"Regi\u00e3o News","article_published_time":"2021-04-04T01:15:56+00:00","article_modified_time":"2021-04-16T19:15:47+00:00","og_image":[{"width":1056,"height":1292,"url":"https:\/\/regiaonews.net.br\/2022\/wp-content\/uploads\/2021\/04\/20210403_213751.jpg","type":"image\/jpeg"}],"author":"Roberto","twitter_card":"summary_large_image","twitter_misc":{"Escrito por":"Roberto","Est. tempo de leitura":"1 minuto"},"schema":{"@context":"https:\/\/schema.org","@graph":[{"@type":"Article","@id":"https:\/\/regiaonews.net.br\/2022\/2021\/04\/03\/agnaldo-timoteo-morre-aos-84-anos-por-covid\/#article","isPartOf":{"@id":"https:\/\/regiaonews.net.br\/2022\/2021\/04\/03\/agnaldo-timoteo-morre-aos-84-anos-por-covid\/"},"author":{"name":"Roberto","@id":"https:\/\/regiaonews.net.br\/2022\/#\/schema\/person\/2d205a608a5aa97ac279d7a5e6d89ad8"},"headline":"Agnaldo Tim\u00f3teo morre aos 84 anos por Covid","datePublished":"2021-04-04T01:15:56+00:00","dateModified":"2021-04-16T19:15:47+00:00","mainEntityOfPage":{"@id":"https:\/\/regiaonews.net.br\/2022\/2021\/04\/03\/agnaldo-timoteo-morre-aos-84-anos-por-covid\/"},"wordCount":142,"commentCount":0,"publisher":{"@id":"https:\/\/regiaonews.net.br\/2022\/#organization"},"image":{"@id":"https:\/\/regiaonews.net.br\/2022\/2021\/04\/03\/agnaldo-timoteo-morre-aos-84-anos-por-covid\/#primaryimage"},"thumbnailUrl":"https:\/\/regiaonews.net.br\/2022\/wp-content\/uploads\/2021\/04\/20210403_213751.jpg","articleSection":["Brasil","Cidades"],"inLanguage":"pt-BR","potentialAction":[{"@type":"CommentAction","name":"Comment","target":["https:\/\/regiaonews.net.br\/2022\/2021\/04\/03\/agnaldo-timoteo-morre-aos-84-anos-por-covid\/#respond"]}]},{"@type":"WebPage","@id":"https:\/\/regiaonews.net.br\/2022\/2021\/04\/03\/agnaldo-timoteo-morre-aos-84-anos-por-covid\/","url":"https:\/\/regiaonews.net.br\/2022\/2021\/04\/03\/agnaldo-timoteo-morre-aos-84-anos-por-covid\/","name":"Agnaldo Tim\u00f3teo morre aos 84 anos por Covid - Regi\u00e3o News","isPartOf":{"@id":"https:\/\/regiaonews.net.br\/2022\/#website"},"primaryImageOfPage":{"@id":"https:\/\/regiaonews.net.br\/2022\/2021\/04\/03\/agnaldo-timoteo-morre-aos-84-anos-por-covid\/#primaryimage"},"image":{"@id":"https:\/\/regiaonews.net.br\/2022\/2021\/04\/03\/agnaldo-timoteo-morre-aos-84-anos-por-covid\/#primaryimage"},"thumbnailUrl":"https:\/\/regiaonews.net.br\/2022\/wp-content\/uploads\/2021\/04\/20210403_213751.jpg","datePublished":"2021-04-04T01:15:56+00:00","dateModified":"2021-04-16T19:15:47+00:00","breadcrumb":{"@id":"https:\/\/regiaonews.net.br\/2022\/2021\/04\/03\/agnaldo-timoteo-morre-aos-84-anos-por-covid\/#breadcrumb"},"inLanguage":"pt-BR","potentialAction":[{"@type":"ReadAction","target":["https:\/\/regiaonews.net.br\/2022\/2021\/04\/03\/agnaldo-timoteo-morre-aos-84-anos-por-covid\/"]}]},{"@type":"ImageObject","inLanguage":"pt-BR","@id":"https:\/\/regiaonews.net.br\/2022\/2021\/04\/03\/agnaldo-timoteo-morre-aos-84-anos-por-covid\/#primaryimage","url":"https:\/\/regiaonews.net.br\/2022\/wp-content\/uploads\/2021\/04\/20210403_213751.jpg","contentUrl":"https:\/\/regiaonews.net.br\/2022\/wp-content\/uploads\/2021\/04\/20210403_213751.jpg","width":1056,"height":1292},{"@type":"BreadcrumbList","@id":"https:\/\/regiaonews.net.br\/2022\/2021\/04\/03\/agnaldo-timoteo-morre-aos-84-anos-por-covid\/#breadcrumb","itemListElement":[{"@type":"ListItem","position":1,"name":"In\u00edcio","item":"https:\/\/regiaonews.net.br\/2022\/"},{"@type":"ListItem","position":2,"name":"Agnaldo Tim\u00f3teo morre aos 84 anos por Covid"}]},{"@type":"WebSite","@id":"https:\/\/regiaonews.net.br\/2022\/#website","url":"https:\/\/regiaonews.net.br\/2022\/","name":"Regi\u00e3o News","description":"Site de Not\u00edcias de Barretos e regi\u00e3o","publisher":{"@id":"https:\/\/regiaonews.net.br\/2022\/#organization"},"potentialAction":[{"@type":"SearchAction","target":{"@type":"EntryPoint","urlTemplate":"https:\/\/regiaonews.net.br\/2022\/?s={search_term_string}"},"query-input":{"@type":"PropertyValueSpecification","valueRequired":true,"valueName":"search_term_string"}}],"inLanguage":"pt-BR"},{"@type":"Organization","@id":"https:\/\/regiaonews.net.br\/2022\/#organization","name":"Regi\u00e3o News","url":"https:\/\/regiaonews.net.br\/2022\/","logo":{"@type":"ImageObject","inLanguage":"pt-BR","@id":"https:\/\/regiaonews.net.br\/2022\/#\/schema\/logo\/image\/","url":"https:\/\/regiaonews.net.br\/2022\/wp-content\/uploads\/2026\/03\/regiao-13-anos-scaled.jpg","contentUrl":"https:\/\/regiaonews.net.br\/2022\/wp-content\/uploads\/2026\/03\/regiao-13-anos-scaled.jpg","width":2560,"height":635,"caption":"Regi\u00e3o News"},"image":{"@id":"https:\/\/regiaonews.net.br\/2022\/#\/schema\/logo\/image\/"}},{"@type":"Person","@id":"https:\/\/regiaonews.net.br\/2022\/#\/schema\/person\/2d205a608a5aa97ac279d7a5e6d89ad8","name":"Roberto","image":{"@type":"ImageObject","inLanguage":"pt-BR","@id":"https:\/\/secure.gravatar.com\/avatar\/42749d8b712ff9d59ca93dc150494e5b55a44134482993f5baeb97e61b7ecc89?s=96&d=mm&r=g","url":"https:\/\/secure.gravatar.com\/avatar\/42749d8b712ff9d59ca93dc150494e5b55a44134482993f5baeb97e61b7ecc89?s=96&d=mm&r=g","contentUrl":"https:\/\/secure.gravatar.com\/avatar\/42749d8b712ff9d59ca93dc150494e5b55a44134482993f5baeb97e61b7ecc89?s=96&d=mm&r=g","caption":"Roberto"},"url":"https:\/\/regiaonews.net.br\/2022\/author\/roberto\/"}]}},"publishpress_future_action":{"enabled":false,"date":"2026-05-04 06:25:44","action":"change-status","newStatus":"draft","terms":[],"taxonomy":"category","extraData":[]},"publishpress_future_workflow_manual_trigger":{"enabledWorkflows":[]},"_links":{"self":[{"href":"https:\/\/regiaonews.net.br\/2022\/wp-json\/wp\/v2\/posts\/593","targetHints":{"allow":["GET"]}}],"collection":[{"href":"https:\/\/regiaonews.net.br\/2022\/wp-json\/wp\/v2\/posts"}],"about":[{"href":"https:\/\/regiaonews.net.br\/2022\/wp-json\/wp\/v2\/types\/post"}],"author":[{"embeddable":true,"href":"https:\/\/regiaonews.net.br\/2022\/wp-json\/wp\/v2\/users\/2"}],"replies":[{"embeddable":true,"href":"https:\/\/regiaonews.net.br\/2022\/wp-json\/wp\/v2\/comments?post=593"}],"version-history":[{"count":0,"href":"https:\/\/regiaonews.net.br\/2022\/wp-json\/wp\/v2\/posts\/593\/revisions"}],"wp:featuredmedia":[{"embeddable":true,"href":"https:\/\/regiaonews.net.br\/2022\/wp-json\/wp\/v2\/media\/44697"}],"wp:attachment":[{"href":"https:\/\/regiaonews.net.br\/2022\/wp-json\/wp\/v2\/media?parent=593"}],"wp:term":[{"taxonomy":"category","embeddable":true,"href":"https:\/\/regiaonews.net.br\/2022\/wp-json\/wp\/v2\/categories?post=593"},{"taxonomy":"post_tag","embeddable":true,"href":"https:\/\/regiaonews.net.br\/2022\/wp-json\/wp\/v2\/tags?post=593"}],"curies":[{"name":"wp","href":"https:\/\/api.w.org\/{rel}","templated":true}]}}