{"id":56828,"date":"2021-11-24T20:41:49","date_gmt":"2021-11-24T23:41:49","guid":{"rendered":"https:\/\/regiaonews.net.br\/2022\/?p=56828"},"modified":"2021-11-24T23:03:14","modified_gmt":"2021-11-25T02:03:14","slug":"turismo-de-barretos-marca-presenca-no-conexidades","status":"publish","type":"post","link":"https:\/\/regiaonews.net.br\/2022\/2021\/11\/24\/turismo-de-barretos-marca-presenca-no-conexidades\/","title":{"rendered":"Turismo de Barretos marca presen\u00e7a no Conexidades"},"content":{"rendered":"<div><b><a href=\"https:\/\/regiaonews.net.br\/2022\/wp-content\/uploads\/2021\/11\/Estande-Turismo.jpeg\"><img loading=\"lazy\" decoding=\"async\" class=\"alignnone size-medium wp-image-56829\" src=\"https:\/\/regiaonews.net.br\/2022\/wp-content\/uploads\/2021\/11\/Estande-Turismo-300x225.jpeg\" alt=\"\" width=\"300\" height=\"225\" \/><\/a><\/b><br aria-hidden=\"true\" \/><br aria-hidden=\"true\" \/><strong><em>Al\u00e9m de fomentar o turismo, a prefeita Paula Lemos participa de uma mesa redonda ao lado do secret\u00e1rio estadual da Educa\u00e7\u00e3o<\/em><\/strong><\/div>\n<p><br aria-hidden=\"true\" \/>Barretos est\u00e1 presente na quarta edi\u00e7\u00e3o do Conexidades, realizado em Ol\u00edmpia entre os dias 23 e 27 de novembro. A Secretaria Municipal de Turismo montou um estande para divulgar as atra\u00e7\u00f5es tur\u00edsticas barretenses e atrair visitantes e poss\u00edveis investidores para a cidade.<br aria-hidden=\"true\" \/>Entre os atrativos do estande est\u00e3o informa\u00e7\u00f5es sobre os principais eixos do turismo barretense, como o rural (cultura, m\u00fasica e gastronomia caipira e do campo, al\u00e9m da tradicional Festa do Pe\u00e3o). Tamb\u00e9m h\u00e1 espa\u00e7o para o turismo das \u00e1guas termais e o religioso, com informa\u00e7\u00f5es sobre a Rota das Capelas, a Catedral do Divino Esp\u00edrito Santo e a Minibas\u00edlica de Nossa Senhora Aparecida.<br aria-hidden=\"true\" \/><br aria-hidden=\"true\" \/><b>Prefeita participa de debate<\/b><br aria-hidden=\"true\" \/>A prefeita Paula Lemos foi convidada para participar de uma mesa redonda com o tema \u201cEduca\u00e7\u00e3o no p\u00f3s-pandemia\u201d junto do secret\u00e1rio estadual de Educa\u00e7\u00e3o, Rossieli Soares, do advogado especialista em gest\u00e3o educacional S\u00edlvio Graboski e da educadora da Funda\u00e7\u00e3o Get\u00falio Vargas (FGV) Cl\u00e1udia Costin. A conversa est\u00e1 marcada para esta quinta-feira, dia 25, \u00e0s 9h30.<br aria-hidden=\"true\" \/><br aria-hidden=\"true\" \/><b>O Conexidades<\/b><br aria-hidden=\"true\" \/>Criado pela UVESP &#8211; Uni\u00e3o dos Vereadores do Estado de S\u00e3o Paulo, o Conexidades \u00e9 fruto de uma ampla discuss\u00e3o com v\u00e1rias lideran\u00e7as brasileiras e procura abrir debate sobre o futuro das cidades. Essa edi\u00e7\u00e3o do evento ter\u00e1 p\u00fablico presencial e ser\u00e1 realizada no Centro de Conven\u00e7\u00f5es do Parque Aqu\u00e1tico Thermas dos Laranjais, em Ol\u00edmpia.<br aria-hidden=\"true\" \/>Segundo a organiza\u00e7\u00e3o, o 4\u00ba Conexidades vai focar no futuro das cidades, abordando temas como: da retomada da economia \u00e0 pol\u00edtica; das reformas ao novo pacto federativo; das administra\u00e7\u00f5es p\u00fablicas \u00e0 gest\u00e3o p\u00fablica, da for\u00e7a dos cons\u00f3rcios p\u00fablicos ao agroneg\u00f3cio, da educa\u00e7\u00e3o \u00e0 sa\u00fade e do fortalecimento do turismo interno.<\/p>\n","protected":false},"excerpt":{"rendered":"<p>Al\u00e9m de fomentar o turismo, a prefeita Paula Lemos participa<\/p>\n","protected":false},"author":2,"featured_media":56829,"comment_status":"open","ping_status":"open","sticky":false,"template":"","format":"standard","meta":{"footnotes":""},"categories":[14,25],"tags":[],"class_list":["post-56828","post","type-post","status-publish","format-standard","has-post-thumbnail","hentry","category-barretos","category-cidades"],"yoast_head":"<!-- This site is optimized with the Yoast SEO plugin v27.5 - https:\/\/yoast.com\/product\/yoast-seo-wordpress\/ -->\n<title>Turismo de Barretos marca presen\u00e7a no Conexidades - Regi\u00e3o News<\/title>\n<meta name=\"robots\" content=\"index, follow, max-snippet:-1, max-image-preview:large, max-video-preview:-1\" \/>\n<link rel=\"canonical\" href=\"https:\/\/regiaonews.net.br\/2022\/2021\/11\/24\/turismo-de-barretos-marca-presenca-no-conexidades\/\" \/>\n<meta property=\"og:locale\" content=\"pt_BR\" \/>\n<meta property=\"og:type\" content=\"article\" \/>\n<meta property=\"og:title\" content=\"Turismo de Barretos marca presen\u00e7a no Conexidades - Regi\u00e3o News\" \/>\n<meta property=\"og:description\" content=\"Al\u00e9m de fomentar o turismo, a prefeita Paula Lemos participa\" \/>\n<meta property=\"og:url\" content=\"https:\/\/regiaonews.net.br\/2022\/2021\/11\/24\/turismo-de-barretos-marca-presenca-no-conexidades\/\" \/>\n<meta property=\"og:site_name\" content=\"Regi\u00e3o News\" \/>\n<meta property=\"article:published_time\" content=\"2021-11-24T23:41:49+00:00\" \/>\n<meta property=\"article:modified_time\" content=\"2021-11-25T02:03:14+00:00\" \/>\n<meta property=\"og:image\" content=\"https:\/\/regiaonews.net.br\/2022\/wp-content\/uploads\/2021\/11\/Estande-Turismo.jpeg\" \/>\n\t<meta property=\"og:image:width\" content=\"1600\" \/>\n\t<meta property=\"og:image:height\" content=\"1200\" \/>\n\t<meta property=\"og:image:type\" content=\"image\/jpeg\" \/>\n<meta name=\"author\" content=\"Roberto\" \/>\n<meta name=\"twitter:card\" content=\"summary_large_image\" \/>\n<meta name=\"twitter:label1\" content=\"Escrito por\" \/>\n\t<meta name=\"twitter:data1\" content=\"Roberto\" \/>\n\t<meta name=\"twitter:label2\" content=\"Est. tempo de leitura\" \/>\n\t<meta name=\"twitter:data2\" content=\"2 minutos\" \/>\n<script type=\"application\/ld+json\" class=\"yoast-schema-graph\">{\"@context\":\"https:\\\/\\\/schema.org\",\"@graph\":[{\"@type\":\"Article\",\"@id\":\"https:\\\/\\\/regiaonews.net.br\\\/2022\\\/2021\\\/11\\\/24\\\/turismo-de-barretos-marca-presenca-no-conexidades\\\/#article\",\"isPartOf\":{\"@id\":\"https:\\\/\\\/regiaonews.net.br\\\/2022\\\/2021\\\/11\\\/24\\\/turismo-de-barretos-marca-presenca-no-conexidades\\\/\"},\"author\":{\"name\":\"Roberto\",\"@id\":\"https:\\\/\\\/regiaonews.net.br\\\/2022\\\/#\\\/schema\\\/person\\\/2d205a608a5aa97ac279d7a5e6d89ad8\"},\"headline\":\"Turismo de Barretos marca presen\u00e7a no Conexidades\",\"datePublished\":\"2021-11-24T23:41:49+00:00\",\"dateModified\":\"2021-11-25T02:03:14+00:00\",\"mainEntityOfPage\":{\"@id\":\"https:\\\/\\\/regiaonews.net.br\\\/2022\\\/2021\\\/11\\\/24\\\/turismo-de-barretos-marca-presenca-no-conexidades\\\/\"},\"wordCount\":341,\"commentCount\":0,\"publisher\":{\"@id\":\"https:\\\/\\\/regiaonews.net.br\\\/2022\\\/#organization\"},\"image\":{\"@id\":\"https:\\\/\\\/regiaonews.net.br\\\/2022\\\/2021\\\/11\\\/24\\\/turismo-de-barretos-marca-presenca-no-conexidades\\\/#primaryimage\"},\"thumbnailUrl\":\"https:\\\/\\\/regiaonews.net.br\\\/2022\\\/wp-content\\\/uploads\\\/2021\\\/11\\\/Estande-Turismo.jpeg\",\"articleSection\":[\"Barretos\",\"Cidades\"],\"inLanguage\":\"pt-BR\",\"potentialAction\":[{\"@type\":\"CommentAction\",\"name\":\"Comment\",\"target\":[\"https:\\\/\\\/regiaonews.net.br\\\/2022\\\/2021\\\/11\\\/24\\\/turismo-de-barretos-marca-presenca-no-conexidades\\\/#respond\"]}]},{\"@type\":\"WebPage\",\"@id\":\"https:\\\/\\\/regiaonews.net.br\\\/2022\\\/2021\\\/11\\\/24\\\/turismo-de-barretos-marca-presenca-no-conexidades\\\/\",\"url\":\"https:\\\/\\\/regiaonews.net.br\\\/2022\\\/2021\\\/11\\\/24\\\/turismo-de-barretos-marca-presenca-no-conexidades\\\/\",\"name\":\"Turismo de Barretos marca presen\u00e7a no Conexidades - Regi\u00e3o News\",\"isPartOf\":{\"@id\":\"https:\\\/\\\/regiaonews.net.br\\\/2022\\\/#website\"},\"primaryImageOfPage\":{\"@id\":\"https:\\\/\\\/regiaonews.net.br\\\/2022\\\/2021\\\/11\\\/24\\\/turismo-de-barretos-marca-presenca-no-conexidades\\\/#primaryimage\"},\"image\":{\"@id\":\"https:\\\/\\\/regiaonews.net.br\\\/2022\\\/2021\\\/11\\\/24\\\/turismo-de-barretos-marca-presenca-no-conexidades\\\/#primaryimage\"},\"thumbnailUrl\":\"https:\\\/\\\/regiaonews.net.br\\\/2022\\\/wp-content\\\/uploads\\\/2021\\\/11\\\/Estande-Turismo.jpeg\",\"datePublished\":\"2021-11-24T23:41:49+00:00\",\"dateModified\":\"2021-11-25T02:03:14+00:00\",\"breadcrumb\":{\"@id\":\"https:\\\/\\\/regiaonews.net.br\\\/2022\\\/2021\\\/11\\\/24\\\/turismo-de-barretos-marca-presenca-no-conexidades\\\/#breadcrumb\"},\"inLanguage\":\"pt-BR\",\"potentialAction\":[{\"@type\":\"ReadAction\",\"target\":[\"https:\\\/\\\/regiaonews.net.br\\\/2022\\\/2021\\\/11\\\/24\\\/turismo-de-barretos-marca-presenca-no-conexidades\\\/\"]}]},{\"@type\":\"ImageObject\",\"inLanguage\":\"pt-BR\",\"@id\":\"https:\\\/\\\/regiaonews.net.br\\\/2022\\\/2021\\\/11\\\/24\\\/turismo-de-barretos-marca-presenca-no-conexidades\\\/#primaryimage\",\"url\":\"https:\\\/\\\/regiaonews.net.br\\\/2022\\\/wp-content\\\/uploads\\\/2021\\\/11\\\/Estande-Turismo.jpeg\",\"contentUrl\":\"https:\\\/\\\/regiaonews.net.br\\\/2022\\\/wp-content\\\/uploads\\\/2021\\\/11\\\/Estande-Turismo.jpeg\",\"width\":1600,\"height\":1200},{\"@type\":\"BreadcrumbList\",\"@id\":\"https:\\\/\\\/regiaonews.net.br\\\/2022\\\/2021\\\/11\\\/24\\\/turismo-de-barretos-marca-presenca-no-conexidades\\\/#breadcrumb\",\"itemListElement\":[{\"@type\":\"ListItem\",\"position\":1,\"name\":\"In\u00edcio\",\"item\":\"https:\\\/\\\/regiaonews.net.br\\\/2022\\\/\"},{\"@type\":\"ListItem\",\"position\":2,\"name\":\"Turismo de Barretos marca presen\u00e7a no Conexidades\"}]},{\"@type\":\"WebSite\",\"@id\":\"https:\\\/\\\/regiaonews.net.br\\\/2022\\\/#website\",\"url\":\"https:\\\/\\\/regiaonews.net.br\\\/2022\\\/\",\"name\":\"Regi\u00e3o News\",\"description\":\"Site de Not\u00edcias de Barretos e regi\u00e3o\",\"publisher\":{\"@id\":\"https:\\\/\\\/regiaonews.net.br\\\/2022\\\/#organization\"},\"potentialAction\":[{\"@type\":\"SearchAction\",\"target\":{\"@type\":\"EntryPoint\",\"urlTemplate\":\"https:\\\/\\\/regiaonews.net.br\\\/2022\\\/?s={search_term_string}\"},\"query-input\":{\"@type\":\"PropertyValueSpecification\",\"valueRequired\":true,\"valueName\":\"search_term_string\"}}],\"inLanguage\":\"pt-BR\"},{\"@type\":\"Organization\",\"@id\":\"https:\\\/\\\/regiaonews.net.br\\\/2022\\\/#organization\",\"name\":\"Regi\u00e3o News\",\"url\":\"https:\\\/\\\/regiaonews.net.br\\\/2022\\\/\",\"logo\":{\"@type\":\"ImageObject\",\"inLanguage\":\"pt-BR\",\"@id\":\"https:\\\/\\\/regiaonews.net.br\\\/2022\\\/#\\\/schema\\\/logo\\\/image\\\/\",\"url\":\"https:\\\/\\\/regiaonews.net.br\\\/2022\\\/wp-content\\\/uploads\\\/2026\\\/03\\\/regiao-13-anos-scaled.jpg\",\"contentUrl\":\"https:\\\/\\\/regiaonews.net.br\\\/2022\\\/wp-content\\\/uploads\\\/2026\\\/03\\\/regiao-13-anos-scaled.jpg\",\"width\":2560,\"height\":635,\"caption\":\"Regi\u00e3o News\"},\"image\":{\"@id\":\"https:\\\/\\\/regiaonews.net.br\\\/2022\\\/#\\\/schema\\\/logo\\\/image\\\/\"}},{\"@type\":\"Person\",\"@id\":\"https:\\\/\\\/regiaonews.net.br\\\/2022\\\/#\\\/schema\\\/person\\\/2d205a608a5aa97ac279d7a5e6d89ad8\",\"name\":\"Roberto\",\"image\":{\"@type\":\"ImageObject\",\"inLanguage\":\"pt-BR\",\"@id\":\"https:\\\/\\\/secure.gravatar.com\\\/avatar\\\/42749d8b712ff9d59ca93dc150494e5b55a44134482993f5baeb97e61b7ecc89?s=96&d=mm&r=g\",\"url\":\"https:\\\/\\\/secure.gravatar.com\\\/avatar\\\/42749d8b712ff9d59ca93dc150494e5b55a44134482993f5baeb97e61b7ecc89?s=96&d=mm&r=g\",\"contentUrl\":\"https:\\\/\\\/secure.gravatar.com\\\/avatar\\\/42749d8b712ff9d59ca93dc150494e5b55a44134482993f5baeb97e61b7ecc89?s=96&d=mm&r=g\",\"caption\":\"Roberto\"},\"url\":\"https:\\\/\\\/regiaonews.net.br\\\/2022\\\/author\\\/roberto\\\/\"}]}<\/script>\n<!-- \/ Yoast SEO plugin. -->","yoast_head_json":{"title":"Turismo de Barretos marca presen\u00e7a no Conexidades - Regi\u00e3o News","robots":{"index":"index","follow":"follow","max-snippet":"max-snippet:-1","max-image-preview":"max-image-preview:large","max-video-preview":"max-video-preview:-1"},"canonical":"https:\/\/regiaonews.net.br\/2022\/2021\/11\/24\/turismo-de-barretos-marca-presenca-no-conexidades\/","og_locale":"pt_BR","og_type":"article","og_title":"Turismo de Barretos marca presen\u00e7a no Conexidades - Regi\u00e3o News","og_description":"Al\u00e9m de fomentar o turismo, a prefeita Paula Lemos participa","og_url":"https:\/\/regiaonews.net.br\/2022\/2021\/11\/24\/turismo-de-barretos-marca-presenca-no-conexidades\/","og_site_name":"Regi\u00e3o News","article_published_time":"2021-11-24T23:41:49+00:00","article_modified_time":"2021-11-25T02:03:14+00:00","og_image":[{"width":1600,"height":1200,"url":"https:\/\/regiaonews.net.br\/2022\/wp-content\/uploads\/2021\/11\/Estande-Turismo.jpeg","type":"image\/jpeg"}],"author":"Roberto","twitter_card":"summary_large_image","twitter_misc":{"Escrito por":"Roberto","Est. tempo de leitura":"2 minutos"},"schema":{"@context":"https:\/\/schema.org","@graph":[{"@type":"Article","@id":"https:\/\/regiaonews.net.br\/2022\/2021\/11\/24\/turismo-de-barretos-marca-presenca-no-conexidades\/#article","isPartOf":{"@id":"https:\/\/regiaonews.net.br\/2022\/2021\/11\/24\/turismo-de-barretos-marca-presenca-no-conexidades\/"},"author":{"name":"Roberto","@id":"https:\/\/regiaonews.net.br\/2022\/#\/schema\/person\/2d205a608a5aa97ac279d7a5e6d89ad8"},"headline":"Turismo de Barretos marca presen\u00e7a no Conexidades","datePublished":"2021-11-24T23:41:49+00:00","dateModified":"2021-11-25T02:03:14+00:00","mainEntityOfPage":{"@id":"https:\/\/regiaonews.net.br\/2022\/2021\/11\/24\/turismo-de-barretos-marca-presenca-no-conexidades\/"},"wordCount":341,"commentCount":0,"publisher":{"@id":"https:\/\/regiaonews.net.br\/2022\/#organization"},"image":{"@id":"https:\/\/regiaonews.net.br\/2022\/2021\/11\/24\/turismo-de-barretos-marca-presenca-no-conexidades\/#primaryimage"},"thumbnailUrl":"https:\/\/regiaonews.net.br\/2022\/wp-content\/uploads\/2021\/11\/Estande-Turismo.jpeg","articleSection":["Barretos","Cidades"],"inLanguage":"pt-BR","potentialAction":[{"@type":"CommentAction","name":"Comment","target":["https:\/\/regiaonews.net.br\/2022\/2021\/11\/24\/turismo-de-barretos-marca-presenca-no-conexidades\/#respond"]}]},{"@type":"WebPage","@id":"https:\/\/regiaonews.net.br\/2022\/2021\/11\/24\/turismo-de-barretos-marca-presenca-no-conexidades\/","url":"https:\/\/regiaonews.net.br\/2022\/2021\/11\/24\/turismo-de-barretos-marca-presenca-no-conexidades\/","name":"Turismo de Barretos marca presen\u00e7a no Conexidades - Regi\u00e3o News","isPartOf":{"@id":"https:\/\/regiaonews.net.br\/2022\/#website"},"primaryImageOfPage":{"@id":"https:\/\/regiaonews.net.br\/2022\/2021\/11\/24\/turismo-de-barretos-marca-presenca-no-conexidades\/#primaryimage"},"image":{"@id":"https:\/\/regiaonews.net.br\/2022\/2021\/11\/24\/turismo-de-barretos-marca-presenca-no-conexidades\/#primaryimage"},"thumbnailUrl":"https:\/\/regiaonews.net.br\/2022\/wp-content\/uploads\/2021\/11\/Estande-Turismo.jpeg","datePublished":"2021-11-24T23:41:49+00:00","dateModified":"2021-11-25T02:03:14+00:00","breadcrumb":{"@id":"https:\/\/regiaonews.net.br\/2022\/2021\/11\/24\/turismo-de-barretos-marca-presenca-no-conexidades\/#breadcrumb"},"inLanguage":"pt-BR","potentialAction":[{"@type":"ReadAction","target":["https:\/\/regiaonews.net.br\/2022\/2021\/11\/24\/turismo-de-barretos-marca-presenca-no-conexidades\/"]}]},{"@type":"ImageObject","inLanguage":"pt-BR","@id":"https:\/\/regiaonews.net.br\/2022\/2021\/11\/24\/turismo-de-barretos-marca-presenca-no-conexidades\/#primaryimage","url":"https:\/\/regiaonews.net.br\/2022\/wp-content\/uploads\/2021\/11\/Estande-Turismo.jpeg","contentUrl":"https:\/\/regiaonews.net.br\/2022\/wp-content\/uploads\/2021\/11\/Estande-Turismo.jpeg","width":1600,"height":1200},{"@type":"BreadcrumbList","@id":"https:\/\/regiaonews.net.br\/2022\/2021\/11\/24\/turismo-de-barretos-marca-presenca-no-conexidades\/#breadcrumb","itemListElement":[{"@type":"ListItem","position":1,"name":"In\u00edcio","item":"https:\/\/regiaonews.net.br\/2022\/"},{"@type":"ListItem","position":2,"name":"Turismo de Barretos marca presen\u00e7a no Conexidades"}]},{"@type":"WebSite","@id":"https:\/\/regiaonews.net.br\/2022\/#website","url":"https:\/\/regiaonews.net.br\/2022\/","name":"Regi\u00e3o News","description":"Site de Not\u00edcias de Barretos e regi\u00e3o","publisher":{"@id":"https:\/\/regiaonews.net.br\/2022\/#organization"},"potentialAction":[{"@type":"SearchAction","target":{"@type":"EntryPoint","urlTemplate":"https:\/\/regiaonews.net.br\/2022\/?s={search_term_string}"},"query-input":{"@type":"PropertyValueSpecification","valueRequired":true,"valueName":"search_term_string"}}],"inLanguage":"pt-BR"},{"@type":"Organization","@id":"https:\/\/regiaonews.net.br\/2022\/#organization","name":"Regi\u00e3o News","url":"https:\/\/regiaonews.net.br\/2022\/","logo":{"@type":"ImageObject","inLanguage":"pt-BR","@id":"https:\/\/regiaonews.net.br\/2022\/#\/schema\/logo\/image\/","url":"https:\/\/regiaonews.net.br\/2022\/wp-content\/uploads\/2026\/03\/regiao-13-anos-scaled.jpg","contentUrl":"https:\/\/regiaonews.net.br\/2022\/wp-content\/uploads\/2026\/03\/regiao-13-anos-scaled.jpg","width":2560,"height":635,"caption":"Regi\u00e3o News"},"image":{"@id":"https:\/\/regiaonews.net.br\/2022\/#\/schema\/logo\/image\/"}},{"@type":"Person","@id":"https:\/\/regiaonews.net.br\/2022\/#\/schema\/person\/2d205a608a5aa97ac279d7a5e6d89ad8","name":"Roberto","image":{"@type":"ImageObject","inLanguage":"pt-BR","@id":"https:\/\/secure.gravatar.com\/avatar\/42749d8b712ff9d59ca93dc150494e5b55a44134482993f5baeb97e61b7ecc89?s=96&d=mm&r=g","url":"https:\/\/secure.gravatar.com\/avatar\/42749d8b712ff9d59ca93dc150494e5b55a44134482993f5baeb97e61b7ecc89?s=96&d=mm&r=g","contentUrl":"https:\/\/secure.gravatar.com\/avatar\/42749d8b712ff9d59ca93dc150494e5b55a44134482993f5baeb97e61b7ecc89?s=96&d=mm&r=g","caption":"Roberto"},"url":"https:\/\/regiaonews.net.br\/2022\/author\/roberto\/"}]}},"publishpress_future_action":{"enabled":false,"date":"2026-05-05 15:56:18","action":"change-status","newStatus":"draft","terms":[],"taxonomy":"category","extraData":[]},"publishpress_future_workflow_manual_trigger":{"enabledWorkflows":[]},"_links":{"self":[{"href":"https:\/\/regiaonews.net.br\/2022\/wp-json\/wp\/v2\/posts\/56828","targetHints":{"allow":["GET"]}}],"collection":[{"href":"https:\/\/regiaonews.net.br\/2022\/wp-json\/wp\/v2\/posts"}],"about":[{"href":"https:\/\/regiaonews.net.br\/2022\/wp-json\/wp\/v2\/types\/post"}],"author":[{"embeddable":true,"href":"https:\/\/regiaonews.net.br\/2022\/wp-json\/wp\/v2\/users\/2"}],"replies":[{"embeddable":true,"href":"https:\/\/regiaonews.net.br\/2022\/wp-json\/wp\/v2\/comments?post=56828"}],"version-history":[{"count":0,"href":"https:\/\/regiaonews.net.br\/2022\/wp-json\/wp\/v2\/posts\/56828\/revisions"}],"wp:featuredmedia":[{"embeddable":true,"href":"https:\/\/regiaonews.net.br\/2022\/wp-json\/wp\/v2\/media\/56829"}],"wp:attachment":[{"href":"https:\/\/regiaonews.net.br\/2022\/wp-json\/wp\/v2\/media?parent=56828"}],"wp:term":[{"taxonomy":"category","embeddable":true,"href":"https:\/\/regiaonews.net.br\/2022\/wp-json\/wp\/v2\/categories?post=56828"},{"taxonomy":"post_tag","embeddable":true,"href":"https:\/\/regiaonews.net.br\/2022\/wp-json\/wp\/v2\/tags?post=56828"}],"curies":[{"name":"wp","href":"https:\/\/api.w.org\/{rel}","templated":true}]}}