{"id":56810,"date":"2021-11-24T20:13:43","date_gmt":"2021-11-24T23:13:43","guid":{"rendered":"https:\/\/regiaonews.net.br\/2022\/?p=56810"},"modified":"2021-11-24T20:13:43","modified_gmt":"2021-11-24T23:13:43","slug":"ex-presidente-vice-governador-e-procurador-estao-confirmados-em-encontro-nacional-em-olimpia","status":"publish","type":"post","link":"https:\/\/regiaonews.net.br\/2022\/2021\/11\/24\/ex-presidente-vice-governador-e-procurador-estao-confirmados-em-encontro-nacional-em-olimpia\/","title":{"rendered":"Ex-presidente, vice-governador e procurador est\u00e3o confirmados em Encontro Nacional em Ol\u00edmpia"},"content":{"rendered":"<p><a href=\"https:\/\/regiaonews.net.br\/2022\/wp-content\/uploads\/2021\/11\/WhatsApp-Image-2021-11-24-at-16.07.44.jpeg\"><img loading=\"lazy\" decoding=\"async\" class=\"alignnone size-medium wp-image-56812\" src=\"https:\/\/regiaonews.net.br\/2022\/wp-content\/uploads\/2021\/11\/WhatsApp-Image-2021-11-24-at-16.07.44-300x200.jpeg\" alt=\"\" width=\"300\" height=\"200\" \/><\/a><\/p>\n<p>Foto \u2013 Ex-presidente Michel Temer estar\u00e1 no evento na sexta<\/p>\n<p>Teve in\u00edcio ontem em Ol\u00edmpia, a 4\u00aa edi\u00e7\u00e3o do Conexidades \u2013 Encontro Nacional de Parceiros P\u00fablicos e Privados. O evento est\u00e1 debatendo o desenvolvimento das cidades, acontece at\u00e9 s\u00e1bado, 27, no Sal\u00e3o Social do Thermas dos Laranjais. O encontro une as lideran\u00e7as municipais, iniciativa privada, entidades, funda\u00e7\u00f5es, governo e associa\u00e7\u00f5es representativas e contar\u00e1 com a presen\u00e7a de diversas autoridades estaduais e nacionais, como o procurador-geral da Rep\u00fablica, Augusto Aras, o vice-governador do Estado de S\u00e3o Paulo, Rodrigo Garcia (PSDB), e o ex-Presidente da Rep\u00fablica, Michel Temer (MDB), que dividir\u00e1 uma mesa-redonda, na sexta (26), sobre harmonia entre poderes com o prefeito de Rio Preto Edinho Ara\u00fajo (MDB). Tamb\u00e9m integram a programa\u00e7\u00e3o do evento o secret\u00e1rio de Desenvolvimento Regional do Estado, Marco Vinholi, Ministro do Tribunal de Contas da Uni\u00e3o (TCU), Augusto Nardes, a presidente do Tribunal de Contas do Estado, Cristiana de Castro Moraes, o ex-ministro da Sa\u00fade Barjas Negri, o secret\u00e1rio estadual de Sa\u00fade, Jean Gorinchteyn, o presidente do Instituto Butantan, Dimas Covas, a ex-prefeita de S\u00e3o Paulo, Marta Suplicy (MDB), o secret\u00e1rio estadual de Agricultura, Itamar Borges, secret\u00e1rio estadual de Educa\u00e7\u00e3o Rossieli Soares, al\u00e9m de outros secret\u00e1rios de Estado, presidentes de entidades, especialistas das \u00e1reas abordadas e prefeitos.<br \/>\nA programa\u00e7\u00e3o completa e outras informa\u00e7\u00f5es est\u00e3o dispon\u00edveis no site www.conexidades.com.br. O evento \u00e9 gratuito e aberto \u00e0 sociedade. \u201cEste \u00e9 um momento muito importante para Ol\u00edmpia por ser uma oportunidade valiosa para troca de experi\u00eancias na gest\u00e3o p\u00fablica e privada, principalmente, neste per\u00edodo de retomada com tantos desafios que os munic\u00edpios t\u00eam enfrentado\u201d, declarou o prefeito Fernando Cunha (PSD).<\/p>\n","protected":false},"excerpt":{"rendered":"<p>Foto \u2013 Ex-presidente Michel Temer estar\u00e1 no evento na sexta<\/p>\n","protected":false},"author":2,"featured_media":56812,"comment_status":"open","ping_status":"open","sticky":false,"template":"","format":"standard","meta":{"footnotes":""},"categories":[25,28],"tags":[],"class_list":["post-56810","post","type-post","status-publish","format-standard","has-post-thumbnail","hentry","category-cidades","category-olimpia-olimpia"],"yoast_head":"<!-- This site is optimized with the Yoast SEO plugin v27.5 - https:\/\/yoast.com\/product\/yoast-seo-wordpress\/ -->\n<title>Ex-presidente, vice-governador e procurador est\u00e3o confirmados em Encontro Nacional em Ol\u00edmpia - Regi\u00e3o News<\/title>\n<meta name=\"robots\" content=\"index, follow, max-snippet:-1, max-image-preview:large, max-video-preview:-1\" \/>\n<link rel=\"canonical\" href=\"https:\/\/regiaonews.net.br\/2022\/2021\/11\/24\/ex-presidente-vice-governador-e-procurador-estao-confirmados-em-encontro-nacional-em-olimpia\/\" \/>\n<meta property=\"og:locale\" content=\"pt_BR\" \/>\n<meta property=\"og:type\" content=\"article\" \/>\n<meta property=\"og:title\" content=\"Ex-presidente, vice-governador e procurador est\u00e3o confirmados em Encontro Nacional em Ol\u00edmpia - Regi\u00e3o News\" \/>\n<meta property=\"og:description\" content=\"Foto \u2013 Ex-presidente Michel Temer estar\u00e1 no evento na sexta\" \/>\n<meta property=\"og:url\" content=\"https:\/\/regiaonews.net.br\/2022\/2021\/11\/24\/ex-presidente-vice-governador-e-procurador-estao-confirmados-em-encontro-nacional-em-olimpia\/\" \/>\n<meta property=\"og:site_name\" content=\"Regi\u00e3o News\" \/>\n<meta property=\"article:published_time\" content=\"2021-11-24T23:13:43+00:00\" \/>\n<meta property=\"og:image\" content=\"https:\/\/regiaonews.net.br\/2022\/wp-content\/uploads\/2021\/11\/WhatsApp-Image-2021-11-24-at-16.07.44.jpeg\" \/>\n\t<meta property=\"og:image:width\" content=\"1280\" \/>\n\t<meta property=\"og:image:height\" content=\"853\" \/>\n\t<meta property=\"og:image:type\" content=\"image\/jpeg\" \/>\n<meta name=\"author\" content=\"Roberto\" \/>\n<meta name=\"twitter:card\" content=\"summary_large_image\" \/>\n<meta name=\"twitter:label1\" content=\"Escrito por\" \/>\n\t<meta name=\"twitter:data1\" content=\"Roberto\" \/>\n\t<meta name=\"twitter:label2\" content=\"Est. tempo de leitura\" \/>\n\t<meta name=\"twitter:data2\" content=\"2 minutos\" \/>\n<script type=\"application\/ld+json\" class=\"yoast-schema-graph\">{\"@context\":\"https:\\\/\\\/schema.org\",\"@graph\":[{\"@type\":\"Article\",\"@id\":\"https:\\\/\\\/regiaonews.net.br\\\/2022\\\/2021\\\/11\\\/24\\\/ex-presidente-vice-governador-e-procurador-estao-confirmados-em-encontro-nacional-em-olimpia\\\/#article\",\"isPartOf\":{\"@id\":\"https:\\\/\\\/regiaonews.net.br\\\/2022\\\/2021\\\/11\\\/24\\\/ex-presidente-vice-governador-e-procurador-estao-confirmados-em-encontro-nacional-em-olimpia\\\/\"},\"author\":{\"name\":\"Roberto\",\"@id\":\"https:\\\/\\\/regiaonews.net.br\\\/2022\\\/#\\\/schema\\\/person\\\/2d205a608a5aa97ac279d7a5e6d89ad8\"},\"headline\":\"Ex-presidente, vice-governador e procurador est\u00e3o confirmados em Encontro Nacional em Ol\u00edmpia\",\"datePublished\":\"2021-11-24T23:13:43+00:00\",\"mainEntityOfPage\":{\"@id\":\"https:\\\/\\\/regiaonews.net.br\\\/2022\\\/2021\\\/11\\\/24\\\/ex-presidente-vice-governador-e-procurador-estao-confirmados-em-encontro-nacional-em-olimpia\\\/\"},\"wordCount\":316,\"commentCount\":0,\"publisher\":{\"@id\":\"https:\\\/\\\/regiaonews.net.br\\\/2022\\\/#organization\"},\"image\":{\"@id\":\"https:\\\/\\\/regiaonews.net.br\\\/2022\\\/2021\\\/11\\\/24\\\/ex-presidente-vice-governador-e-procurador-estao-confirmados-em-encontro-nacional-em-olimpia\\\/#primaryimage\"},\"thumbnailUrl\":\"https:\\\/\\\/regiaonews.net.br\\\/2022\\\/wp-content\\\/uploads\\\/2021\\\/11\\\/WhatsApp-Image-2021-11-24-at-16.07.44.jpeg\",\"articleSection\":[\"Cidades\",\"Olimpia\"],\"inLanguage\":\"pt-BR\",\"potentialAction\":[{\"@type\":\"CommentAction\",\"name\":\"Comment\",\"target\":[\"https:\\\/\\\/regiaonews.net.br\\\/2022\\\/2021\\\/11\\\/24\\\/ex-presidente-vice-governador-e-procurador-estao-confirmados-em-encontro-nacional-em-olimpia\\\/#respond\"]}]},{\"@type\":\"WebPage\",\"@id\":\"https:\\\/\\\/regiaonews.net.br\\\/2022\\\/2021\\\/11\\\/24\\\/ex-presidente-vice-governador-e-procurador-estao-confirmados-em-encontro-nacional-em-olimpia\\\/\",\"url\":\"https:\\\/\\\/regiaonews.net.br\\\/2022\\\/2021\\\/11\\\/24\\\/ex-presidente-vice-governador-e-procurador-estao-confirmados-em-encontro-nacional-em-olimpia\\\/\",\"name\":\"Ex-presidente, vice-governador e procurador est\u00e3o confirmados em Encontro Nacional em Ol\u00edmpia - Regi\u00e3o News\",\"isPartOf\":{\"@id\":\"https:\\\/\\\/regiaonews.net.br\\\/2022\\\/#website\"},\"primaryImageOfPage\":{\"@id\":\"https:\\\/\\\/regiaonews.net.br\\\/2022\\\/2021\\\/11\\\/24\\\/ex-presidente-vice-governador-e-procurador-estao-confirmados-em-encontro-nacional-em-olimpia\\\/#primaryimage\"},\"image\":{\"@id\":\"https:\\\/\\\/regiaonews.net.br\\\/2022\\\/2021\\\/11\\\/24\\\/ex-presidente-vice-governador-e-procurador-estao-confirmados-em-encontro-nacional-em-olimpia\\\/#primaryimage\"},\"thumbnailUrl\":\"https:\\\/\\\/regiaonews.net.br\\\/2022\\\/wp-content\\\/uploads\\\/2021\\\/11\\\/WhatsApp-Image-2021-11-24-at-16.07.44.jpeg\",\"datePublished\":\"2021-11-24T23:13:43+00:00\",\"breadcrumb\":{\"@id\":\"https:\\\/\\\/regiaonews.net.br\\\/2022\\\/2021\\\/11\\\/24\\\/ex-presidente-vice-governador-e-procurador-estao-confirmados-em-encontro-nacional-em-olimpia\\\/#breadcrumb\"},\"inLanguage\":\"pt-BR\",\"potentialAction\":[{\"@type\":\"ReadAction\",\"target\":[\"https:\\\/\\\/regiaonews.net.br\\\/2022\\\/2021\\\/11\\\/24\\\/ex-presidente-vice-governador-e-procurador-estao-confirmados-em-encontro-nacional-em-olimpia\\\/\"]}]},{\"@type\":\"ImageObject\",\"inLanguage\":\"pt-BR\",\"@id\":\"https:\\\/\\\/regiaonews.net.br\\\/2022\\\/2021\\\/11\\\/24\\\/ex-presidente-vice-governador-e-procurador-estao-confirmados-em-encontro-nacional-em-olimpia\\\/#primaryimage\",\"url\":\"https:\\\/\\\/regiaonews.net.br\\\/2022\\\/wp-content\\\/uploads\\\/2021\\\/11\\\/WhatsApp-Image-2021-11-24-at-16.07.44.jpeg\",\"contentUrl\":\"https:\\\/\\\/regiaonews.net.br\\\/2022\\\/wp-content\\\/uploads\\\/2021\\\/11\\\/WhatsApp-Image-2021-11-24-at-16.07.44.jpeg\",\"width\":1280,\"height\":853},{\"@type\":\"BreadcrumbList\",\"@id\":\"https:\\\/\\\/regiaonews.net.br\\\/2022\\\/2021\\\/11\\\/24\\\/ex-presidente-vice-governador-e-procurador-estao-confirmados-em-encontro-nacional-em-olimpia\\\/#breadcrumb\",\"itemListElement\":[{\"@type\":\"ListItem\",\"position\":1,\"name\":\"In\u00edcio\",\"item\":\"https:\\\/\\\/regiaonews.net.br\\\/2022\\\/\"},{\"@type\":\"ListItem\",\"position\":2,\"name\":\"Ex-presidente, vice-governador e procurador est\u00e3o confirmados em Encontro Nacional em Ol\u00edmpia\"}]},{\"@type\":\"WebSite\",\"@id\":\"https:\\\/\\\/regiaonews.net.br\\\/2022\\\/#website\",\"url\":\"https:\\\/\\\/regiaonews.net.br\\\/2022\\\/\",\"name\":\"Regi\u00e3o News\",\"description\":\"Site de Not\u00edcias de Barretos e regi\u00e3o\",\"publisher\":{\"@id\":\"https:\\\/\\\/regiaonews.net.br\\\/2022\\\/#organization\"},\"potentialAction\":[{\"@type\":\"SearchAction\",\"target\":{\"@type\":\"EntryPoint\",\"urlTemplate\":\"https:\\\/\\\/regiaonews.net.br\\\/2022\\\/?s={search_term_string}\"},\"query-input\":{\"@type\":\"PropertyValueSpecification\",\"valueRequired\":true,\"valueName\":\"search_term_string\"}}],\"inLanguage\":\"pt-BR\"},{\"@type\":\"Organization\",\"@id\":\"https:\\\/\\\/regiaonews.net.br\\\/2022\\\/#organization\",\"name\":\"Regi\u00e3o News\",\"url\":\"https:\\\/\\\/regiaonews.net.br\\\/2022\\\/\",\"logo\":{\"@type\":\"ImageObject\",\"inLanguage\":\"pt-BR\",\"@id\":\"https:\\\/\\\/regiaonews.net.br\\\/2022\\\/#\\\/schema\\\/logo\\\/image\\\/\",\"url\":\"https:\\\/\\\/regiaonews.net.br\\\/2022\\\/wp-content\\\/uploads\\\/2026\\\/03\\\/regiao-13-anos-scaled.jpg\",\"contentUrl\":\"https:\\\/\\\/regiaonews.net.br\\\/2022\\\/wp-content\\\/uploads\\\/2026\\\/03\\\/regiao-13-anos-scaled.jpg\",\"width\":2560,\"height\":635,\"caption\":\"Regi\u00e3o News\"},\"image\":{\"@id\":\"https:\\\/\\\/regiaonews.net.br\\\/2022\\\/#\\\/schema\\\/logo\\\/image\\\/\"}},{\"@type\":\"Person\",\"@id\":\"https:\\\/\\\/regiaonews.net.br\\\/2022\\\/#\\\/schema\\\/person\\\/2d205a608a5aa97ac279d7a5e6d89ad8\",\"name\":\"Roberto\",\"image\":{\"@type\":\"ImageObject\",\"inLanguage\":\"pt-BR\",\"@id\":\"https:\\\/\\\/secure.gravatar.com\\\/avatar\\\/42749d8b712ff9d59ca93dc150494e5b55a44134482993f5baeb97e61b7ecc89?s=96&d=mm&r=g\",\"url\":\"https:\\\/\\\/secure.gravatar.com\\\/avatar\\\/42749d8b712ff9d59ca93dc150494e5b55a44134482993f5baeb97e61b7ecc89?s=96&d=mm&r=g\",\"contentUrl\":\"https:\\\/\\\/secure.gravatar.com\\\/avatar\\\/42749d8b712ff9d59ca93dc150494e5b55a44134482993f5baeb97e61b7ecc89?s=96&d=mm&r=g\",\"caption\":\"Roberto\"},\"url\":\"https:\\\/\\\/regiaonews.net.br\\\/2022\\\/author\\\/roberto\\\/\"}]}<\/script>\n<!-- \/ Yoast SEO plugin. -->","yoast_head_json":{"title":"Ex-presidente, vice-governador e procurador est\u00e3o confirmados em Encontro Nacional em Ol\u00edmpia - Regi\u00e3o News","robots":{"index":"index","follow":"follow","max-snippet":"max-snippet:-1","max-image-preview":"max-image-preview:large","max-video-preview":"max-video-preview:-1"},"canonical":"https:\/\/regiaonews.net.br\/2022\/2021\/11\/24\/ex-presidente-vice-governador-e-procurador-estao-confirmados-em-encontro-nacional-em-olimpia\/","og_locale":"pt_BR","og_type":"article","og_title":"Ex-presidente, vice-governador e procurador est\u00e3o confirmados em Encontro Nacional em Ol\u00edmpia - Regi\u00e3o News","og_description":"Foto \u2013 Ex-presidente Michel Temer estar\u00e1 no evento na sexta","og_url":"https:\/\/regiaonews.net.br\/2022\/2021\/11\/24\/ex-presidente-vice-governador-e-procurador-estao-confirmados-em-encontro-nacional-em-olimpia\/","og_site_name":"Regi\u00e3o News","article_published_time":"2021-11-24T23:13:43+00:00","og_image":[{"width":1280,"height":853,"url":"https:\/\/regiaonews.net.br\/2022\/wp-content\/uploads\/2021\/11\/WhatsApp-Image-2021-11-24-at-16.07.44.jpeg","type":"image\/jpeg"}],"author":"Roberto","twitter_card":"summary_large_image","twitter_misc":{"Escrito por":"Roberto","Est. tempo de leitura":"2 minutos"},"schema":{"@context":"https:\/\/schema.org","@graph":[{"@type":"Article","@id":"https:\/\/regiaonews.net.br\/2022\/2021\/11\/24\/ex-presidente-vice-governador-e-procurador-estao-confirmados-em-encontro-nacional-em-olimpia\/#article","isPartOf":{"@id":"https:\/\/regiaonews.net.br\/2022\/2021\/11\/24\/ex-presidente-vice-governador-e-procurador-estao-confirmados-em-encontro-nacional-em-olimpia\/"},"author":{"name":"Roberto","@id":"https:\/\/regiaonews.net.br\/2022\/#\/schema\/person\/2d205a608a5aa97ac279d7a5e6d89ad8"},"headline":"Ex-presidente, vice-governador e procurador est\u00e3o confirmados em Encontro Nacional em Ol\u00edmpia","datePublished":"2021-11-24T23:13:43+00:00","mainEntityOfPage":{"@id":"https:\/\/regiaonews.net.br\/2022\/2021\/11\/24\/ex-presidente-vice-governador-e-procurador-estao-confirmados-em-encontro-nacional-em-olimpia\/"},"wordCount":316,"commentCount":0,"publisher":{"@id":"https:\/\/regiaonews.net.br\/2022\/#organization"},"image":{"@id":"https:\/\/regiaonews.net.br\/2022\/2021\/11\/24\/ex-presidente-vice-governador-e-procurador-estao-confirmados-em-encontro-nacional-em-olimpia\/#primaryimage"},"thumbnailUrl":"https:\/\/regiaonews.net.br\/2022\/wp-content\/uploads\/2021\/11\/WhatsApp-Image-2021-11-24-at-16.07.44.jpeg","articleSection":["Cidades","Olimpia"],"inLanguage":"pt-BR","potentialAction":[{"@type":"CommentAction","name":"Comment","target":["https:\/\/regiaonews.net.br\/2022\/2021\/11\/24\/ex-presidente-vice-governador-e-procurador-estao-confirmados-em-encontro-nacional-em-olimpia\/#respond"]}]},{"@type":"WebPage","@id":"https:\/\/regiaonews.net.br\/2022\/2021\/11\/24\/ex-presidente-vice-governador-e-procurador-estao-confirmados-em-encontro-nacional-em-olimpia\/","url":"https:\/\/regiaonews.net.br\/2022\/2021\/11\/24\/ex-presidente-vice-governador-e-procurador-estao-confirmados-em-encontro-nacional-em-olimpia\/","name":"Ex-presidente, vice-governador e procurador est\u00e3o confirmados em Encontro Nacional em Ol\u00edmpia - Regi\u00e3o News","isPartOf":{"@id":"https:\/\/regiaonews.net.br\/2022\/#website"},"primaryImageOfPage":{"@id":"https:\/\/regiaonews.net.br\/2022\/2021\/11\/24\/ex-presidente-vice-governador-e-procurador-estao-confirmados-em-encontro-nacional-em-olimpia\/#primaryimage"},"image":{"@id":"https:\/\/regiaonews.net.br\/2022\/2021\/11\/24\/ex-presidente-vice-governador-e-procurador-estao-confirmados-em-encontro-nacional-em-olimpia\/#primaryimage"},"thumbnailUrl":"https:\/\/regiaonews.net.br\/2022\/wp-content\/uploads\/2021\/11\/WhatsApp-Image-2021-11-24-at-16.07.44.jpeg","datePublished":"2021-11-24T23:13:43+00:00","breadcrumb":{"@id":"https:\/\/regiaonews.net.br\/2022\/2021\/11\/24\/ex-presidente-vice-governador-e-procurador-estao-confirmados-em-encontro-nacional-em-olimpia\/#breadcrumb"},"inLanguage":"pt-BR","potentialAction":[{"@type":"ReadAction","target":["https:\/\/regiaonews.net.br\/2022\/2021\/11\/24\/ex-presidente-vice-governador-e-procurador-estao-confirmados-em-encontro-nacional-em-olimpia\/"]}]},{"@type":"ImageObject","inLanguage":"pt-BR","@id":"https:\/\/regiaonews.net.br\/2022\/2021\/11\/24\/ex-presidente-vice-governador-e-procurador-estao-confirmados-em-encontro-nacional-em-olimpia\/#primaryimage","url":"https:\/\/regiaonews.net.br\/2022\/wp-content\/uploads\/2021\/11\/WhatsApp-Image-2021-11-24-at-16.07.44.jpeg","contentUrl":"https:\/\/regiaonews.net.br\/2022\/wp-content\/uploads\/2021\/11\/WhatsApp-Image-2021-11-24-at-16.07.44.jpeg","width":1280,"height":853},{"@type":"BreadcrumbList","@id":"https:\/\/regiaonews.net.br\/2022\/2021\/11\/24\/ex-presidente-vice-governador-e-procurador-estao-confirmados-em-encontro-nacional-em-olimpia\/#breadcrumb","itemListElement":[{"@type":"ListItem","position":1,"name":"In\u00edcio","item":"https:\/\/regiaonews.net.br\/2022\/"},{"@type":"ListItem","position":2,"name":"Ex-presidente, vice-governador e procurador est\u00e3o confirmados em Encontro Nacional em Ol\u00edmpia"}]},{"@type":"WebSite","@id":"https:\/\/regiaonews.net.br\/2022\/#website","url":"https:\/\/regiaonews.net.br\/2022\/","name":"Regi\u00e3o News","description":"Site de Not\u00edcias de Barretos e regi\u00e3o","publisher":{"@id":"https:\/\/regiaonews.net.br\/2022\/#organization"},"potentialAction":[{"@type":"SearchAction","target":{"@type":"EntryPoint","urlTemplate":"https:\/\/regiaonews.net.br\/2022\/?s={search_term_string}"},"query-input":{"@type":"PropertyValueSpecification","valueRequired":true,"valueName":"search_term_string"}}],"inLanguage":"pt-BR"},{"@type":"Organization","@id":"https:\/\/regiaonews.net.br\/2022\/#organization","name":"Regi\u00e3o News","url":"https:\/\/regiaonews.net.br\/2022\/","logo":{"@type":"ImageObject","inLanguage":"pt-BR","@id":"https:\/\/regiaonews.net.br\/2022\/#\/schema\/logo\/image\/","url":"https:\/\/regiaonews.net.br\/2022\/wp-content\/uploads\/2026\/03\/regiao-13-anos-scaled.jpg","contentUrl":"https:\/\/regiaonews.net.br\/2022\/wp-content\/uploads\/2026\/03\/regiao-13-anos-scaled.jpg","width":2560,"height":635,"caption":"Regi\u00e3o News"},"image":{"@id":"https:\/\/regiaonews.net.br\/2022\/#\/schema\/logo\/image\/"}},{"@type":"Person","@id":"https:\/\/regiaonews.net.br\/2022\/#\/schema\/person\/2d205a608a5aa97ac279d7a5e6d89ad8","name":"Roberto","image":{"@type":"ImageObject","inLanguage":"pt-BR","@id":"https:\/\/secure.gravatar.com\/avatar\/42749d8b712ff9d59ca93dc150494e5b55a44134482993f5baeb97e61b7ecc89?s=96&d=mm&r=g","url":"https:\/\/secure.gravatar.com\/avatar\/42749d8b712ff9d59ca93dc150494e5b55a44134482993f5baeb97e61b7ecc89?s=96&d=mm&r=g","contentUrl":"https:\/\/secure.gravatar.com\/avatar\/42749d8b712ff9d59ca93dc150494e5b55a44134482993f5baeb97e61b7ecc89?s=96&d=mm&r=g","caption":"Roberto"},"url":"https:\/\/regiaonews.net.br\/2022\/author\/roberto\/"}]}},"publishpress_future_action":{"enabled":false,"date":"2026-05-05 23:45:57","action":"change-status","newStatus":"draft","terms":[],"taxonomy":"category","extraData":[]},"publishpress_future_workflow_manual_trigger":{"enabledWorkflows":[]},"_links":{"self":[{"href":"https:\/\/regiaonews.net.br\/2022\/wp-json\/wp\/v2\/posts\/56810","targetHints":{"allow":["GET"]}}],"collection":[{"href":"https:\/\/regiaonews.net.br\/2022\/wp-json\/wp\/v2\/posts"}],"about":[{"href":"https:\/\/regiaonews.net.br\/2022\/wp-json\/wp\/v2\/types\/post"}],"author":[{"embeddable":true,"href":"https:\/\/regiaonews.net.br\/2022\/wp-json\/wp\/v2\/users\/2"}],"replies":[{"embeddable":true,"href":"https:\/\/regiaonews.net.br\/2022\/wp-json\/wp\/v2\/comments?post=56810"}],"version-history":[{"count":0,"href":"https:\/\/regiaonews.net.br\/2022\/wp-json\/wp\/v2\/posts\/56810\/revisions"}],"wp:featuredmedia":[{"embeddable":true,"href":"https:\/\/regiaonews.net.br\/2022\/wp-json\/wp\/v2\/media\/56812"}],"wp:attachment":[{"href":"https:\/\/regiaonews.net.br\/2022\/wp-json\/wp\/v2\/media?parent=56810"}],"wp:term":[{"taxonomy":"category","embeddable":true,"href":"https:\/\/regiaonews.net.br\/2022\/wp-json\/wp\/v2\/categories?post=56810"},{"taxonomy":"post_tag","embeddable":true,"href":"https:\/\/regiaonews.net.br\/2022\/wp-json\/wp\/v2\/tags?post=56810"}],"curies":[{"name":"wp","href":"https:\/\/api.w.org\/{rel}","templated":true}]}}