{"id":56792,"date":"2021-11-24T15:25:42","date_gmt":"2021-11-24T18:25:42","guid":{"rendered":"https:\/\/regiaonews.net.br\/2022\/?p=56792"},"modified":"2021-11-24T15:27:05","modified_gmt":"2021-11-24T18:27:05","slug":"indicado-para-stf-mendonca-deve-ser-sabatinado-na-proxima-semana","status":"publish","type":"post","link":"https:\/\/regiaonews.net.br\/2022\/2021\/11\/24\/indicado-para-stf-mendonca-deve-ser-sabatinado-na-proxima-semana\/","title":{"rendered":"Indicado para STF, Mendon\u00e7a deve ser sabatinado na pr\u00f3xima semana"},"content":{"rendered":"<p><a href=\"https:\/\/regiaonews.net.br\/2022\/wp-content\/uploads\/2021\/11\/jfcrz_20081920971.jpg\"><img loading=\"lazy\" decoding=\"async\" class=\"size-medium wp-image-56793\" src=\"https:\/\/regiaonews.net.br\/2022\/wp-content\/uploads\/2021\/11\/jfcrz_20081920971-300x179.jpg\" alt=\"\" width=\"300\" height=\"179\" \/><\/a><\/p>\n<p>Foto &#8211; Jos\u00e9 Cruz &#8211; Ag\u00eancia Brasil\u00a0 &#8211; Fonte &#8211; Ag\u00eancia Brasil<\/p>\n<p>Depois de uma espera de quatro meses, o presidente da Comiss\u00e3o de Constitui\u00e7\u00e3o e Justi\u00e7a (CCJ) do Senado, Davi Alcolumbre (DEM-AP), disse nesta quarta-feira (24) que o colegiado far\u00e1 a sabatina do ex-advogado-geral da Uni\u00e3o, Andr\u00e9 Mendon\u00e7a, na semana que vem.<img decoding=\"async\" src=\"https:\/\/agenciabrasil.ebc.com.br\/ebc.png?id=1428813&amp;o=node\" \/><img decoding=\"async\" src=\"https:\/\/agenciabrasil.ebc.com.br\/ebc.gif?id=1428813&amp;o=node\" \/><\/p>\n<p>Mendon\u00e7a foi indicado pelo presidente Jair Bolsonaro para a vaga deixada pela aposentadoria do ministro do Supremo Tribunal Federal (STF) Marco Aur\u00e9lio Mello. A pedido do presidente da Casa, senador Rodrigo Pacheco (DEM-MG), a sabatina ser\u00e1 feita no per\u00edodo do esfor\u00e7o concentrado da Casa. Al\u00e9m de Mendon\u00e7a, outras nove argui\u00e7\u00f5es de autoridades tamb\u00e9m ser\u00e3o feitas nesse per\u00edodo.<\/p>\n<p>\u201cVou seguir integralmente a decis\u00e3o do presidente Rodrigo Pacheco para, no esfor\u00e7o concentrado, fazermos a sabatina de todas as autoridades que est\u00e3o indicadas na comiss\u00e3o. Vamos fazer um calend\u00e1rio, j\u00e1 que o esfor\u00e7o \u00e9 segunda, ter\u00e7a, quarta e quinta-feira. Como temos dez autoridades na comiss\u00e3o e outras autoridades em outras comiss\u00f5es, faremos um calend\u00e1rio que n\u00e3o atrapalhe as sabatinas da CCJ, as delibera\u00e7\u00f5es da CAE [Comiss\u00e3o de Assuntos Econ\u00f4micos], do plen\u00e1rio\u201d, disse. \u201cQuero me organizar e quero anunciar que vamos fazer [a sabatina] de todas as autoridades que est\u00e3o aqui. Todas s\u00e3o as dez, porque considero que a indica\u00e7\u00e3o e a sabatina de uma autoridade para o STF \u00e9 t\u00e3o relevante quanto para o CNJ, para o CNMP, para o TST. N\u00e3o consigo distinguir\u201d, acrescentou.<\/p>\n<p>Apesar de ter sido durante criticado e cobrado pelos membros da CCJ, as datas das sabatinas ainda n\u00e3o foram definidas por Alcolumbre, mas a ideia \u00e9 come\u00e7ar pelas de indicados a tribunais superiores. A relatoria da indica\u00e7\u00e3o do Mendon\u00e7a tamb\u00e9m deve ser definida nos pr\u00f3ximos dias, j\u00e1 que segundo o presidente da CCJ, oito senadores pediram para exercer a fun\u00e7\u00e3o.<\/p>\n","protected":false},"excerpt":{"rendered":"<p>Foto &#8211; Jos\u00e9 Cruz &#8211; Ag\u00eancia Brasil\u00a0 &#8211; Fonte &#8211;<\/p>\n","protected":false},"author":2,"featured_media":56793,"comment_status":"open","ping_status":"open","sticky":false,"template":"","format":"standard","meta":{"footnotes":""},"categories":[24,22],"tags":[],"class_list":["post-56792","post","type-post","status-publish","format-standard","has-post-thumbnail","hentry","category-brasil","category-politica"],"yoast_head":"<!-- This site is optimized with the Yoast SEO plugin v27.5 - https:\/\/yoast.com\/product\/yoast-seo-wordpress\/ -->\n<title>Indicado para STF, Mendon\u00e7a deve ser sabatinado na pr\u00f3xima semana - Regi\u00e3o News<\/title>\n<meta name=\"robots\" content=\"index, follow, max-snippet:-1, max-image-preview:large, max-video-preview:-1\" \/>\n<link rel=\"canonical\" href=\"https:\/\/regiaonews.net.br\/2022\/2021\/11\/24\/indicado-para-stf-mendonca-deve-ser-sabatinado-na-proxima-semana\/\" \/>\n<meta property=\"og:locale\" content=\"pt_BR\" \/>\n<meta property=\"og:type\" content=\"article\" \/>\n<meta property=\"og:title\" content=\"Indicado para STF, Mendon\u00e7a deve ser sabatinado na pr\u00f3xima semana - Regi\u00e3o News\" \/>\n<meta property=\"og:description\" content=\"Foto &#8211; Jos\u00e9 Cruz &#8211; Ag\u00eancia Brasil\u00a0 &#8211; Fonte &#8211;\" \/>\n<meta property=\"og:url\" content=\"https:\/\/regiaonews.net.br\/2022\/2021\/11\/24\/indicado-para-stf-mendonca-deve-ser-sabatinado-na-proxima-semana\/\" \/>\n<meta property=\"og:site_name\" content=\"Regi\u00e3o News\" \/>\n<meta property=\"article:published_time\" content=\"2021-11-24T18:25:42+00:00\" \/>\n<meta property=\"article:modified_time\" content=\"2021-11-24T18:27:05+00:00\" \/>\n<meta property=\"og:image\" content=\"https:\/\/regiaonews.net.br\/2022\/wp-content\/uploads\/2021\/11\/jfcrz_20081920971.jpg\" \/>\n\t<meta property=\"og:image:width\" content=\"1170\" \/>\n\t<meta property=\"og:image:height\" content=\"700\" \/>\n\t<meta property=\"og:image:type\" content=\"image\/jpeg\" \/>\n<meta name=\"author\" content=\"Roberto\" \/>\n<meta name=\"twitter:card\" content=\"summary_large_image\" \/>\n<meta name=\"twitter:label1\" content=\"Escrito por\" \/>\n\t<meta name=\"twitter:data1\" content=\"Roberto\" \/>\n\t<meta name=\"twitter:label2\" content=\"Est. tempo de leitura\" \/>\n\t<meta name=\"twitter:data2\" content=\"2 minutos\" \/>\n<script type=\"application\/ld+json\" class=\"yoast-schema-graph\">{\"@context\":\"https:\\\/\\\/schema.org\",\"@graph\":[{\"@type\":\"Article\",\"@id\":\"https:\\\/\\\/regiaonews.net.br\\\/2022\\\/2021\\\/11\\\/24\\\/indicado-para-stf-mendonca-deve-ser-sabatinado-na-proxima-semana\\\/#article\",\"isPartOf\":{\"@id\":\"https:\\\/\\\/regiaonews.net.br\\\/2022\\\/2021\\\/11\\\/24\\\/indicado-para-stf-mendonca-deve-ser-sabatinado-na-proxima-semana\\\/\"},\"author\":{\"name\":\"Roberto\",\"@id\":\"https:\\\/\\\/regiaonews.net.br\\\/2022\\\/#\\\/schema\\\/person\\\/2d205a608a5aa97ac279d7a5e6d89ad8\"},\"headline\":\"Indicado para STF, Mendon\u00e7a deve ser sabatinado na pr\u00f3xima semana\",\"datePublished\":\"2021-11-24T18:25:42+00:00\",\"dateModified\":\"2021-11-24T18:27:05+00:00\",\"mainEntityOfPage\":{\"@id\":\"https:\\\/\\\/regiaonews.net.br\\\/2022\\\/2021\\\/11\\\/24\\\/indicado-para-stf-mendonca-deve-ser-sabatinado-na-proxima-semana\\\/\"},\"wordCount\":347,\"commentCount\":0,\"publisher\":{\"@id\":\"https:\\\/\\\/regiaonews.net.br\\\/2022\\\/#organization\"},\"image\":{\"@id\":\"https:\\\/\\\/regiaonews.net.br\\\/2022\\\/2021\\\/11\\\/24\\\/indicado-para-stf-mendonca-deve-ser-sabatinado-na-proxima-semana\\\/#primaryimage\"},\"thumbnailUrl\":\"https:\\\/\\\/regiaonews.net.br\\\/2022\\\/wp-content\\\/uploads\\\/2021\\\/11\\\/jfcrz_20081920971.jpg\",\"articleSection\":[\"Brasil\",\"Pol\u00edtica\"],\"inLanguage\":\"pt-BR\",\"potentialAction\":[{\"@type\":\"CommentAction\",\"name\":\"Comment\",\"target\":[\"https:\\\/\\\/regiaonews.net.br\\\/2022\\\/2021\\\/11\\\/24\\\/indicado-para-stf-mendonca-deve-ser-sabatinado-na-proxima-semana\\\/#respond\"]}]},{\"@type\":\"WebPage\",\"@id\":\"https:\\\/\\\/regiaonews.net.br\\\/2022\\\/2021\\\/11\\\/24\\\/indicado-para-stf-mendonca-deve-ser-sabatinado-na-proxima-semana\\\/\",\"url\":\"https:\\\/\\\/regiaonews.net.br\\\/2022\\\/2021\\\/11\\\/24\\\/indicado-para-stf-mendonca-deve-ser-sabatinado-na-proxima-semana\\\/\",\"name\":\"Indicado para STF, Mendon\u00e7a deve ser sabatinado na pr\u00f3xima semana - Regi\u00e3o News\",\"isPartOf\":{\"@id\":\"https:\\\/\\\/regiaonews.net.br\\\/2022\\\/#website\"},\"primaryImageOfPage\":{\"@id\":\"https:\\\/\\\/regiaonews.net.br\\\/2022\\\/2021\\\/11\\\/24\\\/indicado-para-stf-mendonca-deve-ser-sabatinado-na-proxima-semana\\\/#primaryimage\"},\"image\":{\"@id\":\"https:\\\/\\\/regiaonews.net.br\\\/2022\\\/2021\\\/11\\\/24\\\/indicado-para-stf-mendonca-deve-ser-sabatinado-na-proxima-semana\\\/#primaryimage\"},\"thumbnailUrl\":\"https:\\\/\\\/regiaonews.net.br\\\/2022\\\/wp-content\\\/uploads\\\/2021\\\/11\\\/jfcrz_20081920971.jpg\",\"datePublished\":\"2021-11-24T18:25:42+00:00\",\"dateModified\":\"2021-11-24T18:27:05+00:00\",\"breadcrumb\":{\"@id\":\"https:\\\/\\\/regiaonews.net.br\\\/2022\\\/2021\\\/11\\\/24\\\/indicado-para-stf-mendonca-deve-ser-sabatinado-na-proxima-semana\\\/#breadcrumb\"},\"inLanguage\":\"pt-BR\",\"potentialAction\":[{\"@type\":\"ReadAction\",\"target\":[\"https:\\\/\\\/regiaonews.net.br\\\/2022\\\/2021\\\/11\\\/24\\\/indicado-para-stf-mendonca-deve-ser-sabatinado-na-proxima-semana\\\/\"]}]},{\"@type\":\"ImageObject\",\"inLanguage\":\"pt-BR\",\"@id\":\"https:\\\/\\\/regiaonews.net.br\\\/2022\\\/2021\\\/11\\\/24\\\/indicado-para-stf-mendonca-deve-ser-sabatinado-na-proxima-semana\\\/#primaryimage\",\"url\":\"https:\\\/\\\/regiaonews.net.br\\\/2022\\\/wp-content\\\/uploads\\\/2021\\\/11\\\/jfcrz_20081920971.jpg\",\"contentUrl\":\"https:\\\/\\\/regiaonews.net.br\\\/2022\\\/wp-content\\\/uploads\\\/2021\\\/11\\\/jfcrz_20081920971.jpg\",\"width\":1170,\"height\":700,\"caption\":\"O advogado-geral da Uni\u00e3o, Andr\u00e9 Mendon\u00e7a, participa do lan\u00e7amento da Estrat\u00e9gia Nacional Integrada para a Desjudicializa\u00e7\u00e3o da Previd\u00eancia Social, no Supremo Tribunal Federal (STF)\"},{\"@type\":\"BreadcrumbList\",\"@id\":\"https:\\\/\\\/regiaonews.net.br\\\/2022\\\/2021\\\/11\\\/24\\\/indicado-para-stf-mendonca-deve-ser-sabatinado-na-proxima-semana\\\/#breadcrumb\",\"itemListElement\":[{\"@type\":\"ListItem\",\"position\":1,\"name\":\"In\u00edcio\",\"item\":\"https:\\\/\\\/regiaonews.net.br\\\/2022\\\/\"},{\"@type\":\"ListItem\",\"position\":2,\"name\":\"Indicado para STF, Mendon\u00e7a deve ser sabatinado na pr\u00f3xima semana\"}]},{\"@type\":\"WebSite\",\"@id\":\"https:\\\/\\\/regiaonews.net.br\\\/2022\\\/#website\",\"url\":\"https:\\\/\\\/regiaonews.net.br\\\/2022\\\/\",\"name\":\"Regi\u00e3o News\",\"description\":\"Site de Not\u00edcias de Barretos e regi\u00e3o\",\"publisher\":{\"@id\":\"https:\\\/\\\/regiaonews.net.br\\\/2022\\\/#organization\"},\"potentialAction\":[{\"@type\":\"SearchAction\",\"target\":{\"@type\":\"EntryPoint\",\"urlTemplate\":\"https:\\\/\\\/regiaonews.net.br\\\/2022\\\/?s={search_term_string}\"},\"query-input\":{\"@type\":\"PropertyValueSpecification\",\"valueRequired\":true,\"valueName\":\"search_term_string\"}}],\"inLanguage\":\"pt-BR\"},{\"@type\":\"Organization\",\"@id\":\"https:\\\/\\\/regiaonews.net.br\\\/2022\\\/#organization\",\"name\":\"Regi\u00e3o News\",\"url\":\"https:\\\/\\\/regiaonews.net.br\\\/2022\\\/\",\"logo\":{\"@type\":\"ImageObject\",\"inLanguage\":\"pt-BR\",\"@id\":\"https:\\\/\\\/regiaonews.net.br\\\/2022\\\/#\\\/schema\\\/logo\\\/image\\\/\",\"url\":\"https:\\\/\\\/regiaonews.net.br\\\/2022\\\/wp-content\\\/uploads\\\/2026\\\/03\\\/regiao-13-anos-scaled.jpg\",\"contentUrl\":\"https:\\\/\\\/regiaonews.net.br\\\/2022\\\/wp-content\\\/uploads\\\/2026\\\/03\\\/regiao-13-anos-scaled.jpg\",\"width\":2560,\"height\":635,\"caption\":\"Regi\u00e3o News\"},\"image\":{\"@id\":\"https:\\\/\\\/regiaonews.net.br\\\/2022\\\/#\\\/schema\\\/logo\\\/image\\\/\"}},{\"@type\":\"Person\",\"@id\":\"https:\\\/\\\/regiaonews.net.br\\\/2022\\\/#\\\/schema\\\/person\\\/2d205a608a5aa97ac279d7a5e6d89ad8\",\"name\":\"Roberto\",\"image\":{\"@type\":\"ImageObject\",\"inLanguage\":\"pt-BR\",\"@id\":\"https:\\\/\\\/secure.gravatar.com\\\/avatar\\\/42749d8b712ff9d59ca93dc150494e5b55a44134482993f5baeb97e61b7ecc89?s=96&d=mm&r=g\",\"url\":\"https:\\\/\\\/secure.gravatar.com\\\/avatar\\\/42749d8b712ff9d59ca93dc150494e5b55a44134482993f5baeb97e61b7ecc89?s=96&d=mm&r=g\",\"contentUrl\":\"https:\\\/\\\/secure.gravatar.com\\\/avatar\\\/42749d8b712ff9d59ca93dc150494e5b55a44134482993f5baeb97e61b7ecc89?s=96&d=mm&r=g\",\"caption\":\"Roberto\"},\"url\":\"https:\\\/\\\/regiaonews.net.br\\\/2022\\\/author\\\/roberto\\\/\"}]}<\/script>\n<!-- \/ Yoast SEO plugin. -->","yoast_head_json":{"title":"Indicado para STF, Mendon\u00e7a deve ser sabatinado na pr\u00f3xima semana - Regi\u00e3o News","robots":{"index":"index","follow":"follow","max-snippet":"max-snippet:-1","max-image-preview":"max-image-preview:large","max-video-preview":"max-video-preview:-1"},"canonical":"https:\/\/regiaonews.net.br\/2022\/2021\/11\/24\/indicado-para-stf-mendonca-deve-ser-sabatinado-na-proxima-semana\/","og_locale":"pt_BR","og_type":"article","og_title":"Indicado para STF, Mendon\u00e7a deve ser sabatinado na pr\u00f3xima semana - Regi\u00e3o News","og_description":"Foto &#8211; Jos\u00e9 Cruz &#8211; Ag\u00eancia Brasil\u00a0 &#8211; Fonte &#8211;","og_url":"https:\/\/regiaonews.net.br\/2022\/2021\/11\/24\/indicado-para-stf-mendonca-deve-ser-sabatinado-na-proxima-semana\/","og_site_name":"Regi\u00e3o News","article_published_time":"2021-11-24T18:25:42+00:00","article_modified_time":"2021-11-24T18:27:05+00:00","og_image":[{"width":1170,"height":700,"url":"https:\/\/regiaonews.net.br\/2022\/wp-content\/uploads\/2021\/11\/jfcrz_20081920971.jpg","type":"image\/jpeg"}],"author":"Roberto","twitter_card":"summary_large_image","twitter_misc":{"Escrito por":"Roberto","Est. tempo de leitura":"2 minutos"},"schema":{"@context":"https:\/\/schema.org","@graph":[{"@type":"Article","@id":"https:\/\/regiaonews.net.br\/2022\/2021\/11\/24\/indicado-para-stf-mendonca-deve-ser-sabatinado-na-proxima-semana\/#article","isPartOf":{"@id":"https:\/\/regiaonews.net.br\/2022\/2021\/11\/24\/indicado-para-stf-mendonca-deve-ser-sabatinado-na-proxima-semana\/"},"author":{"name":"Roberto","@id":"https:\/\/regiaonews.net.br\/2022\/#\/schema\/person\/2d205a608a5aa97ac279d7a5e6d89ad8"},"headline":"Indicado para STF, Mendon\u00e7a deve ser sabatinado na pr\u00f3xima semana","datePublished":"2021-11-24T18:25:42+00:00","dateModified":"2021-11-24T18:27:05+00:00","mainEntityOfPage":{"@id":"https:\/\/regiaonews.net.br\/2022\/2021\/11\/24\/indicado-para-stf-mendonca-deve-ser-sabatinado-na-proxima-semana\/"},"wordCount":347,"commentCount":0,"publisher":{"@id":"https:\/\/regiaonews.net.br\/2022\/#organization"},"image":{"@id":"https:\/\/regiaonews.net.br\/2022\/2021\/11\/24\/indicado-para-stf-mendonca-deve-ser-sabatinado-na-proxima-semana\/#primaryimage"},"thumbnailUrl":"https:\/\/regiaonews.net.br\/2022\/wp-content\/uploads\/2021\/11\/jfcrz_20081920971.jpg","articleSection":["Brasil","Pol\u00edtica"],"inLanguage":"pt-BR","potentialAction":[{"@type":"CommentAction","name":"Comment","target":["https:\/\/regiaonews.net.br\/2022\/2021\/11\/24\/indicado-para-stf-mendonca-deve-ser-sabatinado-na-proxima-semana\/#respond"]}]},{"@type":"WebPage","@id":"https:\/\/regiaonews.net.br\/2022\/2021\/11\/24\/indicado-para-stf-mendonca-deve-ser-sabatinado-na-proxima-semana\/","url":"https:\/\/regiaonews.net.br\/2022\/2021\/11\/24\/indicado-para-stf-mendonca-deve-ser-sabatinado-na-proxima-semana\/","name":"Indicado para STF, Mendon\u00e7a deve ser sabatinado na pr\u00f3xima semana - Regi\u00e3o News","isPartOf":{"@id":"https:\/\/regiaonews.net.br\/2022\/#website"},"primaryImageOfPage":{"@id":"https:\/\/regiaonews.net.br\/2022\/2021\/11\/24\/indicado-para-stf-mendonca-deve-ser-sabatinado-na-proxima-semana\/#primaryimage"},"image":{"@id":"https:\/\/regiaonews.net.br\/2022\/2021\/11\/24\/indicado-para-stf-mendonca-deve-ser-sabatinado-na-proxima-semana\/#primaryimage"},"thumbnailUrl":"https:\/\/regiaonews.net.br\/2022\/wp-content\/uploads\/2021\/11\/jfcrz_20081920971.jpg","datePublished":"2021-11-24T18:25:42+00:00","dateModified":"2021-11-24T18:27:05+00:00","breadcrumb":{"@id":"https:\/\/regiaonews.net.br\/2022\/2021\/11\/24\/indicado-para-stf-mendonca-deve-ser-sabatinado-na-proxima-semana\/#breadcrumb"},"inLanguage":"pt-BR","potentialAction":[{"@type":"ReadAction","target":["https:\/\/regiaonews.net.br\/2022\/2021\/11\/24\/indicado-para-stf-mendonca-deve-ser-sabatinado-na-proxima-semana\/"]}]},{"@type":"ImageObject","inLanguage":"pt-BR","@id":"https:\/\/regiaonews.net.br\/2022\/2021\/11\/24\/indicado-para-stf-mendonca-deve-ser-sabatinado-na-proxima-semana\/#primaryimage","url":"https:\/\/regiaonews.net.br\/2022\/wp-content\/uploads\/2021\/11\/jfcrz_20081920971.jpg","contentUrl":"https:\/\/regiaonews.net.br\/2022\/wp-content\/uploads\/2021\/11\/jfcrz_20081920971.jpg","width":1170,"height":700,"caption":"O advogado-geral da Uni\u00e3o, Andr\u00e9 Mendon\u00e7a, participa do lan\u00e7amento da Estrat\u00e9gia Nacional Integrada para a Desjudicializa\u00e7\u00e3o da Previd\u00eancia Social, no Supremo Tribunal Federal (STF)"},{"@type":"BreadcrumbList","@id":"https:\/\/regiaonews.net.br\/2022\/2021\/11\/24\/indicado-para-stf-mendonca-deve-ser-sabatinado-na-proxima-semana\/#breadcrumb","itemListElement":[{"@type":"ListItem","position":1,"name":"In\u00edcio","item":"https:\/\/regiaonews.net.br\/2022\/"},{"@type":"ListItem","position":2,"name":"Indicado para STF, Mendon\u00e7a deve ser sabatinado na pr\u00f3xima semana"}]},{"@type":"WebSite","@id":"https:\/\/regiaonews.net.br\/2022\/#website","url":"https:\/\/regiaonews.net.br\/2022\/","name":"Regi\u00e3o News","description":"Site de Not\u00edcias de Barretos e regi\u00e3o","publisher":{"@id":"https:\/\/regiaonews.net.br\/2022\/#organization"},"potentialAction":[{"@type":"SearchAction","target":{"@type":"EntryPoint","urlTemplate":"https:\/\/regiaonews.net.br\/2022\/?s={search_term_string}"},"query-input":{"@type":"PropertyValueSpecification","valueRequired":true,"valueName":"search_term_string"}}],"inLanguage":"pt-BR"},{"@type":"Organization","@id":"https:\/\/regiaonews.net.br\/2022\/#organization","name":"Regi\u00e3o News","url":"https:\/\/regiaonews.net.br\/2022\/","logo":{"@type":"ImageObject","inLanguage":"pt-BR","@id":"https:\/\/regiaonews.net.br\/2022\/#\/schema\/logo\/image\/","url":"https:\/\/regiaonews.net.br\/2022\/wp-content\/uploads\/2026\/03\/regiao-13-anos-scaled.jpg","contentUrl":"https:\/\/regiaonews.net.br\/2022\/wp-content\/uploads\/2026\/03\/regiao-13-anos-scaled.jpg","width":2560,"height":635,"caption":"Regi\u00e3o News"},"image":{"@id":"https:\/\/regiaonews.net.br\/2022\/#\/schema\/logo\/image\/"}},{"@type":"Person","@id":"https:\/\/regiaonews.net.br\/2022\/#\/schema\/person\/2d205a608a5aa97ac279d7a5e6d89ad8","name":"Roberto","image":{"@type":"ImageObject","inLanguage":"pt-BR","@id":"https:\/\/secure.gravatar.com\/avatar\/42749d8b712ff9d59ca93dc150494e5b55a44134482993f5baeb97e61b7ecc89?s=96&d=mm&r=g","url":"https:\/\/secure.gravatar.com\/avatar\/42749d8b712ff9d59ca93dc150494e5b55a44134482993f5baeb97e61b7ecc89?s=96&d=mm&r=g","contentUrl":"https:\/\/secure.gravatar.com\/avatar\/42749d8b712ff9d59ca93dc150494e5b55a44134482993f5baeb97e61b7ecc89?s=96&d=mm&r=g","caption":"Roberto"},"url":"https:\/\/regiaonews.net.br\/2022\/author\/roberto\/"}]}},"publishpress_future_action":{"enabled":false,"date":"2026-05-08 07:36:05","action":"change-status","newStatus":"draft","terms":[],"taxonomy":"category","extraData":[]},"publishpress_future_workflow_manual_trigger":{"enabledWorkflows":[]},"_links":{"self":[{"href":"https:\/\/regiaonews.net.br\/2022\/wp-json\/wp\/v2\/posts\/56792","targetHints":{"allow":["GET"]}}],"collection":[{"href":"https:\/\/regiaonews.net.br\/2022\/wp-json\/wp\/v2\/posts"}],"about":[{"href":"https:\/\/regiaonews.net.br\/2022\/wp-json\/wp\/v2\/types\/post"}],"author":[{"embeddable":true,"href":"https:\/\/regiaonews.net.br\/2022\/wp-json\/wp\/v2\/users\/2"}],"replies":[{"embeddable":true,"href":"https:\/\/regiaonews.net.br\/2022\/wp-json\/wp\/v2\/comments?post=56792"}],"version-history":[{"count":0,"href":"https:\/\/regiaonews.net.br\/2022\/wp-json\/wp\/v2\/posts\/56792\/revisions"}],"wp:featuredmedia":[{"embeddable":true,"href":"https:\/\/regiaonews.net.br\/2022\/wp-json\/wp\/v2\/media\/56793"}],"wp:attachment":[{"href":"https:\/\/regiaonews.net.br\/2022\/wp-json\/wp\/v2\/media?parent=56792"}],"wp:term":[{"taxonomy":"category","embeddable":true,"href":"https:\/\/regiaonews.net.br\/2022\/wp-json\/wp\/v2\/categories?post=56792"},{"taxonomy":"post_tag","embeddable":true,"href":"https:\/\/regiaonews.net.br\/2022\/wp-json\/wp\/v2\/tags?post=56792"}],"curies":[{"name":"wp","href":"https:\/\/api.w.org\/{rel}","templated":true}]}}