{"id":56765,"date":"2021-11-23T23:30:39","date_gmt":"2021-11-24T02:30:39","guid":{"rendered":"https:\/\/regiaonews.net.br\/2022\/?p=56765"},"modified":"2021-11-23T23:30:39","modified_gmt":"2021-11-24T02:30:39","slug":"emprestimo-de-r-30-milhoes-pedido-pela-prefeitura-sera-avaliado-pela-comissao-de-urbanismo","status":"publish","type":"post","link":"https:\/\/regiaonews.net.br\/2022\/2021\/11\/23\/emprestimo-de-r-30-milhoes-pedido-pela-prefeitura-sera-avaliado-pela-comissao-de-urbanismo\/","title":{"rendered":"Empr\u00e9stimo de R$ 30 milh\u00f5es pedido pela Prefeitura ser\u00e1 avaliado pela Comiss\u00e3o de Urbanismo"},"content":{"rendered":"<p><a href=\"https:\/\/regiaonews.net.br\/2022\/wp-content\/uploads\/2017\/01\/prefeitura-nova-1.jpg\"><img loading=\"lazy\" decoding=\"async\" class=\"alignnone size-medium wp-image-2762\" src=\"https:\/\/regiaonews.net.br\/2022\/wp-content\/uploads\/2017\/01\/prefeitura-nova-1-300x185.jpg\" alt=\"\" width=\"300\" height=\"185\" \/><\/a><\/p>\n<p>Foto \u2013 Sede atual da Prefeitura de Barretos no bairro Rios<\/p>\n<p>Na sess\u00e3o ordin\u00e1ria de segunda (22), os vereadores analisaram o Projeto de Lei n\u00ba 201\/2021, de autoria da prefeita Paula Lemos, que pede autoriza\u00e7\u00e3o para que o munic\u00edpio celebre um empr\u00e9stimo de at\u00e9 R$30 milh\u00f5es com a Desenvolve SP para obras de infraestrutura vi\u00e1ria e constru\u00e7\u00e3o da nova sede da Prefeitura de Barretos. O vereador Dr. Rodrigo Malaman (PSDB), pediu que o projeto fosse encaminhado para a Comiss\u00e3o de Urbanismo, Servi\u00e7os e Obras P\u00fablicas. \u201cNesse per\u00edodo de cinco dias, iremos avaliar esse projeto que tinha um v\u00edcio na sua elabora\u00e7\u00e3o, j\u00e1 que n\u00e3o passou pela Comiss\u00e3o de Urbanismo, em que sou relator. No texto consta que \u00e9 para construir nova sede e obras vi\u00e1rias, mas n\u00e3o junta os projetos. O projeto entrou na casa na segunda para ser discutido a noite, j\u00e1 com parecer das comiss\u00f5es, o que considero muito estranho\u201d, afirmou Malaman.<\/p>\n","protected":false},"excerpt":{"rendered":"<p>Foto \u2013 Sede atual da Prefeitura de Barretos no bairro<\/p>\n","protected":false},"author":2,"featured_media":13304,"comment_status":"open","ping_status":"open","sticky":false,"template":"","format":"standard","meta":{"footnotes":""},"categories":[14,25,22],"tags":[],"class_list":["post-56765","post","type-post","status-publish","format-standard","has-post-thumbnail","hentry","category-barretos","category-cidades","category-politica"],"yoast_head":"<!-- This site is optimized with the Yoast SEO plugin v27.5 - https:\/\/yoast.com\/product\/yoast-seo-wordpress\/ -->\n<title>Empr\u00e9stimo de R$ 30 milh\u00f5es pedido pela Prefeitura ser\u00e1 avaliado pela Comiss\u00e3o de Urbanismo - Regi\u00e3o News<\/title>\n<meta name=\"robots\" content=\"index, follow, max-snippet:-1, max-image-preview:large, max-video-preview:-1\" \/>\n<link rel=\"canonical\" href=\"https:\/\/regiaonews.net.br\/2022\/2021\/11\/23\/emprestimo-de-r-30-milhoes-pedido-pela-prefeitura-sera-avaliado-pela-comissao-de-urbanismo\/\" \/>\n<meta property=\"og:locale\" content=\"pt_BR\" \/>\n<meta property=\"og:type\" content=\"article\" \/>\n<meta property=\"og:title\" content=\"Empr\u00e9stimo de R$ 30 milh\u00f5es pedido pela Prefeitura ser\u00e1 avaliado pela Comiss\u00e3o de Urbanismo - Regi\u00e3o News\" \/>\n<meta property=\"og:description\" content=\"Foto \u2013 Sede atual da Prefeitura de Barretos no bairro\" \/>\n<meta property=\"og:url\" content=\"https:\/\/regiaonews.net.br\/2022\/2021\/11\/23\/emprestimo-de-r-30-milhoes-pedido-pela-prefeitura-sera-avaliado-pela-comissao-de-urbanismo\/\" \/>\n<meta property=\"og:site_name\" content=\"Regi\u00e3o News\" \/>\n<meta property=\"article:published_time\" content=\"2021-11-24T02:30:39+00:00\" \/>\n<meta property=\"og:image\" content=\"https:\/\/regiaonews.net.br\/2022\/wp-content\/uploads\/2018\/06\/prefeitura-de-barretos.jpg\" \/>\n\t<meta property=\"og:image:width\" content=\"1032\" \/>\n\t<meta property=\"og:image:height\" content=\"581\" \/>\n\t<meta property=\"og:image:type\" content=\"image\/jpeg\" \/>\n<meta name=\"author\" content=\"Roberto\" \/>\n<meta name=\"twitter:card\" content=\"summary_large_image\" \/>\n<meta name=\"twitter:label1\" content=\"Escrito por\" \/>\n\t<meta name=\"twitter:data1\" content=\"Roberto\" \/>\n\t<meta name=\"twitter:label2\" content=\"Est. tempo de leitura\" \/>\n\t<meta name=\"twitter:data2\" content=\"1 minuto\" \/>\n<script type=\"application\/ld+json\" class=\"yoast-schema-graph\">{\"@context\":\"https:\\\/\\\/schema.org\",\"@graph\":[{\"@type\":\"Article\",\"@id\":\"https:\\\/\\\/regiaonews.net.br\\\/2022\\\/2021\\\/11\\\/23\\\/emprestimo-de-r-30-milhoes-pedido-pela-prefeitura-sera-avaliado-pela-comissao-de-urbanismo\\\/#article\",\"isPartOf\":{\"@id\":\"https:\\\/\\\/regiaonews.net.br\\\/2022\\\/2021\\\/11\\\/23\\\/emprestimo-de-r-30-milhoes-pedido-pela-prefeitura-sera-avaliado-pela-comissao-de-urbanismo\\\/\"},\"author\":{\"name\":\"Roberto\",\"@id\":\"https:\\\/\\\/regiaonews.net.br\\\/2022\\\/#\\\/schema\\\/person\\\/2d205a608a5aa97ac279d7a5e6d89ad8\"},\"headline\":\"Empr\u00e9stimo de R$ 30 milh\u00f5es pedido pela Prefeitura ser\u00e1 avaliado pela Comiss\u00e3o de Urbanismo\",\"datePublished\":\"2021-11-24T02:30:39+00:00\",\"mainEntityOfPage\":{\"@id\":\"https:\\\/\\\/regiaonews.net.br\\\/2022\\\/2021\\\/11\\\/23\\\/emprestimo-de-r-30-milhoes-pedido-pela-prefeitura-sera-avaliado-pela-comissao-de-urbanismo\\\/\"},\"wordCount\":185,\"commentCount\":0,\"publisher\":{\"@id\":\"https:\\\/\\\/regiaonews.net.br\\\/2022\\\/#organization\"},\"image\":{\"@id\":\"https:\\\/\\\/regiaonews.net.br\\\/2022\\\/2021\\\/11\\\/23\\\/emprestimo-de-r-30-milhoes-pedido-pela-prefeitura-sera-avaliado-pela-comissao-de-urbanismo\\\/#primaryimage\"},\"thumbnailUrl\":\"https:\\\/\\\/regiaonews.net.br\\\/2022\\\/wp-content\\\/uploads\\\/2018\\\/06\\\/prefeitura-de-barretos.jpg\",\"articleSection\":[\"Barretos\",\"Cidades\",\"Pol\u00edtica\"],\"inLanguage\":\"pt-BR\",\"potentialAction\":[{\"@type\":\"CommentAction\",\"name\":\"Comment\",\"target\":[\"https:\\\/\\\/regiaonews.net.br\\\/2022\\\/2021\\\/11\\\/23\\\/emprestimo-de-r-30-milhoes-pedido-pela-prefeitura-sera-avaliado-pela-comissao-de-urbanismo\\\/#respond\"]}]},{\"@type\":\"WebPage\",\"@id\":\"https:\\\/\\\/regiaonews.net.br\\\/2022\\\/2021\\\/11\\\/23\\\/emprestimo-de-r-30-milhoes-pedido-pela-prefeitura-sera-avaliado-pela-comissao-de-urbanismo\\\/\",\"url\":\"https:\\\/\\\/regiaonews.net.br\\\/2022\\\/2021\\\/11\\\/23\\\/emprestimo-de-r-30-milhoes-pedido-pela-prefeitura-sera-avaliado-pela-comissao-de-urbanismo\\\/\",\"name\":\"Empr\u00e9stimo de R$ 30 milh\u00f5es pedido pela Prefeitura ser\u00e1 avaliado pela Comiss\u00e3o de Urbanismo - Regi\u00e3o News\",\"isPartOf\":{\"@id\":\"https:\\\/\\\/regiaonews.net.br\\\/2022\\\/#website\"},\"primaryImageOfPage\":{\"@id\":\"https:\\\/\\\/regiaonews.net.br\\\/2022\\\/2021\\\/11\\\/23\\\/emprestimo-de-r-30-milhoes-pedido-pela-prefeitura-sera-avaliado-pela-comissao-de-urbanismo\\\/#primaryimage\"},\"image\":{\"@id\":\"https:\\\/\\\/regiaonews.net.br\\\/2022\\\/2021\\\/11\\\/23\\\/emprestimo-de-r-30-milhoes-pedido-pela-prefeitura-sera-avaliado-pela-comissao-de-urbanismo\\\/#primaryimage\"},\"thumbnailUrl\":\"https:\\\/\\\/regiaonews.net.br\\\/2022\\\/wp-content\\\/uploads\\\/2018\\\/06\\\/prefeitura-de-barretos.jpg\",\"datePublished\":\"2021-11-24T02:30:39+00:00\",\"breadcrumb\":{\"@id\":\"https:\\\/\\\/regiaonews.net.br\\\/2022\\\/2021\\\/11\\\/23\\\/emprestimo-de-r-30-milhoes-pedido-pela-prefeitura-sera-avaliado-pela-comissao-de-urbanismo\\\/#breadcrumb\"},\"inLanguage\":\"pt-BR\",\"potentialAction\":[{\"@type\":\"ReadAction\",\"target\":[\"https:\\\/\\\/regiaonews.net.br\\\/2022\\\/2021\\\/11\\\/23\\\/emprestimo-de-r-30-milhoes-pedido-pela-prefeitura-sera-avaliado-pela-comissao-de-urbanismo\\\/\"]}]},{\"@type\":\"ImageObject\",\"inLanguage\":\"pt-BR\",\"@id\":\"https:\\\/\\\/regiaonews.net.br\\\/2022\\\/2021\\\/11\\\/23\\\/emprestimo-de-r-30-milhoes-pedido-pela-prefeitura-sera-avaliado-pela-comissao-de-urbanismo\\\/#primaryimage\",\"url\":\"https:\\\/\\\/regiaonews.net.br\\\/2022\\\/wp-content\\\/uploads\\\/2018\\\/06\\\/prefeitura-de-barretos.jpg\",\"contentUrl\":\"https:\\\/\\\/regiaonews.net.br\\\/2022\\\/wp-content\\\/uploads\\\/2018\\\/06\\\/prefeitura-de-barretos.jpg\",\"width\":1032,\"height\":581},{\"@type\":\"BreadcrumbList\",\"@id\":\"https:\\\/\\\/regiaonews.net.br\\\/2022\\\/2021\\\/11\\\/23\\\/emprestimo-de-r-30-milhoes-pedido-pela-prefeitura-sera-avaliado-pela-comissao-de-urbanismo\\\/#breadcrumb\",\"itemListElement\":[{\"@type\":\"ListItem\",\"position\":1,\"name\":\"In\u00edcio\",\"item\":\"https:\\\/\\\/regiaonews.net.br\\\/2022\\\/\"},{\"@type\":\"ListItem\",\"position\":2,\"name\":\"Empr\u00e9stimo de R$ 30 milh\u00f5es pedido pela Prefeitura ser\u00e1 avaliado pela Comiss\u00e3o de Urbanismo\"}]},{\"@type\":\"WebSite\",\"@id\":\"https:\\\/\\\/regiaonews.net.br\\\/2022\\\/#website\",\"url\":\"https:\\\/\\\/regiaonews.net.br\\\/2022\\\/\",\"name\":\"Regi\u00e3o News\",\"description\":\"Site de Not\u00edcias de Barretos e regi\u00e3o\",\"publisher\":{\"@id\":\"https:\\\/\\\/regiaonews.net.br\\\/2022\\\/#organization\"},\"potentialAction\":[{\"@type\":\"SearchAction\",\"target\":{\"@type\":\"EntryPoint\",\"urlTemplate\":\"https:\\\/\\\/regiaonews.net.br\\\/2022\\\/?s={search_term_string}\"},\"query-input\":{\"@type\":\"PropertyValueSpecification\",\"valueRequired\":true,\"valueName\":\"search_term_string\"}}],\"inLanguage\":\"pt-BR\"},{\"@type\":\"Organization\",\"@id\":\"https:\\\/\\\/regiaonews.net.br\\\/2022\\\/#organization\",\"name\":\"Regi\u00e3o News\",\"url\":\"https:\\\/\\\/regiaonews.net.br\\\/2022\\\/\",\"logo\":{\"@type\":\"ImageObject\",\"inLanguage\":\"pt-BR\",\"@id\":\"https:\\\/\\\/regiaonews.net.br\\\/2022\\\/#\\\/schema\\\/logo\\\/image\\\/\",\"url\":\"https:\\\/\\\/regiaonews.net.br\\\/2022\\\/wp-content\\\/uploads\\\/2026\\\/03\\\/regiao-13-anos-scaled.jpg\",\"contentUrl\":\"https:\\\/\\\/regiaonews.net.br\\\/2022\\\/wp-content\\\/uploads\\\/2026\\\/03\\\/regiao-13-anos-scaled.jpg\",\"width\":2560,\"height\":635,\"caption\":\"Regi\u00e3o News\"},\"image\":{\"@id\":\"https:\\\/\\\/regiaonews.net.br\\\/2022\\\/#\\\/schema\\\/logo\\\/image\\\/\"}},{\"@type\":\"Person\",\"@id\":\"https:\\\/\\\/regiaonews.net.br\\\/2022\\\/#\\\/schema\\\/person\\\/2d205a608a5aa97ac279d7a5e6d89ad8\",\"name\":\"Roberto\",\"image\":{\"@type\":\"ImageObject\",\"inLanguage\":\"pt-BR\",\"@id\":\"https:\\\/\\\/secure.gravatar.com\\\/avatar\\\/42749d8b712ff9d59ca93dc150494e5b55a44134482993f5baeb97e61b7ecc89?s=96&d=mm&r=g\",\"url\":\"https:\\\/\\\/secure.gravatar.com\\\/avatar\\\/42749d8b712ff9d59ca93dc150494e5b55a44134482993f5baeb97e61b7ecc89?s=96&d=mm&r=g\",\"contentUrl\":\"https:\\\/\\\/secure.gravatar.com\\\/avatar\\\/42749d8b712ff9d59ca93dc150494e5b55a44134482993f5baeb97e61b7ecc89?s=96&d=mm&r=g\",\"caption\":\"Roberto\"},\"url\":\"https:\\\/\\\/regiaonews.net.br\\\/2022\\\/author\\\/roberto\\\/\"}]}<\/script>\n<!-- \/ Yoast SEO plugin. -->","yoast_head_json":{"title":"Empr\u00e9stimo de R$ 30 milh\u00f5es pedido pela Prefeitura ser\u00e1 avaliado pela Comiss\u00e3o de Urbanismo - Regi\u00e3o News","robots":{"index":"index","follow":"follow","max-snippet":"max-snippet:-1","max-image-preview":"max-image-preview:large","max-video-preview":"max-video-preview:-1"},"canonical":"https:\/\/regiaonews.net.br\/2022\/2021\/11\/23\/emprestimo-de-r-30-milhoes-pedido-pela-prefeitura-sera-avaliado-pela-comissao-de-urbanismo\/","og_locale":"pt_BR","og_type":"article","og_title":"Empr\u00e9stimo de R$ 30 milh\u00f5es pedido pela Prefeitura ser\u00e1 avaliado pela Comiss\u00e3o de Urbanismo - Regi\u00e3o News","og_description":"Foto \u2013 Sede atual da Prefeitura de Barretos no bairro","og_url":"https:\/\/regiaonews.net.br\/2022\/2021\/11\/23\/emprestimo-de-r-30-milhoes-pedido-pela-prefeitura-sera-avaliado-pela-comissao-de-urbanismo\/","og_site_name":"Regi\u00e3o News","article_published_time":"2021-11-24T02:30:39+00:00","og_image":[{"width":1032,"height":581,"url":"https:\/\/regiaonews.net.br\/2022\/wp-content\/uploads\/2018\/06\/prefeitura-de-barretos.jpg","type":"image\/jpeg"}],"author":"Roberto","twitter_card":"summary_large_image","twitter_misc":{"Escrito por":"Roberto","Est. tempo de leitura":"1 minuto"},"schema":{"@context":"https:\/\/schema.org","@graph":[{"@type":"Article","@id":"https:\/\/regiaonews.net.br\/2022\/2021\/11\/23\/emprestimo-de-r-30-milhoes-pedido-pela-prefeitura-sera-avaliado-pela-comissao-de-urbanismo\/#article","isPartOf":{"@id":"https:\/\/regiaonews.net.br\/2022\/2021\/11\/23\/emprestimo-de-r-30-milhoes-pedido-pela-prefeitura-sera-avaliado-pela-comissao-de-urbanismo\/"},"author":{"name":"Roberto","@id":"https:\/\/regiaonews.net.br\/2022\/#\/schema\/person\/2d205a608a5aa97ac279d7a5e6d89ad8"},"headline":"Empr\u00e9stimo de R$ 30 milh\u00f5es pedido pela Prefeitura ser\u00e1 avaliado pela Comiss\u00e3o de Urbanismo","datePublished":"2021-11-24T02:30:39+00:00","mainEntityOfPage":{"@id":"https:\/\/regiaonews.net.br\/2022\/2021\/11\/23\/emprestimo-de-r-30-milhoes-pedido-pela-prefeitura-sera-avaliado-pela-comissao-de-urbanismo\/"},"wordCount":185,"commentCount":0,"publisher":{"@id":"https:\/\/regiaonews.net.br\/2022\/#organization"},"image":{"@id":"https:\/\/regiaonews.net.br\/2022\/2021\/11\/23\/emprestimo-de-r-30-milhoes-pedido-pela-prefeitura-sera-avaliado-pela-comissao-de-urbanismo\/#primaryimage"},"thumbnailUrl":"https:\/\/regiaonews.net.br\/2022\/wp-content\/uploads\/2018\/06\/prefeitura-de-barretos.jpg","articleSection":["Barretos","Cidades","Pol\u00edtica"],"inLanguage":"pt-BR","potentialAction":[{"@type":"CommentAction","name":"Comment","target":["https:\/\/regiaonews.net.br\/2022\/2021\/11\/23\/emprestimo-de-r-30-milhoes-pedido-pela-prefeitura-sera-avaliado-pela-comissao-de-urbanismo\/#respond"]}]},{"@type":"WebPage","@id":"https:\/\/regiaonews.net.br\/2022\/2021\/11\/23\/emprestimo-de-r-30-milhoes-pedido-pela-prefeitura-sera-avaliado-pela-comissao-de-urbanismo\/","url":"https:\/\/regiaonews.net.br\/2022\/2021\/11\/23\/emprestimo-de-r-30-milhoes-pedido-pela-prefeitura-sera-avaliado-pela-comissao-de-urbanismo\/","name":"Empr\u00e9stimo de R$ 30 milh\u00f5es pedido pela Prefeitura ser\u00e1 avaliado pela Comiss\u00e3o de Urbanismo - Regi\u00e3o News","isPartOf":{"@id":"https:\/\/regiaonews.net.br\/2022\/#website"},"primaryImageOfPage":{"@id":"https:\/\/regiaonews.net.br\/2022\/2021\/11\/23\/emprestimo-de-r-30-milhoes-pedido-pela-prefeitura-sera-avaliado-pela-comissao-de-urbanismo\/#primaryimage"},"image":{"@id":"https:\/\/regiaonews.net.br\/2022\/2021\/11\/23\/emprestimo-de-r-30-milhoes-pedido-pela-prefeitura-sera-avaliado-pela-comissao-de-urbanismo\/#primaryimage"},"thumbnailUrl":"https:\/\/regiaonews.net.br\/2022\/wp-content\/uploads\/2018\/06\/prefeitura-de-barretos.jpg","datePublished":"2021-11-24T02:30:39+00:00","breadcrumb":{"@id":"https:\/\/regiaonews.net.br\/2022\/2021\/11\/23\/emprestimo-de-r-30-milhoes-pedido-pela-prefeitura-sera-avaliado-pela-comissao-de-urbanismo\/#breadcrumb"},"inLanguage":"pt-BR","potentialAction":[{"@type":"ReadAction","target":["https:\/\/regiaonews.net.br\/2022\/2021\/11\/23\/emprestimo-de-r-30-milhoes-pedido-pela-prefeitura-sera-avaliado-pela-comissao-de-urbanismo\/"]}]},{"@type":"ImageObject","inLanguage":"pt-BR","@id":"https:\/\/regiaonews.net.br\/2022\/2021\/11\/23\/emprestimo-de-r-30-milhoes-pedido-pela-prefeitura-sera-avaliado-pela-comissao-de-urbanismo\/#primaryimage","url":"https:\/\/regiaonews.net.br\/2022\/wp-content\/uploads\/2018\/06\/prefeitura-de-barretos.jpg","contentUrl":"https:\/\/regiaonews.net.br\/2022\/wp-content\/uploads\/2018\/06\/prefeitura-de-barretos.jpg","width":1032,"height":581},{"@type":"BreadcrumbList","@id":"https:\/\/regiaonews.net.br\/2022\/2021\/11\/23\/emprestimo-de-r-30-milhoes-pedido-pela-prefeitura-sera-avaliado-pela-comissao-de-urbanismo\/#breadcrumb","itemListElement":[{"@type":"ListItem","position":1,"name":"In\u00edcio","item":"https:\/\/regiaonews.net.br\/2022\/"},{"@type":"ListItem","position":2,"name":"Empr\u00e9stimo de R$ 30 milh\u00f5es pedido pela Prefeitura ser\u00e1 avaliado pela Comiss\u00e3o de Urbanismo"}]},{"@type":"WebSite","@id":"https:\/\/regiaonews.net.br\/2022\/#website","url":"https:\/\/regiaonews.net.br\/2022\/","name":"Regi\u00e3o News","description":"Site de Not\u00edcias de Barretos e regi\u00e3o","publisher":{"@id":"https:\/\/regiaonews.net.br\/2022\/#organization"},"potentialAction":[{"@type":"SearchAction","target":{"@type":"EntryPoint","urlTemplate":"https:\/\/regiaonews.net.br\/2022\/?s={search_term_string}"},"query-input":{"@type":"PropertyValueSpecification","valueRequired":true,"valueName":"search_term_string"}}],"inLanguage":"pt-BR"},{"@type":"Organization","@id":"https:\/\/regiaonews.net.br\/2022\/#organization","name":"Regi\u00e3o News","url":"https:\/\/regiaonews.net.br\/2022\/","logo":{"@type":"ImageObject","inLanguage":"pt-BR","@id":"https:\/\/regiaonews.net.br\/2022\/#\/schema\/logo\/image\/","url":"https:\/\/regiaonews.net.br\/2022\/wp-content\/uploads\/2026\/03\/regiao-13-anos-scaled.jpg","contentUrl":"https:\/\/regiaonews.net.br\/2022\/wp-content\/uploads\/2026\/03\/regiao-13-anos-scaled.jpg","width":2560,"height":635,"caption":"Regi\u00e3o News"},"image":{"@id":"https:\/\/regiaonews.net.br\/2022\/#\/schema\/logo\/image\/"}},{"@type":"Person","@id":"https:\/\/regiaonews.net.br\/2022\/#\/schema\/person\/2d205a608a5aa97ac279d7a5e6d89ad8","name":"Roberto","image":{"@type":"ImageObject","inLanguage":"pt-BR","@id":"https:\/\/secure.gravatar.com\/avatar\/42749d8b712ff9d59ca93dc150494e5b55a44134482993f5baeb97e61b7ecc89?s=96&d=mm&r=g","url":"https:\/\/secure.gravatar.com\/avatar\/42749d8b712ff9d59ca93dc150494e5b55a44134482993f5baeb97e61b7ecc89?s=96&d=mm&r=g","contentUrl":"https:\/\/secure.gravatar.com\/avatar\/42749d8b712ff9d59ca93dc150494e5b55a44134482993f5baeb97e61b7ecc89?s=96&d=mm&r=g","caption":"Roberto"},"url":"https:\/\/regiaonews.net.br\/2022\/author\/roberto\/"}]}},"publishpress_future_action":{"enabled":false,"date":"2026-05-08 07:35:49","action":"change-status","newStatus":"draft","terms":[],"taxonomy":"category","extraData":[]},"publishpress_future_workflow_manual_trigger":{"enabledWorkflows":[]},"_links":{"self":[{"href":"https:\/\/regiaonews.net.br\/2022\/wp-json\/wp\/v2\/posts\/56765","targetHints":{"allow":["GET"]}}],"collection":[{"href":"https:\/\/regiaonews.net.br\/2022\/wp-json\/wp\/v2\/posts"}],"about":[{"href":"https:\/\/regiaonews.net.br\/2022\/wp-json\/wp\/v2\/types\/post"}],"author":[{"embeddable":true,"href":"https:\/\/regiaonews.net.br\/2022\/wp-json\/wp\/v2\/users\/2"}],"replies":[{"embeddable":true,"href":"https:\/\/regiaonews.net.br\/2022\/wp-json\/wp\/v2\/comments?post=56765"}],"version-history":[{"count":0,"href":"https:\/\/regiaonews.net.br\/2022\/wp-json\/wp\/v2\/posts\/56765\/revisions"}],"wp:featuredmedia":[{"embeddable":true,"href":"https:\/\/regiaonews.net.br\/2022\/wp-json\/wp\/v2\/media\/13304"}],"wp:attachment":[{"href":"https:\/\/regiaonews.net.br\/2022\/wp-json\/wp\/v2\/media?parent=56765"}],"wp:term":[{"taxonomy":"category","embeddable":true,"href":"https:\/\/regiaonews.net.br\/2022\/wp-json\/wp\/v2\/categories?post=56765"},{"taxonomy":"post_tag","embeddable":true,"href":"https:\/\/regiaonews.net.br\/2022\/wp-json\/wp\/v2\/tags?post=56765"}],"curies":[{"name":"wp","href":"https:\/\/api.w.org\/{rel}","templated":true}]}}