{"id":56745,"date":"2021-11-23T15:45:04","date_gmt":"2021-11-23T18:45:04","guid":{"rendered":"https:\/\/regiaonews.net.br\/2022\/?p=56745"},"modified":"2021-11-23T15:45:45","modified_gmt":"2021-11-23T18:45:45","slug":"luiz-marinho-busca-apoios-estrategicos-para-lula-e-haddad-em-ribeirao-preto","status":"publish","type":"post","link":"https:\/\/regiaonews.net.br\/2022\/2021\/11\/23\/luiz-marinho-busca-apoios-estrategicos-para-lula-e-haddad-em-ribeirao-preto\/","title":{"rendered":"Luiz Marinho  busca apoios estrat\u00e9gicos para Lula e Haddad em Ribeir\u00e3o Preto"},"content":{"rendered":"<p><a href=\"https:\/\/regiaonews.net.br\/2022\/wp-content\/uploads\/2021\/11\/Luiz-Marinho.jpg\"><img loading=\"lazy\" decoding=\"async\" class=\"alignnone size-medium wp-image-56746\" src=\"https:\/\/regiaonews.net.br\/2022\/wp-content\/uploads\/2021\/11\/Luiz-Marinho-300x200.jpg\" alt=\"\" width=\"300\" height=\"200\" \/><\/a><\/p>\n<p>Foto &#8211; Luiz Marinho &#8211; Reprodu\u00e7\u00e3o Youtube<\/p>\n<p>Luiz Marinho, dirigente do PT paulista, que j\u00e1 foi ministro do Trabalho e da Previd\u00eancia no governo Lula e prefeito de S\u00e3o Bernardo do Campo, faz, no pr\u00f3ximo dia 25, quinta-feira, v\u00e1rias agendas com lideran\u00e7as pol\u00edticas, empresariais e sindicais em Ribeir\u00e3o Preto.<br \/>\nMarinho tem sido o apontado como o principal interlocutor do PT paulista na busca de apoios as candidaturas presidenciais de Lula e de Fernando Haddad ao governo do Estado de S\u00e3o Paulo. Tem defendido que Haddad \u00e9 o \u00fanico postulante da esquerda que possui condi\u00e7\u00f5es de quebrar a hegemonia do PSDB no estado de S\u00e3o Paulo.<br \/>\nEstrat\u00e9gia- Para isso, h\u00e1 meses, por exemplo, re\u00fane-se com lideran\u00e7as partid\u00e1rias, representantes das ind\u00fastrias e do com\u00e9rcio, prestadores de servi\u00e7os, movimentos sociais e sindicatos de trabalhadores com o objetivo de barrar a continuidade do PSDB no Estado, que segundo ele, carece de enfrentamento estrat\u00e9gico e contumaz de exposi\u00e7\u00e3o dos governos tucanos.<\/p>\n<p>Pontes- \u201cHaddad \u00e9 o grande nome ao governo estadual. \u00c9 um educador, um defensor das causas sociais, um homem do direito, que mobilizou o pa\u00eds significativamente na elei\u00e7\u00e3o presidencial passada, al\u00e9m de ter sido prefeito refer\u00eancia de S\u00e3o Paulo. J\u00e1 estamos em campo para criar pontes, abrir caminhos para conversa\u00e7\u00f5es na centro esquerda. Temos exemplos de sobra para defender Lula e Haddad. Tra\u00e7amos uma estrat\u00e9gia e ela j\u00e1 est\u00e1 em curso\u201d, adianta Luiz Marinho.<br \/>\n\u201cPrecisamos, todas as pessoas de bem deste pa\u00eds, tirar Bolsonaro da vida pol\u00edtica depois de tanto mal que causou ao povo brasileiro. Esse governo \u00e9 um flagelo\u201d, avalia ele.<\/p>\n<p>Programa\u00e7\u00e3o do Luiz Marinho<br \/>\nDia 25\/11-quinta-feira<\/p>\n<p>9h00: Plen\u00e1ria com Sindicalistas &#8211; Sindicato dos Servidores Municipais de Ribeir\u00e3o Preto- Rua X11 de Agosto, 361-Campos El\u00edseos<\/p>\n<p>10h: Coletiva de Imprensa no audit\u00f3rio do Sindicato dos Servidores Municipais de Ribeir\u00e3o Preto<\/p>\n<p>19h30: Plen\u00e1ria com a milit\u00e2ncia petista na sede do Diret\u00f3rio Municipal, na avenida Santa Luzia, 120, no Jardim Sumar\u00e9<\/p>\n<p>&nbsp;<\/p>\n","protected":false},"excerpt":{"rendered":"<p>Foto &#8211; Luiz Marinho &#8211; Reprodu\u00e7\u00e3o Youtube Luiz Marinho, dirigente<\/p>\n","protected":false},"author":2,"featured_media":56746,"comment_status":"open","ping_status":"open","sticky":false,"template":"","format":"standard","meta":{"footnotes":""},"categories":[22,32],"tags":[],"class_list":["post-56745","post","type-post","status-publish","format-standard","has-post-thumbnail","hentry","category-politica","category-ribeirao-preto"],"yoast_head":"<!-- This site is optimized with the Yoast SEO plugin v27.5 - https:\/\/yoast.com\/product\/yoast-seo-wordpress\/ -->\n<title>Luiz Marinho busca apoios estrat\u00e9gicos para Lula e Haddad em Ribeir\u00e3o Preto - Regi\u00e3o News<\/title>\n<meta name=\"robots\" content=\"index, follow, max-snippet:-1, max-image-preview:large, max-video-preview:-1\" \/>\n<link rel=\"canonical\" href=\"https:\/\/regiaonews.net.br\/2022\/2021\/11\/23\/luiz-marinho-busca-apoios-estrategicos-para-lula-e-haddad-em-ribeirao-preto\/\" \/>\n<meta property=\"og:locale\" content=\"pt_BR\" \/>\n<meta property=\"og:type\" content=\"article\" \/>\n<meta property=\"og:title\" content=\"Luiz Marinho busca apoios estrat\u00e9gicos para Lula e Haddad em Ribeir\u00e3o Preto - Regi\u00e3o News\" \/>\n<meta property=\"og:description\" content=\"Foto &#8211; Luiz Marinho &#8211; Reprodu\u00e7\u00e3o Youtube Luiz Marinho, dirigente\" \/>\n<meta property=\"og:url\" content=\"https:\/\/regiaonews.net.br\/2022\/2021\/11\/23\/luiz-marinho-busca-apoios-estrategicos-para-lula-e-haddad-em-ribeirao-preto\/\" \/>\n<meta property=\"og:site_name\" content=\"Regi\u00e3o News\" \/>\n<meta property=\"article:published_time\" content=\"2021-11-23T18:45:04+00:00\" \/>\n<meta property=\"article:modified_time\" content=\"2021-11-23T18:45:45+00:00\" \/>\n<meta property=\"og:image\" content=\"https:\/\/regiaonews.net.br\/2022\/wp-content\/uploads\/2021\/11\/Luiz-Marinho.jpg\" \/>\n\t<meta property=\"og:image:width\" content=\"750\" \/>\n\t<meta property=\"og:image:height\" content=\"500\" \/>\n\t<meta property=\"og:image:type\" content=\"image\/jpeg\" \/>\n<meta name=\"author\" content=\"Roberto\" \/>\n<meta name=\"twitter:card\" content=\"summary_large_image\" \/>\n<meta name=\"twitter:label1\" content=\"Escrito por\" \/>\n\t<meta name=\"twitter:data1\" content=\"Roberto\" \/>\n\t<meta name=\"twitter:label2\" content=\"Est. tempo de leitura\" \/>\n\t<meta name=\"twitter:data2\" content=\"2 minutos\" \/>\n<script type=\"application\/ld+json\" class=\"yoast-schema-graph\">{\"@context\":\"https:\\\/\\\/schema.org\",\"@graph\":[{\"@type\":\"Article\",\"@id\":\"https:\\\/\\\/regiaonews.net.br\\\/2022\\\/2021\\\/11\\\/23\\\/luiz-marinho-busca-apoios-estrategicos-para-lula-e-haddad-em-ribeirao-preto\\\/#article\",\"isPartOf\":{\"@id\":\"https:\\\/\\\/regiaonews.net.br\\\/2022\\\/2021\\\/11\\\/23\\\/luiz-marinho-busca-apoios-estrategicos-para-lula-e-haddad-em-ribeirao-preto\\\/\"},\"author\":{\"name\":\"Roberto\",\"@id\":\"https:\\\/\\\/regiaonews.net.br\\\/2022\\\/#\\\/schema\\\/person\\\/2d205a608a5aa97ac279d7a5e6d89ad8\"},\"headline\":\"Luiz Marinho busca apoios estrat\u00e9gicos para Lula e Haddad em Ribeir\u00e3o Preto\",\"datePublished\":\"2021-11-23T18:45:04+00:00\",\"dateModified\":\"2021-11-23T18:45:45+00:00\",\"mainEntityOfPage\":{\"@id\":\"https:\\\/\\\/regiaonews.net.br\\\/2022\\\/2021\\\/11\\\/23\\\/luiz-marinho-busca-apoios-estrategicos-para-lula-e-haddad-em-ribeirao-preto\\\/\"},\"wordCount\":364,\"commentCount\":0,\"publisher\":{\"@id\":\"https:\\\/\\\/regiaonews.net.br\\\/2022\\\/#organization\"},\"image\":{\"@id\":\"https:\\\/\\\/regiaonews.net.br\\\/2022\\\/2021\\\/11\\\/23\\\/luiz-marinho-busca-apoios-estrategicos-para-lula-e-haddad-em-ribeirao-preto\\\/#primaryimage\"},\"thumbnailUrl\":\"https:\\\/\\\/regiaonews.net.br\\\/2022\\\/wp-content\\\/uploads\\\/2021\\\/11\\\/Luiz-Marinho.jpg\",\"articleSection\":[\"Pol\u00edtica\",\"Ribeir\u00e3o Preto\"],\"inLanguage\":\"pt-BR\",\"potentialAction\":[{\"@type\":\"CommentAction\",\"name\":\"Comment\",\"target\":[\"https:\\\/\\\/regiaonews.net.br\\\/2022\\\/2021\\\/11\\\/23\\\/luiz-marinho-busca-apoios-estrategicos-para-lula-e-haddad-em-ribeirao-preto\\\/#respond\"]}]},{\"@type\":\"WebPage\",\"@id\":\"https:\\\/\\\/regiaonews.net.br\\\/2022\\\/2021\\\/11\\\/23\\\/luiz-marinho-busca-apoios-estrategicos-para-lula-e-haddad-em-ribeirao-preto\\\/\",\"url\":\"https:\\\/\\\/regiaonews.net.br\\\/2022\\\/2021\\\/11\\\/23\\\/luiz-marinho-busca-apoios-estrategicos-para-lula-e-haddad-em-ribeirao-preto\\\/\",\"name\":\"Luiz Marinho busca apoios estrat\u00e9gicos para Lula e Haddad em Ribeir\u00e3o Preto - Regi\u00e3o News\",\"isPartOf\":{\"@id\":\"https:\\\/\\\/regiaonews.net.br\\\/2022\\\/#website\"},\"primaryImageOfPage\":{\"@id\":\"https:\\\/\\\/regiaonews.net.br\\\/2022\\\/2021\\\/11\\\/23\\\/luiz-marinho-busca-apoios-estrategicos-para-lula-e-haddad-em-ribeirao-preto\\\/#primaryimage\"},\"image\":{\"@id\":\"https:\\\/\\\/regiaonews.net.br\\\/2022\\\/2021\\\/11\\\/23\\\/luiz-marinho-busca-apoios-estrategicos-para-lula-e-haddad-em-ribeirao-preto\\\/#primaryimage\"},\"thumbnailUrl\":\"https:\\\/\\\/regiaonews.net.br\\\/2022\\\/wp-content\\\/uploads\\\/2021\\\/11\\\/Luiz-Marinho.jpg\",\"datePublished\":\"2021-11-23T18:45:04+00:00\",\"dateModified\":\"2021-11-23T18:45:45+00:00\",\"breadcrumb\":{\"@id\":\"https:\\\/\\\/regiaonews.net.br\\\/2022\\\/2021\\\/11\\\/23\\\/luiz-marinho-busca-apoios-estrategicos-para-lula-e-haddad-em-ribeirao-preto\\\/#breadcrumb\"},\"inLanguage\":\"pt-BR\",\"potentialAction\":[{\"@type\":\"ReadAction\",\"target\":[\"https:\\\/\\\/regiaonews.net.br\\\/2022\\\/2021\\\/11\\\/23\\\/luiz-marinho-busca-apoios-estrategicos-para-lula-e-haddad-em-ribeirao-preto\\\/\"]}]},{\"@type\":\"ImageObject\",\"inLanguage\":\"pt-BR\",\"@id\":\"https:\\\/\\\/regiaonews.net.br\\\/2022\\\/2021\\\/11\\\/23\\\/luiz-marinho-busca-apoios-estrategicos-para-lula-e-haddad-em-ribeirao-preto\\\/#primaryimage\",\"url\":\"https:\\\/\\\/regiaonews.net.br\\\/2022\\\/wp-content\\\/uploads\\\/2021\\\/11\\\/Luiz-Marinho.jpg\",\"contentUrl\":\"https:\\\/\\\/regiaonews.net.br\\\/2022\\\/wp-content\\\/uploads\\\/2021\\\/11\\\/Luiz-Marinho.jpg\",\"width\":750,\"height\":500},{\"@type\":\"BreadcrumbList\",\"@id\":\"https:\\\/\\\/regiaonews.net.br\\\/2022\\\/2021\\\/11\\\/23\\\/luiz-marinho-busca-apoios-estrategicos-para-lula-e-haddad-em-ribeirao-preto\\\/#breadcrumb\",\"itemListElement\":[{\"@type\":\"ListItem\",\"position\":1,\"name\":\"In\u00edcio\",\"item\":\"https:\\\/\\\/regiaonews.net.br\\\/2022\\\/\"},{\"@type\":\"ListItem\",\"position\":2,\"name\":\"Luiz Marinho busca apoios estrat\u00e9gicos para Lula e Haddad em Ribeir\u00e3o Preto\"}]},{\"@type\":\"WebSite\",\"@id\":\"https:\\\/\\\/regiaonews.net.br\\\/2022\\\/#website\",\"url\":\"https:\\\/\\\/regiaonews.net.br\\\/2022\\\/\",\"name\":\"Regi\u00e3o News\",\"description\":\"Site de Not\u00edcias de Barretos e regi\u00e3o\",\"publisher\":{\"@id\":\"https:\\\/\\\/regiaonews.net.br\\\/2022\\\/#organization\"},\"potentialAction\":[{\"@type\":\"SearchAction\",\"target\":{\"@type\":\"EntryPoint\",\"urlTemplate\":\"https:\\\/\\\/regiaonews.net.br\\\/2022\\\/?s={search_term_string}\"},\"query-input\":{\"@type\":\"PropertyValueSpecification\",\"valueRequired\":true,\"valueName\":\"search_term_string\"}}],\"inLanguage\":\"pt-BR\"},{\"@type\":\"Organization\",\"@id\":\"https:\\\/\\\/regiaonews.net.br\\\/2022\\\/#organization\",\"name\":\"Regi\u00e3o News\",\"url\":\"https:\\\/\\\/regiaonews.net.br\\\/2022\\\/\",\"logo\":{\"@type\":\"ImageObject\",\"inLanguage\":\"pt-BR\",\"@id\":\"https:\\\/\\\/regiaonews.net.br\\\/2022\\\/#\\\/schema\\\/logo\\\/image\\\/\",\"url\":\"https:\\\/\\\/regiaonews.net.br\\\/2022\\\/wp-content\\\/uploads\\\/2026\\\/03\\\/regiao-13-anos-scaled.jpg\",\"contentUrl\":\"https:\\\/\\\/regiaonews.net.br\\\/2022\\\/wp-content\\\/uploads\\\/2026\\\/03\\\/regiao-13-anos-scaled.jpg\",\"width\":2560,\"height\":635,\"caption\":\"Regi\u00e3o News\"},\"image\":{\"@id\":\"https:\\\/\\\/regiaonews.net.br\\\/2022\\\/#\\\/schema\\\/logo\\\/image\\\/\"}},{\"@type\":\"Person\",\"@id\":\"https:\\\/\\\/regiaonews.net.br\\\/2022\\\/#\\\/schema\\\/person\\\/2d205a608a5aa97ac279d7a5e6d89ad8\",\"name\":\"Roberto\",\"image\":{\"@type\":\"ImageObject\",\"inLanguage\":\"pt-BR\",\"@id\":\"https:\\\/\\\/secure.gravatar.com\\\/avatar\\\/42749d8b712ff9d59ca93dc150494e5b55a44134482993f5baeb97e61b7ecc89?s=96&d=mm&r=g\",\"url\":\"https:\\\/\\\/secure.gravatar.com\\\/avatar\\\/42749d8b712ff9d59ca93dc150494e5b55a44134482993f5baeb97e61b7ecc89?s=96&d=mm&r=g\",\"contentUrl\":\"https:\\\/\\\/secure.gravatar.com\\\/avatar\\\/42749d8b712ff9d59ca93dc150494e5b55a44134482993f5baeb97e61b7ecc89?s=96&d=mm&r=g\",\"caption\":\"Roberto\"},\"url\":\"https:\\\/\\\/regiaonews.net.br\\\/2022\\\/author\\\/roberto\\\/\"}]}<\/script>\n<!-- \/ Yoast SEO plugin. -->","yoast_head_json":{"title":"Luiz Marinho busca apoios estrat\u00e9gicos para Lula e Haddad em Ribeir\u00e3o Preto - Regi\u00e3o News","robots":{"index":"index","follow":"follow","max-snippet":"max-snippet:-1","max-image-preview":"max-image-preview:large","max-video-preview":"max-video-preview:-1"},"canonical":"https:\/\/regiaonews.net.br\/2022\/2021\/11\/23\/luiz-marinho-busca-apoios-estrategicos-para-lula-e-haddad-em-ribeirao-preto\/","og_locale":"pt_BR","og_type":"article","og_title":"Luiz Marinho busca apoios estrat\u00e9gicos para Lula e Haddad em Ribeir\u00e3o Preto - Regi\u00e3o News","og_description":"Foto &#8211; Luiz Marinho &#8211; Reprodu\u00e7\u00e3o Youtube Luiz Marinho, dirigente","og_url":"https:\/\/regiaonews.net.br\/2022\/2021\/11\/23\/luiz-marinho-busca-apoios-estrategicos-para-lula-e-haddad-em-ribeirao-preto\/","og_site_name":"Regi\u00e3o News","article_published_time":"2021-11-23T18:45:04+00:00","article_modified_time":"2021-11-23T18:45:45+00:00","og_image":[{"width":750,"height":500,"url":"https:\/\/regiaonews.net.br\/2022\/wp-content\/uploads\/2021\/11\/Luiz-Marinho.jpg","type":"image\/jpeg"}],"author":"Roberto","twitter_card":"summary_large_image","twitter_misc":{"Escrito por":"Roberto","Est. tempo de leitura":"2 minutos"},"schema":{"@context":"https:\/\/schema.org","@graph":[{"@type":"Article","@id":"https:\/\/regiaonews.net.br\/2022\/2021\/11\/23\/luiz-marinho-busca-apoios-estrategicos-para-lula-e-haddad-em-ribeirao-preto\/#article","isPartOf":{"@id":"https:\/\/regiaonews.net.br\/2022\/2021\/11\/23\/luiz-marinho-busca-apoios-estrategicos-para-lula-e-haddad-em-ribeirao-preto\/"},"author":{"name":"Roberto","@id":"https:\/\/regiaonews.net.br\/2022\/#\/schema\/person\/2d205a608a5aa97ac279d7a5e6d89ad8"},"headline":"Luiz Marinho busca apoios estrat\u00e9gicos para Lula e Haddad em Ribeir\u00e3o Preto","datePublished":"2021-11-23T18:45:04+00:00","dateModified":"2021-11-23T18:45:45+00:00","mainEntityOfPage":{"@id":"https:\/\/regiaonews.net.br\/2022\/2021\/11\/23\/luiz-marinho-busca-apoios-estrategicos-para-lula-e-haddad-em-ribeirao-preto\/"},"wordCount":364,"commentCount":0,"publisher":{"@id":"https:\/\/regiaonews.net.br\/2022\/#organization"},"image":{"@id":"https:\/\/regiaonews.net.br\/2022\/2021\/11\/23\/luiz-marinho-busca-apoios-estrategicos-para-lula-e-haddad-em-ribeirao-preto\/#primaryimage"},"thumbnailUrl":"https:\/\/regiaonews.net.br\/2022\/wp-content\/uploads\/2021\/11\/Luiz-Marinho.jpg","articleSection":["Pol\u00edtica","Ribeir\u00e3o Preto"],"inLanguage":"pt-BR","potentialAction":[{"@type":"CommentAction","name":"Comment","target":["https:\/\/regiaonews.net.br\/2022\/2021\/11\/23\/luiz-marinho-busca-apoios-estrategicos-para-lula-e-haddad-em-ribeirao-preto\/#respond"]}]},{"@type":"WebPage","@id":"https:\/\/regiaonews.net.br\/2022\/2021\/11\/23\/luiz-marinho-busca-apoios-estrategicos-para-lula-e-haddad-em-ribeirao-preto\/","url":"https:\/\/regiaonews.net.br\/2022\/2021\/11\/23\/luiz-marinho-busca-apoios-estrategicos-para-lula-e-haddad-em-ribeirao-preto\/","name":"Luiz Marinho busca apoios estrat\u00e9gicos para Lula e Haddad em Ribeir\u00e3o Preto - Regi\u00e3o News","isPartOf":{"@id":"https:\/\/regiaonews.net.br\/2022\/#website"},"primaryImageOfPage":{"@id":"https:\/\/regiaonews.net.br\/2022\/2021\/11\/23\/luiz-marinho-busca-apoios-estrategicos-para-lula-e-haddad-em-ribeirao-preto\/#primaryimage"},"image":{"@id":"https:\/\/regiaonews.net.br\/2022\/2021\/11\/23\/luiz-marinho-busca-apoios-estrategicos-para-lula-e-haddad-em-ribeirao-preto\/#primaryimage"},"thumbnailUrl":"https:\/\/regiaonews.net.br\/2022\/wp-content\/uploads\/2021\/11\/Luiz-Marinho.jpg","datePublished":"2021-11-23T18:45:04+00:00","dateModified":"2021-11-23T18:45:45+00:00","breadcrumb":{"@id":"https:\/\/regiaonews.net.br\/2022\/2021\/11\/23\/luiz-marinho-busca-apoios-estrategicos-para-lula-e-haddad-em-ribeirao-preto\/#breadcrumb"},"inLanguage":"pt-BR","potentialAction":[{"@type":"ReadAction","target":["https:\/\/regiaonews.net.br\/2022\/2021\/11\/23\/luiz-marinho-busca-apoios-estrategicos-para-lula-e-haddad-em-ribeirao-preto\/"]}]},{"@type":"ImageObject","inLanguage":"pt-BR","@id":"https:\/\/regiaonews.net.br\/2022\/2021\/11\/23\/luiz-marinho-busca-apoios-estrategicos-para-lula-e-haddad-em-ribeirao-preto\/#primaryimage","url":"https:\/\/regiaonews.net.br\/2022\/wp-content\/uploads\/2021\/11\/Luiz-Marinho.jpg","contentUrl":"https:\/\/regiaonews.net.br\/2022\/wp-content\/uploads\/2021\/11\/Luiz-Marinho.jpg","width":750,"height":500},{"@type":"BreadcrumbList","@id":"https:\/\/regiaonews.net.br\/2022\/2021\/11\/23\/luiz-marinho-busca-apoios-estrategicos-para-lula-e-haddad-em-ribeirao-preto\/#breadcrumb","itemListElement":[{"@type":"ListItem","position":1,"name":"In\u00edcio","item":"https:\/\/regiaonews.net.br\/2022\/"},{"@type":"ListItem","position":2,"name":"Luiz Marinho busca apoios estrat\u00e9gicos para Lula e Haddad em Ribeir\u00e3o Preto"}]},{"@type":"WebSite","@id":"https:\/\/regiaonews.net.br\/2022\/#website","url":"https:\/\/regiaonews.net.br\/2022\/","name":"Regi\u00e3o News","description":"Site de Not\u00edcias de Barretos e regi\u00e3o","publisher":{"@id":"https:\/\/regiaonews.net.br\/2022\/#organization"},"potentialAction":[{"@type":"SearchAction","target":{"@type":"EntryPoint","urlTemplate":"https:\/\/regiaonews.net.br\/2022\/?s={search_term_string}"},"query-input":{"@type":"PropertyValueSpecification","valueRequired":true,"valueName":"search_term_string"}}],"inLanguage":"pt-BR"},{"@type":"Organization","@id":"https:\/\/regiaonews.net.br\/2022\/#organization","name":"Regi\u00e3o News","url":"https:\/\/regiaonews.net.br\/2022\/","logo":{"@type":"ImageObject","inLanguage":"pt-BR","@id":"https:\/\/regiaonews.net.br\/2022\/#\/schema\/logo\/image\/","url":"https:\/\/regiaonews.net.br\/2022\/wp-content\/uploads\/2026\/03\/regiao-13-anos-scaled.jpg","contentUrl":"https:\/\/regiaonews.net.br\/2022\/wp-content\/uploads\/2026\/03\/regiao-13-anos-scaled.jpg","width":2560,"height":635,"caption":"Regi\u00e3o News"},"image":{"@id":"https:\/\/regiaonews.net.br\/2022\/#\/schema\/logo\/image\/"}},{"@type":"Person","@id":"https:\/\/regiaonews.net.br\/2022\/#\/schema\/person\/2d205a608a5aa97ac279d7a5e6d89ad8","name":"Roberto","image":{"@type":"ImageObject","inLanguage":"pt-BR","@id":"https:\/\/secure.gravatar.com\/avatar\/42749d8b712ff9d59ca93dc150494e5b55a44134482993f5baeb97e61b7ecc89?s=96&d=mm&r=g","url":"https:\/\/secure.gravatar.com\/avatar\/42749d8b712ff9d59ca93dc150494e5b55a44134482993f5baeb97e61b7ecc89?s=96&d=mm&r=g","contentUrl":"https:\/\/secure.gravatar.com\/avatar\/42749d8b712ff9d59ca93dc150494e5b55a44134482993f5baeb97e61b7ecc89?s=96&d=mm&r=g","caption":"Roberto"},"url":"https:\/\/regiaonews.net.br\/2022\/author\/roberto\/"}]}},"publishpress_future_action":{"enabled":false,"date":"2026-05-05 18:20:18","action":"change-status","newStatus":"draft","terms":[],"taxonomy":"category","extraData":[]},"publishpress_future_workflow_manual_trigger":{"enabledWorkflows":[]},"_links":{"self":[{"href":"https:\/\/regiaonews.net.br\/2022\/wp-json\/wp\/v2\/posts\/56745","targetHints":{"allow":["GET"]}}],"collection":[{"href":"https:\/\/regiaonews.net.br\/2022\/wp-json\/wp\/v2\/posts"}],"about":[{"href":"https:\/\/regiaonews.net.br\/2022\/wp-json\/wp\/v2\/types\/post"}],"author":[{"embeddable":true,"href":"https:\/\/regiaonews.net.br\/2022\/wp-json\/wp\/v2\/users\/2"}],"replies":[{"embeddable":true,"href":"https:\/\/regiaonews.net.br\/2022\/wp-json\/wp\/v2\/comments?post=56745"}],"version-history":[{"count":0,"href":"https:\/\/regiaonews.net.br\/2022\/wp-json\/wp\/v2\/posts\/56745\/revisions"}],"wp:featuredmedia":[{"embeddable":true,"href":"https:\/\/regiaonews.net.br\/2022\/wp-json\/wp\/v2\/media\/56746"}],"wp:attachment":[{"href":"https:\/\/regiaonews.net.br\/2022\/wp-json\/wp\/v2\/media?parent=56745"}],"wp:term":[{"taxonomy":"category","embeddable":true,"href":"https:\/\/regiaonews.net.br\/2022\/wp-json\/wp\/v2\/categories?post=56745"},{"taxonomy":"post_tag","embeddable":true,"href":"https:\/\/regiaonews.net.br\/2022\/wp-json\/wp\/v2\/tags?post=56745"}],"curies":[{"name":"wp","href":"https:\/\/api.w.org\/{rel}","templated":true}]}}