{"id":56742,"date":"2021-11-23T15:32:41","date_gmt":"2021-11-23T18:32:41","guid":{"rendered":"https:\/\/regiaonews.net.br\/2022\/?p=56742"},"modified":"2021-11-23T15:32:41","modified_gmt":"2021-11-23T18:32:41","slug":"oportunidade-impera-abre-20-vagas-para-empreendedores-de-franca-e-regiao","status":"publish","type":"post","link":"https:\/\/regiaonews.net.br\/2022\/2021\/11\/23\/oportunidade-impera-abre-20-vagas-para-empreendedores-de-franca-e-regiao\/","title":{"rendered":"Oportunidade: IMPERA abre 20 vagas para empreendedores de Franca e regi\u00e3o"},"content":{"rendered":"<p><a href=\"https:\/\/regiaonews.net.br\/2022\/wp-content\/uploads\/2021\/11\/Impera.jpg\"><img loading=\"lazy\" decoding=\"async\" class=\"alignnone size-medium wp-image-56743\" src=\"https:\/\/regiaonews.net.br\/2022\/wp-content\/uploads\/2021\/11\/Impera-300x200.jpg\" alt=\"\" width=\"300\" height=\"200\" \/><\/a><\/p>\n<div><em>Projetos precisam ter base tecnol\u00f3gica; as inscri\u00e7\u00f5es gratuitas para o processo seletivo da Incubadora v\u00e3o at\u00e9 o dia 06 de dezembro e os selecionados recebem todo o suporte para desenvolver seus neg\u00f3cios<\/em><\/div>\n<div>\u00a0<br aria-hidden=\"true\" \/>Ainda d\u00e1 tempo de tirar sua ideia do papel e come\u00e7ar 2022 empreendendo! A IMPERA (Incubadora de Empresas de Base Tecnol\u00f3gica de Franca), que atua com o apoio da Prefeitura de Franca, junto ao Instituto Cidade do Cal\u00e7ado, oferece 20 vagas para novos incubados. Podem se candidatar ao processo seletivo empresas &#8211; j\u00e1 constitu\u00eddas com CNPJ &#8211; ou em fase de desenvolvimento, de qualquer cidade da regi\u00e3o de Franca (SP), que tenham projetos de base tecnol\u00f3gica. As inscri\u00e7\u00f5es gratuitas come\u00e7am nesta quarta-feira (24\/11) e v\u00e3o at\u00e9 o dia 06 de dezembro, pelo link:\u00a0<a href=\"https:\/\/benucomunicacao.us4.list-manage.com\/track\/click?u=b22c85950155d96b8073dfdd6&amp;id=4813896c90&amp;e=368bfd46de\" target=\"_blank\" rel=\"noopener noreferrer\" data-auth=\"NotApplicable\" data-linkindex=\"0\">linktr.ee\/impera.franca<\/a>.<br aria-hidden=\"true\" \/>\u00a0<br aria-hidden=\"true\" \/>Segundo o gestor da IMPERA, Jean Dunkl, este novo ciclo de incuba\u00e7\u00e3o \u00e9 uma excelente oportunidade para come\u00e7ar o novo ano como empreendedor. Para ele, \u00e9 bem-vinda qualquer ideia que tenha como proposta a inova\u00e7\u00e3o, incremental ou disruptiva, e solu\u00e7\u00f5es para os diversos segmentos como ind\u00fastria, com\u00e9rcio, educa\u00e7\u00e3o, agroneg\u00f3cio, sa\u00fade, alimenta\u00e7\u00e3o, entre outros.<br aria-hidden=\"true\" \/>\u00a0<br aria-hidden=\"true\" \/>\u201cO mercado est\u00e1 aquecido e a retomada em todos os setores \u00e9 n\u00edtida. O empreendedorismo est\u00e1 pulsando, Franca e toda a regi\u00e3o est\u00e3o em forte desenvolvimento e, com isso, surgem novas dores\/necessidades e muitas ideias. Nossa expectativa \u00e9 de ajudar esses empreendedores com todo o suporte e infraestrutura do programa, gratuitamente\u201d, diz Jean.<br aria-hidden=\"true\" \/>\u00a0<br aria-hidden=\"true\" \/>O processo seletivo tem seis etapas\u00a0<em>(confira abaixo)<\/em>\u00a0e a convoca\u00e7\u00e3o dos projetos acontece em tr\u00eas modalidades: pr\u00e9-incuba\u00e7\u00e3o (ideia), incuba\u00e7\u00e3o e associa\u00e7\u00e3o. Este ciclo tem dura\u00e7\u00e3o de um ano, com possibilidade de renova\u00e7\u00e3o do contrato. \u00c9 importante que os projetos inscritos tenham um time multidisciplinar e que as habilidades dos integrantes sejam complementares, para que a incuba\u00e7\u00e3o seja viabilizada de forma org\u00e2nica e assertiva.<br aria-hidden=\"true\" \/>\u00a0<br aria-hidden=\"true\" \/>De acordo com o edital (dispon\u00edvel no link:\u00a0<a href=\"https:\/\/benucomunicacao.us4.list-manage.com\/track\/click?u=b22c85950155d96b8073dfdd6&amp;id=32245844b3&amp;e=368bfd46de\" target=\"_blank\" rel=\"noopener noreferrer\" data-auth=\"NotApplicable\" data-linkindex=\"1\">linktr.ee\/impera.franca<\/a>) as propostas ser\u00e3o julgadas por v\u00e1rios crit\u00e9rios como afinidade com o projeto, perfil empreendedor\/inovador dos s\u00f3cios, descri\u00e7\u00e3o clara e concisa do produto, defini\u00e7\u00e3o dos usos e aplica\u00e7\u00f5es, grau de inova\u00e7\u00e3o e\/ou ineditismo cient\u00edfico, potencial de demanda, entre outros.<br aria-hidden=\"true\" \/>\u00a0<br aria-hidden=\"true\" \/>Pelo programa, a IMPERA disponibiliza espa\u00e7o f\u00edsico; orienta\u00e7\u00e3o na elabora\u00e7\u00e3o de planejamento estrat\u00e9gico e estrutura\u00e7\u00e3o do modelo de neg\u00f3cios; estrutura de suporte administrativo compartilhado; orienta\u00e7\u00e3o em gest\u00e3o empresarial: gest\u00e3o financeira e custos, marketing, planejamento, administra\u00e7\u00e3o geral, produ\u00e7\u00e3o, gest\u00e3o de tecnologia etc.; orienta\u00e7\u00e3o quanto ao registro de propriedade intelectual; suporte para a elabora\u00e7\u00e3o de projetos para capta\u00e7\u00e3o de recursos junto \u00e0s ag\u00eancias de fomento; consultoria e organiza\u00e7\u00e3o de a\u00e7\u00f5es para apresenta\u00e7\u00e3o do projeto a investidores em geral.<br aria-hidden=\"true\" \/>\u00a0<br aria-hidden=\"true\" \/>Em contrapartida, os incubados t\u00eam algumas obriga\u00e7\u00f5es a cumprir, de acordo com a modalidade do programa, entre elas, estar presente no m\u00ednimo 10 horas semanais na IMPERA, participar de 80% dos eventos e oficinas de mentorias promovidas, al\u00e9m de divulgar e representar a Incubadora.<br aria-hidden=\"true\" \/><\/div>\n<div><strong>PROCESSO SELETIVO \u2013 5\u00ba Ciclo de Incuba\u00e7\u00e3o<\/strong><br aria-hidden=\"true\" \/><strong>Etapa 1 &#8211;\u00a0<\/strong>De 24\/11 a 06\/12: inscri\u00e7\u00f5es<br aria-hidden=\"true\" \/><strong>Etapa 2 &#8211;\u00a0<\/strong>De 07 a 09\/12: entrevistas<br aria-hidden=\"true\" \/><strong>Etapa 3 &#8211;\u00a0<\/strong>De 13 a 17\/12: Pitch DAY &#8211; apresenta\u00e7\u00e3o dos projetos ao Conselho Consultivo da IMPERA, ao comit\u00ea t\u00e9cnico cient\u00edfico e aos membros da sociedade convidados<br aria-hidden=\"true\" \/><strong>Etapa 4 &#8211;\u00a0<\/strong>20\/12: divulga\u00e7\u00e3o dos resultados da sele\u00e7\u00e3o<br aria-hidden=\"true\" \/><strong>Etapa 5 &#8211;\u00a0<\/strong>03 a 06\/01\/2022: onboarding<br aria-hidden=\"true\" \/><strong>Etapa 6 &#8211;\u00a0<\/strong>10\/01\/2022: in\u00edcio das atividades e apresenta\u00e7\u00e3o da infraestrutura, servi\u00e7os dispon\u00edveis aos empreendedores selecionados e assinatura dos contratos<\/div>\n","protected":false},"excerpt":{"rendered":"<p>Projetos precisam ter base tecnol\u00f3gica; as inscri\u00e7\u00f5es gratuitas para o<\/p>\n","protected":false},"author":2,"featured_media":56743,"comment_status":"open","ping_status":"open","sticky":false,"template":"","format":"standard","meta":{"footnotes":""},"categories":[5,72],"tags":[],"class_list":["post-56742","post","type-post","status-publish","format-standard","has-post-thumbnail","hentry","category-colina","category-franca"],"yoast_head":"<!-- This site is optimized with the Yoast SEO plugin v27.5 - https:\/\/yoast.com\/product\/yoast-seo-wordpress\/ -->\n<title>Oportunidade: IMPERA abre 20 vagas para empreendedores de Franca e regi\u00e3o - Regi\u00e3o News<\/title>\n<meta name=\"robots\" content=\"index, follow, max-snippet:-1, max-image-preview:large, max-video-preview:-1\" \/>\n<link rel=\"canonical\" href=\"https:\/\/regiaonews.net.br\/2022\/2021\/11\/23\/oportunidade-impera-abre-20-vagas-para-empreendedores-de-franca-e-regiao\/\" \/>\n<meta property=\"og:locale\" content=\"pt_BR\" \/>\n<meta property=\"og:type\" content=\"article\" \/>\n<meta property=\"og:title\" content=\"Oportunidade: IMPERA abre 20 vagas para empreendedores de Franca e regi\u00e3o - Regi\u00e3o News\" \/>\n<meta property=\"og:description\" content=\"Projetos precisam ter base tecnol\u00f3gica; as inscri\u00e7\u00f5es gratuitas para o\" \/>\n<meta property=\"og:url\" content=\"https:\/\/regiaonews.net.br\/2022\/2021\/11\/23\/oportunidade-impera-abre-20-vagas-para-empreendedores-de-franca-e-regiao\/\" \/>\n<meta property=\"og:site_name\" content=\"Regi\u00e3o News\" \/>\n<meta property=\"article:published_time\" content=\"2021-11-23T18:32:41+00:00\" \/>\n<meta property=\"og:image\" content=\"https:\/\/regiaonews.net.br\/2022\/wp-content\/uploads\/2021\/11\/Impera.jpg\" \/>\n\t<meta property=\"og:image:width\" content=\"800\" \/>\n\t<meta property=\"og:image:height\" content=\"533\" \/>\n\t<meta property=\"og:image:type\" content=\"image\/jpeg\" \/>\n<meta name=\"author\" content=\"Roberto\" \/>\n<meta name=\"twitter:card\" content=\"summary_large_image\" \/>\n<meta name=\"twitter:label1\" content=\"Escrito por\" \/>\n\t<meta name=\"twitter:data1\" content=\"Roberto\" \/>\n\t<meta name=\"twitter:label2\" content=\"Est. tempo de leitura\" \/>\n\t<meta name=\"twitter:data2\" content=\"3 minutos\" \/>\n<script type=\"application\/ld+json\" class=\"yoast-schema-graph\">{\"@context\":\"https:\\\/\\\/schema.org\",\"@graph\":[{\"@type\":\"Article\",\"@id\":\"https:\\\/\\\/regiaonews.net.br\\\/2022\\\/2021\\\/11\\\/23\\\/oportunidade-impera-abre-20-vagas-para-empreendedores-de-franca-e-regiao\\\/#article\",\"isPartOf\":{\"@id\":\"https:\\\/\\\/regiaonews.net.br\\\/2022\\\/2021\\\/11\\\/23\\\/oportunidade-impera-abre-20-vagas-para-empreendedores-de-franca-e-regiao\\\/\"},\"author\":{\"name\":\"Roberto\",\"@id\":\"https:\\\/\\\/regiaonews.net.br\\\/2022\\\/#\\\/schema\\\/person\\\/2d205a608a5aa97ac279d7a5e6d89ad8\"},\"headline\":\"Oportunidade: IMPERA abre 20 vagas para empreendedores de Franca e regi\u00e3o\",\"datePublished\":\"2021-11-23T18:32:41+00:00\",\"mainEntityOfPage\":{\"@id\":\"https:\\\/\\\/regiaonews.net.br\\\/2022\\\/2021\\\/11\\\/23\\\/oportunidade-impera-abre-20-vagas-para-empreendedores-de-franca-e-regiao\\\/\"},\"wordCount\":621,\"commentCount\":0,\"publisher\":{\"@id\":\"https:\\\/\\\/regiaonews.net.br\\\/2022\\\/#organization\"},\"image\":{\"@id\":\"https:\\\/\\\/regiaonews.net.br\\\/2022\\\/2021\\\/11\\\/23\\\/oportunidade-impera-abre-20-vagas-para-empreendedores-de-franca-e-regiao\\\/#primaryimage\"},\"thumbnailUrl\":\"https:\\\/\\\/regiaonews.net.br\\\/2022\\\/wp-content\\\/uploads\\\/2021\\\/11\\\/Impera.jpg\",\"articleSection\":[\"Colina\",\"Franca\"],\"inLanguage\":\"pt-BR\",\"potentialAction\":[{\"@type\":\"CommentAction\",\"name\":\"Comment\",\"target\":[\"https:\\\/\\\/regiaonews.net.br\\\/2022\\\/2021\\\/11\\\/23\\\/oportunidade-impera-abre-20-vagas-para-empreendedores-de-franca-e-regiao\\\/#respond\"]}]},{\"@type\":\"WebPage\",\"@id\":\"https:\\\/\\\/regiaonews.net.br\\\/2022\\\/2021\\\/11\\\/23\\\/oportunidade-impera-abre-20-vagas-para-empreendedores-de-franca-e-regiao\\\/\",\"url\":\"https:\\\/\\\/regiaonews.net.br\\\/2022\\\/2021\\\/11\\\/23\\\/oportunidade-impera-abre-20-vagas-para-empreendedores-de-franca-e-regiao\\\/\",\"name\":\"Oportunidade: IMPERA abre 20 vagas para empreendedores de Franca e regi\u00e3o - Regi\u00e3o News\",\"isPartOf\":{\"@id\":\"https:\\\/\\\/regiaonews.net.br\\\/2022\\\/#website\"},\"primaryImageOfPage\":{\"@id\":\"https:\\\/\\\/regiaonews.net.br\\\/2022\\\/2021\\\/11\\\/23\\\/oportunidade-impera-abre-20-vagas-para-empreendedores-de-franca-e-regiao\\\/#primaryimage\"},\"image\":{\"@id\":\"https:\\\/\\\/regiaonews.net.br\\\/2022\\\/2021\\\/11\\\/23\\\/oportunidade-impera-abre-20-vagas-para-empreendedores-de-franca-e-regiao\\\/#primaryimage\"},\"thumbnailUrl\":\"https:\\\/\\\/regiaonews.net.br\\\/2022\\\/wp-content\\\/uploads\\\/2021\\\/11\\\/Impera.jpg\",\"datePublished\":\"2021-11-23T18:32:41+00:00\",\"breadcrumb\":{\"@id\":\"https:\\\/\\\/regiaonews.net.br\\\/2022\\\/2021\\\/11\\\/23\\\/oportunidade-impera-abre-20-vagas-para-empreendedores-de-franca-e-regiao\\\/#breadcrumb\"},\"inLanguage\":\"pt-BR\",\"potentialAction\":[{\"@type\":\"ReadAction\",\"target\":[\"https:\\\/\\\/regiaonews.net.br\\\/2022\\\/2021\\\/11\\\/23\\\/oportunidade-impera-abre-20-vagas-para-empreendedores-de-franca-e-regiao\\\/\"]}]},{\"@type\":\"ImageObject\",\"inLanguage\":\"pt-BR\",\"@id\":\"https:\\\/\\\/regiaonews.net.br\\\/2022\\\/2021\\\/11\\\/23\\\/oportunidade-impera-abre-20-vagas-para-empreendedores-de-franca-e-regiao\\\/#primaryimage\",\"url\":\"https:\\\/\\\/regiaonews.net.br\\\/2022\\\/wp-content\\\/uploads\\\/2021\\\/11\\\/Impera.jpg\",\"contentUrl\":\"https:\\\/\\\/regiaonews.net.br\\\/2022\\\/wp-content\\\/uploads\\\/2021\\\/11\\\/Impera.jpg\",\"width\":800,\"height\":533},{\"@type\":\"BreadcrumbList\",\"@id\":\"https:\\\/\\\/regiaonews.net.br\\\/2022\\\/2021\\\/11\\\/23\\\/oportunidade-impera-abre-20-vagas-para-empreendedores-de-franca-e-regiao\\\/#breadcrumb\",\"itemListElement\":[{\"@type\":\"ListItem\",\"position\":1,\"name\":\"In\u00edcio\",\"item\":\"https:\\\/\\\/regiaonews.net.br\\\/2022\\\/\"},{\"@type\":\"ListItem\",\"position\":2,\"name\":\"Oportunidade: IMPERA abre 20 vagas para empreendedores de Franca e regi\u00e3o\"}]},{\"@type\":\"WebSite\",\"@id\":\"https:\\\/\\\/regiaonews.net.br\\\/2022\\\/#website\",\"url\":\"https:\\\/\\\/regiaonews.net.br\\\/2022\\\/\",\"name\":\"Regi\u00e3o News\",\"description\":\"Site de Not\u00edcias de Barretos e regi\u00e3o\",\"publisher\":{\"@id\":\"https:\\\/\\\/regiaonews.net.br\\\/2022\\\/#organization\"},\"potentialAction\":[{\"@type\":\"SearchAction\",\"target\":{\"@type\":\"EntryPoint\",\"urlTemplate\":\"https:\\\/\\\/regiaonews.net.br\\\/2022\\\/?s={search_term_string}\"},\"query-input\":{\"@type\":\"PropertyValueSpecification\",\"valueRequired\":true,\"valueName\":\"search_term_string\"}}],\"inLanguage\":\"pt-BR\"},{\"@type\":\"Organization\",\"@id\":\"https:\\\/\\\/regiaonews.net.br\\\/2022\\\/#organization\",\"name\":\"Regi\u00e3o News\",\"url\":\"https:\\\/\\\/regiaonews.net.br\\\/2022\\\/\",\"logo\":{\"@type\":\"ImageObject\",\"inLanguage\":\"pt-BR\",\"@id\":\"https:\\\/\\\/regiaonews.net.br\\\/2022\\\/#\\\/schema\\\/logo\\\/image\\\/\",\"url\":\"https:\\\/\\\/regiaonews.net.br\\\/2022\\\/wp-content\\\/uploads\\\/2026\\\/03\\\/regiao-13-anos-scaled.jpg\",\"contentUrl\":\"https:\\\/\\\/regiaonews.net.br\\\/2022\\\/wp-content\\\/uploads\\\/2026\\\/03\\\/regiao-13-anos-scaled.jpg\",\"width\":2560,\"height\":635,\"caption\":\"Regi\u00e3o News\"},\"image\":{\"@id\":\"https:\\\/\\\/regiaonews.net.br\\\/2022\\\/#\\\/schema\\\/logo\\\/image\\\/\"}},{\"@type\":\"Person\",\"@id\":\"https:\\\/\\\/regiaonews.net.br\\\/2022\\\/#\\\/schema\\\/person\\\/2d205a608a5aa97ac279d7a5e6d89ad8\",\"name\":\"Roberto\",\"image\":{\"@type\":\"ImageObject\",\"inLanguage\":\"pt-BR\",\"@id\":\"https:\\\/\\\/secure.gravatar.com\\\/avatar\\\/42749d8b712ff9d59ca93dc150494e5b55a44134482993f5baeb97e61b7ecc89?s=96&d=mm&r=g\",\"url\":\"https:\\\/\\\/secure.gravatar.com\\\/avatar\\\/42749d8b712ff9d59ca93dc150494e5b55a44134482993f5baeb97e61b7ecc89?s=96&d=mm&r=g\",\"contentUrl\":\"https:\\\/\\\/secure.gravatar.com\\\/avatar\\\/42749d8b712ff9d59ca93dc150494e5b55a44134482993f5baeb97e61b7ecc89?s=96&d=mm&r=g\",\"caption\":\"Roberto\"},\"url\":\"https:\\\/\\\/regiaonews.net.br\\\/2022\\\/author\\\/roberto\\\/\"}]}<\/script>\n<!-- \/ Yoast SEO plugin. -->","yoast_head_json":{"title":"Oportunidade: IMPERA abre 20 vagas para empreendedores de Franca e regi\u00e3o - Regi\u00e3o News","robots":{"index":"index","follow":"follow","max-snippet":"max-snippet:-1","max-image-preview":"max-image-preview:large","max-video-preview":"max-video-preview:-1"},"canonical":"https:\/\/regiaonews.net.br\/2022\/2021\/11\/23\/oportunidade-impera-abre-20-vagas-para-empreendedores-de-franca-e-regiao\/","og_locale":"pt_BR","og_type":"article","og_title":"Oportunidade: IMPERA abre 20 vagas para empreendedores de Franca e regi\u00e3o - Regi\u00e3o News","og_description":"Projetos precisam ter base tecnol\u00f3gica; as inscri\u00e7\u00f5es gratuitas para o","og_url":"https:\/\/regiaonews.net.br\/2022\/2021\/11\/23\/oportunidade-impera-abre-20-vagas-para-empreendedores-de-franca-e-regiao\/","og_site_name":"Regi\u00e3o News","article_published_time":"2021-11-23T18:32:41+00:00","og_image":[{"width":800,"height":533,"url":"https:\/\/regiaonews.net.br\/2022\/wp-content\/uploads\/2021\/11\/Impera.jpg","type":"image\/jpeg"}],"author":"Roberto","twitter_card":"summary_large_image","twitter_misc":{"Escrito por":"Roberto","Est. tempo de leitura":"3 minutos"},"schema":{"@context":"https:\/\/schema.org","@graph":[{"@type":"Article","@id":"https:\/\/regiaonews.net.br\/2022\/2021\/11\/23\/oportunidade-impera-abre-20-vagas-para-empreendedores-de-franca-e-regiao\/#article","isPartOf":{"@id":"https:\/\/regiaonews.net.br\/2022\/2021\/11\/23\/oportunidade-impera-abre-20-vagas-para-empreendedores-de-franca-e-regiao\/"},"author":{"name":"Roberto","@id":"https:\/\/regiaonews.net.br\/2022\/#\/schema\/person\/2d205a608a5aa97ac279d7a5e6d89ad8"},"headline":"Oportunidade: IMPERA abre 20 vagas para empreendedores de Franca e regi\u00e3o","datePublished":"2021-11-23T18:32:41+00:00","mainEntityOfPage":{"@id":"https:\/\/regiaonews.net.br\/2022\/2021\/11\/23\/oportunidade-impera-abre-20-vagas-para-empreendedores-de-franca-e-regiao\/"},"wordCount":621,"commentCount":0,"publisher":{"@id":"https:\/\/regiaonews.net.br\/2022\/#organization"},"image":{"@id":"https:\/\/regiaonews.net.br\/2022\/2021\/11\/23\/oportunidade-impera-abre-20-vagas-para-empreendedores-de-franca-e-regiao\/#primaryimage"},"thumbnailUrl":"https:\/\/regiaonews.net.br\/2022\/wp-content\/uploads\/2021\/11\/Impera.jpg","articleSection":["Colina","Franca"],"inLanguage":"pt-BR","potentialAction":[{"@type":"CommentAction","name":"Comment","target":["https:\/\/regiaonews.net.br\/2022\/2021\/11\/23\/oportunidade-impera-abre-20-vagas-para-empreendedores-de-franca-e-regiao\/#respond"]}]},{"@type":"WebPage","@id":"https:\/\/regiaonews.net.br\/2022\/2021\/11\/23\/oportunidade-impera-abre-20-vagas-para-empreendedores-de-franca-e-regiao\/","url":"https:\/\/regiaonews.net.br\/2022\/2021\/11\/23\/oportunidade-impera-abre-20-vagas-para-empreendedores-de-franca-e-regiao\/","name":"Oportunidade: IMPERA abre 20 vagas para empreendedores de Franca e regi\u00e3o - Regi\u00e3o News","isPartOf":{"@id":"https:\/\/regiaonews.net.br\/2022\/#website"},"primaryImageOfPage":{"@id":"https:\/\/regiaonews.net.br\/2022\/2021\/11\/23\/oportunidade-impera-abre-20-vagas-para-empreendedores-de-franca-e-regiao\/#primaryimage"},"image":{"@id":"https:\/\/regiaonews.net.br\/2022\/2021\/11\/23\/oportunidade-impera-abre-20-vagas-para-empreendedores-de-franca-e-regiao\/#primaryimage"},"thumbnailUrl":"https:\/\/regiaonews.net.br\/2022\/wp-content\/uploads\/2021\/11\/Impera.jpg","datePublished":"2021-11-23T18:32:41+00:00","breadcrumb":{"@id":"https:\/\/regiaonews.net.br\/2022\/2021\/11\/23\/oportunidade-impera-abre-20-vagas-para-empreendedores-de-franca-e-regiao\/#breadcrumb"},"inLanguage":"pt-BR","potentialAction":[{"@type":"ReadAction","target":["https:\/\/regiaonews.net.br\/2022\/2021\/11\/23\/oportunidade-impera-abre-20-vagas-para-empreendedores-de-franca-e-regiao\/"]}]},{"@type":"ImageObject","inLanguage":"pt-BR","@id":"https:\/\/regiaonews.net.br\/2022\/2021\/11\/23\/oportunidade-impera-abre-20-vagas-para-empreendedores-de-franca-e-regiao\/#primaryimage","url":"https:\/\/regiaonews.net.br\/2022\/wp-content\/uploads\/2021\/11\/Impera.jpg","contentUrl":"https:\/\/regiaonews.net.br\/2022\/wp-content\/uploads\/2021\/11\/Impera.jpg","width":800,"height":533},{"@type":"BreadcrumbList","@id":"https:\/\/regiaonews.net.br\/2022\/2021\/11\/23\/oportunidade-impera-abre-20-vagas-para-empreendedores-de-franca-e-regiao\/#breadcrumb","itemListElement":[{"@type":"ListItem","position":1,"name":"In\u00edcio","item":"https:\/\/regiaonews.net.br\/2022\/"},{"@type":"ListItem","position":2,"name":"Oportunidade: IMPERA abre 20 vagas para empreendedores de Franca e regi\u00e3o"}]},{"@type":"WebSite","@id":"https:\/\/regiaonews.net.br\/2022\/#website","url":"https:\/\/regiaonews.net.br\/2022\/","name":"Regi\u00e3o News","description":"Site de Not\u00edcias de Barretos e regi\u00e3o","publisher":{"@id":"https:\/\/regiaonews.net.br\/2022\/#organization"},"potentialAction":[{"@type":"SearchAction","target":{"@type":"EntryPoint","urlTemplate":"https:\/\/regiaonews.net.br\/2022\/?s={search_term_string}"},"query-input":{"@type":"PropertyValueSpecification","valueRequired":true,"valueName":"search_term_string"}}],"inLanguage":"pt-BR"},{"@type":"Organization","@id":"https:\/\/regiaonews.net.br\/2022\/#organization","name":"Regi\u00e3o News","url":"https:\/\/regiaonews.net.br\/2022\/","logo":{"@type":"ImageObject","inLanguage":"pt-BR","@id":"https:\/\/regiaonews.net.br\/2022\/#\/schema\/logo\/image\/","url":"https:\/\/regiaonews.net.br\/2022\/wp-content\/uploads\/2026\/03\/regiao-13-anos-scaled.jpg","contentUrl":"https:\/\/regiaonews.net.br\/2022\/wp-content\/uploads\/2026\/03\/regiao-13-anos-scaled.jpg","width":2560,"height":635,"caption":"Regi\u00e3o News"},"image":{"@id":"https:\/\/regiaonews.net.br\/2022\/#\/schema\/logo\/image\/"}},{"@type":"Person","@id":"https:\/\/regiaonews.net.br\/2022\/#\/schema\/person\/2d205a608a5aa97ac279d7a5e6d89ad8","name":"Roberto","image":{"@type":"ImageObject","inLanguage":"pt-BR","@id":"https:\/\/secure.gravatar.com\/avatar\/42749d8b712ff9d59ca93dc150494e5b55a44134482993f5baeb97e61b7ecc89?s=96&d=mm&r=g","url":"https:\/\/secure.gravatar.com\/avatar\/42749d8b712ff9d59ca93dc150494e5b55a44134482993f5baeb97e61b7ecc89?s=96&d=mm&r=g","contentUrl":"https:\/\/secure.gravatar.com\/avatar\/42749d8b712ff9d59ca93dc150494e5b55a44134482993f5baeb97e61b7ecc89?s=96&d=mm&r=g","caption":"Roberto"},"url":"https:\/\/regiaonews.net.br\/2022\/author\/roberto\/"}]}},"publishpress_future_action":{"enabled":false,"date":"2026-05-05 16:38:41","action":"change-status","newStatus":"draft","terms":[],"taxonomy":"category","extraData":[]},"publishpress_future_workflow_manual_trigger":{"enabledWorkflows":[]},"_links":{"self":[{"href":"https:\/\/regiaonews.net.br\/2022\/wp-json\/wp\/v2\/posts\/56742","targetHints":{"allow":["GET"]}}],"collection":[{"href":"https:\/\/regiaonews.net.br\/2022\/wp-json\/wp\/v2\/posts"}],"about":[{"href":"https:\/\/regiaonews.net.br\/2022\/wp-json\/wp\/v2\/types\/post"}],"author":[{"embeddable":true,"href":"https:\/\/regiaonews.net.br\/2022\/wp-json\/wp\/v2\/users\/2"}],"replies":[{"embeddable":true,"href":"https:\/\/regiaonews.net.br\/2022\/wp-json\/wp\/v2\/comments?post=56742"}],"version-history":[{"count":0,"href":"https:\/\/regiaonews.net.br\/2022\/wp-json\/wp\/v2\/posts\/56742\/revisions"}],"wp:featuredmedia":[{"embeddable":true,"href":"https:\/\/regiaonews.net.br\/2022\/wp-json\/wp\/v2\/media\/56743"}],"wp:attachment":[{"href":"https:\/\/regiaonews.net.br\/2022\/wp-json\/wp\/v2\/media?parent=56742"}],"wp:term":[{"taxonomy":"category","embeddable":true,"href":"https:\/\/regiaonews.net.br\/2022\/wp-json\/wp\/v2\/categories?post=56742"},{"taxonomy":"post_tag","embeddable":true,"href":"https:\/\/regiaonews.net.br\/2022\/wp-json\/wp\/v2\/tags?post=56742"}],"curies":[{"name":"wp","href":"https:\/\/api.w.org\/{rel}","templated":true}]}}