{"id":56739,"date":"2021-11-23T15:08:09","date_gmt":"2021-11-23T18:08:09","guid":{"rendered":"https:\/\/regiaonews.net.br\/2022\/?p=56739"},"modified":"2021-11-23T15:08:09","modified_gmt":"2021-11-23T18:08:09","slug":"enem-estudantes-com-covid-19-podem-pedir-reaplicacao-da-prova","status":"publish","type":"post","link":"https:\/\/regiaonews.net.br\/2022\/2021\/11\/23\/enem-estudantes-com-covid-19-podem-pedir-reaplicacao-da-prova\/","title":{"rendered":"Enem: estudantes com covid-19 podem pedir reaplica\u00e7\u00e3o da prova"},"content":{"rendered":"<p><a href=\"https:\/\/regiaonews.net.br\/2022\/wp-content\/uploads\/2021\/11\/IMG-20211121-WA0216.jpg\"><img loading=\"lazy\" decoding=\"async\" class=\"alignnone size-medium wp-image-56628\" src=\"https:\/\/regiaonews.net.br\/2022\/wp-content\/uploads\/2021\/11\/IMG-20211121-WA0216-300x225.jpg\" alt=\"\" width=\"300\" height=\"225\" \/><\/a><\/p>\n<p>O Exame Nacional do Ensino M\u00e9dio (Enem) 2021, assim como o Enem 2020, tem uma s\u00e9rie de medidas de seguran\u00e7a contra a covid-19. As provas come\u00e7aram a ser aplicadas no \u00faltimo domingo (21) e quem apresentou algum sintoma poder\u00e1 pedir a para participar da reaplica\u00e7\u00e3o do exame. O mesmo vale para quem apresentar sintomas da doen\u00e7a at\u00e9 o segundo dia de prova, no pr\u00f3ximo domingo (28).<img decoding=\"async\" src=\"https:\/\/agenciabrasil.ebc.com.br\/ebc.png?id=1428560&amp;o=node\" \/><img decoding=\"async\" src=\"https:\/\/agenciabrasil.ebc.com.br\/ebc.gif?id=1428560&amp;o=node\" \/><\/p>\n<p>A reaplica\u00e7\u00e3o ser\u00e1 nos dias 9 e 16 de janeiro de 2022, mesma data da aplica\u00e7\u00e3o do exame para Pessoas Privadas de Liberdade ou sob medida socioeducativa que inclua priva\u00e7\u00e3o de liberdade (Enem PPL) 2021 e para os participantes\u00a0<a href=\"https:\/\/agenciabrasil.ebc.com.br\/educacao\/noticia\/2021-09\/inscricoes-do-enem-para-isentos-ausentes-em-2020-terminam-domingo\" target=\"_blank\" rel=\"noopener\">isentos da taxa de inscri\u00e7\u00e3o<\/a>\u00a0em 2020, que por decis\u00e3o do Supremo Tribunal Federal (STF)\u00a0 tiveram nova oportunidade de inscri\u00e7\u00e3o no Enem.<\/p>\n<p>A reaplica\u00e7\u00e3o dever\u00e1 ser solicitada na\u00a0<a href=\"https:\/\/enem.inep.gov.br\/participante\/#!\/\" target=\"_blank\" rel=\"noopener\">P\u00e1gina do Participante<\/a>, entre 29 de novembro e 3 de dezembro, junto com a documenta\u00e7\u00e3o que comprove a condi\u00e7\u00e3o de sa\u00fade do inscrito.<\/p>\n<p>A documenta\u00e7\u00e3o deve apresentar o nome completo do participante, o diagn\u00f3stico com a descri\u00e7\u00e3o da condi\u00e7\u00e3o de sa\u00fade do inscrito e o c\u00f3digo correspondente \u00e0 Classifica\u00e7\u00e3o Internacional de Doen\u00e7a (CID 10). O documento deve estar leg\u00edvel e constar a assinatura e a identifica\u00e7\u00e3o do profissional competente, com respectivo registro do Conselho Regional de Medicina (CRM), do Minist\u00e9rio da Sa\u00fade (RMS) ou de \u00f3rg\u00e3o competente.<\/p>\n<p>Segundo o Instituto Nacional de Estudos e Pesquisas Educacionais An\u00edsio Teixeira (Inep), tem direito a reaplica\u00e7\u00e3o o participante que apresentar sintoma de covid-19 na semana que antecede o primeiro ou o segundo dia do exame. A mesma orienta\u00e7\u00e3o serve para quem estiver com alguma das outras doen\u00e7as infectocontagiosas listadas nos editais do Enem impresso e Digital: tuberculose, coqueluche, difteria, doen\u00e7a invasiva por Haemophilus influenza, doen\u00e7a meningoc\u00f3cica e outras meningites, var\u00edola, Influenza humana A e B, poliomielite por poliov\u00edrus selvagem, sarampo, rub\u00e9ola e varicela.<\/p>\n<p>O Inep analisar\u00e1 a documenta\u00e7\u00e3o comprobat\u00f3ria das condi\u00e7\u00f5es dos participantes. Quem tiver a documenta\u00e7\u00e3o aprovada ter\u00e1 a participa\u00e7\u00e3o garantida na reaplica\u00e7\u00e3o.<\/p>\n<h2>Uso de m\u00e1scara<\/h2>\n<p>O Enem ocorre em um momento em que a vacina\u00e7\u00e3o avan\u00e7a no Brasil e h\u00e1 redu\u00e7\u00e3o nos casos e no n\u00famero de mortes por covid-19. Mesmo assim, segundo especialistas a orienta\u00e7\u00e3o \u00e9 manter as\u00a0<a href=\"https:\/\/agenciabrasil.ebc.com.br\/educacao\/noticia\/2021-11\/enem-2021-tera-medidas-de-seguranca-contra-covid-19\" target=\"_blank\" rel=\"noopener\">medidas de seguran\u00e7a<\/a>, ainda mais em um exame de grandes propor\u00e7\u00f5es como o Enem. O exame prev\u00ea o distanciamento entre as carteiras e a disponibiliza\u00e7\u00e3o de \u00e1lcool em gel.<\/p>\n<p>O uso de m\u00e1scara de prote\u00e7\u00e3o, cobrindo totalmente nariz e boca, \u00e9 obrigat\u00f3rio durante todo o per\u00edodo em que o participante permanecer no local de aplica\u00e7\u00e3o da prova, sendo permitido retir\u00e1-la apenas no momento da identifica\u00e7\u00e3o, antes de acessar a sala de prova, para beber \u00e1gua e para comer. Quem descumprir a regra, poder\u00e1 ser eliminado.<\/p>\n<h2>Problemas log\u00edsticos<\/h2>\n<p>Os candidatos que foram afetados por problemas log\u00edsticos durante a aplica\u00e7\u00e3o das provas tamb\u00e9m devem estar atentos ao prazo de 29 de novembro a 3 de dezembro para pedir a reaplica\u00e7\u00e3o do exame. S\u00e3o considerados problemas log\u00edsticos falta de energia el\u00e9trica, infiltra\u00e7\u00f5es por conta de chuvas, falhas no computador &#8211; no caso do Enem digital, entre outros que prejudiquem a realiza\u00e7\u00e3o das provas.<\/p>\n<h2>Enem 2021<\/h2>\n<p>O Enem 2021 come\u00e7ou a ser aplicado no dia 21 e segue no dia 28 de novembro, tanto na vers\u00e3o impressa quanto na vers\u00e3o digital. No primeiro dia do Enem, os candidatos fizeram as provas de linguagens, ci\u00eancias humanas e reda\u00e7\u00e3o. Ao todo, dos 3,1 milh\u00f5es de inscritos,\u00a0<a href=\"https:\/\/agenciabrasil.ebc.com.br\/educacao\/noticia\/2021-11\/primeiro-dia-de-provas-do-Enem-2021-tem-26-de-abstencao\" target=\"_blank\" rel=\"noopener\">74% compareceram ao exame.<\/a>\u00a0No segundo dia, participantes far\u00e3o as provas de matem\u00e1tica e ci\u00eancias da natureza. Por conta da pandemia, o exame adotou uma s\u00e9rie de\u00a0<a href=\"https:\/\/agenciabrasil.ebc.com.br\/educacao\/noticia\/2021-11\/enem-2021-tera-medidas-de-seguranca-contra-covid-19]\" target=\"_blank\" rel=\"noopener\">medidas de seguran\u00e7a<\/a>.<\/p>\n<p>O Enem seleciona estudantes para vagas do ensino superior p\u00fablicas, pelo Sistema de Sele\u00e7\u00e3o Unificada (Sisu), para bolsas em institui\u00e7\u00f5es privadas, pelo Programa Universidade para Todos (ProUni), e serve de par\u00e2metro para o Fundo de Financiamento Estudantil (Fies). Os resultados tamb\u00e9m podem ser usados para ingressar em institui\u00e7\u00f5es de ensino portuguesas que t\u00eam conv\u00eanio com o Inep.<\/p>\n","protected":false},"excerpt":{"rendered":"<p>O Exame Nacional do Ensino M\u00e9dio (Enem) 2021, assim como<\/p>\n","protected":false},"author":2,"featured_media":56628,"comment_status":"open","ping_status":"open","sticky":false,"template":"","format":"standard","meta":{"footnotes":""},"categories":[24,25,98],"tags":[],"class_list":["post-56739","post","type-post","status-publish","format-standard","has-post-thumbnail","hentry","category-brasil","category-cidades","category-educacao-educacao"],"yoast_head":"<!-- This site is optimized with the Yoast SEO plugin v27.5 - https:\/\/yoast.com\/product\/yoast-seo-wordpress\/ -->\n<title>Enem: estudantes com covid-19 podem pedir reaplica\u00e7\u00e3o da prova - Regi\u00e3o News<\/title>\n<meta name=\"robots\" content=\"index, follow, max-snippet:-1, max-image-preview:large, max-video-preview:-1\" \/>\n<link rel=\"canonical\" href=\"https:\/\/regiaonews.net.br\/2022\/2021\/11\/23\/enem-estudantes-com-covid-19-podem-pedir-reaplicacao-da-prova\/\" \/>\n<meta property=\"og:locale\" content=\"pt_BR\" \/>\n<meta property=\"og:type\" content=\"article\" \/>\n<meta property=\"og:title\" content=\"Enem: estudantes com covid-19 podem pedir reaplica\u00e7\u00e3o da prova - Regi\u00e3o News\" \/>\n<meta property=\"og:description\" content=\"O Exame Nacional do Ensino M\u00e9dio (Enem) 2021, assim como\" \/>\n<meta property=\"og:url\" content=\"https:\/\/regiaonews.net.br\/2022\/2021\/11\/23\/enem-estudantes-com-covid-19-podem-pedir-reaplicacao-da-prova\/\" \/>\n<meta property=\"og:site_name\" content=\"Regi\u00e3o News\" \/>\n<meta property=\"article:published_time\" content=\"2021-11-23T18:08:09+00:00\" \/>\n<meta property=\"og:image\" content=\"https:\/\/regiaonews.net.br\/2022\/wp-content\/uploads\/2021\/11\/IMG-20211121-WA0216.jpg\" \/>\n\t<meta property=\"og:image:width\" content=\"1280\" \/>\n\t<meta property=\"og:image:height\" content=\"960\" \/>\n\t<meta property=\"og:image:type\" content=\"image\/jpeg\" \/>\n<meta name=\"author\" content=\"Roberto\" \/>\n<meta name=\"twitter:card\" content=\"summary_large_image\" \/>\n<meta name=\"twitter:label1\" content=\"Escrito por\" \/>\n\t<meta name=\"twitter:data1\" content=\"Roberto\" \/>\n\t<meta name=\"twitter:label2\" content=\"Est. tempo de leitura\" \/>\n\t<meta name=\"twitter:data2\" content=\"4 minutos\" \/>\n<script type=\"application\/ld+json\" class=\"yoast-schema-graph\">{\"@context\":\"https:\\\/\\\/schema.org\",\"@graph\":[{\"@type\":\"Article\",\"@id\":\"https:\\\/\\\/regiaonews.net.br\\\/2022\\\/2021\\\/11\\\/23\\\/enem-estudantes-com-covid-19-podem-pedir-reaplicacao-da-prova\\\/#article\",\"isPartOf\":{\"@id\":\"https:\\\/\\\/regiaonews.net.br\\\/2022\\\/2021\\\/11\\\/23\\\/enem-estudantes-com-covid-19-podem-pedir-reaplicacao-da-prova\\\/\"},\"author\":{\"name\":\"Roberto\",\"@id\":\"https:\\\/\\\/regiaonews.net.br\\\/2022\\\/#\\\/schema\\\/person\\\/2d205a608a5aa97ac279d7a5e6d89ad8\"},\"headline\":\"Enem: estudantes com covid-19 podem pedir reaplica\u00e7\u00e3o da prova\",\"datePublished\":\"2021-11-23T18:08:09+00:00\",\"mainEntityOfPage\":{\"@id\":\"https:\\\/\\\/regiaonews.net.br\\\/2022\\\/2021\\\/11\\\/23\\\/enem-estudantes-com-covid-19-podem-pedir-reaplicacao-da-prova\\\/\"},\"wordCount\":727,\"commentCount\":0,\"publisher\":{\"@id\":\"https:\\\/\\\/regiaonews.net.br\\\/2022\\\/#organization\"},\"image\":{\"@id\":\"https:\\\/\\\/regiaonews.net.br\\\/2022\\\/2021\\\/11\\\/23\\\/enem-estudantes-com-covid-19-podem-pedir-reaplicacao-da-prova\\\/#primaryimage\"},\"thumbnailUrl\":\"https:\\\/\\\/regiaonews.net.br\\\/2022\\\/wp-content\\\/uploads\\\/2021\\\/11\\\/IMG-20211121-WA0216.jpg\",\"articleSection\":[\"Brasil\",\"Cidades\",\"Educa\u00e7\u00e3o\"],\"inLanguage\":\"pt-BR\",\"potentialAction\":[{\"@type\":\"CommentAction\",\"name\":\"Comment\",\"target\":[\"https:\\\/\\\/regiaonews.net.br\\\/2022\\\/2021\\\/11\\\/23\\\/enem-estudantes-com-covid-19-podem-pedir-reaplicacao-da-prova\\\/#respond\"]}]},{\"@type\":\"WebPage\",\"@id\":\"https:\\\/\\\/regiaonews.net.br\\\/2022\\\/2021\\\/11\\\/23\\\/enem-estudantes-com-covid-19-podem-pedir-reaplicacao-da-prova\\\/\",\"url\":\"https:\\\/\\\/regiaonews.net.br\\\/2022\\\/2021\\\/11\\\/23\\\/enem-estudantes-com-covid-19-podem-pedir-reaplicacao-da-prova\\\/\",\"name\":\"Enem: estudantes com covid-19 podem pedir reaplica\u00e7\u00e3o da prova - Regi\u00e3o News\",\"isPartOf\":{\"@id\":\"https:\\\/\\\/regiaonews.net.br\\\/2022\\\/#website\"},\"primaryImageOfPage\":{\"@id\":\"https:\\\/\\\/regiaonews.net.br\\\/2022\\\/2021\\\/11\\\/23\\\/enem-estudantes-com-covid-19-podem-pedir-reaplicacao-da-prova\\\/#primaryimage\"},\"image\":{\"@id\":\"https:\\\/\\\/regiaonews.net.br\\\/2022\\\/2021\\\/11\\\/23\\\/enem-estudantes-com-covid-19-podem-pedir-reaplicacao-da-prova\\\/#primaryimage\"},\"thumbnailUrl\":\"https:\\\/\\\/regiaonews.net.br\\\/2022\\\/wp-content\\\/uploads\\\/2021\\\/11\\\/IMG-20211121-WA0216.jpg\",\"datePublished\":\"2021-11-23T18:08:09+00:00\",\"breadcrumb\":{\"@id\":\"https:\\\/\\\/regiaonews.net.br\\\/2022\\\/2021\\\/11\\\/23\\\/enem-estudantes-com-covid-19-podem-pedir-reaplicacao-da-prova\\\/#breadcrumb\"},\"inLanguage\":\"pt-BR\",\"potentialAction\":[{\"@type\":\"ReadAction\",\"target\":[\"https:\\\/\\\/regiaonews.net.br\\\/2022\\\/2021\\\/11\\\/23\\\/enem-estudantes-com-covid-19-podem-pedir-reaplicacao-da-prova\\\/\"]}]},{\"@type\":\"ImageObject\",\"inLanguage\":\"pt-BR\",\"@id\":\"https:\\\/\\\/regiaonews.net.br\\\/2022\\\/2021\\\/11\\\/23\\\/enem-estudantes-com-covid-19-podem-pedir-reaplicacao-da-prova\\\/#primaryimage\",\"url\":\"https:\\\/\\\/regiaonews.net.br\\\/2022\\\/wp-content\\\/uploads\\\/2021\\\/11\\\/IMG-20211121-WA0216.jpg\",\"contentUrl\":\"https:\\\/\\\/regiaonews.net.br\\\/2022\\\/wp-content\\\/uploads\\\/2021\\\/11\\\/IMG-20211121-WA0216.jpg\",\"width\":1280,\"height\":960},{\"@type\":\"BreadcrumbList\",\"@id\":\"https:\\\/\\\/regiaonews.net.br\\\/2022\\\/2021\\\/11\\\/23\\\/enem-estudantes-com-covid-19-podem-pedir-reaplicacao-da-prova\\\/#breadcrumb\",\"itemListElement\":[{\"@type\":\"ListItem\",\"position\":1,\"name\":\"In\u00edcio\",\"item\":\"https:\\\/\\\/regiaonews.net.br\\\/2022\\\/\"},{\"@type\":\"ListItem\",\"position\":2,\"name\":\"Enem: estudantes com covid-19 podem pedir reaplica\u00e7\u00e3o da prova\"}]},{\"@type\":\"WebSite\",\"@id\":\"https:\\\/\\\/regiaonews.net.br\\\/2022\\\/#website\",\"url\":\"https:\\\/\\\/regiaonews.net.br\\\/2022\\\/\",\"name\":\"Regi\u00e3o News\",\"description\":\"Site de Not\u00edcias de Barretos e regi\u00e3o\",\"publisher\":{\"@id\":\"https:\\\/\\\/regiaonews.net.br\\\/2022\\\/#organization\"},\"potentialAction\":[{\"@type\":\"SearchAction\",\"target\":{\"@type\":\"EntryPoint\",\"urlTemplate\":\"https:\\\/\\\/regiaonews.net.br\\\/2022\\\/?s={search_term_string}\"},\"query-input\":{\"@type\":\"PropertyValueSpecification\",\"valueRequired\":true,\"valueName\":\"search_term_string\"}}],\"inLanguage\":\"pt-BR\"},{\"@type\":\"Organization\",\"@id\":\"https:\\\/\\\/regiaonews.net.br\\\/2022\\\/#organization\",\"name\":\"Regi\u00e3o News\",\"url\":\"https:\\\/\\\/regiaonews.net.br\\\/2022\\\/\",\"logo\":{\"@type\":\"ImageObject\",\"inLanguage\":\"pt-BR\",\"@id\":\"https:\\\/\\\/regiaonews.net.br\\\/2022\\\/#\\\/schema\\\/logo\\\/image\\\/\",\"url\":\"https:\\\/\\\/regiaonews.net.br\\\/2022\\\/wp-content\\\/uploads\\\/2026\\\/03\\\/regiao-13-anos-scaled.jpg\",\"contentUrl\":\"https:\\\/\\\/regiaonews.net.br\\\/2022\\\/wp-content\\\/uploads\\\/2026\\\/03\\\/regiao-13-anos-scaled.jpg\",\"width\":2560,\"height\":635,\"caption\":\"Regi\u00e3o News\"},\"image\":{\"@id\":\"https:\\\/\\\/regiaonews.net.br\\\/2022\\\/#\\\/schema\\\/logo\\\/image\\\/\"}},{\"@type\":\"Person\",\"@id\":\"https:\\\/\\\/regiaonews.net.br\\\/2022\\\/#\\\/schema\\\/person\\\/2d205a608a5aa97ac279d7a5e6d89ad8\",\"name\":\"Roberto\",\"image\":{\"@type\":\"ImageObject\",\"inLanguage\":\"pt-BR\",\"@id\":\"https:\\\/\\\/secure.gravatar.com\\\/avatar\\\/42749d8b712ff9d59ca93dc150494e5b55a44134482993f5baeb97e61b7ecc89?s=96&d=mm&r=g\",\"url\":\"https:\\\/\\\/secure.gravatar.com\\\/avatar\\\/42749d8b712ff9d59ca93dc150494e5b55a44134482993f5baeb97e61b7ecc89?s=96&d=mm&r=g\",\"contentUrl\":\"https:\\\/\\\/secure.gravatar.com\\\/avatar\\\/42749d8b712ff9d59ca93dc150494e5b55a44134482993f5baeb97e61b7ecc89?s=96&d=mm&r=g\",\"caption\":\"Roberto\"},\"url\":\"https:\\\/\\\/regiaonews.net.br\\\/2022\\\/author\\\/roberto\\\/\"}]}<\/script>\n<!-- \/ Yoast SEO plugin. -->","yoast_head_json":{"title":"Enem: estudantes com covid-19 podem pedir reaplica\u00e7\u00e3o da prova - Regi\u00e3o News","robots":{"index":"index","follow":"follow","max-snippet":"max-snippet:-1","max-image-preview":"max-image-preview:large","max-video-preview":"max-video-preview:-1"},"canonical":"https:\/\/regiaonews.net.br\/2022\/2021\/11\/23\/enem-estudantes-com-covid-19-podem-pedir-reaplicacao-da-prova\/","og_locale":"pt_BR","og_type":"article","og_title":"Enem: estudantes com covid-19 podem pedir reaplica\u00e7\u00e3o da prova - Regi\u00e3o News","og_description":"O Exame Nacional do Ensino M\u00e9dio (Enem) 2021, assim como","og_url":"https:\/\/regiaonews.net.br\/2022\/2021\/11\/23\/enem-estudantes-com-covid-19-podem-pedir-reaplicacao-da-prova\/","og_site_name":"Regi\u00e3o News","article_published_time":"2021-11-23T18:08:09+00:00","og_image":[{"width":1280,"height":960,"url":"https:\/\/regiaonews.net.br\/2022\/wp-content\/uploads\/2021\/11\/IMG-20211121-WA0216.jpg","type":"image\/jpeg"}],"author":"Roberto","twitter_card":"summary_large_image","twitter_misc":{"Escrito por":"Roberto","Est. tempo de leitura":"4 minutos"},"schema":{"@context":"https:\/\/schema.org","@graph":[{"@type":"Article","@id":"https:\/\/regiaonews.net.br\/2022\/2021\/11\/23\/enem-estudantes-com-covid-19-podem-pedir-reaplicacao-da-prova\/#article","isPartOf":{"@id":"https:\/\/regiaonews.net.br\/2022\/2021\/11\/23\/enem-estudantes-com-covid-19-podem-pedir-reaplicacao-da-prova\/"},"author":{"name":"Roberto","@id":"https:\/\/regiaonews.net.br\/2022\/#\/schema\/person\/2d205a608a5aa97ac279d7a5e6d89ad8"},"headline":"Enem: estudantes com covid-19 podem pedir reaplica\u00e7\u00e3o da prova","datePublished":"2021-11-23T18:08:09+00:00","mainEntityOfPage":{"@id":"https:\/\/regiaonews.net.br\/2022\/2021\/11\/23\/enem-estudantes-com-covid-19-podem-pedir-reaplicacao-da-prova\/"},"wordCount":727,"commentCount":0,"publisher":{"@id":"https:\/\/regiaonews.net.br\/2022\/#organization"},"image":{"@id":"https:\/\/regiaonews.net.br\/2022\/2021\/11\/23\/enem-estudantes-com-covid-19-podem-pedir-reaplicacao-da-prova\/#primaryimage"},"thumbnailUrl":"https:\/\/regiaonews.net.br\/2022\/wp-content\/uploads\/2021\/11\/IMG-20211121-WA0216.jpg","articleSection":["Brasil","Cidades","Educa\u00e7\u00e3o"],"inLanguage":"pt-BR","potentialAction":[{"@type":"CommentAction","name":"Comment","target":["https:\/\/regiaonews.net.br\/2022\/2021\/11\/23\/enem-estudantes-com-covid-19-podem-pedir-reaplicacao-da-prova\/#respond"]}]},{"@type":"WebPage","@id":"https:\/\/regiaonews.net.br\/2022\/2021\/11\/23\/enem-estudantes-com-covid-19-podem-pedir-reaplicacao-da-prova\/","url":"https:\/\/regiaonews.net.br\/2022\/2021\/11\/23\/enem-estudantes-com-covid-19-podem-pedir-reaplicacao-da-prova\/","name":"Enem: estudantes com covid-19 podem pedir reaplica\u00e7\u00e3o da prova - Regi\u00e3o News","isPartOf":{"@id":"https:\/\/regiaonews.net.br\/2022\/#website"},"primaryImageOfPage":{"@id":"https:\/\/regiaonews.net.br\/2022\/2021\/11\/23\/enem-estudantes-com-covid-19-podem-pedir-reaplicacao-da-prova\/#primaryimage"},"image":{"@id":"https:\/\/regiaonews.net.br\/2022\/2021\/11\/23\/enem-estudantes-com-covid-19-podem-pedir-reaplicacao-da-prova\/#primaryimage"},"thumbnailUrl":"https:\/\/regiaonews.net.br\/2022\/wp-content\/uploads\/2021\/11\/IMG-20211121-WA0216.jpg","datePublished":"2021-11-23T18:08:09+00:00","breadcrumb":{"@id":"https:\/\/regiaonews.net.br\/2022\/2021\/11\/23\/enem-estudantes-com-covid-19-podem-pedir-reaplicacao-da-prova\/#breadcrumb"},"inLanguage":"pt-BR","potentialAction":[{"@type":"ReadAction","target":["https:\/\/regiaonews.net.br\/2022\/2021\/11\/23\/enem-estudantes-com-covid-19-podem-pedir-reaplicacao-da-prova\/"]}]},{"@type":"ImageObject","inLanguage":"pt-BR","@id":"https:\/\/regiaonews.net.br\/2022\/2021\/11\/23\/enem-estudantes-com-covid-19-podem-pedir-reaplicacao-da-prova\/#primaryimage","url":"https:\/\/regiaonews.net.br\/2022\/wp-content\/uploads\/2021\/11\/IMG-20211121-WA0216.jpg","contentUrl":"https:\/\/regiaonews.net.br\/2022\/wp-content\/uploads\/2021\/11\/IMG-20211121-WA0216.jpg","width":1280,"height":960},{"@type":"BreadcrumbList","@id":"https:\/\/regiaonews.net.br\/2022\/2021\/11\/23\/enem-estudantes-com-covid-19-podem-pedir-reaplicacao-da-prova\/#breadcrumb","itemListElement":[{"@type":"ListItem","position":1,"name":"In\u00edcio","item":"https:\/\/regiaonews.net.br\/2022\/"},{"@type":"ListItem","position":2,"name":"Enem: estudantes com covid-19 podem pedir reaplica\u00e7\u00e3o da prova"}]},{"@type":"WebSite","@id":"https:\/\/regiaonews.net.br\/2022\/#website","url":"https:\/\/regiaonews.net.br\/2022\/","name":"Regi\u00e3o News","description":"Site de Not\u00edcias de Barretos e regi\u00e3o","publisher":{"@id":"https:\/\/regiaonews.net.br\/2022\/#organization"},"potentialAction":[{"@type":"SearchAction","target":{"@type":"EntryPoint","urlTemplate":"https:\/\/regiaonews.net.br\/2022\/?s={search_term_string}"},"query-input":{"@type":"PropertyValueSpecification","valueRequired":true,"valueName":"search_term_string"}}],"inLanguage":"pt-BR"},{"@type":"Organization","@id":"https:\/\/regiaonews.net.br\/2022\/#organization","name":"Regi\u00e3o News","url":"https:\/\/regiaonews.net.br\/2022\/","logo":{"@type":"ImageObject","inLanguage":"pt-BR","@id":"https:\/\/regiaonews.net.br\/2022\/#\/schema\/logo\/image\/","url":"https:\/\/regiaonews.net.br\/2022\/wp-content\/uploads\/2026\/03\/regiao-13-anos-scaled.jpg","contentUrl":"https:\/\/regiaonews.net.br\/2022\/wp-content\/uploads\/2026\/03\/regiao-13-anos-scaled.jpg","width":2560,"height":635,"caption":"Regi\u00e3o News"},"image":{"@id":"https:\/\/regiaonews.net.br\/2022\/#\/schema\/logo\/image\/"}},{"@type":"Person","@id":"https:\/\/regiaonews.net.br\/2022\/#\/schema\/person\/2d205a608a5aa97ac279d7a5e6d89ad8","name":"Roberto","image":{"@type":"ImageObject","inLanguage":"pt-BR","@id":"https:\/\/secure.gravatar.com\/avatar\/42749d8b712ff9d59ca93dc150494e5b55a44134482993f5baeb97e61b7ecc89?s=96&d=mm&r=g","url":"https:\/\/secure.gravatar.com\/avatar\/42749d8b712ff9d59ca93dc150494e5b55a44134482993f5baeb97e61b7ecc89?s=96&d=mm&r=g","contentUrl":"https:\/\/secure.gravatar.com\/avatar\/42749d8b712ff9d59ca93dc150494e5b55a44134482993f5baeb97e61b7ecc89?s=96&d=mm&r=g","caption":"Roberto"},"url":"https:\/\/regiaonews.net.br\/2022\/author\/roberto\/"}]}},"publishpress_future_action":{"enabled":false,"date":"2026-05-05 16:40:46","action":"change-status","newStatus":"draft","terms":[],"taxonomy":"category","extraData":[]},"publishpress_future_workflow_manual_trigger":{"enabledWorkflows":[]},"_links":{"self":[{"href":"https:\/\/regiaonews.net.br\/2022\/wp-json\/wp\/v2\/posts\/56739","targetHints":{"allow":["GET"]}}],"collection":[{"href":"https:\/\/regiaonews.net.br\/2022\/wp-json\/wp\/v2\/posts"}],"about":[{"href":"https:\/\/regiaonews.net.br\/2022\/wp-json\/wp\/v2\/types\/post"}],"author":[{"embeddable":true,"href":"https:\/\/regiaonews.net.br\/2022\/wp-json\/wp\/v2\/users\/2"}],"replies":[{"embeddable":true,"href":"https:\/\/regiaonews.net.br\/2022\/wp-json\/wp\/v2\/comments?post=56739"}],"version-history":[{"count":0,"href":"https:\/\/regiaonews.net.br\/2022\/wp-json\/wp\/v2\/posts\/56739\/revisions"}],"wp:featuredmedia":[{"embeddable":true,"href":"https:\/\/regiaonews.net.br\/2022\/wp-json\/wp\/v2\/media\/56628"}],"wp:attachment":[{"href":"https:\/\/regiaonews.net.br\/2022\/wp-json\/wp\/v2\/media?parent=56739"}],"wp:term":[{"taxonomy":"category","embeddable":true,"href":"https:\/\/regiaonews.net.br\/2022\/wp-json\/wp\/v2\/categories?post=56739"},{"taxonomy":"post_tag","embeddable":true,"href":"https:\/\/regiaonews.net.br\/2022\/wp-json\/wp\/v2\/tags?post=56739"}],"curies":[{"name":"wp","href":"https:\/\/api.w.org\/{rel}","templated":true}]}}