{"id":56707,"date":"2021-11-22T23:38:36","date_gmt":"2021-11-23T02:38:36","guid":{"rendered":"https:\/\/regiaonews.net.br\/2022\/?p=56707"},"modified":"2021-11-22T23:38:36","modified_gmt":"2021-11-23T02:38:36","slug":"diocese-realizou-exumacao-para-processo-de-beatificacao-de-padre-andre","status":"publish","type":"post","link":"https:\/\/regiaonews.net.br\/2022\/2021\/11\/22\/diocese-realizou-exumacao-para-processo-de-beatificacao-de-padre-andre\/","title":{"rendered":"Diocese realizou exuma\u00e7\u00e3o para processo de beatifica\u00e7\u00e3o de padre Andr\u00e9"},"content":{"rendered":"<p><a href=\"https:\/\/regiaonews.net.br\/2022\/wp-content\/uploads\/2021\/11\/IMG-20211122-WA0271.jpg\"><img loading=\"lazy\" decoding=\"async\" class=\"alignnone size-medium wp-image-56708\" src=\"https:\/\/regiaonews.net.br\/2022\/wp-content\/uploads\/2021\/11\/IMG-20211122-WA0271-300x200.jpg\" alt=\"\" width=\"300\" height=\"200\" \/><\/a> <a href=\"https:\/\/regiaonews.net.br\/2022\/wp-content\/uploads\/2021\/11\/IMG-20211122-WA0272.jpg\"><img loading=\"lazy\" decoding=\"async\" class=\"alignnone size-medium wp-image-56709\" src=\"https:\/\/regiaonews.net.br\/2022\/wp-content\/uploads\/2021\/11\/IMG-20211122-WA0272-300x200.jpg\" alt=\"\" width=\"300\" height=\"200\" \/><\/a> <a href=\"https:\/\/regiaonews.net.br\/2022\/wp-content\/uploads\/2021\/11\/IMG-20211122-WA0273.jpg\"><img loading=\"lazy\" decoding=\"async\" class=\"alignnone size-medium wp-image-56710\" src=\"https:\/\/regiaonews.net.br\/2022\/wp-content\/uploads\/2021\/11\/IMG-20211122-WA0273-300x200.jpg\" alt=\"\" width=\"300\" height=\"200\" \/><\/a><\/p>\n<div class=\"glb-grid\">\n<div class=\"app-banner -android\" data-track-category=\"AppBanner\"><\/div>\n<div id=\"glb-topo\" class=\"glb-topo\" data-header=\"new\">\n<header id=\"header-produto\" class=\"header-navegacao header- header-editoria  header-ready\" data-analytics=\"T\">\n<div id=\"glbbarrawidget\" class=\"glbbarrawidget\"><a class=\"header-editoria--link header-editoria-multiline\" href=\"https:\/\/g1.globo.com\/sp\/ribeirao-preto-franca\/\"><span class=\"ellip\"><span class=\"ellip-first-line\">\u00a0<\/span><\/span><\/a><\/div>\n<\/header>\n<\/div>\n<p><main class=\"mc-body theme\"><\/p>\n<div class=\"row glb-mc-banner-top glb-mc-banner-top--is-sticky\">\n<div class=\"publicidade publicidade-banner_materia_topo\">\n<div id=\"banner_materia_topo\" class=\"tag-manager-publicidade-container tag-manager-publicidade-banner_materia_topo tag-manager-publicidade-container--carregado tag-manager-publicidade-container--visivel\" data-req=\"true\" data-cid=\"138372012368\" data-lid=\"5821895463\" data-google-query-id=\"CPfX84i4rfQCFcgFuQYdP08B5g\">\n<div id=\"google_ads_iframe_\/95377733\/tvg_G1\/Sua_Regiao&gt;Sudeste&gt;Sao_Paulo_(Ribeirao_Preto)_0__container__\" style=\"box-sizing: inherit; margin: auto; padding: 0px; border: 0pt none; font: inherit; vertical-align: initial; text-align: center; width: 320px; height: 50px;\"><\/div>\n<\/div>\n<\/div>\n<\/div>\n<div class=\"content__signa-share\">\n<div class=\"content__share-bar content__share-bar--cloned\" data-position=\"upper\">Celebra\u00e7\u00e3o de exuma\u00e7\u00e3o do padre Andr\u00e9, em Barretos (SP) \u2014 Foto: Milton Figueiredo<\/div>\n<\/div>\n<div class=\"mc-article-body cropped\">\n<article>\n<div class=\"mc-column\" data-block-type=\"ads\" data-block-id=\"1\">\n<div id=\"content-ads-banner_materia1\" class=\"content-ads content-ads--regular content-ads--smart-size\">\n<div id=\"banner_materia1\" class=\"tag-manager-publicidade-container mc-has-ad-lazyload tag-manager-publicidade-banner_materia1 tag-manager-publicidade-container--carregado tag-manager-publicidade-container--visivel\" data-id=\"banner_materia1\" data-req=\"true\" data-google-query-id=\"CIHMzOO3rfQCFeMFuQYdlMcJZw\" data-cid=\"138353653000\" data-lid=\"5500141170\">\n<div id=\"google_ads_iframe_\/95377733\/tvg_G1\/Sua_Regiao&gt;Sudeste&gt;Sao_Paulo_(Ribeirao_Preto)_1__container__\" style=\"box-sizing: inherit; margin: auto; padding: 0px; border: 0pt none; font: inherit; vertical-align: initial; max-width: 100%; text-align: center;\"><\/div>\n<\/div>\n<\/div>\n<\/div>\n<div class=\"mc-column content-text active-extra-styles \" data-block-type=\"unstyled\" data-block-weight=\"31\" data-block-id=\"2\">\n<p class=\"content-text__container \" data-track-category=\"Link no Texto\" data-track-links=\"\">A Diocese de Barretos\u00a0 realizou nesta segunda-feiralllll (22) a exuma\u00e7\u00e3o dos restos mortais do padre italiano Andr\u00e9 Bortolameotti [1919 \u2013 2010], como parte de um <a href=\"https:\/\/g1.globo.com\/sp\/ribeirao-preto-franca\/noticia\/2018\/07\/28\/comunidade-catolica-de-barretos-se-mobiliza-por-canonizacao-do-padre-andre.ghtml\">processo de beatifica\u00e7\u00e3o no Vaticano<\/a>.<\/p>\n<\/div>\n<div class=\"wall protected-content\">\n<div class=\"mc-column content-text active-extra-styles \" data-block-type=\"unstyled\" data-block-weight=\"44\" data-block-id=\"3\">\n<p class=\"content-text__container \" data-track-category=\"Link no Texto\" data-track-links=\"\">A retirada dos ossos ocorreu no Santu\u00e1rio Diocesano Nossa Senhora do Ros\u00e1rio, onde o religioso atuou e foi sepultado, e \u00e9 parte da causa que pode levar o sacerdote a ser considerado vener\u00e1vel pela Igreja Cat\u00f3lica, ou seja, com virtudes her\u00f3icas atribu\u00eddas a ele.<\/p>\n<\/div>\n<div class=\"mc-column content-text active-extra-styles\" data-block-type=\"raw\" data-block-weight=\"11\" data-block-id=\"6\">\n<p>&nbsp;<\/p>\n<\/div>\n<div class=\"mc-column content-text active-extra-styles \" data-block-type=\"unstyled\" data-block-weight=\"44\" data-block-id=\"7\">\n<p class=\"content-text__container \" data-track-category=\"Link no Texto\" data-track-links=\"\">Padre Andr\u00e9 deixou a It\u00e1lia rumo ao Brasil em 1967. De maio de 1984 at\u00e9 sua morte, em outubro de 2010, atuou em Barretos, onde deixou admiradores por seu trabalho social e paroquial, al\u00e9m de motivar relatos de gra\u00e7as alcan\u00e7adas por sua intercess\u00e3o.<\/p>\n<\/div>\n<div class=\"mc-column content-text active-extra-styles \" data-block-type=\"unstyled\" data-block-weight=\"16\" data-block-id=\"8\">\n<p class=\"content-text__container \" data-track-category=\"Link no Texto\" data-track-links=\"\">Em 2016, a abertura do processo foi aceita pelo Vaticano, que o declarou servo de Deus.<\/p>\n<\/div>\n<div class=\"mc-column content-text active-extra-styles\" data-block-type=\"raw\" data-block-weight=\"2\" data-block-id=\"9\">\n<p>&nbsp;<\/p>\n<\/div>\n<div class=\"mc-column content-text active-extra-styles \" data-block-type=\"unstyled\" data-block-weight=\"43\" data-block-id=\"12\">\n<p class=\"content-text__container \" data-track-category=\"Link no Texto\" data-track-links=\"\">A\u00a0 cerim\u00f4nia, com ora\u00e7\u00e3o e testemunhos de devotos, para retirada do caix\u00e3o com os ossos, que foi levado para tratamento que deve durar at\u00e9 uma semana em uma sala especial, segundo o padre Tiago Medeiros, perito em exuma\u00e7\u00e3o.<\/p>\n<\/div>\n<div class=\"mc-column content-text active-extra-styles \" data-block-type=\"unstyled\" data-block-weight=\"20\" data-block-id=\"13\">\n<p class=\"content-text__container \" data-track-category=\"Link no Texto\" data-track-links=\"\">&#8220;Nessa sala s\u00e3o separados ossos, roupa, \u00e9 tudo colocado para tratamento de conserva\u00e7\u00e3o, tudo vai ser limpo e tratado&#8221;, explica.<\/p>\n<\/div>\n<div class=\"mc-column content-text active-extra-styles \" data-block-type=\"unstyled\" data-block-weight=\"29\" data-block-id=\"14\">\n<p class=\"content-text__container \" data-track-category=\"Link no Texto\" data-track-links=\"\">Uma missa com a lacra\u00e7\u00e3o da urna com os restos mortais de padr\u00e9 Andr\u00e9 ser\u00e1 realizada na pr\u00f3xima segunda-feira (29), \u00e0s 19h30, no Santu\u00e1rio Nossa Senhora do Ros\u00e1rio.<\/p>\n<\/div>\n<div class=\"mc-column content-text active-extra-styles \" data-block-type=\"unstyled\" data-block-weight=\"33\" data-block-id=\"15\"><\/div>\n<div class=\"row medium-uncollapsed content-media content-photo\" data-block-type=\"backstage-photo\" data-block-id=\"28\">\n<div class=\"mc-column content-media__container\">\n<p class=\"content-media__description \">\n<\/div>\n<\/div>\n<div class=\"mc-column content-text active-extra-styles \" data-block-type=\"unstyled\" data-block-weight=\"11\" data-block-id=\"29\"><\/div>\n<\/div>\n<\/article>\n<\/div>\n<p><\/main><\/p>\n<div class=\"mc-bottom\">\n<div class=\"feed theme-border-color-primary\">\n<div data-track-category=\"feed\" data-track-action=\"botao mais noticias\" data-track-noninteraction=\"false\" data-track-scroll=\"interacao | carregamento 000\">\n<div class=\"theme\">\n<div id=\"bstn-launcher\" class=\"fore-posts-setted fore-posts-3 bsl-has-fore-posts bsl-has-items bsl-no-headline-variation bstn-channel-smart bstn-api-multi-content bstn-tenant-g1\" data-buildversion=\"11.0.1\" data-namespace=\"dsframework\" data-jshash=\"2021099fb8ce3b8dcf6be340411cb66f15f8d8\" data-csshash=\"202109ed66cd6dd5dbf855e6dd3aa92e287555\">\n<div id=\"bstn-fd-launcher\">\n<div class=\"feed-root\">\n<div id=\"feed-placeholder\" class=\"feed-placeholder\">\n<div class=\"_b\">\n<div class=\"bstn-fd bstn-fd-csr bstn-fd-recommended\">\n<div class=\"_l\">\n<div class=\"_b\">\n<div class=\"bastian-page\" data-index=\"1\">\n<div class=\"_l\">\n<div class=\"_b\">\n<div class=\"bastian-feed-item\" data-type=\"materia\" data-index=\"2\">\n<div id=\"aef3713ada3574e0e94cf942b57d1092\" class=\"feed-post bstn-item-shape type-materia\">\n<div class=\"feed-post-body\">\n<div class=\"feed-media-wrapper\">\n<div class=\"bstn-fd-item-cover bstn-fd-video-cover\" data-video-id=\"10061859\" data-short-url=\"https:\/\/g1.globo.com\/sp\/itapetininga-regiao\/noticia\/2021\/11\/22\/caso-susana-policia-prende-suspeito-de-roubar-e-matar-mulher-que-sumiu-apos-sair-com-carro-da-empresa.ghtml#G1-FEED-REGIONAIS-SMART-item-sel-26,rec-cfi-500minVisit,4d89d4cb-b641-43aa-afc8-a6c305784d86\" data-link=\"https:\/\/g1.globo.com\/sp\/itapetininga-regiao\/noticia\/2021\/11\/22\/caso-susana-policia-prende-suspeito-de-roubar-e-matar-mulher-que-sumiu-apos-sair-com-carro-da-empresa.ghtml#G1-FEED-REGIONAIS-SMART-item-sel-26,rec-cfi-500minVisit,4d89d4cb-b641-43aa-afc8-a6c305784d86\" data-program-title=\"G1 TV TEM\" data-title=\"Caso Susana: pol\u00edcia prende suspeito de roubar e matar mulher que sumiu ap\u00f3s sair com carro da empresa\">\n<div class=\"feed-cover-content\">\n<div class=\"bstn-fd-play-button\">\n<p class=\"feed-post-video-duration\">\n<\/div>\n<\/div>\n<\/div>\n<\/div>\n<\/div>\n<\/div>\n<\/div>\n<\/div>\n<div class=\"_b\">\n<div class=\"bastian-feed-item\" data-type=\"materia\" data-index=\"3\">\n<div id=\"207f86b85c6ff5f8b61489f7e568688e\" class=\"feed-post bstn-item-shape type-materia\">\n<div class=\"feed-post-body\">\n<div class=\"feed-post-body-resumo\">Fonte Ag\u00eancia Brasil<\/div>\n<\/div>\n<\/div>\n<\/div>\n<\/div>\n<\/div>\n<\/div>\n<\/div>\n<\/div>\n<\/div>\n<\/div>\n<\/div>\n<\/div>\n<\/div>\n<\/div>\n<\/div>\n<\/div>\n<\/div>\n<\/div>\n<\/div>\n","protected":false},"excerpt":{"rendered":"<p>\u00a0 Celebra\u00e7\u00e3o de exuma\u00e7\u00e3o do padre Andr\u00e9, em Barretos (SP)<\/p>\n","protected":false},"author":2,"featured_media":56710,"comment_status":"open","ping_status":"open","sticky":false,"template":"","format":"standard","meta":{"footnotes":""},"categories":[14,25],"tags":[],"class_list":["post-56707","post","type-post","status-publish","format-standard","has-post-thumbnail","hentry","category-barretos","category-cidades"],"yoast_head":"<!-- This site is optimized with the Yoast SEO plugin v27.4 - https:\/\/yoast.com\/product\/yoast-seo-wordpress\/ -->\n<title>Diocese realizou exuma\u00e7\u00e3o para processo de beatifica\u00e7\u00e3o de padre Andr\u00e9 - Regi\u00e3o News<\/title>\n<meta name=\"robots\" content=\"index, follow, max-snippet:-1, max-image-preview:large, max-video-preview:-1\" \/>\n<link rel=\"canonical\" href=\"https:\/\/regiaonews.net.br\/2022\/2021\/11\/22\/diocese-realizou-exumacao-para-processo-de-beatificacao-de-padre-andre\/\" \/>\n<meta property=\"og:locale\" content=\"pt_BR\" \/>\n<meta property=\"og:type\" content=\"article\" \/>\n<meta property=\"og:title\" content=\"Diocese realizou exuma\u00e7\u00e3o para processo de beatifica\u00e7\u00e3o de padre Andr\u00e9 - Regi\u00e3o News\" \/>\n<meta property=\"og:description\" content=\"\u00a0 Celebra\u00e7\u00e3o de exuma\u00e7\u00e3o do padre Andr\u00e9, em Barretos (SP)\" \/>\n<meta property=\"og:url\" content=\"https:\/\/regiaonews.net.br\/2022\/2021\/11\/22\/diocese-realizou-exumacao-para-processo-de-beatificacao-de-padre-andre\/\" \/>\n<meta property=\"og:site_name\" content=\"Regi\u00e3o News\" \/>\n<meta property=\"article:published_time\" content=\"2021-11-23T02:38:36+00:00\" \/>\n<meta property=\"og:image\" content=\"https:\/\/regiaonews.net.br\/2022\/wp-content\/uploads\/2021\/11\/IMG-20211122-WA0273.jpg\" \/>\n\t<meta property=\"og:image:width\" content=\"1280\" \/>\n\t<meta property=\"og:image:height\" content=\"853\" \/>\n\t<meta property=\"og:image:type\" content=\"image\/jpeg\" \/>\n<meta name=\"author\" content=\"Roberto\" \/>\n<meta name=\"twitter:card\" content=\"summary_large_image\" \/>\n<meta name=\"twitter:label1\" content=\"Escrito por\" \/>\n\t<meta name=\"twitter:data1\" content=\"Roberto\" \/>\n\t<meta name=\"twitter:label2\" content=\"Est. tempo de leitura\" \/>\n\t<meta name=\"twitter:data2\" content=\"2 minutos\" \/>\n<script type=\"application\/ld+json\" class=\"yoast-schema-graph\">{\"@context\":\"https:\\\/\\\/schema.org\",\"@graph\":[{\"@type\":\"Article\",\"@id\":\"https:\\\/\\\/regiaonews.net.br\\\/2022\\\/2021\\\/11\\\/22\\\/diocese-realizou-exumacao-para-processo-de-beatificacao-de-padre-andre\\\/#article\",\"isPartOf\":{\"@id\":\"https:\\\/\\\/regiaonews.net.br\\\/2022\\\/2021\\\/11\\\/22\\\/diocese-realizou-exumacao-para-processo-de-beatificacao-de-padre-andre\\\/\"},\"author\":{\"name\":\"Roberto\",\"@id\":\"https:\\\/\\\/regiaonews.net.br\\\/2022\\\/#\\\/schema\\\/person\\\/2d205a608a5aa97ac279d7a5e6d89ad8\"},\"headline\":\"Diocese realizou exuma\u00e7\u00e3o para processo de beatifica\u00e7\u00e3o de padre Andr\u00e9\",\"datePublished\":\"2021-11-23T02:38:36+00:00\",\"mainEntityOfPage\":{\"@id\":\"https:\\\/\\\/regiaonews.net.br\\\/2022\\\/2021\\\/11\\\/22\\\/diocese-realizou-exumacao-para-processo-de-beatificacao-de-padre-andre\\\/\"},\"wordCount\":263,\"commentCount\":0,\"publisher\":{\"@id\":\"https:\\\/\\\/regiaonews.net.br\\\/2022\\\/#organization\"},\"image\":{\"@id\":\"https:\\\/\\\/regiaonews.net.br\\\/2022\\\/2021\\\/11\\\/22\\\/diocese-realizou-exumacao-para-processo-de-beatificacao-de-padre-andre\\\/#primaryimage\"},\"thumbnailUrl\":\"https:\\\/\\\/regiaonews.net.br\\\/2022\\\/wp-content\\\/uploads\\\/2021\\\/11\\\/IMG-20211122-WA0273.jpg\",\"articleSection\":[\"Barretos\",\"Cidades\"],\"inLanguage\":\"pt-BR\",\"potentialAction\":[{\"@type\":\"CommentAction\",\"name\":\"Comment\",\"target\":[\"https:\\\/\\\/regiaonews.net.br\\\/2022\\\/2021\\\/11\\\/22\\\/diocese-realizou-exumacao-para-processo-de-beatificacao-de-padre-andre\\\/#respond\"]}]},{\"@type\":\"WebPage\",\"@id\":\"https:\\\/\\\/regiaonews.net.br\\\/2022\\\/2021\\\/11\\\/22\\\/diocese-realizou-exumacao-para-processo-de-beatificacao-de-padre-andre\\\/\",\"url\":\"https:\\\/\\\/regiaonews.net.br\\\/2022\\\/2021\\\/11\\\/22\\\/diocese-realizou-exumacao-para-processo-de-beatificacao-de-padre-andre\\\/\",\"name\":\"Diocese realizou exuma\u00e7\u00e3o para processo de beatifica\u00e7\u00e3o de padre Andr\u00e9 - Regi\u00e3o News\",\"isPartOf\":{\"@id\":\"https:\\\/\\\/regiaonews.net.br\\\/2022\\\/#website\"},\"primaryImageOfPage\":{\"@id\":\"https:\\\/\\\/regiaonews.net.br\\\/2022\\\/2021\\\/11\\\/22\\\/diocese-realizou-exumacao-para-processo-de-beatificacao-de-padre-andre\\\/#primaryimage\"},\"image\":{\"@id\":\"https:\\\/\\\/regiaonews.net.br\\\/2022\\\/2021\\\/11\\\/22\\\/diocese-realizou-exumacao-para-processo-de-beatificacao-de-padre-andre\\\/#primaryimage\"},\"thumbnailUrl\":\"https:\\\/\\\/regiaonews.net.br\\\/2022\\\/wp-content\\\/uploads\\\/2021\\\/11\\\/IMG-20211122-WA0273.jpg\",\"datePublished\":\"2021-11-23T02:38:36+00:00\",\"breadcrumb\":{\"@id\":\"https:\\\/\\\/regiaonews.net.br\\\/2022\\\/2021\\\/11\\\/22\\\/diocese-realizou-exumacao-para-processo-de-beatificacao-de-padre-andre\\\/#breadcrumb\"},\"inLanguage\":\"pt-BR\",\"potentialAction\":[{\"@type\":\"ReadAction\",\"target\":[\"https:\\\/\\\/regiaonews.net.br\\\/2022\\\/2021\\\/11\\\/22\\\/diocese-realizou-exumacao-para-processo-de-beatificacao-de-padre-andre\\\/\"]}]},{\"@type\":\"ImageObject\",\"inLanguage\":\"pt-BR\",\"@id\":\"https:\\\/\\\/regiaonews.net.br\\\/2022\\\/2021\\\/11\\\/22\\\/diocese-realizou-exumacao-para-processo-de-beatificacao-de-padre-andre\\\/#primaryimage\",\"url\":\"https:\\\/\\\/regiaonews.net.br\\\/2022\\\/wp-content\\\/uploads\\\/2021\\\/11\\\/IMG-20211122-WA0273.jpg\",\"contentUrl\":\"https:\\\/\\\/regiaonews.net.br\\\/2022\\\/wp-content\\\/uploads\\\/2021\\\/11\\\/IMG-20211122-WA0273.jpg\",\"width\":1280,\"height\":853},{\"@type\":\"BreadcrumbList\",\"@id\":\"https:\\\/\\\/regiaonews.net.br\\\/2022\\\/2021\\\/11\\\/22\\\/diocese-realizou-exumacao-para-processo-de-beatificacao-de-padre-andre\\\/#breadcrumb\",\"itemListElement\":[{\"@type\":\"ListItem\",\"position\":1,\"name\":\"In\u00edcio\",\"item\":\"https:\\\/\\\/regiaonews.net.br\\\/2022\\\/\"},{\"@type\":\"ListItem\",\"position\":2,\"name\":\"Diocese realizou exuma\u00e7\u00e3o para processo de beatifica\u00e7\u00e3o de padre Andr\u00e9\"}]},{\"@type\":\"WebSite\",\"@id\":\"https:\\\/\\\/regiaonews.net.br\\\/2022\\\/#website\",\"url\":\"https:\\\/\\\/regiaonews.net.br\\\/2022\\\/\",\"name\":\"Regi\u00e3o News\",\"description\":\"Site de Not\u00edcias de Barretos e regi\u00e3o\",\"publisher\":{\"@id\":\"https:\\\/\\\/regiaonews.net.br\\\/2022\\\/#organization\"},\"potentialAction\":[{\"@type\":\"SearchAction\",\"target\":{\"@type\":\"EntryPoint\",\"urlTemplate\":\"https:\\\/\\\/regiaonews.net.br\\\/2022\\\/?s={search_term_string}\"},\"query-input\":{\"@type\":\"PropertyValueSpecification\",\"valueRequired\":true,\"valueName\":\"search_term_string\"}}],\"inLanguage\":\"pt-BR\"},{\"@type\":\"Organization\",\"@id\":\"https:\\\/\\\/regiaonews.net.br\\\/2022\\\/#organization\",\"name\":\"Regi\u00e3o News\",\"url\":\"https:\\\/\\\/regiaonews.net.br\\\/2022\\\/\",\"logo\":{\"@type\":\"ImageObject\",\"inLanguage\":\"pt-BR\",\"@id\":\"https:\\\/\\\/regiaonews.net.br\\\/2022\\\/#\\\/schema\\\/logo\\\/image\\\/\",\"url\":\"https:\\\/\\\/regiaonews.net.br\\\/2022\\\/wp-content\\\/uploads\\\/2026\\\/03\\\/regiao-13-anos-scaled.jpg\",\"contentUrl\":\"https:\\\/\\\/regiaonews.net.br\\\/2022\\\/wp-content\\\/uploads\\\/2026\\\/03\\\/regiao-13-anos-scaled.jpg\",\"width\":2560,\"height\":635,\"caption\":\"Regi\u00e3o News\"},\"image\":{\"@id\":\"https:\\\/\\\/regiaonews.net.br\\\/2022\\\/#\\\/schema\\\/logo\\\/image\\\/\"}},{\"@type\":\"Person\",\"@id\":\"https:\\\/\\\/regiaonews.net.br\\\/2022\\\/#\\\/schema\\\/person\\\/2d205a608a5aa97ac279d7a5e6d89ad8\",\"name\":\"Roberto\",\"image\":{\"@type\":\"ImageObject\",\"inLanguage\":\"pt-BR\",\"@id\":\"https:\\\/\\\/secure.gravatar.com\\\/avatar\\\/42749d8b712ff9d59ca93dc150494e5b55a44134482993f5baeb97e61b7ecc89?s=96&d=mm&r=g\",\"url\":\"https:\\\/\\\/secure.gravatar.com\\\/avatar\\\/42749d8b712ff9d59ca93dc150494e5b55a44134482993f5baeb97e61b7ecc89?s=96&d=mm&r=g\",\"contentUrl\":\"https:\\\/\\\/secure.gravatar.com\\\/avatar\\\/42749d8b712ff9d59ca93dc150494e5b55a44134482993f5baeb97e61b7ecc89?s=96&d=mm&r=g\",\"caption\":\"Roberto\"},\"url\":\"https:\\\/\\\/regiaonews.net.br\\\/2022\\\/author\\\/roberto\\\/\"}]}<\/script>\n<!-- \/ Yoast SEO plugin. -->","yoast_head_json":{"title":"Diocese realizou exuma\u00e7\u00e3o para processo de beatifica\u00e7\u00e3o de padre Andr\u00e9 - Regi\u00e3o News","robots":{"index":"index","follow":"follow","max-snippet":"max-snippet:-1","max-image-preview":"max-image-preview:large","max-video-preview":"max-video-preview:-1"},"canonical":"https:\/\/regiaonews.net.br\/2022\/2021\/11\/22\/diocese-realizou-exumacao-para-processo-de-beatificacao-de-padre-andre\/","og_locale":"pt_BR","og_type":"article","og_title":"Diocese realizou exuma\u00e7\u00e3o para processo de beatifica\u00e7\u00e3o de padre Andr\u00e9 - Regi\u00e3o News","og_description":"\u00a0 Celebra\u00e7\u00e3o de exuma\u00e7\u00e3o do padre Andr\u00e9, em Barretos (SP)","og_url":"https:\/\/regiaonews.net.br\/2022\/2021\/11\/22\/diocese-realizou-exumacao-para-processo-de-beatificacao-de-padre-andre\/","og_site_name":"Regi\u00e3o News","article_published_time":"2021-11-23T02:38:36+00:00","og_image":[{"width":1280,"height":853,"url":"https:\/\/regiaonews.net.br\/2022\/wp-content\/uploads\/2021\/11\/IMG-20211122-WA0273.jpg","type":"image\/jpeg"}],"author":"Roberto","twitter_card":"summary_large_image","twitter_misc":{"Escrito por":"Roberto","Est. tempo de leitura":"2 minutos"},"schema":{"@context":"https:\/\/schema.org","@graph":[{"@type":"Article","@id":"https:\/\/regiaonews.net.br\/2022\/2021\/11\/22\/diocese-realizou-exumacao-para-processo-de-beatificacao-de-padre-andre\/#article","isPartOf":{"@id":"https:\/\/regiaonews.net.br\/2022\/2021\/11\/22\/diocese-realizou-exumacao-para-processo-de-beatificacao-de-padre-andre\/"},"author":{"name":"Roberto","@id":"https:\/\/regiaonews.net.br\/2022\/#\/schema\/person\/2d205a608a5aa97ac279d7a5e6d89ad8"},"headline":"Diocese realizou exuma\u00e7\u00e3o para processo de beatifica\u00e7\u00e3o de padre Andr\u00e9","datePublished":"2021-11-23T02:38:36+00:00","mainEntityOfPage":{"@id":"https:\/\/regiaonews.net.br\/2022\/2021\/11\/22\/diocese-realizou-exumacao-para-processo-de-beatificacao-de-padre-andre\/"},"wordCount":263,"commentCount":0,"publisher":{"@id":"https:\/\/regiaonews.net.br\/2022\/#organization"},"image":{"@id":"https:\/\/regiaonews.net.br\/2022\/2021\/11\/22\/diocese-realizou-exumacao-para-processo-de-beatificacao-de-padre-andre\/#primaryimage"},"thumbnailUrl":"https:\/\/regiaonews.net.br\/2022\/wp-content\/uploads\/2021\/11\/IMG-20211122-WA0273.jpg","articleSection":["Barretos","Cidades"],"inLanguage":"pt-BR","potentialAction":[{"@type":"CommentAction","name":"Comment","target":["https:\/\/regiaonews.net.br\/2022\/2021\/11\/22\/diocese-realizou-exumacao-para-processo-de-beatificacao-de-padre-andre\/#respond"]}]},{"@type":"WebPage","@id":"https:\/\/regiaonews.net.br\/2022\/2021\/11\/22\/diocese-realizou-exumacao-para-processo-de-beatificacao-de-padre-andre\/","url":"https:\/\/regiaonews.net.br\/2022\/2021\/11\/22\/diocese-realizou-exumacao-para-processo-de-beatificacao-de-padre-andre\/","name":"Diocese realizou exuma\u00e7\u00e3o para processo de beatifica\u00e7\u00e3o de padre Andr\u00e9 - Regi\u00e3o News","isPartOf":{"@id":"https:\/\/regiaonews.net.br\/2022\/#website"},"primaryImageOfPage":{"@id":"https:\/\/regiaonews.net.br\/2022\/2021\/11\/22\/diocese-realizou-exumacao-para-processo-de-beatificacao-de-padre-andre\/#primaryimage"},"image":{"@id":"https:\/\/regiaonews.net.br\/2022\/2021\/11\/22\/diocese-realizou-exumacao-para-processo-de-beatificacao-de-padre-andre\/#primaryimage"},"thumbnailUrl":"https:\/\/regiaonews.net.br\/2022\/wp-content\/uploads\/2021\/11\/IMG-20211122-WA0273.jpg","datePublished":"2021-11-23T02:38:36+00:00","breadcrumb":{"@id":"https:\/\/regiaonews.net.br\/2022\/2021\/11\/22\/diocese-realizou-exumacao-para-processo-de-beatificacao-de-padre-andre\/#breadcrumb"},"inLanguage":"pt-BR","potentialAction":[{"@type":"ReadAction","target":["https:\/\/regiaonews.net.br\/2022\/2021\/11\/22\/diocese-realizou-exumacao-para-processo-de-beatificacao-de-padre-andre\/"]}]},{"@type":"ImageObject","inLanguage":"pt-BR","@id":"https:\/\/regiaonews.net.br\/2022\/2021\/11\/22\/diocese-realizou-exumacao-para-processo-de-beatificacao-de-padre-andre\/#primaryimage","url":"https:\/\/regiaonews.net.br\/2022\/wp-content\/uploads\/2021\/11\/IMG-20211122-WA0273.jpg","contentUrl":"https:\/\/regiaonews.net.br\/2022\/wp-content\/uploads\/2021\/11\/IMG-20211122-WA0273.jpg","width":1280,"height":853},{"@type":"BreadcrumbList","@id":"https:\/\/regiaonews.net.br\/2022\/2021\/11\/22\/diocese-realizou-exumacao-para-processo-de-beatificacao-de-padre-andre\/#breadcrumb","itemListElement":[{"@type":"ListItem","position":1,"name":"In\u00edcio","item":"https:\/\/regiaonews.net.br\/2022\/"},{"@type":"ListItem","position":2,"name":"Diocese realizou exuma\u00e7\u00e3o para processo de beatifica\u00e7\u00e3o de padre Andr\u00e9"}]},{"@type":"WebSite","@id":"https:\/\/regiaonews.net.br\/2022\/#website","url":"https:\/\/regiaonews.net.br\/2022\/","name":"Regi\u00e3o News","description":"Site de Not\u00edcias de Barretos e regi\u00e3o","publisher":{"@id":"https:\/\/regiaonews.net.br\/2022\/#organization"},"potentialAction":[{"@type":"SearchAction","target":{"@type":"EntryPoint","urlTemplate":"https:\/\/regiaonews.net.br\/2022\/?s={search_term_string}"},"query-input":{"@type":"PropertyValueSpecification","valueRequired":true,"valueName":"search_term_string"}}],"inLanguage":"pt-BR"},{"@type":"Organization","@id":"https:\/\/regiaonews.net.br\/2022\/#organization","name":"Regi\u00e3o News","url":"https:\/\/regiaonews.net.br\/2022\/","logo":{"@type":"ImageObject","inLanguage":"pt-BR","@id":"https:\/\/regiaonews.net.br\/2022\/#\/schema\/logo\/image\/","url":"https:\/\/regiaonews.net.br\/2022\/wp-content\/uploads\/2026\/03\/regiao-13-anos-scaled.jpg","contentUrl":"https:\/\/regiaonews.net.br\/2022\/wp-content\/uploads\/2026\/03\/regiao-13-anos-scaled.jpg","width":2560,"height":635,"caption":"Regi\u00e3o News"},"image":{"@id":"https:\/\/regiaonews.net.br\/2022\/#\/schema\/logo\/image\/"}},{"@type":"Person","@id":"https:\/\/regiaonews.net.br\/2022\/#\/schema\/person\/2d205a608a5aa97ac279d7a5e6d89ad8","name":"Roberto","image":{"@type":"ImageObject","inLanguage":"pt-BR","@id":"https:\/\/secure.gravatar.com\/avatar\/42749d8b712ff9d59ca93dc150494e5b55a44134482993f5baeb97e61b7ecc89?s=96&d=mm&r=g","url":"https:\/\/secure.gravatar.com\/avatar\/42749d8b712ff9d59ca93dc150494e5b55a44134482993f5baeb97e61b7ecc89?s=96&d=mm&r=g","contentUrl":"https:\/\/secure.gravatar.com\/avatar\/42749d8b712ff9d59ca93dc150494e5b55a44134482993f5baeb97e61b7ecc89?s=96&d=mm&r=g","caption":"Roberto"},"url":"https:\/\/regiaonews.net.br\/2022\/author\/roberto\/"}]}},"publishpress_future_action":{"enabled":false,"date":"2026-05-05 12:17:58","action":"change-status","newStatus":"draft","terms":[],"taxonomy":"category","extraData":[]},"publishpress_future_workflow_manual_trigger":{"enabledWorkflows":[]},"_links":{"self":[{"href":"https:\/\/regiaonews.net.br\/2022\/wp-json\/wp\/v2\/posts\/56707","targetHints":{"allow":["GET"]}}],"collection":[{"href":"https:\/\/regiaonews.net.br\/2022\/wp-json\/wp\/v2\/posts"}],"about":[{"href":"https:\/\/regiaonews.net.br\/2022\/wp-json\/wp\/v2\/types\/post"}],"author":[{"embeddable":true,"href":"https:\/\/regiaonews.net.br\/2022\/wp-json\/wp\/v2\/users\/2"}],"replies":[{"embeddable":true,"href":"https:\/\/regiaonews.net.br\/2022\/wp-json\/wp\/v2\/comments?post=56707"}],"version-history":[{"count":0,"href":"https:\/\/regiaonews.net.br\/2022\/wp-json\/wp\/v2\/posts\/56707\/revisions"}],"wp:featuredmedia":[{"embeddable":true,"href":"https:\/\/regiaonews.net.br\/2022\/wp-json\/wp\/v2\/media\/56710"}],"wp:attachment":[{"href":"https:\/\/regiaonews.net.br\/2022\/wp-json\/wp\/v2\/media?parent=56707"}],"wp:term":[{"taxonomy":"category","embeddable":true,"href":"https:\/\/regiaonews.net.br\/2022\/wp-json\/wp\/v2\/categories?post=56707"},{"taxonomy":"post_tag","embeddable":true,"href":"https:\/\/regiaonews.net.br\/2022\/wp-json\/wp\/v2\/tags?post=56707"}],"curies":[{"name":"wp","href":"https:\/\/api.w.org\/{rel}","templated":true}]}}