{"id":56699,"date":"2021-11-22T21:12:16","date_gmt":"2021-11-23T00:12:16","guid":{"rendered":"https:\/\/regiaonews.net.br\/2022\/?p=56699"},"modified":"2021-11-22T21:32:29","modified_gmt":"2021-11-23T00:32:29","slug":"prefeitura-de-colombia-abre-licitacao-para-compra-de-novo-gerador-de-energia-para-hospital-municipal-julio-rodrigues-de-paula","status":"publish","type":"post","link":"https:\/\/regiaonews.net.br\/2022\/2021\/11\/22\/prefeitura-de-colombia-abre-licitacao-para-compra-de-novo-gerador-de-energia-para-hospital-municipal-julio-rodrigues-de-paula\/","title":{"rendered":"Col\u00f4mbia abre licita\u00e7\u00e3o para compra de novo gerador  para Hospital Municipal"},"content":{"rendered":"<p><a href=\"https:\/\/regiaonews.net.br\/2022\/wp-content\/uploads\/2021\/05\/Colombia.jpg\"><img loading=\"lazy\" decoding=\"async\" class=\"alignnone size-medium wp-image-47698\" src=\"https:\/\/regiaonews.net.br\/2022\/wp-content\/uploads\/2021\/05\/Colombia-300x168.jpg\" alt=\"\" width=\"300\" height=\"168\" \/><\/a><\/p>\n<p>A Prefeitura de Col\u00f4mbia deu entrada ao processo licitat\u00f3rio para aquisi\u00e7\u00e3o de mais um gerador de energia para o hospital \u201cJ\u00falio Rodrigues de Paula\u201d, recursos esses oriundos de emenda parlamentar individual atrav\u00e9s do vereador Bruno C\u00e9sar Lima, junto a Deputada Federal Bruna Furlan.<br aria-hidden=\"true\" \/><br aria-hidden=\"true\" \/>Hoje, o hospital conta apenas com um gerador de energia, de 35KVA, havendo a necessidade da instala\u00e7\u00e3o de um novo gerador, pois o local \u00e9 composto de dois padr\u00f5es de entrada de energia, o que funciona atualmente atende somente um padr\u00e3o, sendo assim, quando falta energia no pr\u00e9dio parte da Unidade de Sa\u00fade fica as escuras, com o novo equipamento, todo o hospital poder\u00e1 contar com 100% de energia alternativa quando faltar pelas redes da concession\u00e1ria (CPFL).<br aria-hidden=\"true\" \/><br aria-hidden=\"true\" \/>O Prefeito J\u00falio C\u00e9sar dos Santos comenta: \u201cPara alguns pode ser uma pequena conquista, mas s\u00f3 n\u00f3s sabemos o quanto queremos dar um atendimento de excel\u00eancia a popula\u00e7\u00e3o, o m\u00ednimo \u00e9 garantir os equipamentos funcionando com 100% de seguran\u00e7a, e agora poderemos entregar isso a popula\u00e7\u00e3o. Al\u00e9m disso, ressalto o trabalho em uni\u00e3o com o legislativo, em nome do Vereador, Bruno C\u00e9sar lima, onde n\u00e3o mediu esfor\u00e7os em buscar junto a mim essa grande conquista para o hospital de Col\u00f4mbia.\u201d.<\/p>\n","protected":false},"excerpt":{"rendered":"<p>A Prefeitura de Col\u00f4mbia deu entrada ao processo licitat\u00f3rio para<\/p>\n","protected":false},"author":2,"featured_media":47698,"comment_status":"open","ping_status":"open","sticky":false,"template":"","format":"standard","meta":{"footnotes":""},"categories":[25,6],"tags":[],"class_list":["post-56699","post","type-post","status-publish","format-standard","has-post-thumbnail","hentry","category-cidades","category-colombia"],"yoast_head":"<!-- This site is optimized with the Yoast SEO plugin v27.4 - https:\/\/yoast.com\/product\/yoast-seo-wordpress\/ -->\n<title>Col\u00f4mbia abre licita\u00e7\u00e3o para compra de novo gerador para Hospital Municipal - Regi\u00e3o News<\/title>\n<meta name=\"robots\" content=\"index, follow, max-snippet:-1, max-image-preview:large, max-video-preview:-1\" \/>\n<link rel=\"canonical\" href=\"https:\/\/regiaonews.net.br\/2022\/2021\/11\/22\/prefeitura-de-colombia-abre-licitacao-para-compra-de-novo-gerador-de-energia-para-hospital-municipal-julio-rodrigues-de-paula\/\" \/>\n<meta property=\"og:locale\" content=\"pt_BR\" \/>\n<meta property=\"og:type\" content=\"article\" \/>\n<meta property=\"og:title\" content=\"Col\u00f4mbia abre licita\u00e7\u00e3o para compra de novo gerador para Hospital Municipal - Regi\u00e3o News\" \/>\n<meta property=\"og:description\" content=\"A Prefeitura de Col\u00f4mbia deu entrada ao processo licitat\u00f3rio para\" \/>\n<meta property=\"og:url\" content=\"https:\/\/regiaonews.net.br\/2022\/2021\/11\/22\/prefeitura-de-colombia-abre-licitacao-para-compra-de-novo-gerador-de-energia-para-hospital-municipal-julio-rodrigues-de-paula\/\" \/>\n<meta property=\"og:site_name\" content=\"Regi\u00e3o News\" \/>\n<meta property=\"article:published_time\" content=\"2021-11-23T00:12:16+00:00\" \/>\n<meta property=\"article:modified_time\" content=\"2021-11-23T00:32:29+00:00\" \/>\n<meta property=\"og:image\" content=\"https:\/\/regiaonews.net.br\/2022\/wp-content\/uploads\/2021\/05\/Colombia.jpg\" \/>\n\t<meta property=\"og:image:width\" content=\"702\" \/>\n\t<meta property=\"og:image:height\" content=\"392\" \/>\n\t<meta property=\"og:image:type\" content=\"image\/jpeg\" \/>\n<meta name=\"author\" content=\"Roberto\" \/>\n<meta name=\"twitter:card\" content=\"summary_large_image\" \/>\n<meta name=\"twitter:label1\" content=\"Escrito por\" \/>\n\t<meta name=\"twitter:data1\" content=\"Roberto\" \/>\n\t<meta name=\"twitter:label2\" content=\"Est. tempo de leitura\" \/>\n\t<meta name=\"twitter:data2\" content=\"2 minutos\" \/>\n<script type=\"application\/ld+json\" class=\"yoast-schema-graph\">{\"@context\":\"https:\\\/\\\/schema.org\",\"@graph\":[{\"@type\":\"Article\",\"@id\":\"https:\\\/\\\/regiaonews.net.br\\\/2022\\\/2021\\\/11\\\/22\\\/prefeitura-de-colombia-abre-licitacao-para-compra-de-novo-gerador-de-energia-para-hospital-municipal-julio-rodrigues-de-paula\\\/#article\",\"isPartOf\":{\"@id\":\"https:\\\/\\\/regiaonews.net.br\\\/2022\\\/2021\\\/11\\\/22\\\/prefeitura-de-colombia-abre-licitacao-para-compra-de-novo-gerador-de-energia-para-hospital-municipal-julio-rodrigues-de-paula\\\/\"},\"author\":{\"name\":\"Roberto\",\"@id\":\"https:\\\/\\\/regiaonews.net.br\\\/2022\\\/#\\\/schema\\\/person\\\/2d205a608a5aa97ac279d7a5e6d89ad8\"},\"headline\":\"Col\u00f4mbia abre licita\u00e7\u00e3o para compra de novo gerador para Hospital Municipal\",\"datePublished\":\"2021-11-23T00:12:16+00:00\",\"dateModified\":\"2021-11-23T00:32:29+00:00\",\"mainEntityOfPage\":{\"@id\":\"https:\\\/\\\/regiaonews.net.br\\\/2022\\\/2021\\\/11\\\/22\\\/prefeitura-de-colombia-abre-licitacao-para-compra-de-novo-gerador-de-energia-para-hospital-municipal-julio-rodrigues-de-paula\\\/\"},\"wordCount\":235,\"commentCount\":0,\"publisher\":{\"@id\":\"https:\\\/\\\/regiaonews.net.br\\\/2022\\\/#organization\"},\"image\":{\"@id\":\"https:\\\/\\\/regiaonews.net.br\\\/2022\\\/2021\\\/11\\\/22\\\/prefeitura-de-colombia-abre-licitacao-para-compra-de-novo-gerador-de-energia-para-hospital-municipal-julio-rodrigues-de-paula\\\/#primaryimage\"},\"thumbnailUrl\":\"https:\\\/\\\/regiaonews.net.br\\\/2022\\\/wp-content\\\/uploads\\\/2021\\\/05\\\/Colombia.jpg\",\"articleSection\":[\"Cidades\",\"Col\u00f4mbia\"],\"inLanguage\":\"pt-BR\",\"potentialAction\":[{\"@type\":\"CommentAction\",\"name\":\"Comment\",\"target\":[\"https:\\\/\\\/regiaonews.net.br\\\/2022\\\/2021\\\/11\\\/22\\\/prefeitura-de-colombia-abre-licitacao-para-compra-de-novo-gerador-de-energia-para-hospital-municipal-julio-rodrigues-de-paula\\\/#respond\"]}]},{\"@type\":\"WebPage\",\"@id\":\"https:\\\/\\\/regiaonews.net.br\\\/2022\\\/2021\\\/11\\\/22\\\/prefeitura-de-colombia-abre-licitacao-para-compra-de-novo-gerador-de-energia-para-hospital-municipal-julio-rodrigues-de-paula\\\/\",\"url\":\"https:\\\/\\\/regiaonews.net.br\\\/2022\\\/2021\\\/11\\\/22\\\/prefeitura-de-colombia-abre-licitacao-para-compra-de-novo-gerador-de-energia-para-hospital-municipal-julio-rodrigues-de-paula\\\/\",\"name\":\"Col\u00f4mbia abre licita\u00e7\u00e3o para compra de novo gerador para Hospital Municipal - Regi\u00e3o News\",\"isPartOf\":{\"@id\":\"https:\\\/\\\/regiaonews.net.br\\\/2022\\\/#website\"},\"primaryImageOfPage\":{\"@id\":\"https:\\\/\\\/regiaonews.net.br\\\/2022\\\/2021\\\/11\\\/22\\\/prefeitura-de-colombia-abre-licitacao-para-compra-de-novo-gerador-de-energia-para-hospital-municipal-julio-rodrigues-de-paula\\\/#primaryimage\"},\"image\":{\"@id\":\"https:\\\/\\\/regiaonews.net.br\\\/2022\\\/2021\\\/11\\\/22\\\/prefeitura-de-colombia-abre-licitacao-para-compra-de-novo-gerador-de-energia-para-hospital-municipal-julio-rodrigues-de-paula\\\/#primaryimage\"},\"thumbnailUrl\":\"https:\\\/\\\/regiaonews.net.br\\\/2022\\\/wp-content\\\/uploads\\\/2021\\\/05\\\/Colombia.jpg\",\"datePublished\":\"2021-11-23T00:12:16+00:00\",\"dateModified\":\"2021-11-23T00:32:29+00:00\",\"breadcrumb\":{\"@id\":\"https:\\\/\\\/regiaonews.net.br\\\/2022\\\/2021\\\/11\\\/22\\\/prefeitura-de-colombia-abre-licitacao-para-compra-de-novo-gerador-de-energia-para-hospital-municipal-julio-rodrigues-de-paula\\\/#breadcrumb\"},\"inLanguage\":\"pt-BR\",\"potentialAction\":[{\"@type\":\"ReadAction\",\"target\":[\"https:\\\/\\\/regiaonews.net.br\\\/2022\\\/2021\\\/11\\\/22\\\/prefeitura-de-colombia-abre-licitacao-para-compra-de-novo-gerador-de-energia-para-hospital-municipal-julio-rodrigues-de-paula\\\/\"]}]},{\"@type\":\"ImageObject\",\"inLanguage\":\"pt-BR\",\"@id\":\"https:\\\/\\\/regiaonews.net.br\\\/2022\\\/2021\\\/11\\\/22\\\/prefeitura-de-colombia-abre-licitacao-para-compra-de-novo-gerador-de-energia-para-hospital-municipal-julio-rodrigues-de-paula\\\/#primaryimage\",\"url\":\"https:\\\/\\\/regiaonews.net.br\\\/2022\\\/wp-content\\\/uploads\\\/2021\\\/05\\\/Colombia.jpg\",\"contentUrl\":\"https:\\\/\\\/regiaonews.net.br\\\/2022\\\/wp-content\\\/uploads\\\/2021\\\/05\\\/Colombia.jpg\",\"width\":702,\"height\":392},{\"@type\":\"BreadcrumbList\",\"@id\":\"https:\\\/\\\/regiaonews.net.br\\\/2022\\\/2021\\\/11\\\/22\\\/prefeitura-de-colombia-abre-licitacao-para-compra-de-novo-gerador-de-energia-para-hospital-municipal-julio-rodrigues-de-paula\\\/#breadcrumb\",\"itemListElement\":[{\"@type\":\"ListItem\",\"position\":1,\"name\":\"In\u00edcio\",\"item\":\"https:\\\/\\\/regiaonews.net.br\\\/2022\\\/\"},{\"@type\":\"ListItem\",\"position\":2,\"name\":\"Col\u00f4mbia abre licita\u00e7\u00e3o para compra de novo gerador para Hospital Municipal\"}]},{\"@type\":\"WebSite\",\"@id\":\"https:\\\/\\\/regiaonews.net.br\\\/2022\\\/#website\",\"url\":\"https:\\\/\\\/regiaonews.net.br\\\/2022\\\/\",\"name\":\"Regi\u00e3o News\",\"description\":\"Site de Not\u00edcias de Barretos e regi\u00e3o\",\"publisher\":{\"@id\":\"https:\\\/\\\/regiaonews.net.br\\\/2022\\\/#organization\"},\"potentialAction\":[{\"@type\":\"SearchAction\",\"target\":{\"@type\":\"EntryPoint\",\"urlTemplate\":\"https:\\\/\\\/regiaonews.net.br\\\/2022\\\/?s={search_term_string}\"},\"query-input\":{\"@type\":\"PropertyValueSpecification\",\"valueRequired\":true,\"valueName\":\"search_term_string\"}}],\"inLanguage\":\"pt-BR\"},{\"@type\":\"Organization\",\"@id\":\"https:\\\/\\\/regiaonews.net.br\\\/2022\\\/#organization\",\"name\":\"Regi\u00e3o News\",\"url\":\"https:\\\/\\\/regiaonews.net.br\\\/2022\\\/\",\"logo\":{\"@type\":\"ImageObject\",\"inLanguage\":\"pt-BR\",\"@id\":\"https:\\\/\\\/regiaonews.net.br\\\/2022\\\/#\\\/schema\\\/logo\\\/image\\\/\",\"url\":\"https:\\\/\\\/regiaonews.net.br\\\/2022\\\/wp-content\\\/uploads\\\/2026\\\/03\\\/regiao-13-anos-scaled.jpg\",\"contentUrl\":\"https:\\\/\\\/regiaonews.net.br\\\/2022\\\/wp-content\\\/uploads\\\/2026\\\/03\\\/regiao-13-anos-scaled.jpg\",\"width\":2560,\"height\":635,\"caption\":\"Regi\u00e3o News\"},\"image\":{\"@id\":\"https:\\\/\\\/regiaonews.net.br\\\/2022\\\/#\\\/schema\\\/logo\\\/image\\\/\"}},{\"@type\":\"Person\",\"@id\":\"https:\\\/\\\/regiaonews.net.br\\\/2022\\\/#\\\/schema\\\/person\\\/2d205a608a5aa97ac279d7a5e6d89ad8\",\"name\":\"Roberto\",\"image\":{\"@type\":\"ImageObject\",\"inLanguage\":\"pt-BR\",\"@id\":\"https:\\\/\\\/secure.gravatar.com\\\/avatar\\\/42749d8b712ff9d59ca93dc150494e5b55a44134482993f5baeb97e61b7ecc89?s=96&d=mm&r=g\",\"url\":\"https:\\\/\\\/secure.gravatar.com\\\/avatar\\\/42749d8b712ff9d59ca93dc150494e5b55a44134482993f5baeb97e61b7ecc89?s=96&d=mm&r=g\",\"contentUrl\":\"https:\\\/\\\/secure.gravatar.com\\\/avatar\\\/42749d8b712ff9d59ca93dc150494e5b55a44134482993f5baeb97e61b7ecc89?s=96&d=mm&r=g\",\"caption\":\"Roberto\"},\"url\":\"https:\\\/\\\/regiaonews.net.br\\\/2022\\\/author\\\/roberto\\\/\"}]}<\/script>\n<!-- \/ Yoast SEO plugin. -->","yoast_head_json":{"title":"Col\u00f4mbia abre licita\u00e7\u00e3o para compra de novo gerador para Hospital Municipal - Regi\u00e3o News","robots":{"index":"index","follow":"follow","max-snippet":"max-snippet:-1","max-image-preview":"max-image-preview:large","max-video-preview":"max-video-preview:-1"},"canonical":"https:\/\/regiaonews.net.br\/2022\/2021\/11\/22\/prefeitura-de-colombia-abre-licitacao-para-compra-de-novo-gerador-de-energia-para-hospital-municipal-julio-rodrigues-de-paula\/","og_locale":"pt_BR","og_type":"article","og_title":"Col\u00f4mbia abre licita\u00e7\u00e3o para compra de novo gerador para Hospital Municipal - Regi\u00e3o News","og_description":"A Prefeitura de Col\u00f4mbia deu entrada ao processo licitat\u00f3rio para","og_url":"https:\/\/regiaonews.net.br\/2022\/2021\/11\/22\/prefeitura-de-colombia-abre-licitacao-para-compra-de-novo-gerador-de-energia-para-hospital-municipal-julio-rodrigues-de-paula\/","og_site_name":"Regi\u00e3o News","article_published_time":"2021-11-23T00:12:16+00:00","article_modified_time":"2021-11-23T00:32:29+00:00","og_image":[{"width":702,"height":392,"url":"https:\/\/regiaonews.net.br\/2022\/wp-content\/uploads\/2021\/05\/Colombia.jpg","type":"image\/jpeg"}],"author":"Roberto","twitter_card":"summary_large_image","twitter_misc":{"Escrito por":"Roberto","Est. tempo de leitura":"2 minutos"},"schema":{"@context":"https:\/\/schema.org","@graph":[{"@type":"Article","@id":"https:\/\/regiaonews.net.br\/2022\/2021\/11\/22\/prefeitura-de-colombia-abre-licitacao-para-compra-de-novo-gerador-de-energia-para-hospital-municipal-julio-rodrigues-de-paula\/#article","isPartOf":{"@id":"https:\/\/regiaonews.net.br\/2022\/2021\/11\/22\/prefeitura-de-colombia-abre-licitacao-para-compra-de-novo-gerador-de-energia-para-hospital-municipal-julio-rodrigues-de-paula\/"},"author":{"name":"Roberto","@id":"https:\/\/regiaonews.net.br\/2022\/#\/schema\/person\/2d205a608a5aa97ac279d7a5e6d89ad8"},"headline":"Col\u00f4mbia abre licita\u00e7\u00e3o para compra de novo gerador para Hospital Municipal","datePublished":"2021-11-23T00:12:16+00:00","dateModified":"2021-11-23T00:32:29+00:00","mainEntityOfPage":{"@id":"https:\/\/regiaonews.net.br\/2022\/2021\/11\/22\/prefeitura-de-colombia-abre-licitacao-para-compra-de-novo-gerador-de-energia-para-hospital-municipal-julio-rodrigues-de-paula\/"},"wordCount":235,"commentCount":0,"publisher":{"@id":"https:\/\/regiaonews.net.br\/2022\/#organization"},"image":{"@id":"https:\/\/regiaonews.net.br\/2022\/2021\/11\/22\/prefeitura-de-colombia-abre-licitacao-para-compra-de-novo-gerador-de-energia-para-hospital-municipal-julio-rodrigues-de-paula\/#primaryimage"},"thumbnailUrl":"https:\/\/regiaonews.net.br\/2022\/wp-content\/uploads\/2021\/05\/Colombia.jpg","articleSection":["Cidades","Col\u00f4mbia"],"inLanguage":"pt-BR","potentialAction":[{"@type":"CommentAction","name":"Comment","target":["https:\/\/regiaonews.net.br\/2022\/2021\/11\/22\/prefeitura-de-colombia-abre-licitacao-para-compra-de-novo-gerador-de-energia-para-hospital-municipal-julio-rodrigues-de-paula\/#respond"]}]},{"@type":"WebPage","@id":"https:\/\/regiaonews.net.br\/2022\/2021\/11\/22\/prefeitura-de-colombia-abre-licitacao-para-compra-de-novo-gerador-de-energia-para-hospital-municipal-julio-rodrigues-de-paula\/","url":"https:\/\/regiaonews.net.br\/2022\/2021\/11\/22\/prefeitura-de-colombia-abre-licitacao-para-compra-de-novo-gerador-de-energia-para-hospital-municipal-julio-rodrigues-de-paula\/","name":"Col\u00f4mbia abre licita\u00e7\u00e3o para compra de novo gerador para Hospital Municipal - Regi\u00e3o News","isPartOf":{"@id":"https:\/\/regiaonews.net.br\/2022\/#website"},"primaryImageOfPage":{"@id":"https:\/\/regiaonews.net.br\/2022\/2021\/11\/22\/prefeitura-de-colombia-abre-licitacao-para-compra-de-novo-gerador-de-energia-para-hospital-municipal-julio-rodrigues-de-paula\/#primaryimage"},"image":{"@id":"https:\/\/regiaonews.net.br\/2022\/2021\/11\/22\/prefeitura-de-colombia-abre-licitacao-para-compra-de-novo-gerador-de-energia-para-hospital-municipal-julio-rodrigues-de-paula\/#primaryimage"},"thumbnailUrl":"https:\/\/regiaonews.net.br\/2022\/wp-content\/uploads\/2021\/05\/Colombia.jpg","datePublished":"2021-11-23T00:12:16+00:00","dateModified":"2021-11-23T00:32:29+00:00","breadcrumb":{"@id":"https:\/\/regiaonews.net.br\/2022\/2021\/11\/22\/prefeitura-de-colombia-abre-licitacao-para-compra-de-novo-gerador-de-energia-para-hospital-municipal-julio-rodrigues-de-paula\/#breadcrumb"},"inLanguage":"pt-BR","potentialAction":[{"@type":"ReadAction","target":["https:\/\/regiaonews.net.br\/2022\/2021\/11\/22\/prefeitura-de-colombia-abre-licitacao-para-compra-de-novo-gerador-de-energia-para-hospital-municipal-julio-rodrigues-de-paula\/"]}]},{"@type":"ImageObject","inLanguage":"pt-BR","@id":"https:\/\/regiaonews.net.br\/2022\/2021\/11\/22\/prefeitura-de-colombia-abre-licitacao-para-compra-de-novo-gerador-de-energia-para-hospital-municipal-julio-rodrigues-de-paula\/#primaryimage","url":"https:\/\/regiaonews.net.br\/2022\/wp-content\/uploads\/2021\/05\/Colombia.jpg","contentUrl":"https:\/\/regiaonews.net.br\/2022\/wp-content\/uploads\/2021\/05\/Colombia.jpg","width":702,"height":392},{"@type":"BreadcrumbList","@id":"https:\/\/regiaonews.net.br\/2022\/2021\/11\/22\/prefeitura-de-colombia-abre-licitacao-para-compra-de-novo-gerador-de-energia-para-hospital-municipal-julio-rodrigues-de-paula\/#breadcrumb","itemListElement":[{"@type":"ListItem","position":1,"name":"In\u00edcio","item":"https:\/\/regiaonews.net.br\/2022\/"},{"@type":"ListItem","position":2,"name":"Col\u00f4mbia abre licita\u00e7\u00e3o para compra de novo gerador para Hospital Municipal"}]},{"@type":"WebSite","@id":"https:\/\/regiaonews.net.br\/2022\/#website","url":"https:\/\/regiaonews.net.br\/2022\/","name":"Regi\u00e3o News","description":"Site de Not\u00edcias de Barretos e regi\u00e3o","publisher":{"@id":"https:\/\/regiaonews.net.br\/2022\/#organization"},"potentialAction":[{"@type":"SearchAction","target":{"@type":"EntryPoint","urlTemplate":"https:\/\/regiaonews.net.br\/2022\/?s={search_term_string}"},"query-input":{"@type":"PropertyValueSpecification","valueRequired":true,"valueName":"search_term_string"}}],"inLanguage":"pt-BR"},{"@type":"Organization","@id":"https:\/\/regiaonews.net.br\/2022\/#organization","name":"Regi\u00e3o News","url":"https:\/\/regiaonews.net.br\/2022\/","logo":{"@type":"ImageObject","inLanguage":"pt-BR","@id":"https:\/\/regiaonews.net.br\/2022\/#\/schema\/logo\/image\/","url":"https:\/\/regiaonews.net.br\/2022\/wp-content\/uploads\/2026\/03\/regiao-13-anos-scaled.jpg","contentUrl":"https:\/\/regiaonews.net.br\/2022\/wp-content\/uploads\/2026\/03\/regiao-13-anos-scaled.jpg","width":2560,"height":635,"caption":"Regi\u00e3o News"},"image":{"@id":"https:\/\/regiaonews.net.br\/2022\/#\/schema\/logo\/image\/"}},{"@type":"Person","@id":"https:\/\/regiaonews.net.br\/2022\/#\/schema\/person\/2d205a608a5aa97ac279d7a5e6d89ad8","name":"Roberto","image":{"@type":"ImageObject","inLanguage":"pt-BR","@id":"https:\/\/secure.gravatar.com\/avatar\/42749d8b712ff9d59ca93dc150494e5b55a44134482993f5baeb97e61b7ecc89?s=96&d=mm&r=g","url":"https:\/\/secure.gravatar.com\/avatar\/42749d8b712ff9d59ca93dc150494e5b55a44134482993f5baeb97e61b7ecc89?s=96&d=mm&r=g","contentUrl":"https:\/\/secure.gravatar.com\/avatar\/42749d8b712ff9d59ca93dc150494e5b55a44134482993f5baeb97e61b7ecc89?s=96&d=mm&r=g","caption":"Roberto"},"url":"https:\/\/regiaonews.net.br\/2022\/author\/roberto\/"}]}},"publishpress_future_action":{"enabled":false,"date":"2026-05-05 12:40:12","action":"change-status","newStatus":"draft","terms":[],"taxonomy":"category","extraData":[]},"publishpress_future_workflow_manual_trigger":{"enabledWorkflows":[]},"_links":{"self":[{"href":"https:\/\/regiaonews.net.br\/2022\/wp-json\/wp\/v2\/posts\/56699","targetHints":{"allow":["GET"]}}],"collection":[{"href":"https:\/\/regiaonews.net.br\/2022\/wp-json\/wp\/v2\/posts"}],"about":[{"href":"https:\/\/regiaonews.net.br\/2022\/wp-json\/wp\/v2\/types\/post"}],"author":[{"embeddable":true,"href":"https:\/\/regiaonews.net.br\/2022\/wp-json\/wp\/v2\/users\/2"}],"replies":[{"embeddable":true,"href":"https:\/\/regiaonews.net.br\/2022\/wp-json\/wp\/v2\/comments?post=56699"}],"version-history":[{"count":0,"href":"https:\/\/regiaonews.net.br\/2022\/wp-json\/wp\/v2\/posts\/56699\/revisions"}],"wp:featuredmedia":[{"embeddable":true,"href":"https:\/\/regiaonews.net.br\/2022\/wp-json\/wp\/v2\/media\/47698"}],"wp:attachment":[{"href":"https:\/\/regiaonews.net.br\/2022\/wp-json\/wp\/v2\/media?parent=56699"}],"wp:term":[{"taxonomy":"category","embeddable":true,"href":"https:\/\/regiaonews.net.br\/2022\/wp-json\/wp\/v2\/categories?post=56699"},{"taxonomy":"post_tag","embeddable":true,"href":"https:\/\/regiaonews.net.br\/2022\/wp-json\/wp\/v2\/tags?post=56699"}],"curies":[{"name":"wp","href":"https:\/\/api.w.org\/{rel}","templated":true}]}}