{"id":56695,"date":"2021-11-22T21:09:11","date_gmt":"2021-11-23T00:09:11","guid":{"rendered":"https:\/\/regiaonews.net.br\/2022\/?p=56695"},"modified":"2021-11-22T21:10:00","modified_gmt":"2021-11-23T00:10:00","slug":"unidades-de-saude-aplicarao-vacina-contra-a-covid-19-esta-semana","status":"publish","type":"post","link":"https:\/\/regiaonews.net.br\/2022\/2021\/11\/22\/unidades-de-saude-aplicarao-vacina-contra-a-covid-19-esta-semana\/","title":{"rendered":"Unidades de Sa\u00fade aplicar\u00e3o vacina contra a Covid-19 esta semana"},"content":{"rendered":"<p><a href=\"https:\/\/regiaonews.net.br\/2022\/wp-content\/uploads\/2021\/11\/Card-Vacina-1.jpeg\"><img loading=\"lazy\" decoding=\"async\" class=\"alignnone size-medium wp-image-56696\" src=\"https:\/\/regiaonews.net.br\/2022\/wp-content\/uploads\/2021\/11\/Card-Vacina-1-300x300.jpeg\" alt=\"\" width=\"300\" height=\"300\" \/><\/a> <a href=\"https:\/\/regiaonews.net.br\/2022\/wp-content\/uploads\/2021\/11\/Card-Vacina-2.jpeg\"><img loading=\"lazy\" decoding=\"async\" class=\"alignnone size-medium wp-image-56697\" src=\"https:\/\/regiaonews.net.br\/2022\/wp-content\/uploads\/2021\/11\/Card-Vacina-2-300x300.jpeg\" alt=\"\" width=\"300\" height=\"300\" \/><\/a><\/p>\n<p><em><strong>Ponto de vacina\u00e7\u00e3o no Cal\u00e7ad\u00e3o da Rua 20 tamb\u00e9m ser\u00e1 mantido<\/strong><\/em><\/p>\n<p>A Prefeitura de Barretos manter\u00e1 at\u00e9 o pr\u00f3ximo s\u00e1bado, dia 27, um ponto de vacina\u00e7\u00e3o contra a Covid-19 no Cal\u00e7ad\u00e3o da Rua 20, esquina com a Avenida 21, no Centro. Nesse ponto, as equipes da Secretaria Municipal de Sa\u00fade aplicam os imunizantes entre 8h e 16 horas.<br aria-hidden=\"true\" \/>As Unidades de Sa\u00fade tamb\u00e9m aplicar\u00e3o a vacina a partir desta ter\u00e7a, dia 23, at\u00e9 sexta-feira, dia 26, das 8h \u00e0s 13h e das 14h \u00e0s 16h.\u00a0<br aria-hidden=\"true\" \/><br aria-hidden=\"true\" \/><strong>Vacina para toda a fam\u00edlia<\/strong><br aria-hidden=\"true\" \/>Podem se imunizar todas as pessoas com idade acima de 12 anos que ainda n\u00e3o receberam a 1\u00aa dose ou que est\u00e3o dentro do prazo para receberem a 2\u00aa dose.\u00a0<br aria-hidden=\"true\" \/>Tamb\u00e9m podem se vacinar com a 3\u00aa dose quem recebeu a 2\u00aa h\u00e1 pelo menos 5 meses.<br aria-hidden=\"true\" \/>Vale destacar que os adolescentes entre 12 e 17 anos precisam estar acompanhados de pais ou respons\u00e1veis ou estar com a autoriza\u00e7\u00e3o devidamente assinada. Essa autoriza\u00e7\u00e3o pode ser impressa na p\u00e1gina\u00a0<a href=\"https:\/\/emktenv.com.br\/index.php\/campaigns\/hd9070es7z2f6\/track-url\/jb127o9y749b2\/7205c57b5bb6f3e2b038822da4530a59ba7af0b9\" target=\"_blank\" rel=\"noopener noreferrer\" data-auth=\"NotApplicable\" data-linkindex=\"0\">www.barretos.sp.gov.br\/vacinacao-covid<\/a>.<br aria-hidden=\"true\" \/>\u00c9 preciso estar com um documento oficial com foto, o CPF e a carteirinha de vacina\u00e7\u00e3o para quem j\u00e1 recebeu ao menos uma dose.<\/p>\n","protected":false},"excerpt":{"rendered":"<p>Ponto de vacina\u00e7\u00e3o no Cal\u00e7ad\u00e3o da Rua 20 tamb\u00e9m ser\u00e1<\/p>\n","protected":false},"author":2,"featured_media":51162,"comment_status":"open","ping_status":"open","sticky":false,"template":"","format":"standard","meta":{"footnotes":""},"categories":[14,25],"tags":[],"class_list":["post-56695","post","type-post","status-publish","format-standard","has-post-thumbnail","hentry","category-barretos","category-cidades"],"yoast_head":"<!-- This site is optimized with the Yoast SEO plugin v27.4 - https:\/\/yoast.com\/product\/yoast-seo-wordpress\/ -->\n<title>Unidades de Sa\u00fade aplicar\u00e3o vacina contra a Covid-19 esta semana - Regi\u00e3o News<\/title>\n<meta name=\"robots\" content=\"index, follow, max-snippet:-1, max-image-preview:large, max-video-preview:-1\" \/>\n<link rel=\"canonical\" href=\"https:\/\/regiaonews.net.br\/2022\/2021\/11\/22\/unidades-de-saude-aplicarao-vacina-contra-a-covid-19-esta-semana\/\" \/>\n<meta property=\"og:locale\" content=\"pt_BR\" \/>\n<meta property=\"og:type\" content=\"article\" \/>\n<meta property=\"og:title\" content=\"Unidades de Sa\u00fade aplicar\u00e3o vacina contra a Covid-19 esta semana - Regi\u00e3o News\" \/>\n<meta property=\"og:description\" content=\"Ponto de vacina\u00e7\u00e3o no Cal\u00e7ad\u00e3o da Rua 20 tamb\u00e9m ser\u00e1\" \/>\n<meta property=\"og:url\" content=\"https:\/\/regiaonews.net.br\/2022\/2021\/11\/22\/unidades-de-saude-aplicarao-vacina-contra-a-covid-19-esta-semana\/\" \/>\n<meta property=\"og:site_name\" content=\"Regi\u00e3o News\" \/>\n<meta property=\"article:published_time\" content=\"2021-11-23T00:09:11+00:00\" \/>\n<meta property=\"article:modified_time\" content=\"2021-11-23T00:10:00+00:00\" \/>\n<meta property=\"og:image\" content=\"https:\/\/regiaonews.net.br\/2022\/wp-content\/uploads\/2021\/07\/51240676968_9e9a4b7419_o_0.jpg\" \/>\n\t<meta property=\"og:image:width\" content=\"1170\" \/>\n\t<meta property=\"og:image:height\" content=\"700\" \/>\n\t<meta property=\"og:image:type\" content=\"image\/jpeg\" \/>\n<meta name=\"author\" content=\"Roberto\" \/>\n<meta name=\"twitter:card\" content=\"summary_large_image\" \/>\n<meta name=\"twitter:label1\" content=\"Escrito por\" \/>\n\t<meta name=\"twitter:data1\" content=\"Roberto\" \/>\n\t<meta name=\"twitter:label2\" content=\"Est. tempo de leitura\" \/>\n\t<meta name=\"twitter:data2\" content=\"2 minutos\" \/>\n<script type=\"application\/ld+json\" class=\"yoast-schema-graph\">{\"@context\":\"https:\\\/\\\/schema.org\",\"@graph\":[{\"@type\":\"Article\",\"@id\":\"https:\\\/\\\/regiaonews.net.br\\\/2022\\\/2021\\\/11\\\/22\\\/unidades-de-saude-aplicarao-vacina-contra-a-covid-19-esta-semana\\\/#article\",\"isPartOf\":{\"@id\":\"https:\\\/\\\/regiaonews.net.br\\\/2022\\\/2021\\\/11\\\/22\\\/unidades-de-saude-aplicarao-vacina-contra-a-covid-19-esta-semana\\\/\"},\"author\":{\"name\":\"Roberto\",\"@id\":\"https:\\\/\\\/regiaonews.net.br\\\/2022\\\/#\\\/schema\\\/person\\\/2d205a608a5aa97ac279d7a5e6d89ad8\"},\"headline\":\"Unidades de Sa\u00fade aplicar\u00e3o vacina contra a Covid-19 esta semana\",\"datePublished\":\"2021-11-23T00:09:11+00:00\",\"dateModified\":\"2021-11-23T00:10:00+00:00\",\"mainEntityOfPage\":{\"@id\":\"https:\\\/\\\/regiaonews.net.br\\\/2022\\\/2021\\\/11\\\/22\\\/unidades-de-saude-aplicarao-vacina-contra-a-covid-19-esta-semana\\\/\"},\"wordCount\":217,\"commentCount\":0,\"publisher\":{\"@id\":\"https:\\\/\\\/regiaonews.net.br\\\/2022\\\/#organization\"},\"image\":{\"@id\":\"https:\\\/\\\/regiaonews.net.br\\\/2022\\\/2021\\\/11\\\/22\\\/unidades-de-saude-aplicarao-vacina-contra-a-covid-19-esta-semana\\\/#primaryimage\"},\"thumbnailUrl\":\"https:\\\/\\\/regiaonews.net.br\\\/2022\\\/wp-content\\\/uploads\\\/2021\\\/07\\\/51240676968_9e9a4b7419_o_0.jpg\",\"articleSection\":[\"Barretos\",\"Cidades\"],\"inLanguage\":\"pt-BR\",\"potentialAction\":[{\"@type\":\"CommentAction\",\"name\":\"Comment\",\"target\":[\"https:\\\/\\\/regiaonews.net.br\\\/2022\\\/2021\\\/11\\\/22\\\/unidades-de-saude-aplicarao-vacina-contra-a-covid-19-esta-semana\\\/#respond\"]}]},{\"@type\":\"WebPage\",\"@id\":\"https:\\\/\\\/regiaonews.net.br\\\/2022\\\/2021\\\/11\\\/22\\\/unidades-de-saude-aplicarao-vacina-contra-a-covid-19-esta-semana\\\/\",\"url\":\"https:\\\/\\\/regiaonews.net.br\\\/2022\\\/2021\\\/11\\\/22\\\/unidades-de-saude-aplicarao-vacina-contra-a-covid-19-esta-semana\\\/\",\"name\":\"Unidades de Sa\u00fade aplicar\u00e3o vacina contra a Covid-19 esta semana - Regi\u00e3o News\",\"isPartOf\":{\"@id\":\"https:\\\/\\\/regiaonews.net.br\\\/2022\\\/#website\"},\"primaryImageOfPage\":{\"@id\":\"https:\\\/\\\/regiaonews.net.br\\\/2022\\\/2021\\\/11\\\/22\\\/unidades-de-saude-aplicarao-vacina-contra-a-covid-19-esta-semana\\\/#primaryimage\"},\"image\":{\"@id\":\"https:\\\/\\\/regiaonews.net.br\\\/2022\\\/2021\\\/11\\\/22\\\/unidades-de-saude-aplicarao-vacina-contra-a-covid-19-esta-semana\\\/#primaryimage\"},\"thumbnailUrl\":\"https:\\\/\\\/regiaonews.net.br\\\/2022\\\/wp-content\\\/uploads\\\/2021\\\/07\\\/51240676968_9e9a4b7419_o_0.jpg\",\"datePublished\":\"2021-11-23T00:09:11+00:00\",\"dateModified\":\"2021-11-23T00:10:00+00:00\",\"breadcrumb\":{\"@id\":\"https:\\\/\\\/regiaonews.net.br\\\/2022\\\/2021\\\/11\\\/22\\\/unidades-de-saude-aplicarao-vacina-contra-a-covid-19-esta-semana\\\/#breadcrumb\"},\"inLanguage\":\"pt-BR\",\"potentialAction\":[{\"@type\":\"ReadAction\",\"target\":[\"https:\\\/\\\/regiaonews.net.br\\\/2022\\\/2021\\\/11\\\/22\\\/unidades-de-saude-aplicarao-vacina-contra-a-covid-19-esta-semana\\\/\"]}]},{\"@type\":\"ImageObject\",\"inLanguage\":\"pt-BR\",\"@id\":\"https:\\\/\\\/regiaonews.net.br\\\/2022\\\/2021\\\/11\\\/22\\\/unidades-de-saude-aplicarao-vacina-contra-a-covid-19-esta-semana\\\/#primaryimage\",\"url\":\"https:\\\/\\\/regiaonews.net.br\\\/2022\\\/wp-content\\\/uploads\\\/2021\\\/07\\\/51240676968_9e9a4b7419_o_0.jpg\",\"contentUrl\":\"https:\\\/\\\/regiaonews.net.br\\\/2022\\\/wp-content\\\/uploads\\\/2021\\\/07\\\/51240676968_9e9a4b7419_o_0.jpg\",\"width\":1170,\"height\":700,\"caption\":\"Vacina\u00e7\u00e3o Covid ubs asa sul Bras\u00edlia-DF, 11\\\/06\\\/2021 Foto: Walterson Rosa\\\/MS\"},{\"@type\":\"BreadcrumbList\",\"@id\":\"https:\\\/\\\/regiaonews.net.br\\\/2022\\\/2021\\\/11\\\/22\\\/unidades-de-saude-aplicarao-vacina-contra-a-covid-19-esta-semana\\\/#breadcrumb\",\"itemListElement\":[{\"@type\":\"ListItem\",\"position\":1,\"name\":\"In\u00edcio\",\"item\":\"https:\\\/\\\/regiaonews.net.br\\\/2022\\\/\"},{\"@type\":\"ListItem\",\"position\":2,\"name\":\"Unidades de Sa\u00fade aplicar\u00e3o vacina contra a Covid-19 esta semana\"}]},{\"@type\":\"WebSite\",\"@id\":\"https:\\\/\\\/regiaonews.net.br\\\/2022\\\/#website\",\"url\":\"https:\\\/\\\/regiaonews.net.br\\\/2022\\\/\",\"name\":\"Regi\u00e3o News\",\"description\":\"Site de Not\u00edcias de Barretos e regi\u00e3o\",\"publisher\":{\"@id\":\"https:\\\/\\\/regiaonews.net.br\\\/2022\\\/#organization\"},\"potentialAction\":[{\"@type\":\"SearchAction\",\"target\":{\"@type\":\"EntryPoint\",\"urlTemplate\":\"https:\\\/\\\/regiaonews.net.br\\\/2022\\\/?s={search_term_string}\"},\"query-input\":{\"@type\":\"PropertyValueSpecification\",\"valueRequired\":true,\"valueName\":\"search_term_string\"}}],\"inLanguage\":\"pt-BR\"},{\"@type\":\"Organization\",\"@id\":\"https:\\\/\\\/regiaonews.net.br\\\/2022\\\/#organization\",\"name\":\"Regi\u00e3o News\",\"url\":\"https:\\\/\\\/regiaonews.net.br\\\/2022\\\/\",\"logo\":{\"@type\":\"ImageObject\",\"inLanguage\":\"pt-BR\",\"@id\":\"https:\\\/\\\/regiaonews.net.br\\\/2022\\\/#\\\/schema\\\/logo\\\/image\\\/\",\"url\":\"https:\\\/\\\/regiaonews.net.br\\\/2022\\\/wp-content\\\/uploads\\\/2026\\\/03\\\/regiao-13-anos-scaled.jpg\",\"contentUrl\":\"https:\\\/\\\/regiaonews.net.br\\\/2022\\\/wp-content\\\/uploads\\\/2026\\\/03\\\/regiao-13-anos-scaled.jpg\",\"width\":2560,\"height\":635,\"caption\":\"Regi\u00e3o News\"},\"image\":{\"@id\":\"https:\\\/\\\/regiaonews.net.br\\\/2022\\\/#\\\/schema\\\/logo\\\/image\\\/\"}},{\"@type\":\"Person\",\"@id\":\"https:\\\/\\\/regiaonews.net.br\\\/2022\\\/#\\\/schema\\\/person\\\/2d205a608a5aa97ac279d7a5e6d89ad8\",\"name\":\"Roberto\",\"image\":{\"@type\":\"ImageObject\",\"inLanguage\":\"pt-BR\",\"@id\":\"https:\\\/\\\/secure.gravatar.com\\\/avatar\\\/42749d8b712ff9d59ca93dc150494e5b55a44134482993f5baeb97e61b7ecc89?s=96&d=mm&r=g\",\"url\":\"https:\\\/\\\/secure.gravatar.com\\\/avatar\\\/42749d8b712ff9d59ca93dc150494e5b55a44134482993f5baeb97e61b7ecc89?s=96&d=mm&r=g\",\"contentUrl\":\"https:\\\/\\\/secure.gravatar.com\\\/avatar\\\/42749d8b712ff9d59ca93dc150494e5b55a44134482993f5baeb97e61b7ecc89?s=96&d=mm&r=g\",\"caption\":\"Roberto\"},\"url\":\"https:\\\/\\\/regiaonews.net.br\\\/2022\\\/author\\\/roberto\\\/\"}]}<\/script>\n<!-- \/ Yoast SEO plugin. -->","yoast_head_json":{"title":"Unidades de Sa\u00fade aplicar\u00e3o vacina contra a Covid-19 esta semana - Regi\u00e3o News","robots":{"index":"index","follow":"follow","max-snippet":"max-snippet:-1","max-image-preview":"max-image-preview:large","max-video-preview":"max-video-preview:-1"},"canonical":"https:\/\/regiaonews.net.br\/2022\/2021\/11\/22\/unidades-de-saude-aplicarao-vacina-contra-a-covid-19-esta-semana\/","og_locale":"pt_BR","og_type":"article","og_title":"Unidades de Sa\u00fade aplicar\u00e3o vacina contra a Covid-19 esta semana - Regi\u00e3o News","og_description":"Ponto de vacina\u00e7\u00e3o no Cal\u00e7ad\u00e3o da Rua 20 tamb\u00e9m ser\u00e1","og_url":"https:\/\/regiaonews.net.br\/2022\/2021\/11\/22\/unidades-de-saude-aplicarao-vacina-contra-a-covid-19-esta-semana\/","og_site_name":"Regi\u00e3o News","article_published_time":"2021-11-23T00:09:11+00:00","article_modified_time":"2021-11-23T00:10:00+00:00","og_image":[{"width":1170,"height":700,"url":"https:\/\/regiaonews.net.br\/2022\/wp-content\/uploads\/2021\/07\/51240676968_9e9a4b7419_o_0.jpg","type":"image\/jpeg"}],"author":"Roberto","twitter_card":"summary_large_image","twitter_misc":{"Escrito por":"Roberto","Est. tempo de leitura":"2 minutos"},"schema":{"@context":"https:\/\/schema.org","@graph":[{"@type":"Article","@id":"https:\/\/regiaonews.net.br\/2022\/2021\/11\/22\/unidades-de-saude-aplicarao-vacina-contra-a-covid-19-esta-semana\/#article","isPartOf":{"@id":"https:\/\/regiaonews.net.br\/2022\/2021\/11\/22\/unidades-de-saude-aplicarao-vacina-contra-a-covid-19-esta-semana\/"},"author":{"name":"Roberto","@id":"https:\/\/regiaonews.net.br\/2022\/#\/schema\/person\/2d205a608a5aa97ac279d7a5e6d89ad8"},"headline":"Unidades de Sa\u00fade aplicar\u00e3o vacina contra a Covid-19 esta semana","datePublished":"2021-11-23T00:09:11+00:00","dateModified":"2021-11-23T00:10:00+00:00","mainEntityOfPage":{"@id":"https:\/\/regiaonews.net.br\/2022\/2021\/11\/22\/unidades-de-saude-aplicarao-vacina-contra-a-covid-19-esta-semana\/"},"wordCount":217,"commentCount":0,"publisher":{"@id":"https:\/\/regiaonews.net.br\/2022\/#organization"},"image":{"@id":"https:\/\/regiaonews.net.br\/2022\/2021\/11\/22\/unidades-de-saude-aplicarao-vacina-contra-a-covid-19-esta-semana\/#primaryimage"},"thumbnailUrl":"https:\/\/regiaonews.net.br\/2022\/wp-content\/uploads\/2021\/07\/51240676968_9e9a4b7419_o_0.jpg","articleSection":["Barretos","Cidades"],"inLanguage":"pt-BR","potentialAction":[{"@type":"CommentAction","name":"Comment","target":["https:\/\/regiaonews.net.br\/2022\/2021\/11\/22\/unidades-de-saude-aplicarao-vacina-contra-a-covid-19-esta-semana\/#respond"]}]},{"@type":"WebPage","@id":"https:\/\/regiaonews.net.br\/2022\/2021\/11\/22\/unidades-de-saude-aplicarao-vacina-contra-a-covid-19-esta-semana\/","url":"https:\/\/regiaonews.net.br\/2022\/2021\/11\/22\/unidades-de-saude-aplicarao-vacina-contra-a-covid-19-esta-semana\/","name":"Unidades de Sa\u00fade aplicar\u00e3o vacina contra a Covid-19 esta semana - Regi\u00e3o News","isPartOf":{"@id":"https:\/\/regiaonews.net.br\/2022\/#website"},"primaryImageOfPage":{"@id":"https:\/\/regiaonews.net.br\/2022\/2021\/11\/22\/unidades-de-saude-aplicarao-vacina-contra-a-covid-19-esta-semana\/#primaryimage"},"image":{"@id":"https:\/\/regiaonews.net.br\/2022\/2021\/11\/22\/unidades-de-saude-aplicarao-vacina-contra-a-covid-19-esta-semana\/#primaryimage"},"thumbnailUrl":"https:\/\/regiaonews.net.br\/2022\/wp-content\/uploads\/2021\/07\/51240676968_9e9a4b7419_o_0.jpg","datePublished":"2021-11-23T00:09:11+00:00","dateModified":"2021-11-23T00:10:00+00:00","breadcrumb":{"@id":"https:\/\/regiaonews.net.br\/2022\/2021\/11\/22\/unidades-de-saude-aplicarao-vacina-contra-a-covid-19-esta-semana\/#breadcrumb"},"inLanguage":"pt-BR","potentialAction":[{"@type":"ReadAction","target":["https:\/\/regiaonews.net.br\/2022\/2021\/11\/22\/unidades-de-saude-aplicarao-vacina-contra-a-covid-19-esta-semana\/"]}]},{"@type":"ImageObject","inLanguage":"pt-BR","@id":"https:\/\/regiaonews.net.br\/2022\/2021\/11\/22\/unidades-de-saude-aplicarao-vacina-contra-a-covid-19-esta-semana\/#primaryimage","url":"https:\/\/regiaonews.net.br\/2022\/wp-content\/uploads\/2021\/07\/51240676968_9e9a4b7419_o_0.jpg","contentUrl":"https:\/\/regiaonews.net.br\/2022\/wp-content\/uploads\/2021\/07\/51240676968_9e9a4b7419_o_0.jpg","width":1170,"height":700,"caption":"Vacina\u00e7\u00e3o Covid ubs asa sul Bras\u00edlia-DF, 11\/06\/2021 Foto: Walterson Rosa\/MS"},{"@type":"BreadcrumbList","@id":"https:\/\/regiaonews.net.br\/2022\/2021\/11\/22\/unidades-de-saude-aplicarao-vacina-contra-a-covid-19-esta-semana\/#breadcrumb","itemListElement":[{"@type":"ListItem","position":1,"name":"In\u00edcio","item":"https:\/\/regiaonews.net.br\/2022\/"},{"@type":"ListItem","position":2,"name":"Unidades de Sa\u00fade aplicar\u00e3o vacina contra a Covid-19 esta semana"}]},{"@type":"WebSite","@id":"https:\/\/regiaonews.net.br\/2022\/#website","url":"https:\/\/regiaonews.net.br\/2022\/","name":"Regi\u00e3o News","description":"Site de Not\u00edcias de Barretos e regi\u00e3o","publisher":{"@id":"https:\/\/regiaonews.net.br\/2022\/#organization"},"potentialAction":[{"@type":"SearchAction","target":{"@type":"EntryPoint","urlTemplate":"https:\/\/regiaonews.net.br\/2022\/?s={search_term_string}"},"query-input":{"@type":"PropertyValueSpecification","valueRequired":true,"valueName":"search_term_string"}}],"inLanguage":"pt-BR"},{"@type":"Organization","@id":"https:\/\/regiaonews.net.br\/2022\/#organization","name":"Regi\u00e3o News","url":"https:\/\/regiaonews.net.br\/2022\/","logo":{"@type":"ImageObject","inLanguage":"pt-BR","@id":"https:\/\/regiaonews.net.br\/2022\/#\/schema\/logo\/image\/","url":"https:\/\/regiaonews.net.br\/2022\/wp-content\/uploads\/2026\/03\/regiao-13-anos-scaled.jpg","contentUrl":"https:\/\/regiaonews.net.br\/2022\/wp-content\/uploads\/2026\/03\/regiao-13-anos-scaled.jpg","width":2560,"height":635,"caption":"Regi\u00e3o News"},"image":{"@id":"https:\/\/regiaonews.net.br\/2022\/#\/schema\/logo\/image\/"}},{"@type":"Person","@id":"https:\/\/regiaonews.net.br\/2022\/#\/schema\/person\/2d205a608a5aa97ac279d7a5e6d89ad8","name":"Roberto","image":{"@type":"ImageObject","inLanguage":"pt-BR","@id":"https:\/\/secure.gravatar.com\/avatar\/42749d8b712ff9d59ca93dc150494e5b55a44134482993f5baeb97e61b7ecc89?s=96&d=mm&r=g","url":"https:\/\/secure.gravatar.com\/avatar\/42749d8b712ff9d59ca93dc150494e5b55a44134482993f5baeb97e61b7ecc89?s=96&d=mm&r=g","contentUrl":"https:\/\/secure.gravatar.com\/avatar\/42749d8b712ff9d59ca93dc150494e5b55a44134482993f5baeb97e61b7ecc89?s=96&d=mm&r=g","caption":"Roberto"},"url":"https:\/\/regiaonews.net.br\/2022\/author\/roberto\/"}]}},"publishpress_future_action":{"enabled":false,"date":"2026-05-05 14:09:56","action":"change-status","newStatus":"draft","terms":[],"taxonomy":"category","extraData":[]},"publishpress_future_workflow_manual_trigger":{"enabledWorkflows":[]},"_links":{"self":[{"href":"https:\/\/regiaonews.net.br\/2022\/wp-json\/wp\/v2\/posts\/56695","targetHints":{"allow":["GET"]}}],"collection":[{"href":"https:\/\/regiaonews.net.br\/2022\/wp-json\/wp\/v2\/posts"}],"about":[{"href":"https:\/\/regiaonews.net.br\/2022\/wp-json\/wp\/v2\/types\/post"}],"author":[{"embeddable":true,"href":"https:\/\/regiaonews.net.br\/2022\/wp-json\/wp\/v2\/users\/2"}],"replies":[{"embeddable":true,"href":"https:\/\/regiaonews.net.br\/2022\/wp-json\/wp\/v2\/comments?post=56695"}],"version-history":[{"count":0,"href":"https:\/\/regiaonews.net.br\/2022\/wp-json\/wp\/v2\/posts\/56695\/revisions"}],"wp:featuredmedia":[{"embeddable":true,"href":"https:\/\/regiaonews.net.br\/2022\/wp-json\/wp\/v2\/media\/51162"}],"wp:attachment":[{"href":"https:\/\/regiaonews.net.br\/2022\/wp-json\/wp\/v2\/media?parent=56695"}],"wp:term":[{"taxonomy":"category","embeddable":true,"href":"https:\/\/regiaonews.net.br\/2022\/wp-json\/wp\/v2\/categories?post=56695"},{"taxonomy":"post_tag","embeddable":true,"href":"https:\/\/regiaonews.net.br\/2022\/wp-json\/wp\/v2\/tags?post=56695"}],"curies":[{"name":"wp","href":"https:\/\/api.w.org\/{rel}","templated":true}]}}