{"id":56688,"date":"2021-11-22T21:03:16","date_gmt":"2021-11-23T00:03:16","guid":{"rendered":"https:\/\/regiaonews.net.br\/2022\/?p=56688"},"modified":"2021-11-22T21:06:36","modified_gmt":"2021-11-23T00:06:36","slug":"secretaria-de-saude-realiza-acoes-de-prevencao-durante-novembro-azul","status":"publish","type":"post","link":"https:\/\/regiaonews.net.br\/2022\/2021\/11\/22\/secretaria-de-saude-realiza-acoes-de-prevencao-durante-novembro-azul\/","title":{"rendered":"Secretaria de Sa\u00fade realiza a\u00e7\u00f5es de preven\u00e7\u00e3o durante \u201cNovembro Azul\u201d"},"content":{"rendered":"<p><a href=\"https:\/\/regiaonews.net.br\/2022\/wp-content\/uploads\/2021\/11\/Novembro-Azul-4.jpeg\"><img loading=\"lazy\" decoding=\"async\" class=\"alignnone size-medium wp-image-56689\" src=\"https:\/\/regiaonews.net.br\/2022\/wp-content\/uploads\/2021\/11\/Novembro-Azul-4-300x146.jpeg\" alt=\"\" width=\"300\" height=\"146\" \/><\/a><\/p>\n<p>&nbsp;<\/p>\n<p>A Prefeitura de Bebedouro intensificou a conscientiza\u00e7\u00e3o sobre a sa\u00fade dos homens. Desde o in\u00edcio do m\u00eas, as Estrat\u00e9gias de Sa\u00fade da Fam\u00edlia (ESF) vem realizando a\u00e7\u00f5es de preven\u00e7\u00e3o ao c\u00e2ncer de pr\u00f3stata, em comemora\u00e7\u00e3o ao \u201cNovembro Azul\u201d.<\/p>\n<p><b>\u00a0<\/b><\/p>\n<p>Exames em hor\u00e1rio estendido, palestras, orienta\u00e7\u00f5es, rodas de conversa, entrega de material informativo e demais abordagens de conscientiza\u00e7\u00e3o.<\/p>\n<p><b>\u00a0<\/b><\/p>\n<p>A maioria dos casos de c\u00e2ncer de pr\u00f3stata ocorre em homens com mais de 65 anos.<b>\u00a0<\/b>A Campanha Novembro Azul, respons\u00e1vel pela conscientiza\u00e7\u00e3o do c\u00e2ncer de pr\u00f3stata, surgiu no ano de 1999 na Austr\u00e1lia, com um grupo de amigos que decidiram deixar o bigode crescer, com o objetivo de chamar aten\u00e7\u00e3o para a sa\u00fade masculina. No Brasil, o pioneiro a adotar a campanha e nome\u00e1-la de Novembro Azul foi o Instituto Lado a Lado pela Vida, em 2008, com a inten\u00e7\u00e3o de quebrar o preconceito do homem de ir ao m\u00e9dico.<b><\/b><\/p>\n<p><b>\u00a0<\/b><\/p>\n<p><b>Conhe\u00e7a a programa\u00e7\u00e3o realizada por algumas ESFs:<\/b><\/p>\n<p>&nbsp;<\/p>\n<p><b>ESF Dr. Ramiro De Souza Lima- Residencial Furquim<\/b><\/p>\n<p>Entrega de panfletos nos domic\u00edlios pelos agentes de sa\u00fade<\/p>\n<p>&nbsp;<\/p>\n<p><b>ESF Dr. Jos\u00e9 Mauro Neto- Tr\u00eas Marias<\/b><\/p>\n<p>Entrega de panfletos nos domic\u00edlios pelos agentes de sa\u00fade<\/p>\n<p>&nbsp;<\/p>\n<p><b>ESF Dr. Gerolino Jos\u00e9 de Souza- Jardim Laranjeiras<\/b><\/p>\n<p>Entrega de panfletos nos domic\u00edlios pelos agentes de sa\u00fade<\/p>\n<p>&nbsp;<\/p>\n<p><b>ESF Pedro Marinho de Mello Junior- Jardim Centen\u00e1rio<\/b><\/p>\n<p>Entrega de panfletos nos domic\u00edlios pelos agentes de sa\u00fade<\/p>\n<p>&nbsp;<\/p>\n<p><b>ESF Dr. Ricardo Dias de Toledo- Jardim Progresso<\/b><\/p>\n<p>Dia 27\/11, das 8h \u00e0s 12h, caf\u00e9 da manh\u00e3 direcionado \u00e0 Sa\u00fade do Homem, com orienta\u00e7\u00f5es e solicita\u00e7\u00f5es de exames para os pacientes que n\u00e3o realizam acompanhamento h\u00e1 mais de um ano.<\/p>\n<p>&nbsp;<\/p>\n<p><b>ESF Ant\u00f4nio Hon\u00f3rio da Fonseca e Castro Neto- S\u00e3o Carlos<\/b><\/p>\n<p>Entrega de folders e sala de espera \u00e0s sextas-feiras com orienta\u00e7\u00e3o \u00e0 sa\u00fade integral do homem.<\/p>\n<p>&nbsp;<\/p>\n<p><b>ESF Dr. Jo\u00e3o Carlos Galhardo- Jardim Uni\u00e3o<\/b><\/p>\n<p>Entrega de folders e sala de espera \u00e0s sextas-feiras com orienta\u00e7\u00e3o \u00e0 sa\u00fade integral do homem. E atendimento em hor\u00e1rio estendido aos homens que trabalham no hor\u00e1rio comercial.<b><\/b><\/p>\n<p>&nbsp;<\/p>\n<p><b>ESF Dr. Moacyr Caldeira- Centro<\/b><\/p>\n<p>24\/11- 8h, consulta m\u00e9dica e orienta\u00e7\u00f5es<\/p>\n<p>9h30- palestra com o professor, Renato Garcia<\/p>\n<p>10h- Caf\u00e9 da manh\u00e3 e brindes<\/p>\n<p>&nbsp;<\/p>\n<p><b>ESF Dr. Salim Bonemer Filho- Souza Lima<\/b><\/p>\n<p>Atendimento m\u00e9dico das 17h30 \u00e0s 20h30<\/p>\n<p>&nbsp;<\/p>\n<p><b>ESF Dr. Jo\u00e3o Camba\u00fava- Jardim Aeroporto<\/b><\/p>\n<p>Durante todo o m\u00eas: intensifica\u00e7\u00e3o da realiza\u00e7\u00e3o de teste r\u00e1pido<\/p>\n<p>&nbsp;<\/p>\n<p><b>ESF Dr. Ulisses de Carvalho- Jardim Alvorada<\/b><\/p>\n<p>Entrega de panfletos nos domic\u00edlios pelos agentes de sa\u00fade<\/p>\n<p>&nbsp;<\/p>\n<p><b>Dr. Tasso Para\u00edso Cavalcanti de Albuquerque- Santaella<\/b><\/p>\n<p>Entrega de panfletos nos domic\u00edlios pelos agentes de sa\u00fade<\/p>\n<p>&nbsp;<\/p>\n<p><b>ESF Dr. Jos\u00e9 Caubi Campello Bessa- Rassim Dib<\/b><\/p>\n<p>Sala de espera: import\u00e2ncia da preven\u00e7\u00e3o do c\u00e2ncer de pr\u00f3stata e incentivo aos homens para cuidar da sa\u00fade (todos os dias)<\/p>\n<p>S\u00e1bado (27\/11), s\u00e1bado, caf\u00e9 da manh\u00e3, educa\u00e7\u00e3o em sa\u00fade com o tema preven\u00e7\u00e3o ao c\u00e2ncer de pr\u00f3stata e c\u00e2ncer bucal, exame do toque retal para homens na faixa et\u00e1ria dos 45 anos para fatores de risco familiar e acima de 50 anos, solicita\u00e7\u00e3o de exames de rotina e PSA.<\/p>\n<p>&nbsp;<\/p>\n<p><b>ESF Jo\u00e3o Batista Paganelli- Povoado de Andes<\/b><\/p>\n<p>Entrega de folder sobre a sa\u00fade do homem e orienta\u00e7\u00e3o pelos agentes de sa\u00fade durante visita nas resid\u00eancias<\/p>\n<p>&nbsp;<\/p>\n<p><b>ESF Dr. Hugo Turchetto- Menino Deus<\/b><\/p>\n<p>23\/11- Orienta\u00e7\u00f5es \u00e0 equipe, sobre as principais doen\u00e7as que acometem os homens.<\/p>\n<p>27\/11- 7h \u00e0s 11h, consultas m\u00e9dicas com objetivo de alcan\u00e7ar a popula\u00e7\u00e3o masculina que n\u00e3o consegue comparecer na unidade durante a semana, preven\u00e7\u00e3o e diagn\u00f3stico de poss\u00edveis doen\u00e7as.<\/p>\n<p>&nbsp;<\/p>\n<p><b>ESF Dr. Mauro Burjaili- Distrito de Botafogo<\/b><\/p>\n<p>Realiza\u00e7\u00e3o de teste r\u00e1pido para os homens do Distrito.<\/p>\n<p>Orienta\u00e7\u00f5es as fam\u00edlias do Distrito por meio da entrega de folder sobre a sa\u00fade do homem.<\/p>\n<div><\/div>\n<p>&nbsp;<\/p>\n","protected":false},"excerpt":{"rendered":"<p>&nbsp; A Prefeitura de Bebedouro intensificou a conscientiza\u00e7\u00e3o sobre a<\/p>\n","protected":false},"author":2,"featured_media":56689,"comment_status":"open","ping_status":"open","sticky":false,"template":"","format":"standard","meta":{"footnotes":""},"categories":[4,25],"tags":[],"class_list":["post-56688","post","type-post","status-publish","format-standard","has-post-thumbnail","hentry","category-bebedouro","category-cidades"],"yoast_head":"<!-- This site is optimized with the Yoast SEO plugin v27.5 - https:\/\/yoast.com\/product\/yoast-seo-wordpress\/ -->\n<title>Secretaria de Sa\u00fade realiza a\u00e7\u00f5es de preven\u00e7\u00e3o durante \u201cNovembro Azul\u201d - Regi\u00e3o News<\/title>\n<meta name=\"robots\" content=\"index, follow, max-snippet:-1, max-image-preview:large, max-video-preview:-1\" \/>\n<link rel=\"canonical\" href=\"https:\/\/regiaonews.net.br\/2022\/2021\/11\/22\/secretaria-de-saude-realiza-acoes-de-prevencao-durante-novembro-azul\/\" \/>\n<meta property=\"og:locale\" content=\"pt_BR\" \/>\n<meta property=\"og:type\" content=\"article\" \/>\n<meta property=\"og:title\" content=\"Secretaria de Sa\u00fade realiza a\u00e7\u00f5es de preven\u00e7\u00e3o durante \u201cNovembro Azul\u201d - Regi\u00e3o News\" \/>\n<meta property=\"og:description\" content=\"&nbsp; A Prefeitura de Bebedouro intensificou a conscientiza\u00e7\u00e3o sobre a\" \/>\n<meta property=\"og:url\" content=\"https:\/\/regiaonews.net.br\/2022\/2021\/11\/22\/secretaria-de-saude-realiza-acoes-de-prevencao-durante-novembro-azul\/\" \/>\n<meta property=\"og:site_name\" content=\"Regi\u00e3o News\" \/>\n<meta property=\"article:published_time\" content=\"2021-11-23T00:03:16+00:00\" \/>\n<meta property=\"article:modified_time\" content=\"2021-11-23T00:06:36+00:00\" \/>\n<meta property=\"og:image\" content=\"https:\/\/regiaonews.net.br\/2022\/wp-content\/uploads\/2021\/11\/Novembro-Azul-4.jpeg\" \/>\n\t<meta property=\"og:image:width\" content=\"1280\" \/>\n\t<meta property=\"og:image:height\" content=\"622\" \/>\n\t<meta property=\"og:image:type\" content=\"image\/jpeg\" \/>\n<meta name=\"author\" content=\"Roberto\" \/>\n<meta name=\"twitter:card\" content=\"summary_large_image\" \/>\n<meta name=\"twitter:label1\" content=\"Escrito por\" \/>\n\t<meta name=\"twitter:data1\" content=\"Roberto\" \/>\n\t<meta name=\"twitter:label2\" content=\"Est. tempo de leitura\" \/>\n\t<meta name=\"twitter:data2\" content=\"3 minutos\" \/>\n<script type=\"application\/ld+json\" class=\"yoast-schema-graph\">{\"@context\":\"https:\\\/\\\/schema.org\",\"@graph\":[{\"@type\":\"Article\",\"@id\":\"https:\\\/\\\/regiaonews.net.br\\\/2022\\\/2021\\\/11\\\/22\\\/secretaria-de-saude-realiza-acoes-de-prevencao-durante-novembro-azul\\\/#article\",\"isPartOf\":{\"@id\":\"https:\\\/\\\/regiaonews.net.br\\\/2022\\\/2021\\\/11\\\/22\\\/secretaria-de-saude-realiza-acoes-de-prevencao-durante-novembro-azul\\\/\"},\"author\":{\"name\":\"Roberto\",\"@id\":\"https:\\\/\\\/regiaonews.net.br\\\/2022\\\/#\\\/schema\\\/person\\\/2d205a608a5aa97ac279d7a5e6d89ad8\"},\"headline\":\"Secretaria de Sa\u00fade realiza a\u00e7\u00f5es de preven\u00e7\u00e3o durante \u201cNovembro Azul\u201d\",\"datePublished\":\"2021-11-23T00:03:16+00:00\",\"dateModified\":\"2021-11-23T00:06:36+00:00\",\"mainEntityOfPage\":{\"@id\":\"https:\\\/\\\/regiaonews.net.br\\\/2022\\\/2021\\\/11\\\/22\\\/secretaria-de-saude-realiza-acoes-de-prevencao-durante-novembro-azul\\\/\"},\"wordCount\":712,\"commentCount\":0,\"publisher\":{\"@id\":\"https:\\\/\\\/regiaonews.net.br\\\/2022\\\/#organization\"},\"image\":{\"@id\":\"https:\\\/\\\/regiaonews.net.br\\\/2022\\\/2021\\\/11\\\/22\\\/secretaria-de-saude-realiza-acoes-de-prevencao-durante-novembro-azul\\\/#primaryimage\"},\"thumbnailUrl\":\"https:\\\/\\\/regiaonews.net.br\\\/2022\\\/wp-content\\\/uploads\\\/2021\\\/11\\\/Novembro-Azul-4.jpeg\",\"articleSection\":[\"Bebedouro\",\"Cidades\"],\"inLanguage\":\"pt-BR\",\"potentialAction\":[{\"@type\":\"CommentAction\",\"name\":\"Comment\",\"target\":[\"https:\\\/\\\/regiaonews.net.br\\\/2022\\\/2021\\\/11\\\/22\\\/secretaria-de-saude-realiza-acoes-de-prevencao-durante-novembro-azul\\\/#respond\"]}]},{\"@type\":\"WebPage\",\"@id\":\"https:\\\/\\\/regiaonews.net.br\\\/2022\\\/2021\\\/11\\\/22\\\/secretaria-de-saude-realiza-acoes-de-prevencao-durante-novembro-azul\\\/\",\"url\":\"https:\\\/\\\/regiaonews.net.br\\\/2022\\\/2021\\\/11\\\/22\\\/secretaria-de-saude-realiza-acoes-de-prevencao-durante-novembro-azul\\\/\",\"name\":\"Secretaria de Sa\u00fade realiza a\u00e7\u00f5es de preven\u00e7\u00e3o durante \u201cNovembro Azul\u201d - Regi\u00e3o News\",\"isPartOf\":{\"@id\":\"https:\\\/\\\/regiaonews.net.br\\\/2022\\\/#website\"},\"primaryImageOfPage\":{\"@id\":\"https:\\\/\\\/regiaonews.net.br\\\/2022\\\/2021\\\/11\\\/22\\\/secretaria-de-saude-realiza-acoes-de-prevencao-durante-novembro-azul\\\/#primaryimage\"},\"image\":{\"@id\":\"https:\\\/\\\/regiaonews.net.br\\\/2022\\\/2021\\\/11\\\/22\\\/secretaria-de-saude-realiza-acoes-de-prevencao-durante-novembro-azul\\\/#primaryimage\"},\"thumbnailUrl\":\"https:\\\/\\\/regiaonews.net.br\\\/2022\\\/wp-content\\\/uploads\\\/2021\\\/11\\\/Novembro-Azul-4.jpeg\",\"datePublished\":\"2021-11-23T00:03:16+00:00\",\"dateModified\":\"2021-11-23T00:06:36+00:00\",\"breadcrumb\":{\"@id\":\"https:\\\/\\\/regiaonews.net.br\\\/2022\\\/2021\\\/11\\\/22\\\/secretaria-de-saude-realiza-acoes-de-prevencao-durante-novembro-azul\\\/#breadcrumb\"},\"inLanguage\":\"pt-BR\",\"potentialAction\":[{\"@type\":\"ReadAction\",\"target\":[\"https:\\\/\\\/regiaonews.net.br\\\/2022\\\/2021\\\/11\\\/22\\\/secretaria-de-saude-realiza-acoes-de-prevencao-durante-novembro-azul\\\/\"]}]},{\"@type\":\"ImageObject\",\"inLanguage\":\"pt-BR\",\"@id\":\"https:\\\/\\\/regiaonews.net.br\\\/2022\\\/2021\\\/11\\\/22\\\/secretaria-de-saude-realiza-acoes-de-prevencao-durante-novembro-azul\\\/#primaryimage\",\"url\":\"https:\\\/\\\/regiaonews.net.br\\\/2022\\\/wp-content\\\/uploads\\\/2021\\\/11\\\/Novembro-Azul-4.jpeg\",\"contentUrl\":\"https:\\\/\\\/regiaonews.net.br\\\/2022\\\/wp-content\\\/uploads\\\/2021\\\/11\\\/Novembro-Azul-4.jpeg\",\"width\":1280,\"height\":622},{\"@type\":\"BreadcrumbList\",\"@id\":\"https:\\\/\\\/regiaonews.net.br\\\/2022\\\/2021\\\/11\\\/22\\\/secretaria-de-saude-realiza-acoes-de-prevencao-durante-novembro-azul\\\/#breadcrumb\",\"itemListElement\":[{\"@type\":\"ListItem\",\"position\":1,\"name\":\"In\u00edcio\",\"item\":\"https:\\\/\\\/regiaonews.net.br\\\/2022\\\/\"},{\"@type\":\"ListItem\",\"position\":2,\"name\":\"Secretaria de Sa\u00fade realiza a\u00e7\u00f5es de preven\u00e7\u00e3o durante \u201cNovembro Azul\u201d\"}]},{\"@type\":\"WebSite\",\"@id\":\"https:\\\/\\\/regiaonews.net.br\\\/2022\\\/#website\",\"url\":\"https:\\\/\\\/regiaonews.net.br\\\/2022\\\/\",\"name\":\"Regi\u00e3o News\",\"description\":\"Site de Not\u00edcias de Barretos e regi\u00e3o\",\"publisher\":{\"@id\":\"https:\\\/\\\/regiaonews.net.br\\\/2022\\\/#organization\"},\"potentialAction\":[{\"@type\":\"SearchAction\",\"target\":{\"@type\":\"EntryPoint\",\"urlTemplate\":\"https:\\\/\\\/regiaonews.net.br\\\/2022\\\/?s={search_term_string}\"},\"query-input\":{\"@type\":\"PropertyValueSpecification\",\"valueRequired\":true,\"valueName\":\"search_term_string\"}}],\"inLanguage\":\"pt-BR\"},{\"@type\":\"Organization\",\"@id\":\"https:\\\/\\\/regiaonews.net.br\\\/2022\\\/#organization\",\"name\":\"Regi\u00e3o News\",\"url\":\"https:\\\/\\\/regiaonews.net.br\\\/2022\\\/\",\"logo\":{\"@type\":\"ImageObject\",\"inLanguage\":\"pt-BR\",\"@id\":\"https:\\\/\\\/regiaonews.net.br\\\/2022\\\/#\\\/schema\\\/logo\\\/image\\\/\",\"url\":\"https:\\\/\\\/regiaonews.net.br\\\/2022\\\/wp-content\\\/uploads\\\/2026\\\/03\\\/regiao-13-anos-scaled.jpg\",\"contentUrl\":\"https:\\\/\\\/regiaonews.net.br\\\/2022\\\/wp-content\\\/uploads\\\/2026\\\/03\\\/regiao-13-anos-scaled.jpg\",\"width\":2560,\"height\":635,\"caption\":\"Regi\u00e3o News\"},\"image\":{\"@id\":\"https:\\\/\\\/regiaonews.net.br\\\/2022\\\/#\\\/schema\\\/logo\\\/image\\\/\"}},{\"@type\":\"Person\",\"@id\":\"https:\\\/\\\/regiaonews.net.br\\\/2022\\\/#\\\/schema\\\/person\\\/2d205a608a5aa97ac279d7a5e6d89ad8\",\"name\":\"Roberto\",\"image\":{\"@type\":\"ImageObject\",\"inLanguage\":\"pt-BR\",\"@id\":\"https:\\\/\\\/secure.gravatar.com\\\/avatar\\\/42749d8b712ff9d59ca93dc150494e5b55a44134482993f5baeb97e61b7ecc89?s=96&d=mm&r=g\",\"url\":\"https:\\\/\\\/secure.gravatar.com\\\/avatar\\\/42749d8b712ff9d59ca93dc150494e5b55a44134482993f5baeb97e61b7ecc89?s=96&d=mm&r=g\",\"contentUrl\":\"https:\\\/\\\/secure.gravatar.com\\\/avatar\\\/42749d8b712ff9d59ca93dc150494e5b55a44134482993f5baeb97e61b7ecc89?s=96&d=mm&r=g\",\"caption\":\"Roberto\"},\"url\":\"https:\\\/\\\/regiaonews.net.br\\\/2022\\\/author\\\/roberto\\\/\"}]}<\/script>\n<!-- \/ Yoast SEO plugin. -->","yoast_head_json":{"title":"Secretaria de Sa\u00fade realiza a\u00e7\u00f5es de preven\u00e7\u00e3o durante \u201cNovembro Azul\u201d - Regi\u00e3o News","robots":{"index":"index","follow":"follow","max-snippet":"max-snippet:-1","max-image-preview":"max-image-preview:large","max-video-preview":"max-video-preview:-1"},"canonical":"https:\/\/regiaonews.net.br\/2022\/2021\/11\/22\/secretaria-de-saude-realiza-acoes-de-prevencao-durante-novembro-azul\/","og_locale":"pt_BR","og_type":"article","og_title":"Secretaria de Sa\u00fade realiza a\u00e7\u00f5es de preven\u00e7\u00e3o durante \u201cNovembro Azul\u201d - Regi\u00e3o News","og_description":"&nbsp; A Prefeitura de Bebedouro intensificou a conscientiza\u00e7\u00e3o sobre a","og_url":"https:\/\/regiaonews.net.br\/2022\/2021\/11\/22\/secretaria-de-saude-realiza-acoes-de-prevencao-durante-novembro-azul\/","og_site_name":"Regi\u00e3o News","article_published_time":"2021-11-23T00:03:16+00:00","article_modified_time":"2021-11-23T00:06:36+00:00","og_image":[{"width":1280,"height":622,"url":"https:\/\/regiaonews.net.br\/2022\/wp-content\/uploads\/2021\/11\/Novembro-Azul-4.jpeg","type":"image\/jpeg"}],"author":"Roberto","twitter_card":"summary_large_image","twitter_misc":{"Escrito por":"Roberto","Est. tempo de leitura":"3 minutos"},"schema":{"@context":"https:\/\/schema.org","@graph":[{"@type":"Article","@id":"https:\/\/regiaonews.net.br\/2022\/2021\/11\/22\/secretaria-de-saude-realiza-acoes-de-prevencao-durante-novembro-azul\/#article","isPartOf":{"@id":"https:\/\/regiaonews.net.br\/2022\/2021\/11\/22\/secretaria-de-saude-realiza-acoes-de-prevencao-durante-novembro-azul\/"},"author":{"name":"Roberto","@id":"https:\/\/regiaonews.net.br\/2022\/#\/schema\/person\/2d205a608a5aa97ac279d7a5e6d89ad8"},"headline":"Secretaria de Sa\u00fade realiza a\u00e7\u00f5es de preven\u00e7\u00e3o durante \u201cNovembro Azul\u201d","datePublished":"2021-11-23T00:03:16+00:00","dateModified":"2021-11-23T00:06:36+00:00","mainEntityOfPage":{"@id":"https:\/\/regiaonews.net.br\/2022\/2021\/11\/22\/secretaria-de-saude-realiza-acoes-de-prevencao-durante-novembro-azul\/"},"wordCount":712,"commentCount":0,"publisher":{"@id":"https:\/\/regiaonews.net.br\/2022\/#organization"},"image":{"@id":"https:\/\/regiaonews.net.br\/2022\/2021\/11\/22\/secretaria-de-saude-realiza-acoes-de-prevencao-durante-novembro-azul\/#primaryimage"},"thumbnailUrl":"https:\/\/regiaonews.net.br\/2022\/wp-content\/uploads\/2021\/11\/Novembro-Azul-4.jpeg","articleSection":["Bebedouro","Cidades"],"inLanguage":"pt-BR","potentialAction":[{"@type":"CommentAction","name":"Comment","target":["https:\/\/regiaonews.net.br\/2022\/2021\/11\/22\/secretaria-de-saude-realiza-acoes-de-prevencao-durante-novembro-azul\/#respond"]}]},{"@type":"WebPage","@id":"https:\/\/regiaonews.net.br\/2022\/2021\/11\/22\/secretaria-de-saude-realiza-acoes-de-prevencao-durante-novembro-azul\/","url":"https:\/\/regiaonews.net.br\/2022\/2021\/11\/22\/secretaria-de-saude-realiza-acoes-de-prevencao-durante-novembro-azul\/","name":"Secretaria de Sa\u00fade realiza a\u00e7\u00f5es de preven\u00e7\u00e3o durante \u201cNovembro Azul\u201d - Regi\u00e3o News","isPartOf":{"@id":"https:\/\/regiaonews.net.br\/2022\/#website"},"primaryImageOfPage":{"@id":"https:\/\/regiaonews.net.br\/2022\/2021\/11\/22\/secretaria-de-saude-realiza-acoes-de-prevencao-durante-novembro-azul\/#primaryimage"},"image":{"@id":"https:\/\/regiaonews.net.br\/2022\/2021\/11\/22\/secretaria-de-saude-realiza-acoes-de-prevencao-durante-novembro-azul\/#primaryimage"},"thumbnailUrl":"https:\/\/regiaonews.net.br\/2022\/wp-content\/uploads\/2021\/11\/Novembro-Azul-4.jpeg","datePublished":"2021-11-23T00:03:16+00:00","dateModified":"2021-11-23T00:06:36+00:00","breadcrumb":{"@id":"https:\/\/regiaonews.net.br\/2022\/2021\/11\/22\/secretaria-de-saude-realiza-acoes-de-prevencao-durante-novembro-azul\/#breadcrumb"},"inLanguage":"pt-BR","potentialAction":[{"@type":"ReadAction","target":["https:\/\/regiaonews.net.br\/2022\/2021\/11\/22\/secretaria-de-saude-realiza-acoes-de-prevencao-durante-novembro-azul\/"]}]},{"@type":"ImageObject","inLanguage":"pt-BR","@id":"https:\/\/regiaonews.net.br\/2022\/2021\/11\/22\/secretaria-de-saude-realiza-acoes-de-prevencao-durante-novembro-azul\/#primaryimage","url":"https:\/\/regiaonews.net.br\/2022\/wp-content\/uploads\/2021\/11\/Novembro-Azul-4.jpeg","contentUrl":"https:\/\/regiaonews.net.br\/2022\/wp-content\/uploads\/2021\/11\/Novembro-Azul-4.jpeg","width":1280,"height":622},{"@type":"BreadcrumbList","@id":"https:\/\/regiaonews.net.br\/2022\/2021\/11\/22\/secretaria-de-saude-realiza-acoes-de-prevencao-durante-novembro-azul\/#breadcrumb","itemListElement":[{"@type":"ListItem","position":1,"name":"In\u00edcio","item":"https:\/\/regiaonews.net.br\/2022\/"},{"@type":"ListItem","position":2,"name":"Secretaria de Sa\u00fade realiza a\u00e7\u00f5es de preven\u00e7\u00e3o durante \u201cNovembro Azul\u201d"}]},{"@type":"WebSite","@id":"https:\/\/regiaonews.net.br\/2022\/#website","url":"https:\/\/regiaonews.net.br\/2022\/","name":"Regi\u00e3o News","description":"Site de Not\u00edcias de Barretos e regi\u00e3o","publisher":{"@id":"https:\/\/regiaonews.net.br\/2022\/#organization"},"potentialAction":[{"@type":"SearchAction","target":{"@type":"EntryPoint","urlTemplate":"https:\/\/regiaonews.net.br\/2022\/?s={search_term_string}"},"query-input":{"@type":"PropertyValueSpecification","valueRequired":true,"valueName":"search_term_string"}}],"inLanguage":"pt-BR"},{"@type":"Organization","@id":"https:\/\/regiaonews.net.br\/2022\/#organization","name":"Regi\u00e3o News","url":"https:\/\/regiaonews.net.br\/2022\/","logo":{"@type":"ImageObject","inLanguage":"pt-BR","@id":"https:\/\/regiaonews.net.br\/2022\/#\/schema\/logo\/image\/","url":"https:\/\/regiaonews.net.br\/2022\/wp-content\/uploads\/2026\/03\/regiao-13-anos-scaled.jpg","contentUrl":"https:\/\/regiaonews.net.br\/2022\/wp-content\/uploads\/2026\/03\/regiao-13-anos-scaled.jpg","width":2560,"height":635,"caption":"Regi\u00e3o News"},"image":{"@id":"https:\/\/regiaonews.net.br\/2022\/#\/schema\/logo\/image\/"}},{"@type":"Person","@id":"https:\/\/regiaonews.net.br\/2022\/#\/schema\/person\/2d205a608a5aa97ac279d7a5e6d89ad8","name":"Roberto","image":{"@type":"ImageObject","inLanguage":"pt-BR","@id":"https:\/\/secure.gravatar.com\/avatar\/42749d8b712ff9d59ca93dc150494e5b55a44134482993f5baeb97e61b7ecc89?s=96&d=mm&r=g","url":"https:\/\/secure.gravatar.com\/avatar\/42749d8b712ff9d59ca93dc150494e5b55a44134482993f5baeb97e61b7ecc89?s=96&d=mm&r=g","contentUrl":"https:\/\/secure.gravatar.com\/avatar\/42749d8b712ff9d59ca93dc150494e5b55a44134482993f5baeb97e61b7ecc89?s=96&d=mm&r=g","caption":"Roberto"},"url":"https:\/\/regiaonews.net.br\/2022\/author\/roberto\/"}]}},"publishpress_future_action":{"enabled":false,"date":"2026-05-05 15:33:35","action":"change-status","newStatus":"draft","terms":[],"taxonomy":"category","extraData":[]},"publishpress_future_workflow_manual_trigger":{"enabledWorkflows":[]},"_links":{"self":[{"href":"https:\/\/regiaonews.net.br\/2022\/wp-json\/wp\/v2\/posts\/56688","targetHints":{"allow":["GET"]}}],"collection":[{"href":"https:\/\/regiaonews.net.br\/2022\/wp-json\/wp\/v2\/posts"}],"about":[{"href":"https:\/\/regiaonews.net.br\/2022\/wp-json\/wp\/v2\/types\/post"}],"author":[{"embeddable":true,"href":"https:\/\/regiaonews.net.br\/2022\/wp-json\/wp\/v2\/users\/2"}],"replies":[{"embeddable":true,"href":"https:\/\/regiaonews.net.br\/2022\/wp-json\/wp\/v2\/comments?post=56688"}],"version-history":[{"count":0,"href":"https:\/\/regiaonews.net.br\/2022\/wp-json\/wp\/v2\/posts\/56688\/revisions"}],"wp:featuredmedia":[{"embeddable":true,"href":"https:\/\/regiaonews.net.br\/2022\/wp-json\/wp\/v2\/media\/56689"}],"wp:attachment":[{"href":"https:\/\/regiaonews.net.br\/2022\/wp-json\/wp\/v2\/media?parent=56688"}],"wp:term":[{"taxonomy":"category","embeddable":true,"href":"https:\/\/regiaonews.net.br\/2022\/wp-json\/wp\/v2\/categories?post=56688"},{"taxonomy":"post_tag","embeddable":true,"href":"https:\/\/regiaonews.net.br\/2022\/wp-json\/wp\/v2\/tags?post=56688"}],"curies":[{"name":"wp","href":"https:\/\/api.w.org\/{rel}","templated":true}]}}