{"id":56580,"date":"2021-11-20T13:05:05","date_gmt":"2021-11-20T16:05:05","guid":{"rendered":"https:\/\/regiaonews.net.br\/2022\/?p=56580"},"modified":"2021-11-20T13:05:05","modified_gmt":"2021-11-20T16:05:05","slug":"vinte-e-sete-familias-do-dom-bosco-receberam-o-documento-de-posse-de-suas-moradias","status":"publish","type":"post","link":"https:\/\/regiaonews.net.br\/2022\/2021\/11\/20\/vinte-e-sete-familias-do-dom-bosco-receberam-o-documento-de-posse-de-suas-moradias\/","title":{"rendered":"Vinte e sete fam\u00edlias do Dom Bosco receberam o documento de posse de suas moradias"},"content":{"rendered":"<p><em>Fam\u00edlias sonhavam h\u00e1 mais de vinte anos com a regulariza\u00e7\u00e3o do seu im\u00f3vel<\/em><\/p>\n<p><a href=\"https:\/\/regiaonews.net.br\/2022\/wp-content\/uploads\/2021\/11\/MON6488.jpg\"><img loading=\"lazy\" decoding=\"async\" class=\"alignnone size-medium wp-image-56581\" src=\"https:\/\/regiaonews.net.br\/2022\/wp-content\/uploads\/2021\/11\/MON6488-300x200.jpg\" alt=\"\" width=\"300\" height=\"200\" \/><\/a> <a href=\"https:\/\/regiaonews.net.br\/2022\/wp-content\/uploads\/2021\/11\/MON6554.jpg\"><img loading=\"lazy\" decoding=\"async\" class=\"alignnone size-medium wp-image-56582\" src=\"https:\/\/regiaonews.net.br\/2022\/wp-content\/uploads\/2021\/11\/MON6554-300x200.jpg\" alt=\"\" width=\"300\" height=\"200\" \/><\/a><br aria-hidden=\"true\" \/><br aria-hidden=\"true\" \/>Chuva fina e l\u00e1grimas de emo\u00e7\u00e3o se misturaram na tarde de ontem, 18 de novembro\/21, e marcaram a entrega de mais 27 documentos de posses de moradias, realizada pela atual gest\u00e3o, por meio da Secretaria de Habita\u00e7\u00e3o de Interesse Social. Os contemplados desta vez foram vinte e sete fam\u00edlias de moradores do Dom Bosco. O ato marcou a primeira etapa da regulariza\u00e7\u00e3o fundi\u00e1ria urbana nesta localidade. Outras setenta fam\u00edlias receber\u00e3o a documenta\u00e7\u00e3o at\u00e9 o final deste ano, um compromisso assumido com a popula\u00e7\u00e3o pela Prefeita.<br aria-hidden=\"true\" \/>Na ocasi\u00e3o a prefeita Paula Lemos, acompanhada pela secret\u00e1ria de Habita\u00e7\u00e3o, C\u00e9lia Rodrigues, e dos vereadores Raphael Silv\u00e9rio e Gabriel Uchida, foi recepcionada pelos moradores em suas respectivas casas, onde receberam a t\u00e3o aguardada escritura. \u00a0Momento de festa e muita emo\u00e7\u00e3o, pois h\u00e1 mais de 20 anos muitos desses moradores aguardavam por esse dia, e que agora p\u00f4de ser concretizado, ap\u00f3s um trabalho incessante da atual gest\u00e3o.<br aria-hidden=\"true\" \/>\u201cIsso \u00e9 a coroa\u00e7\u00e3o do nosso trabalho, do envolvimento da gest\u00e3o com a comunidade. Essa documenta\u00e7\u00e3o de moradia \u00e9 a certid\u00e3o de nascimento de cada morador. Agora eles podem afirmar que s\u00e3o realmente donos de seu teto e de suas fam\u00edlias. Tenho em meu cora\u00e7\u00e3o imensa gratid\u00e3o e fico emocionada em proporcionar essa alegria e a realiza\u00e7\u00e3o de sonhos a essas pessoas\u201d, ressaltou a prefeita.<br aria-hidden=\"true\" \/>De acordo com C\u00e9lia Rodrigues, secret\u00e1ria de Habita\u00e7\u00e3o, \u201cassumimos o compromisso de entregar todas as certid\u00f5es imobili\u00e1rias que faltam na nossa cidade e hoje estamos realizando a quinta entrega. Temos em nossa cidade centenas de fam\u00edlias, algumas pioneiras, que v\u00eam ocupando im\u00f3veis h\u00e1 d\u00e9cadas, sem qualquer legaliza\u00e7\u00e3o jur\u00eddica. Com essa regulariza\u00e7\u00e3o, elas poder\u00e3o administrar esse patrim\u00f4nio como bem entender. A escritura promove, sem d\u00favida, o desenvolvimento social e econ\u00f4mico, elevando a qualidade de vida desses moradores\u201d, destacou.\u00a0<br aria-hidden=\"true\" \/>Durante a entrega das escrituras, os moradores presentearam a prefeita Paula Lemos com uma \u00e1rvore de natal, com bolas artesanais, confeccionadas em papel com registros de momentos marcantes da gest\u00e3o neste ano de 2021 e frases de agradecimento. \u00a0\u201cAdorei o presente, \u00e9 um carinho que n\u00e3o tem valor\u201d disse Paula.<\/p>\n","protected":false},"excerpt":{"rendered":"<p>Fam\u00edlias sonhavam h\u00e1 mais de vinte anos com a regulariza\u00e7\u00e3o<\/p>\n","protected":false},"author":2,"featured_media":56581,"comment_status":"open","ping_status":"open","sticky":false,"template":"","format":"standard","meta":{"footnotes":""},"categories":[14,25],"tags":[],"class_list":["post-56580","post","type-post","status-publish","format-standard","has-post-thumbnail","hentry","category-barretos","category-cidades"],"yoast_head":"<!-- This site is optimized with the Yoast SEO plugin v27.5 - https:\/\/yoast.com\/product\/yoast-seo-wordpress\/ -->\n<title>Vinte e sete fam\u00edlias do Dom Bosco receberam o documento de posse de suas moradias - Regi\u00e3o News<\/title>\n<meta name=\"robots\" content=\"index, follow, max-snippet:-1, max-image-preview:large, max-video-preview:-1\" \/>\n<link rel=\"canonical\" href=\"https:\/\/regiaonews.net.br\/2022\/2021\/11\/20\/vinte-e-sete-familias-do-dom-bosco-receberam-o-documento-de-posse-de-suas-moradias\/\" \/>\n<meta property=\"og:locale\" content=\"pt_BR\" \/>\n<meta property=\"og:type\" content=\"article\" \/>\n<meta property=\"og:title\" content=\"Vinte e sete fam\u00edlias do Dom Bosco receberam o documento de posse de suas moradias - Regi\u00e3o News\" \/>\n<meta property=\"og:description\" content=\"Fam\u00edlias sonhavam h\u00e1 mais de vinte anos com a regulariza\u00e7\u00e3o\" \/>\n<meta property=\"og:url\" content=\"https:\/\/regiaonews.net.br\/2022\/2021\/11\/20\/vinte-e-sete-familias-do-dom-bosco-receberam-o-documento-de-posse-de-suas-moradias\/\" \/>\n<meta property=\"og:site_name\" content=\"Regi\u00e3o News\" \/>\n<meta property=\"article:published_time\" content=\"2021-11-20T16:05:05+00:00\" \/>\n<meta property=\"og:image\" content=\"https:\/\/regiaonews.net.br\/2022\/wp-content\/uploads\/2021\/11\/MON6488.jpg\" \/>\n\t<meta property=\"og:image:width\" content=\"2000\" \/>\n\t<meta property=\"og:image:height\" content=\"1335\" \/>\n\t<meta property=\"og:image:type\" content=\"image\/jpeg\" \/>\n<meta name=\"author\" content=\"Roberto\" \/>\n<meta name=\"twitter:card\" content=\"summary_large_image\" \/>\n<meta name=\"twitter:label1\" content=\"Escrito por\" \/>\n\t<meta name=\"twitter:data1\" content=\"Roberto\" \/>\n\t<meta name=\"twitter:label2\" content=\"Est. tempo de leitura\" \/>\n\t<meta name=\"twitter:data2\" content=\"2 minutos\" \/>\n<script type=\"application\/ld+json\" class=\"yoast-schema-graph\">{\"@context\":\"https:\\\/\\\/schema.org\",\"@graph\":[{\"@type\":\"Article\",\"@id\":\"https:\\\/\\\/regiaonews.net.br\\\/2022\\\/2021\\\/11\\\/20\\\/vinte-e-sete-familias-do-dom-bosco-receberam-o-documento-de-posse-de-suas-moradias\\\/#article\",\"isPartOf\":{\"@id\":\"https:\\\/\\\/regiaonews.net.br\\\/2022\\\/2021\\\/11\\\/20\\\/vinte-e-sete-familias-do-dom-bosco-receberam-o-documento-de-posse-de-suas-moradias\\\/\"},\"author\":{\"name\":\"Roberto\",\"@id\":\"https:\\\/\\\/regiaonews.net.br\\\/2022\\\/#\\\/schema\\\/person\\\/2d205a608a5aa97ac279d7a5e6d89ad8\"},\"headline\":\"Vinte e sete fam\u00edlias do Dom Bosco receberam o documento de posse de suas moradias\",\"datePublished\":\"2021-11-20T16:05:05+00:00\",\"mainEntityOfPage\":{\"@id\":\"https:\\\/\\\/regiaonews.net.br\\\/2022\\\/2021\\\/11\\\/20\\\/vinte-e-sete-familias-do-dom-bosco-receberam-o-documento-de-posse-de-suas-moradias\\\/\"},\"wordCount\":417,\"commentCount\":0,\"publisher\":{\"@id\":\"https:\\\/\\\/regiaonews.net.br\\\/2022\\\/#organization\"},\"image\":{\"@id\":\"https:\\\/\\\/regiaonews.net.br\\\/2022\\\/2021\\\/11\\\/20\\\/vinte-e-sete-familias-do-dom-bosco-receberam-o-documento-de-posse-de-suas-moradias\\\/#primaryimage\"},\"thumbnailUrl\":\"https:\\\/\\\/regiaonews.net.br\\\/2022\\\/wp-content\\\/uploads\\\/2021\\\/11\\\/MON6488.jpg\",\"articleSection\":[\"Barretos\",\"Cidades\"],\"inLanguage\":\"pt-BR\",\"potentialAction\":[{\"@type\":\"CommentAction\",\"name\":\"Comment\",\"target\":[\"https:\\\/\\\/regiaonews.net.br\\\/2022\\\/2021\\\/11\\\/20\\\/vinte-e-sete-familias-do-dom-bosco-receberam-o-documento-de-posse-de-suas-moradias\\\/#respond\"]}]},{\"@type\":\"WebPage\",\"@id\":\"https:\\\/\\\/regiaonews.net.br\\\/2022\\\/2021\\\/11\\\/20\\\/vinte-e-sete-familias-do-dom-bosco-receberam-o-documento-de-posse-de-suas-moradias\\\/\",\"url\":\"https:\\\/\\\/regiaonews.net.br\\\/2022\\\/2021\\\/11\\\/20\\\/vinte-e-sete-familias-do-dom-bosco-receberam-o-documento-de-posse-de-suas-moradias\\\/\",\"name\":\"Vinte e sete fam\u00edlias do Dom Bosco receberam o documento de posse de suas moradias - Regi\u00e3o News\",\"isPartOf\":{\"@id\":\"https:\\\/\\\/regiaonews.net.br\\\/2022\\\/#website\"},\"primaryImageOfPage\":{\"@id\":\"https:\\\/\\\/regiaonews.net.br\\\/2022\\\/2021\\\/11\\\/20\\\/vinte-e-sete-familias-do-dom-bosco-receberam-o-documento-de-posse-de-suas-moradias\\\/#primaryimage\"},\"image\":{\"@id\":\"https:\\\/\\\/regiaonews.net.br\\\/2022\\\/2021\\\/11\\\/20\\\/vinte-e-sete-familias-do-dom-bosco-receberam-o-documento-de-posse-de-suas-moradias\\\/#primaryimage\"},\"thumbnailUrl\":\"https:\\\/\\\/regiaonews.net.br\\\/2022\\\/wp-content\\\/uploads\\\/2021\\\/11\\\/MON6488.jpg\",\"datePublished\":\"2021-11-20T16:05:05+00:00\",\"breadcrumb\":{\"@id\":\"https:\\\/\\\/regiaonews.net.br\\\/2022\\\/2021\\\/11\\\/20\\\/vinte-e-sete-familias-do-dom-bosco-receberam-o-documento-de-posse-de-suas-moradias\\\/#breadcrumb\"},\"inLanguage\":\"pt-BR\",\"potentialAction\":[{\"@type\":\"ReadAction\",\"target\":[\"https:\\\/\\\/regiaonews.net.br\\\/2022\\\/2021\\\/11\\\/20\\\/vinte-e-sete-familias-do-dom-bosco-receberam-o-documento-de-posse-de-suas-moradias\\\/\"]}]},{\"@type\":\"ImageObject\",\"inLanguage\":\"pt-BR\",\"@id\":\"https:\\\/\\\/regiaonews.net.br\\\/2022\\\/2021\\\/11\\\/20\\\/vinte-e-sete-familias-do-dom-bosco-receberam-o-documento-de-posse-de-suas-moradias\\\/#primaryimage\",\"url\":\"https:\\\/\\\/regiaonews.net.br\\\/2022\\\/wp-content\\\/uploads\\\/2021\\\/11\\\/MON6488.jpg\",\"contentUrl\":\"https:\\\/\\\/regiaonews.net.br\\\/2022\\\/wp-content\\\/uploads\\\/2021\\\/11\\\/MON6488.jpg\",\"width\":2000,\"height\":1335},{\"@type\":\"BreadcrumbList\",\"@id\":\"https:\\\/\\\/regiaonews.net.br\\\/2022\\\/2021\\\/11\\\/20\\\/vinte-e-sete-familias-do-dom-bosco-receberam-o-documento-de-posse-de-suas-moradias\\\/#breadcrumb\",\"itemListElement\":[{\"@type\":\"ListItem\",\"position\":1,\"name\":\"In\u00edcio\",\"item\":\"https:\\\/\\\/regiaonews.net.br\\\/2022\\\/\"},{\"@type\":\"ListItem\",\"position\":2,\"name\":\"Vinte e sete fam\u00edlias do Dom Bosco receberam o documento de posse de suas moradias\"}]},{\"@type\":\"WebSite\",\"@id\":\"https:\\\/\\\/regiaonews.net.br\\\/2022\\\/#website\",\"url\":\"https:\\\/\\\/regiaonews.net.br\\\/2022\\\/\",\"name\":\"Regi\u00e3o News\",\"description\":\"Site de Not\u00edcias de Barretos e regi\u00e3o\",\"publisher\":{\"@id\":\"https:\\\/\\\/regiaonews.net.br\\\/2022\\\/#organization\"},\"potentialAction\":[{\"@type\":\"SearchAction\",\"target\":{\"@type\":\"EntryPoint\",\"urlTemplate\":\"https:\\\/\\\/regiaonews.net.br\\\/2022\\\/?s={search_term_string}\"},\"query-input\":{\"@type\":\"PropertyValueSpecification\",\"valueRequired\":true,\"valueName\":\"search_term_string\"}}],\"inLanguage\":\"pt-BR\"},{\"@type\":\"Organization\",\"@id\":\"https:\\\/\\\/regiaonews.net.br\\\/2022\\\/#organization\",\"name\":\"Regi\u00e3o News\",\"url\":\"https:\\\/\\\/regiaonews.net.br\\\/2022\\\/\",\"logo\":{\"@type\":\"ImageObject\",\"inLanguage\":\"pt-BR\",\"@id\":\"https:\\\/\\\/regiaonews.net.br\\\/2022\\\/#\\\/schema\\\/logo\\\/image\\\/\",\"url\":\"https:\\\/\\\/regiaonews.net.br\\\/2022\\\/wp-content\\\/uploads\\\/2026\\\/03\\\/regiao-13-anos-scaled.jpg\",\"contentUrl\":\"https:\\\/\\\/regiaonews.net.br\\\/2022\\\/wp-content\\\/uploads\\\/2026\\\/03\\\/regiao-13-anos-scaled.jpg\",\"width\":2560,\"height\":635,\"caption\":\"Regi\u00e3o News\"},\"image\":{\"@id\":\"https:\\\/\\\/regiaonews.net.br\\\/2022\\\/#\\\/schema\\\/logo\\\/image\\\/\"}},{\"@type\":\"Person\",\"@id\":\"https:\\\/\\\/regiaonews.net.br\\\/2022\\\/#\\\/schema\\\/person\\\/2d205a608a5aa97ac279d7a5e6d89ad8\",\"name\":\"Roberto\",\"image\":{\"@type\":\"ImageObject\",\"inLanguage\":\"pt-BR\",\"@id\":\"https:\\\/\\\/secure.gravatar.com\\\/avatar\\\/42749d8b712ff9d59ca93dc150494e5b55a44134482993f5baeb97e61b7ecc89?s=96&d=mm&r=g\",\"url\":\"https:\\\/\\\/secure.gravatar.com\\\/avatar\\\/42749d8b712ff9d59ca93dc150494e5b55a44134482993f5baeb97e61b7ecc89?s=96&d=mm&r=g\",\"contentUrl\":\"https:\\\/\\\/secure.gravatar.com\\\/avatar\\\/42749d8b712ff9d59ca93dc150494e5b55a44134482993f5baeb97e61b7ecc89?s=96&d=mm&r=g\",\"caption\":\"Roberto\"},\"url\":\"https:\\\/\\\/regiaonews.net.br\\\/2022\\\/author\\\/roberto\\\/\"}]}<\/script>\n<!-- \/ Yoast SEO plugin. -->","yoast_head_json":{"title":"Vinte e sete fam\u00edlias do Dom Bosco receberam o documento de posse de suas moradias - Regi\u00e3o News","robots":{"index":"index","follow":"follow","max-snippet":"max-snippet:-1","max-image-preview":"max-image-preview:large","max-video-preview":"max-video-preview:-1"},"canonical":"https:\/\/regiaonews.net.br\/2022\/2021\/11\/20\/vinte-e-sete-familias-do-dom-bosco-receberam-o-documento-de-posse-de-suas-moradias\/","og_locale":"pt_BR","og_type":"article","og_title":"Vinte e sete fam\u00edlias do Dom Bosco receberam o documento de posse de suas moradias - Regi\u00e3o News","og_description":"Fam\u00edlias sonhavam h\u00e1 mais de vinte anos com a regulariza\u00e7\u00e3o","og_url":"https:\/\/regiaonews.net.br\/2022\/2021\/11\/20\/vinte-e-sete-familias-do-dom-bosco-receberam-o-documento-de-posse-de-suas-moradias\/","og_site_name":"Regi\u00e3o News","article_published_time":"2021-11-20T16:05:05+00:00","og_image":[{"width":2000,"height":1335,"url":"https:\/\/regiaonews.net.br\/2022\/wp-content\/uploads\/2021\/11\/MON6488.jpg","type":"image\/jpeg"}],"author":"Roberto","twitter_card":"summary_large_image","twitter_misc":{"Escrito por":"Roberto","Est. tempo de leitura":"2 minutos"},"schema":{"@context":"https:\/\/schema.org","@graph":[{"@type":"Article","@id":"https:\/\/regiaonews.net.br\/2022\/2021\/11\/20\/vinte-e-sete-familias-do-dom-bosco-receberam-o-documento-de-posse-de-suas-moradias\/#article","isPartOf":{"@id":"https:\/\/regiaonews.net.br\/2022\/2021\/11\/20\/vinte-e-sete-familias-do-dom-bosco-receberam-o-documento-de-posse-de-suas-moradias\/"},"author":{"name":"Roberto","@id":"https:\/\/regiaonews.net.br\/2022\/#\/schema\/person\/2d205a608a5aa97ac279d7a5e6d89ad8"},"headline":"Vinte e sete fam\u00edlias do Dom Bosco receberam o documento de posse de suas moradias","datePublished":"2021-11-20T16:05:05+00:00","mainEntityOfPage":{"@id":"https:\/\/regiaonews.net.br\/2022\/2021\/11\/20\/vinte-e-sete-familias-do-dom-bosco-receberam-o-documento-de-posse-de-suas-moradias\/"},"wordCount":417,"commentCount":0,"publisher":{"@id":"https:\/\/regiaonews.net.br\/2022\/#organization"},"image":{"@id":"https:\/\/regiaonews.net.br\/2022\/2021\/11\/20\/vinte-e-sete-familias-do-dom-bosco-receberam-o-documento-de-posse-de-suas-moradias\/#primaryimage"},"thumbnailUrl":"https:\/\/regiaonews.net.br\/2022\/wp-content\/uploads\/2021\/11\/MON6488.jpg","articleSection":["Barretos","Cidades"],"inLanguage":"pt-BR","potentialAction":[{"@type":"CommentAction","name":"Comment","target":["https:\/\/regiaonews.net.br\/2022\/2021\/11\/20\/vinte-e-sete-familias-do-dom-bosco-receberam-o-documento-de-posse-de-suas-moradias\/#respond"]}]},{"@type":"WebPage","@id":"https:\/\/regiaonews.net.br\/2022\/2021\/11\/20\/vinte-e-sete-familias-do-dom-bosco-receberam-o-documento-de-posse-de-suas-moradias\/","url":"https:\/\/regiaonews.net.br\/2022\/2021\/11\/20\/vinte-e-sete-familias-do-dom-bosco-receberam-o-documento-de-posse-de-suas-moradias\/","name":"Vinte e sete fam\u00edlias do Dom Bosco receberam o documento de posse de suas moradias - Regi\u00e3o News","isPartOf":{"@id":"https:\/\/regiaonews.net.br\/2022\/#website"},"primaryImageOfPage":{"@id":"https:\/\/regiaonews.net.br\/2022\/2021\/11\/20\/vinte-e-sete-familias-do-dom-bosco-receberam-o-documento-de-posse-de-suas-moradias\/#primaryimage"},"image":{"@id":"https:\/\/regiaonews.net.br\/2022\/2021\/11\/20\/vinte-e-sete-familias-do-dom-bosco-receberam-o-documento-de-posse-de-suas-moradias\/#primaryimage"},"thumbnailUrl":"https:\/\/regiaonews.net.br\/2022\/wp-content\/uploads\/2021\/11\/MON6488.jpg","datePublished":"2021-11-20T16:05:05+00:00","breadcrumb":{"@id":"https:\/\/regiaonews.net.br\/2022\/2021\/11\/20\/vinte-e-sete-familias-do-dom-bosco-receberam-o-documento-de-posse-de-suas-moradias\/#breadcrumb"},"inLanguage":"pt-BR","potentialAction":[{"@type":"ReadAction","target":["https:\/\/regiaonews.net.br\/2022\/2021\/11\/20\/vinte-e-sete-familias-do-dom-bosco-receberam-o-documento-de-posse-de-suas-moradias\/"]}]},{"@type":"ImageObject","inLanguage":"pt-BR","@id":"https:\/\/regiaonews.net.br\/2022\/2021\/11\/20\/vinte-e-sete-familias-do-dom-bosco-receberam-o-documento-de-posse-de-suas-moradias\/#primaryimage","url":"https:\/\/regiaonews.net.br\/2022\/wp-content\/uploads\/2021\/11\/MON6488.jpg","contentUrl":"https:\/\/regiaonews.net.br\/2022\/wp-content\/uploads\/2021\/11\/MON6488.jpg","width":2000,"height":1335},{"@type":"BreadcrumbList","@id":"https:\/\/regiaonews.net.br\/2022\/2021\/11\/20\/vinte-e-sete-familias-do-dom-bosco-receberam-o-documento-de-posse-de-suas-moradias\/#breadcrumb","itemListElement":[{"@type":"ListItem","position":1,"name":"In\u00edcio","item":"https:\/\/regiaonews.net.br\/2022\/"},{"@type":"ListItem","position":2,"name":"Vinte e sete fam\u00edlias do Dom Bosco receberam o documento de posse de suas moradias"}]},{"@type":"WebSite","@id":"https:\/\/regiaonews.net.br\/2022\/#website","url":"https:\/\/regiaonews.net.br\/2022\/","name":"Regi\u00e3o News","description":"Site de Not\u00edcias de Barretos e regi\u00e3o","publisher":{"@id":"https:\/\/regiaonews.net.br\/2022\/#organization"},"potentialAction":[{"@type":"SearchAction","target":{"@type":"EntryPoint","urlTemplate":"https:\/\/regiaonews.net.br\/2022\/?s={search_term_string}"},"query-input":{"@type":"PropertyValueSpecification","valueRequired":true,"valueName":"search_term_string"}}],"inLanguage":"pt-BR"},{"@type":"Organization","@id":"https:\/\/regiaonews.net.br\/2022\/#organization","name":"Regi\u00e3o News","url":"https:\/\/regiaonews.net.br\/2022\/","logo":{"@type":"ImageObject","inLanguage":"pt-BR","@id":"https:\/\/regiaonews.net.br\/2022\/#\/schema\/logo\/image\/","url":"https:\/\/regiaonews.net.br\/2022\/wp-content\/uploads\/2026\/03\/regiao-13-anos-scaled.jpg","contentUrl":"https:\/\/regiaonews.net.br\/2022\/wp-content\/uploads\/2026\/03\/regiao-13-anos-scaled.jpg","width":2560,"height":635,"caption":"Regi\u00e3o News"},"image":{"@id":"https:\/\/regiaonews.net.br\/2022\/#\/schema\/logo\/image\/"}},{"@type":"Person","@id":"https:\/\/regiaonews.net.br\/2022\/#\/schema\/person\/2d205a608a5aa97ac279d7a5e6d89ad8","name":"Roberto","image":{"@type":"ImageObject","inLanguage":"pt-BR","@id":"https:\/\/secure.gravatar.com\/avatar\/42749d8b712ff9d59ca93dc150494e5b55a44134482993f5baeb97e61b7ecc89?s=96&d=mm&r=g","url":"https:\/\/secure.gravatar.com\/avatar\/42749d8b712ff9d59ca93dc150494e5b55a44134482993f5baeb97e61b7ecc89?s=96&d=mm&r=g","contentUrl":"https:\/\/secure.gravatar.com\/avatar\/42749d8b712ff9d59ca93dc150494e5b55a44134482993f5baeb97e61b7ecc89?s=96&d=mm&r=g","caption":"Roberto"},"url":"https:\/\/regiaonews.net.br\/2022\/author\/roberto\/"}]}},"publishpress_future_action":{"enabled":false,"date":"2026-05-05 19:10:00","action":"change-status","newStatus":"draft","terms":[],"taxonomy":"category","extraData":[]},"publishpress_future_workflow_manual_trigger":{"enabledWorkflows":[]},"_links":{"self":[{"href":"https:\/\/regiaonews.net.br\/2022\/wp-json\/wp\/v2\/posts\/56580","targetHints":{"allow":["GET"]}}],"collection":[{"href":"https:\/\/regiaonews.net.br\/2022\/wp-json\/wp\/v2\/posts"}],"about":[{"href":"https:\/\/regiaonews.net.br\/2022\/wp-json\/wp\/v2\/types\/post"}],"author":[{"embeddable":true,"href":"https:\/\/regiaonews.net.br\/2022\/wp-json\/wp\/v2\/users\/2"}],"replies":[{"embeddable":true,"href":"https:\/\/regiaonews.net.br\/2022\/wp-json\/wp\/v2\/comments?post=56580"}],"version-history":[{"count":0,"href":"https:\/\/regiaonews.net.br\/2022\/wp-json\/wp\/v2\/posts\/56580\/revisions"}],"wp:featuredmedia":[{"embeddable":true,"href":"https:\/\/regiaonews.net.br\/2022\/wp-json\/wp\/v2\/media\/56581"}],"wp:attachment":[{"href":"https:\/\/regiaonews.net.br\/2022\/wp-json\/wp\/v2\/media?parent=56580"}],"wp:term":[{"taxonomy":"category","embeddable":true,"href":"https:\/\/regiaonews.net.br\/2022\/wp-json\/wp\/v2\/categories?post=56580"},{"taxonomy":"post_tag","embeddable":true,"href":"https:\/\/regiaonews.net.br\/2022\/wp-json\/wp\/v2\/tags?post=56580"}],"curies":[{"name":"wp","href":"https:\/\/api.w.org\/{rel}","templated":true}]}}