{"id":56562,"date":"2021-11-20T08:34:23","date_gmt":"2021-11-20T11:34:23","guid":{"rendered":"https:\/\/regiaonews.net.br\/2022\/?p=56562"},"modified":"2021-11-20T08:43:13","modified_gmt":"2021-11-20T11:43:13","slug":"empresarios-recebem-homenagem-em-jantar-na-noite-de-hoje","status":"publish","type":"post","link":"https:\/\/regiaonews.net.br\/2022\/2021\/11\/20\/empresarios-recebem-homenagem-em-jantar-na-noite-de-hoje\/","title":{"rendered":"Empres\u00e1rios recebem homenagem em jantar na noite de hoje"},"content":{"rendered":"<p><a href=\"https:\/\/regiaonews.net.br\/2022\/wp-content\/uploads\/2021\/11\/empres-e-empresa-3.jpg\"><img loading=\"lazy\" decoding=\"async\" class=\"alignnone size-medium wp-image-56563\" src=\"https:\/\/regiaonews.net.br\/2022\/wp-content\/uploads\/2021\/11\/empres-e-empresa-3-300x240.jpg\" alt=\"\" width=\"300\" height=\"240\" \/><\/a><\/p>\n<p>Foto &#8211; Vera L\u00facia e Giovani Barroti<\/p>\n<p>Acontece hoje, \u00e0s 19h, no Espa\u00e7o Berrant\u00e3o, no Parque do Pe\u00e3o, a homenagem para o\u00a0 empres\u00e1rio do ano de 2020,\u00a0 Giovani Barroti e para a mulher destaque, Vera L\u00facia Dini Pivotto Abe. Na oportunidade, mais de 200 empresas que se destacaram na pesquisa da ACIB estar\u00e3o sendo homenageadas por terem se destacado na pesquisa de popularidade.\u00a0 Para a presidente da ACIB, Jackelyne Rossini, a noite \u00e9 motivo de celebra\u00e7\u00e3o n\u00e3o s\u00f3 para os homenageados, mas para todo o com\u00e9rcio de Barretos e representa um marco na retomada da economia da cidade. \u201cEsperamos muito tempo para poder realizar essa noite de homenagens\u201d, afirmou.<\/p>\n","protected":false},"excerpt":{"rendered":"<p>Foto &#8211; Vera L\u00facia e Giovani Barroti Acontece hoje, \u00e0s<\/p>\n","protected":false},"author":2,"featured_media":56563,"comment_status":"open","ping_status":"open","sticky":false,"template":"","format":"standard","meta":{"footnotes":""},"categories":[14,25,48],"tags":[],"class_list":["post-56562","post","type-post","status-publish","format-standard","has-post-thumbnail","hentry","category-barretos","category-cidades","category-comercio"],"yoast_head":"<!-- This site is optimized with the Yoast SEO plugin v27.5 - https:\/\/yoast.com\/product\/yoast-seo-wordpress\/ -->\n<title>Empres\u00e1rios recebem homenagem em jantar na noite de hoje - Regi\u00e3o News<\/title>\n<meta name=\"robots\" content=\"index, follow, max-snippet:-1, max-image-preview:large, max-video-preview:-1\" \/>\n<link rel=\"canonical\" href=\"https:\/\/regiaonews.net.br\/2022\/2021\/11\/20\/empresarios-recebem-homenagem-em-jantar-na-noite-de-hoje\/\" \/>\n<meta property=\"og:locale\" content=\"pt_BR\" \/>\n<meta property=\"og:type\" content=\"article\" \/>\n<meta property=\"og:title\" content=\"Empres\u00e1rios recebem homenagem em jantar na noite de hoje - Regi\u00e3o News\" \/>\n<meta property=\"og:description\" content=\"Foto &#8211; Vera L\u00facia e Giovani Barroti Acontece hoje, \u00e0s\" \/>\n<meta property=\"og:url\" content=\"https:\/\/regiaonews.net.br\/2022\/2021\/11\/20\/empresarios-recebem-homenagem-em-jantar-na-noite-de-hoje\/\" \/>\n<meta property=\"og:site_name\" content=\"Regi\u00e3o News\" \/>\n<meta property=\"article:published_time\" content=\"2021-11-20T11:34:23+00:00\" \/>\n<meta property=\"article:modified_time\" content=\"2021-11-20T11:43:13+00:00\" \/>\n<meta property=\"og:image\" content=\"https:\/\/regiaonews.net.br\/2022\/wp-content\/uploads\/2021\/11\/empres-e-empresa-3.jpg\" \/>\n\t<meta property=\"og:image:width\" content=\"1280\" \/>\n\t<meta property=\"og:image:height\" content=\"1024\" \/>\n\t<meta property=\"og:image:type\" content=\"image\/jpeg\" \/>\n<meta name=\"author\" content=\"Roberto\" \/>\n<meta name=\"twitter:card\" content=\"summary_large_image\" \/>\n<meta name=\"twitter:image\" content=\"https:\/\/regiaonews.net.br\/2022\/wp-content\/uploads\/2021\/11\/empres-e-empresa-3.jpg\" \/>\n<meta name=\"twitter:label1\" content=\"Escrito por\" \/>\n\t<meta name=\"twitter:data1\" content=\"Roberto\" \/>\n\t<meta name=\"twitter:label2\" content=\"Est. tempo de leitura\" \/>\n\t<meta name=\"twitter:data2\" content=\"1 minuto\" \/>\n<script type=\"application\/ld+json\" class=\"yoast-schema-graph\">{\"@context\":\"https:\\\/\\\/schema.org\",\"@graph\":[{\"@type\":\"Article\",\"@id\":\"https:\\\/\\\/regiaonews.net.br\\\/2022\\\/2021\\\/11\\\/20\\\/empresarios-recebem-homenagem-em-jantar-na-noite-de-hoje\\\/#article\",\"isPartOf\":{\"@id\":\"https:\\\/\\\/regiaonews.net.br\\\/2022\\\/2021\\\/11\\\/20\\\/empresarios-recebem-homenagem-em-jantar-na-noite-de-hoje\\\/\"},\"author\":{\"name\":\"Roberto\",\"@id\":\"https:\\\/\\\/regiaonews.net.br\\\/2022\\\/#\\\/schema\\\/person\\\/2d205a608a5aa97ac279d7a5e6d89ad8\"},\"headline\":\"Empres\u00e1rios recebem homenagem em jantar na noite de hoje\",\"datePublished\":\"2021-11-20T11:34:23+00:00\",\"dateModified\":\"2021-11-20T11:43:13+00:00\",\"mainEntityOfPage\":{\"@id\":\"https:\\\/\\\/regiaonews.net.br\\\/2022\\\/2021\\\/11\\\/20\\\/empresarios-recebem-homenagem-em-jantar-na-noite-de-hoje\\\/\"},\"wordCount\":126,\"commentCount\":0,\"publisher\":{\"@id\":\"https:\\\/\\\/regiaonews.net.br\\\/2022\\\/#organization\"},\"image\":{\"@id\":\"https:\\\/\\\/regiaonews.net.br\\\/2022\\\/2021\\\/11\\\/20\\\/empresarios-recebem-homenagem-em-jantar-na-noite-de-hoje\\\/#primaryimage\"},\"thumbnailUrl\":\"https:\\\/\\\/regiaonews.net.br\\\/2022\\\/wp-content\\\/uploads\\\/2021\\\/11\\\/empres-e-empresa-3.jpg\",\"articleSection\":[\"Barretos\",\"Cidades\",\"Com\u00e9rcio\"],\"inLanguage\":\"pt-BR\",\"potentialAction\":[{\"@type\":\"CommentAction\",\"name\":\"Comment\",\"target\":[\"https:\\\/\\\/regiaonews.net.br\\\/2022\\\/2021\\\/11\\\/20\\\/empresarios-recebem-homenagem-em-jantar-na-noite-de-hoje\\\/#respond\"]}]},{\"@type\":\"WebPage\",\"@id\":\"https:\\\/\\\/regiaonews.net.br\\\/2022\\\/2021\\\/11\\\/20\\\/empresarios-recebem-homenagem-em-jantar-na-noite-de-hoje\\\/\",\"url\":\"https:\\\/\\\/regiaonews.net.br\\\/2022\\\/2021\\\/11\\\/20\\\/empresarios-recebem-homenagem-em-jantar-na-noite-de-hoje\\\/\",\"name\":\"Empres\u00e1rios recebem homenagem em jantar na noite de hoje - Regi\u00e3o News\",\"isPartOf\":{\"@id\":\"https:\\\/\\\/regiaonews.net.br\\\/2022\\\/#website\"},\"primaryImageOfPage\":{\"@id\":\"https:\\\/\\\/regiaonews.net.br\\\/2022\\\/2021\\\/11\\\/20\\\/empresarios-recebem-homenagem-em-jantar-na-noite-de-hoje\\\/#primaryimage\"},\"image\":{\"@id\":\"https:\\\/\\\/regiaonews.net.br\\\/2022\\\/2021\\\/11\\\/20\\\/empresarios-recebem-homenagem-em-jantar-na-noite-de-hoje\\\/#primaryimage\"},\"thumbnailUrl\":\"https:\\\/\\\/regiaonews.net.br\\\/2022\\\/wp-content\\\/uploads\\\/2021\\\/11\\\/empres-e-empresa-3.jpg\",\"datePublished\":\"2021-11-20T11:34:23+00:00\",\"dateModified\":\"2021-11-20T11:43:13+00:00\",\"breadcrumb\":{\"@id\":\"https:\\\/\\\/regiaonews.net.br\\\/2022\\\/2021\\\/11\\\/20\\\/empresarios-recebem-homenagem-em-jantar-na-noite-de-hoje\\\/#breadcrumb\"},\"inLanguage\":\"pt-BR\",\"potentialAction\":[{\"@type\":\"ReadAction\",\"target\":[\"https:\\\/\\\/regiaonews.net.br\\\/2022\\\/2021\\\/11\\\/20\\\/empresarios-recebem-homenagem-em-jantar-na-noite-de-hoje\\\/\"]}]},{\"@type\":\"ImageObject\",\"inLanguage\":\"pt-BR\",\"@id\":\"https:\\\/\\\/regiaonews.net.br\\\/2022\\\/2021\\\/11\\\/20\\\/empresarios-recebem-homenagem-em-jantar-na-noite-de-hoje\\\/#primaryimage\",\"url\":\"https:\\\/\\\/regiaonews.net.br\\\/2022\\\/wp-content\\\/uploads\\\/2021\\\/11\\\/empres-e-empresa-3.jpg\",\"contentUrl\":\"https:\\\/\\\/regiaonews.net.br\\\/2022\\\/wp-content\\\/uploads\\\/2021\\\/11\\\/empres-e-empresa-3.jpg\",\"width\":1280,\"height\":1024},{\"@type\":\"BreadcrumbList\",\"@id\":\"https:\\\/\\\/regiaonews.net.br\\\/2022\\\/2021\\\/11\\\/20\\\/empresarios-recebem-homenagem-em-jantar-na-noite-de-hoje\\\/#breadcrumb\",\"itemListElement\":[{\"@type\":\"ListItem\",\"position\":1,\"name\":\"In\u00edcio\",\"item\":\"https:\\\/\\\/regiaonews.net.br\\\/2022\\\/\"},{\"@type\":\"ListItem\",\"position\":2,\"name\":\"Empres\u00e1rios recebem homenagem em jantar na noite de hoje\"}]},{\"@type\":\"WebSite\",\"@id\":\"https:\\\/\\\/regiaonews.net.br\\\/2022\\\/#website\",\"url\":\"https:\\\/\\\/regiaonews.net.br\\\/2022\\\/\",\"name\":\"Regi\u00e3o News\",\"description\":\"Site de Not\u00edcias de Barretos e regi\u00e3o\",\"publisher\":{\"@id\":\"https:\\\/\\\/regiaonews.net.br\\\/2022\\\/#organization\"},\"potentialAction\":[{\"@type\":\"SearchAction\",\"target\":{\"@type\":\"EntryPoint\",\"urlTemplate\":\"https:\\\/\\\/regiaonews.net.br\\\/2022\\\/?s={search_term_string}\"},\"query-input\":{\"@type\":\"PropertyValueSpecification\",\"valueRequired\":true,\"valueName\":\"search_term_string\"}}],\"inLanguage\":\"pt-BR\"},{\"@type\":\"Organization\",\"@id\":\"https:\\\/\\\/regiaonews.net.br\\\/2022\\\/#organization\",\"name\":\"Regi\u00e3o News\",\"url\":\"https:\\\/\\\/regiaonews.net.br\\\/2022\\\/\",\"logo\":{\"@type\":\"ImageObject\",\"inLanguage\":\"pt-BR\",\"@id\":\"https:\\\/\\\/regiaonews.net.br\\\/2022\\\/#\\\/schema\\\/logo\\\/image\\\/\",\"url\":\"https:\\\/\\\/regiaonews.net.br\\\/2022\\\/wp-content\\\/uploads\\\/2026\\\/03\\\/regiao-13-anos-scaled.jpg\",\"contentUrl\":\"https:\\\/\\\/regiaonews.net.br\\\/2022\\\/wp-content\\\/uploads\\\/2026\\\/03\\\/regiao-13-anos-scaled.jpg\",\"width\":2560,\"height\":635,\"caption\":\"Regi\u00e3o News\"},\"image\":{\"@id\":\"https:\\\/\\\/regiaonews.net.br\\\/2022\\\/#\\\/schema\\\/logo\\\/image\\\/\"}},{\"@type\":\"Person\",\"@id\":\"https:\\\/\\\/regiaonews.net.br\\\/2022\\\/#\\\/schema\\\/person\\\/2d205a608a5aa97ac279d7a5e6d89ad8\",\"name\":\"Roberto\",\"image\":{\"@type\":\"ImageObject\",\"inLanguage\":\"pt-BR\",\"@id\":\"https:\\\/\\\/secure.gravatar.com\\\/avatar\\\/42749d8b712ff9d59ca93dc150494e5b55a44134482993f5baeb97e61b7ecc89?s=96&d=mm&r=g\",\"url\":\"https:\\\/\\\/secure.gravatar.com\\\/avatar\\\/42749d8b712ff9d59ca93dc150494e5b55a44134482993f5baeb97e61b7ecc89?s=96&d=mm&r=g\",\"contentUrl\":\"https:\\\/\\\/secure.gravatar.com\\\/avatar\\\/42749d8b712ff9d59ca93dc150494e5b55a44134482993f5baeb97e61b7ecc89?s=96&d=mm&r=g\",\"caption\":\"Roberto\"},\"url\":\"https:\\\/\\\/regiaonews.net.br\\\/2022\\\/author\\\/roberto\\\/\"}]}<\/script>\n<!-- \/ Yoast SEO plugin. -->","yoast_head_json":{"title":"Empres\u00e1rios recebem homenagem em jantar na noite de hoje - Regi\u00e3o News","robots":{"index":"index","follow":"follow","max-snippet":"max-snippet:-1","max-image-preview":"max-image-preview:large","max-video-preview":"max-video-preview:-1"},"canonical":"https:\/\/regiaonews.net.br\/2022\/2021\/11\/20\/empresarios-recebem-homenagem-em-jantar-na-noite-de-hoje\/","og_locale":"pt_BR","og_type":"article","og_title":"Empres\u00e1rios recebem homenagem em jantar na noite de hoje - Regi\u00e3o News","og_description":"Foto &#8211; Vera L\u00facia e Giovani Barroti Acontece hoje, \u00e0s","og_url":"https:\/\/regiaonews.net.br\/2022\/2021\/11\/20\/empresarios-recebem-homenagem-em-jantar-na-noite-de-hoje\/","og_site_name":"Regi\u00e3o News","article_published_time":"2021-11-20T11:34:23+00:00","article_modified_time":"2021-11-20T11:43:13+00:00","og_image":[{"width":1280,"height":1024,"url":"https:\/\/regiaonews.net.br\/2022\/wp-content\/uploads\/2021\/11\/empres-e-empresa-3.jpg","type":"image\/jpeg"}],"author":"Roberto","twitter_card":"summary_large_image","twitter_image":"https:\/\/regiaonews.net.br\/2022\/wp-content\/uploads\/2021\/11\/empres-e-empresa-3.jpg","twitter_misc":{"Escrito por":"Roberto","Est. tempo de leitura":"1 minuto"},"schema":{"@context":"https:\/\/schema.org","@graph":[{"@type":"Article","@id":"https:\/\/regiaonews.net.br\/2022\/2021\/11\/20\/empresarios-recebem-homenagem-em-jantar-na-noite-de-hoje\/#article","isPartOf":{"@id":"https:\/\/regiaonews.net.br\/2022\/2021\/11\/20\/empresarios-recebem-homenagem-em-jantar-na-noite-de-hoje\/"},"author":{"name":"Roberto","@id":"https:\/\/regiaonews.net.br\/2022\/#\/schema\/person\/2d205a608a5aa97ac279d7a5e6d89ad8"},"headline":"Empres\u00e1rios recebem homenagem em jantar na noite de hoje","datePublished":"2021-11-20T11:34:23+00:00","dateModified":"2021-11-20T11:43:13+00:00","mainEntityOfPage":{"@id":"https:\/\/regiaonews.net.br\/2022\/2021\/11\/20\/empresarios-recebem-homenagem-em-jantar-na-noite-de-hoje\/"},"wordCount":126,"commentCount":0,"publisher":{"@id":"https:\/\/regiaonews.net.br\/2022\/#organization"},"image":{"@id":"https:\/\/regiaonews.net.br\/2022\/2021\/11\/20\/empresarios-recebem-homenagem-em-jantar-na-noite-de-hoje\/#primaryimage"},"thumbnailUrl":"https:\/\/regiaonews.net.br\/2022\/wp-content\/uploads\/2021\/11\/empres-e-empresa-3.jpg","articleSection":["Barretos","Cidades","Com\u00e9rcio"],"inLanguage":"pt-BR","potentialAction":[{"@type":"CommentAction","name":"Comment","target":["https:\/\/regiaonews.net.br\/2022\/2021\/11\/20\/empresarios-recebem-homenagem-em-jantar-na-noite-de-hoje\/#respond"]}]},{"@type":"WebPage","@id":"https:\/\/regiaonews.net.br\/2022\/2021\/11\/20\/empresarios-recebem-homenagem-em-jantar-na-noite-de-hoje\/","url":"https:\/\/regiaonews.net.br\/2022\/2021\/11\/20\/empresarios-recebem-homenagem-em-jantar-na-noite-de-hoje\/","name":"Empres\u00e1rios recebem homenagem em jantar na noite de hoje - Regi\u00e3o News","isPartOf":{"@id":"https:\/\/regiaonews.net.br\/2022\/#website"},"primaryImageOfPage":{"@id":"https:\/\/regiaonews.net.br\/2022\/2021\/11\/20\/empresarios-recebem-homenagem-em-jantar-na-noite-de-hoje\/#primaryimage"},"image":{"@id":"https:\/\/regiaonews.net.br\/2022\/2021\/11\/20\/empresarios-recebem-homenagem-em-jantar-na-noite-de-hoje\/#primaryimage"},"thumbnailUrl":"https:\/\/regiaonews.net.br\/2022\/wp-content\/uploads\/2021\/11\/empres-e-empresa-3.jpg","datePublished":"2021-11-20T11:34:23+00:00","dateModified":"2021-11-20T11:43:13+00:00","breadcrumb":{"@id":"https:\/\/regiaonews.net.br\/2022\/2021\/11\/20\/empresarios-recebem-homenagem-em-jantar-na-noite-de-hoje\/#breadcrumb"},"inLanguage":"pt-BR","potentialAction":[{"@type":"ReadAction","target":["https:\/\/regiaonews.net.br\/2022\/2021\/11\/20\/empresarios-recebem-homenagem-em-jantar-na-noite-de-hoje\/"]}]},{"@type":"ImageObject","inLanguage":"pt-BR","@id":"https:\/\/regiaonews.net.br\/2022\/2021\/11\/20\/empresarios-recebem-homenagem-em-jantar-na-noite-de-hoje\/#primaryimage","url":"https:\/\/regiaonews.net.br\/2022\/wp-content\/uploads\/2021\/11\/empres-e-empresa-3.jpg","contentUrl":"https:\/\/regiaonews.net.br\/2022\/wp-content\/uploads\/2021\/11\/empres-e-empresa-3.jpg","width":1280,"height":1024},{"@type":"BreadcrumbList","@id":"https:\/\/regiaonews.net.br\/2022\/2021\/11\/20\/empresarios-recebem-homenagem-em-jantar-na-noite-de-hoje\/#breadcrumb","itemListElement":[{"@type":"ListItem","position":1,"name":"In\u00edcio","item":"https:\/\/regiaonews.net.br\/2022\/"},{"@type":"ListItem","position":2,"name":"Empres\u00e1rios recebem homenagem em jantar na noite de hoje"}]},{"@type":"WebSite","@id":"https:\/\/regiaonews.net.br\/2022\/#website","url":"https:\/\/regiaonews.net.br\/2022\/","name":"Regi\u00e3o News","description":"Site de Not\u00edcias de Barretos e regi\u00e3o","publisher":{"@id":"https:\/\/regiaonews.net.br\/2022\/#organization"},"potentialAction":[{"@type":"SearchAction","target":{"@type":"EntryPoint","urlTemplate":"https:\/\/regiaonews.net.br\/2022\/?s={search_term_string}"},"query-input":{"@type":"PropertyValueSpecification","valueRequired":true,"valueName":"search_term_string"}}],"inLanguage":"pt-BR"},{"@type":"Organization","@id":"https:\/\/regiaonews.net.br\/2022\/#organization","name":"Regi\u00e3o News","url":"https:\/\/regiaonews.net.br\/2022\/","logo":{"@type":"ImageObject","inLanguage":"pt-BR","@id":"https:\/\/regiaonews.net.br\/2022\/#\/schema\/logo\/image\/","url":"https:\/\/regiaonews.net.br\/2022\/wp-content\/uploads\/2026\/03\/regiao-13-anos-scaled.jpg","contentUrl":"https:\/\/regiaonews.net.br\/2022\/wp-content\/uploads\/2026\/03\/regiao-13-anos-scaled.jpg","width":2560,"height":635,"caption":"Regi\u00e3o News"},"image":{"@id":"https:\/\/regiaonews.net.br\/2022\/#\/schema\/logo\/image\/"}},{"@type":"Person","@id":"https:\/\/regiaonews.net.br\/2022\/#\/schema\/person\/2d205a608a5aa97ac279d7a5e6d89ad8","name":"Roberto","image":{"@type":"ImageObject","inLanguage":"pt-BR","@id":"https:\/\/secure.gravatar.com\/avatar\/42749d8b712ff9d59ca93dc150494e5b55a44134482993f5baeb97e61b7ecc89?s=96&d=mm&r=g","url":"https:\/\/secure.gravatar.com\/avatar\/42749d8b712ff9d59ca93dc150494e5b55a44134482993f5baeb97e61b7ecc89?s=96&d=mm&r=g","contentUrl":"https:\/\/secure.gravatar.com\/avatar\/42749d8b712ff9d59ca93dc150494e5b55a44134482993f5baeb97e61b7ecc89?s=96&d=mm&r=g","caption":"Roberto"},"url":"https:\/\/regiaonews.net.br\/2022\/author\/roberto\/"}]}},"publishpress_future_action":{"enabled":false,"date":"2026-05-06 00:19:34","action":"change-status","newStatus":"draft","terms":[],"taxonomy":"category","extraData":[]},"publishpress_future_workflow_manual_trigger":{"enabledWorkflows":[]},"_links":{"self":[{"href":"https:\/\/regiaonews.net.br\/2022\/wp-json\/wp\/v2\/posts\/56562","targetHints":{"allow":["GET"]}}],"collection":[{"href":"https:\/\/regiaonews.net.br\/2022\/wp-json\/wp\/v2\/posts"}],"about":[{"href":"https:\/\/regiaonews.net.br\/2022\/wp-json\/wp\/v2\/types\/post"}],"author":[{"embeddable":true,"href":"https:\/\/regiaonews.net.br\/2022\/wp-json\/wp\/v2\/users\/2"}],"replies":[{"embeddable":true,"href":"https:\/\/regiaonews.net.br\/2022\/wp-json\/wp\/v2\/comments?post=56562"}],"version-history":[{"count":0,"href":"https:\/\/regiaonews.net.br\/2022\/wp-json\/wp\/v2\/posts\/56562\/revisions"}],"wp:featuredmedia":[{"embeddable":true,"href":"https:\/\/regiaonews.net.br\/2022\/wp-json\/wp\/v2\/media\/56563"}],"wp:attachment":[{"href":"https:\/\/regiaonews.net.br\/2022\/wp-json\/wp\/v2\/media?parent=56562"}],"wp:term":[{"taxonomy":"category","embeddable":true,"href":"https:\/\/regiaonews.net.br\/2022\/wp-json\/wp\/v2\/categories?post=56562"},{"taxonomy":"post_tag","embeddable":true,"href":"https:\/\/regiaonews.net.br\/2022\/wp-json\/wp\/v2\/tags?post=56562"}],"curies":[{"name":"wp","href":"https:\/\/api.w.org\/{rel}","templated":true}]}}