{"id":56558,"date":"2021-11-20T07:10:56","date_gmt":"2021-11-20T10:10:56","guid":{"rendered":"https:\/\/regiaonews.net.br\/2022\/?p=56558"},"modified":"2021-11-20T07:10:56","modified_gmt":"2021-11-20T10:10:56","slug":"athletico-pr-e-bragantino-decidem-copa-sul-americana","status":"publish","type":"post","link":"https:\/\/regiaonews.net.br\/2022\/2021\/11\/20\/athletico-pr-e-bragantino-decidem-copa-sul-americana\/","title":{"rendered":"Athletico-PR e Bragantino decidem Copa Sul-Americana"},"content":{"rendered":"<figure id=\"attachment_56559\" aria-describedby=\"caption-attachment-56559\" style=\"width: 300px\" class=\"wp-caption alignnone\"><a href=\"https:\/\/regiaonews.net.br\/2022\/wp-content\/uploads\/2021\/11\/Athetico-x-Bragantino.jpg\"><img loading=\"lazy\" decoding=\"async\" class=\"size-medium wp-image-56559\" src=\"https:\/\/regiaonews.net.br\/2022\/wp-content\/uploads\/2021\/11\/Athetico-x-Bragantino-300x179.jpg\" alt=\"\" width=\"300\" height=\"179\" \/><\/a><figcaption id=\"caption-attachment-56559\" class=\"wp-caption-text\">Foto &#8211; Ari Ferreira\/Red Bull Bragantino<\/figcaption><\/figure>\n<p>&nbsp;<\/p>\n<p>Athletico-PR e Bragantino disputam neste s\u00e1bado (20) a decis\u00e3o da Copa Sul-Americana, a partir das 17h (hor\u00e1rio de Bras\u00edlia) no est\u00e1dio Centen\u00e1rio, em Montevid\u00e9u (Uruguai). Se o Massa Bruta busca o primeiro t\u00edtulo da competi\u00e7\u00e3o, o Furac\u00e3o joga por sua segunda gl\u00f3ria no torneio continental (ap\u00f3s vencer em 2018 diante do colombiano Junior Barranquilla).<img decoding=\"async\" src=\"https:\/\/agenciabrasil.ebc.com.br\/ebc.png?id=1428360&amp;o=node\" \/><img decoding=\"async\" src=\"https:\/\/agenciabrasil.ebc.com.br\/ebc.gif?id=1428360&amp;o=node\" \/><\/p>\n<p>Como a decis\u00e3o ser\u00e1 em partida \u00fanica, em caso de empate no tempo normal o jogo ter\u00e1 prorroga\u00e7\u00e3o. Se a igualdade persistir, a decis\u00e3o ser\u00e1 na disputa dos p\u00eanaltis.<\/p>\n<p>O Athletico-PR chega sem problemas para o jogo decisivo, o que deve permitir ao t\u00e9cnico Alberto Valentim manter a escala\u00e7\u00e3o que vem adotando nas \u00faltimas partidas: Santos; Pedro Henrique, Thiago Heleno e Nico Hern\u00e1ndez; Marcinho, Erick, L\u00e9o Cittadini e Abner; Nik\u00e3o, Kayzer e Terans.<\/p>\n<p>Para o treinador, que chegou h\u00e1 pouco mais de 1 m\u00eas ao Furac\u00e3o, a oportunidade de disputar a decis\u00e3o de uma competi\u00e7\u00e3o t\u00e3o importante \u00e9 um privil\u00e9gio: \u201cUma oportunidade para n\u00f3s, para o clube e para mim, que cheguei h\u00e1 pouco tempo. [Oportunidade de] marcar a hist\u00f3ria no clube\u201d.<\/p>\n<p>O Bragantino tamb\u00e9m vive um momento especial na temporada, ocupando o G4 do Campeonato Brasileiro e tendo a oportunidade de conquistar um t\u00edtulo in\u00e9dito. E uma das armas do Massa Bruta para fazer hist\u00f3ria na Sul-Americana \u00e9 o atacante Ytalo, artilheiro do Braga na competi\u00e7\u00e3o com 7 gols.<\/p>\n<p>\u201cEu acho que a sensa\u00e7\u00e3o \u00e9 de orgulho, ainda mais pelo nosso come\u00e7o da Sul-Americana que n\u00e3o foi t\u00e3o bom. Depois conseguimos fazer uma grande campanha. Temos que continuar com esse pensamento, confiantes para o jogo. Apesar de a nossa equipe ser jovem, os mais velhos tentar\u00e3o passar um pouco da experi\u00eancia que t\u00eam para que os mais jovens tenham tranquilidade para jogar uma grande final e para que a gente possa sair com o t\u00edtulo\u201d, declarou o jogador.<\/p>\n<p>O t\u00e9cnico Maur\u00edcio Barbieri deve mandar a campo a seguinte forma\u00e7\u00e3o: Cleiton; Aderlan, Fabr\u00edcio Bruno, L\u00e9o Ortiz e Edimar; Jadsom, Lucas Evangelista e Praxedes; Artur, Cuello e Ytalo.<\/p>\n","protected":false},"excerpt":{"rendered":"<p>&nbsp; Athletico-PR e Bragantino disputam neste s\u00e1bado (20) a decis\u00e3o<\/p>\n","protected":false},"author":2,"featured_media":56559,"comment_status":"open","ping_status":"open","sticky":false,"template":"","format":"standard","meta":{"footnotes":""},"categories":[25,21],"tags":[],"class_list":["post-56558","post","type-post","status-publish","format-standard","has-post-thumbnail","hentry","category-cidades","category-esporte"],"yoast_head":"<!-- This site is optimized with the Yoast SEO plugin v27.5 - https:\/\/yoast.com\/product\/yoast-seo-wordpress\/ -->\n<title>Athletico-PR e Bragantino decidem Copa Sul-Americana - Regi\u00e3o News<\/title>\n<meta name=\"robots\" content=\"index, follow, max-snippet:-1, max-image-preview:large, max-video-preview:-1\" \/>\n<link rel=\"canonical\" href=\"https:\/\/regiaonews.net.br\/2022\/2021\/11\/20\/athletico-pr-e-bragantino-decidem-copa-sul-americana\/\" \/>\n<meta property=\"og:locale\" content=\"pt_BR\" \/>\n<meta property=\"og:type\" content=\"article\" \/>\n<meta property=\"og:title\" content=\"Athletico-PR e Bragantino decidem Copa Sul-Americana - Regi\u00e3o News\" \/>\n<meta property=\"og:description\" content=\"&nbsp; Athletico-PR e Bragantino disputam neste s\u00e1bado (20) a decis\u00e3o\" \/>\n<meta property=\"og:url\" content=\"https:\/\/regiaonews.net.br\/2022\/2021\/11\/20\/athletico-pr-e-bragantino-decidem-copa-sul-americana\/\" \/>\n<meta property=\"og:site_name\" content=\"Regi\u00e3o News\" \/>\n<meta property=\"article:published_time\" content=\"2021-11-20T10:10:56+00:00\" \/>\n<meta property=\"og:image\" content=\"https:\/\/regiaonews.net.br\/2022\/wp-content\/uploads\/2021\/11\/Athetico-x-Bragantino.jpg\" \/>\n\t<meta property=\"og:image:width\" content=\"1170\" \/>\n\t<meta property=\"og:image:height\" content=\"700\" \/>\n\t<meta property=\"og:image:type\" content=\"image\/jpeg\" \/>\n<meta name=\"author\" content=\"Roberto\" \/>\n<meta name=\"twitter:card\" content=\"summary_large_image\" \/>\n<meta name=\"twitter:label1\" content=\"Escrito por\" \/>\n\t<meta name=\"twitter:data1\" content=\"Roberto\" \/>\n\t<meta name=\"twitter:label2\" content=\"Est. tempo de leitura\" \/>\n\t<meta name=\"twitter:data2\" content=\"3 minutos\" \/>\n<script type=\"application\/ld+json\" class=\"yoast-schema-graph\">{\"@context\":\"https:\\\/\\\/schema.org\",\"@graph\":[{\"@type\":\"Article\",\"@id\":\"https:\\\/\\\/regiaonews.net.br\\\/2022\\\/2021\\\/11\\\/20\\\/athletico-pr-e-bragantino-decidem-copa-sul-americana\\\/#article\",\"isPartOf\":{\"@id\":\"https:\\\/\\\/regiaonews.net.br\\\/2022\\\/2021\\\/11\\\/20\\\/athletico-pr-e-bragantino-decidem-copa-sul-americana\\\/\"},\"author\":{\"name\":\"Roberto\",\"@id\":\"https:\\\/\\\/regiaonews.net.br\\\/2022\\\/#\\\/schema\\\/person\\\/2d205a608a5aa97ac279d7a5e6d89ad8\"},\"headline\":\"Athletico-PR e Bragantino decidem Copa Sul-Americana\",\"datePublished\":\"2021-11-20T10:10:56+00:00\",\"mainEntityOfPage\":{\"@id\":\"https:\\\/\\\/regiaonews.net.br\\\/2022\\\/2021\\\/11\\\/20\\\/athletico-pr-e-bragantino-decidem-copa-sul-americana\\\/\"},\"wordCount\":392,\"commentCount\":0,\"publisher\":{\"@id\":\"https:\\\/\\\/regiaonews.net.br\\\/2022\\\/#organization\"},\"image\":{\"@id\":\"https:\\\/\\\/regiaonews.net.br\\\/2022\\\/2021\\\/11\\\/20\\\/athletico-pr-e-bragantino-decidem-copa-sul-americana\\\/#primaryimage\"},\"thumbnailUrl\":\"https:\\\/\\\/regiaonews.net.br\\\/2022\\\/wp-content\\\/uploads\\\/2021\\\/11\\\/Athetico-x-Bragantino.jpg\",\"articleSection\":[\"Cidades\",\"Esporte\"],\"inLanguage\":\"pt-BR\",\"potentialAction\":[{\"@type\":\"CommentAction\",\"name\":\"Comment\",\"target\":[\"https:\\\/\\\/regiaonews.net.br\\\/2022\\\/2021\\\/11\\\/20\\\/athletico-pr-e-bragantino-decidem-copa-sul-americana\\\/#respond\"]}]},{\"@type\":\"WebPage\",\"@id\":\"https:\\\/\\\/regiaonews.net.br\\\/2022\\\/2021\\\/11\\\/20\\\/athletico-pr-e-bragantino-decidem-copa-sul-americana\\\/\",\"url\":\"https:\\\/\\\/regiaonews.net.br\\\/2022\\\/2021\\\/11\\\/20\\\/athletico-pr-e-bragantino-decidem-copa-sul-americana\\\/\",\"name\":\"Athletico-PR e Bragantino decidem Copa Sul-Americana - Regi\u00e3o News\",\"isPartOf\":{\"@id\":\"https:\\\/\\\/regiaonews.net.br\\\/2022\\\/#website\"},\"primaryImageOfPage\":{\"@id\":\"https:\\\/\\\/regiaonews.net.br\\\/2022\\\/2021\\\/11\\\/20\\\/athletico-pr-e-bragantino-decidem-copa-sul-americana\\\/#primaryimage\"},\"image\":{\"@id\":\"https:\\\/\\\/regiaonews.net.br\\\/2022\\\/2021\\\/11\\\/20\\\/athletico-pr-e-bragantino-decidem-copa-sul-americana\\\/#primaryimage\"},\"thumbnailUrl\":\"https:\\\/\\\/regiaonews.net.br\\\/2022\\\/wp-content\\\/uploads\\\/2021\\\/11\\\/Athetico-x-Bragantino.jpg\",\"datePublished\":\"2021-11-20T10:10:56+00:00\",\"breadcrumb\":{\"@id\":\"https:\\\/\\\/regiaonews.net.br\\\/2022\\\/2021\\\/11\\\/20\\\/athletico-pr-e-bragantino-decidem-copa-sul-americana\\\/#breadcrumb\"},\"inLanguage\":\"pt-BR\",\"potentialAction\":[{\"@type\":\"ReadAction\",\"target\":[\"https:\\\/\\\/regiaonews.net.br\\\/2022\\\/2021\\\/11\\\/20\\\/athletico-pr-e-bragantino-decidem-copa-sul-americana\\\/\"]}]},{\"@type\":\"ImageObject\",\"inLanguage\":\"pt-BR\",\"@id\":\"https:\\\/\\\/regiaonews.net.br\\\/2022\\\/2021\\\/11\\\/20\\\/athletico-pr-e-bragantino-decidem-copa-sul-americana\\\/#primaryimage\",\"url\":\"https:\\\/\\\/regiaonews.net.br\\\/2022\\\/wp-content\\\/uploads\\\/2021\\\/11\\\/Athetico-x-Bragantino.jpg\",\"contentUrl\":\"https:\\\/\\\/regiaonews.net.br\\\/2022\\\/wp-content\\\/uploads\\\/2021\\\/11\\\/Athetico-x-Bragantino.jpg\",\"width\":1170,\"height\":700,\"caption\":\"Bragan\u00e7a Paulista\\\/SP; Brasil; 07\\\/11\\\/2021; Est\u00e1dio Nabi Abi Chedid; Campeonato Brasileiro; Red Bull Bragantino x Athletico-PR; na imagem, Cuello durante partida; foto de Ari Ferreira\\\/Red Bull Bragantino;\"},{\"@type\":\"BreadcrumbList\",\"@id\":\"https:\\\/\\\/regiaonews.net.br\\\/2022\\\/2021\\\/11\\\/20\\\/athletico-pr-e-bragantino-decidem-copa-sul-americana\\\/#breadcrumb\",\"itemListElement\":[{\"@type\":\"ListItem\",\"position\":1,\"name\":\"In\u00edcio\",\"item\":\"https:\\\/\\\/regiaonews.net.br\\\/2022\\\/\"},{\"@type\":\"ListItem\",\"position\":2,\"name\":\"Athletico-PR e Bragantino decidem Copa Sul-Americana\"}]},{\"@type\":\"WebSite\",\"@id\":\"https:\\\/\\\/regiaonews.net.br\\\/2022\\\/#website\",\"url\":\"https:\\\/\\\/regiaonews.net.br\\\/2022\\\/\",\"name\":\"Regi\u00e3o News\",\"description\":\"Site de Not\u00edcias de Barretos e regi\u00e3o\",\"publisher\":{\"@id\":\"https:\\\/\\\/regiaonews.net.br\\\/2022\\\/#organization\"},\"potentialAction\":[{\"@type\":\"SearchAction\",\"target\":{\"@type\":\"EntryPoint\",\"urlTemplate\":\"https:\\\/\\\/regiaonews.net.br\\\/2022\\\/?s={search_term_string}\"},\"query-input\":{\"@type\":\"PropertyValueSpecification\",\"valueRequired\":true,\"valueName\":\"search_term_string\"}}],\"inLanguage\":\"pt-BR\"},{\"@type\":\"Organization\",\"@id\":\"https:\\\/\\\/regiaonews.net.br\\\/2022\\\/#organization\",\"name\":\"Regi\u00e3o News\",\"url\":\"https:\\\/\\\/regiaonews.net.br\\\/2022\\\/\",\"logo\":{\"@type\":\"ImageObject\",\"inLanguage\":\"pt-BR\",\"@id\":\"https:\\\/\\\/regiaonews.net.br\\\/2022\\\/#\\\/schema\\\/logo\\\/image\\\/\",\"url\":\"https:\\\/\\\/regiaonews.net.br\\\/2022\\\/wp-content\\\/uploads\\\/2026\\\/03\\\/regiao-13-anos-scaled.jpg\",\"contentUrl\":\"https:\\\/\\\/regiaonews.net.br\\\/2022\\\/wp-content\\\/uploads\\\/2026\\\/03\\\/regiao-13-anos-scaled.jpg\",\"width\":2560,\"height\":635,\"caption\":\"Regi\u00e3o News\"},\"image\":{\"@id\":\"https:\\\/\\\/regiaonews.net.br\\\/2022\\\/#\\\/schema\\\/logo\\\/image\\\/\"}},{\"@type\":\"Person\",\"@id\":\"https:\\\/\\\/regiaonews.net.br\\\/2022\\\/#\\\/schema\\\/person\\\/2d205a608a5aa97ac279d7a5e6d89ad8\",\"name\":\"Roberto\",\"image\":{\"@type\":\"ImageObject\",\"inLanguage\":\"pt-BR\",\"@id\":\"https:\\\/\\\/secure.gravatar.com\\\/avatar\\\/42749d8b712ff9d59ca93dc150494e5b55a44134482993f5baeb97e61b7ecc89?s=96&d=mm&r=g\",\"url\":\"https:\\\/\\\/secure.gravatar.com\\\/avatar\\\/42749d8b712ff9d59ca93dc150494e5b55a44134482993f5baeb97e61b7ecc89?s=96&d=mm&r=g\",\"contentUrl\":\"https:\\\/\\\/secure.gravatar.com\\\/avatar\\\/42749d8b712ff9d59ca93dc150494e5b55a44134482993f5baeb97e61b7ecc89?s=96&d=mm&r=g\",\"caption\":\"Roberto\"},\"url\":\"https:\\\/\\\/regiaonews.net.br\\\/2022\\\/author\\\/roberto\\\/\"}]}<\/script>\n<!-- \/ Yoast SEO plugin. -->","yoast_head_json":{"title":"Athletico-PR e Bragantino decidem Copa Sul-Americana - Regi\u00e3o News","robots":{"index":"index","follow":"follow","max-snippet":"max-snippet:-1","max-image-preview":"max-image-preview:large","max-video-preview":"max-video-preview:-1"},"canonical":"https:\/\/regiaonews.net.br\/2022\/2021\/11\/20\/athletico-pr-e-bragantino-decidem-copa-sul-americana\/","og_locale":"pt_BR","og_type":"article","og_title":"Athletico-PR e Bragantino decidem Copa Sul-Americana - Regi\u00e3o News","og_description":"&nbsp; Athletico-PR e Bragantino disputam neste s\u00e1bado (20) a decis\u00e3o","og_url":"https:\/\/regiaonews.net.br\/2022\/2021\/11\/20\/athletico-pr-e-bragantino-decidem-copa-sul-americana\/","og_site_name":"Regi\u00e3o News","article_published_time":"2021-11-20T10:10:56+00:00","og_image":[{"width":1170,"height":700,"url":"https:\/\/regiaonews.net.br\/2022\/wp-content\/uploads\/2021\/11\/Athetico-x-Bragantino.jpg","type":"image\/jpeg"}],"author":"Roberto","twitter_card":"summary_large_image","twitter_misc":{"Escrito por":"Roberto","Est. tempo de leitura":"3 minutos"},"schema":{"@context":"https:\/\/schema.org","@graph":[{"@type":"Article","@id":"https:\/\/regiaonews.net.br\/2022\/2021\/11\/20\/athletico-pr-e-bragantino-decidem-copa-sul-americana\/#article","isPartOf":{"@id":"https:\/\/regiaonews.net.br\/2022\/2021\/11\/20\/athletico-pr-e-bragantino-decidem-copa-sul-americana\/"},"author":{"name":"Roberto","@id":"https:\/\/regiaonews.net.br\/2022\/#\/schema\/person\/2d205a608a5aa97ac279d7a5e6d89ad8"},"headline":"Athletico-PR e Bragantino decidem Copa Sul-Americana","datePublished":"2021-11-20T10:10:56+00:00","mainEntityOfPage":{"@id":"https:\/\/regiaonews.net.br\/2022\/2021\/11\/20\/athletico-pr-e-bragantino-decidem-copa-sul-americana\/"},"wordCount":392,"commentCount":0,"publisher":{"@id":"https:\/\/regiaonews.net.br\/2022\/#organization"},"image":{"@id":"https:\/\/regiaonews.net.br\/2022\/2021\/11\/20\/athletico-pr-e-bragantino-decidem-copa-sul-americana\/#primaryimage"},"thumbnailUrl":"https:\/\/regiaonews.net.br\/2022\/wp-content\/uploads\/2021\/11\/Athetico-x-Bragantino.jpg","articleSection":["Cidades","Esporte"],"inLanguage":"pt-BR","potentialAction":[{"@type":"CommentAction","name":"Comment","target":["https:\/\/regiaonews.net.br\/2022\/2021\/11\/20\/athletico-pr-e-bragantino-decidem-copa-sul-americana\/#respond"]}]},{"@type":"WebPage","@id":"https:\/\/regiaonews.net.br\/2022\/2021\/11\/20\/athletico-pr-e-bragantino-decidem-copa-sul-americana\/","url":"https:\/\/regiaonews.net.br\/2022\/2021\/11\/20\/athletico-pr-e-bragantino-decidem-copa-sul-americana\/","name":"Athletico-PR e Bragantino decidem Copa Sul-Americana - Regi\u00e3o News","isPartOf":{"@id":"https:\/\/regiaonews.net.br\/2022\/#website"},"primaryImageOfPage":{"@id":"https:\/\/regiaonews.net.br\/2022\/2021\/11\/20\/athletico-pr-e-bragantino-decidem-copa-sul-americana\/#primaryimage"},"image":{"@id":"https:\/\/regiaonews.net.br\/2022\/2021\/11\/20\/athletico-pr-e-bragantino-decidem-copa-sul-americana\/#primaryimage"},"thumbnailUrl":"https:\/\/regiaonews.net.br\/2022\/wp-content\/uploads\/2021\/11\/Athetico-x-Bragantino.jpg","datePublished":"2021-11-20T10:10:56+00:00","breadcrumb":{"@id":"https:\/\/regiaonews.net.br\/2022\/2021\/11\/20\/athletico-pr-e-bragantino-decidem-copa-sul-americana\/#breadcrumb"},"inLanguage":"pt-BR","potentialAction":[{"@type":"ReadAction","target":["https:\/\/regiaonews.net.br\/2022\/2021\/11\/20\/athletico-pr-e-bragantino-decidem-copa-sul-americana\/"]}]},{"@type":"ImageObject","inLanguage":"pt-BR","@id":"https:\/\/regiaonews.net.br\/2022\/2021\/11\/20\/athletico-pr-e-bragantino-decidem-copa-sul-americana\/#primaryimage","url":"https:\/\/regiaonews.net.br\/2022\/wp-content\/uploads\/2021\/11\/Athetico-x-Bragantino.jpg","contentUrl":"https:\/\/regiaonews.net.br\/2022\/wp-content\/uploads\/2021\/11\/Athetico-x-Bragantino.jpg","width":1170,"height":700,"caption":"Bragan\u00e7a Paulista\/SP; Brasil; 07\/11\/2021; Est\u00e1dio Nabi Abi Chedid; Campeonato Brasileiro; Red Bull Bragantino x Athletico-PR; na imagem, Cuello durante partida; foto de Ari Ferreira\/Red Bull Bragantino;"},{"@type":"BreadcrumbList","@id":"https:\/\/regiaonews.net.br\/2022\/2021\/11\/20\/athletico-pr-e-bragantino-decidem-copa-sul-americana\/#breadcrumb","itemListElement":[{"@type":"ListItem","position":1,"name":"In\u00edcio","item":"https:\/\/regiaonews.net.br\/2022\/"},{"@type":"ListItem","position":2,"name":"Athletico-PR e Bragantino decidem Copa Sul-Americana"}]},{"@type":"WebSite","@id":"https:\/\/regiaonews.net.br\/2022\/#website","url":"https:\/\/regiaonews.net.br\/2022\/","name":"Regi\u00e3o News","description":"Site de Not\u00edcias de Barretos e regi\u00e3o","publisher":{"@id":"https:\/\/regiaonews.net.br\/2022\/#organization"},"potentialAction":[{"@type":"SearchAction","target":{"@type":"EntryPoint","urlTemplate":"https:\/\/regiaonews.net.br\/2022\/?s={search_term_string}"},"query-input":{"@type":"PropertyValueSpecification","valueRequired":true,"valueName":"search_term_string"}}],"inLanguage":"pt-BR"},{"@type":"Organization","@id":"https:\/\/regiaonews.net.br\/2022\/#organization","name":"Regi\u00e3o News","url":"https:\/\/regiaonews.net.br\/2022\/","logo":{"@type":"ImageObject","inLanguage":"pt-BR","@id":"https:\/\/regiaonews.net.br\/2022\/#\/schema\/logo\/image\/","url":"https:\/\/regiaonews.net.br\/2022\/wp-content\/uploads\/2026\/03\/regiao-13-anos-scaled.jpg","contentUrl":"https:\/\/regiaonews.net.br\/2022\/wp-content\/uploads\/2026\/03\/regiao-13-anos-scaled.jpg","width":2560,"height":635,"caption":"Regi\u00e3o News"},"image":{"@id":"https:\/\/regiaonews.net.br\/2022\/#\/schema\/logo\/image\/"}},{"@type":"Person","@id":"https:\/\/regiaonews.net.br\/2022\/#\/schema\/person\/2d205a608a5aa97ac279d7a5e6d89ad8","name":"Roberto","image":{"@type":"ImageObject","inLanguage":"pt-BR","@id":"https:\/\/secure.gravatar.com\/avatar\/42749d8b712ff9d59ca93dc150494e5b55a44134482993f5baeb97e61b7ecc89?s=96&d=mm&r=g","url":"https:\/\/secure.gravatar.com\/avatar\/42749d8b712ff9d59ca93dc150494e5b55a44134482993f5baeb97e61b7ecc89?s=96&d=mm&r=g","contentUrl":"https:\/\/secure.gravatar.com\/avatar\/42749d8b712ff9d59ca93dc150494e5b55a44134482993f5baeb97e61b7ecc89?s=96&d=mm&r=g","caption":"Roberto"},"url":"https:\/\/regiaonews.net.br\/2022\/author\/roberto\/"}]}},"publishpress_future_action":{"enabled":false,"date":"2026-05-05 22:50:06","action":"change-status","newStatus":"draft","terms":[],"taxonomy":"category","extraData":[]},"publishpress_future_workflow_manual_trigger":{"enabledWorkflows":[]},"_links":{"self":[{"href":"https:\/\/regiaonews.net.br\/2022\/wp-json\/wp\/v2\/posts\/56558","targetHints":{"allow":["GET"]}}],"collection":[{"href":"https:\/\/regiaonews.net.br\/2022\/wp-json\/wp\/v2\/posts"}],"about":[{"href":"https:\/\/regiaonews.net.br\/2022\/wp-json\/wp\/v2\/types\/post"}],"author":[{"embeddable":true,"href":"https:\/\/regiaonews.net.br\/2022\/wp-json\/wp\/v2\/users\/2"}],"replies":[{"embeddable":true,"href":"https:\/\/regiaonews.net.br\/2022\/wp-json\/wp\/v2\/comments?post=56558"}],"version-history":[{"count":0,"href":"https:\/\/regiaonews.net.br\/2022\/wp-json\/wp\/v2\/posts\/56558\/revisions"}],"wp:featuredmedia":[{"embeddable":true,"href":"https:\/\/regiaonews.net.br\/2022\/wp-json\/wp\/v2\/media\/56559"}],"wp:attachment":[{"href":"https:\/\/regiaonews.net.br\/2022\/wp-json\/wp\/v2\/media?parent=56558"}],"wp:term":[{"taxonomy":"category","embeddable":true,"href":"https:\/\/regiaonews.net.br\/2022\/wp-json\/wp\/v2\/categories?post=56558"},{"taxonomy":"post_tag","embeddable":true,"href":"https:\/\/regiaonews.net.br\/2022\/wp-json\/wp\/v2\/tags?post=56558"}],"curies":[{"name":"wp","href":"https:\/\/api.w.org\/{rel}","templated":true}]}}