{"id":56539,"date":"2021-11-19T23:28:11","date_gmt":"2021-11-20T02:28:11","guid":{"rendered":"https:\/\/regiaonews.net.br\/2022\/?p=56539"},"modified":"2021-11-25T09:44:55","modified_gmt":"2021-11-25T12:44:55","slug":"tebe-e-ministerio-do-turismo-levam-peca-teatral-para-alunos","status":"publish","type":"post","link":"https:\/\/regiaonews.net.br\/2022\/2021\/11\/19\/tebe-e-ministerio-do-turismo-levam-peca-teatral-para-alunos\/","title":{"rendered":"TEBE e Minist\u00e9rio do Turismo levam pe\u00e7a teatral para alunos"},"content":{"rendered":"<p><a href=\"https:\/\/regiaonews.net.br\/2022\/wp-content\/uploads\/2021\/11\/A-VIDA-DE-BEN-22-11-TEBE.jpg\"><img loading=\"lazy\" decoding=\"async\" class=\"alignnone size-medium wp-image-56540\" src=\"https:\/\/regiaonews.net.br\/2022\/wp-content\/uploads\/2021\/11\/A-VIDA-DE-BEN-22-11-TEBE-169x300.jpg\" alt=\"\" width=\"169\" height=\"300\" \/><\/a><\/p>\n<p style=\"font-weight: 400;\">A TEBE traz para Bebedouro a apresenta\u00e7\u00e3o teatral do espet\u00e1culo \u201cA Vida do Bem (Bullying) \u201d que ser\u00e1 realizada no dia 22 de novembro, no Anfiteatro da Escola Estadual Dr. Paraiso Cavalcanti, a pe\u00e7a contar\u00e1 com duas apresenta\u00e7\u00f5es \u00e1s 13h30min e as 15h com entrada gratuita.<\/p>\n<p style=\"font-weight: 400;\">Espet\u00e1culo \u00e9 realizado pela Rekriarte, patrocinado com recursos incentivados pela Lei Rouanet atrav\u00e9s da\u00a0<strong>Concession\u00e1ria de Rodovias TEBE,<\/strong>\u00a0conta com apoio da ARTESP (Ag\u00eancia Reguladora de Transportes do Estado de S\u00e3o Paulo), do Minist\u00e9rio do Turismo, da Secretaria de Cultura.<\/p>\n<p style=\"font-weight: 400;\">A Vida de Bem (Bullying) \u00e9 uma pe\u00e7a teatral sobre bullying como assunto principal, tamb\u00e9m aborda sobre racismo, gordofobia, preconceitos, tem como objetivo principal conscientizar crian\u00e7as e adolescentes sobre os danos que estas agress\u00f5es podem causar na vida de uma pessoa, principalmente na sa\u00fade mental, vamos aprender a ter mais empatia com o pr\u00f3ximo. O espet\u00e1culo tem dura\u00e7\u00e3o de 45min.<\/p>\n<p style=\"font-weight: 400;\">\n","protected":false},"excerpt":{"rendered":"<p>A TEBE traz para Bebedouro a apresenta\u00e7\u00e3o teatral do espet\u00e1culo<\/p>\n","protected":false},"author":2,"featured_media":56541,"comment_status":"open","ping_status":"open","sticky":false,"template":"","format":"standard","meta":{"footnotes":""},"categories":[4,25],"tags":[],"class_list":["post-56539","post","type-post","status-publish","format-standard","has-post-thumbnail","hentry","category-bebedouro","category-cidades"],"yoast_head":"<!-- This site is optimized with the Yoast SEO plugin v27.5 - https:\/\/yoast.com\/product\/yoast-seo-wordpress\/ -->\n<title>TEBE e Minist\u00e9rio do Turismo levam pe\u00e7a teatral para alunos - Regi\u00e3o News<\/title>\n<meta name=\"robots\" content=\"index, follow, max-snippet:-1, max-image-preview:large, max-video-preview:-1\" \/>\n<link rel=\"canonical\" href=\"https:\/\/regiaonews.net.br\/2022\/2021\/11\/19\/tebe-e-ministerio-do-turismo-levam-peca-teatral-para-alunos\/\" \/>\n<meta property=\"og:locale\" content=\"pt_BR\" \/>\n<meta property=\"og:type\" content=\"article\" \/>\n<meta property=\"og:title\" content=\"TEBE e Minist\u00e9rio do Turismo levam pe\u00e7a teatral para alunos - Regi\u00e3o News\" \/>\n<meta property=\"og:description\" content=\"A TEBE traz para Bebedouro a apresenta\u00e7\u00e3o teatral do espet\u00e1culo\" \/>\n<meta property=\"og:url\" content=\"https:\/\/regiaonews.net.br\/2022\/2021\/11\/19\/tebe-e-ministerio-do-turismo-levam-peca-teatral-para-alunos\/\" \/>\n<meta property=\"og:site_name\" content=\"Regi\u00e3o News\" \/>\n<meta property=\"article:published_time\" content=\"2021-11-20T02:28:11+00:00\" \/>\n<meta property=\"article:modified_time\" content=\"2021-11-25T12:44:55+00:00\" \/>\n<meta property=\"og:image\" content=\"https:\/\/regiaonews.net.br\/2022\/wp-content\/uploads\/2021\/11\/A-VIDA-DE-BEN-22-11-TEBE-2.jpg\" \/>\n\t<meta property=\"og:image:width\" content=\"1080\" \/>\n\t<meta property=\"og:image:height\" content=\"1920\" \/>\n\t<meta property=\"og:image:type\" content=\"image\/jpeg\" \/>\n<meta name=\"author\" content=\"Roberto\" \/>\n<meta name=\"twitter:card\" content=\"summary_large_image\" \/>\n<meta name=\"twitter:image\" content=\"https:\/\/regiaonews.net.br\/2022\/wp-content\/uploads\/2021\/11\/A-VIDA-DE-BEN-22-11-TEBE-3.jpg\" \/>\n<meta name=\"twitter:label1\" content=\"Escrito por\" \/>\n\t<meta name=\"twitter:data1\" content=\"Roberto\" \/>\n\t<meta name=\"twitter:label2\" content=\"Est. tempo de leitura\" \/>\n\t<meta name=\"twitter:data2\" content=\"1 minuto\" \/>\n<script type=\"application\/ld+json\" class=\"yoast-schema-graph\">{\"@context\":\"https:\\\/\\\/schema.org\",\"@graph\":[{\"@type\":\"Article\",\"@id\":\"https:\\\/\\\/regiaonews.net.br\\\/2022\\\/2021\\\/11\\\/19\\\/tebe-e-ministerio-do-turismo-levam-peca-teatral-para-alunos\\\/#article\",\"isPartOf\":{\"@id\":\"https:\\\/\\\/regiaonews.net.br\\\/2022\\\/2021\\\/11\\\/19\\\/tebe-e-ministerio-do-turismo-levam-peca-teatral-para-alunos\\\/\"},\"author\":{\"name\":\"Roberto\",\"@id\":\"https:\\\/\\\/regiaonews.net.br\\\/2022\\\/#\\\/schema\\\/person\\\/2d205a608a5aa97ac279d7a5e6d89ad8\"},\"headline\":\"TEBE e Minist\u00e9rio do Turismo levam pe\u00e7a teatral para alunos\",\"datePublished\":\"2021-11-20T02:28:11+00:00\",\"dateModified\":\"2021-11-25T12:44:55+00:00\",\"mainEntityOfPage\":{\"@id\":\"https:\\\/\\\/regiaonews.net.br\\\/2022\\\/2021\\\/11\\\/19\\\/tebe-e-ministerio-do-turismo-levam-peca-teatral-para-alunos\\\/\"},\"wordCount\":173,\"commentCount\":0,\"publisher\":{\"@id\":\"https:\\\/\\\/regiaonews.net.br\\\/2022\\\/#organization\"},\"image\":{\"@id\":\"https:\\\/\\\/regiaonews.net.br\\\/2022\\\/2021\\\/11\\\/19\\\/tebe-e-ministerio-do-turismo-levam-peca-teatral-para-alunos\\\/#primaryimage\"},\"thumbnailUrl\":\"https:\\\/\\\/regiaonews.net.br\\\/2022\\\/wp-content\\\/uploads\\\/2021\\\/11\\\/A-VIDA-DE-BEN-22-11-TEBE-1.jpg\",\"articleSection\":[\"Bebedouro\",\"Cidades\"],\"inLanguage\":\"pt-BR\",\"potentialAction\":[{\"@type\":\"CommentAction\",\"name\":\"Comment\",\"target\":[\"https:\\\/\\\/regiaonews.net.br\\\/2022\\\/2021\\\/11\\\/19\\\/tebe-e-ministerio-do-turismo-levam-peca-teatral-para-alunos\\\/#respond\"]}]},{\"@type\":\"WebPage\",\"@id\":\"https:\\\/\\\/regiaonews.net.br\\\/2022\\\/2021\\\/11\\\/19\\\/tebe-e-ministerio-do-turismo-levam-peca-teatral-para-alunos\\\/\",\"url\":\"https:\\\/\\\/regiaonews.net.br\\\/2022\\\/2021\\\/11\\\/19\\\/tebe-e-ministerio-do-turismo-levam-peca-teatral-para-alunos\\\/\",\"name\":\"TEBE e Minist\u00e9rio do Turismo levam pe\u00e7a teatral para alunos - Regi\u00e3o News\",\"isPartOf\":{\"@id\":\"https:\\\/\\\/regiaonews.net.br\\\/2022\\\/#website\"},\"primaryImageOfPage\":{\"@id\":\"https:\\\/\\\/regiaonews.net.br\\\/2022\\\/2021\\\/11\\\/19\\\/tebe-e-ministerio-do-turismo-levam-peca-teatral-para-alunos\\\/#primaryimage\"},\"image\":{\"@id\":\"https:\\\/\\\/regiaonews.net.br\\\/2022\\\/2021\\\/11\\\/19\\\/tebe-e-ministerio-do-turismo-levam-peca-teatral-para-alunos\\\/#primaryimage\"},\"thumbnailUrl\":\"https:\\\/\\\/regiaonews.net.br\\\/2022\\\/wp-content\\\/uploads\\\/2021\\\/11\\\/A-VIDA-DE-BEN-22-11-TEBE-1.jpg\",\"datePublished\":\"2021-11-20T02:28:11+00:00\",\"dateModified\":\"2021-11-25T12:44:55+00:00\",\"breadcrumb\":{\"@id\":\"https:\\\/\\\/regiaonews.net.br\\\/2022\\\/2021\\\/11\\\/19\\\/tebe-e-ministerio-do-turismo-levam-peca-teatral-para-alunos\\\/#breadcrumb\"},\"inLanguage\":\"pt-BR\",\"potentialAction\":[{\"@type\":\"ReadAction\",\"target\":[\"https:\\\/\\\/regiaonews.net.br\\\/2022\\\/2021\\\/11\\\/19\\\/tebe-e-ministerio-do-turismo-levam-peca-teatral-para-alunos\\\/\"]}]},{\"@type\":\"ImageObject\",\"inLanguage\":\"pt-BR\",\"@id\":\"https:\\\/\\\/regiaonews.net.br\\\/2022\\\/2021\\\/11\\\/19\\\/tebe-e-ministerio-do-turismo-levam-peca-teatral-para-alunos\\\/#primaryimage\",\"url\":\"https:\\\/\\\/regiaonews.net.br\\\/2022\\\/wp-content\\\/uploads\\\/2021\\\/11\\\/A-VIDA-DE-BEN-22-11-TEBE-1.jpg\",\"contentUrl\":\"https:\\\/\\\/regiaonews.net.br\\\/2022\\\/wp-content\\\/uploads\\\/2021\\\/11\\\/A-VIDA-DE-BEN-22-11-TEBE-1.jpg\",\"width\":1080,\"height\":1920},{\"@type\":\"BreadcrumbList\",\"@id\":\"https:\\\/\\\/regiaonews.net.br\\\/2022\\\/2021\\\/11\\\/19\\\/tebe-e-ministerio-do-turismo-levam-peca-teatral-para-alunos\\\/#breadcrumb\",\"itemListElement\":[{\"@type\":\"ListItem\",\"position\":1,\"name\":\"In\u00edcio\",\"item\":\"https:\\\/\\\/regiaonews.net.br\\\/2022\\\/\"},{\"@type\":\"ListItem\",\"position\":2,\"name\":\"TEBE e Minist\u00e9rio do Turismo levam pe\u00e7a teatral para alunos\"}]},{\"@type\":\"WebSite\",\"@id\":\"https:\\\/\\\/regiaonews.net.br\\\/2022\\\/#website\",\"url\":\"https:\\\/\\\/regiaonews.net.br\\\/2022\\\/\",\"name\":\"Regi\u00e3o News\",\"description\":\"Site de Not\u00edcias de Barretos e regi\u00e3o\",\"publisher\":{\"@id\":\"https:\\\/\\\/regiaonews.net.br\\\/2022\\\/#organization\"},\"potentialAction\":[{\"@type\":\"SearchAction\",\"target\":{\"@type\":\"EntryPoint\",\"urlTemplate\":\"https:\\\/\\\/regiaonews.net.br\\\/2022\\\/?s={search_term_string}\"},\"query-input\":{\"@type\":\"PropertyValueSpecification\",\"valueRequired\":true,\"valueName\":\"search_term_string\"}}],\"inLanguage\":\"pt-BR\"},{\"@type\":\"Organization\",\"@id\":\"https:\\\/\\\/regiaonews.net.br\\\/2022\\\/#organization\",\"name\":\"Regi\u00e3o News\",\"url\":\"https:\\\/\\\/regiaonews.net.br\\\/2022\\\/\",\"logo\":{\"@type\":\"ImageObject\",\"inLanguage\":\"pt-BR\",\"@id\":\"https:\\\/\\\/regiaonews.net.br\\\/2022\\\/#\\\/schema\\\/logo\\\/image\\\/\",\"url\":\"https:\\\/\\\/regiaonews.net.br\\\/2022\\\/wp-content\\\/uploads\\\/2026\\\/03\\\/regiao-13-anos-scaled.jpg\",\"contentUrl\":\"https:\\\/\\\/regiaonews.net.br\\\/2022\\\/wp-content\\\/uploads\\\/2026\\\/03\\\/regiao-13-anos-scaled.jpg\",\"width\":2560,\"height\":635,\"caption\":\"Regi\u00e3o News\"},\"image\":{\"@id\":\"https:\\\/\\\/regiaonews.net.br\\\/2022\\\/#\\\/schema\\\/logo\\\/image\\\/\"}},{\"@type\":\"Person\",\"@id\":\"https:\\\/\\\/regiaonews.net.br\\\/2022\\\/#\\\/schema\\\/person\\\/2d205a608a5aa97ac279d7a5e6d89ad8\",\"name\":\"Roberto\",\"image\":{\"@type\":\"ImageObject\",\"inLanguage\":\"pt-BR\",\"@id\":\"https:\\\/\\\/secure.gravatar.com\\\/avatar\\\/42749d8b712ff9d59ca93dc150494e5b55a44134482993f5baeb97e61b7ecc89?s=96&d=mm&r=g\",\"url\":\"https:\\\/\\\/secure.gravatar.com\\\/avatar\\\/42749d8b712ff9d59ca93dc150494e5b55a44134482993f5baeb97e61b7ecc89?s=96&d=mm&r=g\",\"contentUrl\":\"https:\\\/\\\/secure.gravatar.com\\\/avatar\\\/42749d8b712ff9d59ca93dc150494e5b55a44134482993f5baeb97e61b7ecc89?s=96&d=mm&r=g\",\"caption\":\"Roberto\"},\"url\":\"https:\\\/\\\/regiaonews.net.br\\\/2022\\\/author\\\/roberto\\\/\"}]}<\/script>\n<!-- \/ Yoast SEO plugin. -->","yoast_head_json":{"title":"TEBE e Minist\u00e9rio do Turismo levam pe\u00e7a teatral para alunos - Regi\u00e3o News","robots":{"index":"index","follow":"follow","max-snippet":"max-snippet:-1","max-image-preview":"max-image-preview:large","max-video-preview":"max-video-preview:-1"},"canonical":"https:\/\/regiaonews.net.br\/2022\/2021\/11\/19\/tebe-e-ministerio-do-turismo-levam-peca-teatral-para-alunos\/","og_locale":"pt_BR","og_type":"article","og_title":"TEBE e Minist\u00e9rio do Turismo levam pe\u00e7a teatral para alunos - Regi\u00e3o News","og_description":"A TEBE traz para Bebedouro a apresenta\u00e7\u00e3o teatral do espet\u00e1culo","og_url":"https:\/\/regiaonews.net.br\/2022\/2021\/11\/19\/tebe-e-ministerio-do-turismo-levam-peca-teatral-para-alunos\/","og_site_name":"Regi\u00e3o News","article_published_time":"2021-11-20T02:28:11+00:00","article_modified_time":"2021-11-25T12:44:55+00:00","og_image":[{"width":1080,"height":1920,"url":"https:\/\/regiaonews.net.br\/2022\/wp-content\/uploads\/2021\/11\/A-VIDA-DE-BEN-22-11-TEBE-2.jpg","type":"image\/jpeg"}],"author":"Roberto","twitter_card":"summary_large_image","twitter_image":"https:\/\/regiaonews.net.br\/2022\/wp-content\/uploads\/2021\/11\/A-VIDA-DE-BEN-22-11-TEBE-3.jpg","twitter_misc":{"Escrito por":"Roberto","Est. tempo de leitura":"1 minuto"},"schema":{"@context":"https:\/\/schema.org","@graph":[{"@type":"Article","@id":"https:\/\/regiaonews.net.br\/2022\/2021\/11\/19\/tebe-e-ministerio-do-turismo-levam-peca-teatral-para-alunos\/#article","isPartOf":{"@id":"https:\/\/regiaonews.net.br\/2022\/2021\/11\/19\/tebe-e-ministerio-do-turismo-levam-peca-teatral-para-alunos\/"},"author":{"name":"Roberto","@id":"https:\/\/regiaonews.net.br\/2022\/#\/schema\/person\/2d205a608a5aa97ac279d7a5e6d89ad8"},"headline":"TEBE e Minist\u00e9rio do Turismo levam pe\u00e7a teatral para alunos","datePublished":"2021-11-20T02:28:11+00:00","dateModified":"2021-11-25T12:44:55+00:00","mainEntityOfPage":{"@id":"https:\/\/regiaonews.net.br\/2022\/2021\/11\/19\/tebe-e-ministerio-do-turismo-levam-peca-teatral-para-alunos\/"},"wordCount":173,"commentCount":0,"publisher":{"@id":"https:\/\/regiaonews.net.br\/2022\/#organization"},"image":{"@id":"https:\/\/regiaonews.net.br\/2022\/2021\/11\/19\/tebe-e-ministerio-do-turismo-levam-peca-teatral-para-alunos\/#primaryimage"},"thumbnailUrl":"https:\/\/regiaonews.net.br\/2022\/wp-content\/uploads\/2021\/11\/A-VIDA-DE-BEN-22-11-TEBE-1.jpg","articleSection":["Bebedouro","Cidades"],"inLanguage":"pt-BR","potentialAction":[{"@type":"CommentAction","name":"Comment","target":["https:\/\/regiaonews.net.br\/2022\/2021\/11\/19\/tebe-e-ministerio-do-turismo-levam-peca-teatral-para-alunos\/#respond"]}]},{"@type":"WebPage","@id":"https:\/\/regiaonews.net.br\/2022\/2021\/11\/19\/tebe-e-ministerio-do-turismo-levam-peca-teatral-para-alunos\/","url":"https:\/\/regiaonews.net.br\/2022\/2021\/11\/19\/tebe-e-ministerio-do-turismo-levam-peca-teatral-para-alunos\/","name":"TEBE e Minist\u00e9rio do Turismo levam pe\u00e7a teatral para alunos - Regi\u00e3o News","isPartOf":{"@id":"https:\/\/regiaonews.net.br\/2022\/#website"},"primaryImageOfPage":{"@id":"https:\/\/regiaonews.net.br\/2022\/2021\/11\/19\/tebe-e-ministerio-do-turismo-levam-peca-teatral-para-alunos\/#primaryimage"},"image":{"@id":"https:\/\/regiaonews.net.br\/2022\/2021\/11\/19\/tebe-e-ministerio-do-turismo-levam-peca-teatral-para-alunos\/#primaryimage"},"thumbnailUrl":"https:\/\/regiaonews.net.br\/2022\/wp-content\/uploads\/2021\/11\/A-VIDA-DE-BEN-22-11-TEBE-1.jpg","datePublished":"2021-11-20T02:28:11+00:00","dateModified":"2021-11-25T12:44:55+00:00","breadcrumb":{"@id":"https:\/\/regiaonews.net.br\/2022\/2021\/11\/19\/tebe-e-ministerio-do-turismo-levam-peca-teatral-para-alunos\/#breadcrumb"},"inLanguage":"pt-BR","potentialAction":[{"@type":"ReadAction","target":["https:\/\/regiaonews.net.br\/2022\/2021\/11\/19\/tebe-e-ministerio-do-turismo-levam-peca-teatral-para-alunos\/"]}]},{"@type":"ImageObject","inLanguage":"pt-BR","@id":"https:\/\/regiaonews.net.br\/2022\/2021\/11\/19\/tebe-e-ministerio-do-turismo-levam-peca-teatral-para-alunos\/#primaryimage","url":"https:\/\/regiaonews.net.br\/2022\/wp-content\/uploads\/2021\/11\/A-VIDA-DE-BEN-22-11-TEBE-1.jpg","contentUrl":"https:\/\/regiaonews.net.br\/2022\/wp-content\/uploads\/2021\/11\/A-VIDA-DE-BEN-22-11-TEBE-1.jpg","width":1080,"height":1920},{"@type":"BreadcrumbList","@id":"https:\/\/regiaonews.net.br\/2022\/2021\/11\/19\/tebe-e-ministerio-do-turismo-levam-peca-teatral-para-alunos\/#breadcrumb","itemListElement":[{"@type":"ListItem","position":1,"name":"In\u00edcio","item":"https:\/\/regiaonews.net.br\/2022\/"},{"@type":"ListItem","position":2,"name":"TEBE e Minist\u00e9rio do Turismo levam pe\u00e7a teatral para alunos"}]},{"@type":"WebSite","@id":"https:\/\/regiaonews.net.br\/2022\/#website","url":"https:\/\/regiaonews.net.br\/2022\/","name":"Regi\u00e3o News","description":"Site de Not\u00edcias de Barretos e regi\u00e3o","publisher":{"@id":"https:\/\/regiaonews.net.br\/2022\/#organization"},"potentialAction":[{"@type":"SearchAction","target":{"@type":"EntryPoint","urlTemplate":"https:\/\/regiaonews.net.br\/2022\/?s={search_term_string}"},"query-input":{"@type":"PropertyValueSpecification","valueRequired":true,"valueName":"search_term_string"}}],"inLanguage":"pt-BR"},{"@type":"Organization","@id":"https:\/\/regiaonews.net.br\/2022\/#organization","name":"Regi\u00e3o News","url":"https:\/\/regiaonews.net.br\/2022\/","logo":{"@type":"ImageObject","inLanguage":"pt-BR","@id":"https:\/\/regiaonews.net.br\/2022\/#\/schema\/logo\/image\/","url":"https:\/\/regiaonews.net.br\/2022\/wp-content\/uploads\/2026\/03\/regiao-13-anos-scaled.jpg","contentUrl":"https:\/\/regiaonews.net.br\/2022\/wp-content\/uploads\/2026\/03\/regiao-13-anos-scaled.jpg","width":2560,"height":635,"caption":"Regi\u00e3o News"},"image":{"@id":"https:\/\/regiaonews.net.br\/2022\/#\/schema\/logo\/image\/"}},{"@type":"Person","@id":"https:\/\/regiaonews.net.br\/2022\/#\/schema\/person\/2d205a608a5aa97ac279d7a5e6d89ad8","name":"Roberto","image":{"@type":"ImageObject","inLanguage":"pt-BR","@id":"https:\/\/secure.gravatar.com\/avatar\/42749d8b712ff9d59ca93dc150494e5b55a44134482993f5baeb97e61b7ecc89?s=96&d=mm&r=g","url":"https:\/\/secure.gravatar.com\/avatar\/42749d8b712ff9d59ca93dc150494e5b55a44134482993f5baeb97e61b7ecc89?s=96&d=mm&r=g","contentUrl":"https:\/\/secure.gravatar.com\/avatar\/42749d8b712ff9d59ca93dc150494e5b55a44134482993f5baeb97e61b7ecc89?s=96&d=mm&r=g","caption":"Roberto"},"url":"https:\/\/regiaonews.net.br\/2022\/author\/roberto\/"}]}},"publishpress_future_action":{"enabled":false,"date":"2026-05-05 19:36:13","action":"change-status","newStatus":"draft","terms":[],"taxonomy":"category","extraData":[]},"publishpress_future_workflow_manual_trigger":{"enabledWorkflows":[]},"_links":{"self":[{"href":"https:\/\/regiaonews.net.br\/2022\/wp-json\/wp\/v2\/posts\/56539","targetHints":{"allow":["GET"]}}],"collection":[{"href":"https:\/\/regiaonews.net.br\/2022\/wp-json\/wp\/v2\/posts"}],"about":[{"href":"https:\/\/regiaonews.net.br\/2022\/wp-json\/wp\/v2\/types\/post"}],"author":[{"embeddable":true,"href":"https:\/\/regiaonews.net.br\/2022\/wp-json\/wp\/v2\/users\/2"}],"replies":[{"embeddable":true,"href":"https:\/\/regiaonews.net.br\/2022\/wp-json\/wp\/v2\/comments?post=56539"}],"version-history":[{"count":0,"href":"https:\/\/regiaonews.net.br\/2022\/wp-json\/wp\/v2\/posts\/56539\/revisions"}],"wp:featuredmedia":[{"embeddable":true,"href":"https:\/\/regiaonews.net.br\/2022\/wp-json\/wp\/v2\/media\/56541"}],"wp:attachment":[{"href":"https:\/\/regiaonews.net.br\/2022\/wp-json\/wp\/v2\/media?parent=56539"}],"wp:term":[{"taxonomy":"category","embeddable":true,"href":"https:\/\/regiaonews.net.br\/2022\/wp-json\/wp\/v2\/categories?post=56539"},{"taxonomy":"post_tag","embeddable":true,"href":"https:\/\/regiaonews.net.br\/2022\/wp-json\/wp\/v2\/tags?post=56539"}],"curies":[{"name":"wp","href":"https:\/\/api.w.org\/{rel}","templated":true}]}}