{"id":56532,"date":"2021-11-19T19:24:27","date_gmt":"2021-11-19T22:24:27","guid":{"rendered":"https:\/\/regiaonews.net.br\/2022\/?p=56532"},"modified":"2021-11-20T06:59:21","modified_gmt":"2021-11-20T09:59:21","slug":"daniel-faz-live-especial-em-prol-ao-hospital-de-amor-de-barretos-na-proxima-sexta-dia-26","status":"publish","type":"post","link":"https:\/\/regiaonews.net.br\/2022\/2021\/11\/19\/daniel-faz-live-especial-em-prol-ao-hospital-de-amor-de-barretos-na-proxima-sexta-dia-26\/","title":{"rendered":"Daniel faz live especial em prol ao Hospital de Amor no dia 26"},"content":{"rendered":"<div>15\u00aa Festa Direito de Viver de Bebedouro ter\u00e1 edi\u00e7\u00e3o on-line com transmiss\u00e3o pela Rede Vida e pelo Youtube da Rede Vida<br aria-hidden=\"true\" \/><br aria-hidden=\"true\" \/><\/div>\n<div><a href=\"https:\/\/regiaonews.net.br\/2022\/wp-content\/uploads\/2021\/11\/1513a52ed435d2ca5171c9c2a3c461a4low.jpeg\"><img loading=\"lazy\" decoding=\"async\" class=\"alignnone size-medium wp-image-56533\" src=\"https:\/\/regiaonews.net.br\/2022\/wp-content\/uploads\/2021\/11\/1513a52ed435d2ca5171c9c2a3c461a4low-200x300.jpeg\" alt=\"\" width=\"200\" height=\"300\" \/><\/a><\/div>\n<div>Com o objetivo de arrecadar recursos para o Hospital de Amor de Barretos, a Festa Direito de Viver de Bebedouro apresenta uma live especial com o cantor Daniel na pr\u00f3xima sexta-feira, 26, a partir das 20h. Pelo segundo ano consecutivo, o evento ter\u00e1 formato on-line e ser\u00e1 poss\u00edvel fazer doa\u00e7\u00f5es por meio de QRcode, site e pelo aplicativo Apcap do Bem.<br aria-hidden=\"true\" \/><br aria-hidden=\"true\" \/><\/div>\n<div>A tradicional Festa Direito de Viver de Bebedouro e distritos completa 15 anos de hist\u00f3ria em 2021, por meio da parceria com a Funda\u00e7\u00e3o Pio XII, levantando doa\u00e7\u00f5es para o Hospital de Amor de Barretos.<br aria-hidden=\"true\" \/><br aria-hidden=\"true\" \/><\/div>\n<div>Segundo Jos\u00e9 Geraldo da Silveira Melo, respons\u00e1vel pelo evento, a celebra\u00e7\u00e3o \u00e9 uma verdadeira demonstra\u00e7\u00e3o de amor ao pr\u00f3ximo e sensibilidade. &#8220;A certeza de que n\u00e3o estamos s\u00f3s nos fortalece na caminhada da luta contra o mal que aflige a humanidade. \u00c9 justamente por isso que, no mundo inteiro, a cada dia que passa, se fortalece o voluntariado&#8221;, diz.<br aria-hidden=\"true\" \/><br aria-hidden=\"true\" \/><\/div>\n<div>Daniel trar\u00e1 cl\u00e1ssicos de seus quase 40 anos de carreira, al\u00e9m de novidades musicais no show &#8220;Vers\u00f5es de Mim&#8221;, uma apresenta\u00e7\u00e3o que revisita seus maiores sucessos.<br aria-hidden=\"true\" \/><br aria-hidden=\"true\" \/><\/div>\n<div>O show ser\u00e1 transmitido para todo o Brasil por meio da Rede Vida e pelo\u00a0<a href=\"https:\/\/www.youtube.com\/channel\/UC7MUmXqD_kEChxYFME0bdtg\" target=\"_blank\" rel=\"noopener noreferrer\" data-auth=\"NotApplicable\" data-linkindex=\"0\">canal do Youtube da Rede Vida\u00a0<\/a>.<br aria-hidden=\"true\" \/><br aria-hidden=\"true\" \/><\/div>\n<div>Doar e concorrer<br aria-hidden=\"true\" \/><br aria-hidden=\"true\" \/><\/div>\n<div>Quem participar da live efetuando doa\u00e7\u00f5es atrav\u00e9s do QRCode ou do aplicativo Apcap do Bem, poder\u00e1 ainda concorrer a um apartamento novo, no valor de R$ 250 mil, no Condom\u00ednio Reserva da Mata, em Bebedouro. Neste caso, a cada doa\u00e7\u00e3o no valor de R$ 12 \u00e9 gerado um n\u00famero da sorte para concorrer no sorteio do dia 29 de dezembro.<\/div>\n","protected":false},"excerpt":{"rendered":"<p>15\u00aa Festa Direito de Viver de Bebedouro ter\u00e1 edi\u00e7\u00e3o on-line<\/p>\n","protected":false},"author":2,"featured_media":56533,"comment_status":"open","ping_status":"open","sticky":false,"template":"","format":"standard","meta":{"footnotes":""},"categories":[14,25],"tags":[],"class_list":["post-56532","post","type-post","status-publish","format-standard","has-post-thumbnail","hentry","category-barretos","category-cidades"],"yoast_head":"<!-- This site is optimized with the Yoast SEO plugin v27.5 - https:\/\/yoast.com\/product\/yoast-seo-wordpress\/ -->\n<title>Daniel faz live especial em prol ao Hospital de Amor no dia 26 - Regi\u00e3o News<\/title>\n<meta name=\"robots\" content=\"index, follow, max-snippet:-1, max-image-preview:large, max-video-preview:-1\" \/>\n<link rel=\"canonical\" href=\"https:\/\/regiaonews.net.br\/2022\/2021\/11\/19\/daniel-faz-live-especial-em-prol-ao-hospital-de-amor-de-barretos-na-proxima-sexta-dia-26\/\" \/>\n<meta property=\"og:locale\" content=\"pt_BR\" \/>\n<meta property=\"og:type\" content=\"article\" \/>\n<meta property=\"og:title\" content=\"Daniel faz live especial em prol ao Hospital de Amor no dia 26 - Regi\u00e3o News\" \/>\n<meta property=\"og:description\" content=\"15\u00aa Festa Direito de Viver de Bebedouro ter\u00e1 edi\u00e7\u00e3o on-line\" \/>\n<meta property=\"og:url\" content=\"https:\/\/regiaonews.net.br\/2022\/2021\/11\/19\/daniel-faz-live-especial-em-prol-ao-hospital-de-amor-de-barretos-na-proxima-sexta-dia-26\/\" \/>\n<meta property=\"og:site_name\" content=\"Regi\u00e3o News\" \/>\n<meta property=\"article:published_time\" content=\"2021-11-19T22:24:27+00:00\" \/>\n<meta property=\"article:modified_time\" content=\"2021-11-20T09:59:21+00:00\" \/>\n<meta property=\"og:image\" content=\"https:\/\/regiaonews.net.br\/2022\/wp-content\/uploads\/2021\/11\/1513a52ed435d2ca5171c9c2a3c461a4low.jpeg\" \/>\n\t<meta property=\"og:image:width\" content=\"560\" \/>\n\t<meta property=\"og:image:height\" content=\"840\" \/>\n\t<meta property=\"og:image:type\" content=\"image\/jpeg\" \/>\n<meta name=\"author\" content=\"Roberto\" \/>\n<meta name=\"twitter:card\" content=\"summary_large_image\" \/>\n<meta name=\"twitter:label1\" content=\"Escrito por\" \/>\n\t<meta name=\"twitter:data1\" content=\"Roberto\" \/>\n\t<meta name=\"twitter:label2\" content=\"Est. tempo de leitura\" \/>\n\t<meta name=\"twitter:data2\" content=\"2 minutos\" \/>\n<script type=\"application\/ld+json\" class=\"yoast-schema-graph\">{\"@context\":\"https:\\\/\\\/schema.org\",\"@graph\":[{\"@type\":\"Article\",\"@id\":\"https:\\\/\\\/regiaonews.net.br\\\/2022\\\/2021\\\/11\\\/19\\\/daniel-faz-live-especial-em-prol-ao-hospital-de-amor-de-barretos-na-proxima-sexta-dia-26\\\/#article\",\"isPartOf\":{\"@id\":\"https:\\\/\\\/regiaonews.net.br\\\/2022\\\/2021\\\/11\\\/19\\\/daniel-faz-live-especial-em-prol-ao-hospital-de-amor-de-barretos-na-proxima-sexta-dia-26\\\/\"},\"author\":{\"name\":\"Roberto\",\"@id\":\"https:\\\/\\\/regiaonews.net.br\\\/2022\\\/#\\\/schema\\\/person\\\/2d205a608a5aa97ac279d7a5e6d89ad8\"},\"headline\":\"Daniel faz live especial em prol ao Hospital de Amor no dia 26\",\"datePublished\":\"2021-11-19T22:24:27+00:00\",\"dateModified\":\"2021-11-20T09:59:21+00:00\",\"mainEntityOfPage\":{\"@id\":\"https:\\\/\\\/regiaonews.net.br\\\/2022\\\/2021\\\/11\\\/19\\\/daniel-faz-live-especial-em-prol-ao-hospital-de-amor-de-barretos-na-proxima-sexta-dia-26\\\/\"},\"wordCount\":310,\"commentCount\":0,\"publisher\":{\"@id\":\"https:\\\/\\\/regiaonews.net.br\\\/2022\\\/#organization\"},\"image\":{\"@id\":\"https:\\\/\\\/regiaonews.net.br\\\/2022\\\/2021\\\/11\\\/19\\\/daniel-faz-live-especial-em-prol-ao-hospital-de-amor-de-barretos-na-proxima-sexta-dia-26\\\/#primaryimage\"},\"thumbnailUrl\":\"https:\\\/\\\/regiaonews.net.br\\\/2022\\\/wp-content\\\/uploads\\\/2021\\\/11\\\/1513a52ed435d2ca5171c9c2a3c461a4low.jpeg\",\"articleSection\":[\"Barretos\",\"Cidades\"],\"inLanguage\":\"pt-BR\",\"potentialAction\":[{\"@type\":\"CommentAction\",\"name\":\"Comment\",\"target\":[\"https:\\\/\\\/regiaonews.net.br\\\/2022\\\/2021\\\/11\\\/19\\\/daniel-faz-live-especial-em-prol-ao-hospital-de-amor-de-barretos-na-proxima-sexta-dia-26\\\/#respond\"]}]},{\"@type\":\"WebPage\",\"@id\":\"https:\\\/\\\/regiaonews.net.br\\\/2022\\\/2021\\\/11\\\/19\\\/daniel-faz-live-especial-em-prol-ao-hospital-de-amor-de-barretos-na-proxima-sexta-dia-26\\\/\",\"url\":\"https:\\\/\\\/regiaonews.net.br\\\/2022\\\/2021\\\/11\\\/19\\\/daniel-faz-live-especial-em-prol-ao-hospital-de-amor-de-barretos-na-proxima-sexta-dia-26\\\/\",\"name\":\"Daniel faz live especial em prol ao Hospital de Amor no dia 26 - Regi\u00e3o News\",\"isPartOf\":{\"@id\":\"https:\\\/\\\/regiaonews.net.br\\\/2022\\\/#website\"},\"primaryImageOfPage\":{\"@id\":\"https:\\\/\\\/regiaonews.net.br\\\/2022\\\/2021\\\/11\\\/19\\\/daniel-faz-live-especial-em-prol-ao-hospital-de-amor-de-barretos-na-proxima-sexta-dia-26\\\/#primaryimage\"},\"image\":{\"@id\":\"https:\\\/\\\/regiaonews.net.br\\\/2022\\\/2021\\\/11\\\/19\\\/daniel-faz-live-especial-em-prol-ao-hospital-de-amor-de-barretos-na-proxima-sexta-dia-26\\\/#primaryimage\"},\"thumbnailUrl\":\"https:\\\/\\\/regiaonews.net.br\\\/2022\\\/wp-content\\\/uploads\\\/2021\\\/11\\\/1513a52ed435d2ca5171c9c2a3c461a4low.jpeg\",\"datePublished\":\"2021-11-19T22:24:27+00:00\",\"dateModified\":\"2021-11-20T09:59:21+00:00\",\"breadcrumb\":{\"@id\":\"https:\\\/\\\/regiaonews.net.br\\\/2022\\\/2021\\\/11\\\/19\\\/daniel-faz-live-especial-em-prol-ao-hospital-de-amor-de-barretos-na-proxima-sexta-dia-26\\\/#breadcrumb\"},\"inLanguage\":\"pt-BR\",\"potentialAction\":[{\"@type\":\"ReadAction\",\"target\":[\"https:\\\/\\\/regiaonews.net.br\\\/2022\\\/2021\\\/11\\\/19\\\/daniel-faz-live-especial-em-prol-ao-hospital-de-amor-de-barretos-na-proxima-sexta-dia-26\\\/\"]}]},{\"@type\":\"ImageObject\",\"inLanguage\":\"pt-BR\",\"@id\":\"https:\\\/\\\/regiaonews.net.br\\\/2022\\\/2021\\\/11\\\/19\\\/daniel-faz-live-especial-em-prol-ao-hospital-de-amor-de-barretos-na-proxima-sexta-dia-26\\\/#primaryimage\",\"url\":\"https:\\\/\\\/regiaonews.net.br\\\/2022\\\/wp-content\\\/uploads\\\/2021\\\/11\\\/1513a52ed435d2ca5171c9c2a3c461a4low.jpeg\",\"contentUrl\":\"https:\\\/\\\/regiaonews.net.br\\\/2022\\\/wp-content\\\/uploads\\\/2021\\\/11\\\/1513a52ed435d2ca5171c9c2a3c461a4low.jpeg\",\"width\":560,\"height\":840},{\"@type\":\"BreadcrumbList\",\"@id\":\"https:\\\/\\\/regiaonews.net.br\\\/2022\\\/2021\\\/11\\\/19\\\/daniel-faz-live-especial-em-prol-ao-hospital-de-amor-de-barretos-na-proxima-sexta-dia-26\\\/#breadcrumb\",\"itemListElement\":[{\"@type\":\"ListItem\",\"position\":1,\"name\":\"In\u00edcio\",\"item\":\"https:\\\/\\\/regiaonews.net.br\\\/2022\\\/\"},{\"@type\":\"ListItem\",\"position\":2,\"name\":\"Daniel faz live especial em prol ao Hospital de Amor no dia 26\"}]},{\"@type\":\"WebSite\",\"@id\":\"https:\\\/\\\/regiaonews.net.br\\\/2022\\\/#website\",\"url\":\"https:\\\/\\\/regiaonews.net.br\\\/2022\\\/\",\"name\":\"Regi\u00e3o News\",\"description\":\"Site de Not\u00edcias de Barretos e regi\u00e3o\",\"publisher\":{\"@id\":\"https:\\\/\\\/regiaonews.net.br\\\/2022\\\/#organization\"},\"potentialAction\":[{\"@type\":\"SearchAction\",\"target\":{\"@type\":\"EntryPoint\",\"urlTemplate\":\"https:\\\/\\\/regiaonews.net.br\\\/2022\\\/?s={search_term_string}\"},\"query-input\":{\"@type\":\"PropertyValueSpecification\",\"valueRequired\":true,\"valueName\":\"search_term_string\"}}],\"inLanguage\":\"pt-BR\"},{\"@type\":\"Organization\",\"@id\":\"https:\\\/\\\/regiaonews.net.br\\\/2022\\\/#organization\",\"name\":\"Regi\u00e3o News\",\"url\":\"https:\\\/\\\/regiaonews.net.br\\\/2022\\\/\",\"logo\":{\"@type\":\"ImageObject\",\"inLanguage\":\"pt-BR\",\"@id\":\"https:\\\/\\\/regiaonews.net.br\\\/2022\\\/#\\\/schema\\\/logo\\\/image\\\/\",\"url\":\"https:\\\/\\\/regiaonews.net.br\\\/2022\\\/wp-content\\\/uploads\\\/2026\\\/03\\\/regiao-13-anos-scaled.jpg\",\"contentUrl\":\"https:\\\/\\\/regiaonews.net.br\\\/2022\\\/wp-content\\\/uploads\\\/2026\\\/03\\\/regiao-13-anos-scaled.jpg\",\"width\":2560,\"height\":635,\"caption\":\"Regi\u00e3o News\"},\"image\":{\"@id\":\"https:\\\/\\\/regiaonews.net.br\\\/2022\\\/#\\\/schema\\\/logo\\\/image\\\/\"}},{\"@type\":\"Person\",\"@id\":\"https:\\\/\\\/regiaonews.net.br\\\/2022\\\/#\\\/schema\\\/person\\\/2d205a608a5aa97ac279d7a5e6d89ad8\",\"name\":\"Roberto\",\"image\":{\"@type\":\"ImageObject\",\"inLanguage\":\"pt-BR\",\"@id\":\"https:\\\/\\\/secure.gravatar.com\\\/avatar\\\/42749d8b712ff9d59ca93dc150494e5b55a44134482993f5baeb97e61b7ecc89?s=96&d=mm&r=g\",\"url\":\"https:\\\/\\\/secure.gravatar.com\\\/avatar\\\/42749d8b712ff9d59ca93dc150494e5b55a44134482993f5baeb97e61b7ecc89?s=96&d=mm&r=g\",\"contentUrl\":\"https:\\\/\\\/secure.gravatar.com\\\/avatar\\\/42749d8b712ff9d59ca93dc150494e5b55a44134482993f5baeb97e61b7ecc89?s=96&d=mm&r=g\",\"caption\":\"Roberto\"},\"url\":\"https:\\\/\\\/regiaonews.net.br\\\/2022\\\/author\\\/roberto\\\/\"}]}<\/script>\n<!-- \/ Yoast SEO plugin. -->","yoast_head_json":{"title":"Daniel faz live especial em prol ao Hospital de Amor no dia 26 - Regi\u00e3o News","robots":{"index":"index","follow":"follow","max-snippet":"max-snippet:-1","max-image-preview":"max-image-preview:large","max-video-preview":"max-video-preview:-1"},"canonical":"https:\/\/regiaonews.net.br\/2022\/2021\/11\/19\/daniel-faz-live-especial-em-prol-ao-hospital-de-amor-de-barretos-na-proxima-sexta-dia-26\/","og_locale":"pt_BR","og_type":"article","og_title":"Daniel faz live especial em prol ao Hospital de Amor no dia 26 - Regi\u00e3o News","og_description":"15\u00aa Festa Direito de Viver de Bebedouro ter\u00e1 edi\u00e7\u00e3o on-line","og_url":"https:\/\/regiaonews.net.br\/2022\/2021\/11\/19\/daniel-faz-live-especial-em-prol-ao-hospital-de-amor-de-barretos-na-proxima-sexta-dia-26\/","og_site_name":"Regi\u00e3o News","article_published_time":"2021-11-19T22:24:27+00:00","article_modified_time":"2021-11-20T09:59:21+00:00","og_image":[{"width":560,"height":840,"url":"https:\/\/regiaonews.net.br\/2022\/wp-content\/uploads\/2021\/11\/1513a52ed435d2ca5171c9c2a3c461a4low.jpeg","type":"image\/jpeg"}],"author":"Roberto","twitter_card":"summary_large_image","twitter_misc":{"Escrito por":"Roberto","Est. tempo de leitura":"2 minutos"},"schema":{"@context":"https:\/\/schema.org","@graph":[{"@type":"Article","@id":"https:\/\/regiaonews.net.br\/2022\/2021\/11\/19\/daniel-faz-live-especial-em-prol-ao-hospital-de-amor-de-barretos-na-proxima-sexta-dia-26\/#article","isPartOf":{"@id":"https:\/\/regiaonews.net.br\/2022\/2021\/11\/19\/daniel-faz-live-especial-em-prol-ao-hospital-de-amor-de-barretos-na-proxima-sexta-dia-26\/"},"author":{"name":"Roberto","@id":"https:\/\/regiaonews.net.br\/2022\/#\/schema\/person\/2d205a608a5aa97ac279d7a5e6d89ad8"},"headline":"Daniel faz live especial em prol ao Hospital de Amor no dia 26","datePublished":"2021-11-19T22:24:27+00:00","dateModified":"2021-11-20T09:59:21+00:00","mainEntityOfPage":{"@id":"https:\/\/regiaonews.net.br\/2022\/2021\/11\/19\/daniel-faz-live-especial-em-prol-ao-hospital-de-amor-de-barretos-na-proxima-sexta-dia-26\/"},"wordCount":310,"commentCount":0,"publisher":{"@id":"https:\/\/regiaonews.net.br\/2022\/#organization"},"image":{"@id":"https:\/\/regiaonews.net.br\/2022\/2021\/11\/19\/daniel-faz-live-especial-em-prol-ao-hospital-de-amor-de-barretos-na-proxima-sexta-dia-26\/#primaryimage"},"thumbnailUrl":"https:\/\/regiaonews.net.br\/2022\/wp-content\/uploads\/2021\/11\/1513a52ed435d2ca5171c9c2a3c461a4low.jpeg","articleSection":["Barretos","Cidades"],"inLanguage":"pt-BR","potentialAction":[{"@type":"CommentAction","name":"Comment","target":["https:\/\/regiaonews.net.br\/2022\/2021\/11\/19\/daniel-faz-live-especial-em-prol-ao-hospital-de-amor-de-barretos-na-proxima-sexta-dia-26\/#respond"]}]},{"@type":"WebPage","@id":"https:\/\/regiaonews.net.br\/2022\/2021\/11\/19\/daniel-faz-live-especial-em-prol-ao-hospital-de-amor-de-barretos-na-proxima-sexta-dia-26\/","url":"https:\/\/regiaonews.net.br\/2022\/2021\/11\/19\/daniel-faz-live-especial-em-prol-ao-hospital-de-amor-de-barretos-na-proxima-sexta-dia-26\/","name":"Daniel faz live especial em prol ao Hospital de Amor no dia 26 - Regi\u00e3o News","isPartOf":{"@id":"https:\/\/regiaonews.net.br\/2022\/#website"},"primaryImageOfPage":{"@id":"https:\/\/regiaonews.net.br\/2022\/2021\/11\/19\/daniel-faz-live-especial-em-prol-ao-hospital-de-amor-de-barretos-na-proxima-sexta-dia-26\/#primaryimage"},"image":{"@id":"https:\/\/regiaonews.net.br\/2022\/2021\/11\/19\/daniel-faz-live-especial-em-prol-ao-hospital-de-amor-de-barretos-na-proxima-sexta-dia-26\/#primaryimage"},"thumbnailUrl":"https:\/\/regiaonews.net.br\/2022\/wp-content\/uploads\/2021\/11\/1513a52ed435d2ca5171c9c2a3c461a4low.jpeg","datePublished":"2021-11-19T22:24:27+00:00","dateModified":"2021-11-20T09:59:21+00:00","breadcrumb":{"@id":"https:\/\/regiaonews.net.br\/2022\/2021\/11\/19\/daniel-faz-live-especial-em-prol-ao-hospital-de-amor-de-barretos-na-proxima-sexta-dia-26\/#breadcrumb"},"inLanguage":"pt-BR","potentialAction":[{"@type":"ReadAction","target":["https:\/\/regiaonews.net.br\/2022\/2021\/11\/19\/daniel-faz-live-especial-em-prol-ao-hospital-de-amor-de-barretos-na-proxima-sexta-dia-26\/"]}]},{"@type":"ImageObject","inLanguage":"pt-BR","@id":"https:\/\/regiaonews.net.br\/2022\/2021\/11\/19\/daniel-faz-live-especial-em-prol-ao-hospital-de-amor-de-barretos-na-proxima-sexta-dia-26\/#primaryimage","url":"https:\/\/regiaonews.net.br\/2022\/wp-content\/uploads\/2021\/11\/1513a52ed435d2ca5171c9c2a3c461a4low.jpeg","contentUrl":"https:\/\/regiaonews.net.br\/2022\/wp-content\/uploads\/2021\/11\/1513a52ed435d2ca5171c9c2a3c461a4low.jpeg","width":560,"height":840},{"@type":"BreadcrumbList","@id":"https:\/\/regiaonews.net.br\/2022\/2021\/11\/19\/daniel-faz-live-especial-em-prol-ao-hospital-de-amor-de-barretos-na-proxima-sexta-dia-26\/#breadcrumb","itemListElement":[{"@type":"ListItem","position":1,"name":"In\u00edcio","item":"https:\/\/regiaonews.net.br\/2022\/"},{"@type":"ListItem","position":2,"name":"Daniel faz live especial em prol ao Hospital de Amor no dia 26"}]},{"@type":"WebSite","@id":"https:\/\/regiaonews.net.br\/2022\/#website","url":"https:\/\/regiaonews.net.br\/2022\/","name":"Regi\u00e3o News","description":"Site de Not\u00edcias de Barretos e regi\u00e3o","publisher":{"@id":"https:\/\/regiaonews.net.br\/2022\/#organization"},"potentialAction":[{"@type":"SearchAction","target":{"@type":"EntryPoint","urlTemplate":"https:\/\/regiaonews.net.br\/2022\/?s={search_term_string}"},"query-input":{"@type":"PropertyValueSpecification","valueRequired":true,"valueName":"search_term_string"}}],"inLanguage":"pt-BR"},{"@type":"Organization","@id":"https:\/\/regiaonews.net.br\/2022\/#organization","name":"Regi\u00e3o News","url":"https:\/\/regiaonews.net.br\/2022\/","logo":{"@type":"ImageObject","inLanguage":"pt-BR","@id":"https:\/\/regiaonews.net.br\/2022\/#\/schema\/logo\/image\/","url":"https:\/\/regiaonews.net.br\/2022\/wp-content\/uploads\/2026\/03\/regiao-13-anos-scaled.jpg","contentUrl":"https:\/\/regiaonews.net.br\/2022\/wp-content\/uploads\/2026\/03\/regiao-13-anos-scaled.jpg","width":2560,"height":635,"caption":"Regi\u00e3o News"},"image":{"@id":"https:\/\/regiaonews.net.br\/2022\/#\/schema\/logo\/image\/"}},{"@type":"Person","@id":"https:\/\/regiaonews.net.br\/2022\/#\/schema\/person\/2d205a608a5aa97ac279d7a5e6d89ad8","name":"Roberto","image":{"@type":"ImageObject","inLanguage":"pt-BR","@id":"https:\/\/secure.gravatar.com\/avatar\/42749d8b712ff9d59ca93dc150494e5b55a44134482993f5baeb97e61b7ecc89?s=96&d=mm&r=g","url":"https:\/\/secure.gravatar.com\/avatar\/42749d8b712ff9d59ca93dc150494e5b55a44134482993f5baeb97e61b7ecc89?s=96&d=mm&r=g","contentUrl":"https:\/\/secure.gravatar.com\/avatar\/42749d8b712ff9d59ca93dc150494e5b55a44134482993f5baeb97e61b7ecc89?s=96&d=mm&r=g","caption":"Roberto"},"url":"https:\/\/regiaonews.net.br\/2022\/author\/roberto\/"}]}},"publishpress_future_action":{"enabled":false,"date":"2026-05-05 16:19:20","action":"change-status","newStatus":"draft","terms":[],"taxonomy":"category","extraData":[]},"publishpress_future_workflow_manual_trigger":{"enabledWorkflows":[]},"_links":{"self":[{"href":"https:\/\/regiaonews.net.br\/2022\/wp-json\/wp\/v2\/posts\/56532","targetHints":{"allow":["GET"]}}],"collection":[{"href":"https:\/\/regiaonews.net.br\/2022\/wp-json\/wp\/v2\/posts"}],"about":[{"href":"https:\/\/regiaonews.net.br\/2022\/wp-json\/wp\/v2\/types\/post"}],"author":[{"embeddable":true,"href":"https:\/\/regiaonews.net.br\/2022\/wp-json\/wp\/v2\/users\/2"}],"replies":[{"embeddable":true,"href":"https:\/\/regiaonews.net.br\/2022\/wp-json\/wp\/v2\/comments?post=56532"}],"version-history":[{"count":0,"href":"https:\/\/regiaonews.net.br\/2022\/wp-json\/wp\/v2\/posts\/56532\/revisions"}],"wp:featuredmedia":[{"embeddable":true,"href":"https:\/\/regiaonews.net.br\/2022\/wp-json\/wp\/v2\/media\/56533"}],"wp:attachment":[{"href":"https:\/\/regiaonews.net.br\/2022\/wp-json\/wp\/v2\/media?parent=56532"}],"wp:term":[{"taxonomy":"category","embeddable":true,"href":"https:\/\/regiaonews.net.br\/2022\/wp-json\/wp\/v2\/categories?post=56532"},{"taxonomy":"post_tag","embeddable":true,"href":"https:\/\/regiaonews.net.br\/2022\/wp-json\/wp\/v2\/tags?post=56532"}],"curies":[{"name":"wp","href":"https:\/\/api.w.org\/{rel}","templated":true}]}}