{"id":56519,"date":"2021-11-19T16:25:20","date_gmt":"2021-11-19T19:25:20","guid":{"rendered":"https:\/\/regiaonews.net.br\/2022\/?p=56519"},"modified":"2021-11-19T16:25:20","modified_gmt":"2021-11-19T19:25:20","slug":"retoma-sp-estado-anuncia-r-27-milhoes-em-investimentos-para-rio-preto-e-regiao","status":"publish","type":"post","link":"https:\/\/regiaonews.net.br\/2022\/2021\/11\/19\/retoma-sp-estado-anuncia-r-27-milhoes-em-investimentos-para-rio-preto-e-regiao\/","title":{"rendered":"Retoma SP: Estado anuncia R$ 27 milh\u00f5es em investimentos para Rio Preto e regi\u00e3o"},"content":{"rendered":"<div>O deputado federal, Geninho Zuliani, acompanhou nesta sexta-feira, dia 19 de novembro, o vice-governador Rodrigo Garcia durante a edi\u00e7\u00e3o local do Retoma SP, evento promovido pela InvestSP e governo de S\u00e3o Paulo, que teve como objetivo estimular a retomada da economia paulista, incentivar novos investimentos, oferecer servi\u00e7os de qualifica\u00e7\u00e3o profissional e gera\u00e7\u00e3o de renda para a popula\u00e7\u00e3o.<\/div>\n<div><\/div>\n<div>O RetomaSP \u00e9 a oportunidade para que empres\u00e1rios, comerciantes, investidores, gestores p\u00fablicos e estudantes acessem servi\u00e7os oferecidos gratuitamente por institui\u00e7\u00f5es paulistas.<\/div>\n<div><\/div>\n<div>Durante o evento, Garcia anunciou ainda a libera\u00e7\u00e3o de R$ 27 milh\u00f5es em investimentos para Rio Preto e regi\u00e3o, al\u00e9m de efetuar a entrega de vouchers de programas assistenciais e novos servi\u00e7os como unidades do Poupatempo em Santa F\u00e9 do Sul e Nova Granada.<\/div>\n<div><\/div>\n<div>Tamb\u00e9m estiveram presentes a Secret\u00e1ria de Desenvolvimento Econ\u00f4mico, Patricia Ellen, o Presidente da InvestSP, Gustavo Junqueira, o secret\u00e1rio de Estado da Agricultura, Itamar Borges, o deputado estadual e presidente da Assembleia Legislativa, Carl\u00e3o Pignatari, o prefeito de Rio Preto, Edinho Ara\u00fajo e seu vice, Orlando Bol\u00e7one.<\/div>\n<div><\/div>\n<div><strong>Retoma Rio Preto<\/strong><br aria-hidden=\"true\" \/>Al\u00e9m de participar de uma vasta programa\u00e7\u00e3o de palestras, o visitante que compareceu \u00e0 UNIP ou pra\u00e7a Dom Jos\u00e9 Marcondes, em Rio Preto, pode ser atendido pela Secretaria de Agricultura e Abastecimento do Estado de S\u00e3o Paulo, Desenvolve SP, Sebrae-SP, IPT, Jucesp, Fapesp, USP, UNESP, Unicamp, Univesp, Prefeitura de S\u00e3o Jose do Rio Preto e Associa\u00e7\u00e3o Comercial (ACIRP), al\u00e9m de conhecer produtos e servi\u00e7os de apoio \u00e0 inova\u00e7\u00e3o e fomento \u00e0 atividade empreendedora.<\/div>\n<div><\/div>\n<div>Programas da InvestSP de apoio ao empreendedor, como o Exporta SP e o SP Conecta, tamb\u00e9m prestaram atendimento no evento. O Desenvolve SP, banco do empreendedor paulista, apresentou ainda cinco tipos de financiamento voltados para a inova\u00e7\u00e3o com condi\u00e7\u00f5es especiais para as MPMEs do Estado de S\u00e3o Paulo.<\/div>\n<div><\/div>\n<div><strong>Lan\u00e7amento<\/strong><\/div>\n<div>Geninho tamb\u00e9m participou, no F\u00f3rum de Rio Preto, de sess\u00e3o solene para a instala\u00e7\u00e3o da Vara de Viol\u00eancia Dom\u00e9stica e Familiar contra a Mulher.<\/div>\n","protected":false},"excerpt":{"rendered":"<p>O deputado federal, Geninho Zuliani, acompanhou nesta sexta-feira, dia 19<\/p>\n","protected":false},"author":2,"featured_media":56520,"comment_status":"open","ping_status":"open","sticky":false,"template":"","format":"standard","meta":{"footnotes":""},"categories":[25,22,38],"tags":[],"class_list":["post-56519","post","type-post","status-publish","format-standard","has-post-thumbnail","hentry","category-cidades","category-politica","category-sao-jose-do-rio-preto"],"yoast_head":"<!-- This site is optimized with the Yoast SEO plugin v27.4 - https:\/\/yoast.com\/product\/yoast-seo-wordpress\/ -->\n<title>Retoma SP: Estado anuncia R$ 27 milh\u00f5es em investimentos para Rio Preto e regi\u00e3o - Regi\u00e3o News<\/title>\n<meta name=\"robots\" content=\"index, follow, max-snippet:-1, max-image-preview:large, max-video-preview:-1\" \/>\n<link rel=\"canonical\" href=\"https:\/\/regiaonews.net.br\/2022\/2021\/11\/19\/retoma-sp-estado-anuncia-r-27-milhoes-em-investimentos-para-rio-preto-e-regiao\/\" \/>\n<meta property=\"og:locale\" content=\"pt_BR\" \/>\n<meta property=\"og:type\" content=\"article\" \/>\n<meta property=\"og:title\" content=\"Retoma SP: Estado anuncia R$ 27 milh\u00f5es em investimentos para Rio Preto e regi\u00e3o - Regi\u00e3o News\" \/>\n<meta property=\"og:description\" content=\"O deputado federal, Geninho Zuliani, acompanhou nesta sexta-feira, dia 19\" \/>\n<meta property=\"og:url\" content=\"https:\/\/regiaonews.net.br\/2022\/2021\/11\/19\/retoma-sp-estado-anuncia-r-27-milhoes-em-investimentos-para-rio-preto-e-regiao\/\" \/>\n<meta property=\"og:site_name\" content=\"Regi\u00e3o News\" \/>\n<meta property=\"article:published_time\" content=\"2021-11-19T19:25:20+00:00\" \/>\n<meta property=\"og:image\" content=\"https:\/\/regiaonews.net.br\/2022\/wp-content\/uploads\/2021\/11\/6646f3c0-c453-41e1-b0bc-1afad4bad90a.jpg\" \/>\n\t<meta property=\"og:image:width\" content=\"1600\" \/>\n\t<meta property=\"og:image:height\" content=\"1066\" \/>\n\t<meta property=\"og:image:type\" content=\"image\/jpeg\" \/>\n<meta name=\"author\" content=\"Roberto\" \/>\n<meta name=\"twitter:card\" content=\"summary_large_image\" \/>\n<meta name=\"twitter:label1\" content=\"Escrito por\" \/>\n\t<meta name=\"twitter:data1\" content=\"Roberto\" \/>\n\t<meta name=\"twitter:label2\" content=\"Est. tempo de leitura\" \/>\n\t<meta name=\"twitter:data2\" content=\"2 minutos\" \/>\n<script type=\"application\/ld+json\" class=\"yoast-schema-graph\">{\"@context\":\"https:\\\/\\\/schema.org\",\"@graph\":[{\"@type\":\"Article\",\"@id\":\"https:\\\/\\\/regiaonews.net.br\\\/2022\\\/2021\\\/11\\\/19\\\/retoma-sp-estado-anuncia-r-27-milhoes-em-investimentos-para-rio-preto-e-regiao\\\/#article\",\"isPartOf\":{\"@id\":\"https:\\\/\\\/regiaonews.net.br\\\/2022\\\/2021\\\/11\\\/19\\\/retoma-sp-estado-anuncia-r-27-milhoes-em-investimentos-para-rio-preto-e-regiao\\\/\"},\"author\":{\"name\":\"Roberto\",\"@id\":\"https:\\\/\\\/regiaonews.net.br\\\/2022\\\/#\\\/schema\\\/person\\\/2d205a608a5aa97ac279d7a5e6d89ad8\"},\"headline\":\"Retoma SP: Estado anuncia R$ 27 milh\u00f5es em investimentos para Rio Preto e regi\u00e3o\",\"datePublished\":\"2021-11-19T19:25:20+00:00\",\"mainEntityOfPage\":{\"@id\":\"https:\\\/\\\/regiaonews.net.br\\\/2022\\\/2021\\\/11\\\/19\\\/retoma-sp-estado-anuncia-r-27-milhoes-em-investimentos-para-rio-preto-e-regiao\\\/\"},\"wordCount\":368,\"commentCount\":0,\"publisher\":{\"@id\":\"https:\\\/\\\/regiaonews.net.br\\\/2022\\\/#organization\"},\"image\":{\"@id\":\"https:\\\/\\\/regiaonews.net.br\\\/2022\\\/2021\\\/11\\\/19\\\/retoma-sp-estado-anuncia-r-27-milhoes-em-investimentos-para-rio-preto-e-regiao\\\/#primaryimage\"},\"thumbnailUrl\":\"https:\\\/\\\/regiaonews.net.br\\\/2022\\\/wp-content\\\/uploads\\\/2021\\\/11\\\/6646f3c0-c453-41e1-b0bc-1afad4bad90a.jpg\",\"articleSection\":[\"Cidades\",\"Pol\u00edtica\",\"S\u00e3o Jos\u00e9 do RIo Preto\"],\"inLanguage\":\"pt-BR\",\"potentialAction\":[{\"@type\":\"CommentAction\",\"name\":\"Comment\",\"target\":[\"https:\\\/\\\/regiaonews.net.br\\\/2022\\\/2021\\\/11\\\/19\\\/retoma-sp-estado-anuncia-r-27-milhoes-em-investimentos-para-rio-preto-e-regiao\\\/#respond\"]}]},{\"@type\":\"WebPage\",\"@id\":\"https:\\\/\\\/regiaonews.net.br\\\/2022\\\/2021\\\/11\\\/19\\\/retoma-sp-estado-anuncia-r-27-milhoes-em-investimentos-para-rio-preto-e-regiao\\\/\",\"url\":\"https:\\\/\\\/regiaonews.net.br\\\/2022\\\/2021\\\/11\\\/19\\\/retoma-sp-estado-anuncia-r-27-milhoes-em-investimentos-para-rio-preto-e-regiao\\\/\",\"name\":\"Retoma SP: Estado anuncia R$ 27 milh\u00f5es em investimentos para Rio Preto e regi\u00e3o - Regi\u00e3o News\",\"isPartOf\":{\"@id\":\"https:\\\/\\\/regiaonews.net.br\\\/2022\\\/#website\"},\"primaryImageOfPage\":{\"@id\":\"https:\\\/\\\/regiaonews.net.br\\\/2022\\\/2021\\\/11\\\/19\\\/retoma-sp-estado-anuncia-r-27-milhoes-em-investimentos-para-rio-preto-e-regiao\\\/#primaryimage\"},\"image\":{\"@id\":\"https:\\\/\\\/regiaonews.net.br\\\/2022\\\/2021\\\/11\\\/19\\\/retoma-sp-estado-anuncia-r-27-milhoes-em-investimentos-para-rio-preto-e-regiao\\\/#primaryimage\"},\"thumbnailUrl\":\"https:\\\/\\\/regiaonews.net.br\\\/2022\\\/wp-content\\\/uploads\\\/2021\\\/11\\\/6646f3c0-c453-41e1-b0bc-1afad4bad90a.jpg\",\"datePublished\":\"2021-11-19T19:25:20+00:00\",\"breadcrumb\":{\"@id\":\"https:\\\/\\\/regiaonews.net.br\\\/2022\\\/2021\\\/11\\\/19\\\/retoma-sp-estado-anuncia-r-27-milhoes-em-investimentos-para-rio-preto-e-regiao\\\/#breadcrumb\"},\"inLanguage\":\"pt-BR\",\"potentialAction\":[{\"@type\":\"ReadAction\",\"target\":[\"https:\\\/\\\/regiaonews.net.br\\\/2022\\\/2021\\\/11\\\/19\\\/retoma-sp-estado-anuncia-r-27-milhoes-em-investimentos-para-rio-preto-e-regiao\\\/\"]}]},{\"@type\":\"ImageObject\",\"inLanguage\":\"pt-BR\",\"@id\":\"https:\\\/\\\/regiaonews.net.br\\\/2022\\\/2021\\\/11\\\/19\\\/retoma-sp-estado-anuncia-r-27-milhoes-em-investimentos-para-rio-preto-e-regiao\\\/#primaryimage\",\"url\":\"https:\\\/\\\/regiaonews.net.br\\\/2022\\\/wp-content\\\/uploads\\\/2021\\\/11\\\/6646f3c0-c453-41e1-b0bc-1afad4bad90a.jpg\",\"contentUrl\":\"https:\\\/\\\/regiaonews.net.br\\\/2022\\\/wp-content\\\/uploads\\\/2021\\\/11\\\/6646f3c0-c453-41e1-b0bc-1afad4bad90a.jpg\",\"width\":1600,\"height\":1066},{\"@type\":\"BreadcrumbList\",\"@id\":\"https:\\\/\\\/regiaonews.net.br\\\/2022\\\/2021\\\/11\\\/19\\\/retoma-sp-estado-anuncia-r-27-milhoes-em-investimentos-para-rio-preto-e-regiao\\\/#breadcrumb\",\"itemListElement\":[{\"@type\":\"ListItem\",\"position\":1,\"name\":\"In\u00edcio\",\"item\":\"https:\\\/\\\/regiaonews.net.br\\\/2022\\\/\"},{\"@type\":\"ListItem\",\"position\":2,\"name\":\"Retoma SP: Estado anuncia R$ 27 milh\u00f5es em investimentos para Rio Preto e regi\u00e3o\"}]},{\"@type\":\"WebSite\",\"@id\":\"https:\\\/\\\/regiaonews.net.br\\\/2022\\\/#website\",\"url\":\"https:\\\/\\\/regiaonews.net.br\\\/2022\\\/\",\"name\":\"Regi\u00e3o News\",\"description\":\"Site de Not\u00edcias de Barretos e regi\u00e3o\",\"publisher\":{\"@id\":\"https:\\\/\\\/regiaonews.net.br\\\/2022\\\/#organization\"},\"potentialAction\":[{\"@type\":\"SearchAction\",\"target\":{\"@type\":\"EntryPoint\",\"urlTemplate\":\"https:\\\/\\\/regiaonews.net.br\\\/2022\\\/?s={search_term_string}\"},\"query-input\":{\"@type\":\"PropertyValueSpecification\",\"valueRequired\":true,\"valueName\":\"search_term_string\"}}],\"inLanguage\":\"pt-BR\"},{\"@type\":\"Organization\",\"@id\":\"https:\\\/\\\/regiaonews.net.br\\\/2022\\\/#organization\",\"name\":\"Regi\u00e3o News\",\"url\":\"https:\\\/\\\/regiaonews.net.br\\\/2022\\\/\",\"logo\":{\"@type\":\"ImageObject\",\"inLanguage\":\"pt-BR\",\"@id\":\"https:\\\/\\\/regiaonews.net.br\\\/2022\\\/#\\\/schema\\\/logo\\\/image\\\/\",\"url\":\"https:\\\/\\\/regiaonews.net.br\\\/2022\\\/wp-content\\\/uploads\\\/2026\\\/03\\\/regiao-13-anos-scaled.jpg\",\"contentUrl\":\"https:\\\/\\\/regiaonews.net.br\\\/2022\\\/wp-content\\\/uploads\\\/2026\\\/03\\\/regiao-13-anos-scaled.jpg\",\"width\":2560,\"height\":635,\"caption\":\"Regi\u00e3o News\"},\"image\":{\"@id\":\"https:\\\/\\\/regiaonews.net.br\\\/2022\\\/#\\\/schema\\\/logo\\\/image\\\/\"}},{\"@type\":\"Person\",\"@id\":\"https:\\\/\\\/regiaonews.net.br\\\/2022\\\/#\\\/schema\\\/person\\\/2d205a608a5aa97ac279d7a5e6d89ad8\",\"name\":\"Roberto\",\"image\":{\"@type\":\"ImageObject\",\"inLanguage\":\"pt-BR\",\"@id\":\"https:\\\/\\\/secure.gravatar.com\\\/avatar\\\/42749d8b712ff9d59ca93dc150494e5b55a44134482993f5baeb97e61b7ecc89?s=96&d=mm&r=g\",\"url\":\"https:\\\/\\\/secure.gravatar.com\\\/avatar\\\/42749d8b712ff9d59ca93dc150494e5b55a44134482993f5baeb97e61b7ecc89?s=96&d=mm&r=g\",\"contentUrl\":\"https:\\\/\\\/secure.gravatar.com\\\/avatar\\\/42749d8b712ff9d59ca93dc150494e5b55a44134482993f5baeb97e61b7ecc89?s=96&d=mm&r=g\",\"caption\":\"Roberto\"},\"url\":\"https:\\\/\\\/regiaonews.net.br\\\/2022\\\/author\\\/roberto\\\/\"}]}<\/script>\n<!-- \/ Yoast SEO plugin. -->","yoast_head_json":{"title":"Retoma SP: Estado anuncia R$ 27 milh\u00f5es em investimentos para Rio Preto e regi\u00e3o - Regi\u00e3o News","robots":{"index":"index","follow":"follow","max-snippet":"max-snippet:-1","max-image-preview":"max-image-preview:large","max-video-preview":"max-video-preview:-1"},"canonical":"https:\/\/regiaonews.net.br\/2022\/2021\/11\/19\/retoma-sp-estado-anuncia-r-27-milhoes-em-investimentos-para-rio-preto-e-regiao\/","og_locale":"pt_BR","og_type":"article","og_title":"Retoma SP: Estado anuncia R$ 27 milh\u00f5es em investimentos para Rio Preto e regi\u00e3o - Regi\u00e3o News","og_description":"O deputado federal, Geninho Zuliani, acompanhou nesta sexta-feira, dia 19","og_url":"https:\/\/regiaonews.net.br\/2022\/2021\/11\/19\/retoma-sp-estado-anuncia-r-27-milhoes-em-investimentos-para-rio-preto-e-regiao\/","og_site_name":"Regi\u00e3o News","article_published_time":"2021-11-19T19:25:20+00:00","og_image":[{"width":1600,"height":1066,"url":"https:\/\/regiaonews.net.br\/2022\/wp-content\/uploads\/2021\/11\/6646f3c0-c453-41e1-b0bc-1afad4bad90a.jpg","type":"image\/jpeg"}],"author":"Roberto","twitter_card":"summary_large_image","twitter_misc":{"Escrito por":"Roberto","Est. tempo de leitura":"2 minutos"},"schema":{"@context":"https:\/\/schema.org","@graph":[{"@type":"Article","@id":"https:\/\/regiaonews.net.br\/2022\/2021\/11\/19\/retoma-sp-estado-anuncia-r-27-milhoes-em-investimentos-para-rio-preto-e-regiao\/#article","isPartOf":{"@id":"https:\/\/regiaonews.net.br\/2022\/2021\/11\/19\/retoma-sp-estado-anuncia-r-27-milhoes-em-investimentos-para-rio-preto-e-regiao\/"},"author":{"name":"Roberto","@id":"https:\/\/regiaonews.net.br\/2022\/#\/schema\/person\/2d205a608a5aa97ac279d7a5e6d89ad8"},"headline":"Retoma SP: Estado anuncia R$ 27 milh\u00f5es em investimentos para Rio Preto e regi\u00e3o","datePublished":"2021-11-19T19:25:20+00:00","mainEntityOfPage":{"@id":"https:\/\/regiaonews.net.br\/2022\/2021\/11\/19\/retoma-sp-estado-anuncia-r-27-milhoes-em-investimentos-para-rio-preto-e-regiao\/"},"wordCount":368,"commentCount":0,"publisher":{"@id":"https:\/\/regiaonews.net.br\/2022\/#organization"},"image":{"@id":"https:\/\/regiaonews.net.br\/2022\/2021\/11\/19\/retoma-sp-estado-anuncia-r-27-milhoes-em-investimentos-para-rio-preto-e-regiao\/#primaryimage"},"thumbnailUrl":"https:\/\/regiaonews.net.br\/2022\/wp-content\/uploads\/2021\/11\/6646f3c0-c453-41e1-b0bc-1afad4bad90a.jpg","articleSection":["Cidades","Pol\u00edtica","S\u00e3o Jos\u00e9 do RIo Preto"],"inLanguage":"pt-BR","potentialAction":[{"@type":"CommentAction","name":"Comment","target":["https:\/\/regiaonews.net.br\/2022\/2021\/11\/19\/retoma-sp-estado-anuncia-r-27-milhoes-em-investimentos-para-rio-preto-e-regiao\/#respond"]}]},{"@type":"WebPage","@id":"https:\/\/regiaonews.net.br\/2022\/2021\/11\/19\/retoma-sp-estado-anuncia-r-27-milhoes-em-investimentos-para-rio-preto-e-regiao\/","url":"https:\/\/regiaonews.net.br\/2022\/2021\/11\/19\/retoma-sp-estado-anuncia-r-27-milhoes-em-investimentos-para-rio-preto-e-regiao\/","name":"Retoma SP: Estado anuncia R$ 27 milh\u00f5es em investimentos para Rio Preto e regi\u00e3o - Regi\u00e3o News","isPartOf":{"@id":"https:\/\/regiaonews.net.br\/2022\/#website"},"primaryImageOfPage":{"@id":"https:\/\/regiaonews.net.br\/2022\/2021\/11\/19\/retoma-sp-estado-anuncia-r-27-milhoes-em-investimentos-para-rio-preto-e-regiao\/#primaryimage"},"image":{"@id":"https:\/\/regiaonews.net.br\/2022\/2021\/11\/19\/retoma-sp-estado-anuncia-r-27-milhoes-em-investimentos-para-rio-preto-e-regiao\/#primaryimage"},"thumbnailUrl":"https:\/\/regiaonews.net.br\/2022\/wp-content\/uploads\/2021\/11\/6646f3c0-c453-41e1-b0bc-1afad4bad90a.jpg","datePublished":"2021-11-19T19:25:20+00:00","breadcrumb":{"@id":"https:\/\/regiaonews.net.br\/2022\/2021\/11\/19\/retoma-sp-estado-anuncia-r-27-milhoes-em-investimentos-para-rio-preto-e-regiao\/#breadcrumb"},"inLanguage":"pt-BR","potentialAction":[{"@type":"ReadAction","target":["https:\/\/regiaonews.net.br\/2022\/2021\/11\/19\/retoma-sp-estado-anuncia-r-27-milhoes-em-investimentos-para-rio-preto-e-regiao\/"]}]},{"@type":"ImageObject","inLanguage":"pt-BR","@id":"https:\/\/regiaonews.net.br\/2022\/2021\/11\/19\/retoma-sp-estado-anuncia-r-27-milhoes-em-investimentos-para-rio-preto-e-regiao\/#primaryimage","url":"https:\/\/regiaonews.net.br\/2022\/wp-content\/uploads\/2021\/11\/6646f3c0-c453-41e1-b0bc-1afad4bad90a.jpg","contentUrl":"https:\/\/regiaonews.net.br\/2022\/wp-content\/uploads\/2021\/11\/6646f3c0-c453-41e1-b0bc-1afad4bad90a.jpg","width":1600,"height":1066},{"@type":"BreadcrumbList","@id":"https:\/\/regiaonews.net.br\/2022\/2021\/11\/19\/retoma-sp-estado-anuncia-r-27-milhoes-em-investimentos-para-rio-preto-e-regiao\/#breadcrumb","itemListElement":[{"@type":"ListItem","position":1,"name":"In\u00edcio","item":"https:\/\/regiaonews.net.br\/2022\/"},{"@type":"ListItem","position":2,"name":"Retoma SP: Estado anuncia R$ 27 milh\u00f5es em investimentos para Rio Preto e regi\u00e3o"}]},{"@type":"WebSite","@id":"https:\/\/regiaonews.net.br\/2022\/#website","url":"https:\/\/regiaonews.net.br\/2022\/","name":"Regi\u00e3o News","description":"Site de Not\u00edcias de Barretos e regi\u00e3o","publisher":{"@id":"https:\/\/regiaonews.net.br\/2022\/#organization"},"potentialAction":[{"@type":"SearchAction","target":{"@type":"EntryPoint","urlTemplate":"https:\/\/regiaonews.net.br\/2022\/?s={search_term_string}"},"query-input":{"@type":"PropertyValueSpecification","valueRequired":true,"valueName":"search_term_string"}}],"inLanguage":"pt-BR"},{"@type":"Organization","@id":"https:\/\/regiaonews.net.br\/2022\/#organization","name":"Regi\u00e3o News","url":"https:\/\/regiaonews.net.br\/2022\/","logo":{"@type":"ImageObject","inLanguage":"pt-BR","@id":"https:\/\/regiaonews.net.br\/2022\/#\/schema\/logo\/image\/","url":"https:\/\/regiaonews.net.br\/2022\/wp-content\/uploads\/2026\/03\/regiao-13-anos-scaled.jpg","contentUrl":"https:\/\/regiaonews.net.br\/2022\/wp-content\/uploads\/2026\/03\/regiao-13-anos-scaled.jpg","width":2560,"height":635,"caption":"Regi\u00e3o News"},"image":{"@id":"https:\/\/regiaonews.net.br\/2022\/#\/schema\/logo\/image\/"}},{"@type":"Person","@id":"https:\/\/regiaonews.net.br\/2022\/#\/schema\/person\/2d205a608a5aa97ac279d7a5e6d89ad8","name":"Roberto","image":{"@type":"ImageObject","inLanguage":"pt-BR","@id":"https:\/\/secure.gravatar.com\/avatar\/42749d8b712ff9d59ca93dc150494e5b55a44134482993f5baeb97e61b7ecc89?s=96&d=mm&r=g","url":"https:\/\/secure.gravatar.com\/avatar\/42749d8b712ff9d59ca93dc150494e5b55a44134482993f5baeb97e61b7ecc89?s=96&d=mm&r=g","contentUrl":"https:\/\/secure.gravatar.com\/avatar\/42749d8b712ff9d59ca93dc150494e5b55a44134482993f5baeb97e61b7ecc89?s=96&d=mm&r=g","caption":"Roberto"},"url":"https:\/\/regiaonews.net.br\/2022\/author\/roberto\/"}]}},"publishpress_future_action":{"enabled":false,"date":"2026-05-05 12:00:59","action":"change-status","newStatus":"draft","terms":[],"taxonomy":"category","extraData":[]},"publishpress_future_workflow_manual_trigger":{"enabledWorkflows":[]},"_links":{"self":[{"href":"https:\/\/regiaonews.net.br\/2022\/wp-json\/wp\/v2\/posts\/56519","targetHints":{"allow":["GET"]}}],"collection":[{"href":"https:\/\/regiaonews.net.br\/2022\/wp-json\/wp\/v2\/posts"}],"about":[{"href":"https:\/\/regiaonews.net.br\/2022\/wp-json\/wp\/v2\/types\/post"}],"author":[{"embeddable":true,"href":"https:\/\/regiaonews.net.br\/2022\/wp-json\/wp\/v2\/users\/2"}],"replies":[{"embeddable":true,"href":"https:\/\/regiaonews.net.br\/2022\/wp-json\/wp\/v2\/comments?post=56519"}],"version-history":[{"count":0,"href":"https:\/\/regiaonews.net.br\/2022\/wp-json\/wp\/v2\/posts\/56519\/revisions"}],"wp:featuredmedia":[{"embeddable":true,"href":"https:\/\/regiaonews.net.br\/2022\/wp-json\/wp\/v2\/media\/56520"}],"wp:attachment":[{"href":"https:\/\/regiaonews.net.br\/2022\/wp-json\/wp\/v2\/media?parent=56519"}],"wp:term":[{"taxonomy":"category","embeddable":true,"href":"https:\/\/regiaonews.net.br\/2022\/wp-json\/wp\/v2\/categories?post=56519"},{"taxonomy":"post_tag","embeddable":true,"href":"https:\/\/regiaonews.net.br\/2022\/wp-json\/wp\/v2\/tags?post=56519"}],"curies":[{"name":"wp","href":"https:\/\/api.w.org\/{rel}","templated":true}]}}