{"id":56512,"date":"2021-11-19T11:54:06","date_gmt":"2021-11-19T14:54:06","guid":{"rendered":"https:\/\/regiaonews.net.br\/2022\/?p=56512"},"modified":"2021-11-19T11:54:28","modified_gmt":"2021-11-19T14:54:28","slug":"exumacao-dos-restos-mortais-de-padre-andre-acontece-na-segunda-feira-22","status":"publish","type":"post","link":"https:\/\/regiaonews.net.br\/2022\/2021\/11\/19\/exumacao-dos-restos-mortais-de-padre-andre-acontece-na-segunda-feira-22\/","title":{"rendered":"Exuma\u00e7\u00e3o dos restos mortais de Padre Andr\u00e9 acontece na segunda-feira (22)"},"content":{"rendered":"<p><a href=\"https:\/\/regiaonews.net.br\/2022\/wp-content\/uploads\/2021\/11\/65d7c967-91d0-4a55-99e9-41a833e93499.jpg\"><img loading=\"lazy\" decoding=\"async\" class=\"alignnone size-medium wp-image-56513\" src=\"https:\/\/regiaonews.net.br\/2022\/wp-content\/uploads\/2021\/11\/65d7c967-91d0-4a55-99e9-41a833e93499-300x200.jpg\" alt=\"\" width=\"300\" height=\"200\" \/><\/a><\/p>\n<p>Foto &#8211; Pe. Costante, Pe. Tiago e Lucila<\/p>\n<p>Exuma\u00e7\u00e3o faz parte do processo da Causa de Canoniza\u00e7\u00e3o<\/p>\n<p>A postuladora da Causa de Santifica\u00e7\u00e3o do Servo de Deus Padre Andr\u00e9 Bortolameotti, Lucia Castro, junto do vice-postulador, padre Costante Gualdi, e do perito em exuma\u00e7\u00e3o de processos de Causas de Canoniza\u00e7\u00e3o, padre Tiago Medeiros, de S\u00e3o Jos\u00e9 do Rio Preto, anunciaram na tarde de quinta-feira (18), que o corpo do religioso morto em 2010, ser\u00e1 exumado na pr\u00f3xima segunda-feira, dia 22 de novembro, \u00e0s 8h.<\/p>\n<p>O religioso est\u00e1 sepultado no Santu\u00e1rio Diocesano Nossa Senhora do Ros\u00e1rio, em Barretos.<\/p>\n<p>\u201cEsse processo de exuma\u00e7\u00e3o na Igreja \u00e9 uma pr\u00e1tica para o conhecimento dos restos mortais do candidato \u00e0 santidade para provar realmente sua exist\u00eancia e fazer sua conserva\u00e7\u00e3o. Ent\u00e3o, se faz um tratamento de conversa\u00e7\u00e3o dos ossos do corpo e depois \u00e9 feita uma cerim\u00f4nia para autenticar essas rel\u00edquias (restos mortais), e elas s\u00e3o guardadas novamente. Quando aprovada a beatifica\u00e7\u00e3o, ent\u00e3o se estrai fragmentos dos ossos, partes do corpo, para venera\u00e7\u00e3o p\u00fablica dos fi\u00e9is\u201d, pontuou o perito.<\/p>\n<p>A exuma\u00e7\u00e3o e o tratamento (que dura em torno de uma semana) ser\u00e3o feitos de forma privada, pois n\u00e3o se pode, por meio do C\u00f3digo Can\u00f4nico da Igreja, venerar publicamente ainda o padre Andr\u00e9 e nem divulgar imagens da exuma\u00e7\u00e3o e do tratamento dos restos mortais.<\/p>\n<p>A missa com a cerim\u00f4nia da lacra\u00e7\u00e3o da urna com os restos mortais ser\u00e1 marcada ap\u00f3s a finaliza\u00e7\u00e3o do processo de tratamento.<\/p>\n<p>Corpo Intacto<br \/>\nSe o corpo de padre Andr\u00e9 estiver intacto o procedimento ser\u00e1 outro. Caso isso aconte\u00e7a, ser\u00e1 divulgado qual procedimento ser\u00e1 executado.<\/p>\n<p>\u201cA import\u00e2ncia para a Igreja n\u00e3o \u00e9 o corpo estar intacto. A causa n\u00e3o \u00e9 essa. O que importa, de fato, s\u00e3o as virtudes heroicas, a f\u00e9 que o padre Andr\u00e9 viveu, e os milagres que vir\u00e3o acontecer sob a intercess\u00e3o dele\u201d, explicou o padre Tiago.<\/p>\n<p>Fase Diocesana<br \/>\nO processo da Causa de Canoniza\u00e7\u00e3o, iniciado em 2016, est\u00e1 na fase diocesana e deve terminar em fevereiro de 2022. Ap\u00f3s a finaliza\u00e7\u00e3o ser\u00e1 enviado para a an\u00e1lise da Causa dos Santos no Vaticano. Se aprovado pelo Papa Francisco, h\u00e1 o seguimento do processo e padre Andr\u00e9 passar a ter o t\u00edtulo de Vener\u00e1vel.<\/p>\n<p>Ap\u00f3s o conhecimento de um milagre sob a intercess\u00e3o do religioso, e avalia\u00e7\u00e3o tamb\u00e9m do Vaticano por uma comiss\u00e3o de m\u00e9dicos e te\u00f3logos, e aprova\u00e7\u00e3o do Pont\u00edfice, o padre \u00e9 declarado Beato. Com mais um milagre reconhecido e aprovado, acontece a canoniza\u00e7\u00e3o e o padre Andr\u00e9 \u00e9 declarado santo.<\/p>\n","protected":false},"excerpt":{"rendered":"<p>Foto &#8211; Pe. Costante, Pe. Tiago e Lucila Exuma\u00e7\u00e3o faz<\/p>\n","protected":false},"author":2,"featured_media":56513,"comment_status":"open","ping_status":"open","sticky":false,"template":"","format":"standard","meta":{"footnotes":""},"categories":[14,25],"tags":[],"class_list":["post-56512","post","type-post","status-publish","format-standard","has-post-thumbnail","hentry","category-barretos","category-cidades"],"yoast_head":"<!-- This site is optimized with the Yoast SEO plugin v27.4 - https:\/\/yoast.com\/product\/yoast-seo-wordpress\/ -->\n<title>Exuma\u00e7\u00e3o dos restos mortais de Padre Andr\u00e9 acontece na segunda-feira (22) - Regi\u00e3o News<\/title>\n<meta name=\"robots\" content=\"index, follow, max-snippet:-1, max-image-preview:large, max-video-preview:-1\" \/>\n<link rel=\"canonical\" href=\"https:\/\/regiaonews.net.br\/2022\/2021\/11\/19\/exumacao-dos-restos-mortais-de-padre-andre-acontece-na-segunda-feira-22\/\" \/>\n<meta property=\"og:locale\" content=\"pt_BR\" \/>\n<meta property=\"og:type\" content=\"article\" \/>\n<meta property=\"og:title\" content=\"Exuma\u00e7\u00e3o dos restos mortais de Padre Andr\u00e9 acontece na segunda-feira (22) - Regi\u00e3o News\" \/>\n<meta property=\"og:description\" content=\"Foto &#8211; Pe. Costante, Pe. Tiago e Lucila Exuma\u00e7\u00e3o faz\" \/>\n<meta property=\"og:url\" content=\"https:\/\/regiaonews.net.br\/2022\/2021\/11\/19\/exumacao-dos-restos-mortais-de-padre-andre-acontece-na-segunda-feira-22\/\" \/>\n<meta property=\"og:site_name\" content=\"Regi\u00e3o News\" \/>\n<meta property=\"article:published_time\" content=\"2021-11-19T14:54:06+00:00\" \/>\n<meta property=\"article:modified_time\" content=\"2021-11-19T14:54:28+00:00\" \/>\n<meta property=\"og:image\" content=\"https:\/\/regiaonews.net.br\/2022\/wp-content\/uploads\/2021\/11\/65d7c967-91d0-4a55-99e9-41a833e93499.jpg\" \/>\n\t<meta property=\"og:image:width\" content=\"1280\" \/>\n\t<meta property=\"og:image:height\" content=\"853\" \/>\n\t<meta property=\"og:image:type\" content=\"image\/jpeg\" \/>\n<meta name=\"author\" content=\"Roberto\" \/>\n<meta name=\"twitter:card\" content=\"summary_large_image\" \/>\n<meta name=\"twitter:label1\" content=\"Escrito por\" \/>\n\t<meta name=\"twitter:data1\" content=\"Roberto\" \/>\n\t<meta name=\"twitter:label2\" content=\"Est. tempo de leitura\" \/>\n\t<meta name=\"twitter:data2\" content=\"2 minutos\" \/>\n<script type=\"application\/ld+json\" class=\"yoast-schema-graph\">{\"@context\":\"https:\\\/\\\/schema.org\",\"@graph\":[{\"@type\":\"Article\",\"@id\":\"https:\\\/\\\/regiaonews.net.br\\\/2022\\\/2021\\\/11\\\/19\\\/exumacao-dos-restos-mortais-de-padre-andre-acontece-na-segunda-feira-22\\\/#article\",\"isPartOf\":{\"@id\":\"https:\\\/\\\/regiaonews.net.br\\\/2022\\\/2021\\\/11\\\/19\\\/exumacao-dos-restos-mortais-de-padre-andre-acontece-na-segunda-feira-22\\\/\"},\"author\":{\"name\":\"Roberto\",\"@id\":\"https:\\\/\\\/regiaonews.net.br\\\/2022\\\/#\\\/schema\\\/person\\\/2d205a608a5aa97ac279d7a5e6d89ad8\"},\"headline\":\"Exuma\u00e7\u00e3o dos restos mortais de Padre Andr\u00e9 acontece na segunda-feira (22)\",\"datePublished\":\"2021-11-19T14:54:06+00:00\",\"dateModified\":\"2021-11-19T14:54:28+00:00\",\"mainEntityOfPage\":{\"@id\":\"https:\\\/\\\/regiaonews.net.br\\\/2022\\\/2021\\\/11\\\/19\\\/exumacao-dos-restos-mortais-de-padre-andre-acontece-na-segunda-feira-22\\\/\"},\"wordCount\":470,\"commentCount\":0,\"publisher\":{\"@id\":\"https:\\\/\\\/regiaonews.net.br\\\/2022\\\/#organization\"},\"image\":{\"@id\":\"https:\\\/\\\/regiaonews.net.br\\\/2022\\\/2021\\\/11\\\/19\\\/exumacao-dos-restos-mortais-de-padre-andre-acontece-na-segunda-feira-22\\\/#primaryimage\"},\"thumbnailUrl\":\"https:\\\/\\\/regiaonews.net.br\\\/2022\\\/wp-content\\\/uploads\\\/2021\\\/11\\\/65d7c967-91d0-4a55-99e9-41a833e93499.jpg\",\"articleSection\":[\"Barretos\",\"Cidades\"],\"inLanguage\":\"pt-BR\",\"potentialAction\":[{\"@type\":\"CommentAction\",\"name\":\"Comment\",\"target\":[\"https:\\\/\\\/regiaonews.net.br\\\/2022\\\/2021\\\/11\\\/19\\\/exumacao-dos-restos-mortais-de-padre-andre-acontece-na-segunda-feira-22\\\/#respond\"]}]},{\"@type\":\"WebPage\",\"@id\":\"https:\\\/\\\/regiaonews.net.br\\\/2022\\\/2021\\\/11\\\/19\\\/exumacao-dos-restos-mortais-de-padre-andre-acontece-na-segunda-feira-22\\\/\",\"url\":\"https:\\\/\\\/regiaonews.net.br\\\/2022\\\/2021\\\/11\\\/19\\\/exumacao-dos-restos-mortais-de-padre-andre-acontece-na-segunda-feira-22\\\/\",\"name\":\"Exuma\u00e7\u00e3o dos restos mortais de Padre Andr\u00e9 acontece na segunda-feira (22) - Regi\u00e3o News\",\"isPartOf\":{\"@id\":\"https:\\\/\\\/regiaonews.net.br\\\/2022\\\/#website\"},\"primaryImageOfPage\":{\"@id\":\"https:\\\/\\\/regiaonews.net.br\\\/2022\\\/2021\\\/11\\\/19\\\/exumacao-dos-restos-mortais-de-padre-andre-acontece-na-segunda-feira-22\\\/#primaryimage\"},\"image\":{\"@id\":\"https:\\\/\\\/regiaonews.net.br\\\/2022\\\/2021\\\/11\\\/19\\\/exumacao-dos-restos-mortais-de-padre-andre-acontece-na-segunda-feira-22\\\/#primaryimage\"},\"thumbnailUrl\":\"https:\\\/\\\/regiaonews.net.br\\\/2022\\\/wp-content\\\/uploads\\\/2021\\\/11\\\/65d7c967-91d0-4a55-99e9-41a833e93499.jpg\",\"datePublished\":\"2021-11-19T14:54:06+00:00\",\"dateModified\":\"2021-11-19T14:54:28+00:00\",\"breadcrumb\":{\"@id\":\"https:\\\/\\\/regiaonews.net.br\\\/2022\\\/2021\\\/11\\\/19\\\/exumacao-dos-restos-mortais-de-padre-andre-acontece-na-segunda-feira-22\\\/#breadcrumb\"},\"inLanguage\":\"pt-BR\",\"potentialAction\":[{\"@type\":\"ReadAction\",\"target\":[\"https:\\\/\\\/regiaonews.net.br\\\/2022\\\/2021\\\/11\\\/19\\\/exumacao-dos-restos-mortais-de-padre-andre-acontece-na-segunda-feira-22\\\/\"]}]},{\"@type\":\"ImageObject\",\"inLanguage\":\"pt-BR\",\"@id\":\"https:\\\/\\\/regiaonews.net.br\\\/2022\\\/2021\\\/11\\\/19\\\/exumacao-dos-restos-mortais-de-padre-andre-acontece-na-segunda-feira-22\\\/#primaryimage\",\"url\":\"https:\\\/\\\/regiaonews.net.br\\\/2022\\\/wp-content\\\/uploads\\\/2021\\\/11\\\/65d7c967-91d0-4a55-99e9-41a833e93499.jpg\",\"contentUrl\":\"https:\\\/\\\/regiaonews.net.br\\\/2022\\\/wp-content\\\/uploads\\\/2021\\\/11\\\/65d7c967-91d0-4a55-99e9-41a833e93499.jpg\",\"width\":1280,\"height\":853},{\"@type\":\"BreadcrumbList\",\"@id\":\"https:\\\/\\\/regiaonews.net.br\\\/2022\\\/2021\\\/11\\\/19\\\/exumacao-dos-restos-mortais-de-padre-andre-acontece-na-segunda-feira-22\\\/#breadcrumb\",\"itemListElement\":[{\"@type\":\"ListItem\",\"position\":1,\"name\":\"In\u00edcio\",\"item\":\"https:\\\/\\\/regiaonews.net.br\\\/2022\\\/\"},{\"@type\":\"ListItem\",\"position\":2,\"name\":\"Exuma\u00e7\u00e3o dos restos mortais de Padre Andr\u00e9 acontece na segunda-feira (22)\"}]},{\"@type\":\"WebSite\",\"@id\":\"https:\\\/\\\/regiaonews.net.br\\\/2022\\\/#website\",\"url\":\"https:\\\/\\\/regiaonews.net.br\\\/2022\\\/\",\"name\":\"Regi\u00e3o News\",\"description\":\"Site de Not\u00edcias de Barretos e regi\u00e3o\",\"publisher\":{\"@id\":\"https:\\\/\\\/regiaonews.net.br\\\/2022\\\/#organization\"},\"potentialAction\":[{\"@type\":\"SearchAction\",\"target\":{\"@type\":\"EntryPoint\",\"urlTemplate\":\"https:\\\/\\\/regiaonews.net.br\\\/2022\\\/?s={search_term_string}\"},\"query-input\":{\"@type\":\"PropertyValueSpecification\",\"valueRequired\":true,\"valueName\":\"search_term_string\"}}],\"inLanguage\":\"pt-BR\"},{\"@type\":\"Organization\",\"@id\":\"https:\\\/\\\/regiaonews.net.br\\\/2022\\\/#organization\",\"name\":\"Regi\u00e3o News\",\"url\":\"https:\\\/\\\/regiaonews.net.br\\\/2022\\\/\",\"logo\":{\"@type\":\"ImageObject\",\"inLanguage\":\"pt-BR\",\"@id\":\"https:\\\/\\\/regiaonews.net.br\\\/2022\\\/#\\\/schema\\\/logo\\\/image\\\/\",\"url\":\"https:\\\/\\\/regiaonews.net.br\\\/2022\\\/wp-content\\\/uploads\\\/2026\\\/03\\\/regiao-13-anos-scaled.jpg\",\"contentUrl\":\"https:\\\/\\\/regiaonews.net.br\\\/2022\\\/wp-content\\\/uploads\\\/2026\\\/03\\\/regiao-13-anos-scaled.jpg\",\"width\":2560,\"height\":635,\"caption\":\"Regi\u00e3o News\"},\"image\":{\"@id\":\"https:\\\/\\\/regiaonews.net.br\\\/2022\\\/#\\\/schema\\\/logo\\\/image\\\/\"}},{\"@type\":\"Person\",\"@id\":\"https:\\\/\\\/regiaonews.net.br\\\/2022\\\/#\\\/schema\\\/person\\\/2d205a608a5aa97ac279d7a5e6d89ad8\",\"name\":\"Roberto\",\"image\":{\"@type\":\"ImageObject\",\"inLanguage\":\"pt-BR\",\"@id\":\"https:\\\/\\\/secure.gravatar.com\\\/avatar\\\/42749d8b712ff9d59ca93dc150494e5b55a44134482993f5baeb97e61b7ecc89?s=96&d=mm&r=g\",\"url\":\"https:\\\/\\\/secure.gravatar.com\\\/avatar\\\/42749d8b712ff9d59ca93dc150494e5b55a44134482993f5baeb97e61b7ecc89?s=96&d=mm&r=g\",\"contentUrl\":\"https:\\\/\\\/secure.gravatar.com\\\/avatar\\\/42749d8b712ff9d59ca93dc150494e5b55a44134482993f5baeb97e61b7ecc89?s=96&d=mm&r=g\",\"caption\":\"Roberto\"},\"url\":\"https:\\\/\\\/regiaonews.net.br\\\/2022\\\/author\\\/roberto\\\/\"}]}<\/script>\n<!-- \/ Yoast SEO plugin. -->","yoast_head_json":{"title":"Exuma\u00e7\u00e3o dos restos mortais de Padre Andr\u00e9 acontece na segunda-feira (22) - Regi\u00e3o News","robots":{"index":"index","follow":"follow","max-snippet":"max-snippet:-1","max-image-preview":"max-image-preview:large","max-video-preview":"max-video-preview:-1"},"canonical":"https:\/\/regiaonews.net.br\/2022\/2021\/11\/19\/exumacao-dos-restos-mortais-de-padre-andre-acontece-na-segunda-feira-22\/","og_locale":"pt_BR","og_type":"article","og_title":"Exuma\u00e7\u00e3o dos restos mortais de Padre Andr\u00e9 acontece na segunda-feira (22) - Regi\u00e3o News","og_description":"Foto &#8211; Pe. Costante, Pe. Tiago e Lucila Exuma\u00e7\u00e3o faz","og_url":"https:\/\/regiaonews.net.br\/2022\/2021\/11\/19\/exumacao-dos-restos-mortais-de-padre-andre-acontece-na-segunda-feira-22\/","og_site_name":"Regi\u00e3o News","article_published_time":"2021-11-19T14:54:06+00:00","article_modified_time":"2021-11-19T14:54:28+00:00","og_image":[{"width":1280,"height":853,"url":"https:\/\/regiaonews.net.br\/2022\/wp-content\/uploads\/2021\/11\/65d7c967-91d0-4a55-99e9-41a833e93499.jpg","type":"image\/jpeg"}],"author":"Roberto","twitter_card":"summary_large_image","twitter_misc":{"Escrito por":"Roberto","Est. tempo de leitura":"2 minutos"},"schema":{"@context":"https:\/\/schema.org","@graph":[{"@type":"Article","@id":"https:\/\/regiaonews.net.br\/2022\/2021\/11\/19\/exumacao-dos-restos-mortais-de-padre-andre-acontece-na-segunda-feira-22\/#article","isPartOf":{"@id":"https:\/\/regiaonews.net.br\/2022\/2021\/11\/19\/exumacao-dos-restos-mortais-de-padre-andre-acontece-na-segunda-feira-22\/"},"author":{"name":"Roberto","@id":"https:\/\/regiaonews.net.br\/2022\/#\/schema\/person\/2d205a608a5aa97ac279d7a5e6d89ad8"},"headline":"Exuma\u00e7\u00e3o dos restos mortais de Padre Andr\u00e9 acontece na segunda-feira (22)","datePublished":"2021-11-19T14:54:06+00:00","dateModified":"2021-11-19T14:54:28+00:00","mainEntityOfPage":{"@id":"https:\/\/regiaonews.net.br\/2022\/2021\/11\/19\/exumacao-dos-restos-mortais-de-padre-andre-acontece-na-segunda-feira-22\/"},"wordCount":470,"commentCount":0,"publisher":{"@id":"https:\/\/regiaonews.net.br\/2022\/#organization"},"image":{"@id":"https:\/\/regiaonews.net.br\/2022\/2021\/11\/19\/exumacao-dos-restos-mortais-de-padre-andre-acontece-na-segunda-feira-22\/#primaryimage"},"thumbnailUrl":"https:\/\/regiaonews.net.br\/2022\/wp-content\/uploads\/2021\/11\/65d7c967-91d0-4a55-99e9-41a833e93499.jpg","articleSection":["Barretos","Cidades"],"inLanguage":"pt-BR","potentialAction":[{"@type":"CommentAction","name":"Comment","target":["https:\/\/regiaonews.net.br\/2022\/2021\/11\/19\/exumacao-dos-restos-mortais-de-padre-andre-acontece-na-segunda-feira-22\/#respond"]}]},{"@type":"WebPage","@id":"https:\/\/regiaonews.net.br\/2022\/2021\/11\/19\/exumacao-dos-restos-mortais-de-padre-andre-acontece-na-segunda-feira-22\/","url":"https:\/\/regiaonews.net.br\/2022\/2021\/11\/19\/exumacao-dos-restos-mortais-de-padre-andre-acontece-na-segunda-feira-22\/","name":"Exuma\u00e7\u00e3o dos restos mortais de Padre Andr\u00e9 acontece na segunda-feira (22) - Regi\u00e3o News","isPartOf":{"@id":"https:\/\/regiaonews.net.br\/2022\/#website"},"primaryImageOfPage":{"@id":"https:\/\/regiaonews.net.br\/2022\/2021\/11\/19\/exumacao-dos-restos-mortais-de-padre-andre-acontece-na-segunda-feira-22\/#primaryimage"},"image":{"@id":"https:\/\/regiaonews.net.br\/2022\/2021\/11\/19\/exumacao-dos-restos-mortais-de-padre-andre-acontece-na-segunda-feira-22\/#primaryimage"},"thumbnailUrl":"https:\/\/regiaonews.net.br\/2022\/wp-content\/uploads\/2021\/11\/65d7c967-91d0-4a55-99e9-41a833e93499.jpg","datePublished":"2021-11-19T14:54:06+00:00","dateModified":"2021-11-19T14:54:28+00:00","breadcrumb":{"@id":"https:\/\/regiaonews.net.br\/2022\/2021\/11\/19\/exumacao-dos-restos-mortais-de-padre-andre-acontece-na-segunda-feira-22\/#breadcrumb"},"inLanguage":"pt-BR","potentialAction":[{"@type":"ReadAction","target":["https:\/\/regiaonews.net.br\/2022\/2021\/11\/19\/exumacao-dos-restos-mortais-de-padre-andre-acontece-na-segunda-feira-22\/"]}]},{"@type":"ImageObject","inLanguage":"pt-BR","@id":"https:\/\/regiaonews.net.br\/2022\/2021\/11\/19\/exumacao-dos-restos-mortais-de-padre-andre-acontece-na-segunda-feira-22\/#primaryimage","url":"https:\/\/regiaonews.net.br\/2022\/wp-content\/uploads\/2021\/11\/65d7c967-91d0-4a55-99e9-41a833e93499.jpg","contentUrl":"https:\/\/regiaonews.net.br\/2022\/wp-content\/uploads\/2021\/11\/65d7c967-91d0-4a55-99e9-41a833e93499.jpg","width":1280,"height":853},{"@type":"BreadcrumbList","@id":"https:\/\/regiaonews.net.br\/2022\/2021\/11\/19\/exumacao-dos-restos-mortais-de-padre-andre-acontece-na-segunda-feira-22\/#breadcrumb","itemListElement":[{"@type":"ListItem","position":1,"name":"In\u00edcio","item":"https:\/\/regiaonews.net.br\/2022\/"},{"@type":"ListItem","position":2,"name":"Exuma\u00e7\u00e3o dos restos mortais de Padre Andr\u00e9 acontece na segunda-feira (22)"}]},{"@type":"WebSite","@id":"https:\/\/regiaonews.net.br\/2022\/#website","url":"https:\/\/regiaonews.net.br\/2022\/","name":"Regi\u00e3o News","description":"Site de Not\u00edcias de Barretos e regi\u00e3o","publisher":{"@id":"https:\/\/regiaonews.net.br\/2022\/#organization"},"potentialAction":[{"@type":"SearchAction","target":{"@type":"EntryPoint","urlTemplate":"https:\/\/regiaonews.net.br\/2022\/?s={search_term_string}"},"query-input":{"@type":"PropertyValueSpecification","valueRequired":true,"valueName":"search_term_string"}}],"inLanguage":"pt-BR"},{"@type":"Organization","@id":"https:\/\/regiaonews.net.br\/2022\/#organization","name":"Regi\u00e3o News","url":"https:\/\/regiaonews.net.br\/2022\/","logo":{"@type":"ImageObject","inLanguage":"pt-BR","@id":"https:\/\/regiaonews.net.br\/2022\/#\/schema\/logo\/image\/","url":"https:\/\/regiaonews.net.br\/2022\/wp-content\/uploads\/2026\/03\/regiao-13-anos-scaled.jpg","contentUrl":"https:\/\/regiaonews.net.br\/2022\/wp-content\/uploads\/2026\/03\/regiao-13-anos-scaled.jpg","width":2560,"height":635,"caption":"Regi\u00e3o News"},"image":{"@id":"https:\/\/regiaonews.net.br\/2022\/#\/schema\/logo\/image\/"}},{"@type":"Person","@id":"https:\/\/regiaonews.net.br\/2022\/#\/schema\/person\/2d205a608a5aa97ac279d7a5e6d89ad8","name":"Roberto","image":{"@type":"ImageObject","inLanguage":"pt-BR","@id":"https:\/\/secure.gravatar.com\/avatar\/42749d8b712ff9d59ca93dc150494e5b55a44134482993f5baeb97e61b7ecc89?s=96&d=mm&r=g","url":"https:\/\/secure.gravatar.com\/avatar\/42749d8b712ff9d59ca93dc150494e5b55a44134482993f5baeb97e61b7ecc89?s=96&d=mm&r=g","contentUrl":"https:\/\/secure.gravatar.com\/avatar\/42749d8b712ff9d59ca93dc150494e5b55a44134482993f5baeb97e61b7ecc89?s=96&d=mm&r=g","caption":"Roberto"},"url":"https:\/\/regiaonews.net.br\/2022\/author\/roberto\/"}]}},"publishpress_future_action":{"enabled":false,"date":"2026-05-05 13:29:13","action":"change-status","newStatus":"draft","terms":[],"taxonomy":"category","extraData":[]},"publishpress_future_workflow_manual_trigger":{"enabledWorkflows":[]},"_links":{"self":[{"href":"https:\/\/regiaonews.net.br\/2022\/wp-json\/wp\/v2\/posts\/56512","targetHints":{"allow":["GET"]}}],"collection":[{"href":"https:\/\/regiaonews.net.br\/2022\/wp-json\/wp\/v2\/posts"}],"about":[{"href":"https:\/\/regiaonews.net.br\/2022\/wp-json\/wp\/v2\/types\/post"}],"author":[{"embeddable":true,"href":"https:\/\/regiaonews.net.br\/2022\/wp-json\/wp\/v2\/users\/2"}],"replies":[{"embeddable":true,"href":"https:\/\/regiaonews.net.br\/2022\/wp-json\/wp\/v2\/comments?post=56512"}],"version-history":[{"count":0,"href":"https:\/\/regiaonews.net.br\/2022\/wp-json\/wp\/v2\/posts\/56512\/revisions"}],"wp:featuredmedia":[{"embeddable":true,"href":"https:\/\/regiaonews.net.br\/2022\/wp-json\/wp\/v2\/media\/56513"}],"wp:attachment":[{"href":"https:\/\/regiaonews.net.br\/2022\/wp-json\/wp\/v2\/media?parent=56512"}],"wp:term":[{"taxonomy":"category","embeddable":true,"href":"https:\/\/regiaonews.net.br\/2022\/wp-json\/wp\/v2\/categories?post=56512"},{"taxonomy":"post_tag","embeddable":true,"href":"https:\/\/regiaonews.net.br\/2022\/wp-json\/wp\/v2\/tags?post=56512"}],"curies":[{"name":"wp","href":"https:\/\/api.w.org\/{rel}","templated":true}]}}