{"id":56412,"date":"2021-11-17T18:58:30","date_gmt":"2021-11-17T21:58:30","guid":{"rendered":"https:\/\/regiaonews.net.br\/2022\/?p=56412"},"modified":"2021-11-17T18:59:11","modified_gmt":"2021-11-17T21:59:11","slug":"candidatos-de-barretos-e-regiao-deverao-prestar-enem-seguindo-medidas-de-seguranca-da-covid-19","status":"publish","type":"post","link":"https:\/\/regiaonews.net.br\/2022\/2021\/11\/17\/candidatos-de-barretos-e-regiao-deverao-prestar-enem-seguindo-medidas-de-seguranca-da-covid-19\/","title":{"rendered":"Candidatos de Barretos e regi\u00e3o dever\u00e3o prestar ENEM seguindo medidas de seguran\u00e7a da Covid-19"},"content":{"rendered":"<p><a href=\"https:\/\/regiaonews.net.br\/2022\/wp-content\/uploads\/2019\/11\/enem.jpg\"><img loading=\"lazy\" decoding=\"async\" class=\"alignnone size-medium wp-image-24743\" src=\"https:\/\/regiaonews.net.br\/2022\/wp-content\/uploads\/2019\/11\/enem-300x150.jpg\" alt=\"\" width=\"300\" height=\"150\" \/><\/a><\/p>\n<p>De acordo com o INEP, o Exame Nacional do Ensino M\u00e9dio (Enem) 2021 ter\u00e1 medidas de seguran\u00e7a contra a covid- 19. O descumprimento das regras poder\u00e1 levar \u00e0 elimina\u00e7\u00e3o do candidato, durante a aplica\u00e7\u00e3o das provas, agendadas para os dias 21 e 28 de novembro. Em Barretos, a prova ser\u00e1 prestada por 1.715 candidatos. Na regi\u00e3o, estar\u00e3o prestando a prova, 466 estudantes de Gua\u00edra, 1.123 de Bebedouro e 729 da cidade de Ol\u00edmpia. Em Bebedouro, 70 estudantes ir\u00e3o prestar a prova digital do ENEM.<br \/>\nDentro de sala, os estudantes dever\u00e3o permanecer com a m\u00e1scara durante toda a realiza\u00e7\u00e3o do exame. O edital prev\u00ea que a m\u00e1scara deve ser usada da maneira correta, cobrindo o nariz e a boca. Caso isso n\u00e3o seja feito, o participante ser\u00e1 eliminado. Os candidatos poder\u00e3o levar m\u00e1scaras para trocar durante a aplica\u00e7\u00e3o, seguindo a recomenda\u00e7\u00e3o de especialistas da \u00e1rea de sa\u00fade. O equipamento de prote\u00e7\u00e3o poder\u00e1 ser retirado apenas para a identifica\u00e7\u00e3o dos participantes, para comer e beber. Outra regra \u00e9 o distanciamento social. As salas estar\u00e3o dispostas de forma a assegurar a dist\u00e2ncia entre os participantes.<\/p>\n","protected":false},"excerpt":{"rendered":"<p>De acordo com o INEP, o Exame Nacional do Ensino<\/p>\n","protected":false},"author":2,"featured_media":18604,"comment_status":"open","ping_status":"open","sticky":false,"template":"","format":"standard","meta":{"footnotes":""},"categories":[24,25],"tags":[],"class_list":["post-56412","post","type-post","status-publish","format-standard","has-post-thumbnail","hentry","category-brasil","category-cidades"],"yoast_head":"<!-- This site is optimized with the Yoast SEO plugin v27.4 - https:\/\/yoast.com\/product\/yoast-seo-wordpress\/ -->\n<title>Candidatos de Barretos e regi\u00e3o dever\u00e3o prestar ENEM seguindo medidas de seguran\u00e7a da Covid-19 - Regi\u00e3o News<\/title>\n<meta name=\"robots\" content=\"index, follow, max-snippet:-1, max-image-preview:large, max-video-preview:-1\" \/>\n<link rel=\"canonical\" href=\"https:\/\/regiaonews.net.br\/2022\/2021\/11\/17\/candidatos-de-barretos-e-regiao-deverao-prestar-enem-seguindo-medidas-de-seguranca-da-covid-19\/\" \/>\n<meta property=\"og:locale\" content=\"pt_BR\" \/>\n<meta property=\"og:type\" content=\"article\" \/>\n<meta property=\"og:title\" content=\"Candidatos de Barretos e regi\u00e3o dever\u00e3o prestar ENEM seguindo medidas de seguran\u00e7a da Covid-19 - Regi\u00e3o News\" \/>\n<meta property=\"og:description\" content=\"De acordo com o INEP, o Exame Nacional do Ensino\" \/>\n<meta property=\"og:url\" content=\"https:\/\/regiaonews.net.br\/2022\/2021\/11\/17\/candidatos-de-barretos-e-regiao-deverao-prestar-enem-seguindo-medidas-de-seguranca-da-covid-19\/\" \/>\n<meta property=\"og:site_name\" content=\"Regi\u00e3o News\" \/>\n<meta property=\"article:published_time\" content=\"2021-11-17T21:58:30+00:00\" \/>\n<meta property=\"article:modified_time\" content=\"2021-11-17T21:59:11+00:00\" \/>\n<meta property=\"og:image\" content=\"https:\/\/regiaonews.net.br\/2022\/wp-content\/uploads\/2019\/03\/enem_portao_marcello_casal.jpg\" \/>\n\t<meta property=\"og:image:width\" content=\"1140\" \/>\n\t<meta property=\"og:image:height\" content=\"760\" \/>\n\t<meta property=\"og:image:type\" content=\"image\/jpeg\" \/>\n<meta name=\"author\" content=\"Roberto\" \/>\n<meta name=\"twitter:card\" content=\"summary_large_image\" \/>\n<meta name=\"twitter:label1\" content=\"Escrito por\" \/>\n\t<meta name=\"twitter:data1\" content=\"Roberto\" \/>\n\t<meta name=\"twitter:label2\" content=\"Est. tempo de leitura\" \/>\n\t<meta name=\"twitter:data2\" content=\"1 minuto\" \/>\n<script type=\"application\/ld+json\" class=\"yoast-schema-graph\">{\"@context\":\"https:\\\/\\\/schema.org\",\"@graph\":[{\"@type\":\"Article\",\"@id\":\"https:\\\/\\\/regiaonews.net.br\\\/2022\\\/2021\\\/11\\\/17\\\/candidatos-de-barretos-e-regiao-deverao-prestar-enem-seguindo-medidas-de-seguranca-da-covid-19\\\/#article\",\"isPartOf\":{\"@id\":\"https:\\\/\\\/regiaonews.net.br\\\/2022\\\/2021\\\/11\\\/17\\\/candidatos-de-barretos-e-regiao-deverao-prestar-enem-seguindo-medidas-de-seguranca-da-covid-19\\\/\"},\"author\":{\"name\":\"Roberto\",\"@id\":\"https:\\\/\\\/regiaonews.net.br\\\/2022\\\/#\\\/schema\\\/person\\\/2d205a608a5aa97ac279d7a5e6d89ad8\"},\"headline\":\"Candidatos de Barretos e regi\u00e3o dever\u00e3o prestar ENEM seguindo medidas de seguran\u00e7a da Covid-19\",\"datePublished\":\"2021-11-17T21:58:30+00:00\",\"dateModified\":\"2021-11-17T21:59:11+00:00\",\"mainEntityOfPage\":{\"@id\":\"https:\\\/\\\/regiaonews.net.br\\\/2022\\\/2021\\\/11\\\/17\\\/candidatos-de-barretos-e-regiao-deverao-prestar-enem-seguindo-medidas-de-seguranca-da-covid-19\\\/\"},\"wordCount\":211,\"commentCount\":0,\"publisher\":{\"@id\":\"https:\\\/\\\/regiaonews.net.br\\\/2022\\\/#organization\"},\"image\":{\"@id\":\"https:\\\/\\\/regiaonews.net.br\\\/2022\\\/2021\\\/11\\\/17\\\/candidatos-de-barretos-e-regiao-deverao-prestar-enem-seguindo-medidas-de-seguranca-da-covid-19\\\/#primaryimage\"},\"thumbnailUrl\":\"https:\\\/\\\/regiaonews.net.br\\\/2022\\\/wp-content\\\/uploads\\\/2019\\\/03\\\/enem_portao_marcello_casal.jpg\",\"articleSection\":[\"Brasil\",\"Cidades\"],\"inLanguage\":\"pt-BR\",\"potentialAction\":[{\"@type\":\"CommentAction\",\"name\":\"Comment\",\"target\":[\"https:\\\/\\\/regiaonews.net.br\\\/2022\\\/2021\\\/11\\\/17\\\/candidatos-de-barretos-e-regiao-deverao-prestar-enem-seguindo-medidas-de-seguranca-da-covid-19\\\/#respond\"]}]},{\"@type\":\"WebPage\",\"@id\":\"https:\\\/\\\/regiaonews.net.br\\\/2022\\\/2021\\\/11\\\/17\\\/candidatos-de-barretos-e-regiao-deverao-prestar-enem-seguindo-medidas-de-seguranca-da-covid-19\\\/\",\"url\":\"https:\\\/\\\/regiaonews.net.br\\\/2022\\\/2021\\\/11\\\/17\\\/candidatos-de-barretos-e-regiao-deverao-prestar-enem-seguindo-medidas-de-seguranca-da-covid-19\\\/\",\"name\":\"Candidatos de Barretos e regi\u00e3o dever\u00e3o prestar ENEM seguindo medidas de seguran\u00e7a da Covid-19 - Regi\u00e3o News\",\"isPartOf\":{\"@id\":\"https:\\\/\\\/regiaonews.net.br\\\/2022\\\/#website\"},\"primaryImageOfPage\":{\"@id\":\"https:\\\/\\\/regiaonews.net.br\\\/2022\\\/2021\\\/11\\\/17\\\/candidatos-de-barretos-e-regiao-deverao-prestar-enem-seguindo-medidas-de-seguranca-da-covid-19\\\/#primaryimage\"},\"image\":{\"@id\":\"https:\\\/\\\/regiaonews.net.br\\\/2022\\\/2021\\\/11\\\/17\\\/candidatos-de-barretos-e-regiao-deverao-prestar-enem-seguindo-medidas-de-seguranca-da-covid-19\\\/#primaryimage\"},\"thumbnailUrl\":\"https:\\\/\\\/regiaonews.net.br\\\/2022\\\/wp-content\\\/uploads\\\/2019\\\/03\\\/enem_portao_marcello_casal.jpg\",\"datePublished\":\"2021-11-17T21:58:30+00:00\",\"dateModified\":\"2021-11-17T21:59:11+00:00\",\"breadcrumb\":{\"@id\":\"https:\\\/\\\/regiaonews.net.br\\\/2022\\\/2021\\\/11\\\/17\\\/candidatos-de-barretos-e-regiao-deverao-prestar-enem-seguindo-medidas-de-seguranca-da-covid-19\\\/#breadcrumb\"},\"inLanguage\":\"pt-BR\",\"potentialAction\":[{\"@type\":\"ReadAction\",\"target\":[\"https:\\\/\\\/regiaonews.net.br\\\/2022\\\/2021\\\/11\\\/17\\\/candidatos-de-barretos-e-regiao-deverao-prestar-enem-seguindo-medidas-de-seguranca-da-covid-19\\\/\"]}]},{\"@type\":\"ImageObject\",\"inLanguage\":\"pt-BR\",\"@id\":\"https:\\\/\\\/regiaonews.net.br\\\/2022\\\/2021\\\/11\\\/17\\\/candidatos-de-barretos-e-regiao-deverao-prestar-enem-seguindo-medidas-de-seguranca-da-covid-19\\\/#primaryimage\",\"url\":\"https:\\\/\\\/regiaonews.net.br\\\/2022\\\/wp-content\\\/uploads\\\/2019\\\/03\\\/enem_portao_marcello_casal.jpg\",\"contentUrl\":\"https:\\\/\\\/regiaonews.net.br\\\/2022\\\/wp-content\\\/uploads\\\/2019\\\/03\\\/enem_portao_marcello_casal.jpg\",\"width\":1140,\"height\":760},{\"@type\":\"BreadcrumbList\",\"@id\":\"https:\\\/\\\/regiaonews.net.br\\\/2022\\\/2021\\\/11\\\/17\\\/candidatos-de-barretos-e-regiao-deverao-prestar-enem-seguindo-medidas-de-seguranca-da-covid-19\\\/#breadcrumb\",\"itemListElement\":[{\"@type\":\"ListItem\",\"position\":1,\"name\":\"In\u00edcio\",\"item\":\"https:\\\/\\\/regiaonews.net.br\\\/2022\\\/\"},{\"@type\":\"ListItem\",\"position\":2,\"name\":\"Candidatos de Barretos e regi\u00e3o dever\u00e3o prestar ENEM seguindo medidas de seguran\u00e7a da Covid-19\"}]},{\"@type\":\"WebSite\",\"@id\":\"https:\\\/\\\/regiaonews.net.br\\\/2022\\\/#website\",\"url\":\"https:\\\/\\\/regiaonews.net.br\\\/2022\\\/\",\"name\":\"Regi\u00e3o News\",\"description\":\"Site de Not\u00edcias de Barretos e regi\u00e3o\",\"publisher\":{\"@id\":\"https:\\\/\\\/regiaonews.net.br\\\/2022\\\/#organization\"},\"potentialAction\":[{\"@type\":\"SearchAction\",\"target\":{\"@type\":\"EntryPoint\",\"urlTemplate\":\"https:\\\/\\\/regiaonews.net.br\\\/2022\\\/?s={search_term_string}\"},\"query-input\":{\"@type\":\"PropertyValueSpecification\",\"valueRequired\":true,\"valueName\":\"search_term_string\"}}],\"inLanguage\":\"pt-BR\"},{\"@type\":\"Organization\",\"@id\":\"https:\\\/\\\/regiaonews.net.br\\\/2022\\\/#organization\",\"name\":\"Regi\u00e3o News\",\"url\":\"https:\\\/\\\/regiaonews.net.br\\\/2022\\\/\",\"logo\":{\"@type\":\"ImageObject\",\"inLanguage\":\"pt-BR\",\"@id\":\"https:\\\/\\\/regiaonews.net.br\\\/2022\\\/#\\\/schema\\\/logo\\\/image\\\/\",\"url\":\"https:\\\/\\\/regiaonews.net.br\\\/2022\\\/wp-content\\\/uploads\\\/2026\\\/03\\\/regiao-13-anos-scaled.jpg\",\"contentUrl\":\"https:\\\/\\\/regiaonews.net.br\\\/2022\\\/wp-content\\\/uploads\\\/2026\\\/03\\\/regiao-13-anos-scaled.jpg\",\"width\":2560,\"height\":635,\"caption\":\"Regi\u00e3o News\"},\"image\":{\"@id\":\"https:\\\/\\\/regiaonews.net.br\\\/2022\\\/#\\\/schema\\\/logo\\\/image\\\/\"}},{\"@type\":\"Person\",\"@id\":\"https:\\\/\\\/regiaonews.net.br\\\/2022\\\/#\\\/schema\\\/person\\\/2d205a608a5aa97ac279d7a5e6d89ad8\",\"name\":\"Roberto\",\"image\":{\"@type\":\"ImageObject\",\"inLanguage\":\"pt-BR\",\"@id\":\"https:\\\/\\\/secure.gravatar.com\\\/avatar\\\/42749d8b712ff9d59ca93dc150494e5b55a44134482993f5baeb97e61b7ecc89?s=96&d=mm&r=g\",\"url\":\"https:\\\/\\\/secure.gravatar.com\\\/avatar\\\/42749d8b712ff9d59ca93dc150494e5b55a44134482993f5baeb97e61b7ecc89?s=96&d=mm&r=g\",\"contentUrl\":\"https:\\\/\\\/secure.gravatar.com\\\/avatar\\\/42749d8b712ff9d59ca93dc150494e5b55a44134482993f5baeb97e61b7ecc89?s=96&d=mm&r=g\",\"caption\":\"Roberto\"},\"url\":\"https:\\\/\\\/regiaonews.net.br\\\/2022\\\/author\\\/roberto\\\/\"}]}<\/script>\n<!-- \/ Yoast SEO plugin. -->","yoast_head_json":{"title":"Candidatos de Barretos e regi\u00e3o dever\u00e3o prestar ENEM seguindo medidas de seguran\u00e7a da Covid-19 - Regi\u00e3o News","robots":{"index":"index","follow":"follow","max-snippet":"max-snippet:-1","max-image-preview":"max-image-preview:large","max-video-preview":"max-video-preview:-1"},"canonical":"https:\/\/regiaonews.net.br\/2022\/2021\/11\/17\/candidatos-de-barretos-e-regiao-deverao-prestar-enem-seguindo-medidas-de-seguranca-da-covid-19\/","og_locale":"pt_BR","og_type":"article","og_title":"Candidatos de Barretos e regi\u00e3o dever\u00e3o prestar ENEM seguindo medidas de seguran\u00e7a da Covid-19 - Regi\u00e3o News","og_description":"De acordo com o INEP, o Exame Nacional do Ensino","og_url":"https:\/\/regiaonews.net.br\/2022\/2021\/11\/17\/candidatos-de-barretos-e-regiao-deverao-prestar-enem-seguindo-medidas-de-seguranca-da-covid-19\/","og_site_name":"Regi\u00e3o News","article_published_time":"2021-11-17T21:58:30+00:00","article_modified_time":"2021-11-17T21:59:11+00:00","og_image":[{"width":1140,"height":760,"url":"https:\/\/regiaonews.net.br\/2022\/wp-content\/uploads\/2019\/03\/enem_portao_marcello_casal.jpg","type":"image\/jpeg"}],"author":"Roberto","twitter_card":"summary_large_image","twitter_misc":{"Escrito por":"Roberto","Est. tempo de leitura":"1 minuto"},"schema":{"@context":"https:\/\/schema.org","@graph":[{"@type":"Article","@id":"https:\/\/regiaonews.net.br\/2022\/2021\/11\/17\/candidatos-de-barretos-e-regiao-deverao-prestar-enem-seguindo-medidas-de-seguranca-da-covid-19\/#article","isPartOf":{"@id":"https:\/\/regiaonews.net.br\/2022\/2021\/11\/17\/candidatos-de-barretos-e-regiao-deverao-prestar-enem-seguindo-medidas-de-seguranca-da-covid-19\/"},"author":{"name":"Roberto","@id":"https:\/\/regiaonews.net.br\/2022\/#\/schema\/person\/2d205a608a5aa97ac279d7a5e6d89ad8"},"headline":"Candidatos de Barretos e regi\u00e3o dever\u00e3o prestar ENEM seguindo medidas de seguran\u00e7a da Covid-19","datePublished":"2021-11-17T21:58:30+00:00","dateModified":"2021-11-17T21:59:11+00:00","mainEntityOfPage":{"@id":"https:\/\/regiaonews.net.br\/2022\/2021\/11\/17\/candidatos-de-barretos-e-regiao-deverao-prestar-enem-seguindo-medidas-de-seguranca-da-covid-19\/"},"wordCount":211,"commentCount":0,"publisher":{"@id":"https:\/\/regiaonews.net.br\/2022\/#organization"},"image":{"@id":"https:\/\/regiaonews.net.br\/2022\/2021\/11\/17\/candidatos-de-barretos-e-regiao-deverao-prestar-enem-seguindo-medidas-de-seguranca-da-covid-19\/#primaryimage"},"thumbnailUrl":"https:\/\/regiaonews.net.br\/2022\/wp-content\/uploads\/2019\/03\/enem_portao_marcello_casal.jpg","articleSection":["Brasil","Cidades"],"inLanguage":"pt-BR","potentialAction":[{"@type":"CommentAction","name":"Comment","target":["https:\/\/regiaonews.net.br\/2022\/2021\/11\/17\/candidatos-de-barretos-e-regiao-deverao-prestar-enem-seguindo-medidas-de-seguranca-da-covid-19\/#respond"]}]},{"@type":"WebPage","@id":"https:\/\/regiaonews.net.br\/2022\/2021\/11\/17\/candidatos-de-barretos-e-regiao-deverao-prestar-enem-seguindo-medidas-de-seguranca-da-covid-19\/","url":"https:\/\/regiaonews.net.br\/2022\/2021\/11\/17\/candidatos-de-barretos-e-regiao-deverao-prestar-enem-seguindo-medidas-de-seguranca-da-covid-19\/","name":"Candidatos de Barretos e regi\u00e3o dever\u00e3o prestar ENEM seguindo medidas de seguran\u00e7a da Covid-19 - Regi\u00e3o News","isPartOf":{"@id":"https:\/\/regiaonews.net.br\/2022\/#website"},"primaryImageOfPage":{"@id":"https:\/\/regiaonews.net.br\/2022\/2021\/11\/17\/candidatos-de-barretos-e-regiao-deverao-prestar-enem-seguindo-medidas-de-seguranca-da-covid-19\/#primaryimage"},"image":{"@id":"https:\/\/regiaonews.net.br\/2022\/2021\/11\/17\/candidatos-de-barretos-e-regiao-deverao-prestar-enem-seguindo-medidas-de-seguranca-da-covid-19\/#primaryimage"},"thumbnailUrl":"https:\/\/regiaonews.net.br\/2022\/wp-content\/uploads\/2019\/03\/enem_portao_marcello_casal.jpg","datePublished":"2021-11-17T21:58:30+00:00","dateModified":"2021-11-17T21:59:11+00:00","breadcrumb":{"@id":"https:\/\/regiaonews.net.br\/2022\/2021\/11\/17\/candidatos-de-barretos-e-regiao-deverao-prestar-enem-seguindo-medidas-de-seguranca-da-covid-19\/#breadcrumb"},"inLanguage":"pt-BR","potentialAction":[{"@type":"ReadAction","target":["https:\/\/regiaonews.net.br\/2022\/2021\/11\/17\/candidatos-de-barretos-e-regiao-deverao-prestar-enem-seguindo-medidas-de-seguranca-da-covid-19\/"]}]},{"@type":"ImageObject","inLanguage":"pt-BR","@id":"https:\/\/regiaonews.net.br\/2022\/2021\/11\/17\/candidatos-de-barretos-e-regiao-deverao-prestar-enem-seguindo-medidas-de-seguranca-da-covid-19\/#primaryimage","url":"https:\/\/regiaonews.net.br\/2022\/wp-content\/uploads\/2019\/03\/enem_portao_marcello_casal.jpg","contentUrl":"https:\/\/regiaonews.net.br\/2022\/wp-content\/uploads\/2019\/03\/enem_portao_marcello_casal.jpg","width":1140,"height":760},{"@type":"BreadcrumbList","@id":"https:\/\/regiaonews.net.br\/2022\/2021\/11\/17\/candidatos-de-barretos-e-regiao-deverao-prestar-enem-seguindo-medidas-de-seguranca-da-covid-19\/#breadcrumb","itemListElement":[{"@type":"ListItem","position":1,"name":"In\u00edcio","item":"https:\/\/regiaonews.net.br\/2022\/"},{"@type":"ListItem","position":2,"name":"Candidatos de Barretos e regi\u00e3o dever\u00e3o prestar ENEM seguindo medidas de seguran\u00e7a da Covid-19"}]},{"@type":"WebSite","@id":"https:\/\/regiaonews.net.br\/2022\/#website","url":"https:\/\/regiaonews.net.br\/2022\/","name":"Regi\u00e3o News","description":"Site de Not\u00edcias de Barretos e regi\u00e3o","publisher":{"@id":"https:\/\/regiaonews.net.br\/2022\/#organization"},"potentialAction":[{"@type":"SearchAction","target":{"@type":"EntryPoint","urlTemplate":"https:\/\/regiaonews.net.br\/2022\/?s={search_term_string}"},"query-input":{"@type":"PropertyValueSpecification","valueRequired":true,"valueName":"search_term_string"}}],"inLanguage":"pt-BR"},{"@type":"Organization","@id":"https:\/\/regiaonews.net.br\/2022\/#organization","name":"Regi\u00e3o News","url":"https:\/\/regiaonews.net.br\/2022\/","logo":{"@type":"ImageObject","inLanguage":"pt-BR","@id":"https:\/\/regiaonews.net.br\/2022\/#\/schema\/logo\/image\/","url":"https:\/\/regiaonews.net.br\/2022\/wp-content\/uploads\/2026\/03\/regiao-13-anos-scaled.jpg","contentUrl":"https:\/\/regiaonews.net.br\/2022\/wp-content\/uploads\/2026\/03\/regiao-13-anos-scaled.jpg","width":2560,"height":635,"caption":"Regi\u00e3o News"},"image":{"@id":"https:\/\/regiaonews.net.br\/2022\/#\/schema\/logo\/image\/"}},{"@type":"Person","@id":"https:\/\/regiaonews.net.br\/2022\/#\/schema\/person\/2d205a608a5aa97ac279d7a5e6d89ad8","name":"Roberto","image":{"@type":"ImageObject","inLanguage":"pt-BR","@id":"https:\/\/secure.gravatar.com\/avatar\/42749d8b712ff9d59ca93dc150494e5b55a44134482993f5baeb97e61b7ecc89?s=96&d=mm&r=g","url":"https:\/\/secure.gravatar.com\/avatar\/42749d8b712ff9d59ca93dc150494e5b55a44134482993f5baeb97e61b7ecc89?s=96&d=mm&r=g","contentUrl":"https:\/\/secure.gravatar.com\/avatar\/42749d8b712ff9d59ca93dc150494e5b55a44134482993f5baeb97e61b7ecc89?s=96&d=mm&r=g","caption":"Roberto"},"url":"https:\/\/regiaonews.net.br\/2022\/author\/roberto\/"}]}},"publishpress_future_action":{"enabled":false,"date":"2026-05-02 04:04:34","action":"change-status","newStatus":"draft","terms":[],"taxonomy":"category","extraData":[]},"publishpress_future_workflow_manual_trigger":{"enabledWorkflows":[]},"_links":{"self":[{"href":"https:\/\/regiaonews.net.br\/2022\/wp-json\/wp\/v2\/posts\/56412","targetHints":{"allow":["GET"]}}],"collection":[{"href":"https:\/\/regiaonews.net.br\/2022\/wp-json\/wp\/v2\/posts"}],"about":[{"href":"https:\/\/regiaonews.net.br\/2022\/wp-json\/wp\/v2\/types\/post"}],"author":[{"embeddable":true,"href":"https:\/\/regiaonews.net.br\/2022\/wp-json\/wp\/v2\/users\/2"}],"replies":[{"embeddable":true,"href":"https:\/\/regiaonews.net.br\/2022\/wp-json\/wp\/v2\/comments?post=56412"}],"version-history":[{"count":0,"href":"https:\/\/regiaonews.net.br\/2022\/wp-json\/wp\/v2\/posts\/56412\/revisions"}],"wp:featuredmedia":[{"embeddable":true,"href":"https:\/\/regiaonews.net.br\/2022\/wp-json\/wp\/v2\/media\/18604"}],"wp:attachment":[{"href":"https:\/\/regiaonews.net.br\/2022\/wp-json\/wp\/v2\/media?parent=56412"}],"wp:term":[{"taxonomy":"category","embeddable":true,"href":"https:\/\/regiaonews.net.br\/2022\/wp-json\/wp\/v2\/categories?post=56412"},{"taxonomy":"post_tag","embeddable":true,"href":"https:\/\/regiaonews.net.br\/2022\/wp-json\/wp\/v2\/tags?post=56412"}],"curies":[{"name":"wp","href":"https:\/\/api.w.org\/{rel}","templated":true}]}}