{"id":56243,"date":"2021-11-14T16:40:15","date_gmt":"2021-11-14T19:40:15","guid":{"rendered":"https:\/\/regiaonews.net.br\/2022\/?p=56243"},"modified":"2021-11-14T16:40:15","modified_gmt":"2021-11-14T19:40:15","slug":"sao-bernardo-fc-vence-o-botafogo-nos-penaltis-e-e-bicampeao","status":"publish","type":"post","link":"https:\/\/regiaonews.net.br\/2022\/2021\/11\/14\/sao-bernardo-fc-vence-o-botafogo-nos-penaltis-e-e-bicampeao\/","title":{"rendered":"S\u00e3o Bernardo FC vence o Botafogo nos p\u00eanaltis e \u00e9 bicampe\u00e3o"},"content":{"rendered":"<p>&nbsp;<\/p>\n<header>\n<div class=\"wrapper\">\n<div class=\"busca\"><\/div>\n<\/div>\n<\/header>\n<section class=\"main\">\n<div class=\"interna pag-noticias-int\">\n<div class=\"wrapper\">\n<section class=\"noticias\">\n<div class=\"galeria\">\n<div id=\"cpBody_panelPrincipal\" class=\"item destaque\">\n<div id=\"cpBody_panelBg\" class=\"item-bg\"><img decoding=\"async\" id=\"cpBody_imageBg\" src=\"https:\/\/futebolpaulista.com.br\/Repositorio\/Imagem\/SaoBernardoCapa\/839_final.jpg\" \/><\/div>\n<p><span id=\"cpBody_lblCreditoFoto\" class=\"credito\">(CR\u00c9DITO: RODRIGO CORSI\/PAULIST\u00c3O)<\/span><\/p>\n<div class=\"cont\"><\/div>\n<\/div>\n<\/div>\n<\/section>\n<div class=\"box-share\"><\/div>\n<div class=\"row col-equal-h clear\">\n<div class=\"post col-md-9 col-sm-12\">Na manh\u00e3 deste domingo (14), o S\u00e3o Bernardo FC conquistou o bicampeonato da Copa Paulista ao vencer o Botafogo no tempo normal por 2 a 0, com gols de Rodrigo Souza e Gustavo Ramos, no est\u00e1dio Primeiro de Maio, e nos p\u00eanaltis por 5 a 4.<\/p>\n<p>No jogo de ida, o Botafogo havia vencido por 2 a 0. O S\u00e3o Bernardo j\u00e1 tinha conquistado o t\u00edtulo em 2013. O clube garantiu seu segundo t\u00edtulo na temporada, j\u00e1 que tamb\u00e9m foi campe\u00e3o do Paulista S\u00e9rie A2.<\/p>\n<p>O jogo come\u00e7ou eletrizante. Com um minuto, Rodrigo Souza dominou arremesso de lateral na \u00e1rea, fez o piv\u00f4 e bateu cruzado, no canto direito de Igor Bohn, para abrir o placar para o S\u00e3o Bernardo. O Botafogo respondeu aos 2 minutos, mas a finaliza\u00e7\u00e3o de Martineli parou no goleiro J\u00fanior.<\/p>\n<p>Aos seis minutos, o S\u00e3o Bernardo chegou novamente, mas Vitinho finalizou direto para fora. Aos 17 minutos, em belo lance, Rodrigo Souza tentou de bicicleta e a bola passou raspando a trave, quase marcando o segundo do S\u00e3o Bernardo. Aos 37 minutos, o Botafogo chegou com perigo, mas o chute de Caetano saiu fraco e a defesa advers\u00e1ria afastou.<\/p>\n<p>Logo no in\u00edcio do segundo tempo, assim como ocorreu no primeiro, o S\u00e3o Bernardo balan\u00e7ou as redes. Gustavo Ramos, que havia acabado de entrar em campo, saiu na cara do gol, invadiu a \u00e1rea e bateu forte para ampliar o placar e empatar o agregado.<\/p>\n<p>O Botafogo respondeu aos 25 minutos, mas Djalma cabeceou direto para fora. Aos 37 minutos, o S\u00e3o Bernardo quase fez o terceiro, mas o chute de Diniz saiu \u00e0 direita do gol de Igor. Aos 43 minutos, o S\u00e3o Bernardo assustou novamente, mas a bicicleta de Gustavo Ramos foi direto pela linha de fundo.<\/p>\n<p>Nos p\u00eanaltis, nas cinco primeiras cobran\u00e7as, o Botafogo perdeu a primeira, quando Everson parou no goleiro J\u00fanior, e o S\u00e3o Bernardo perdeu sua terceira cobran\u00e7a, com Igor defendendo a tentativa de Matheuzinho. Todos os outros cobradores converteram.<\/p>\n<p>J\u00e1 nas &#8216;alternadas&#8217;, enquanto Giovanni Pavani acertou o \u00e2ngulo em sua batida e colocou o S\u00e3o Bernardo \u00e0 frente, John Everson acabou acertando a trave, tornando o S\u00e3o Bernardo campe\u00e3o da Copa Paulista.<\/p>\n<p><strong>Ficha T\u00e9cnica:<br \/>\nS\u00e3o Bernardo FC 2 (5) x (4) 0 Botafogo<br \/>\nEst\u00e1dio:<\/strong>\u00a0Primeiro de Maio, em S\u00e3o Bernardo do Campo<br \/>\n<strong>\u00c1rbitro:<\/strong>\u00a0Thiago Luis Scarascati<br \/>\n<strong>Assistentes:<\/strong>\u00a0Miguel Cataneo Ribeiro da Costa e Evandro de Melo Lima<br \/>\n<strong>Gols:<\/strong>\u00a0Rodrigo Souza 1&#8217;\/1\u00baT e Gustavo Ramos 1&#8217;\/2\u00baT (S\u00e3o Bernardo)<br \/>\n<strong>Cart\u00f5es Amarelos:\u00a0<\/strong>Cesinha 35&#8217;\/1\u00baT, Vitinho 9&#8217;\/2\u00baT, Par\u00e1 16&#8217;\/2\u00baT (S\u00e3o Bernardo); Bruno Michel 16&#8217;\/2\u00baT (Botafogo);<\/p>\n<p><strong>S\u00e3o Bernardo:\u00a0<\/strong>J\u00fanior Oliveira; Eduardo Diniz, Leandro Amaro, Renan Diniz e Par\u00e1 (Lucas Mota); Rodrigo Souza, Gionnotti (Matheuzinho), Cesinha (Giovanni Pavani) e Vitinho; Romisson (Gustavo Ramos) e Jo\u00e3o Carlos (Rodrigo Varanda).\u00a0<strong>T\u00e9cnico:\u00a0<\/strong>M\u00e1rcio Zanardi.<\/p>\n<p><strong>Botafogo:<\/strong>\u00a0Igor Bohn; Rodrigo, Gabriel Tocantins, Diego Guerra e Martineli (Par\u00e1); Caetano (Rafael Marques), Emerson e Rafael Tavares (John Everson); Bruno Michel, Ariel (Djalma) e Dudu (Luketa).\u00a0<strong>T\u00e9cnico:<\/strong>\u00a0Samuel Dias<\/div>\n<\/div>\n<\/div>\n<\/div>\n<\/section>\n","protected":false},"excerpt":{"rendered":"<p>&nbsp; (CR\u00c9DITO: RODRIGO CORSI\/PAULIST\u00c3O) Na manh\u00e3 deste domingo (14), o<\/p>\n","protected":false},"author":2,"featured_media":56244,"comment_status":"open","ping_status":"open","sticky":false,"template":"","format":"standard","meta":{"footnotes":""},"categories":[25,21],"tags":[],"class_list":["post-56243","post","type-post","status-publish","format-standard","has-post-thumbnail","hentry","category-cidades","category-esporte"],"yoast_head":"<!-- This site is optimized with the Yoast SEO plugin v27.4 - https:\/\/yoast.com\/product\/yoast-seo-wordpress\/ -->\n<title>S\u00e3o Bernardo FC vence o Botafogo nos p\u00eanaltis e \u00e9 bicampe\u00e3o - Regi\u00e3o News<\/title>\n<meta name=\"robots\" content=\"index, follow, max-snippet:-1, max-image-preview:large, max-video-preview:-1\" \/>\n<link rel=\"canonical\" href=\"https:\/\/regiaonews.net.br\/2022\/2021\/11\/14\/sao-bernardo-fc-vence-o-botafogo-nos-penaltis-e-e-bicampeao\/\" \/>\n<meta property=\"og:locale\" content=\"pt_BR\" \/>\n<meta property=\"og:type\" content=\"article\" \/>\n<meta property=\"og:title\" content=\"S\u00e3o Bernardo FC vence o Botafogo nos p\u00eanaltis e \u00e9 bicampe\u00e3o - Regi\u00e3o News\" \/>\n<meta property=\"og:description\" content=\"&nbsp; (CR\u00c9DITO: RODRIGO CORSI\/PAULIST\u00c3O) Na manh\u00e3 deste domingo (14), o\" \/>\n<meta property=\"og:url\" content=\"https:\/\/regiaonews.net.br\/2022\/2021\/11\/14\/sao-bernardo-fc-vence-o-botafogo-nos-penaltis-e-e-bicampeao\/\" \/>\n<meta property=\"og:site_name\" content=\"Regi\u00e3o News\" \/>\n<meta property=\"article:published_time\" content=\"2021-11-14T19:40:15+00:00\" \/>\n<meta property=\"og:image\" content=\"https:\/\/regiaonews.net.br\/2022\/wp-content\/uploads\/2021\/11\/2EC829A4_905B_491E_8287_719CE1923DF8.jpeg\" \/>\n\t<meta property=\"og:image:width\" content=\"850\" \/>\n\t<meta property=\"og:image:height\" content=\"1280\" \/>\n\t<meta property=\"og:image:type\" content=\"image\/jpeg\" \/>\n<meta name=\"author\" content=\"Roberto\" \/>\n<meta name=\"twitter:card\" content=\"summary_large_image\" \/>\n<meta name=\"twitter:label1\" content=\"Escrito por\" \/>\n\t<meta name=\"twitter:data1\" content=\"Roberto\" \/>\n\t<meta name=\"twitter:label2\" content=\"Est. tempo de leitura\" \/>\n\t<meta name=\"twitter:data2\" content=\"3 minutos\" \/>\n<script type=\"application\/ld+json\" class=\"yoast-schema-graph\">{\"@context\":\"https:\\\/\\\/schema.org\",\"@graph\":[{\"@type\":\"Article\",\"@id\":\"https:\\\/\\\/regiaonews.net.br\\\/2022\\\/2021\\\/11\\\/14\\\/sao-bernardo-fc-vence-o-botafogo-nos-penaltis-e-e-bicampeao\\\/#article\",\"isPartOf\":{\"@id\":\"https:\\\/\\\/regiaonews.net.br\\\/2022\\\/2021\\\/11\\\/14\\\/sao-bernardo-fc-vence-o-botafogo-nos-penaltis-e-e-bicampeao\\\/\"},\"author\":{\"name\":\"Roberto\",\"@id\":\"https:\\\/\\\/regiaonews.net.br\\\/2022\\\/#\\\/schema\\\/person\\\/2d205a608a5aa97ac279d7a5e6d89ad8\"},\"headline\":\"S\u00e3o Bernardo FC vence o Botafogo nos p\u00eanaltis e \u00e9 bicampe\u00e3o\",\"datePublished\":\"2021-11-14T19:40:15+00:00\",\"mainEntityOfPage\":{\"@id\":\"https:\\\/\\\/regiaonews.net.br\\\/2022\\\/2021\\\/11\\\/14\\\/sao-bernardo-fc-vence-o-botafogo-nos-penaltis-e-e-bicampeao\\\/\"},\"wordCount\":528,\"commentCount\":0,\"publisher\":{\"@id\":\"https:\\\/\\\/regiaonews.net.br\\\/2022\\\/#organization\"},\"image\":{\"@id\":\"https:\\\/\\\/regiaonews.net.br\\\/2022\\\/2021\\\/11\\\/14\\\/sao-bernardo-fc-vence-o-botafogo-nos-penaltis-e-e-bicampeao\\\/#primaryimage\"},\"thumbnailUrl\":\"https:\\\/\\\/regiaonews.net.br\\\/2022\\\/wp-content\\\/uploads\\\/2021\\\/11\\\/2EC829A4_905B_491E_8287_719CE1923DF8.jpeg\",\"articleSection\":[\"Cidades\",\"Esporte\"],\"inLanguage\":\"pt-BR\",\"potentialAction\":[{\"@type\":\"CommentAction\",\"name\":\"Comment\",\"target\":[\"https:\\\/\\\/regiaonews.net.br\\\/2022\\\/2021\\\/11\\\/14\\\/sao-bernardo-fc-vence-o-botafogo-nos-penaltis-e-e-bicampeao\\\/#respond\"]}]},{\"@type\":\"WebPage\",\"@id\":\"https:\\\/\\\/regiaonews.net.br\\\/2022\\\/2021\\\/11\\\/14\\\/sao-bernardo-fc-vence-o-botafogo-nos-penaltis-e-e-bicampeao\\\/\",\"url\":\"https:\\\/\\\/regiaonews.net.br\\\/2022\\\/2021\\\/11\\\/14\\\/sao-bernardo-fc-vence-o-botafogo-nos-penaltis-e-e-bicampeao\\\/\",\"name\":\"S\u00e3o Bernardo FC vence o Botafogo nos p\u00eanaltis e \u00e9 bicampe\u00e3o - Regi\u00e3o News\",\"isPartOf\":{\"@id\":\"https:\\\/\\\/regiaonews.net.br\\\/2022\\\/#website\"},\"primaryImageOfPage\":{\"@id\":\"https:\\\/\\\/regiaonews.net.br\\\/2022\\\/2021\\\/11\\\/14\\\/sao-bernardo-fc-vence-o-botafogo-nos-penaltis-e-e-bicampeao\\\/#primaryimage\"},\"image\":{\"@id\":\"https:\\\/\\\/regiaonews.net.br\\\/2022\\\/2021\\\/11\\\/14\\\/sao-bernardo-fc-vence-o-botafogo-nos-penaltis-e-e-bicampeao\\\/#primaryimage\"},\"thumbnailUrl\":\"https:\\\/\\\/regiaonews.net.br\\\/2022\\\/wp-content\\\/uploads\\\/2021\\\/11\\\/2EC829A4_905B_491E_8287_719CE1923DF8.jpeg\",\"datePublished\":\"2021-11-14T19:40:15+00:00\",\"breadcrumb\":{\"@id\":\"https:\\\/\\\/regiaonews.net.br\\\/2022\\\/2021\\\/11\\\/14\\\/sao-bernardo-fc-vence-o-botafogo-nos-penaltis-e-e-bicampeao\\\/#breadcrumb\"},\"inLanguage\":\"pt-BR\",\"potentialAction\":[{\"@type\":\"ReadAction\",\"target\":[\"https:\\\/\\\/regiaonews.net.br\\\/2022\\\/2021\\\/11\\\/14\\\/sao-bernardo-fc-vence-o-botafogo-nos-penaltis-e-e-bicampeao\\\/\"]}]},{\"@type\":\"ImageObject\",\"inLanguage\":\"pt-BR\",\"@id\":\"https:\\\/\\\/regiaonews.net.br\\\/2022\\\/2021\\\/11\\\/14\\\/sao-bernardo-fc-vence-o-botafogo-nos-penaltis-e-e-bicampeao\\\/#primaryimage\",\"url\":\"https:\\\/\\\/regiaonews.net.br\\\/2022\\\/wp-content\\\/uploads\\\/2021\\\/11\\\/2EC829A4_905B_491E_8287_719CE1923DF8.jpeg\",\"contentUrl\":\"https:\\\/\\\/regiaonews.net.br\\\/2022\\\/wp-content\\\/uploads\\\/2021\\\/11\\\/2EC829A4_905B_491E_8287_719CE1923DF8.jpeg\",\"width\":850,\"height\":1280},{\"@type\":\"BreadcrumbList\",\"@id\":\"https:\\\/\\\/regiaonews.net.br\\\/2022\\\/2021\\\/11\\\/14\\\/sao-bernardo-fc-vence-o-botafogo-nos-penaltis-e-e-bicampeao\\\/#breadcrumb\",\"itemListElement\":[{\"@type\":\"ListItem\",\"position\":1,\"name\":\"In\u00edcio\",\"item\":\"https:\\\/\\\/regiaonews.net.br\\\/2022\\\/\"},{\"@type\":\"ListItem\",\"position\":2,\"name\":\"S\u00e3o Bernardo FC vence o Botafogo nos p\u00eanaltis e \u00e9 bicampe\u00e3o\"}]},{\"@type\":\"WebSite\",\"@id\":\"https:\\\/\\\/regiaonews.net.br\\\/2022\\\/#website\",\"url\":\"https:\\\/\\\/regiaonews.net.br\\\/2022\\\/\",\"name\":\"Regi\u00e3o News\",\"description\":\"Site de Not\u00edcias de Barretos e regi\u00e3o\",\"publisher\":{\"@id\":\"https:\\\/\\\/regiaonews.net.br\\\/2022\\\/#organization\"},\"potentialAction\":[{\"@type\":\"SearchAction\",\"target\":{\"@type\":\"EntryPoint\",\"urlTemplate\":\"https:\\\/\\\/regiaonews.net.br\\\/2022\\\/?s={search_term_string}\"},\"query-input\":{\"@type\":\"PropertyValueSpecification\",\"valueRequired\":true,\"valueName\":\"search_term_string\"}}],\"inLanguage\":\"pt-BR\"},{\"@type\":\"Organization\",\"@id\":\"https:\\\/\\\/regiaonews.net.br\\\/2022\\\/#organization\",\"name\":\"Regi\u00e3o News\",\"url\":\"https:\\\/\\\/regiaonews.net.br\\\/2022\\\/\",\"logo\":{\"@type\":\"ImageObject\",\"inLanguage\":\"pt-BR\",\"@id\":\"https:\\\/\\\/regiaonews.net.br\\\/2022\\\/#\\\/schema\\\/logo\\\/image\\\/\",\"url\":\"https:\\\/\\\/regiaonews.net.br\\\/2022\\\/wp-content\\\/uploads\\\/2026\\\/03\\\/regiao-13-anos-scaled.jpg\",\"contentUrl\":\"https:\\\/\\\/regiaonews.net.br\\\/2022\\\/wp-content\\\/uploads\\\/2026\\\/03\\\/regiao-13-anos-scaled.jpg\",\"width\":2560,\"height\":635,\"caption\":\"Regi\u00e3o News\"},\"image\":{\"@id\":\"https:\\\/\\\/regiaonews.net.br\\\/2022\\\/#\\\/schema\\\/logo\\\/image\\\/\"}},{\"@type\":\"Person\",\"@id\":\"https:\\\/\\\/regiaonews.net.br\\\/2022\\\/#\\\/schema\\\/person\\\/2d205a608a5aa97ac279d7a5e6d89ad8\",\"name\":\"Roberto\",\"image\":{\"@type\":\"ImageObject\",\"inLanguage\":\"pt-BR\",\"@id\":\"https:\\\/\\\/secure.gravatar.com\\\/avatar\\\/42749d8b712ff9d59ca93dc150494e5b55a44134482993f5baeb97e61b7ecc89?s=96&d=mm&r=g\",\"url\":\"https:\\\/\\\/secure.gravatar.com\\\/avatar\\\/42749d8b712ff9d59ca93dc150494e5b55a44134482993f5baeb97e61b7ecc89?s=96&d=mm&r=g\",\"contentUrl\":\"https:\\\/\\\/secure.gravatar.com\\\/avatar\\\/42749d8b712ff9d59ca93dc150494e5b55a44134482993f5baeb97e61b7ecc89?s=96&d=mm&r=g\",\"caption\":\"Roberto\"},\"url\":\"https:\\\/\\\/regiaonews.net.br\\\/2022\\\/author\\\/roberto\\\/\"}]}<\/script>\n<!-- \/ Yoast SEO plugin. -->","yoast_head_json":{"title":"S\u00e3o Bernardo FC vence o Botafogo nos p\u00eanaltis e \u00e9 bicampe\u00e3o - Regi\u00e3o News","robots":{"index":"index","follow":"follow","max-snippet":"max-snippet:-1","max-image-preview":"max-image-preview:large","max-video-preview":"max-video-preview:-1"},"canonical":"https:\/\/regiaonews.net.br\/2022\/2021\/11\/14\/sao-bernardo-fc-vence-o-botafogo-nos-penaltis-e-e-bicampeao\/","og_locale":"pt_BR","og_type":"article","og_title":"S\u00e3o Bernardo FC vence o Botafogo nos p\u00eanaltis e \u00e9 bicampe\u00e3o - Regi\u00e3o News","og_description":"&nbsp; (CR\u00c9DITO: RODRIGO CORSI\/PAULIST\u00c3O) Na manh\u00e3 deste domingo (14), o","og_url":"https:\/\/regiaonews.net.br\/2022\/2021\/11\/14\/sao-bernardo-fc-vence-o-botafogo-nos-penaltis-e-e-bicampeao\/","og_site_name":"Regi\u00e3o News","article_published_time":"2021-11-14T19:40:15+00:00","og_image":[{"width":850,"height":1280,"url":"https:\/\/regiaonews.net.br\/2022\/wp-content\/uploads\/2021\/11\/2EC829A4_905B_491E_8287_719CE1923DF8.jpeg","type":"image\/jpeg"}],"author":"Roberto","twitter_card":"summary_large_image","twitter_misc":{"Escrito por":"Roberto","Est. tempo de leitura":"3 minutos"},"schema":{"@context":"https:\/\/schema.org","@graph":[{"@type":"Article","@id":"https:\/\/regiaonews.net.br\/2022\/2021\/11\/14\/sao-bernardo-fc-vence-o-botafogo-nos-penaltis-e-e-bicampeao\/#article","isPartOf":{"@id":"https:\/\/regiaonews.net.br\/2022\/2021\/11\/14\/sao-bernardo-fc-vence-o-botafogo-nos-penaltis-e-e-bicampeao\/"},"author":{"name":"Roberto","@id":"https:\/\/regiaonews.net.br\/2022\/#\/schema\/person\/2d205a608a5aa97ac279d7a5e6d89ad8"},"headline":"S\u00e3o Bernardo FC vence o Botafogo nos p\u00eanaltis e \u00e9 bicampe\u00e3o","datePublished":"2021-11-14T19:40:15+00:00","mainEntityOfPage":{"@id":"https:\/\/regiaonews.net.br\/2022\/2021\/11\/14\/sao-bernardo-fc-vence-o-botafogo-nos-penaltis-e-e-bicampeao\/"},"wordCount":528,"commentCount":0,"publisher":{"@id":"https:\/\/regiaonews.net.br\/2022\/#organization"},"image":{"@id":"https:\/\/regiaonews.net.br\/2022\/2021\/11\/14\/sao-bernardo-fc-vence-o-botafogo-nos-penaltis-e-e-bicampeao\/#primaryimage"},"thumbnailUrl":"https:\/\/regiaonews.net.br\/2022\/wp-content\/uploads\/2021\/11\/2EC829A4_905B_491E_8287_719CE1923DF8.jpeg","articleSection":["Cidades","Esporte"],"inLanguage":"pt-BR","potentialAction":[{"@type":"CommentAction","name":"Comment","target":["https:\/\/regiaonews.net.br\/2022\/2021\/11\/14\/sao-bernardo-fc-vence-o-botafogo-nos-penaltis-e-e-bicampeao\/#respond"]}]},{"@type":"WebPage","@id":"https:\/\/regiaonews.net.br\/2022\/2021\/11\/14\/sao-bernardo-fc-vence-o-botafogo-nos-penaltis-e-e-bicampeao\/","url":"https:\/\/regiaonews.net.br\/2022\/2021\/11\/14\/sao-bernardo-fc-vence-o-botafogo-nos-penaltis-e-e-bicampeao\/","name":"S\u00e3o Bernardo FC vence o Botafogo nos p\u00eanaltis e \u00e9 bicampe\u00e3o - Regi\u00e3o News","isPartOf":{"@id":"https:\/\/regiaonews.net.br\/2022\/#website"},"primaryImageOfPage":{"@id":"https:\/\/regiaonews.net.br\/2022\/2021\/11\/14\/sao-bernardo-fc-vence-o-botafogo-nos-penaltis-e-e-bicampeao\/#primaryimage"},"image":{"@id":"https:\/\/regiaonews.net.br\/2022\/2021\/11\/14\/sao-bernardo-fc-vence-o-botafogo-nos-penaltis-e-e-bicampeao\/#primaryimage"},"thumbnailUrl":"https:\/\/regiaonews.net.br\/2022\/wp-content\/uploads\/2021\/11\/2EC829A4_905B_491E_8287_719CE1923DF8.jpeg","datePublished":"2021-11-14T19:40:15+00:00","breadcrumb":{"@id":"https:\/\/regiaonews.net.br\/2022\/2021\/11\/14\/sao-bernardo-fc-vence-o-botafogo-nos-penaltis-e-e-bicampeao\/#breadcrumb"},"inLanguage":"pt-BR","potentialAction":[{"@type":"ReadAction","target":["https:\/\/regiaonews.net.br\/2022\/2021\/11\/14\/sao-bernardo-fc-vence-o-botafogo-nos-penaltis-e-e-bicampeao\/"]}]},{"@type":"ImageObject","inLanguage":"pt-BR","@id":"https:\/\/regiaonews.net.br\/2022\/2021\/11\/14\/sao-bernardo-fc-vence-o-botafogo-nos-penaltis-e-e-bicampeao\/#primaryimage","url":"https:\/\/regiaonews.net.br\/2022\/wp-content\/uploads\/2021\/11\/2EC829A4_905B_491E_8287_719CE1923DF8.jpeg","contentUrl":"https:\/\/regiaonews.net.br\/2022\/wp-content\/uploads\/2021\/11\/2EC829A4_905B_491E_8287_719CE1923DF8.jpeg","width":850,"height":1280},{"@type":"BreadcrumbList","@id":"https:\/\/regiaonews.net.br\/2022\/2021\/11\/14\/sao-bernardo-fc-vence-o-botafogo-nos-penaltis-e-e-bicampeao\/#breadcrumb","itemListElement":[{"@type":"ListItem","position":1,"name":"In\u00edcio","item":"https:\/\/regiaonews.net.br\/2022\/"},{"@type":"ListItem","position":2,"name":"S\u00e3o Bernardo FC vence o Botafogo nos p\u00eanaltis e \u00e9 bicampe\u00e3o"}]},{"@type":"WebSite","@id":"https:\/\/regiaonews.net.br\/2022\/#website","url":"https:\/\/regiaonews.net.br\/2022\/","name":"Regi\u00e3o News","description":"Site de Not\u00edcias de Barretos e regi\u00e3o","publisher":{"@id":"https:\/\/regiaonews.net.br\/2022\/#organization"},"potentialAction":[{"@type":"SearchAction","target":{"@type":"EntryPoint","urlTemplate":"https:\/\/regiaonews.net.br\/2022\/?s={search_term_string}"},"query-input":{"@type":"PropertyValueSpecification","valueRequired":true,"valueName":"search_term_string"}}],"inLanguage":"pt-BR"},{"@type":"Organization","@id":"https:\/\/regiaonews.net.br\/2022\/#organization","name":"Regi\u00e3o News","url":"https:\/\/regiaonews.net.br\/2022\/","logo":{"@type":"ImageObject","inLanguage":"pt-BR","@id":"https:\/\/regiaonews.net.br\/2022\/#\/schema\/logo\/image\/","url":"https:\/\/regiaonews.net.br\/2022\/wp-content\/uploads\/2026\/03\/regiao-13-anos-scaled.jpg","contentUrl":"https:\/\/regiaonews.net.br\/2022\/wp-content\/uploads\/2026\/03\/regiao-13-anos-scaled.jpg","width":2560,"height":635,"caption":"Regi\u00e3o News"},"image":{"@id":"https:\/\/regiaonews.net.br\/2022\/#\/schema\/logo\/image\/"}},{"@type":"Person","@id":"https:\/\/regiaonews.net.br\/2022\/#\/schema\/person\/2d205a608a5aa97ac279d7a5e6d89ad8","name":"Roberto","image":{"@type":"ImageObject","inLanguage":"pt-BR","@id":"https:\/\/secure.gravatar.com\/avatar\/42749d8b712ff9d59ca93dc150494e5b55a44134482993f5baeb97e61b7ecc89?s=96&d=mm&r=g","url":"https:\/\/secure.gravatar.com\/avatar\/42749d8b712ff9d59ca93dc150494e5b55a44134482993f5baeb97e61b7ecc89?s=96&d=mm&r=g","contentUrl":"https:\/\/secure.gravatar.com\/avatar\/42749d8b712ff9d59ca93dc150494e5b55a44134482993f5baeb97e61b7ecc89?s=96&d=mm&r=g","caption":"Roberto"},"url":"https:\/\/regiaonews.net.br\/2022\/author\/roberto\/"}]}},"publishpress_future_action":{"enabled":false,"date":"2026-05-04 00:20:24","action":"change-status","newStatus":"draft","terms":[],"taxonomy":"category","extraData":[]},"publishpress_future_workflow_manual_trigger":{"enabledWorkflows":[]},"_links":{"self":[{"href":"https:\/\/regiaonews.net.br\/2022\/wp-json\/wp\/v2\/posts\/56243","targetHints":{"allow":["GET"]}}],"collection":[{"href":"https:\/\/regiaonews.net.br\/2022\/wp-json\/wp\/v2\/posts"}],"about":[{"href":"https:\/\/regiaonews.net.br\/2022\/wp-json\/wp\/v2\/types\/post"}],"author":[{"embeddable":true,"href":"https:\/\/regiaonews.net.br\/2022\/wp-json\/wp\/v2\/users\/2"}],"replies":[{"embeddable":true,"href":"https:\/\/regiaonews.net.br\/2022\/wp-json\/wp\/v2\/comments?post=56243"}],"version-history":[{"count":0,"href":"https:\/\/regiaonews.net.br\/2022\/wp-json\/wp\/v2\/posts\/56243\/revisions"}],"wp:featuredmedia":[{"embeddable":true,"href":"https:\/\/regiaonews.net.br\/2022\/wp-json\/wp\/v2\/media\/56244"}],"wp:attachment":[{"href":"https:\/\/regiaonews.net.br\/2022\/wp-json\/wp\/v2\/media?parent=56243"}],"wp:term":[{"taxonomy":"category","embeddable":true,"href":"https:\/\/regiaonews.net.br\/2022\/wp-json\/wp\/v2\/categories?post=56243"},{"taxonomy":"post_tag","embeddable":true,"href":"https:\/\/regiaonews.net.br\/2022\/wp-json\/wp\/v2\/tags?post=56243"}],"curies":[{"name":"wp","href":"https:\/\/api.w.org\/{rel}","templated":true}]}}