{"id":56235,"date":"2021-11-14T12:16:18","date_gmt":"2021-11-14T15:16:18","guid":{"rendered":"https:\/\/regiaonews.net.br\/2022\/?p=56235"},"modified":"2021-11-14T13:01:36","modified_gmt":"2021-11-14T16:01:36","slug":"onca-parda-do-zoologico-nao-resistiu-a-operacao-da-cauda","status":"publish","type":"post","link":"https:\/\/regiaonews.net.br\/2022\/2021\/11\/14\/onca-parda-do-zoologico-nao-resistiu-a-operacao-da-cauda\/","title":{"rendered":"On\u00e7a parda do zool\u00f3gico de Gua\u00edra morre ap\u00f3s  opera\u00e7\u00e3o da cauda"},"content":{"rendered":"<p><a href=\"https:\/\/regiaonews.net.br\/2022\/wp-content\/uploads\/2021\/11\/IMG-20211114-WA0172.jpg\"><img loading=\"lazy\" decoding=\"async\" class=\"alignnone size-medium wp-image-56236\" src=\"https:\/\/regiaonews.net.br\/2022\/wp-content\/uploads\/2021\/11\/IMG-20211114-WA0172-300x288.jpg\" alt=\"\" width=\"300\" height=\"288\" \/><\/a> <a href=\"https:\/\/regiaonews.net.br\/2022\/wp-content\/uploads\/2021\/11\/IMG-20211114-WA0170.jpg\"><img loading=\"lazy\" decoding=\"async\" class=\"alignnone size-medium wp-image-56237\" src=\"https:\/\/regiaonews.net.br\/2022\/wp-content\/uploads\/2021\/11\/IMG-20211114-WA0170-300x169.jpg\" alt=\"\" width=\"300\" height=\"169\" \/><\/a> <a href=\"https:\/\/regiaonews.net.br\/2022\/wp-content\/uploads\/2021\/11\/IMG-20211114-WA0171.jpg\"><img loading=\"lazy\" decoding=\"async\" class=\"alignnone size-medium wp-image-56238\" src=\"https:\/\/regiaonews.net.br\/2022\/wp-content\/uploads\/2021\/11\/IMG-20211114-WA0171-300x138.jpg\" alt=\"\" width=\"300\" height=\"138\" \/><\/a><\/p>\n<p>&nbsp;<\/p>\n<p>Depois de uma cirurgia na cauda feita ontem pela equipe de especialistas da Unesp de Jaboticabal para tratar de um ferimento, a on\u00e7a Shena n\u00e3o conseguiu recuperar-se da anestesia e morreu hoje \u00e0s 6h30 no Zool\u00f3gico Joaquim Garcia Franco, em Gua\u00edra. A on\u00e7a vivia no zool\u00f3gico desde que foi encontrada ainda filhote com sinais de queimadura, depois de perder a m\u00e3e em um inc\u00eandio em canavial. O filhote foi resgatado e encaminhado pela Pol\u00edcia Ambiental ao zool\u00f3gico de Gua\u00edra, \u00fanico ponto de refer\u00eancia da regi\u00e3o para acolhimento de animais silvestres.<br \/>\nA on\u00e7a foi operada ontem no seu pr\u00f3prio recinto no zool\u00f3gico pela equipe da Unesp mobilizada pelos titulares das secretarias da Agricultura e do Meio Ambiente juntamente com o Zool\u00f3gico. Eles trouxeram a equipe de especialistas que desaconselharam o transporte do animal para fora do zool\u00f3gico, para evitar sofrimento. O procedimento utilizado foi a amputa\u00e7\u00e3o da cauda de Shena, que j\u00e1 havia sido operada em 2018 por conta de uma massa \u00f3ssea no \u00famero, sentia dor e mancava desde ent\u00e3o.<br \/>\nO tratamento de um animal silvestre, segundo os professores da Unesp, s\u00f3 poderia ser feito atrav\u00e9s de amputa\u00e7\u00e3o, dada a dificuldade de cicatriza\u00e7\u00e3o se o ferimento fosse unicamente tratado. A informa\u00e7\u00e3o foi fornecida pela bi\u00f3loga Ana Paula Chaves Campos, que trabalha no zool\u00f3gico h\u00e1 8 anos e da secret\u00e1ria do Meio Ambiente, Estefane Siqueira. A veterin\u00e1ria Marina Trist\u00e3o j\u00e1 havia medicado Shena antes e acompanhou a cirurgia.<br \/>\nO procedimento foi o seguinte: no s\u00e1bado \u00e0s 7h, a Prefeitura providenciou transporte para a vinda da equipe da unversidade, que chegou \u00e0s 12h. O ambiente da opera\u00e7\u00e3o foi preparado com toda assepsia do local onde a on\u00e7a morava e a interven\u00e7\u00e3o teve in\u00edcio \u00e0s 13h. Terminou \u00e0s 17h.<\/p>\n<p>&nbsp;<\/p>\n<p><a href=\"https:\/\/regiaonews.net.br\/2022\/wp-content\/uploads\/2021\/11\/IMG-20211112-WA0399.jpg\"><img loading=\"lazy\" decoding=\"async\" class=\"alignnone size-medium wp-image-56213\" src=\"https:\/\/regiaonews.net.br\/2022\/wp-content\/uploads\/2021\/11\/IMG-20211112-WA0399-300x225.jpg\" alt=\"\" width=\"300\" height=\"225\" \/><\/a><br \/>\nA on\u00e7a passou bem pela cirurgia, entrou em repouso; estava reagindo bem, voltando aos poucos, mas, hoje \u00e0s 6h30 n\u00e3o resistiu.<br \/>\nA bi\u00f3loga Ana Paula explicou que na vida silvestre, uma on\u00e7a parda vive at\u00e9 8 a 12 anos. Shena tinha 13 anos (em cativeiro, a vida \u00e9 mais longa). Por conta da idade ela n\u00e3o suportou o mix de anest\u00e9sico levando em conta o n\u00edvel de adrenalina que existe em animais com vida no cativeiro. O anestesista do procedimento cir\u00fargico foi Rafael Romeu Ferreira Diniz. dois cirurgi\u00f5es optaram pela amputa\u00e7\u00e3o da cauda porque a ferida seria dif\u00edcil tratar por conta do inc\u00f4modo que irritaria o animal. Ambos foram supervisionados pelo doutor Jos\u00e9 Maur\u00edcio Barbanti Duarte, professor assistente da Unesp que trabalha no setor de zootecnia.<br \/>\nA pequena on\u00e7a, que chegou chamuscada pelo inc\u00eandio h\u00e1 13 anos nunca teve uma vida livre. Passou todo esse tempo sob os cuidados da equipe do zool\u00f3gico municipal de Gua\u00edra. H\u00e1 seis meses passou por uma outra cirurgia pela equipe da Unesp para tratar de uma massa \u00f3ssea no \u00famero, da qual n\u00e3o se recuperou totalmente, por isso, caminhava com dificuldade. Seu corpo est\u00e1 sendo preservado sob refrigera\u00e7\u00e3o com vistas a passar por um processo de taxidermia e se, antes, servia para observa\u00e7\u00e3o movimentando-se em local fechado, ser\u00e1 empalhado e passar\u00e1 a servir para educa\u00e7\u00e3o ambiental, segundo a chefe do setor de Meio Ambiente, Estefane Siqueira e a bi\u00f3loga Ana Paula Chaves Campos.<\/p>\n<p><a href=\"https:\/\/regiaonews.net.br\/2022\/wp-content\/uploads\/2021\/11\/WhatsApp-Image-2021-11-04-at-13.52.13-2-2.jpeg\"><img loading=\"lazy\" decoding=\"async\" class=\"alignnone size-medium wp-image-56155\" src=\"https:\/\/regiaonews.net.br\/2022\/wp-content\/uploads\/2021\/11\/WhatsApp-Image-2021-11-04-at-13.52.13-2-2-300x300.jpeg\" alt=\"\" width=\"300\" height=\"300\" \/><\/a><\/p>\n","protected":false},"excerpt":{"rendered":"<p>&nbsp; Depois de uma cirurgia na cauda feita ontem pela<\/p>\n","protected":false},"author":2,"featured_media":56236,"comment_status":"open","ping_status":"open","sticky":false,"template":"","format":"standard","meta":{"footnotes":""},"categories":[25,8],"tags":[],"class_list":["post-56235","post","type-post","status-publish","format-standard","has-post-thumbnail","hentry","category-cidades","category-guaira"],"yoast_head":"<!-- This site is optimized with the Yoast SEO plugin v27.4 - https:\/\/yoast.com\/product\/yoast-seo-wordpress\/ -->\n<title>On\u00e7a parda do zool\u00f3gico de Gua\u00edra morre ap\u00f3s opera\u00e7\u00e3o da cauda - Regi\u00e3o News<\/title>\n<meta name=\"robots\" content=\"index, follow, max-snippet:-1, max-image-preview:large, max-video-preview:-1\" \/>\n<link rel=\"canonical\" href=\"https:\/\/regiaonews.net.br\/2022\/2021\/11\/14\/onca-parda-do-zoologico-nao-resistiu-a-operacao-da-cauda\/\" \/>\n<meta property=\"og:locale\" content=\"pt_BR\" \/>\n<meta property=\"og:type\" content=\"article\" \/>\n<meta property=\"og:title\" content=\"On\u00e7a parda do zool\u00f3gico de Gua\u00edra morre ap\u00f3s opera\u00e7\u00e3o da cauda - Regi\u00e3o News\" \/>\n<meta property=\"og:description\" content=\"&nbsp; Depois de uma cirurgia na cauda feita ontem pela\" \/>\n<meta property=\"og:url\" content=\"https:\/\/regiaonews.net.br\/2022\/2021\/11\/14\/onca-parda-do-zoologico-nao-resistiu-a-operacao-da-cauda\/\" \/>\n<meta property=\"og:site_name\" content=\"Regi\u00e3o News\" \/>\n<meta property=\"article:published_time\" content=\"2021-11-14T15:16:18+00:00\" \/>\n<meta property=\"article:modified_time\" content=\"2021-11-14T16:01:36+00:00\" \/>\n<meta property=\"og:image\" content=\"https:\/\/regiaonews.net.br\/2022\/wp-content\/uploads\/2021\/11\/IMG-20211114-WA0172.jpg\" \/>\n\t<meta property=\"og:image:width\" content=\"1154\" \/>\n\t<meta property=\"og:image:height\" content=\"1109\" \/>\n\t<meta property=\"og:image:type\" content=\"image\/jpeg\" \/>\n<meta name=\"author\" content=\"Roberto\" \/>\n<meta name=\"twitter:card\" content=\"summary_large_image\" \/>\n<meta name=\"twitter:image\" content=\"https:\/\/regiaonews.net.br\/2022\/wp-content\/uploads\/2021\/11\/IMG-20211114-WA0172.jpg\" \/>\n<meta name=\"twitter:label1\" content=\"Escrito por\" \/>\n\t<meta name=\"twitter:data1\" content=\"Roberto\" \/>\n\t<meta name=\"twitter:label2\" content=\"Est. tempo de leitura\" \/>\n\t<meta name=\"twitter:data2\" content=\"3 minutos\" \/>\n<script type=\"application\/ld+json\" class=\"yoast-schema-graph\">{\"@context\":\"https:\\\/\\\/schema.org\",\"@graph\":[{\"@type\":\"Article\",\"@id\":\"https:\\\/\\\/regiaonews.net.br\\\/2022\\\/2021\\\/11\\\/14\\\/onca-parda-do-zoologico-nao-resistiu-a-operacao-da-cauda\\\/#article\",\"isPartOf\":{\"@id\":\"https:\\\/\\\/regiaonews.net.br\\\/2022\\\/2021\\\/11\\\/14\\\/onca-parda-do-zoologico-nao-resistiu-a-operacao-da-cauda\\\/\"},\"author\":{\"name\":\"Roberto\",\"@id\":\"https:\\\/\\\/regiaonews.net.br\\\/2022\\\/#\\\/schema\\\/person\\\/2d205a608a5aa97ac279d7a5e6d89ad8\"},\"headline\":\"On\u00e7a parda do zool\u00f3gico de Gua\u00edra morre ap\u00f3s opera\u00e7\u00e3o da cauda\",\"datePublished\":\"2021-11-14T15:16:18+00:00\",\"dateModified\":\"2021-11-14T16:01:36+00:00\",\"mainEntityOfPage\":{\"@id\":\"https:\\\/\\\/regiaonews.net.br\\\/2022\\\/2021\\\/11\\\/14\\\/onca-parda-do-zoologico-nao-resistiu-a-operacao-da-cauda\\\/\"},\"wordCount\":592,\"commentCount\":0,\"publisher\":{\"@id\":\"https:\\\/\\\/regiaonews.net.br\\\/2022\\\/#organization\"},\"image\":{\"@id\":\"https:\\\/\\\/regiaonews.net.br\\\/2022\\\/2021\\\/11\\\/14\\\/onca-parda-do-zoologico-nao-resistiu-a-operacao-da-cauda\\\/#primaryimage\"},\"thumbnailUrl\":\"https:\\\/\\\/regiaonews.net.br\\\/2022\\\/wp-content\\\/uploads\\\/2021\\\/11\\\/IMG-20211114-WA0172.jpg\",\"articleSection\":[\"Cidades\",\"Gua\u00edra\"],\"inLanguage\":\"pt-BR\",\"potentialAction\":[{\"@type\":\"CommentAction\",\"name\":\"Comment\",\"target\":[\"https:\\\/\\\/regiaonews.net.br\\\/2022\\\/2021\\\/11\\\/14\\\/onca-parda-do-zoologico-nao-resistiu-a-operacao-da-cauda\\\/#respond\"]}]},{\"@type\":\"WebPage\",\"@id\":\"https:\\\/\\\/regiaonews.net.br\\\/2022\\\/2021\\\/11\\\/14\\\/onca-parda-do-zoologico-nao-resistiu-a-operacao-da-cauda\\\/\",\"url\":\"https:\\\/\\\/regiaonews.net.br\\\/2022\\\/2021\\\/11\\\/14\\\/onca-parda-do-zoologico-nao-resistiu-a-operacao-da-cauda\\\/\",\"name\":\"On\u00e7a parda do zool\u00f3gico de Gua\u00edra morre ap\u00f3s opera\u00e7\u00e3o da cauda - Regi\u00e3o News\",\"isPartOf\":{\"@id\":\"https:\\\/\\\/regiaonews.net.br\\\/2022\\\/#website\"},\"primaryImageOfPage\":{\"@id\":\"https:\\\/\\\/regiaonews.net.br\\\/2022\\\/2021\\\/11\\\/14\\\/onca-parda-do-zoologico-nao-resistiu-a-operacao-da-cauda\\\/#primaryimage\"},\"image\":{\"@id\":\"https:\\\/\\\/regiaonews.net.br\\\/2022\\\/2021\\\/11\\\/14\\\/onca-parda-do-zoologico-nao-resistiu-a-operacao-da-cauda\\\/#primaryimage\"},\"thumbnailUrl\":\"https:\\\/\\\/regiaonews.net.br\\\/2022\\\/wp-content\\\/uploads\\\/2021\\\/11\\\/IMG-20211114-WA0172.jpg\",\"datePublished\":\"2021-11-14T15:16:18+00:00\",\"dateModified\":\"2021-11-14T16:01:36+00:00\",\"breadcrumb\":{\"@id\":\"https:\\\/\\\/regiaonews.net.br\\\/2022\\\/2021\\\/11\\\/14\\\/onca-parda-do-zoologico-nao-resistiu-a-operacao-da-cauda\\\/#breadcrumb\"},\"inLanguage\":\"pt-BR\",\"potentialAction\":[{\"@type\":\"ReadAction\",\"target\":[\"https:\\\/\\\/regiaonews.net.br\\\/2022\\\/2021\\\/11\\\/14\\\/onca-parda-do-zoologico-nao-resistiu-a-operacao-da-cauda\\\/\"]}]},{\"@type\":\"ImageObject\",\"inLanguage\":\"pt-BR\",\"@id\":\"https:\\\/\\\/regiaonews.net.br\\\/2022\\\/2021\\\/11\\\/14\\\/onca-parda-do-zoologico-nao-resistiu-a-operacao-da-cauda\\\/#primaryimage\",\"url\":\"https:\\\/\\\/regiaonews.net.br\\\/2022\\\/wp-content\\\/uploads\\\/2021\\\/11\\\/IMG-20211114-WA0172.jpg\",\"contentUrl\":\"https:\\\/\\\/regiaonews.net.br\\\/2022\\\/wp-content\\\/uploads\\\/2021\\\/11\\\/IMG-20211114-WA0172.jpg\",\"width\":1154,\"height\":1109},{\"@type\":\"BreadcrumbList\",\"@id\":\"https:\\\/\\\/regiaonews.net.br\\\/2022\\\/2021\\\/11\\\/14\\\/onca-parda-do-zoologico-nao-resistiu-a-operacao-da-cauda\\\/#breadcrumb\",\"itemListElement\":[{\"@type\":\"ListItem\",\"position\":1,\"name\":\"In\u00edcio\",\"item\":\"https:\\\/\\\/regiaonews.net.br\\\/2022\\\/\"},{\"@type\":\"ListItem\",\"position\":2,\"name\":\"On\u00e7a parda do zool\u00f3gico de Gua\u00edra morre ap\u00f3s opera\u00e7\u00e3o da cauda\"}]},{\"@type\":\"WebSite\",\"@id\":\"https:\\\/\\\/regiaonews.net.br\\\/2022\\\/#website\",\"url\":\"https:\\\/\\\/regiaonews.net.br\\\/2022\\\/\",\"name\":\"Regi\u00e3o News\",\"description\":\"Site de Not\u00edcias de Barretos e regi\u00e3o\",\"publisher\":{\"@id\":\"https:\\\/\\\/regiaonews.net.br\\\/2022\\\/#organization\"},\"potentialAction\":[{\"@type\":\"SearchAction\",\"target\":{\"@type\":\"EntryPoint\",\"urlTemplate\":\"https:\\\/\\\/regiaonews.net.br\\\/2022\\\/?s={search_term_string}\"},\"query-input\":{\"@type\":\"PropertyValueSpecification\",\"valueRequired\":true,\"valueName\":\"search_term_string\"}}],\"inLanguage\":\"pt-BR\"},{\"@type\":\"Organization\",\"@id\":\"https:\\\/\\\/regiaonews.net.br\\\/2022\\\/#organization\",\"name\":\"Regi\u00e3o News\",\"url\":\"https:\\\/\\\/regiaonews.net.br\\\/2022\\\/\",\"logo\":{\"@type\":\"ImageObject\",\"inLanguage\":\"pt-BR\",\"@id\":\"https:\\\/\\\/regiaonews.net.br\\\/2022\\\/#\\\/schema\\\/logo\\\/image\\\/\",\"url\":\"https:\\\/\\\/regiaonews.net.br\\\/2022\\\/wp-content\\\/uploads\\\/2026\\\/03\\\/regiao-13-anos-scaled.jpg\",\"contentUrl\":\"https:\\\/\\\/regiaonews.net.br\\\/2022\\\/wp-content\\\/uploads\\\/2026\\\/03\\\/regiao-13-anos-scaled.jpg\",\"width\":2560,\"height\":635,\"caption\":\"Regi\u00e3o News\"},\"image\":{\"@id\":\"https:\\\/\\\/regiaonews.net.br\\\/2022\\\/#\\\/schema\\\/logo\\\/image\\\/\"}},{\"@type\":\"Person\",\"@id\":\"https:\\\/\\\/regiaonews.net.br\\\/2022\\\/#\\\/schema\\\/person\\\/2d205a608a5aa97ac279d7a5e6d89ad8\",\"name\":\"Roberto\",\"image\":{\"@type\":\"ImageObject\",\"inLanguage\":\"pt-BR\",\"@id\":\"https:\\\/\\\/secure.gravatar.com\\\/avatar\\\/42749d8b712ff9d59ca93dc150494e5b55a44134482993f5baeb97e61b7ecc89?s=96&d=mm&r=g\",\"url\":\"https:\\\/\\\/secure.gravatar.com\\\/avatar\\\/42749d8b712ff9d59ca93dc150494e5b55a44134482993f5baeb97e61b7ecc89?s=96&d=mm&r=g\",\"contentUrl\":\"https:\\\/\\\/secure.gravatar.com\\\/avatar\\\/42749d8b712ff9d59ca93dc150494e5b55a44134482993f5baeb97e61b7ecc89?s=96&d=mm&r=g\",\"caption\":\"Roberto\"},\"url\":\"https:\\\/\\\/regiaonews.net.br\\\/2022\\\/author\\\/roberto\\\/\"}]}<\/script>\n<!-- \/ Yoast SEO plugin. -->","yoast_head_json":{"title":"On\u00e7a parda do zool\u00f3gico de Gua\u00edra morre ap\u00f3s opera\u00e7\u00e3o da cauda - Regi\u00e3o News","robots":{"index":"index","follow":"follow","max-snippet":"max-snippet:-1","max-image-preview":"max-image-preview:large","max-video-preview":"max-video-preview:-1"},"canonical":"https:\/\/regiaonews.net.br\/2022\/2021\/11\/14\/onca-parda-do-zoologico-nao-resistiu-a-operacao-da-cauda\/","og_locale":"pt_BR","og_type":"article","og_title":"On\u00e7a parda do zool\u00f3gico de Gua\u00edra morre ap\u00f3s opera\u00e7\u00e3o da cauda - Regi\u00e3o News","og_description":"&nbsp; Depois de uma cirurgia na cauda feita ontem pela","og_url":"https:\/\/regiaonews.net.br\/2022\/2021\/11\/14\/onca-parda-do-zoologico-nao-resistiu-a-operacao-da-cauda\/","og_site_name":"Regi\u00e3o News","article_published_time":"2021-11-14T15:16:18+00:00","article_modified_time":"2021-11-14T16:01:36+00:00","og_image":[{"width":1154,"height":1109,"url":"https:\/\/regiaonews.net.br\/2022\/wp-content\/uploads\/2021\/11\/IMG-20211114-WA0172.jpg","type":"image\/jpeg"}],"author":"Roberto","twitter_card":"summary_large_image","twitter_image":"https:\/\/regiaonews.net.br\/2022\/wp-content\/uploads\/2021\/11\/IMG-20211114-WA0172.jpg","twitter_misc":{"Escrito por":"Roberto","Est. tempo de leitura":"3 minutos"},"schema":{"@context":"https:\/\/schema.org","@graph":[{"@type":"Article","@id":"https:\/\/regiaonews.net.br\/2022\/2021\/11\/14\/onca-parda-do-zoologico-nao-resistiu-a-operacao-da-cauda\/#article","isPartOf":{"@id":"https:\/\/regiaonews.net.br\/2022\/2021\/11\/14\/onca-parda-do-zoologico-nao-resistiu-a-operacao-da-cauda\/"},"author":{"name":"Roberto","@id":"https:\/\/regiaonews.net.br\/2022\/#\/schema\/person\/2d205a608a5aa97ac279d7a5e6d89ad8"},"headline":"On\u00e7a parda do zool\u00f3gico de Gua\u00edra morre ap\u00f3s opera\u00e7\u00e3o da cauda","datePublished":"2021-11-14T15:16:18+00:00","dateModified":"2021-11-14T16:01:36+00:00","mainEntityOfPage":{"@id":"https:\/\/regiaonews.net.br\/2022\/2021\/11\/14\/onca-parda-do-zoologico-nao-resistiu-a-operacao-da-cauda\/"},"wordCount":592,"commentCount":0,"publisher":{"@id":"https:\/\/regiaonews.net.br\/2022\/#organization"},"image":{"@id":"https:\/\/regiaonews.net.br\/2022\/2021\/11\/14\/onca-parda-do-zoologico-nao-resistiu-a-operacao-da-cauda\/#primaryimage"},"thumbnailUrl":"https:\/\/regiaonews.net.br\/2022\/wp-content\/uploads\/2021\/11\/IMG-20211114-WA0172.jpg","articleSection":["Cidades","Gua\u00edra"],"inLanguage":"pt-BR","potentialAction":[{"@type":"CommentAction","name":"Comment","target":["https:\/\/regiaonews.net.br\/2022\/2021\/11\/14\/onca-parda-do-zoologico-nao-resistiu-a-operacao-da-cauda\/#respond"]}]},{"@type":"WebPage","@id":"https:\/\/regiaonews.net.br\/2022\/2021\/11\/14\/onca-parda-do-zoologico-nao-resistiu-a-operacao-da-cauda\/","url":"https:\/\/regiaonews.net.br\/2022\/2021\/11\/14\/onca-parda-do-zoologico-nao-resistiu-a-operacao-da-cauda\/","name":"On\u00e7a parda do zool\u00f3gico de Gua\u00edra morre ap\u00f3s opera\u00e7\u00e3o da cauda - Regi\u00e3o News","isPartOf":{"@id":"https:\/\/regiaonews.net.br\/2022\/#website"},"primaryImageOfPage":{"@id":"https:\/\/regiaonews.net.br\/2022\/2021\/11\/14\/onca-parda-do-zoologico-nao-resistiu-a-operacao-da-cauda\/#primaryimage"},"image":{"@id":"https:\/\/regiaonews.net.br\/2022\/2021\/11\/14\/onca-parda-do-zoologico-nao-resistiu-a-operacao-da-cauda\/#primaryimage"},"thumbnailUrl":"https:\/\/regiaonews.net.br\/2022\/wp-content\/uploads\/2021\/11\/IMG-20211114-WA0172.jpg","datePublished":"2021-11-14T15:16:18+00:00","dateModified":"2021-11-14T16:01:36+00:00","breadcrumb":{"@id":"https:\/\/regiaonews.net.br\/2022\/2021\/11\/14\/onca-parda-do-zoologico-nao-resistiu-a-operacao-da-cauda\/#breadcrumb"},"inLanguage":"pt-BR","potentialAction":[{"@type":"ReadAction","target":["https:\/\/regiaonews.net.br\/2022\/2021\/11\/14\/onca-parda-do-zoologico-nao-resistiu-a-operacao-da-cauda\/"]}]},{"@type":"ImageObject","inLanguage":"pt-BR","@id":"https:\/\/regiaonews.net.br\/2022\/2021\/11\/14\/onca-parda-do-zoologico-nao-resistiu-a-operacao-da-cauda\/#primaryimage","url":"https:\/\/regiaonews.net.br\/2022\/wp-content\/uploads\/2021\/11\/IMG-20211114-WA0172.jpg","contentUrl":"https:\/\/regiaonews.net.br\/2022\/wp-content\/uploads\/2021\/11\/IMG-20211114-WA0172.jpg","width":1154,"height":1109},{"@type":"BreadcrumbList","@id":"https:\/\/regiaonews.net.br\/2022\/2021\/11\/14\/onca-parda-do-zoologico-nao-resistiu-a-operacao-da-cauda\/#breadcrumb","itemListElement":[{"@type":"ListItem","position":1,"name":"In\u00edcio","item":"https:\/\/regiaonews.net.br\/2022\/"},{"@type":"ListItem","position":2,"name":"On\u00e7a parda do zool\u00f3gico de Gua\u00edra morre ap\u00f3s opera\u00e7\u00e3o da cauda"}]},{"@type":"WebSite","@id":"https:\/\/regiaonews.net.br\/2022\/#website","url":"https:\/\/regiaonews.net.br\/2022\/","name":"Regi\u00e3o News","description":"Site de Not\u00edcias de Barretos e regi\u00e3o","publisher":{"@id":"https:\/\/regiaonews.net.br\/2022\/#organization"},"potentialAction":[{"@type":"SearchAction","target":{"@type":"EntryPoint","urlTemplate":"https:\/\/regiaonews.net.br\/2022\/?s={search_term_string}"},"query-input":{"@type":"PropertyValueSpecification","valueRequired":true,"valueName":"search_term_string"}}],"inLanguage":"pt-BR"},{"@type":"Organization","@id":"https:\/\/regiaonews.net.br\/2022\/#organization","name":"Regi\u00e3o News","url":"https:\/\/regiaonews.net.br\/2022\/","logo":{"@type":"ImageObject","inLanguage":"pt-BR","@id":"https:\/\/regiaonews.net.br\/2022\/#\/schema\/logo\/image\/","url":"https:\/\/regiaonews.net.br\/2022\/wp-content\/uploads\/2026\/03\/regiao-13-anos-scaled.jpg","contentUrl":"https:\/\/regiaonews.net.br\/2022\/wp-content\/uploads\/2026\/03\/regiao-13-anos-scaled.jpg","width":2560,"height":635,"caption":"Regi\u00e3o News"},"image":{"@id":"https:\/\/regiaonews.net.br\/2022\/#\/schema\/logo\/image\/"}},{"@type":"Person","@id":"https:\/\/regiaonews.net.br\/2022\/#\/schema\/person\/2d205a608a5aa97ac279d7a5e6d89ad8","name":"Roberto","image":{"@type":"ImageObject","inLanguage":"pt-BR","@id":"https:\/\/secure.gravatar.com\/avatar\/42749d8b712ff9d59ca93dc150494e5b55a44134482993f5baeb97e61b7ecc89?s=96&d=mm&r=g","url":"https:\/\/secure.gravatar.com\/avatar\/42749d8b712ff9d59ca93dc150494e5b55a44134482993f5baeb97e61b7ecc89?s=96&d=mm&r=g","contentUrl":"https:\/\/secure.gravatar.com\/avatar\/42749d8b712ff9d59ca93dc150494e5b55a44134482993f5baeb97e61b7ecc89?s=96&d=mm&r=g","caption":"Roberto"},"url":"https:\/\/regiaonews.net.br\/2022\/author\/roberto\/"}]}},"publishpress_future_action":{"enabled":false,"date":"2026-05-04 00:20:16","action":"change-status","newStatus":"draft","terms":[],"taxonomy":"category","extraData":[]},"publishpress_future_workflow_manual_trigger":{"enabledWorkflows":[]},"_links":{"self":[{"href":"https:\/\/regiaonews.net.br\/2022\/wp-json\/wp\/v2\/posts\/56235","targetHints":{"allow":["GET"]}}],"collection":[{"href":"https:\/\/regiaonews.net.br\/2022\/wp-json\/wp\/v2\/posts"}],"about":[{"href":"https:\/\/regiaonews.net.br\/2022\/wp-json\/wp\/v2\/types\/post"}],"author":[{"embeddable":true,"href":"https:\/\/regiaonews.net.br\/2022\/wp-json\/wp\/v2\/users\/2"}],"replies":[{"embeddable":true,"href":"https:\/\/regiaonews.net.br\/2022\/wp-json\/wp\/v2\/comments?post=56235"}],"version-history":[{"count":0,"href":"https:\/\/regiaonews.net.br\/2022\/wp-json\/wp\/v2\/posts\/56235\/revisions"}],"wp:featuredmedia":[{"embeddable":true,"href":"https:\/\/regiaonews.net.br\/2022\/wp-json\/wp\/v2\/media\/56236"}],"wp:attachment":[{"href":"https:\/\/regiaonews.net.br\/2022\/wp-json\/wp\/v2\/media?parent=56235"}],"wp:term":[{"taxonomy":"category","embeddable":true,"href":"https:\/\/regiaonews.net.br\/2022\/wp-json\/wp\/v2\/categories?post=56235"},{"taxonomy":"post_tag","embeddable":true,"href":"https:\/\/regiaonews.net.br\/2022\/wp-json\/wp\/v2\/tags?post=56235"}],"curies":[{"name":"wp","href":"https:\/\/api.w.org\/{rel}","templated":true}]}}